{"id":7971,"date":"2025-06-13T14:17:20","date_gmt":"2025-06-13T11:17:20","guid":{"rendered":"https:\/\/memurunsesi.net\/?p=7971"},"modified":"2025-06-13T14:17:20","modified_gmt":"2025-06-13T11:17:20","slug":"kayip-sehir-togu-balikta-arkeolojik-calismalar-devam-ediyor","status":"publish","type":"post","link":"https:\/\/memurunsesi.net\/index.php\/2025\/06\/13\/kayip-sehir-togu-balikta-arkeolojik-calismalar-devam-ediyor\/","title":{"rendered":"Kay\u0131p \u015eehir Togu Bal\u0131k\u2019ta arkeolojik \u00e7al\u0131\u015fmalar devam ediyor"},"content":{"rendered":"<p>   T\u00fcrk \u0130\u015fbirli\u011fi ve Koordinasyon Ajans\u0131 Ba\u015fkanl\u0131\u011f\u0131n\u0131n (T\u0130KA) deste\u011fiyle ke\u015ffedilen Dokuz O\u011fuzlar\u0131n kay\u0131p kenti Togu Bal\u0131k\u2019\u0131n ke\u015ffiyle kaz\u0131 \u00e7al\u0131\u015fmalar\u0131 devam ediyor.<br \/>\n  T\u0130KA\u2019n\u0131n deste\u011fiyle \u0130zmir Katip \u00c7elebi ve Mo\u011folistan Bilimler Akademisi i\u015f birli\u011finde 2024 y\u0131l\u0131nda ba\u015flayan ve Bilge Ka\u011fan ve K\u00fcl Tigin kitabelerinde ad\u0131 ge\u00e7en ancak bug\u00fcne kadar yeri tespit edilemeyen Dokuz O\u011fuzlar\u0131n kay\u0131p kenti Togu Bal\u0131k\u2019\u0131n ke\u015ffiyle kaz\u0131 \u00e7al\u0131\u015fmalar\u0131 devam ediyor. 30 ki\u015filik bir ekiple \u00e7ok y\u00f6nl\u00fc olarak devam eden \u00e7al\u0131\u015fmalarda arkeologlar, filologlar, jeomorfologlar ve botanik\u00e7iler birlikte \u00e7al\u0131\u015f\u0131yor. \u015eehri ve yak\u0131n \u00e7evresini farkl\u0131 a\u00e7\u0131lardan ortaya \u00e7\u0131karmaya ve anlamland\u0131rmaya \u00e7al\u0131\u015fan kaz\u0131 ekibi bu y\u0131l bir taraftan saray kal\u0131nt\u0131s\u0131 oldu\u011fu de\u011ferlendirilen yap\u0131 kal\u0131nt\u0131s\u0131nda \u00e7al\u0131\u015f\u0131rken di\u011fer taraftan da \u015fehrin \u00e7evresindeki kurganlarda kaz\u0131lar y\u00fcr\u00fct\u00fcyor. Kurgan kaz\u0131lar\u0131nda ama\u00e7 \u015fehirde meskun Dokuz O\u011fuzlar\u0131n mezarlar\u0131n\u0131 bularak \u00f6l\u00fc g\u00f6mme ve cenaze rit\u00fcelleriyle ilgili bilgi sahibi olmak.<br \/>\n  Kaz\u0131 \u00e7al\u0131\u015fmalar\u0131yla e\u015f zamanl\u0131 olarak devam eden y\u00fczey ara\u015ft\u0131rmalar\u0131nda \u015fehir \u00e7evresindeki petroglif, damga ve kitabeler tespit edilmeye \u00e7al\u0131\u015f\u0131l\u0131yor. Bu \u00e7al\u0131\u015fmalarla \u015fehrin kuruldu\u011fu b\u00f6lgenin tarihi durumu, bu co\u011frafyay\u0131 kullanan boylar da g\u00fcn y\u00fcz\u00fcne \u00e7\u0131kar\u0131lm\u0131\u015f olacak. <\/p>\n<p>  B\u00f6lgedeki tar\u0131msal faaliyetleri anlamak i\u00e7in sondajlar yap\u0131l\u0131yor<br \/>\n  \u00c7al\u0131\u015fma kapsam\u0131nda jeomorfologlar taraf\u0131ndan \u015fehir ve \u00e7evresinde de sondajlar yap\u0131l\u0131yor. Sondajlar\u0131n temel amac\u0131 b\u00f6lgede tarih boyunca ger\u00e7ekle\u015ftirilen tar\u0131msal faaliyetleri anlamak. E\u011fer b\u00f6lgede tar\u0131msal faaliyet yap\u0131lm\u0131\u015fsa sondajlar vas\u0131tas\u0131yla bitki tohumlar\u0131na ula\u015farak tar\u0131msal faaliyetlerin niteli\u011fini ortaya koymak. Yap\u0131lan sondajlar\u0131n iklim ve ortam de\u011fi\u015fimlerine dair veriler de sunmas\u0131 bekleniyor. Ekibin botanik uzman\u0131 \u00fcyeleri kaz\u0131 ve y\u00fczey ara\u015ft\u0131rmalar\u0131na ilaveten \u015fehir ve \u00e7evresinde devam eden \u00e7al\u0131\u015fmalarla Orta \u00c7a\u011fda yap\u0131ld\u0131\u011f\u0131 d\u00fc\u015f\u00fcn\u00fclen potansiyel tar\u0131m aktivitelerini ve yenilebilir bitki \u00e7e\u015fitlili\u011fi \u00fczerine ara\u015ft\u0131rmalar yap\u0131yor.<br \/>\n  T\u0130KA, kaz\u0131 \u00e7al\u0131\u015fmalar\u0131nda g\u00f6rev yapan uzman ve arkeloglar\u0131n bar\u0131nma ihtiya\u00e7lar\u0131n\u0131 kar\u015f\u0131lamak i\u00e7in \u00e7ad\u0131r kamp kurarak ihtiya\u00e7 duyulan arkeolojik malzeme ve ekipman deste\u011fi sa\u011flad\u0131. <\/p>\n<p>13.06.2025                                <\/p>\n","protected":false},"excerpt":{"rendered":"<p>T\u00fcrk \u0130\u015fbirli\u011fi ve Koordinasyon Ajans\u0131 Ba\u015fkanl\u0131\u011f\u0131n\u0131n (T\u0130KA) deste\u011fiyle ke\u015ffedilen Dokuz O\u011fuzlar\u0131n kay\u0131p kenti Togu Bal\u0131k\u2019\u0131n ke\u015ffiyle kaz\u0131 \u00e7al\u0131\u015fmalar\u0131 devam ediyor. T\u0130KA\u2019n\u0131n deste\u011fiyle \u0130zmir Katip \u00c7elebi ve Mo\u011folistan Bilimler Akademisi i\u015f birli\u011finde 2024 y\u0131l\u0131nda ba\u015flayan ve Bilge Ka\u011fan ve K\u00fcl Tigin kitabelerinde ad\u0131 ge\u00e7en ancak bug\u00fcne kadar yeri tespit edilemeyen Dokuz O\u011fuzlar\u0131n kay\u0131p kenti Togu Bal\u0131k\u2019\u0131n [&hellip;]<\/p>\n","protected":false},"author":1,"featured_media":7972,"comment_status":"open","ping_status":"open","sticky":false,"template":"","format":"standard","meta":{"footnotes":""},"categories":[1],"tags":[],"class_list":["post-7971","post","type-post","status-publish","format-standard","has-post-thumbnail","hentry","category-genel"],"yoast_head":"<!-- This site is optimized with the Yoast SEO plugin v27.4 - https:\/\/yoast.com\/product\/yoast-seo-wordpress\/ -->\n<title>Kay\u0131p \u015eehir Togu Bal\u0131k\u2019ta arkeolojik \u00e7al\u0131\u015fmalar devam ediyor - Memurun Sesi<\/title>\n<meta name=\"robots\" content=\"index, follow, max-snippet:-1, max-image-preview:large, max-video-preview:-1\" \/>\n<link rel=\"canonical\" href=\"https:\/\/memurunsesi.net\/index.php\/2025\/06\/13\/kayip-sehir-togu-balikta-arkeolojik-calismalar-devam-ediyor\/\" \/>\n<meta property=\"og:locale\" content=\"tr_TR\" \/>\n<meta property=\"og:type\" content=\"article\" \/>\n<meta property=\"og:title\" content=\"Kay\u0131p \u015eehir Togu Bal\u0131k\u2019ta arkeolojik \u00e7al\u0131\u015fmalar devam ediyor - Memurun Sesi\" \/>\n<meta property=\"og:description\" content=\"T\u00fcrk \u0130\u015fbirli\u011fi ve Koordinasyon Ajans\u0131 Ba\u015fkanl\u0131\u011f\u0131n\u0131n (T\u0130KA) deste\u011fiyle ke\u015ffedilen Dokuz O\u011fuzlar\u0131n kay\u0131p kenti Togu Bal\u0131k\u2019\u0131n ke\u015ffiyle kaz\u0131 \u00e7al\u0131\u015fmalar\u0131 devam ediyor. T\u0130KA\u2019n\u0131n deste\u011fiyle \u0130zmir Katip \u00c7elebi ve Mo\u011folistan Bilimler Akademisi i\u015f birli\u011finde 2024 y\u0131l\u0131nda ba\u015flayan ve Bilge Ka\u011fan ve K\u00fcl Tigin kitabelerinde ad\u0131 ge\u00e7en ancak bug\u00fcne kadar yeri tespit edilemeyen Dokuz O\u011fuzlar\u0131n kay\u0131p kenti Togu Bal\u0131k\u2019\u0131n [&hellip;]\" \/>\n<meta property=\"og:url\" content=\"https:\/\/memurunsesi.net\/index.php\/2025\/06\/13\/kayip-sehir-togu-balikta-arkeolojik-calismalar-devam-ediyor\/\" \/>\n<meta property=\"og:site_name\" content=\"Memurun Sesi\" \/>\n<meta property=\"article:publisher\" content=\"https:\/\/www.facebook.com\/unipersen\/?locale=tr_TR\" \/>\n<meta property=\"article:published_time\" content=\"2025-06-13T11:17:20+00:00\" \/>\n<meta property=\"og:image\" content=\"https:\/\/memurunsesi.net\/wp-content\/uploads\/2025\/06\/AW475396_01.jpg\" \/>\n\t<meta property=\"og:image:width\" content=\"2048\" \/>\n\t<meta property=\"og:image:height\" content=\"1536\" \/>\n\t<meta property=\"og:image:type\" content=\"image\/jpeg\" \/>\n<meta name=\"author\" content=\"Memurun Sesi Haber Merkezi\" \/>\n<meta name=\"twitter:card\" content=\"summary_large_image\" \/>\n<meta name=\"twitter:creator\" content=\"@unipersen\" \/>\n<meta name=\"twitter:site\" content=\"@unipersen\" \/>\n<meta name=\"twitter:label1\" content=\"Yazan:\" \/>\n\t<meta name=\"twitter:data1\" content=\"Memurun Sesi Haber Merkezi\" \/>\n\t<meta name=\"twitter:label2\" content=\"Tahmini okuma s\u00fcresi\" \/>\n\t<meta name=\"twitter:data2\" content=\"1 dakika\" \/>\n<script type=\"application\/ld+json\" class=\"yoast-schema-graph\">{\"@context\":\"https:\\\/\\\/schema.org\",\"@graph\":[{\"@type\":\"Article\",\"@id\":\"https:\\\/\\\/memurunsesi.net\\\/index.php\\\/2025\\\/06\\\/13\\\/kayip-sehir-togu-balikta-arkeolojik-calismalar-devam-ediyor\\\/#article\",\"isPartOf\":{\"@id\":\"https:\\\/\\\/memurunsesi.net\\\/index.php\\\/2025\\\/06\\\/13\\\/kayip-sehir-togu-balikta-arkeolojik-calismalar-devam-ediyor\\\/\"},\"author\":{\"name\":\"Memurun Sesi Haber Merkezi\",\"@id\":\"https:\\\/\\\/memurunsesi.net\\\/#\\\/schema\\\/person\\\/f21c2d73b89f6ee1d80b0a1803e38587\"},\"headline\":\"Kay\u0131p \u015eehir Togu Bal\u0131k\u2019ta arkeolojik \u00e7al\u0131\u015fmalar devam ediyor\",\"datePublished\":\"2025-06-13T11:17:20+00:00\",\"mainEntityOfPage\":{\"@id\":\"https:\\\/\\\/memurunsesi.net\\\/index.php\\\/2025\\\/06\\\/13\\\/kayip-sehir-togu-balikta-arkeolojik-calismalar-devam-ediyor\\\/\"},\"wordCount\":415,\"commentCount\":0,\"publisher\":{\"@id\":\"https:\\\/\\\/memurunsesi.net\\\/#organization\"},\"image\":{\"@id\":\"https:\\\/\\\/memurunsesi.net\\\/index.php\\\/2025\\\/06\\\/13\\\/kayip-sehir-togu-balikta-arkeolojik-calismalar-devam-ediyor\\\/#primaryimage\"},\"thumbnailUrl\":\"https:\\\/\\\/memurunsesi.net\\\/wp-content\\\/uploads\\\/2025\\\/06\\\/AW475396_01.jpg\",\"inLanguage\":\"tr\",\"potentialAction\":[{\"@type\":\"CommentAction\",\"name\":\"Comment\",\"target\":[\"https:\\\/\\\/memurunsesi.net\\\/index.php\\\/2025\\\/06\\\/13\\\/kayip-sehir-togu-balikta-arkeolojik-calismalar-devam-ediyor\\\/#respond\"]}]},{\"@type\":\"WebPage\",\"@id\":\"https:\\\/\\\/memurunsesi.net\\\/index.php\\\/2025\\\/06\\\/13\\\/kayip-sehir-togu-balikta-arkeolojik-calismalar-devam-ediyor\\\/\",\"url\":\"https:\\\/\\\/memurunsesi.net\\\/index.php\\\/2025\\\/06\\\/13\\\/kayip-sehir-togu-balikta-arkeolojik-calismalar-devam-ediyor\\\/\",\"name\":\"Kay\u0131p \u015eehir Togu Bal\u0131k\u2019ta arkeolojik \u00e7al\u0131\u015fmalar devam ediyor - Memurun Sesi\",\"isPartOf\":{\"@id\":\"https:\\\/\\\/memurunsesi.net\\\/#website\"},\"primaryImageOfPage\":{\"@id\":\"https:\\\/\\\/memurunsesi.net\\\/index.php\\\/2025\\\/06\\\/13\\\/kayip-sehir-togu-balikta-arkeolojik-calismalar-devam-ediyor\\\/#primaryimage\"},\"image\":{\"@id\":\"https:\\\/\\\/memurunsesi.net\\\/index.php\\\/2025\\\/06\\\/13\\\/kayip-sehir-togu-balikta-arkeolojik-calismalar-devam-ediyor\\\/#primaryimage\"},\"thumbnailUrl\":\"https:\\\/\\\/memurunsesi.net\\\/wp-content\\\/uploads\\\/2025\\\/06\\\/AW475396_01.jpg\",\"datePublished\":\"2025-06-13T11:17:20+00:00\",\"breadcrumb\":{\"@id\":\"https:\\\/\\\/memurunsesi.net\\\/index.php\\\/2025\\\/06\\\/13\\\/kayip-sehir-togu-balikta-arkeolojik-calismalar-devam-ediyor\\\/#breadcrumb\"},\"inLanguage\":\"tr\",\"potentialAction\":[{\"@type\":\"ReadAction\",\"target\":[\"https:\\\/\\\/memurunsesi.net\\\/index.php\\\/2025\\\/06\\\/13\\\/kayip-sehir-togu-balikta-arkeolojik-calismalar-devam-ediyor\\\/\"]}]},{\"@type\":\"ImageObject\",\"inLanguage\":\"tr\",\"@id\":\"https:\\\/\\\/memurunsesi.net\\\/index.php\\\/2025\\\/06\\\/13\\\/kayip-sehir-togu-balikta-arkeolojik-calismalar-devam-ediyor\\\/#primaryimage\",\"url\":\"https:\\\/\\\/memurunsesi.net\\\/wp-content\\\/uploads\\\/2025\\\/06\\\/AW475396_01.jpg\",\"contentUrl\":\"https:\\\/\\\/memurunsesi.net\\\/wp-content\\\/uploads\\\/2025\\\/06\\\/AW475396_01.jpg\",\"width\":2048,\"height\":1536,\"caption\":\"T\u00dcRK \u0130\u015eB\u0130RL\u0130\u011e\u0130 VE KOORD\u0130NASYON AJANSI BA\u015eKANLI\u011eININ (T\u0130KA) DESTE\u011e\u0130YLE KE\u015eFED\u0130LEN DOKUZ O\u011eUZLARIN KAYIP KENT\u0130 TOGU BALIK'IN KE\u015eF\u0130YLE KAZI \u00c7ALI\u015eMALARI DEVAM ED\u0130YOR. (\u0130HA\\\/ANKARA-\u0130HA) T\u00fcrk \u0130\u015fbirli\u011fi ve Koordinasyon Ajans\u0131 Ba\u015fkanl\u0131\u011f\u0131n\u0131n (T\u0130KA) deste\u011fiyle ke\u015ffedilen Dokuz O\u011fuzlar\u0131n kay\u0131p kenti Togu Bal\u0131k'\u0131n ke\u015ffiyle kaz\u0131 \u00e7al\u0131\u015fmalar\u0131 devam ediyor.\"},{\"@type\":\"BreadcrumbList\",\"@id\":\"https:\\\/\\\/memurunsesi.net\\\/index.php\\\/2025\\\/06\\\/13\\\/kayip-sehir-togu-balikta-arkeolojik-calismalar-devam-ediyor\\\/#breadcrumb\",\"itemListElement\":[{\"@type\":\"ListItem\",\"position\":1,\"name\":\"Anasayfa\",\"item\":\"https:\\\/\\\/memurunsesi.net\\\/\"},{\"@type\":\"ListItem\",\"position\":2,\"name\":\"Kay\u0131p \u015eehir Togu Bal\u0131k\u2019ta arkeolojik \u00e7al\u0131\u015fmalar devam ediyor\"}]},{\"@type\":\"WebSite\",\"@id\":\"https:\\\/\\\/memurunsesi.net\\\/#website\",\"url\":\"https:\\\/\\\/memurunsesi.net\\\/\",\"name\":\"Memurun Sesi\",\"description\":\"G\u00fcncel ve Do\u011fru Haber\",\"publisher\":{\"@id\":\"https:\\\/\\\/memurunsesi.net\\\/#organization\"},\"potentialAction\":[{\"@type\":\"SearchAction\",\"target\":{\"@type\":\"EntryPoint\",\"urlTemplate\":\"https:\\\/\\\/memurunsesi.net\\\/?s={search_term_string}\"},\"query-input\":{\"@type\":\"PropertyValueSpecification\",\"valueRequired\":true,\"valueName\":\"search_term_string\"}}],\"inLanguage\":\"tr\"},{\"@type\":\"Organization\",\"@id\":\"https:\\\/\\\/memurunsesi.net\\\/#organization\",\"name\":\"Memurun Sesi\",\"url\":\"https:\\\/\\\/memurunsesi.net\\\/\",\"logo\":{\"@type\":\"ImageObject\",\"inLanguage\":\"tr\",\"@id\":\"https:\\\/\\\/memurunsesi.net\\\/#\\\/schema\\\/logo\\\/image\\\/\",\"url\":\"https:\\\/\\\/memurunsesi.net\\\/wp-content\\\/uploads\\\/2025\\\/11\\\/cropped-MEMURUN-SESI.png\",\"contentUrl\":\"https:\\\/\\\/memurunsesi.net\\\/wp-content\\\/uploads\\\/2025\\\/11\\\/cropped-MEMURUN-SESI.png\",\"width\":238,\"height\":57,\"caption\":\"Memurun Sesi\"},\"image\":{\"@id\":\"https:\\\/\\\/memurunsesi.net\\\/#\\\/schema\\\/logo\\\/image\\\/\"},\"sameAs\":[\"https:\\\/\\\/www.facebook.com\\\/unipersen\\\/?locale=tr_TR\",\"https:\\\/\\\/x.com\\\/unipersen\"]},{\"@type\":\"Person\",\"@id\":\"https:\\\/\\\/memurunsesi.net\\\/#\\\/schema\\\/person\\\/f21c2d73b89f6ee1d80b0a1803e38587\",\"name\":\"Memurun Sesi Haber Merkezi\",\"image\":{\"@type\":\"ImageObject\",\"inLanguage\":\"tr\",\"@id\":\"https:\\\/\\\/secure.gravatar.com\\\/avatar\\\/6cf0505f452ee753f485014986fab09a434671d2b919ee76fc541025c5876a70?s=96&d=mm&r=g\",\"url\":\"https:\\\/\\\/secure.gravatar.com\\\/avatar\\\/6cf0505f452ee753f485014986fab09a434671d2b919ee76fc541025c5876a70?s=96&d=mm&r=g\",\"contentUrl\":\"https:\\\/\\\/secure.gravatar.com\\\/avatar\\\/6cf0505f452ee753f485014986fab09a434671d2b919ee76fc541025c5876a70?s=96&d=mm&r=g\",\"caption\":\"Memurun Sesi Haber Merkezi\"},\"sameAs\":[\"https:\\\/\\\/memurunsesi.net\"],\"url\":\"https:\\\/\\\/memurunsesi.net\\\/index.php\\\/author\\\/uniper\\\/\"}]}<\/script>\n<!-- \/ Yoast SEO plugin. -->","yoast_head_json":{"title":"Kay\u0131p \u015eehir Togu Bal\u0131k\u2019ta arkeolojik \u00e7al\u0131\u015fmalar devam ediyor - Memurun Sesi","robots":{"index":"index","follow":"follow","max-snippet":"max-snippet:-1","max-image-preview":"max-image-preview:large","max-video-preview":"max-video-preview:-1"},"canonical":"https:\/\/memurunsesi.net\/index.php\/2025\/06\/13\/kayip-sehir-togu-balikta-arkeolojik-calismalar-devam-ediyor\/","og_locale":"tr_TR","og_type":"article","og_title":"Kay\u0131p \u015eehir Togu Bal\u0131k\u2019ta arkeolojik \u00e7al\u0131\u015fmalar devam ediyor - Memurun Sesi","og_description":"T\u00fcrk \u0130\u015fbirli\u011fi ve Koordinasyon Ajans\u0131 Ba\u015fkanl\u0131\u011f\u0131n\u0131n (T\u0130KA) deste\u011fiyle ke\u015ffedilen Dokuz O\u011fuzlar\u0131n kay\u0131p kenti Togu Bal\u0131k\u2019\u0131n ke\u015ffiyle kaz\u0131 \u00e7al\u0131\u015fmalar\u0131 devam ediyor. T\u0130KA\u2019n\u0131n deste\u011fiyle \u0130zmir Katip \u00c7elebi ve Mo\u011folistan Bilimler Akademisi i\u015f birli\u011finde 2024 y\u0131l\u0131nda ba\u015flayan ve Bilge Ka\u011fan ve K\u00fcl Tigin kitabelerinde ad\u0131 ge\u00e7en ancak bug\u00fcne kadar yeri tespit edilemeyen Dokuz O\u011fuzlar\u0131n kay\u0131p kenti Togu Bal\u0131k\u2019\u0131n [&hellip;]","og_url":"https:\/\/memurunsesi.net\/index.php\/2025\/06\/13\/kayip-sehir-togu-balikta-arkeolojik-calismalar-devam-ediyor\/","og_site_name":"Memurun Sesi","article_publisher":"https:\/\/www.facebook.com\/unipersen\/?locale=tr_TR","article_published_time":"2025-06-13T11:17:20+00:00","og_image":[{"width":2048,"height":1536,"url":"https:\/\/memurunsesi.net\/wp-content\/uploads\/2025\/06\/AW475396_01.jpg","type":"image\/jpeg"}],"author":"Memurun Sesi Haber Merkezi","twitter_card":"summary_large_image","twitter_creator":"@unipersen","twitter_site":"@unipersen","twitter_misc":{"Yazan:":"Memurun Sesi Haber Merkezi","Tahmini okuma s\u00fcresi":"1 dakika"},"schema":{"@context":"https:\/\/schema.org","@graph":[{"@type":"Article","@id":"https:\/\/memurunsesi.net\/index.php\/2025\/06\/13\/kayip-sehir-togu-balikta-arkeolojik-calismalar-devam-ediyor\/#article","isPartOf":{"@id":"https:\/\/memurunsesi.net\/index.php\/2025\/06\/13\/kayip-sehir-togu-balikta-arkeolojik-calismalar-devam-ediyor\/"},"author":{"name":"Memurun Sesi Haber Merkezi","@id":"https:\/\/memurunsesi.net\/#\/schema\/person\/f21c2d73b89f6ee1d80b0a1803e38587"},"headline":"Kay\u0131p \u015eehir Togu Bal\u0131k\u2019ta arkeolojik \u00e7al\u0131\u015fmalar devam ediyor","datePublished":"2025-06-13T11:17:20+00:00","mainEntityOfPage":{"@id":"https:\/\/memurunsesi.net\/index.php\/2025\/06\/13\/kayip-sehir-togu-balikta-arkeolojik-calismalar-devam-ediyor\/"},"wordCount":415,"commentCount":0,"publisher":{"@id":"https:\/\/memurunsesi.net\/#organization"},"image":{"@id":"https:\/\/memurunsesi.net\/index.php\/2025\/06\/13\/kayip-sehir-togu-balikta-arkeolojik-calismalar-devam-ediyor\/#primaryimage"},"thumbnailUrl":"https:\/\/memurunsesi.net\/wp-content\/uploads\/2025\/06\/AW475396_01.jpg","inLanguage":"tr","potentialAction":[{"@type":"CommentAction","name":"Comment","target":["https:\/\/memurunsesi.net\/index.php\/2025\/06\/13\/kayip-sehir-togu-balikta-arkeolojik-calismalar-devam-ediyor\/#respond"]}]},{"@type":"WebPage","@id":"https:\/\/memurunsesi.net\/index.php\/2025\/06\/13\/kayip-sehir-togu-balikta-arkeolojik-calismalar-devam-ediyor\/","url":"https:\/\/memurunsesi.net\/index.php\/2025\/06\/13\/kayip-sehir-togu-balikta-arkeolojik-calismalar-devam-ediyor\/","name":"Kay\u0131p \u015eehir Togu Bal\u0131k\u2019ta arkeolojik \u00e7al\u0131\u015fmalar devam ediyor - Memurun Sesi","isPartOf":{"@id":"https:\/\/memurunsesi.net\/#website"},"primaryImageOfPage":{"@id":"https:\/\/memurunsesi.net\/index.php\/2025\/06\/13\/kayip-sehir-togu-balikta-arkeolojik-calismalar-devam-ediyor\/#primaryimage"},"image":{"@id":"https:\/\/memurunsesi.net\/index.php\/2025\/06\/13\/kayip-sehir-togu-balikta-arkeolojik-calismalar-devam-ediyor\/#primaryimage"},"thumbnailUrl":"https:\/\/memurunsesi.net\/wp-content\/uploads\/2025\/06\/AW475396_01.jpg","datePublished":"2025-06-13T11:17:20+00:00","breadcrumb":{"@id":"https:\/\/memurunsesi.net\/index.php\/2025\/06\/13\/kayip-sehir-togu-balikta-arkeolojik-calismalar-devam-ediyor\/#breadcrumb"},"inLanguage":"tr","potentialAction":[{"@type":"ReadAction","target":["https:\/\/memurunsesi.net\/index.php\/2025\/06\/13\/kayip-sehir-togu-balikta-arkeolojik-calismalar-devam-ediyor\/"]}]},{"@type":"ImageObject","inLanguage":"tr","@id":"https:\/\/memurunsesi.net\/index.php\/2025\/06\/13\/kayip-sehir-togu-balikta-arkeolojik-calismalar-devam-ediyor\/#primaryimage","url":"https:\/\/memurunsesi.net\/wp-content\/uploads\/2025\/06\/AW475396_01.jpg","contentUrl":"https:\/\/memurunsesi.net\/wp-content\/uploads\/2025\/06\/AW475396_01.jpg","width":2048,"height":1536,"caption":"T\u00dcRK \u0130\u015eB\u0130RL\u0130\u011e\u0130 VE KOORD\u0130NASYON AJANSI BA\u015eKANLI\u011eININ (T\u0130KA) DESTE\u011e\u0130YLE KE\u015eFED\u0130LEN DOKUZ O\u011eUZLARIN KAYIP KENT\u0130 TOGU BALIK'IN KE\u015eF\u0130YLE KAZI \u00c7ALI\u015eMALARI DEVAM ED\u0130YOR. (\u0130HA\/ANKARA-\u0130HA) T\u00fcrk \u0130\u015fbirli\u011fi ve Koordinasyon Ajans\u0131 Ba\u015fkanl\u0131\u011f\u0131n\u0131n (T\u0130KA) deste\u011fiyle ke\u015ffedilen Dokuz O\u011fuzlar\u0131n kay\u0131p kenti Togu Bal\u0131k'\u0131n ke\u015ffiyle kaz\u0131 \u00e7al\u0131\u015fmalar\u0131 devam ediyor."},{"@type":"BreadcrumbList","@id":"https:\/\/memurunsesi.net\/index.php\/2025\/06\/13\/kayip-sehir-togu-balikta-arkeolojik-calismalar-devam-ediyor\/#breadcrumb","itemListElement":[{"@type":"ListItem","position":1,"name":"Anasayfa","item":"https:\/\/memurunsesi.net\/"},{"@type":"ListItem","position":2,"name":"Kay\u0131p \u015eehir Togu Bal\u0131k\u2019ta arkeolojik \u00e7al\u0131\u015fmalar devam ediyor"}]},{"@type":"WebSite","@id":"https:\/\/memurunsesi.net\/#website","url":"https:\/\/memurunsesi.net\/","name":"Memurun Sesi","description":"G\u00fcncel ve Do\u011fru Haber","publisher":{"@id":"https:\/\/memurunsesi.net\/#organization"},"potentialAction":[{"@type":"SearchAction","target":{"@type":"EntryPoint","urlTemplate":"https:\/\/memurunsesi.net\/?s={search_term_string}"},"query-input":{"@type":"PropertyValueSpecification","valueRequired":true,"valueName":"search_term_string"}}],"inLanguage":"tr"},{"@type":"Organization","@id":"https:\/\/memurunsesi.net\/#organization","name":"Memurun Sesi","url":"https:\/\/memurunsesi.net\/","logo":{"@type":"ImageObject","inLanguage":"tr","@id":"https:\/\/memurunsesi.net\/#\/schema\/logo\/image\/","url":"https:\/\/memurunsesi.net\/wp-content\/uploads\/2025\/11\/cropped-MEMURUN-SESI.png","contentUrl":"https:\/\/memurunsesi.net\/wp-content\/uploads\/2025\/11\/cropped-MEMURUN-SESI.png","width":238,"height":57,"caption":"Memurun Sesi"},"image":{"@id":"https:\/\/memurunsesi.net\/#\/schema\/logo\/image\/"},"sameAs":["https:\/\/www.facebook.com\/unipersen\/?locale=tr_TR","https:\/\/x.com\/unipersen"]},{"@type":"Person","@id":"https:\/\/memurunsesi.net\/#\/schema\/person\/f21c2d73b89f6ee1d80b0a1803e38587","name":"Memurun Sesi Haber Merkezi","image":{"@type":"ImageObject","inLanguage":"tr","@id":"https:\/\/secure.gravatar.com\/avatar\/6cf0505f452ee753f485014986fab09a434671d2b919ee76fc541025c5876a70?s=96&d=mm&r=g","url":"https:\/\/secure.gravatar.com\/avatar\/6cf0505f452ee753f485014986fab09a434671d2b919ee76fc541025c5876a70?s=96&d=mm&r=g","contentUrl":"https:\/\/secure.gravatar.com\/avatar\/6cf0505f452ee753f485014986fab09a434671d2b919ee76fc541025c5876a70?s=96&d=mm&r=g","caption":"Memurun Sesi Haber Merkezi"},"sameAs":["https:\/\/memurunsesi.net"],"url":"https:\/\/memurunsesi.net\/index.php\/author\/uniper\/"}]}},"_links":{"self":[{"href":"https:\/\/memurunsesi.net\/index.php\/wp-json\/wp\/v2\/posts\/7971","targetHints":{"allow":["GET"]}}],"collection":[{"href":"https:\/\/memurunsesi.net\/index.php\/wp-json\/wp\/v2\/posts"}],"about":[{"href":"https:\/\/memurunsesi.net\/index.php\/wp-json\/wp\/v2\/types\/post"}],"author":[{"embeddable":true,"href":"https:\/\/memurunsesi.net\/index.php\/wp-json\/wp\/v2\/users\/1"}],"replies":[{"embeddable":true,"href":"https:\/\/memurunsesi.net\/index.php\/wp-json\/wp\/v2\/comments?post=7971"}],"version-history":[{"count":1,"href":"https:\/\/memurunsesi.net\/index.php\/wp-json\/wp\/v2\/posts\/7971\/revisions"}],"predecessor-version":[{"id":7973,"href":"https:\/\/memurunsesi.net\/index.php\/wp-json\/wp\/v2\/posts\/7971\/revisions\/7973"}],"wp:featuredmedia":[{"embeddable":true,"href":"https:\/\/memurunsesi.net\/index.php\/wp-json\/wp\/v2\/media\/7972"}],"wp:attachment":[{"href":"https:\/\/memurunsesi.net\/index.php\/wp-json\/wp\/v2\/media?parent=7971"}],"wp:term":[{"taxonomy":"category","embeddable":true,"href":"https:\/\/memurunsesi.net\/index.php\/wp-json\/wp\/v2\/categories?post=7971"},{"taxonomy":"post_tag","embeddable":true,"href":"https:\/\/memurunsesi.net\/index.php\/wp-json\/wp\/v2\/tags?post=7971"}],"curies":[{"name":"wp","href":"https:\/\/api.w.org\/{rel}","templated":true}]}}