{"id":7982,"date":"2025-06-13T14:29:16","date_gmt":"2025-06-13T11:29:16","guid":{"rendered":"https:\/\/memurunsesi.net\/?p=7982"},"modified":"2025-06-13T14:29:16","modified_gmt":"2025-06-13T11:29:16","slug":"iran-israil-arasindaki-gerginlik-tirmandi-turk-vatandaslari-turkiyeye-donmek-icin-sinir-kapilarindan-giris-yapti","status":"publish","type":"post","link":"https:\/\/memurunsesi.net\/index.php\/2025\/06\/13\/iran-israil-arasindaki-gerginlik-tirmandi-turk-vatandaslari-turkiyeye-donmek-icin-sinir-kapilarindan-giris-yapti\/","title":{"rendered":"\u0130ran-\u0130srail aras\u0131ndaki gerginlik t\u0131rmand\u0131: T\u00fcrk vatanda\u015flar\u0131 T\u00fcrkiye&#8217;ye d\u00f6nmek i\u00e7in s\u0131n\u0131r kap\u0131lar\u0131ndan giri\u015f yapt\u0131"},"content":{"rendered":"<p>   \u0130srail&#8217;in \u0130ran&#8217;a sald\u0131r\u0131s\u0131n\u0131n ard\u0131ndan, \u0130ran\u2019da bulunan T\u00fcrk vatanda\u015flar\u0131 Esendere G\u00fcmr\u00fck Kap\u0131s\u0131\u2019ndan \u00fclkeye gelmeye ba\u015flad\u0131.<br \/>\n  \u0130srail ile \u0130ran Cumhuriyeti Devleti aras\u0131nda ya\u015fanan gerginlikten dolay\u0131 T\u00fcrkiye ile s\u0131n\u0131r olan \u0130ran Devletine \u0130srail taraf\u0131ndan yap\u0131lan hava sald\u0131r\u0131lar\u0131 sonucunda birka\u00e7 kent vuruldu. \u0130ran\u2019da i\u015f ve gezi ama\u00e7l\u0131 bulunan bulunan T\u00fcrk vatanda\u015flar\u0131 ise Hakkari\u2019nin Y\u00fcksekova il\u00e7esinin Esendere S\u0131n\u0131r Kap\u0131s\u0131ndan T\u00fcrkiye&#8217;ye giri\u015f i\u015flemlerine ba\u015flad\u0131. <\/p>\n<p>  &#8220;\u0130ran ve \u0130srail aras\u0131ndaki gerginlik art\u0131yor&#8221;<br \/>\n  \u0130srail, Tahran, Tebriz, \u0130sfahan&#8217;daki Natanz n\u00fckleer tesisi ile Loristan ve Kirman\u015fah kentlerine sabaha kar\u015f\u0131 sald\u0131r\u0131 d\u00fczenledi. Bu olay\u0131n ard\u0131ndan \u0130ran&#8217;da resmi tatil olmas\u0131na ra\u011fmen s\u00fcr\u00fcc\u00fclerin benzin istasyonlar\u0131nda kuyruklar olu\u015fmas\u0131 dikkat \u00e7ekerken, T\u00fcrk vatanda\u015flar\u0131 ise Esendere s\u0131n\u0131r kap\u0131s\u0131ndan T\u00fcrkiye&#8217;ye giri\u015f yapt\u0131lar. Esendere s\u0131n\u0131r kap\u0131s\u0131nda yo\u011funlu\u011fun olmamas\u0131 da g\u00f6zlerde ka\u00e7mad\u0131.<br \/>\n  K\u0131sa s\u00fcrede bu gerginlikte biter diyen Zeki G\u00fcrdal, &#8220;Urmiye kentinden geliyoruz. \u0130srail&#8217;in \u0130ran&#8217;\u0131 vurdu\u011funu sabah \u00f6\u011frendik. Tasvip etmedi\u011fimiz bir durum. Bizden \u0130ran&#8217;dan d\u00f6nd\u00fck T\u00fcrkiye&#8217;ye giri\u015f yapt\u0131k. Benzin istasyonlar\u0131mda ara\u00e7 kuyruklar\u0131n\u0131n oldu\u011fumu g\u00f6rd\u00fck. \u0130n\u015fallah k\u0131sa s\u00fcrede bu gerginlik tamamen biter&#8221; dedi. <\/p>\n<p>13.06.2025                                <\/p>\n","protected":false},"excerpt":{"rendered":"<p>\u0130srail&#8217;in \u0130ran&#8217;a sald\u0131r\u0131s\u0131n\u0131n ard\u0131ndan, \u0130ran\u2019da bulunan T\u00fcrk vatanda\u015flar\u0131 Esendere G\u00fcmr\u00fck Kap\u0131s\u0131\u2019ndan \u00fclkeye gelmeye ba\u015flad\u0131. \u0130srail ile \u0130ran Cumhuriyeti Devleti aras\u0131nda ya\u015fanan gerginlikten dolay\u0131 T\u00fcrkiye ile s\u0131n\u0131r olan \u0130ran Devletine \u0130srail taraf\u0131ndan yap\u0131lan hava sald\u0131r\u0131lar\u0131 sonucunda birka\u00e7 kent vuruldu. \u0130ran\u2019da i\u015f ve gezi ama\u00e7l\u0131 bulunan bulunan T\u00fcrk vatanda\u015flar\u0131 ise Hakkari\u2019nin Y\u00fcksekova il\u00e7esinin Esendere S\u0131n\u0131r Kap\u0131s\u0131ndan T\u00fcrkiye&#8217;ye [&hellip;]<\/p>\n","protected":false},"author":1,"featured_media":7983,"comment_status":"open","ping_status":"open","sticky":false,"template":"","format":"standard","meta":{"footnotes":""},"categories":[1],"tags":[],"class_list":["post-7982","post","type-post","status-publish","format-standard","has-post-thumbnail","hentry","category-genel"],"yoast_head":"<!-- This site is optimized with the Yoast SEO plugin v27.4 - https:\/\/yoast.com\/product\/yoast-seo-wordpress\/ -->\n<title>\u0130ran-\u0130srail aras\u0131ndaki gerginlik t\u0131rmand\u0131: T\u00fcrk vatanda\u015flar\u0131 T\u00fcrkiye&#039;ye d\u00f6nmek i\u00e7in s\u0131n\u0131r kap\u0131lar\u0131ndan giri\u015f yapt\u0131 - Memurun Sesi<\/title>\n<meta name=\"robots\" content=\"index, follow, max-snippet:-1, max-image-preview:large, max-video-preview:-1\" \/>\n<link rel=\"canonical\" href=\"https:\/\/memurunsesi.net\/index.php\/2025\/06\/13\/iran-israil-arasindaki-gerginlik-tirmandi-turk-vatandaslari-turkiyeye-donmek-icin-sinir-kapilarindan-giris-yapti\/\" \/>\n<meta property=\"og:locale\" content=\"tr_TR\" \/>\n<meta property=\"og:type\" content=\"article\" \/>\n<meta property=\"og:title\" content=\"\u0130ran-\u0130srail aras\u0131ndaki gerginlik t\u0131rmand\u0131: T\u00fcrk vatanda\u015flar\u0131 T\u00fcrkiye&#039;ye d\u00f6nmek i\u00e7in s\u0131n\u0131r kap\u0131lar\u0131ndan giri\u015f yapt\u0131 - Memurun Sesi\" \/>\n<meta property=\"og:description\" content=\"\u0130srail&#8217;in \u0130ran&#8217;a sald\u0131r\u0131s\u0131n\u0131n ard\u0131ndan, \u0130ran\u2019da bulunan T\u00fcrk vatanda\u015flar\u0131 Esendere G\u00fcmr\u00fck Kap\u0131s\u0131\u2019ndan \u00fclkeye gelmeye ba\u015flad\u0131. \u0130srail ile \u0130ran Cumhuriyeti Devleti aras\u0131nda ya\u015fanan gerginlikten dolay\u0131 T\u00fcrkiye ile s\u0131n\u0131r olan \u0130ran Devletine \u0130srail taraf\u0131ndan yap\u0131lan hava sald\u0131r\u0131lar\u0131 sonucunda birka\u00e7 kent vuruldu. \u0130ran\u2019da i\u015f ve gezi ama\u00e7l\u0131 bulunan bulunan T\u00fcrk vatanda\u015flar\u0131 ise Hakkari\u2019nin Y\u00fcksekova il\u00e7esinin Esendere S\u0131n\u0131r Kap\u0131s\u0131ndan T\u00fcrkiye&#8217;ye [&hellip;]\" \/>\n<meta property=\"og:url\" content=\"https:\/\/memurunsesi.net\/index.php\/2025\/06\/13\/iran-israil-arasindaki-gerginlik-tirmandi-turk-vatandaslari-turkiyeye-donmek-icin-sinir-kapilarindan-giris-yapti\/\" \/>\n<meta property=\"og:site_name\" content=\"Memurun Sesi\" \/>\n<meta property=\"article:publisher\" content=\"https:\/\/www.facebook.com\/unipersen\/?locale=tr_TR\" \/>\n<meta property=\"article:published_time\" content=\"2025-06-13T11:29:16+00:00\" \/>\n<meta property=\"og:image\" content=\"https:\/\/memurunsesi.net\/wp-content\/uploads\/2025\/06\/AW475420_01.jpg\" \/>\n\t<meta property=\"og:image:width\" content=\"1290\" \/>\n\t<meta property=\"og:image:height\" content=\"702\" \/>\n\t<meta property=\"og:image:type\" content=\"image\/jpeg\" \/>\n<meta name=\"author\" content=\"Memurun Sesi Haber Merkezi\" \/>\n<meta name=\"twitter:card\" content=\"summary_large_image\" \/>\n<meta name=\"twitter:creator\" content=\"@unipersen\" \/>\n<meta name=\"twitter:site\" content=\"@unipersen\" \/>\n<meta name=\"twitter:label1\" content=\"Yazan:\" \/>\n\t<meta name=\"twitter:data1\" content=\"Memurun Sesi Haber Merkezi\" \/>\n\t<meta name=\"twitter:label2\" content=\"Tahmini okuma s\u00fcresi\" \/>\n\t<meta name=\"twitter:data2\" content=\"1 dakika\" \/>\n<script type=\"application\/ld+json\" class=\"yoast-schema-graph\">{\"@context\":\"https:\\\/\\\/schema.org\",\"@graph\":[{\"@type\":\"Article\",\"@id\":\"https:\\\/\\\/memurunsesi.net\\\/index.php\\\/2025\\\/06\\\/13\\\/iran-israil-arasindaki-gerginlik-tirmandi-turk-vatandaslari-turkiyeye-donmek-icin-sinir-kapilarindan-giris-yapti\\\/#article\",\"isPartOf\":{\"@id\":\"https:\\\/\\\/memurunsesi.net\\\/index.php\\\/2025\\\/06\\\/13\\\/iran-israil-arasindaki-gerginlik-tirmandi-turk-vatandaslari-turkiyeye-donmek-icin-sinir-kapilarindan-giris-yapti\\\/\"},\"author\":{\"name\":\"Memurun Sesi Haber Merkezi\",\"@id\":\"https:\\\/\\\/memurunsesi.net\\\/#\\\/schema\\\/person\\\/f21c2d73b89f6ee1d80b0a1803e38587\"},\"headline\":\"\u0130ran-\u0130srail aras\u0131ndaki gerginlik t\u0131rmand\u0131: T\u00fcrk vatanda\u015flar\u0131 T\u00fcrkiye&#8217;ye d\u00f6nmek i\u00e7in s\u0131n\u0131r kap\u0131lar\u0131ndan giri\u015f yapt\u0131\",\"datePublished\":\"2025-06-13T11:29:16+00:00\",\"mainEntityOfPage\":{\"@id\":\"https:\\\/\\\/memurunsesi.net\\\/index.php\\\/2025\\\/06\\\/13\\\/iran-israil-arasindaki-gerginlik-tirmandi-turk-vatandaslari-turkiyeye-donmek-icin-sinir-kapilarindan-giris-yapti\\\/\"},\"wordCount\":272,\"commentCount\":0,\"publisher\":{\"@id\":\"https:\\\/\\\/memurunsesi.net\\\/#organization\"},\"image\":{\"@id\":\"https:\\\/\\\/memurunsesi.net\\\/index.php\\\/2025\\\/06\\\/13\\\/iran-israil-arasindaki-gerginlik-tirmandi-turk-vatandaslari-turkiyeye-donmek-icin-sinir-kapilarindan-giris-yapti\\\/#primaryimage\"},\"thumbnailUrl\":\"https:\\\/\\\/memurunsesi.net\\\/wp-content\\\/uploads\\\/2025\\\/06\\\/AW475420_01.jpg\",\"inLanguage\":\"tr\",\"potentialAction\":[{\"@type\":\"CommentAction\",\"name\":\"Comment\",\"target\":[\"https:\\\/\\\/memurunsesi.net\\\/index.php\\\/2025\\\/06\\\/13\\\/iran-israil-arasindaki-gerginlik-tirmandi-turk-vatandaslari-turkiyeye-donmek-icin-sinir-kapilarindan-giris-yapti\\\/#respond\"]}]},{\"@type\":\"WebPage\",\"@id\":\"https:\\\/\\\/memurunsesi.net\\\/index.php\\\/2025\\\/06\\\/13\\\/iran-israil-arasindaki-gerginlik-tirmandi-turk-vatandaslari-turkiyeye-donmek-icin-sinir-kapilarindan-giris-yapti\\\/\",\"url\":\"https:\\\/\\\/memurunsesi.net\\\/index.php\\\/2025\\\/06\\\/13\\\/iran-israil-arasindaki-gerginlik-tirmandi-turk-vatandaslari-turkiyeye-donmek-icin-sinir-kapilarindan-giris-yapti\\\/\",\"name\":\"\u0130ran-\u0130srail aras\u0131ndaki gerginlik t\u0131rmand\u0131: T\u00fcrk vatanda\u015flar\u0131 T\u00fcrkiye'ye d\u00f6nmek i\u00e7in s\u0131n\u0131r kap\u0131lar\u0131ndan giri\u015f yapt\u0131 - Memurun Sesi\",\"isPartOf\":{\"@id\":\"https:\\\/\\\/memurunsesi.net\\\/#website\"},\"primaryImageOfPage\":{\"@id\":\"https:\\\/\\\/memurunsesi.net\\\/index.php\\\/2025\\\/06\\\/13\\\/iran-israil-arasindaki-gerginlik-tirmandi-turk-vatandaslari-turkiyeye-donmek-icin-sinir-kapilarindan-giris-yapti\\\/#primaryimage\"},\"image\":{\"@id\":\"https:\\\/\\\/memurunsesi.net\\\/index.php\\\/2025\\\/06\\\/13\\\/iran-israil-arasindaki-gerginlik-tirmandi-turk-vatandaslari-turkiyeye-donmek-icin-sinir-kapilarindan-giris-yapti\\\/#primaryimage\"},\"thumbnailUrl\":\"https:\\\/\\\/memurunsesi.net\\\/wp-content\\\/uploads\\\/2025\\\/06\\\/AW475420_01.jpg\",\"datePublished\":\"2025-06-13T11:29:16+00:00\",\"breadcrumb\":{\"@id\":\"https:\\\/\\\/memurunsesi.net\\\/index.php\\\/2025\\\/06\\\/13\\\/iran-israil-arasindaki-gerginlik-tirmandi-turk-vatandaslari-turkiyeye-donmek-icin-sinir-kapilarindan-giris-yapti\\\/#breadcrumb\"},\"inLanguage\":\"tr\",\"potentialAction\":[{\"@type\":\"ReadAction\",\"target\":[\"https:\\\/\\\/memurunsesi.net\\\/index.php\\\/2025\\\/06\\\/13\\\/iran-israil-arasindaki-gerginlik-tirmandi-turk-vatandaslari-turkiyeye-donmek-icin-sinir-kapilarindan-giris-yapti\\\/\"]}]},{\"@type\":\"ImageObject\",\"inLanguage\":\"tr\",\"@id\":\"https:\\\/\\\/memurunsesi.net\\\/index.php\\\/2025\\\/06\\\/13\\\/iran-israil-arasindaki-gerginlik-tirmandi-turk-vatandaslari-turkiyeye-donmek-icin-sinir-kapilarindan-giris-yapti\\\/#primaryimage\",\"url\":\"https:\\\/\\\/memurunsesi.net\\\/wp-content\\\/uploads\\\/2025\\\/06\\\/AW475420_01.jpg\",\"contentUrl\":\"https:\\\/\\\/memurunsesi.net\\\/wp-content\\\/uploads\\\/2025\\\/06\\\/AW475420_01.jpg\",\"width\":1290,\"height\":702,\"caption\":\"T\u00dcRK\u0130YE'N\u0130N SINIRINDA BULUNAN \u0130RAN DEVLET\u0130NE \u0130SRA\u0130L TARAFINDAN YAPILAN HAVA SALDIRILARI SONUCUNDA B\u0130RKA\u00c7 KENT VURULDU. \u0130RANLI T\u00dcRK VATANDA\u015eLARI \u0130SE T\u00dcRK\u0130YE'YE G\u0130R\u0130\u015e \u0130\u015eLEMLER\u0130NE BA\u015eLADI. (MET\u0130N TEK\\\/HAKKAR\u0130-\u0130HA) \u0130srail'in \u0130ran'a sald\u0131r\u0131s\u0131n\u0131n ard\u0131ndan, \u0130ran'da bulunan T\u00fcrk vatanda\u015flar\u0131 Esendere G\u00fcmr\u00fck Kap\u0131s\u0131'ndan \u00fclkeye gelmeye ba\u015flad\u0131.\"},{\"@type\":\"BreadcrumbList\",\"@id\":\"https:\\\/\\\/memurunsesi.net\\\/index.php\\\/2025\\\/06\\\/13\\\/iran-israil-arasindaki-gerginlik-tirmandi-turk-vatandaslari-turkiyeye-donmek-icin-sinir-kapilarindan-giris-yapti\\\/#breadcrumb\",\"itemListElement\":[{\"@type\":\"ListItem\",\"position\":1,\"name\":\"Anasayfa\",\"item\":\"https:\\\/\\\/memurunsesi.net\\\/\"},{\"@type\":\"ListItem\",\"position\":2,\"name\":\"\u0130ran-\u0130srail aras\u0131ndaki gerginlik t\u0131rmand\u0131: T\u00fcrk vatanda\u015flar\u0131 T\u00fcrkiye&#8217;ye d\u00f6nmek i\u00e7in s\u0131n\u0131r kap\u0131lar\u0131ndan giri\u015f yapt\u0131\"}]},{\"@type\":\"WebSite\",\"@id\":\"https:\\\/\\\/memurunsesi.net\\\/#website\",\"url\":\"https:\\\/\\\/memurunsesi.net\\\/\",\"name\":\"Memurun Sesi\",\"description\":\"G\u00fcncel ve Do\u011fru Haber\",\"publisher\":{\"@id\":\"https:\\\/\\\/memurunsesi.net\\\/#organization\"},\"potentialAction\":[{\"@type\":\"SearchAction\",\"target\":{\"@type\":\"EntryPoint\",\"urlTemplate\":\"https:\\\/\\\/memurunsesi.net\\\/?s={search_term_string}\"},\"query-input\":{\"@type\":\"PropertyValueSpecification\",\"valueRequired\":true,\"valueName\":\"search_term_string\"}}],\"inLanguage\":\"tr\"},{\"@type\":\"Organization\",\"@id\":\"https:\\\/\\\/memurunsesi.net\\\/#organization\",\"name\":\"Memurun Sesi\",\"url\":\"https:\\\/\\\/memurunsesi.net\\\/\",\"logo\":{\"@type\":\"ImageObject\",\"inLanguage\":\"tr\",\"@id\":\"https:\\\/\\\/memurunsesi.net\\\/#\\\/schema\\\/logo\\\/image\\\/\",\"url\":\"https:\\\/\\\/memurunsesi.net\\\/wp-content\\\/uploads\\\/2025\\\/11\\\/cropped-MEMURUN-SESI.png\",\"contentUrl\":\"https:\\\/\\\/memurunsesi.net\\\/wp-content\\\/uploads\\\/2025\\\/11\\\/cropped-MEMURUN-SESI.png\",\"width\":238,\"height\":57,\"caption\":\"Memurun Sesi\"},\"image\":{\"@id\":\"https:\\\/\\\/memurunsesi.net\\\/#\\\/schema\\\/logo\\\/image\\\/\"},\"sameAs\":[\"https:\\\/\\\/www.facebook.com\\\/unipersen\\\/?locale=tr_TR\",\"https:\\\/\\\/x.com\\\/unipersen\"]},{\"@type\":\"Person\",\"@id\":\"https:\\\/\\\/memurunsesi.net\\\/#\\\/schema\\\/person\\\/f21c2d73b89f6ee1d80b0a1803e38587\",\"name\":\"Memurun Sesi Haber Merkezi\",\"image\":{\"@type\":\"ImageObject\",\"inLanguage\":\"tr\",\"@id\":\"https:\\\/\\\/secure.gravatar.com\\\/avatar\\\/6cf0505f452ee753f485014986fab09a434671d2b919ee76fc541025c5876a70?s=96&d=mm&r=g\",\"url\":\"https:\\\/\\\/secure.gravatar.com\\\/avatar\\\/6cf0505f452ee753f485014986fab09a434671d2b919ee76fc541025c5876a70?s=96&d=mm&r=g\",\"contentUrl\":\"https:\\\/\\\/secure.gravatar.com\\\/avatar\\\/6cf0505f452ee753f485014986fab09a434671d2b919ee76fc541025c5876a70?s=96&d=mm&r=g\",\"caption\":\"Memurun Sesi Haber Merkezi\"},\"sameAs\":[\"https:\\\/\\\/memurunsesi.net\"],\"url\":\"https:\\\/\\\/memurunsesi.net\\\/index.php\\\/author\\\/uniper\\\/\"}]}<\/script>\n<!-- \/ Yoast SEO plugin. -->","yoast_head_json":{"title":"\u0130ran-\u0130srail aras\u0131ndaki gerginlik t\u0131rmand\u0131: T\u00fcrk vatanda\u015flar\u0131 T\u00fcrkiye'ye d\u00f6nmek i\u00e7in s\u0131n\u0131r kap\u0131lar\u0131ndan giri\u015f yapt\u0131 - Memurun Sesi","robots":{"index":"index","follow":"follow","max-snippet":"max-snippet:-1","max-image-preview":"max-image-preview:large","max-video-preview":"max-video-preview:-1"},"canonical":"https:\/\/memurunsesi.net\/index.php\/2025\/06\/13\/iran-israil-arasindaki-gerginlik-tirmandi-turk-vatandaslari-turkiyeye-donmek-icin-sinir-kapilarindan-giris-yapti\/","og_locale":"tr_TR","og_type":"article","og_title":"\u0130ran-\u0130srail aras\u0131ndaki gerginlik t\u0131rmand\u0131: T\u00fcrk vatanda\u015flar\u0131 T\u00fcrkiye'ye d\u00f6nmek i\u00e7in s\u0131n\u0131r kap\u0131lar\u0131ndan giri\u015f yapt\u0131 - Memurun Sesi","og_description":"\u0130srail&#8217;in \u0130ran&#8217;a sald\u0131r\u0131s\u0131n\u0131n ard\u0131ndan, \u0130ran\u2019da bulunan T\u00fcrk vatanda\u015flar\u0131 Esendere G\u00fcmr\u00fck Kap\u0131s\u0131\u2019ndan \u00fclkeye gelmeye ba\u015flad\u0131. \u0130srail ile \u0130ran Cumhuriyeti Devleti aras\u0131nda ya\u015fanan gerginlikten dolay\u0131 T\u00fcrkiye ile s\u0131n\u0131r olan \u0130ran Devletine \u0130srail taraf\u0131ndan yap\u0131lan hava sald\u0131r\u0131lar\u0131 sonucunda birka\u00e7 kent vuruldu. \u0130ran\u2019da i\u015f ve gezi ama\u00e7l\u0131 bulunan bulunan T\u00fcrk vatanda\u015flar\u0131 ise Hakkari\u2019nin Y\u00fcksekova il\u00e7esinin Esendere S\u0131n\u0131r Kap\u0131s\u0131ndan T\u00fcrkiye&#8217;ye [&hellip;]","og_url":"https:\/\/memurunsesi.net\/index.php\/2025\/06\/13\/iran-israil-arasindaki-gerginlik-tirmandi-turk-vatandaslari-turkiyeye-donmek-icin-sinir-kapilarindan-giris-yapti\/","og_site_name":"Memurun Sesi","article_publisher":"https:\/\/www.facebook.com\/unipersen\/?locale=tr_TR","article_published_time":"2025-06-13T11:29:16+00:00","og_image":[{"width":1290,"height":702,"url":"https:\/\/memurunsesi.net\/wp-content\/uploads\/2025\/06\/AW475420_01.jpg","type":"image\/jpeg"}],"author":"Memurun Sesi Haber Merkezi","twitter_card":"summary_large_image","twitter_creator":"@unipersen","twitter_site":"@unipersen","twitter_misc":{"Yazan:":"Memurun Sesi Haber Merkezi","Tahmini okuma s\u00fcresi":"1 dakika"},"schema":{"@context":"https:\/\/schema.org","@graph":[{"@type":"Article","@id":"https:\/\/memurunsesi.net\/index.php\/2025\/06\/13\/iran-israil-arasindaki-gerginlik-tirmandi-turk-vatandaslari-turkiyeye-donmek-icin-sinir-kapilarindan-giris-yapti\/#article","isPartOf":{"@id":"https:\/\/memurunsesi.net\/index.php\/2025\/06\/13\/iran-israil-arasindaki-gerginlik-tirmandi-turk-vatandaslari-turkiyeye-donmek-icin-sinir-kapilarindan-giris-yapti\/"},"author":{"name":"Memurun Sesi Haber Merkezi","@id":"https:\/\/memurunsesi.net\/#\/schema\/person\/f21c2d73b89f6ee1d80b0a1803e38587"},"headline":"\u0130ran-\u0130srail aras\u0131ndaki gerginlik t\u0131rmand\u0131: T\u00fcrk vatanda\u015flar\u0131 T\u00fcrkiye&#8217;ye d\u00f6nmek i\u00e7in s\u0131n\u0131r kap\u0131lar\u0131ndan giri\u015f yapt\u0131","datePublished":"2025-06-13T11:29:16+00:00","mainEntityOfPage":{"@id":"https:\/\/memurunsesi.net\/index.php\/2025\/06\/13\/iran-israil-arasindaki-gerginlik-tirmandi-turk-vatandaslari-turkiyeye-donmek-icin-sinir-kapilarindan-giris-yapti\/"},"wordCount":272,"commentCount":0,"publisher":{"@id":"https:\/\/memurunsesi.net\/#organization"},"image":{"@id":"https:\/\/memurunsesi.net\/index.php\/2025\/06\/13\/iran-israil-arasindaki-gerginlik-tirmandi-turk-vatandaslari-turkiyeye-donmek-icin-sinir-kapilarindan-giris-yapti\/#primaryimage"},"thumbnailUrl":"https:\/\/memurunsesi.net\/wp-content\/uploads\/2025\/06\/AW475420_01.jpg","inLanguage":"tr","potentialAction":[{"@type":"CommentAction","name":"Comment","target":["https:\/\/memurunsesi.net\/index.php\/2025\/06\/13\/iran-israil-arasindaki-gerginlik-tirmandi-turk-vatandaslari-turkiyeye-donmek-icin-sinir-kapilarindan-giris-yapti\/#respond"]}]},{"@type":"WebPage","@id":"https:\/\/memurunsesi.net\/index.php\/2025\/06\/13\/iran-israil-arasindaki-gerginlik-tirmandi-turk-vatandaslari-turkiyeye-donmek-icin-sinir-kapilarindan-giris-yapti\/","url":"https:\/\/memurunsesi.net\/index.php\/2025\/06\/13\/iran-israil-arasindaki-gerginlik-tirmandi-turk-vatandaslari-turkiyeye-donmek-icin-sinir-kapilarindan-giris-yapti\/","name":"\u0130ran-\u0130srail aras\u0131ndaki gerginlik t\u0131rmand\u0131: T\u00fcrk vatanda\u015flar\u0131 T\u00fcrkiye'ye d\u00f6nmek i\u00e7in s\u0131n\u0131r kap\u0131lar\u0131ndan giri\u015f yapt\u0131 - Memurun Sesi","isPartOf":{"@id":"https:\/\/memurunsesi.net\/#website"},"primaryImageOfPage":{"@id":"https:\/\/memurunsesi.net\/index.php\/2025\/06\/13\/iran-israil-arasindaki-gerginlik-tirmandi-turk-vatandaslari-turkiyeye-donmek-icin-sinir-kapilarindan-giris-yapti\/#primaryimage"},"image":{"@id":"https:\/\/memurunsesi.net\/index.php\/2025\/06\/13\/iran-israil-arasindaki-gerginlik-tirmandi-turk-vatandaslari-turkiyeye-donmek-icin-sinir-kapilarindan-giris-yapti\/#primaryimage"},"thumbnailUrl":"https:\/\/memurunsesi.net\/wp-content\/uploads\/2025\/06\/AW475420_01.jpg","datePublished":"2025-06-13T11:29:16+00:00","breadcrumb":{"@id":"https:\/\/memurunsesi.net\/index.php\/2025\/06\/13\/iran-israil-arasindaki-gerginlik-tirmandi-turk-vatandaslari-turkiyeye-donmek-icin-sinir-kapilarindan-giris-yapti\/#breadcrumb"},"inLanguage":"tr","potentialAction":[{"@type":"ReadAction","target":["https:\/\/memurunsesi.net\/index.php\/2025\/06\/13\/iran-israil-arasindaki-gerginlik-tirmandi-turk-vatandaslari-turkiyeye-donmek-icin-sinir-kapilarindan-giris-yapti\/"]}]},{"@type":"ImageObject","inLanguage":"tr","@id":"https:\/\/memurunsesi.net\/index.php\/2025\/06\/13\/iran-israil-arasindaki-gerginlik-tirmandi-turk-vatandaslari-turkiyeye-donmek-icin-sinir-kapilarindan-giris-yapti\/#primaryimage","url":"https:\/\/memurunsesi.net\/wp-content\/uploads\/2025\/06\/AW475420_01.jpg","contentUrl":"https:\/\/memurunsesi.net\/wp-content\/uploads\/2025\/06\/AW475420_01.jpg","width":1290,"height":702,"caption":"T\u00dcRK\u0130YE'N\u0130N SINIRINDA BULUNAN \u0130RAN DEVLET\u0130NE \u0130SRA\u0130L TARAFINDAN YAPILAN HAVA SALDIRILARI SONUCUNDA B\u0130RKA\u00c7 KENT VURULDU. \u0130RANLI T\u00dcRK VATANDA\u015eLARI \u0130SE T\u00dcRK\u0130YE'YE G\u0130R\u0130\u015e \u0130\u015eLEMLER\u0130NE BA\u015eLADI. (MET\u0130N TEK\/HAKKAR\u0130-\u0130HA) \u0130srail'in \u0130ran'a sald\u0131r\u0131s\u0131n\u0131n ard\u0131ndan, \u0130ran'da bulunan T\u00fcrk vatanda\u015flar\u0131 Esendere G\u00fcmr\u00fck Kap\u0131s\u0131'ndan \u00fclkeye gelmeye ba\u015flad\u0131."},{"@type":"BreadcrumbList","@id":"https:\/\/memurunsesi.net\/index.php\/2025\/06\/13\/iran-israil-arasindaki-gerginlik-tirmandi-turk-vatandaslari-turkiyeye-donmek-icin-sinir-kapilarindan-giris-yapti\/#breadcrumb","itemListElement":[{"@type":"ListItem","position":1,"name":"Anasayfa","item":"https:\/\/memurunsesi.net\/"},{"@type":"ListItem","position":2,"name":"\u0130ran-\u0130srail aras\u0131ndaki gerginlik t\u0131rmand\u0131: T\u00fcrk vatanda\u015flar\u0131 T\u00fcrkiye&#8217;ye d\u00f6nmek i\u00e7in s\u0131n\u0131r kap\u0131lar\u0131ndan giri\u015f yapt\u0131"}]},{"@type":"WebSite","@id":"https:\/\/memurunsesi.net\/#website","url":"https:\/\/memurunsesi.net\/","name":"Memurun Sesi","description":"G\u00fcncel ve Do\u011fru Haber","publisher":{"@id":"https:\/\/memurunsesi.net\/#organization"},"potentialAction":[{"@type":"SearchAction","target":{"@type":"EntryPoint","urlTemplate":"https:\/\/memurunsesi.net\/?s={search_term_string}"},"query-input":{"@type":"PropertyValueSpecification","valueRequired":true,"valueName":"search_term_string"}}],"inLanguage":"tr"},{"@type":"Organization","@id":"https:\/\/memurunsesi.net\/#organization","name":"Memurun Sesi","url":"https:\/\/memurunsesi.net\/","logo":{"@type":"ImageObject","inLanguage":"tr","@id":"https:\/\/memurunsesi.net\/#\/schema\/logo\/image\/","url":"https:\/\/memurunsesi.net\/wp-content\/uploads\/2025\/11\/cropped-MEMURUN-SESI.png","contentUrl":"https:\/\/memurunsesi.net\/wp-content\/uploads\/2025\/11\/cropped-MEMURUN-SESI.png","width":238,"height":57,"caption":"Memurun Sesi"},"image":{"@id":"https:\/\/memurunsesi.net\/#\/schema\/logo\/image\/"},"sameAs":["https:\/\/www.facebook.com\/unipersen\/?locale=tr_TR","https:\/\/x.com\/unipersen"]},{"@type":"Person","@id":"https:\/\/memurunsesi.net\/#\/schema\/person\/f21c2d73b89f6ee1d80b0a1803e38587","name":"Memurun Sesi Haber Merkezi","image":{"@type":"ImageObject","inLanguage":"tr","@id":"https:\/\/secure.gravatar.com\/avatar\/6cf0505f452ee753f485014986fab09a434671d2b919ee76fc541025c5876a70?s=96&d=mm&r=g","url":"https:\/\/secure.gravatar.com\/avatar\/6cf0505f452ee753f485014986fab09a434671d2b919ee76fc541025c5876a70?s=96&d=mm&r=g","contentUrl":"https:\/\/secure.gravatar.com\/avatar\/6cf0505f452ee753f485014986fab09a434671d2b919ee76fc541025c5876a70?s=96&d=mm&r=g","caption":"Memurun Sesi Haber Merkezi"},"sameAs":["https:\/\/memurunsesi.net"],"url":"https:\/\/memurunsesi.net\/index.php\/author\/uniper\/"}]}},"_links":{"self":[{"href":"https:\/\/memurunsesi.net\/index.php\/wp-json\/wp\/v2\/posts\/7982","targetHints":{"allow":["GET"]}}],"collection":[{"href":"https:\/\/memurunsesi.net\/index.php\/wp-json\/wp\/v2\/posts"}],"about":[{"href":"https:\/\/memurunsesi.net\/index.php\/wp-json\/wp\/v2\/types\/post"}],"author":[{"embeddable":true,"href":"https:\/\/memurunsesi.net\/index.php\/wp-json\/wp\/v2\/users\/1"}],"replies":[{"embeddable":true,"href":"https:\/\/memurunsesi.net\/index.php\/wp-json\/wp\/v2\/comments?post=7982"}],"version-history":[{"count":1,"href":"https:\/\/memurunsesi.net\/index.php\/wp-json\/wp\/v2\/posts\/7982\/revisions"}],"predecessor-version":[{"id":7984,"href":"https:\/\/memurunsesi.net\/index.php\/wp-json\/wp\/v2\/posts\/7982\/revisions\/7984"}],"wp:featuredmedia":[{"embeddable":true,"href":"https:\/\/memurunsesi.net\/index.php\/wp-json\/wp\/v2\/media\/7983"}],"wp:attachment":[{"href":"https:\/\/memurunsesi.net\/index.php\/wp-json\/wp\/v2\/media?parent=7982"}],"wp:term":[{"taxonomy":"category","embeddable":true,"href":"https:\/\/memurunsesi.net\/index.php\/wp-json\/wp\/v2\/categories?post=7982"},{"taxonomy":"post_tag","embeddable":true,"href":"https:\/\/memurunsesi.net\/index.php\/wp-json\/wp\/v2\/tags?post=7982"}],"curies":[{"name":"wp","href":"https:\/\/api.w.org\/{rel}","templated":true}]}}