{"id":7988,"date":"2025-06-14T11:57:01","date_gmt":"2025-06-14T08:57:01","guid":{"rendered":"https:\/\/memurunsesi.net\/?p=7988"},"modified":"2025-06-14T11:57:01","modified_gmt":"2025-06-14T08:57:01","slug":"jandarma-genel-komutanliginin-186nci-kurulus-yil-donumunde-sehitler-kabri-basinda-anildi","status":"publish","type":"post","link":"https:\/\/memurunsesi.net\/index.php\/2025\/06\/14\/jandarma-genel-komutanliginin-186nci-kurulus-yil-donumunde-sehitler-kabri-basinda-anildi\/","title":{"rendered":"Jandarma Genel Komutanl\u0131\u011f\u0131\u2019n\u0131n 186\u2019nc\u0131 kurulu\u015f y\u0131l d\u00f6n\u00fcm\u00fcnde \u015fehitler kabri ba\u015f\u0131nda an\u0131ld\u0131"},"content":{"rendered":"<p><div style=\"width: 512px;\" class=\"wp-video\"><video class=\"wp-video-shortcode\" id=\"video-7988-1\" width=\"512\" height=\"288\" preload=\"metadata\" controls=\"controls\"><source type=\"video\/mp4\" src=\"https:\/\/memurunsesi.net\/wp-content\/uploads\/2025\/06\/A81C2174-A1F1-4AA1-9331-60DE7716EFBE.mp4?_=1\" \/><a href=\"https:\/\/memurunsesi.net\/wp-content\/uploads\/2025\/06\/A81C2174-A1F1-4AA1-9331-60DE7716EFBE.mp4\">https:\/\/memurunsesi.net\/wp-content\/uploads\/2025\/06\/A81C2174-A1F1-4AA1-9331-60DE7716EFBE.mp4<\/a><\/video><\/div> Jandarma Genel Komutanl\u0131\u011f\u0131n\u0131n 186\u2019nc\u0131 kurulu\u015f y\u0131l d\u00f6n\u00fcm\u00fcnde jandarma \u015fehitleri, kabirleri ba\u015f\u0131nda an\u0131ld\u0131. \u015eehit mezarlar\u0131n\u0131 ziyaret eden Jandarma personeli ve protokol \u00fcyeleri kabirlere karanfil b\u0131rakarak dua etti.<br \/>\n  Jandarma Genel Komutanl\u0131\u011f\u0131n\u0131n 186\u2019nc\u0131 kurulu\u015f y\u0131l d\u00f6n\u00fcm\u00fc nedeniyle Edirnekap\u0131 \u015eehitli\u011fi\u2019nde anma program\u0131 d\u00fczenlendi. Anma program\u0131na \u0130stanbul \u0130l Jandarma Komutan\u0131 T\u00fcmgeneral Yusuf Kenan Topcu, komutanlar ve askerler kat\u0131ld\u0131. \u015eehitlikteki ziyaretin ard\u0131ndan Kur\u2019an-\u0131 Kerim okunup dualar edildi. Kat\u0131l\u0131mc\u0131lar, aziz \u015fehitlerin kabirlerine karanfil b\u0131rakarak dua etti.                                         <\/p>\n","protected":false},"excerpt":{"rendered":"<p>Jandarma Genel Komutanl\u0131\u011f\u0131n\u0131n 186\u2019nc\u0131 kurulu\u015f y\u0131l d\u00f6n\u00fcm\u00fcnde jandarma \u015fehitleri, kabirleri ba\u015f\u0131nda an\u0131ld\u0131. \u015eehit mezarlar\u0131n\u0131 ziyaret eden Jandarma personeli ve protokol \u00fcyeleri kabirlere karanfil b\u0131rakarak dua etti. Jandarma Genel Komutanl\u0131\u011f\u0131n\u0131n 186\u2019nc\u0131 kurulu\u015f y\u0131l d\u00f6n\u00fcm\u00fc nedeniyle Edirnekap\u0131 \u015eehitli\u011fi\u2019nde anma program\u0131 d\u00fczenlendi. Anma program\u0131na \u0130stanbul \u0130l Jandarma Komutan\u0131 T\u00fcmgeneral Yusuf Kenan Topcu, komutanlar ve askerler kat\u0131ld\u0131. \u015eehitlikteki ziyaretin [&hellip;]<\/p>\n","protected":false},"author":1,"featured_media":0,"comment_status":"open","ping_status":"open","sticky":false,"template":"","format":"standard","meta":{"footnotes":""},"categories":[45],"tags":[],"class_list":["post-7988","post","type-post","status-publish","format-standard","hentry","category-gundem"],"yoast_head":"<!-- This site is optimized with the Yoast SEO plugin v27.4 - https:\/\/yoast.com\/product\/yoast-seo-wordpress\/ -->\n<title>Jandarma Genel Komutanl\u0131\u011f\u0131\u2019n\u0131n 186\u2019nc\u0131 kurulu\u015f y\u0131l d\u00f6n\u00fcm\u00fcnde \u015fehitler kabri ba\u015f\u0131nda an\u0131ld\u0131 - Memurun Sesi<\/title>\n<meta name=\"robots\" content=\"index, follow, max-snippet:-1, max-image-preview:large, max-video-preview:-1\" \/>\n<link rel=\"canonical\" href=\"https:\/\/memurunsesi.net\/index.php\/2025\/06\/14\/jandarma-genel-komutanliginin-186nci-kurulus-yil-donumunde-sehitler-kabri-basinda-anildi\/\" \/>\n<meta property=\"og:locale\" content=\"tr_TR\" \/>\n<meta property=\"og:type\" content=\"article\" \/>\n<meta property=\"og:title\" content=\"Jandarma Genel Komutanl\u0131\u011f\u0131\u2019n\u0131n 186\u2019nc\u0131 kurulu\u015f y\u0131l d\u00f6n\u00fcm\u00fcnde \u015fehitler kabri ba\u015f\u0131nda an\u0131ld\u0131 - Memurun Sesi\" \/>\n<meta property=\"og:description\" content=\"Jandarma Genel Komutanl\u0131\u011f\u0131n\u0131n 186\u2019nc\u0131 kurulu\u015f y\u0131l d\u00f6n\u00fcm\u00fcnde jandarma \u015fehitleri, kabirleri ba\u015f\u0131nda an\u0131ld\u0131. \u015eehit mezarlar\u0131n\u0131 ziyaret eden Jandarma personeli ve protokol \u00fcyeleri kabirlere karanfil b\u0131rakarak dua etti. Jandarma Genel Komutanl\u0131\u011f\u0131n\u0131n 186\u2019nc\u0131 kurulu\u015f y\u0131l d\u00f6n\u00fcm\u00fc nedeniyle Edirnekap\u0131 \u015eehitli\u011fi\u2019nde anma program\u0131 d\u00fczenlendi. Anma program\u0131na \u0130stanbul \u0130l Jandarma Komutan\u0131 T\u00fcmgeneral Yusuf Kenan Topcu, komutanlar ve askerler kat\u0131ld\u0131. \u015eehitlikteki ziyaretin [&hellip;]\" \/>\n<meta property=\"og:url\" content=\"https:\/\/memurunsesi.net\/index.php\/2025\/06\/14\/jandarma-genel-komutanliginin-186nci-kurulus-yil-donumunde-sehitler-kabri-basinda-anildi\/\" \/>\n<meta property=\"og:site_name\" content=\"Memurun Sesi\" \/>\n<meta property=\"article:publisher\" content=\"https:\/\/www.facebook.com\/unipersen\/?locale=tr_TR\" \/>\n<meta property=\"article:published_time\" content=\"2025-06-14T08:57:01+00:00\" \/>\n<meta name=\"author\" content=\"Memurun Sesi Haber Merkezi\" \/>\n<meta name=\"twitter:card\" content=\"summary_large_image\" \/>\n<meta name=\"twitter:creator\" content=\"@unipersen\" \/>\n<meta name=\"twitter:site\" content=\"@unipersen\" \/>\n<meta name=\"twitter:label1\" content=\"Yazan:\" \/>\n\t<meta name=\"twitter:data1\" content=\"Memurun Sesi Haber Merkezi\" \/>\n<script type=\"application\/ld+json\" class=\"yoast-schema-graph\">{\"@context\":\"https:\\\/\\\/schema.org\",\"@graph\":[{\"@type\":\"Article\",\"@id\":\"https:\\\/\\\/memurunsesi.net\\\/index.php\\\/2025\\\/06\\\/14\\\/jandarma-genel-komutanliginin-186nci-kurulus-yil-donumunde-sehitler-kabri-basinda-anildi\\\/#article\",\"isPartOf\":{\"@id\":\"https:\\\/\\\/memurunsesi.net\\\/index.php\\\/2025\\\/06\\\/14\\\/jandarma-genel-komutanliginin-186nci-kurulus-yil-donumunde-sehitler-kabri-basinda-anildi\\\/\"},\"author\":{\"name\":\"Memurun Sesi Haber Merkezi\",\"@id\":\"https:\\\/\\\/memurunsesi.net\\\/#\\\/schema\\\/person\\\/f21c2d73b89f6ee1d80b0a1803e38587\"},\"headline\":\"Jandarma Genel Komutanl\u0131\u011f\u0131\u2019n\u0131n 186\u2019nc\u0131 kurulu\u015f y\u0131l d\u00f6n\u00fcm\u00fcnde \u015fehitler kabri ba\u015f\u0131nda an\u0131ld\u0131\",\"datePublished\":\"2025-06-14T08:57:01+00:00\",\"mainEntityOfPage\":{\"@id\":\"https:\\\/\\\/memurunsesi.net\\\/index.php\\\/2025\\\/06\\\/14\\\/jandarma-genel-komutanliginin-186nci-kurulus-yil-donumunde-sehitler-kabri-basinda-anildi\\\/\"},\"wordCount\":136,\"commentCount\":0,\"publisher\":{\"@id\":\"https:\\\/\\\/memurunsesi.net\\\/#organization\"},\"articleSection\":[\"G\u00fcndem\"],\"inLanguage\":\"tr\",\"potentialAction\":[{\"@type\":\"CommentAction\",\"name\":\"Comment\",\"target\":[\"https:\\\/\\\/memurunsesi.net\\\/index.php\\\/2025\\\/06\\\/14\\\/jandarma-genel-komutanliginin-186nci-kurulus-yil-donumunde-sehitler-kabri-basinda-anildi\\\/#respond\"]}]},{\"@type\":\"WebPage\",\"@id\":\"https:\\\/\\\/memurunsesi.net\\\/index.php\\\/2025\\\/06\\\/14\\\/jandarma-genel-komutanliginin-186nci-kurulus-yil-donumunde-sehitler-kabri-basinda-anildi\\\/\",\"url\":\"https:\\\/\\\/memurunsesi.net\\\/index.php\\\/2025\\\/06\\\/14\\\/jandarma-genel-komutanliginin-186nci-kurulus-yil-donumunde-sehitler-kabri-basinda-anildi\\\/\",\"name\":\"Jandarma Genel Komutanl\u0131\u011f\u0131\u2019n\u0131n 186\u2019nc\u0131 kurulu\u015f y\u0131l d\u00f6n\u00fcm\u00fcnde \u015fehitler kabri ba\u015f\u0131nda an\u0131ld\u0131 - Memurun Sesi\",\"isPartOf\":{\"@id\":\"https:\\\/\\\/memurunsesi.net\\\/#website\"},\"datePublished\":\"2025-06-14T08:57:01+00:00\",\"breadcrumb\":{\"@id\":\"https:\\\/\\\/memurunsesi.net\\\/index.php\\\/2025\\\/06\\\/14\\\/jandarma-genel-komutanliginin-186nci-kurulus-yil-donumunde-sehitler-kabri-basinda-anildi\\\/#breadcrumb\"},\"inLanguage\":\"tr\",\"potentialAction\":[{\"@type\":\"ReadAction\",\"target\":[\"https:\\\/\\\/memurunsesi.net\\\/index.php\\\/2025\\\/06\\\/14\\\/jandarma-genel-komutanliginin-186nci-kurulus-yil-donumunde-sehitler-kabri-basinda-anildi\\\/\"]}]},{\"@type\":\"BreadcrumbList\",\"@id\":\"https:\\\/\\\/memurunsesi.net\\\/index.php\\\/2025\\\/06\\\/14\\\/jandarma-genel-komutanliginin-186nci-kurulus-yil-donumunde-sehitler-kabri-basinda-anildi\\\/#breadcrumb\",\"itemListElement\":[{\"@type\":\"ListItem\",\"position\":1,\"name\":\"Anasayfa\",\"item\":\"https:\\\/\\\/memurunsesi.net\\\/\"},{\"@type\":\"ListItem\",\"position\":2,\"name\":\"Jandarma Genel Komutanl\u0131\u011f\u0131\u2019n\u0131n 186\u2019nc\u0131 kurulu\u015f y\u0131l d\u00f6n\u00fcm\u00fcnde \u015fehitler kabri ba\u015f\u0131nda an\u0131ld\u0131\"}]},{\"@type\":\"WebSite\",\"@id\":\"https:\\\/\\\/memurunsesi.net\\\/#website\",\"url\":\"https:\\\/\\\/memurunsesi.net\\\/\",\"name\":\"Memurun Sesi\",\"description\":\"G\u00fcncel ve Do\u011fru Haber\",\"publisher\":{\"@id\":\"https:\\\/\\\/memurunsesi.net\\\/#organization\"},\"potentialAction\":[{\"@type\":\"SearchAction\",\"target\":{\"@type\":\"EntryPoint\",\"urlTemplate\":\"https:\\\/\\\/memurunsesi.net\\\/?s={search_term_string}\"},\"query-input\":{\"@type\":\"PropertyValueSpecification\",\"valueRequired\":true,\"valueName\":\"search_term_string\"}}],\"inLanguage\":\"tr\"},{\"@type\":\"Organization\",\"@id\":\"https:\\\/\\\/memurunsesi.net\\\/#organization\",\"name\":\"Memurun Sesi\",\"url\":\"https:\\\/\\\/memurunsesi.net\\\/\",\"logo\":{\"@type\":\"ImageObject\",\"inLanguage\":\"tr\",\"@id\":\"https:\\\/\\\/memurunsesi.net\\\/#\\\/schema\\\/logo\\\/image\\\/\",\"url\":\"https:\\\/\\\/memurunsesi.net\\\/wp-content\\\/uploads\\\/2025\\\/11\\\/cropped-MEMURUN-SESI.png\",\"contentUrl\":\"https:\\\/\\\/memurunsesi.net\\\/wp-content\\\/uploads\\\/2025\\\/11\\\/cropped-MEMURUN-SESI.png\",\"width\":238,\"height\":57,\"caption\":\"Memurun Sesi\"},\"image\":{\"@id\":\"https:\\\/\\\/memurunsesi.net\\\/#\\\/schema\\\/logo\\\/image\\\/\"},\"sameAs\":[\"https:\\\/\\\/www.facebook.com\\\/unipersen\\\/?locale=tr_TR\",\"https:\\\/\\\/x.com\\\/unipersen\"]},{\"@type\":\"Person\",\"@id\":\"https:\\\/\\\/memurunsesi.net\\\/#\\\/schema\\\/person\\\/f21c2d73b89f6ee1d80b0a1803e38587\",\"name\":\"Memurun Sesi Haber Merkezi\",\"image\":{\"@type\":\"ImageObject\",\"inLanguage\":\"tr\",\"@id\":\"https:\\\/\\\/secure.gravatar.com\\\/avatar\\\/6cf0505f452ee753f485014986fab09a434671d2b919ee76fc541025c5876a70?s=96&d=mm&r=g\",\"url\":\"https:\\\/\\\/secure.gravatar.com\\\/avatar\\\/6cf0505f452ee753f485014986fab09a434671d2b919ee76fc541025c5876a70?s=96&d=mm&r=g\",\"contentUrl\":\"https:\\\/\\\/secure.gravatar.com\\\/avatar\\\/6cf0505f452ee753f485014986fab09a434671d2b919ee76fc541025c5876a70?s=96&d=mm&r=g\",\"caption\":\"Memurun Sesi Haber Merkezi\"},\"sameAs\":[\"https:\\\/\\\/memurunsesi.net\"],\"url\":\"https:\\\/\\\/memurunsesi.net\\\/index.php\\\/author\\\/uniper\\\/\"}]}<\/script>\n<!-- \/ Yoast SEO plugin. -->","yoast_head_json":{"title":"Jandarma Genel Komutanl\u0131\u011f\u0131\u2019n\u0131n 186\u2019nc\u0131 kurulu\u015f y\u0131l d\u00f6n\u00fcm\u00fcnde \u015fehitler kabri ba\u015f\u0131nda an\u0131ld\u0131 - Memurun Sesi","robots":{"index":"index","follow":"follow","max-snippet":"max-snippet:-1","max-image-preview":"max-image-preview:large","max-video-preview":"max-video-preview:-1"},"canonical":"https:\/\/memurunsesi.net\/index.php\/2025\/06\/14\/jandarma-genel-komutanliginin-186nci-kurulus-yil-donumunde-sehitler-kabri-basinda-anildi\/","og_locale":"tr_TR","og_type":"article","og_title":"Jandarma Genel Komutanl\u0131\u011f\u0131\u2019n\u0131n 186\u2019nc\u0131 kurulu\u015f y\u0131l d\u00f6n\u00fcm\u00fcnde \u015fehitler kabri ba\u015f\u0131nda an\u0131ld\u0131 - Memurun Sesi","og_description":"Jandarma Genel Komutanl\u0131\u011f\u0131n\u0131n 186\u2019nc\u0131 kurulu\u015f y\u0131l d\u00f6n\u00fcm\u00fcnde jandarma \u015fehitleri, kabirleri ba\u015f\u0131nda an\u0131ld\u0131. \u015eehit mezarlar\u0131n\u0131 ziyaret eden Jandarma personeli ve protokol \u00fcyeleri kabirlere karanfil b\u0131rakarak dua etti. Jandarma Genel Komutanl\u0131\u011f\u0131n\u0131n 186\u2019nc\u0131 kurulu\u015f y\u0131l d\u00f6n\u00fcm\u00fc nedeniyle Edirnekap\u0131 \u015eehitli\u011fi\u2019nde anma program\u0131 d\u00fczenlendi. Anma program\u0131na \u0130stanbul \u0130l Jandarma Komutan\u0131 T\u00fcmgeneral Yusuf Kenan Topcu, komutanlar ve askerler kat\u0131ld\u0131. \u015eehitlikteki ziyaretin [&hellip;]","og_url":"https:\/\/memurunsesi.net\/index.php\/2025\/06\/14\/jandarma-genel-komutanliginin-186nci-kurulus-yil-donumunde-sehitler-kabri-basinda-anildi\/","og_site_name":"Memurun Sesi","article_publisher":"https:\/\/www.facebook.com\/unipersen\/?locale=tr_TR","article_published_time":"2025-06-14T08:57:01+00:00","author":"Memurun Sesi Haber Merkezi","twitter_card":"summary_large_image","twitter_creator":"@unipersen","twitter_site":"@unipersen","twitter_misc":{"Yazan:":"Memurun Sesi Haber Merkezi"},"schema":{"@context":"https:\/\/schema.org","@graph":[{"@type":"Article","@id":"https:\/\/memurunsesi.net\/index.php\/2025\/06\/14\/jandarma-genel-komutanliginin-186nci-kurulus-yil-donumunde-sehitler-kabri-basinda-anildi\/#article","isPartOf":{"@id":"https:\/\/memurunsesi.net\/index.php\/2025\/06\/14\/jandarma-genel-komutanliginin-186nci-kurulus-yil-donumunde-sehitler-kabri-basinda-anildi\/"},"author":{"name":"Memurun Sesi Haber Merkezi","@id":"https:\/\/memurunsesi.net\/#\/schema\/person\/f21c2d73b89f6ee1d80b0a1803e38587"},"headline":"Jandarma Genel Komutanl\u0131\u011f\u0131\u2019n\u0131n 186\u2019nc\u0131 kurulu\u015f y\u0131l d\u00f6n\u00fcm\u00fcnde \u015fehitler kabri ba\u015f\u0131nda an\u0131ld\u0131","datePublished":"2025-06-14T08:57:01+00:00","mainEntityOfPage":{"@id":"https:\/\/memurunsesi.net\/index.php\/2025\/06\/14\/jandarma-genel-komutanliginin-186nci-kurulus-yil-donumunde-sehitler-kabri-basinda-anildi\/"},"wordCount":136,"commentCount":0,"publisher":{"@id":"https:\/\/memurunsesi.net\/#organization"},"articleSection":["G\u00fcndem"],"inLanguage":"tr","potentialAction":[{"@type":"CommentAction","name":"Comment","target":["https:\/\/memurunsesi.net\/index.php\/2025\/06\/14\/jandarma-genel-komutanliginin-186nci-kurulus-yil-donumunde-sehitler-kabri-basinda-anildi\/#respond"]}]},{"@type":"WebPage","@id":"https:\/\/memurunsesi.net\/index.php\/2025\/06\/14\/jandarma-genel-komutanliginin-186nci-kurulus-yil-donumunde-sehitler-kabri-basinda-anildi\/","url":"https:\/\/memurunsesi.net\/index.php\/2025\/06\/14\/jandarma-genel-komutanliginin-186nci-kurulus-yil-donumunde-sehitler-kabri-basinda-anildi\/","name":"Jandarma Genel Komutanl\u0131\u011f\u0131\u2019n\u0131n 186\u2019nc\u0131 kurulu\u015f y\u0131l d\u00f6n\u00fcm\u00fcnde \u015fehitler kabri ba\u015f\u0131nda an\u0131ld\u0131 - Memurun Sesi","isPartOf":{"@id":"https:\/\/memurunsesi.net\/#website"},"datePublished":"2025-06-14T08:57:01+00:00","breadcrumb":{"@id":"https:\/\/memurunsesi.net\/index.php\/2025\/06\/14\/jandarma-genel-komutanliginin-186nci-kurulus-yil-donumunde-sehitler-kabri-basinda-anildi\/#breadcrumb"},"inLanguage":"tr","potentialAction":[{"@type":"ReadAction","target":["https:\/\/memurunsesi.net\/index.php\/2025\/06\/14\/jandarma-genel-komutanliginin-186nci-kurulus-yil-donumunde-sehitler-kabri-basinda-anildi\/"]}]},{"@type":"BreadcrumbList","@id":"https:\/\/memurunsesi.net\/index.php\/2025\/06\/14\/jandarma-genel-komutanliginin-186nci-kurulus-yil-donumunde-sehitler-kabri-basinda-anildi\/#breadcrumb","itemListElement":[{"@type":"ListItem","position":1,"name":"Anasayfa","item":"https:\/\/memurunsesi.net\/"},{"@type":"ListItem","position":2,"name":"Jandarma Genel Komutanl\u0131\u011f\u0131\u2019n\u0131n 186\u2019nc\u0131 kurulu\u015f y\u0131l d\u00f6n\u00fcm\u00fcnde \u015fehitler kabri ba\u015f\u0131nda an\u0131ld\u0131"}]},{"@type":"WebSite","@id":"https:\/\/memurunsesi.net\/#website","url":"https:\/\/memurunsesi.net\/","name":"Memurun Sesi","description":"G\u00fcncel ve Do\u011fru Haber","publisher":{"@id":"https:\/\/memurunsesi.net\/#organization"},"potentialAction":[{"@type":"SearchAction","target":{"@type":"EntryPoint","urlTemplate":"https:\/\/memurunsesi.net\/?s={search_term_string}"},"query-input":{"@type":"PropertyValueSpecification","valueRequired":true,"valueName":"search_term_string"}}],"inLanguage":"tr"},{"@type":"Organization","@id":"https:\/\/memurunsesi.net\/#organization","name":"Memurun Sesi","url":"https:\/\/memurunsesi.net\/","logo":{"@type":"ImageObject","inLanguage":"tr","@id":"https:\/\/memurunsesi.net\/#\/schema\/logo\/image\/","url":"https:\/\/memurunsesi.net\/wp-content\/uploads\/2025\/11\/cropped-MEMURUN-SESI.png","contentUrl":"https:\/\/memurunsesi.net\/wp-content\/uploads\/2025\/11\/cropped-MEMURUN-SESI.png","width":238,"height":57,"caption":"Memurun Sesi"},"image":{"@id":"https:\/\/memurunsesi.net\/#\/schema\/logo\/image\/"},"sameAs":["https:\/\/www.facebook.com\/unipersen\/?locale=tr_TR","https:\/\/x.com\/unipersen"]},{"@type":"Person","@id":"https:\/\/memurunsesi.net\/#\/schema\/person\/f21c2d73b89f6ee1d80b0a1803e38587","name":"Memurun Sesi Haber Merkezi","image":{"@type":"ImageObject","inLanguage":"tr","@id":"https:\/\/secure.gravatar.com\/avatar\/6cf0505f452ee753f485014986fab09a434671d2b919ee76fc541025c5876a70?s=96&d=mm&r=g","url":"https:\/\/secure.gravatar.com\/avatar\/6cf0505f452ee753f485014986fab09a434671d2b919ee76fc541025c5876a70?s=96&d=mm&r=g","contentUrl":"https:\/\/secure.gravatar.com\/avatar\/6cf0505f452ee753f485014986fab09a434671d2b919ee76fc541025c5876a70?s=96&d=mm&r=g","caption":"Memurun Sesi Haber Merkezi"},"sameAs":["https:\/\/memurunsesi.net"],"url":"https:\/\/memurunsesi.net\/index.php\/author\/uniper\/"}]}},"_links":{"self":[{"href":"https:\/\/memurunsesi.net\/index.php\/wp-json\/wp\/v2\/posts\/7988","targetHints":{"allow":["GET"]}}],"collection":[{"href":"https:\/\/memurunsesi.net\/index.php\/wp-json\/wp\/v2\/posts"}],"about":[{"href":"https:\/\/memurunsesi.net\/index.php\/wp-json\/wp\/v2\/types\/post"}],"author":[{"embeddable":true,"href":"https:\/\/memurunsesi.net\/index.php\/wp-json\/wp\/v2\/users\/1"}],"replies":[{"embeddable":true,"href":"https:\/\/memurunsesi.net\/index.php\/wp-json\/wp\/v2\/comments?post=7988"}],"version-history":[{"count":1,"href":"https:\/\/memurunsesi.net\/index.php\/wp-json\/wp\/v2\/posts\/7988\/revisions"}],"predecessor-version":[{"id":7990,"href":"https:\/\/memurunsesi.net\/index.php\/wp-json\/wp\/v2\/posts\/7988\/revisions\/7990"}],"wp:attachment":[{"href":"https:\/\/memurunsesi.net\/index.php\/wp-json\/wp\/v2\/media?parent=7988"}],"wp:term":[{"taxonomy":"category","embeddable":true,"href":"https:\/\/memurunsesi.net\/index.php\/wp-json\/wp\/v2\/categories?post=7988"},{"taxonomy":"post_tag","embeddable":true,"href":"https:\/\/memurunsesi.net\/index.php\/wp-json\/wp\/v2\/tags?post=7988"}],"curies":[{"name":"wp","href":"https:\/\/api.w.org\/{rel}","templated":true}]}}