{"id":7998,"date":"2025-06-14T12:03:32","date_gmt":"2025-06-14T09:03:32","guid":{"rendered":"https:\/\/memurunsesi.net\/?p=7998"},"modified":"2025-06-14T12:03:32","modified_gmt":"2025-06-14T09:03:32","slug":"mehmet-cevik-bu-sefer-de-koy-agasi-olup-traktor-kullandi","status":"publish","type":"post","link":"https:\/\/memurunsesi.net\/index.php\/2025\/06\/14\/mehmet-cevik-bu-sefer-de-koy-agasi-olup-traktor-kullandi\/","title":{"rendered":"Mehmet \u00c7evik bu sefer de k\u00f6y a\u011fas\u0131 olup trakt\u00f6r kulland\u0131"},"content":{"rendered":"<p>  &#8211; Mehmet \u00c7evik k\u00f6y hayat\u0131n\u0131 anlatan yeni klibi i\u00e7in kamera kar\u015f\u0131s\u0131na ge\u00e7ti<br \/>\n  &#8211; Renkli g\u00f6r\u00fcnt\u00fclerin olu\u015ftu\u011fu klip \u00e7ekiminde manken k\u0131zlar az daha trakt\u00f6rden d\u00fc\u015f\u00fcyordu <\/p>\n<p>  Yeni \u015fark\u0131s\u0131n\u0131n klibinde k\u00f6y a\u011fas\u0131 olan Mehmet \u00c7evik trakt\u00f6r kullan\u0131p tarla s\u00fcrd\u00fc. K\u00f6yden trakt\u00f6rle bah\u00e7eye gidene kadar trafi\u011fi birbirine katan \u00fcnl\u00fc sanat\u00e7\u0131, trakt\u00f6r\u00fcn azizli\u011fine u\u011fray\u0131nca az daha manken k\u0131zlar r\u00f6morktan d\u00fc\u015f\u00fcyordu.<br \/>\n  Mehmet \u00c7evik yaza damga vurmaya haz\u0131rland\u0131\u011f\u0131 &#8220;lingo lingo \u015fi\u015feler&#8221; isimli yeni \u015fark\u0131s\u0131na klip \u00e7ekmek i\u00e7in bir kez daha kamera kar\u015f\u0131s\u0131na ge\u00e7ti.<br \/>\n  Bursa&#8217;n\u0131n Mudanya il\u00e7esine ba\u011fl\u0131 \u015firin bir k\u00f6yde \u00e7ekilen klip renkli g\u00f6r\u00fcnt\u00fclere sahne oldu. \u00dcnl\u00fc sanat\u00e7\u0131n\u0131n bir k\u00f6y a\u011fas\u0131n\u0131 canland\u0131rd\u0131\u011f\u0131 klipte trakt\u00f6r kulland\u0131\u011f\u0131 anlar herkesin y\u00fcre\u011fini a\u011fz\u0131na getirdi. Takviye viteste kalan trakt\u00f6r seri hareket edince manken k\u0131zlar az daha r\u00f6morkun \u00fczerinden d\u00fc\u015f\u00fcyordu. Trakt\u00f6r\u00fcn sahibine k\u0131zarak bunu yava\u015fa al\u0131n diye seslenen \u00c7evik, bir ka\u00e7 denemenin ard\u0131ndan do\u011fru vitesi bulup trakt\u00f6r\u00fc hareket ettirdi.<br \/>\n  \u00c7ekim sonras\u0131 a\u00e7\u0131klama yapan sanat\u00e7\u0131, \u00e7ekimin yap\u0131ld\u0131\u011f\u0131 k\u00f6y\u00fcn muhtar\u0131n\u0131n aile dostu oldu\u011funu belirterek, &#8220;Mehmet abi bana evinin kap\u0131lar\u0131n\u0131 a\u00e7 dedim sa\u011folsun beni k\u0131rmad\u0131. Do\u011fal k\u00f6y ortam\u0131nda \u00e7ok renkli bir klip oldu. U\u00e7ak ve attan sonra \u015fimdide trakt\u00f6r daha neler kullanaca\u011f\u0131z bakal\u0131m hep birlikte g\u00f6rece\u011fiz&#8221; dedi.<br \/>\n  Daha \u00f6nce hi\u00e7 trakt\u00f6r kullanmad\u0131\u011f\u0131n\u0131 da belirten \u00c7evik, &#8220;Ayn\u0131 araba gibi ama ben araba kullanmay\u0131 da sevmedi\u011fim i\u00e7in bana zor geldi. Ne yapal\u0131m art\u0131k klip i\u00e7in sabahlara kadar trakt\u00f6r kullanaca\u011f\u0131z&#8221; diye konu\u015ftu.<br \/>\n  \u00c7evik, s\u00f6z ve m\u00fczi\u011fi Ahmet Nurettin \u00c7aml\u0131da\u011f&#8217;a ait olan klasikle\u015fmi\u015f \u015fark\u0131ya getirdi\u011fi taze soluk ve g\u00fc\u00e7l\u00fc vokaliyle hayranlar\u0131n\u0131 etkilemeyi ba\u015far\u0131rken, g\u00fcnlerce st\u00fcdyoda s\u00fcren titiz \u00e7al\u0131\u015fmalar\u0131n\u0131n meyvesini ald\u0131. \u015eark\u0131n\u0131n Ercan Bakal\u0131mo\u011flu taraf\u0131ndan yap\u0131lan enerjik ritmi ve dinamik d\u00fczenlemesi, e\u011flenceye d\u00fc\u015fk\u00fcn m\u00fczikseverlerin favorisi olmaya aday g\u00f6r\u00fcn\u00fcyor.<br \/>\n  Do\u011fa ile i\u00e7 i\u00e7e, samimi bir k\u00f6y atmosferinde Enes Bilal Ta\u015fc\u0131 taraf\u0131ndan \u00e7ekilen klip k\u0131sa s\u00fcrede milyonlara ula\u015farak b\u00fcy\u00fck be\u011feni kazanmay\u0131 hedefliyor.<br \/>\n  Mehmet \u00c7evik&#8217;in m\u00fczik d\u00fcnyas\u0131ndaki iddias\u0131n\u0131 bir kez daha ortaya koyan &#8220;Lingo Lingo \u015ei\u015feler&#8221;, yaz mevsiminin en \u00e7ok konu\u015fulan hitlerinden biri olmaya haz\u0131r. <\/p>\n<p>14.06.2025                                 <\/p>\n","protected":false},"excerpt":{"rendered":"<p>&#8211; Mehmet \u00c7evik k\u00f6y hayat\u0131n\u0131 anlatan yeni klibi i\u00e7in kamera kar\u015f\u0131s\u0131na ge\u00e7ti &#8211; Renkli g\u00f6r\u00fcnt\u00fclerin olu\u015ftu\u011fu klip \u00e7ekiminde manken k\u0131zlar az daha trakt\u00f6rden d\u00fc\u015f\u00fcyordu Yeni \u015fark\u0131s\u0131n\u0131n klibinde k\u00f6y a\u011fas\u0131 olan Mehmet \u00c7evik trakt\u00f6r kullan\u0131p tarla s\u00fcrd\u00fc. K\u00f6yden trakt\u00f6rle bah\u00e7eye gidene kadar trafi\u011fi birbirine katan \u00fcnl\u00fc sanat\u00e7\u0131, trakt\u00f6r\u00fcn azizli\u011fine u\u011fray\u0131nca az daha manken k\u0131zlar r\u00f6morktan d\u00fc\u015f\u00fcyordu. [&hellip;]<\/p>\n","protected":false},"author":1,"featured_media":7999,"comment_status":"open","ping_status":"open","sticky":false,"template":"","format":"standard","meta":{"footnotes":""},"categories":[45],"tags":[],"class_list":["post-7998","post","type-post","status-publish","format-standard","has-post-thumbnail","hentry","category-gundem"],"yoast_head":"<!-- This site is optimized with the Yoast SEO plugin v27.4 - https:\/\/yoast.com\/product\/yoast-seo-wordpress\/ -->\n<title>Mehmet \u00c7evik bu sefer de k\u00f6y a\u011fas\u0131 olup trakt\u00f6r kulland\u0131 - Memurun Sesi<\/title>\n<meta name=\"robots\" content=\"index, follow, max-snippet:-1, max-image-preview:large, max-video-preview:-1\" \/>\n<link rel=\"canonical\" href=\"https:\/\/memurunsesi.net\/index.php\/2025\/06\/14\/mehmet-cevik-bu-sefer-de-koy-agasi-olup-traktor-kullandi\/\" \/>\n<meta property=\"og:locale\" content=\"tr_TR\" \/>\n<meta property=\"og:type\" content=\"article\" \/>\n<meta property=\"og:title\" content=\"Mehmet \u00c7evik bu sefer de k\u00f6y a\u011fas\u0131 olup trakt\u00f6r kulland\u0131 - Memurun Sesi\" \/>\n<meta property=\"og:description\" content=\"&#8211; Mehmet \u00c7evik k\u00f6y hayat\u0131n\u0131 anlatan yeni klibi i\u00e7in kamera kar\u015f\u0131s\u0131na ge\u00e7ti &#8211; Renkli g\u00f6r\u00fcnt\u00fclerin olu\u015ftu\u011fu klip \u00e7ekiminde manken k\u0131zlar az daha trakt\u00f6rden d\u00fc\u015f\u00fcyordu Yeni \u015fark\u0131s\u0131n\u0131n klibinde k\u00f6y a\u011fas\u0131 olan Mehmet \u00c7evik trakt\u00f6r kullan\u0131p tarla s\u00fcrd\u00fc. K\u00f6yden trakt\u00f6rle bah\u00e7eye gidene kadar trafi\u011fi birbirine katan \u00fcnl\u00fc sanat\u00e7\u0131, trakt\u00f6r\u00fcn azizli\u011fine u\u011fray\u0131nca az daha manken k\u0131zlar r\u00f6morktan d\u00fc\u015f\u00fcyordu. [&hellip;]\" \/>\n<meta property=\"og:url\" content=\"https:\/\/memurunsesi.net\/index.php\/2025\/06\/14\/mehmet-cevik-bu-sefer-de-koy-agasi-olup-traktor-kullandi\/\" \/>\n<meta property=\"og:site_name\" content=\"Memurun Sesi\" \/>\n<meta property=\"article:publisher\" content=\"https:\/\/www.facebook.com\/unipersen\/?locale=tr_TR\" \/>\n<meta property=\"article:published_time\" content=\"2025-06-14T09:03:32+00:00\" \/>\n<meta property=\"og:image\" content=\"https:\/\/memurunsesi.net\/wp-content\/uploads\/2025\/06\/AW475947_02-scaled.jpg\" \/>\n\t<meta property=\"og:image:width\" content=\"2560\" \/>\n\t<meta property=\"og:image:height\" content=\"1707\" \/>\n\t<meta property=\"og:image:type\" content=\"image\/jpeg\" \/>\n<meta name=\"author\" content=\"Memurun Sesi Haber Merkezi\" \/>\n<meta name=\"twitter:card\" content=\"summary_large_image\" \/>\n<meta name=\"twitter:creator\" content=\"@unipersen\" \/>\n<meta name=\"twitter:site\" content=\"@unipersen\" \/>\n<meta name=\"twitter:label1\" content=\"Yazan:\" \/>\n\t<meta name=\"twitter:data1\" content=\"Memurun Sesi Haber Merkezi\" \/>\n\t<meta name=\"twitter:label2\" content=\"Tahmini okuma s\u00fcresi\" \/>\n\t<meta name=\"twitter:data2\" content=\"1 dakika\" \/>\n<script type=\"application\/ld+json\" class=\"yoast-schema-graph\">{\"@context\":\"https:\\\/\\\/schema.org\",\"@graph\":[{\"@type\":\"Article\",\"@id\":\"https:\\\/\\\/memurunsesi.net\\\/index.php\\\/2025\\\/06\\\/14\\\/mehmet-cevik-bu-sefer-de-koy-agasi-olup-traktor-kullandi\\\/#article\",\"isPartOf\":{\"@id\":\"https:\\\/\\\/memurunsesi.net\\\/index.php\\\/2025\\\/06\\\/14\\\/mehmet-cevik-bu-sefer-de-koy-agasi-olup-traktor-kullandi\\\/\"},\"author\":{\"name\":\"Memurun Sesi Haber Merkezi\",\"@id\":\"https:\\\/\\\/memurunsesi.net\\\/#\\\/schema\\\/person\\\/f21c2d73b89f6ee1d80b0a1803e38587\"},\"headline\":\"Mehmet \u00c7evik bu sefer de k\u00f6y a\u011fas\u0131 olup trakt\u00f6r kulland\u0131\",\"datePublished\":\"2025-06-14T09:03:32+00:00\",\"mainEntityOfPage\":{\"@id\":\"https:\\\/\\\/memurunsesi.net\\\/index.php\\\/2025\\\/06\\\/14\\\/mehmet-cevik-bu-sefer-de-koy-agasi-olup-traktor-kullandi\\\/\"},\"wordCount\":468,\"commentCount\":0,\"publisher\":{\"@id\":\"https:\\\/\\\/memurunsesi.net\\\/#organization\"},\"image\":{\"@id\":\"https:\\\/\\\/memurunsesi.net\\\/index.php\\\/2025\\\/06\\\/14\\\/mehmet-cevik-bu-sefer-de-koy-agasi-olup-traktor-kullandi\\\/#primaryimage\"},\"thumbnailUrl\":\"https:\\\/\\\/memurunsesi.net\\\/wp-content\\\/uploads\\\/2025\\\/06\\\/AW475947_02-scaled.jpg\",\"articleSection\":[\"G\u00fcndem\"],\"inLanguage\":\"tr\",\"potentialAction\":[{\"@type\":\"CommentAction\",\"name\":\"Comment\",\"target\":[\"https:\\\/\\\/memurunsesi.net\\\/index.php\\\/2025\\\/06\\\/14\\\/mehmet-cevik-bu-sefer-de-koy-agasi-olup-traktor-kullandi\\\/#respond\"]}]},{\"@type\":\"WebPage\",\"@id\":\"https:\\\/\\\/memurunsesi.net\\\/index.php\\\/2025\\\/06\\\/14\\\/mehmet-cevik-bu-sefer-de-koy-agasi-olup-traktor-kullandi\\\/\",\"url\":\"https:\\\/\\\/memurunsesi.net\\\/index.php\\\/2025\\\/06\\\/14\\\/mehmet-cevik-bu-sefer-de-koy-agasi-olup-traktor-kullandi\\\/\",\"name\":\"Mehmet \u00c7evik bu sefer de k\u00f6y a\u011fas\u0131 olup trakt\u00f6r kulland\u0131 - Memurun Sesi\",\"isPartOf\":{\"@id\":\"https:\\\/\\\/memurunsesi.net\\\/#website\"},\"primaryImageOfPage\":{\"@id\":\"https:\\\/\\\/memurunsesi.net\\\/index.php\\\/2025\\\/06\\\/14\\\/mehmet-cevik-bu-sefer-de-koy-agasi-olup-traktor-kullandi\\\/#primaryimage\"},\"image\":{\"@id\":\"https:\\\/\\\/memurunsesi.net\\\/index.php\\\/2025\\\/06\\\/14\\\/mehmet-cevik-bu-sefer-de-koy-agasi-olup-traktor-kullandi\\\/#primaryimage\"},\"thumbnailUrl\":\"https:\\\/\\\/memurunsesi.net\\\/wp-content\\\/uploads\\\/2025\\\/06\\\/AW475947_02-scaled.jpg\",\"datePublished\":\"2025-06-14T09:03:32+00:00\",\"breadcrumb\":{\"@id\":\"https:\\\/\\\/memurunsesi.net\\\/index.php\\\/2025\\\/06\\\/14\\\/mehmet-cevik-bu-sefer-de-koy-agasi-olup-traktor-kullandi\\\/#breadcrumb\"},\"inLanguage\":\"tr\",\"potentialAction\":[{\"@type\":\"ReadAction\",\"target\":[\"https:\\\/\\\/memurunsesi.net\\\/index.php\\\/2025\\\/06\\\/14\\\/mehmet-cevik-bu-sefer-de-koy-agasi-olup-traktor-kullandi\\\/\"]}]},{\"@type\":\"ImageObject\",\"inLanguage\":\"tr\",\"@id\":\"https:\\\/\\\/memurunsesi.net\\\/index.php\\\/2025\\\/06\\\/14\\\/mehmet-cevik-bu-sefer-de-koy-agasi-olup-traktor-kullandi\\\/#primaryimage\",\"url\":\"https:\\\/\\\/memurunsesi.net\\\/wp-content\\\/uploads\\\/2025\\\/06\\\/AW475947_02-scaled.jpg\",\"contentUrl\":\"https:\\\/\\\/memurunsesi.net\\\/wp-content\\\/uploads\\\/2025\\\/06\\\/AW475947_02-scaled.jpg\",\"width\":2560,\"height\":1707,\"caption\":\"YEN\u0130 \u015eARKISININ KL\u0130B\u0130NDE K\u00d6Y A\u011eASI OLAN MEHMET \u00c7EV\u0130K TRAKT\u00d6R KULLANIP TARLA S\u00dcRD\u00dc. K\u00d6YDEN TRAKT\u00d6RLE BAH\u00c7EYE G\u0130DENE KADAR TRAF\u0130\u011e\u0130 B\u0130RB\u0130R\u0130NE KATAN \u00dcNL\u00dc SANAT\u00c7I, TRAKT\u00d6R\u00dcN AZ\u0130ZL\u0130\u011e\u0130NE U\u011eRAYINCA AZ DAHA MANKEN KIZLAR R\u00d6MORKTAN D\u00dc\u015e\u00dcYORDU. (S\u00dcLEYMAN AYDIN\\\/BURSA-\u0130HA) Yeni \u015fark\u0131s\u0131n\u0131n klibinde k\u00f6y a\u011fas\u0131 olan Mehmet \u00c7evik trakt\u00f6r kullan\u0131p tarla s\u00fcrd\u00fc. K\u00f6yden trakt\u00f6rle bah\u00e7eye gidene kadar trafi\u011fi birbirine katan \u00fcnl\u00fc sanat\u00e7\u0131, trakt\u00f6r\u00fcn azizli\u011fine u\u011fray\u0131nca az daha manken k\u0131zlar r\u00f6morktan d\u00fc\u015f\u00fcyordu.\"},{\"@type\":\"BreadcrumbList\",\"@id\":\"https:\\\/\\\/memurunsesi.net\\\/index.php\\\/2025\\\/06\\\/14\\\/mehmet-cevik-bu-sefer-de-koy-agasi-olup-traktor-kullandi\\\/#breadcrumb\",\"itemListElement\":[{\"@type\":\"ListItem\",\"position\":1,\"name\":\"Anasayfa\",\"item\":\"https:\\\/\\\/memurunsesi.net\\\/\"},{\"@type\":\"ListItem\",\"position\":2,\"name\":\"Mehmet \u00c7evik bu sefer de k\u00f6y a\u011fas\u0131 olup trakt\u00f6r kulland\u0131\"}]},{\"@type\":\"WebSite\",\"@id\":\"https:\\\/\\\/memurunsesi.net\\\/#website\",\"url\":\"https:\\\/\\\/memurunsesi.net\\\/\",\"name\":\"Memurun Sesi\",\"description\":\"G\u00fcncel ve Do\u011fru Haber\",\"publisher\":{\"@id\":\"https:\\\/\\\/memurunsesi.net\\\/#organization\"},\"potentialAction\":[{\"@type\":\"SearchAction\",\"target\":{\"@type\":\"EntryPoint\",\"urlTemplate\":\"https:\\\/\\\/memurunsesi.net\\\/?s={search_term_string}\"},\"query-input\":{\"@type\":\"PropertyValueSpecification\",\"valueRequired\":true,\"valueName\":\"search_term_string\"}}],\"inLanguage\":\"tr\"},{\"@type\":\"Organization\",\"@id\":\"https:\\\/\\\/memurunsesi.net\\\/#organization\",\"name\":\"Memurun Sesi\",\"url\":\"https:\\\/\\\/memurunsesi.net\\\/\",\"logo\":{\"@type\":\"ImageObject\",\"inLanguage\":\"tr\",\"@id\":\"https:\\\/\\\/memurunsesi.net\\\/#\\\/schema\\\/logo\\\/image\\\/\",\"url\":\"https:\\\/\\\/memurunsesi.net\\\/wp-content\\\/uploads\\\/2025\\\/11\\\/cropped-MEMURUN-SESI.png\",\"contentUrl\":\"https:\\\/\\\/memurunsesi.net\\\/wp-content\\\/uploads\\\/2025\\\/11\\\/cropped-MEMURUN-SESI.png\",\"width\":238,\"height\":57,\"caption\":\"Memurun Sesi\"},\"image\":{\"@id\":\"https:\\\/\\\/memurunsesi.net\\\/#\\\/schema\\\/logo\\\/image\\\/\"},\"sameAs\":[\"https:\\\/\\\/www.facebook.com\\\/unipersen\\\/?locale=tr_TR\",\"https:\\\/\\\/x.com\\\/unipersen\"]},{\"@type\":\"Person\",\"@id\":\"https:\\\/\\\/memurunsesi.net\\\/#\\\/schema\\\/person\\\/f21c2d73b89f6ee1d80b0a1803e38587\",\"name\":\"Memurun Sesi Haber Merkezi\",\"image\":{\"@type\":\"ImageObject\",\"inLanguage\":\"tr\",\"@id\":\"https:\\\/\\\/secure.gravatar.com\\\/avatar\\\/6cf0505f452ee753f485014986fab09a434671d2b919ee76fc541025c5876a70?s=96&d=mm&r=g\",\"url\":\"https:\\\/\\\/secure.gravatar.com\\\/avatar\\\/6cf0505f452ee753f485014986fab09a434671d2b919ee76fc541025c5876a70?s=96&d=mm&r=g\",\"contentUrl\":\"https:\\\/\\\/secure.gravatar.com\\\/avatar\\\/6cf0505f452ee753f485014986fab09a434671d2b919ee76fc541025c5876a70?s=96&d=mm&r=g\",\"caption\":\"Memurun Sesi Haber Merkezi\"},\"sameAs\":[\"https:\\\/\\\/memurunsesi.net\"],\"url\":\"https:\\\/\\\/memurunsesi.net\\\/index.php\\\/author\\\/uniper\\\/\"}]}<\/script>\n<!-- \/ Yoast SEO plugin. -->","yoast_head_json":{"title":"Mehmet \u00c7evik bu sefer de k\u00f6y a\u011fas\u0131 olup trakt\u00f6r kulland\u0131 - Memurun Sesi","robots":{"index":"index","follow":"follow","max-snippet":"max-snippet:-1","max-image-preview":"max-image-preview:large","max-video-preview":"max-video-preview:-1"},"canonical":"https:\/\/memurunsesi.net\/index.php\/2025\/06\/14\/mehmet-cevik-bu-sefer-de-koy-agasi-olup-traktor-kullandi\/","og_locale":"tr_TR","og_type":"article","og_title":"Mehmet \u00c7evik bu sefer de k\u00f6y a\u011fas\u0131 olup trakt\u00f6r kulland\u0131 - Memurun Sesi","og_description":"&#8211; Mehmet \u00c7evik k\u00f6y hayat\u0131n\u0131 anlatan yeni klibi i\u00e7in kamera kar\u015f\u0131s\u0131na ge\u00e7ti &#8211; Renkli g\u00f6r\u00fcnt\u00fclerin olu\u015ftu\u011fu klip \u00e7ekiminde manken k\u0131zlar az daha trakt\u00f6rden d\u00fc\u015f\u00fcyordu Yeni \u015fark\u0131s\u0131n\u0131n klibinde k\u00f6y a\u011fas\u0131 olan Mehmet \u00c7evik trakt\u00f6r kullan\u0131p tarla s\u00fcrd\u00fc. K\u00f6yden trakt\u00f6rle bah\u00e7eye gidene kadar trafi\u011fi birbirine katan \u00fcnl\u00fc sanat\u00e7\u0131, trakt\u00f6r\u00fcn azizli\u011fine u\u011fray\u0131nca az daha manken k\u0131zlar r\u00f6morktan d\u00fc\u015f\u00fcyordu. [&hellip;]","og_url":"https:\/\/memurunsesi.net\/index.php\/2025\/06\/14\/mehmet-cevik-bu-sefer-de-koy-agasi-olup-traktor-kullandi\/","og_site_name":"Memurun Sesi","article_publisher":"https:\/\/www.facebook.com\/unipersen\/?locale=tr_TR","article_published_time":"2025-06-14T09:03:32+00:00","og_image":[{"width":2560,"height":1707,"url":"https:\/\/memurunsesi.net\/wp-content\/uploads\/2025\/06\/AW475947_02-scaled.jpg","type":"image\/jpeg"}],"author":"Memurun Sesi Haber Merkezi","twitter_card":"summary_large_image","twitter_creator":"@unipersen","twitter_site":"@unipersen","twitter_misc":{"Yazan:":"Memurun Sesi Haber Merkezi","Tahmini okuma s\u00fcresi":"1 dakika"},"schema":{"@context":"https:\/\/schema.org","@graph":[{"@type":"Article","@id":"https:\/\/memurunsesi.net\/index.php\/2025\/06\/14\/mehmet-cevik-bu-sefer-de-koy-agasi-olup-traktor-kullandi\/#article","isPartOf":{"@id":"https:\/\/memurunsesi.net\/index.php\/2025\/06\/14\/mehmet-cevik-bu-sefer-de-koy-agasi-olup-traktor-kullandi\/"},"author":{"name":"Memurun Sesi Haber Merkezi","@id":"https:\/\/memurunsesi.net\/#\/schema\/person\/f21c2d73b89f6ee1d80b0a1803e38587"},"headline":"Mehmet \u00c7evik bu sefer de k\u00f6y a\u011fas\u0131 olup trakt\u00f6r kulland\u0131","datePublished":"2025-06-14T09:03:32+00:00","mainEntityOfPage":{"@id":"https:\/\/memurunsesi.net\/index.php\/2025\/06\/14\/mehmet-cevik-bu-sefer-de-koy-agasi-olup-traktor-kullandi\/"},"wordCount":468,"commentCount":0,"publisher":{"@id":"https:\/\/memurunsesi.net\/#organization"},"image":{"@id":"https:\/\/memurunsesi.net\/index.php\/2025\/06\/14\/mehmet-cevik-bu-sefer-de-koy-agasi-olup-traktor-kullandi\/#primaryimage"},"thumbnailUrl":"https:\/\/memurunsesi.net\/wp-content\/uploads\/2025\/06\/AW475947_02-scaled.jpg","articleSection":["G\u00fcndem"],"inLanguage":"tr","potentialAction":[{"@type":"CommentAction","name":"Comment","target":["https:\/\/memurunsesi.net\/index.php\/2025\/06\/14\/mehmet-cevik-bu-sefer-de-koy-agasi-olup-traktor-kullandi\/#respond"]}]},{"@type":"WebPage","@id":"https:\/\/memurunsesi.net\/index.php\/2025\/06\/14\/mehmet-cevik-bu-sefer-de-koy-agasi-olup-traktor-kullandi\/","url":"https:\/\/memurunsesi.net\/index.php\/2025\/06\/14\/mehmet-cevik-bu-sefer-de-koy-agasi-olup-traktor-kullandi\/","name":"Mehmet \u00c7evik bu sefer de k\u00f6y a\u011fas\u0131 olup trakt\u00f6r kulland\u0131 - Memurun Sesi","isPartOf":{"@id":"https:\/\/memurunsesi.net\/#website"},"primaryImageOfPage":{"@id":"https:\/\/memurunsesi.net\/index.php\/2025\/06\/14\/mehmet-cevik-bu-sefer-de-koy-agasi-olup-traktor-kullandi\/#primaryimage"},"image":{"@id":"https:\/\/memurunsesi.net\/index.php\/2025\/06\/14\/mehmet-cevik-bu-sefer-de-koy-agasi-olup-traktor-kullandi\/#primaryimage"},"thumbnailUrl":"https:\/\/memurunsesi.net\/wp-content\/uploads\/2025\/06\/AW475947_02-scaled.jpg","datePublished":"2025-06-14T09:03:32+00:00","breadcrumb":{"@id":"https:\/\/memurunsesi.net\/index.php\/2025\/06\/14\/mehmet-cevik-bu-sefer-de-koy-agasi-olup-traktor-kullandi\/#breadcrumb"},"inLanguage":"tr","potentialAction":[{"@type":"ReadAction","target":["https:\/\/memurunsesi.net\/index.php\/2025\/06\/14\/mehmet-cevik-bu-sefer-de-koy-agasi-olup-traktor-kullandi\/"]}]},{"@type":"ImageObject","inLanguage":"tr","@id":"https:\/\/memurunsesi.net\/index.php\/2025\/06\/14\/mehmet-cevik-bu-sefer-de-koy-agasi-olup-traktor-kullandi\/#primaryimage","url":"https:\/\/memurunsesi.net\/wp-content\/uploads\/2025\/06\/AW475947_02-scaled.jpg","contentUrl":"https:\/\/memurunsesi.net\/wp-content\/uploads\/2025\/06\/AW475947_02-scaled.jpg","width":2560,"height":1707,"caption":"YEN\u0130 \u015eARKISININ KL\u0130B\u0130NDE K\u00d6Y A\u011eASI OLAN MEHMET \u00c7EV\u0130K TRAKT\u00d6R KULLANIP TARLA S\u00dcRD\u00dc. K\u00d6YDEN TRAKT\u00d6RLE BAH\u00c7EYE G\u0130DENE KADAR TRAF\u0130\u011e\u0130 B\u0130RB\u0130R\u0130NE KATAN \u00dcNL\u00dc SANAT\u00c7I, TRAKT\u00d6R\u00dcN AZ\u0130ZL\u0130\u011e\u0130NE U\u011eRAYINCA AZ DAHA MANKEN KIZLAR R\u00d6MORKTAN D\u00dc\u015e\u00dcYORDU. (S\u00dcLEYMAN AYDIN\/BURSA-\u0130HA) Yeni \u015fark\u0131s\u0131n\u0131n klibinde k\u00f6y a\u011fas\u0131 olan Mehmet \u00c7evik trakt\u00f6r kullan\u0131p tarla s\u00fcrd\u00fc. K\u00f6yden trakt\u00f6rle bah\u00e7eye gidene kadar trafi\u011fi birbirine katan \u00fcnl\u00fc sanat\u00e7\u0131, trakt\u00f6r\u00fcn azizli\u011fine u\u011fray\u0131nca az daha manken k\u0131zlar r\u00f6morktan d\u00fc\u015f\u00fcyordu."},{"@type":"BreadcrumbList","@id":"https:\/\/memurunsesi.net\/index.php\/2025\/06\/14\/mehmet-cevik-bu-sefer-de-koy-agasi-olup-traktor-kullandi\/#breadcrumb","itemListElement":[{"@type":"ListItem","position":1,"name":"Anasayfa","item":"https:\/\/memurunsesi.net\/"},{"@type":"ListItem","position":2,"name":"Mehmet \u00c7evik bu sefer de k\u00f6y a\u011fas\u0131 olup trakt\u00f6r kulland\u0131"}]},{"@type":"WebSite","@id":"https:\/\/memurunsesi.net\/#website","url":"https:\/\/memurunsesi.net\/","name":"Memurun Sesi","description":"G\u00fcncel ve Do\u011fru Haber","publisher":{"@id":"https:\/\/memurunsesi.net\/#organization"},"potentialAction":[{"@type":"SearchAction","target":{"@type":"EntryPoint","urlTemplate":"https:\/\/memurunsesi.net\/?s={search_term_string}"},"query-input":{"@type":"PropertyValueSpecification","valueRequired":true,"valueName":"search_term_string"}}],"inLanguage":"tr"},{"@type":"Organization","@id":"https:\/\/memurunsesi.net\/#organization","name":"Memurun Sesi","url":"https:\/\/memurunsesi.net\/","logo":{"@type":"ImageObject","inLanguage":"tr","@id":"https:\/\/memurunsesi.net\/#\/schema\/logo\/image\/","url":"https:\/\/memurunsesi.net\/wp-content\/uploads\/2025\/11\/cropped-MEMURUN-SESI.png","contentUrl":"https:\/\/memurunsesi.net\/wp-content\/uploads\/2025\/11\/cropped-MEMURUN-SESI.png","width":238,"height":57,"caption":"Memurun Sesi"},"image":{"@id":"https:\/\/memurunsesi.net\/#\/schema\/logo\/image\/"},"sameAs":["https:\/\/www.facebook.com\/unipersen\/?locale=tr_TR","https:\/\/x.com\/unipersen"]},{"@type":"Person","@id":"https:\/\/memurunsesi.net\/#\/schema\/person\/f21c2d73b89f6ee1d80b0a1803e38587","name":"Memurun Sesi Haber Merkezi","image":{"@type":"ImageObject","inLanguage":"tr","@id":"https:\/\/secure.gravatar.com\/avatar\/6cf0505f452ee753f485014986fab09a434671d2b919ee76fc541025c5876a70?s=96&d=mm&r=g","url":"https:\/\/secure.gravatar.com\/avatar\/6cf0505f452ee753f485014986fab09a434671d2b919ee76fc541025c5876a70?s=96&d=mm&r=g","contentUrl":"https:\/\/secure.gravatar.com\/avatar\/6cf0505f452ee753f485014986fab09a434671d2b919ee76fc541025c5876a70?s=96&d=mm&r=g","caption":"Memurun Sesi Haber Merkezi"},"sameAs":["https:\/\/memurunsesi.net"],"url":"https:\/\/memurunsesi.net\/index.php\/author\/uniper\/"}]}},"_links":{"self":[{"href":"https:\/\/memurunsesi.net\/index.php\/wp-json\/wp\/v2\/posts\/7998","targetHints":{"allow":["GET"]}}],"collection":[{"href":"https:\/\/memurunsesi.net\/index.php\/wp-json\/wp\/v2\/posts"}],"about":[{"href":"https:\/\/memurunsesi.net\/index.php\/wp-json\/wp\/v2\/types\/post"}],"author":[{"embeddable":true,"href":"https:\/\/memurunsesi.net\/index.php\/wp-json\/wp\/v2\/users\/1"}],"replies":[{"embeddable":true,"href":"https:\/\/memurunsesi.net\/index.php\/wp-json\/wp\/v2\/comments?post=7998"}],"version-history":[{"count":1,"href":"https:\/\/memurunsesi.net\/index.php\/wp-json\/wp\/v2\/posts\/7998\/revisions"}],"predecessor-version":[{"id":8000,"href":"https:\/\/memurunsesi.net\/index.php\/wp-json\/wp\/v2\/posts\/7998\/revisions\/8000"}],"wp:featuredmedia":[{"embeddable":true,"href":"https:\/\/memurunsesi.net\/index.php\/wp-json\/wp\/v2\/media\/7999"}],"wp:attachment":[{"href":"https:\/\/memurunsesi.net\/index.php\/wp-json\/wp\/v2\/media?parent=7998"}],"wp:term":[{"taxonomy":"category","embeddable":true,"href":"https:\/\/memurunsesi.net\/index.php\/wp-json\/wp\/v2\/categories?post=7998"},{"taxonomy":"post_tag","embeddable":true,"href":"https:\/\/memurunsesi.net\/index.php\/wp-json\/wp\/v2\/tags?post=7998"}],"curies":[{"name":"wp","href":"https:\/\/api.w.org\/{rel}","templated":true}]}}