{"id":8001,"date":"2025-06-14T12:05:11","date_gmt":"2025-06-14T09:05:11","guid":{"rendered":"https:\/\/memurunsesi.net\/?p=8001"},"modified":"2025-06-14T12:05:11","modified_gmt":"2025-06-14T09:05:11","slug":"karamanda-aranan-13-kisi-tutuklandi","status":"publish","type":"post","link":"https:\/\/memurunsesi.net\/index.php\/2025\/06\/14\/karamanda-aranan-13-kisi-tutuklandi\/","title":{"rendered":"Karaman\u2019da aranan 13 ki\u015fi tutukland\u0131"},"content":{"rendered":"<p>   Karaman&#8217;da jandarma ekipleri taraf\u0131ndan yap\u0131lan asayi\u015f, narkotik ve trafik uygulamalar\u0131nda \u00e7e\u015fitli su\u00e7lardan aranmas\u0131 olan 61 ki\u015fiden 13\u2019\u00fc tutukland\u0131.<br \/>\n  Edinilen bilgiye g\u00f6re, \u0130l Jandarma Komutanl\u0131\u011f\u0131&#8217;n\u0131n sorumluluk alanlar\u0131ndaki genel uygulamalar\u0131 devam ediyor. 30 May\u0131s-12 Haziran tarihleri aras\u0131nda JASAT ba\u015fta olmak \u00fczere asayi\u015f ekiplerinin yapt\u0131\u011f\u0131 uygulamalarda 43 bin 603 ki\u015fi sorgulan\u0131rken, 61 ki\u015finin \u00e7e\u015fitli su\u00e7lardan arand\u0131\u011f\u0131 ortaya \u00e7\u0131kt\u0131. Yakalanan 61 ki\u015fiden 13\u2019\u00fc tutukland\u0131. Trafik uygulamas\u0131nda ise 67 ara\u00e7 trafikten men edilirken, 15 s\u00fcr\u00fcc\u00fcn\u00fcn ehliyetine el koyuldu. Denetimler esnas\u0131nda 3 adet ruhsats\u0131z av t\u00fcfe\u011fi, 2 adet ruhsats\u0131z tabanca ve \u015farj\u00f6r, sentetik ecza hap, tabanca fi\u015fe\u011fi, 12 adet fosil, 1 adet \u00e7\u00f6mlek, 1 adet hilti ele ge\u00e7irildi.<br \/>\n  Jandarma, huzur ve g\u00fcven ortam\u0131n\u0131n devam\u0131n\u0131 sa\u011flamaya y\u00f6nelik denetim ve uygulamalara kararl\u0131 ve kesintisiz bir \u015fekilde devam edilece\u011fini belirtti. <\/p>\n<p>14.06.2025                                <\/p>\n","protected":false},"excerpt":{"rendered":"<p>Karaman&#8217;da jandarma ekipleri taraf\u0131ndan yap\u0131lan asayi\u015f, narkotik ve trafik uygulamalar\u0131nda \u00e7e\u015fitli su\u00e7lardan aranmas\u0131 olan 61 ki\u015fiden 13\u2019\u00fc tutukland\u0131. Edinilen bilgiye g\u00f6re, \u0130l Jandarma Komutanl\u0131\u011f\u0131&#8217;n\u0131n sorumluluk alanlar\u0131ndaki genel uygulamalar\u0131 devam ediyor. 30 May\u0131s-12 Haziran tarihleri aras\u0131nda JASAT ba\u015fta olmak \u00fczere asayi\u015f ekiplerinin yapt\u0131\u011f\u0131 uygulamalarda 43 bin 603 ki\u015fi sorgulan\u0131rken, 61 ki\u015finin \u00e7e\u015fitli su\u00e7lardan arand\u0131\u011f\u0131 ortaya \u00e7\u0131kt\u0131. [&hellip;]<\/p>\n","protected":false},"author":1,"featured_media":8002,"comment_status":"open","ping_status":"open","sticky":false,"template":"","format":"standard","meta":{"footnotes":""},"categories":[1],"tags":[],"class_list":["post-8001","post","type-post","status-publish","format-standard","has-post-thumbnail","hentry","category-genel"],"yoast_head":"<!-- This site is optimized with the Yoast SEO plugin v27.4 - https:\/\/yoast.com\/product\/yoast-seo-wordpress\/ -->\n<title>Karaman\u2019da aranan 13 ki\u015fi tutukland\u0131 - Memurun Sesi<\/title>\n<meta name=\"robots\" content=\"index, follow, max-snippet:-1, max-image-preview:large, max-video-preview:-1\" \/>\n<link rel=\"canonical\" href=\"https:\/\/memurunsesi.net\/index.php\/2025\/06\/14\/karamanda-aranan-13-kisi-tutuklandi\/\" \/>\n<meta property=\"og:locale\" content=\"tr_TR\" \/>\n<meta property=\"og:type\" content=\"article\" \/>\n<meta property=\"og:title\" content=\"Karaman\u2019da aranan 13 ki\u015fi tutukland\u0131 - Memurun Sesi\" \/>\n<meta property=\"og:description\" content=\"Karaman&#8217;da jandarma ekipleri taraf\u0131ndan yap\u0131lan asayi\u015f, narkotik ve trafik uygulamalar\u0131nda \u00e7e\u015fitli su\u00e7lardan aranmas\u0131 olan 61 ki\u015fiden 13\u2019\u00fc tutukland\u0131. Edinilen bilgiye g\u00f6re, \u0130l Jandarma Komutanl\u0131\u011f\u0131&#8217;n\u0131n sorumluluk alanlar\u0131ndaki genel uygulamalar\u0131 devam ediyor. 30 May\u0131s-12 Haziran tarihleri aras\u0131nda JASAT ba\u015fta olmak \u00fczere asayi\u015f ekiplerinin yapt\u0131\u011f\u0131 uygulamalarda 43 bin 603 ki\u015fi sorgulan\u0131rken, 61 ki\u015finin \u00e7e\u015fitli su\u00e7lardan arand\u0131\u011f\u0131 ortaya \u00e7\u0131kt\u0131. [&hellip;]\" \/>\n<meta property=\"og:url\" content=\"https:\/\/memurunsesi.net\/index.php\/2025\/06\/14\/karamanda-aranan-13-kisi-tutuklandi\/\" \/>\n<meta property=\"og:site_name\" content=\"Memurun Sesi\" \/>\n<meta property=\"article:publisher\" content=\"https:\/\/www.facebook.com\/unipersen\/?locale=tr_TR\" \/>\n<meta property=\"article:published_time\" content=\"2025-06-14T09:05:11+00:00\" \/>\n<meta property=\"og:image\" content=\"https:\/\/memurunsesi.net\/wp-content\/uploads\/2025\/06\/AW475946_01.jpg\" \/>\n\t<meta property=\"og:image:width\" content=\"775\" \/>\n\t<meta property=\"og:image:height\" content=\"666\" \/>\n\t<meta property=\"og:image:type\" content=\"image\/jpeg\" \/>\n<meta name=\"author\" content=\"Memurun Sesi Haber Merkezi\" \/>\n<meta name=\"twitter:card\" content=\"summary_large_image\" \/>\n<meta name=\"twitter:creator\" content=\"@unipersen\" \/>\n<meta name=\"twitter:site\" content=\"@unipersen\" \/>\n<meta name=\"twitter:label1\" content=\"Yazan:\" \/>\n\t<meta name=\"twitter:data1\" content=\"Memurun Sesi Haber Merkezi\" \/>\n\t<meta name=\"twitter:label2\" content=\"Tahmini okuma s\u00fcresi\" \/>\n\t<meta name=\"twitter:data2\" content=\"1 dakika\" \/>\n<script type=\"application\/ld+json\" class=\"yoast-schema-graph\">{\"@context\":\"https:\\\/\\\/schema.org\",\"@graph\":[{\"@type\":\"Article\",\"@id\":\"https:\\\/\\\/memurunsesi.net\\\/index.php\\\/2025\\\/06\\\/14\\\/karamanda-aranan-13-kisi-tutuklandi\\\/#article\",\"isPartOf\":{\"@id\":\"https:\\\/\\\/memurunsesi.net\\\/index.php\\\/2025\\\/06\\\/14\\\/karamanda-aranan-13-kisi-tutuklandi\\\/\"},\"author\":{\"name\":\"Memurun Sesi Haber Merkezi\",\"@id\":\"https:\\\/\\\/memurunsesi.net\\\/#\\\/schema\\\/person\\\/f21c2d73b89f6ee1d80b0a1803e38587\"},\"headline\":\"Karaman\u2019da aranan 13 ki\u015fi tutukland\u0131\",\"datePublished\":\"2025-06-14T09:05:11+00:00\",\"mainEntityOfPage\":{\"@id\":\"https:\\\/\\\/memurunsesi.net\\\/index.php\\\/2025\\\/06\\\/14\\\/karamanda-aranan-13-kisi-tutuklandi\\\/\"},\"wordCount\":153,\"commentCount\":0,\"publisher\":{\"@id\":\"https:\\\/\\\/memurunsesi.net\\\/#organization\"},\"image\":{\"@id\":\"https:\\\/\\\/memurunsesi.net\\\/index.php\\\/2025\\\/06\\\/14\\\/karamanda-aranan-13-kisi-tutuklandi\\\/#primaryimage\"},\"thumbnailUrl\":\"https:\\\/\\\/memurunsesi.net\\\/wp-content\\\/uploads\\\/2025\\\/06\\\/AW475946_01.jpg\",\"inLanguage\":\"tr\",\"potentialAction\":[{\"@type\":\"CommentAction\",\"name\":\"Comment\",\"target\":[\"https:\\\/\\\/memurunsesi.net\\\/index.php\\\/2025\\\/06\\\/14\\\/karamanda-aranan-13-kisi-tutuklandi\\\/#respond\"]}]},{\"@type\":\"WebPage\",\"@id\":\"https:\\\/\\\/memurunsesi.net\\\/index.php\\\/2025\\\/06\\\/14\\\/karamanda-aranan-13-kisi-tutuklandi\\\/\",\"url\":\"https:\\\/\\\/memurunsesi.net\\\/index.php\\\/2025\\\/06\\\/14\\\/karamanda-aranan-13-kisi-tutuklandi\\\/\",\"name\":\"Karaman\u2019da aranan 13 ki\u015fi tutukland\u0131 - Memurun Sesi\",\"isPartOf\":{\"@id\":\"https:\\\/\\\/memurunsesi.net\\\/#website\"},\"primaryImageOfPage\":{\"@id\":\"https:\\\/\\\/memurunsesi.net\\\/index.php\\\/2025\\\/06\\\/14\\\/karamanda-aranan-13-kisi-tutuklandi\\\/#primaryimage\"},\"image\":{\"@id\":\"https:\\\/\\\/memurunsesi.net\\\/index.php\\\/2025\\\/06\\\/14\\\/karamanda-aranan-13-kisi-tutuklandi\\\/#primaryimage\"},\"thumbnailUrl\":\"https:\\\/\\\/memurunsesi.net\\\/wp-content\\\/uploads\\\/2025\\\/06\\\/AW475946_01.jpg\",\"datePublished\":\"2025-06-14T09:05:11+00:00\",\"breadcrumb\":{\"@id\":\"https:\\\/\\\/memurunsesi.net\\\/index.php\\\/2025\\\/06\\\/14\\\/karamanda-aranan-13-kisi-tutuklandi\\\/#breadcrumb\"},\"inLanguage\":\"tr\",\"potentialAction\":[{\"@type\":\"ReadAction\",\"target\":[\"https:\\\/\\\/memurunsesi.net\\\/index.php\\\/2025\\\/06\\\/14\\\/karamanda-aranan-13-kisi-tutuklandi\\\/\"]}]},{\"@type\":\"ImageObject\",\"inLanguage\":\"tr\",\"@id\":\"https:\\\/\\\/memurunsesi.net\\\/index.php\\\/2025\\\/06\\\/14\\\/karamanda-aranan-13-kisi-tutuklandi\\\/#primaryimage\",\"url\":\"https:\\\/\\\/memurunsesi.net\\\/wp-content\\\/uploads\\\/2025\\\/06\\\/AW475946_01.jpg\",\"contentUrl\":\"https:\\\/\\\/memurunsesi.net\\\/wp-content\\\/uploads\\\/2025\\\/06\\\/AW475946_01.jpg\",\"width\":775,\"height\":666,\"caption\":\"KARAMAN'DA JANDARMANIN YAPTI\u011eI UYGULAMALARDA 3 ADET RUHSATSIZ AV T\u00dcFE\u011e\u0130, 2 ADET RUHSATSIZ TABANCA VE \u015eARJ\u00d6R, SENTET\u0130K ECZA HAP, TABANCA F\u0130\u015eE\u011e\u0130, 12 ADET FOS\u0130L, 1 ADET \u00c7\u00d6MLEK \u0130LE 1 ADET H\u0130LT\u0130 ELE GE\u00c7\u0130R\u0130LD\u0130 (MEHMET AK\u0130F ORHAN\\\/KARAMAN-\u0130HA) Karaman'da jandarma ekipleri taraf\u0131ndan yap\u0131lan asayi\u015f, narkotik ve trafik uygulamalar\u0131nda \u00e7e\u015fitli su\u00e7lardan aranmas\u0131 olan 61 ki\u015fiden 13'\u00fc tutukland\u0131.\"},{\"@type\":\"BreadcrumbList\",\"@id\":\"https:\\\/\\\/memurunsesi.net\\\/index.php\\\/2025\\\/06\\\/14\\\/karamanda-aranan-13-kisi-tutuklandi\\\/#breadcrumb\",\"itemListElement\":[{\"@type\":\"ListItem\",\"position\":1,\"name\":\"Anasayfa\",\"item\":\"https:\\\/\\\/memurunsesi.net\\\/\"},{\"@type\":\"ListItem\",\"position\":2,\"name\":\"Karaman\u2019da aranan 13 ki\u015fi tutukland\u0131\"}]},{\"@type\":\"WebSite\",\"@id\":\"https:\\\/\\\/memurunsesi.net\\\/#website\",\"url\":\"https:\\\/\\\/memurunsesi.net\\\/\",\"name\":\"Memurun Sesi\",\"description\":\"G\u00fcncel ve Do\u011fru Haber\",\"publisher\":{\"@id\":\"https:\\\/\\\/memurunsesi.net\\\/#organization\"},\"potentialAction\":[{\"@type\":\"SearchAction\",\"target\":{\"@type\":\"EntryPoint\",\"urlTemplate\":\"https:\\\/\\\/memurunsesi.net\\\/?s={search_term_string}\"},\"query-input\":{\"@type\":\"PropertyValueSpecification\",\"valueRequired\":true,\"valueName\":\"search_term_string\"}}],\"inLanguage\":\"tr\"},{\"@type\":\"Organization\",\"@id\":\"https:\\\/\\\/memurunsesi.net\\\/#organization\",\"name\":\"Memurun Sesi\",\"url\":\"https:\\\/\\\/memurunsesi.net\\\/\",\"logo\":{\"@type\":\"ImageObject\",\"inLanguage\":\"tr\",\"@id\":\"https:\\\/\\\/memurunsesi.net\\\/#\\\/schema\\\/logo\\\/image\\\/\",\"url\":\"https:\\\/\\\/memurunsesi.net\\\/wp-content\\\/uploads\\\/2025\\\/11\\\/cropped-MEMURUN-SESI.png\",\"contentUrl\":\"https:\\\/\\\/memurunsesi.net\\\/wp-content\\\/uploads\\\/2025\\\/11\\\/cropped-MEMURUN-SESI.png\",\"width\":238,\"height\":57,\"caption\":\"Memurun Sesi\"},\"image\":{\"@id\":\"https:\\\/\\\/memurunsesi.net\\\/#\\\/schema\\\/logo\\\/image\\\/\"},\"sameAs\":[\"https:\\\/\\\/www.facebook.com\\\/unipersen\\\/?locale=tr_TR\",\"https:\\\/\\\/x.com\\\/unipersen\"]},{\"@type\":\"Person\",\"@id\":\"https:\\\/\\\/memurunsesi.net\\\/#\\\/schema\\\/person\\\/f21c2d73b89f6ee1d80b0a1803e38587\",\"name\":\"Memurun Sesi Haber Merkezi\",\"image\":{\"@type\":\"ImageObject\",\"inLanguage\":\"tr\",\"@id\":\"https:\\\/\\\/secure.gravatar.com\\\/avatar\\\/6cf0505f452ee753f485014986fab09a434671d2b919ee76fc541025c5876a70?s=96&d=mm&r=g\",\"url\":\"https:\\\/\\\/secure.gravatar.com\\\/avatar\\\/6cf0505f452ee753f485014986fab09a434671d2b919ee76fc541025c5876a70?s=96&d=mm&r=g\",\"contentUrl\":\"https:\\\/\\\/secure.gravatar.com\\\/avatar\\\/6cf0505f452ee753f485014986fab09a434671d2b919ee76fc541025c5876a70?s=96&d=mm&r=g\",\"caption\":\"Memurun Sesi Haber Merkezi\"},\"sameAs\":[\"https:\\\/\\\/memurunsesi.net\"],\"url\":\"https:\\\/\\\/memurunsesi.net\\\/index.php\\\/author\\\/uniper\\\/\"}]}<\/script>\n<!-- \/ Yoast SEO plugin. -->","yoast_head_json":{"title":"Karaman\u2019da aranan 13 ki\u015fi tutukland\u0131 - Memurun Sesi","robots":{"index":"index","follow":"follow","max-snippet":"max-snippet:-1","max-image-preview":"max-image-preview:large","max-video-preview":"max-video-preview:-1"},"canonical":"https:\/\/memurunsesi.net\/index.php\/2025\/06\/14\/karamanda-aranan-13-kisi-tutuklandi\/","og_locale":"tr_TR","og_type":"article","og_title":"Karaman\u2019da aranan 13 ki\u015fi tutukland\u0131 - Memurun Sesi","og_description":"Karaman&#8217;da jandarma ekipleri taraf\u0131ndan yap\u0131lan asayi\u015f, narkotik ve trafik uygulamalar\u0131nda \u00e7e\u015fitli su\u00e7lardan aranmas\u0131 olan 61 ki\u015fiden 13\u2019\u00fc tutukland\u0131. Edinilen bilgiye g\u00f6re, \u0130l Jandarma Komutanl\u0131\u011f\u0131&#8217;n\u0131n sorumluluk alanlar\u0131ndaki genel uygulamalar\u0131 devam ediyor. 30 May\u0131s-12 Haziran tarihleri aras\u0131nda JASAT ba\u015fta olmak \u00fczere asayi\u015f ekiplerinin yapt\u0131\u011f\u0131 uygulamalarda 43 bin 603 ki\u015fi sorgulan\u0131rken, 61 ki\u015finin \u00e7e\u015fitli su\u00e7lardan arand\u0131\u011f\u0131 ortaya \u00e7\u0131kt\u0131. [&hellip;]","og_url":"https:\/\/memurunsesi.net\/index.php\/2025\/06\/14\/karamanda-aranan-13-kisi-tutuklandi\/","og_site_name":"Memurun Sesi","article_publisher":"https:\/\/www.facebook.com\/unipersen\/?locale=tr_TR","article_published_time":"2025-06-14T09:05:11+00:00","og_image":[{"width":775,"height":666,"url":"https:\/\/memurunsesi.net\/wp-content\/uploads\/2025\/06\/AW475946_01.jpg","type":"image\/jpeg"}],"author":"Memurun Sesi Haber Merkezi","twitter_card":"summary_large_image","twitter_creator":"@unipersen","twitter_site":"@unipersen","twitter_misc":{"Yazan:":"Memurun Sesi Haber Merkezi","Tahmini okuma s\u00fcresi":"1 dakika"},"schema":{"@context":"https:\/\/schema.org","@graph":[{"@type":"Article","@id":"https:\/\/memurunsesi.net\/index.php\/2025\/06\/14\/karamanda-aranan-13-kisi-tutuklandi\/#article","isPartOf":{"@id":"https:\/\/memurunsesi.net\/index.php\/2025\/06\/14\/karamanda-aranan-13-kisi-tutuklandi\/"},"author":{"name":"Memurun Sesi Haber Merkezi","@id":"https:\/\/memurunsesi.net\/#\/schema\/person\/f21c2d73b89f6ee1d80b0a1803e38587"},"headline":"Karaman\u2019da aranan 13 ki\u015fi tutukland\u0131","datePublished":"2025-06-14T09:05:11+00:00","mainEntityOfPage":{"@id":"https:\/\/memurunsesi.net\/index.php\/2025\/06\/14\/karamanda-aranan-13-kisi-tutuklandi\/"},"wordCount":153,"commentCount":0,"publisher":{"@id":"https:\/\/memurunsesi.net\/#organization"},"image":{"@id":"https:\/\/memurunsesi.net\/index.php\/2025\/06\/14\/karamanda-aranan-13-kisi-tutuklandi\/#primaryimage"},"thumbnailUrl":"https:\/\/memurunsesi.net\/wp-content\/uploads\/2025\/06\/AW475946_01.jpg","inLanguage":"tr","potentialAction":[{"@type":"CommentAction","name":"Comment","target":["https:\/\/memurunsesi.net\/index.php\/2025\/06\/14\/karamanda-aranan-13-kisi-tutuklandi\/#respond"]}]},{"@type":"WebPage","@id":"https:\/\/memurunsesi.net\/index.php\/2025\/06\/14\/karamanda-aranan-13-kisi-tutuklandi\/","url":"https:\/\/memurunsesi.net\/index.php\/2025\/06\/14\/karamanda-aranan-13-kisi-tutuklandi\/","name":"Karaman\u2019da aranan 13 ki\u015fi tutukland\u0131 - Memurun Sesi","isPartOf":{"@id":"https:\/\/memurunsesi.net\/#website"},"primaryImageOfPage":{"@id":"https:\/\/memurunsesi.net\/index.php\/2025\/06\/14\/karamanda-aranan-13-kisi-tutuklandi\/#primaryimage"},"image":{"@id":"https:\/\/memurunsesi.net\/index.php\/2025\/06\/14\/karamanda-aranan-13-kisi-tutuklandi\/#primaryimage"},"thumbnailUrl":"https:\/\/memurunsesi.net\/wp-content\/uploads\/2025\/06\/AW475946_01.jpg","datePublished":"2025-06-14T09:05:11+00:00","breadcrumb":{"@id":"https:\/\/memurunsesi.net\/index.php\/2025\/06\/14\/karamanda-aranan-13-kisi-tutuklandi\/#breadcrumb"},"inLanguage":"tr","potentialAction":[{"@type":"ReadAction","target":["https:\/\/memurunsesi.net\/index.php\/2025\/06\/14\/karamanda-aranan-13-kisi-tutuklandi\/"]}]},{"@type":"ImageObject","inLanguage":"tr","@id":"https:\/\/memurunsesi.net\/index.php\/2025\/06\/14\/karamanda-aranan-13-kisi-tutuklandi\/#primaryimage","url":"https:\/\/memurunsesi.net\/wp-content\/uploads\/2025\/06\/AW475946_01.jpg","contentUrl":"https:\/\/memurunsesi.net\/wp-content\/uploads\/2025\/06\/AW475946_01.jpg","width":775,"height":666,"caption":"KARAMAN'DA JANDARMANIN YAPTI\u011eI UYGULAMALARDA 3 ADET RUHSATSIZ AV T\u00dcFE\u011e\u0130, 2 ADET RUHSATSIZ TABANCA VE \u015eARJ\u00d6R, SENTET\u0130K ECZA HAP, TABANCA F\u0130\u015eE\u011e\u0130, 12 ADET FOS\u0130L, 1 ADET \u00c7\u00d6MLEK \u0130LE 1 ADET H\u0130LT\u0130 ELE GE\u00c7\u0130R\u0130LD\u0130 (MEHMET AK\u0130F ORHAN\/KARAMAN-\u0130HA) Karaman'da jandarma ekipleri taraf\u0131ndan yap\u0131lan asayi\u015f, narkotik ve trafik uygulamalar\u0131nda \u00e7e\u015fitli su\u00e7lardan aranmas\u0131 olan 61 ki\u015fiden 13'\u00fc tutukland\u0131."},{"@type":"BreadcrumbList","@id":"https:\/\/memurunsesi.net\/index.php\/2025\/06\/14\/karamanda-aranan-13-kisi-tutuklandi\/#breadcrumb","itemListElement":[{"@type":"ListItem","position":1,"name":"Anasayfa","item":"https:\/\/memurunsesi.net\/"},{"@type":"ListItem","position":2,"name":"Karaman\u2019da aranan 13 ki\u015fi tutukland\u0131"}]},{"@type":"WebSite","@id":"https:\/\/memurunsesi.net\/#website","url":"https:\/\/memurunsesi.net\/","name":"Memurun Sesi","description":"G\u00fcncel ve Do\u011fru Haber","publisher":{"@id":"https:\/\/memurunsesi.net\/#organization"},"potentialAction":[{"@type":"SearchAction","target":{"@type":"EntryPoint","urlTemplate":"https:\/\/memurunsesi.net\/?s={search_term_string}"},"query-input":{"@type":"PropertyValueSpecification","valueRequired":true,"valueName":"search_term_string"}}],"inLanguage":"tr"},{"@type":"Organization","@id":"https:\/\/memurunsesi.net\/#organization","name":"Memurun Sesi","url":"https:\/\/memurunsesi.net\/","logo":{"@type":"ImageObject","inLanguage":"tr","@id":"https:\/\/memurunsesi.net\/#\/schema\/logo\/image\/","url":"https:\/\/memurunsesi.net\/wp-content\/uploads\/2025\/11\/cropped-MEMURUN-SESI.png","contentUrl":"https:\/\/memurunsesi.net\/wp-content\/uploads\/2025\/11\/cropped-MEMURUN-SESI.png","width":238,"height":57,"caption":"Memurun Sesi"},"image":{"@id":"https:\/\/memurunsesi.net\/#\/schema\/logo\/image\/"},"sameAs":["https:\/\/www.facebook.com\/unipersen\/?locale=tr_TR","https:\/\/x.com\/unipersen"]},{"@type":"Person","@id":"https:\/\/memurunsesi.net\/#\/schema\/person\/f21c2d73b89f6ee1d80b0a1803e38587","name":"Memurun Sesi Haber Merkezi","image":{"@type":"ImageObject","inLanguage":"tr","@id":"https:\/\/secure.gravatar.com\/avatar\/6cf0505f452ee753f485014986fab09a434671d2b919ee76fc541025c5876a70?s=96&d=mm&r=g","url":"https:\/\/secure.gravatar.com\/avatar\/6cf0505f452ee753f485014986fab09a434671d2b919ee76fc541025c5876a70?s=96&d=mm&r=g","contentUrl":"https:\/\/secure.gravatar.com\/avatar\/6cf0505f452ee753f485014986fab09a434671d2b919ee76fc541025c5876a70?s=96&d=mm&r=g","caption":"Memurun Sesi Haber Merkezi"},"sameAs":["https:\/\/memurunsesi.net"],"url":"https:\/\/memurunsesi.net\/index.php\/author\/uniper\/"}]}},"_links":{"self":[{"href":"https:\/\/memurunsesi.net\/index.php\/wp-json\/wp\/v2\/posts\/8001","targetHints":{"allow":["GET"]}}],"collection":[{"href":"https:\/\/memurunsesi.net\/index.php\/wp-json\/wp\/v2\/posts"}],"about":[{"href":"https:\/\/memurunsesi.net\/index.php\/wp-json\/wp\/v2\/types\/post"}],"author":[{"embeddable":true,"href":"https:\/\/memurunsesi.net\/index.php\/wp-json\/wp\/v2\/users\/1"}],"replies":[{"embeddable":true,"href":"https:\/\/memurunsesi.net\/index.php\/wp-json\/wp\/v2\/comments?post=8001"}],"version-history":[{"count":1,"href":"https:\/\/memurunsesi.net\/index.php\/wp-json\/wp\/v2\/posts\/8001\/revisions"}],"predecessor-version":[{"id":8003,"href":"https:\/\/memurunsesi.net\/index.php\/wp-json\/wp\/v2\/posts\/8001\/revisions\/8003"}],"wp:featuredmedia":[{"embeddable":true,"href":"https:\/\/memurunsesi.net\/index.php\/wp-json\/wp\/v2\/media\/8002"}],"wp:attachment":[{"href":"https:\/\/memurunsesi.net\/index.php\/wp-json\/wp\/v2\/media?parent=8001"}],"wp:term":[{"taxonomy":"category","embeddable":true,"href":"https:\/\/memurunsesi.net\/index.php\/wp-json\/wp\/v2\/categories?post=8001"},{"taxonomy":"post_tag","embeddable":true,"href":"https:\/\/memurunsesi.net\/index.php\/wp-json\/wp\/v2\/tags?post=8001"}],"curies":[{"name":"wp","href":"https:\/\/api.w.org\/{rel}","templated":true}]}}