{"id":8004,"date":"2025-06-14T12:12:13","date_gmt":"2025-06-14T09:12:13","guid":{"rendered":"https:\/\/memurunsesi.net\/?p=8004"},"modified":"2025-06-14T12:12:13","modified_gmt":"2025-06-14T09:12:13","slug":"acili-baba-kaybettigi-oglunun-adiyla-14-yilda-14-kutuphane-acti","status":"publish","type":"post","link":"https:\/\/memurunsesi.net\/index.php\/2025\/06\/14\/acili-baba-kaybettigi-oglunun-adiyla-14-yilda-14-kutuphane-acti\/","title":{"rendered":"Ac\u0131l\u0131 baba, kaybetti\u011fi o\u011flunun ad\u0131yla 14 y\u0131lda 14 k\u00fct\u00fcphane a\u00e7t\u0131"},"content":{"rendered":"<p> &#8211; Evlat hasretini kitap kokusuyla gideriyor <\/p>\n<p>   Trafik kazas\u0131nda kaybetti\u011fi o\u011flunun an\u0131s\u0131n\u0131 ya\u015fatmak i\u00e7in 14 y\u0131l \u00f6nce ilk k\u00fct\u00fcphaneyi a\u00e7an gazeteci baba \u0130brahim Irmak, zaman i\u00e7erisinde a\u00e7t\u0131\u011f\u0131 k\u00fct\u00fcphane say\u0131s\u0131n\u0131 14&#8217;e \u00e7\u0131kartarak binlerce t\u00fcrden kitab\u0131 kitapseverlerle bulu\u015fturdu. \u0130brahim \u00c7ak\u0131r, kendi imkanlar\u0131 ile ve dostlar\u0131n\u0131n da katk\u0131s\u0131yla a\u00e7t\u0131\u011f\u0131 k\u00fct\u00fcphanelerin o\u011flunun ac\u0131s\u0131n\u0131 hafifletti\u011fini ve ba\u015fkalar\u0131na ilham verdi\u011fini s\u00f6yledi.<br \/>\n  \u0130zmir&#8217;in Karaba\u011flar il\u00e7esinde ya\u015fayan ve as\u0131l mesle\u011fi gazeteci olan 73 ya\u015f\u0131ndaki \u0130brahim Irmak, 32 ya\u015f\u0131ndaki o\u011flu \u00c7a\u011flayan Irmak&#8217;\u0131 2011 y\u0131l\u0131nda trafik kazas\u0131nda kaybetti. \u0130brahim Irmak, bu olay\u0131n hem gazetecilik hem de ya\u015fam felsefesini etkilemesi \u00fczerine kaybetti\u011fi o\u011flunun ad\u0131n\u0131 ya\u015fatmak i\u00e7in k\u00fct\u00fcphane a\u00e7maya karar verdi. Dostlar\u0131n\u0131n ve \u00e7evresinin destekleri ile ilk k\u00fct\u00fcphaneyi kaybetti\u011fi o\u011flunun do\u011fum g\u00fcn\u00fcnde; 29 May\u0131s 2013&#8217;te, memleketi \u00d6demi\u015f&#8217;in Mescitli k\u00f6y\u00fcnde a\u00e7t\u0131. <\/p>\n<p>  K\u00fct\u00fcphane fikrinin ard\u0131ndaki ge\u00e7mi\u015f<br \/>\n  K\u00fct\u00fcphane kurma fikrinin ard\u0131nda; ac\u0131 bir arka plan\u0131n oldu\u011funu dile getiren \u0130brahim Irmak, &#8220;13 Mart 2011&#8217;de o\u011flumu kaybettim. Bu olay hem gazetecilik hayat\u0131m\u0131, hem de ya\u015fam felsefemizi derinden etkiledi. Ard\u0131ndan d\u00fc\u015f\u00fcnd\u00fck ki, o\u011flumuzun ad\u0131n\u0131 ya\u015fatmak i\u00e7in bir \u015feyler yapmal\u0131y\u0131z. \u2018Bir k\u00fct\u00fcphane a\u00e7sak nas\u0131l olur?&#8217; dedik. Zaten elimizde kitaplar\u0131m\u0131z vard\u0131. Kendi kitaplar\u0131ma dostlar\u0131m\u0131z da kitap ekleyince, \u2018Biz sana destek oluruz&#8217; dediler. O\u011flumun do\u011fum g\u00fcn\u00fc olan 29 May\u0131s 2013&#8217;te, memleketimiz \u00d6demi\u015f&#8217;in Mescitli k\u00f6y\u00fcnde ilk k\u00fct\u00fcphanemizi a\u00e7t\u0131k. Sa\u011f olsun gazeteci dostlar\u0131m\u0131z ve bir\u00e7ok isim kat\u0131ld\u0131. Bu s\u00fcrecin medya g\u00fcc\u00fc taraf\u0131 da var. A\u00e7\u0131l\u0131\u015f\u0131m\u0131z haber olunca, gazetelerde, televizyonlarda, dergilerde yer ald\u0131. Ard\u0131ndan kitaplar ya\u011fmaya ba\u015flad\u0131. Elimizde kitap birikince de yeni k\u00fct\u00fcphaneler a\u00e7maya ba\u015flad\u0131k. Her 3 bin 500 kitap birikti\u011finde bir k\u00fct\u00fcphane kuruyoruz. Gitti\u011fimiz yerlerde kitap say\u0131s\u0131n\u0131n zamanla artt\u0131\u011f\u0131n\u0131, halk\u0131n da kitap ba\u011f\u0131\u015flad\u0131\u011f\u0131n\u0131 g\u00f6r\u00fcyoruz. Hatta baz\u0131lar\u0131 bizi bile aramadan do\u011frudan kitap g\u00f6nderiyor. Bu bizim i\u00e7in b\u00fcy\u00fck bir umut kayna\u011f\u0131 oldu&#8221; dedi. <\/p>\n<p>  Allah kimseye evlat ac\u0131s\u0131 ya\u015fatmas\u0131n<br \/>\n  Tek tesellisinin di\u011fer \u00e7ocuklar\u0131n hayatlar\u0131na dokunmak, onlara \u0131\u015f\u0131k olmak oldu\u011funu vurgulayan \u0130brahim Irmak, &#8220;Bu i\u00e7imde hi\u00e7 s\u00f6nmeyen bir yang\u0131n. Kor gibi duruyor. Bir r\u00fczgar esti mi hemen alevleniyor. Allah kimseye evlat ac\u0131s\u0131 ya\u015fatmas\u0131n. \u00c7ok zor. Gecenin bir yar\u0131s\u0131 uyan\u0131p onu d\u00fc\u015f\u00fcn\u00fcyorsunuz. Gazetecilik yap\u0131yorum, yaz\u0131p \u00e7iziyorum. Topluma faydal\u0131 olmaya \u00e7al\u0131\u015f\u0131yorum. \u00c7\u00fcnk\u00fc insanlara fayda sa\u011flad\u0131k\u00e7a hem g\u00f6revimizi yapm\u0131\u015f oluyoruz hem de \u00fclkemize katk\u0131da bulunuyoruz. Ben diyorum ki, memleket i\u00e7in projesi olan herkese destek olmak zorunday\u0131z. E\u011fer biz \u00e7ocuklar\u0131m\u0131za sahip \u00e7\u0131karsak, onlar\u0131n karanl\u0131klar\u0131n\u0131 ayd\u0131nlat\u0131rsak, kitaplar yol g\u00f6sterici olur. Kitap okuyan bir insan\u0131n zihnine her sayfa yeni bir bilgi ekler. Bu da onun geli\u015fmesini, ba\u015fkalar\u0131na daha fazla yard\u0131m etmesini sa\u011flar. \u00dc\u00e7 g\u00fcnl\u00fck d\u00fcnyada ne isteriz ki? \u0130yi ge\u00e7inmek, birbirimize destek olmak, dost olmak Bu m\u00fcmk\u00fcn. Herkes bir katk\u0131 sunsa \u00e7ok daha ya\u015fanabilir bir d\u00fcnya olu\u015fturabiliriz. Bizim imk\u00e2nlar\u0131m\u0131zla a\u00e7t\u0131\u011f\u0131m\u0131z bu k\u00fct\u00fcphaneler, hem ac\u0131m\u0131z\u0131 hafifletiyor hem de ba\u015fkalar\u0131na ilham veriyor. Anadolu&#8217;nun pek \u00e7ok yerinde art\u0131k insanlar kaybettikleri yak\u0131nlar\u0131 i\u00e7in k\u00fct\u00fcphane a\u00e7\u0131yor. Bence yap\u0131labilecek en g\u00fczel i\u015flerden biri bu&#8221; s\u00f6zlerini aktard\u0131. <\/p>\n<p>  O\u011flumun ad\u0131n\u0131 ta\u015f\u0131yan toplam 14 k\u00fct\u00fcphanemiz var<br \/>\n  O\u011flunun ad\u0131n\u0131 ya\u015fatmak i\u00e7in \u00e7\u0131kt\u0131\u011f\u0131 bu yolda bu sene 14. k\u00fct\u00fcphanenin \u00d6demi\u015f \u00c7arl\u0131&#8217;da a\u00e7\u0131ld\u0131\u011f\u0131n\u0131 aktaran \u0130brahim Irmak, &#8220;Bug\u00fcn, o\u011flumun ad\u0131n\u0131 ta\u015f\u0131yan toplam 14 k\u00fct\u00fcphanemiz var. G\u00f6n\u00fcll\u00fc arkada\u015flar\u0131m\u0131z bu k\u00fct\u00fcphanelerde g\u00f6rev yap\u0131yor. Sabahlar\u0131 a\u00e7\u0131yor, gelenlere kitap veriyorlar. Sistemimiz \u00e7ok basit: \u2018Ayd\u0131nlanma yolunda bir mum yak&#8217;. Al, g\u00f6t\u00fcr, oku, getir. \u0130mkan\u0131n varsa da kitap ba\u011f\u0131\u015fla. B\u00fct\u00fcn parolam\u0131z bu. Kitaplar \u00e7ok pahal\u0131. Herkesin kitap almas\u0131 zorla\u015ft\u0131. Ama biz diyoruz ki, gelin, al\u0131n okuyun. Sadece \u00dc\u00e7kuyular&#8217;da a\u00e7t\u0131\u011f\u0131m\u0131z bu k\u00fct\u00fcphane sayesinde mahalledeki her eve 5 bin 500 kitap d\u00fc\u015f\u00fcyor. Telefon numaram\u0131z k\u00fct\u00fcphaneye gelen herkesin g\u00f6rebilece\u011fi yerde yaz\u0131l\u0131. Gecenin bir vakti bile kitap isteyen olursa getiriyorum. Yazlar\u0131 parkta ge\u00e7 saatlere kadar oturuyoruz. Bu sadece kitap de\u011fil, ayn\u0131 zamanda toplumsal g\u00fcvenlik ve kom\u015fuluk a\u00e7\u0131s\u0131ndan da \u00e7ok k\u0131ymetli. Eskiden insanlar gece parka inemezdi. \u015eimdi \u00e7ay\u0131n\u0131, kahvesini alan geliyor. \u00c7ocuklar oynuyor, insanlar rahat\u00e7a vakit ge\u00e7iriyor. Bu k\u00fct\u00fcphanelerin T\u00fcrkiye genelinde yayg\u0131nla\u015fmas\u0131 gerekti\u011fine inan\u0131yorum&#8221; ifadelerine yer verdi. <\/p>\n<p>14.06.2025                          <\/p>\n","protected":false},"excerpt":{"rendered":"<p>&#8211; Evlat hasretini kitap kokusuyla gideriyor Trafik kazas\u0131nda kaybetti\u011fi o\u011flunun an\u0131s\u0131n\u0131 ya\u015fatmak i\u00e7in 14 y\u0131l \u00f6nce ilk k\u00fct\u00fcphaneyi a\u00e7an gazeteci baba \u0130brahim Irmak, zaman i\u00e7erisinde a\u00e7t\u0131\u011f\u0131 k\u00fct\u00fcphane say\u0131s\u0131n\u0131 14&#8217;e \u00e7\u0131kartarak binlerce t\u00fcrden kitab\u0131 kitapseverlerle bulu\u015fturdu. \u0130brahim \u00c7ak\u0131r, kendi imkanlar\u0131 ile ve dostlar\u0131n\u0131n da katk\u0131s\u0131yla a\u00e7t\u0131\u011f\u0131 k\u00fct\u00fcphanelerin o\u011flunun ac\u0131s\u0131n\u0131 hafifletti\u011fini ve ba\u015fkalar\u0131na ilham verdi\u011fini s\u00f6yledi. \u0130zmir&#8217;in [&hellip;]<\/p>\n","protected":false},"author":1,"featured_media":8005,"comment_status":"open","ping_status":"open","sticky":false,"template":"","format":"standard","meta":{"footnotes":""},"categories":[1],"tags":[],"class_list":["post-8004","post","type-post","status-publish","format-standard","has-post-thumbnail","hentry","category-genel"],"yoast_head":"<!-- This site is optimized with the Yoast SEO plugin v27.4 - https:\/\/yoast.com\/product\/yoast-seo-wordpress\/ -->\n<title>Ac\u0131l\u0131 baba, kaybetti\u011fi o\u011flunun ad\u0131yla 14 y\u0131lda 14 k\u00fct\u00fcphane a\u00e7t\u0131 - Memurun Sesi<\/title>\n<meta name=\"robots\" content=\"index, follow, max-snippet:-1, max-image-preview:large, max-video-preview:-1\" \/>\n<link rel=\"canonical\" href=\"https:\/\/memurunsesi.net\/index.php\/2025\/06\/14\/acili-baba-kaybettigi-oglunun-adiyla-14-yilda-14-kutuphane-acti\/\" \/>\n<meta property=\"og:locale\" content=\"tr_TR\" \/>\n<meta property=\"og:type\" content=\"article\" \/>\n<meta property=\"og:title\" content=\"Ac\u0131l\u0131 baba, kaybetti\u011fi o\u011flunun ad\u0131yla 14 y\u0131lda 14 k\u00fct\u00fcphane a\u00e7t\u0131 - Memurun Sesi\" \/>\n<meta property=\"og:description\" content=\"&#8211; Evlat hasretini kitap kokusuyla gideriyor Trafik kazas\u0131nda kaybetti\u011fi o\u011flunun an\u0131s\u0131n\u0131 ya\u015fatmak i\u00e7in 14 y\u0131l \u00f6nce ilk k\u00fct\u00fcphaneyi a\u00e7an gazeteci baba \u0130brahim Irmak, zaman i\u00e7erisinde a\u00e7t\u0131\u011f\u0131 k\u00fct\u00fcphane say\u0131s\u0131n\u0131 14&#8217;e \u00e7\u0131kartarak binlerce t\u00fcrden kitab\u0131 kitapseverlerle bulu\u015fturdu. \u0130brahim \u00c7ak\u0131r, kendi imkanlar\u0131 ile ve dostlar\u0131n\u0131n da katk\u0131s\u0131yla a\u00e7t\u0131\u011f\u0131 k\u00fct\u00fcphanelerin o\u011flunun ac\u0131s\u0131n\u0131 hafifletti\u011fini ve ba\u015fkalar\u0131na ilham verdi\u011fini s\u00f6yledi. \u0130zmir&#8217;in [&hellip;]\" \/>\n<meta property=\"og:url\" content=\"https:\/\/memurunsesi.net\/index.php\/2025\/06\/14\/acili-baba-kaybettigi-oglunun-adiyla-14-yilda-14-kutuphane-acti\/\" \/>\n<meta property=\"og:site_name\" content=\"Memurun Sesi\" \/>\n<meta property=\"article:publisher\" content=\"https:\/\/www.facebook.com\/unipersen\/?locale=tr_TR\" \/>\n<meta property=\"article:published_time\" content=\"2025-06-14T09:12:13+00:00\" \/>\n<meta property=\"og:image\" content=\"https:\/\/memurunsesi.net\/wp-content\/uploads\/2025\/06\/AW475941_01.jpg\" \/>\n\t<meta property=\"og:image:width\" content=\"2048\" \/>\n\t<meta property=\"og:image:height\" content=\"1536\" \/>\n\t<meta property=\"og:image:type\" content=\"image\/jpeg\" \/>\n<meta name=\"author\" content=\"Memurun Sesi Haber Merkezi\" \/>\n<meta name=\"twitter:card\" content=\"summary_large_image\" \/>\n<meta name=\"twitter:creator\" content=\"@unipersen\" \/>\n<meta name=\"twitter:site\" content=\"@unipersen\" \/>\n<meta name=\"twitter:label1\" content=\"Yazan:\" \/>\n\t<meta name=\"twitter:data1\" content=\"Memurun Sesi Haber Merkezi\" \/>\n\t<meta name=\"twitter:label2\" content=\"Tahmini okuma s\u00fcresi\" \/>\n\t<meta name=\"twitter:data2\" content=\"1 dakika\" \/>\n<script type=\"application\/ld+json\" class=\"yoast-schema-graph\">{\"@context\":\"https:\\\/\\\/schema.org\",\"@graph\":[{\"@type\":\"Article\",\"@id\":\"https:\\\/\\\/memurunsesi.net\\\/index.php\\\/2025\\\/06\\\/14\\\/acili-baba-kaybettigi-oglunun-adiyla-14-yilda-14-kutuphane-acti\\\/#article\",\"isPartOf\":{\"@id\":\"https:\\\/\\\/memurunsesi.net\\\/index.php\\\/2025\\\/06\\\/14\\\/acili-baba-kaybettigi-oglunun-adiyla-14-yilda-14-kutuphane-acti\\\/\"},\"author\":{\"name\":\"Memurun Sesi Haber Merkezi\",\"@id\":\"https:\\\/\\\/memurunsesi.net\\\/#\\\/schema\\\/person\\\/f21c2d73b89f6ee1d80b0a1803e38587\"},\"headline\":\"Ac\u0131l\u0131 baba, kaybetti\u011fi o\u011flunun ad\u0131yla 14 y\u0131lda 14 k\u00fct\u00fcphane a\u00e7t\u0131\",\"datePublished\":\"2025-06-14T09:12:13+00:00\",\"mainEntityOfPage\":{\"@id\":\"https:\\\/\\\/memurunsesi.net\\\/index.php\\\/2025\\\/06\\\/14\\\/acili-baba-kaybettigi-oglunun-adiyla-14-yilda-14-kutuphane-acti\\\/\"},\"wordCount\":883,\"commentCount\":0,\"publisher\":{\"@id\":\"https:\\\/\\\/memurunsesi.net\\\/#organization\"},\"image\":{\"@id\":\"https:\\\/\\\/memurunsesi.net\\\/index.php\\\/2025\\\/06\\\/14\\\/acili-baba-kaybettigi-oglunun-adiyla-14-yilda-14-kutuphane-acti\\\/#primaryimage\"},\"thumbnailUrl\":\"https:\\\/\\\/memurunsesi.net\\\/wp-content\\\/uploads\\\/2025\\\/06\\\/AW475941_01.jpg\",\"inLanguage\":\"tr\",\"potentialAction\":[{\"@type\":\"CommentAction\",\"name\":\"Comment\",\"target\":[\"https:\\\/\\\/memurunsesi.net\\\/index.php\\\/2025\\\/06\\\/14\\\/acili-baba-kaybettigi-oglunun-adiyla-14-yilda-14-kutuphane-acti\\\/#respond\"]}]},{\"@type\":\"WebPage\",\"@id\":\"https:\\\/\\\/memurunsesi.net\\\/index.php\\\/2025\\\/06\\\/14\\\/acili-baba-kaybettigi-oglunun-adiyla-14-yilda-14-kutuphane-acti\\\/\",\"url\":\"https:\\\/\\\/memurunsesi.net\\\/index.php\\\/2025\\\/06\\\/14\\\/acili-baba-kaybettigi-oglunun-adiyla-14-yilda-14-kutuphane-acti\\\/\",\"name\":\"Ac\u0131l\u0131 baba, kaybetti\u011fi o\u011flunun ad\u0131yla 14 y\u0131lda 14 k\u00fct\u00fcphane a\u00e7t\u0131 - Memurun Sesi\",\"isPartOf\":{\"@id\":\"https:\\\/\\\/memurunsesi.net\\\/#website\"},\"primaryImageOfPage\":{\"@id\":\"https:\\\/\\\/memurunsesi.net\\\/index.php\\\/2025\\\/06\\\/14\\\/acili-baba-kaybettigi-oglunun-adiyla-14-yilda-14-kutuphane-acti\\\/#primaryimage\"},\"image\":{\"@id\":\"https:\\\/\\\/memurunsesi.net\\\/index.php\\\/2025\\\/06\\\/14\\\/acili-baba-kaybettigi-oglunun-adiyla-14-yilda-14-kutuphane-acti\\\/#primaryimage\"},\"thumbnailUrl\":\"https:\\\/\\\/memurunsesi.net\\\/wp-content\\\/uploads\\\/2025\\\/06\\\/AW475941_01.jpg\",\"datePublished\":\"2025-06-14T09:12:13+00:00\",\"breadcrumb\":{\"@id\":\"https:\\\/\\\/memurunsesi.net\\\/index.php\\\/2025\\\/06\\\/14\\\/acili-baba-kaybettigi-oglunun-adiyla-14-yilda-14-kutuphane-acti\\\/#breadcrumb\"},\"inLanguage\":\"tr\",\"potentialAction\":[{\"@type\":\"ReadAction\",\"target\":[\"https:\\\/\\\/memurunsesi.net\\\/index.php\\\/2025\\\/06\\\/14\\\/acili-baba-kaybettigi-oglunun-adiyla-14-yilda-14-kutuphane-acti\\\/\"]}]},{\"@type\":\"ImageObject\",\"inLanguage\":\"tr\",\"@id\":\"https:\\\/\\\/memurunsesi.net\\\/index.php\\\/2025\\\/06\\\/14\\\/acili-baba-kaybettigi-oglunun-adiyla-14-yilda-14-kutuphane-acti\\\/#primaryimage\",\"url\":\"https:\\\/\\\/memurunsesi.net\\\/wp-content\\\/uploads\\\/2025\\\/06\\\/AW475941_01.jpg\",\"contentUrl\":\"https:\\\/\\\/memurunsesi.net\\\/wp-content\\\/uploads\\\/2025\\\/06\\\/AW475941_01.jpg\",\"width\":2048,\"height\":1536,\"caption\":\"TRAF\u0130K KAZASINDA KAYBETT\u0130\u011e\u0130 O\u011eLUNUN ANISINI YA\u015eATMAK \u0130\u00c7\u0130N 14 YIL \u00d6NCE \u0130LK K\u00dcT\u00dcPHANEY\u0130 A\u00c7AN GAZETEC\u0130 BABA \u0130BRAH\u0130M IRMAK, ZAMAN \u0130\u00c7ER\u0130S\u0130NDE A\u00c7TI\u011eI K\u00dcT\u00dcPHANE SAYISINI 14 'E \u00c7IKARTARAK B\u0130NLERCE T\u00dcRDEN K\u0130TABI K\u0130TAPSEVERLERLE BULU\u015eTURDU. KEND\u0130 \u0130MKANLARI \u0130LE A\u00c7TI\u011eI K\u00dcT\u00dcPHANELER\u0130N ACISINI HAF\u0130FLETT\u0130\u011e\u0130N\u0130 VE BA\u015eKALARINA \u0130LHAM VERD\u0130\u011e\u0130N\u0130 S\u00d6YLEYEN GAZETEC\u0130 BABA \u0130BRAH\u0130M \u00c7AKIR, '' ANADOLU'NUN PEK \u00c7OK YER\u0130NDE ARTIK \u0130NSANLAR KAYBETT\u0130KLER\u0130 YAKINLARI \u0130\u00c7\u0130N K\u00dcT\u00dcPHANE A\u00c7IYOR. BENCE YAPILAB\u0130LECEK EN G\u00dcZEL \u0130\u015eLERDEN B\u0130R\u0130 BUDUR'' DED\u0130. (AL\u0130 \u0130HSAN \u00c7\u0130FT\u00c7\u0130 - Z\u0130LAN GEN\u00c7\\\/\u0130ZM\u0130R-\u0130HA) Trafik kazas\u0131nda kaybetti\u011fi o\u011flunun an\u0131s\u0131n\u0131 ya\u015fatmak i\u00e7in 14 y\u0131l \u00f6nce ilk k\u00fct\u00fcphaneyi a\u00e7an gazeteci baba \u0130brahim Irmak, zaman i\u00e7erisinde a\u00e7t\u0131\u011f\u0131 k\u00fct\u00fcphane say\u0131s\u0131n\u0131 14'e \u00e7\u0131kartarak binlerce t\u00fcrden kitab\u0131 kitapseverlerle bulu\u015fturdu. \u0130brahim \u00c7ak\u0131r, kendi imkanlar\u0131 ile ve dostlar\u0131n\u0131n da katk\u0131s\u0131yla a\u00e7t\u0131\u011f\u0131 k\u00fct\u00fcphanelerin o\u011flunun ac\u0131s\u0131n\u0131 hafifletti\u011fini ve ba\u015fkalar\u0131na ilham verdi\u011fini s\u00f6yledi.\"},{\"@type\":\"BreadcrumbList\",\"@id\":\"https:\\\/\\\/memurunsesi.net\\\/index.php\\\/2025\\\/06\\\/14\\\/acili-baba-kaybettigi-oglunun-adiyla-14-yilda-14-kutuphane-acti\\\/#breadcrumb\",\"itemListElement\":[{\"@type\":\"ListItem\",\"position\":1,\"name\":\"Anasayfa\",\"item\":\"https:\\\/\\\/memurunsesi.net\\\/\"},{\"@type\":\"ListItem\",\"position\":2,\"name\":\"Ac\u0131l\u0131 baba, kaybetti\u011fi o\u011flunun ad\u0131yla 14 y\u0131lda 14 k\u00fct\u00fcphane a\u00e7t\u0131\"}]},{\"@type\":\"WebSite\",\"@id\":\"https:\\\/\\\/memurunsesi.net\\\/#website\",\"url\":\"https:\\\/\\\/memurunsesi.net\\\/\",\"name\":\"Memurun Sesi\",\"description\":\"G\u00fcncel ve Do\u011fru Haber\",\"publisher\":{\"@id\":\"https:\\\/\\\/memurunsesi.net\\\/#organization\"},\"potentialAction\":[{\"@type\":\"SearchAction\",\"target\":{\"@type\":\"EntryPoint\",\"urlTemplate\":\"https:\\\/\\\/memurunsesi.net\\\/?s={search_term_string}\"},\"query-input\":{\"@type\":\"PropertyValueSpecification\",\"valueRequired\":true,\"valueName\":\"search_term_string\"}}],\"inLanguage\":\"tr\"},{\"@type\":\"Organization\",\"@id\":\"https:\\\/\\\/memurunsesi.net\\\/#organization\",\"name\":\"Memurun Sesi\",\"url\":\"https:\\\/\\\/memurunsesi.net\\\/\",\"logo\":{\"@type\":\"ImageObject\",\"inLanguage\":\"tr\",\"@id\":\"https:\\\/\\\/memurunsesi.net\\\/#\\\/schema\\\/logo\\\/image\\\/\",\"url\":\"https:\\\/\\\/memurunsesi.net\\\/wp-content\\\/uploads\\\/2025\\\/11\\\/cropped-MEMURUN-SESI.png\",\"contentUrl\":\"https:\\\/\\\/memurunsesi.net\\\/wp-content\\\/uploads\\\/2025\\\/11\\\/cropped-MEMURUN-SESI.png\",\"width\":238,\"height\":57,\"caption\":\"Memurun Sesi\"},\"image\":{\"@id\":\"https:\\\/\\\/memurunsesi.net\\\/#\\\/schema\\\/logo\\\/image\\\/\"},\"sameAs\":[\"https:\\\/\\\/www.facebook.com\\\/unipersen\\\/?locale=tr_TR\",\"https:\\\/\\\/x.com\\\/unipersen\"]},{\"@type\":\"Person\",\"@id\":\"https:\\\/\\\/memurunsesi.net\\\/#\\\/schema\\\/person\\\/f21c2d73b89f6ee1d80b0a1803e38587\",\"name\":\"Memurun Sesi Haber Merkezi\",\"image\":{\"@type\":\"ImageObject\",\"inLanguage\":\"tr\",\"@id\":\"https:\\\/\\\/secure.gravatar.com\\\/avatar\\\/6cf0505f452ee753f485014986fab09a434671d2b919ee76fc541025c5876a70?s=96&d=mm&r=g\",\"url\":\"https:\\\/\\\/secure.gravatar.com\\\/avatar\\\/6cf0505f452ee753f485014986fab09a434671d2b919ee76fc541025c5876a70?s=96&d=mm&r=g\",\"contentUrl\":\"https:\\\/\\\/secure.gravatar.com\\\/avatar\\\/6cf0505f452ee753f485014986fab09a434671d2b919ee76fc541025c5876a70?s=96&d=mm&r=g\",\"caption\":\"Memurun Sesi Haber Merkezi\"},\"sameAs\":[\"https:\\\/\\\/memurunsesi.net\"],\"url\":\"https:\\\/\\\/memurunsesi.net\\\/index.php\\\/author\\\/uniper\\\/\"}]}<\/script>\n<!-- \/ Yoast SEO plugin. -->","yoast_head_json":{"title":"Ac\u0131l\u0131 baba, kaybetti\u011fi o\u011flunun ad\u0131yla 14 y\u0131lda 14 k\u00fct\u00fcphane a\u00e7t\u0131 - Memurun Sesi","robots":{"index":"index","follow":"follow","max-snippet":"max-snippet:-1","max-image-preview":"max-image-preview:large","max-video-preview":"max-video-preview:-1"},"canonical":"https:\/\/memurunsesi.net\/index.php\/2025\/06\/14\/acili-baba-kaybettigi-oglunun-adiyla-14-yilda-14-kutuphane-acti\/","og_locale":"tr_TR","og_type":"article","og_title":"Ac\u0131l\u0131 baba, kaybetti\u011fi o\u011flunun ad\u0131yla 14 y\u0131lda 14 k\u00fct\u00fcphane a\u00e7t\u0131 - Memurun Sesi","og_description":"&#8211; Evlat hasretini kitap kokusuyla gideriyor Trafik kazas\u0131nda kaybetti\u011fi o\u011flunun an\u0131s\u0131n\u0131 ya\u015fatmak i\u00e7in 14 y\u0131l \u00f6nce ilk k\u00fct\u00fcphaneyi a\u00e7an gazeteci baba \u0130brahim Irmak, zaman i\u00e7erisinde a\u00e7t\u0131\u011f\u0131 k\u00fct\u00fcphane say\u0131s\u0131n\u0131 14&#8217;e \u00e7\u0131kartarak binlerce t\u00fcrden kitab\u0131 kitapseverlerle bulu\u015fturdu. \u0130brahim \u00c7ak\u0131r, kendi imkanlar\u0131 ile ve dostlar\u0131n\u0131n da katk\u0131s\u0131yla a\u00e7t\u0131\u011f\u0131 k\u00fct\u00fcphanelerin o\u011flunun ac\u0131s\u0131n\u0131 hafifletti\u011fini ve ba\u015fkalar\u0131na ilham verdi\u011fini s\u00f6yledi. \u0130zmir&#8217;in [&hellip;]","og_url":"https:\/\/memurunsesi.net\/index.php\/2025\/06\/14\/acili-baba-kaybettigi-oglunun-adiyla-14-yilda-14-kutuphane-acti\/","og_site_name":"Memurun Sesi","article_publisher":"https:\/\/www.facebook.com\/unipersen\/?locale=tr_TR","article_published_time":"2025-06-14T09:12:13+00:00","og_image":[{"width":2048,"height":1536,"url":"https:\/\/memurunsesi.net\/wp-content\/uploads\/2025\/06\/AW475941_01.jpg","type":"image\/jpeg"}],"author":"Memurun Sesi Haber Merkezi","twitter_card":"summary_large_image","twitter_creator":"@unipersen","twitter_site":"@unipersen","twitter_misc":{"Yazan:":"Memurun Sesi Haber Merkezi","Tahmini okuma s\u00fcresi":"1 dakika"},"schema":{"@context":"https:\/\/schema.org","@graph":[{"@type":"Article","@id":"https:\/\/memurunsesi.net\/index.php\/2025\/06\/14\/acili-baba-kaybettigi-oglunun-adiyla-14-yilda-14-kutuphane-acti\/#article","isPartOf":{"@id":"https:\/\/memurunsesi.net\/index.php\/2025\/06\/14\/acili-baba-kaybettigi-oglunun-adiyla-14-yilda-14-kutuphane-acti\/"},"author":{"name":"Memurun Sesi Haber Merkezi","@id":"https:\/\/memurunsesi.net\/#\/schema\/person\/f21c2d73b89f6ee1d80b0a1803e38587"},"headline":"Ac\u0131l\u0131 baba, kaybetti\u011fi o\u011flunun ad\u0131yla 14 y\u0131lda 14 k\u00fct\u00fcphane a\u00e7t\u0131","datePublished":"2025-06-14T09:12:13+00:00","mainEntityOfPage":{"@id":"https:\/\/memurunsesi.net\/index.php\/2025\/06\/14\/acili-baba-kaybettigi-oglunun-adiyla-14-yilda-14-kutuphane-acti\/"},"wordCount":883,"commentCount":0,"publisher":{"@id":"https:\/\/memurunsesi.net\/#organization"},"image":{"@id":"https:\/\/memurunsesi.net\/index.php\/2025\/06\/14\/acili-baba-kaybettigi-oglunun-adiyla-14-yilda-14-kutuphane-acti\/#primaryimage"},"thumbnailUrl":"https:\/\/memurunsesi.net\/wp-content\/uploads\/2025\/06\/AW475941_01.jpg","inLanguage":"tr","potentialAction":[{"@type":"CommentAction","name":"Comment","target":["https:\/\/memurunsesi.net\/index.php\/2025\/06\/14\/acili-baba-kaybettigi-oglunun-adiyla-14-yilda-14-kutuphane-acti\/#respond"]}]},{"@type":"WebPage","@id":"https:\/\/memurunsesi.net\/index.php\/2025\/06\/14\/acili-baba-kaybettigi-oglunun-adiyla-14-yilda-14-kutuphane-acti\/","url":"https:\/\/memurunsesi.net\/index.php\/2025\/06\/14\/acili-baba-kaybettigi-oglunun-adiyla-14-yilda-14-kutuphane-acti\/","name":"Ac\u0131l\u0131 baba, kaybetti\u011fi o\u011flunun ad\u0131yla 14 y\u0131lda 14 k\u00fct\u00fcphane a\u00e7t\u0131 - Memurun Sesi","isPartOf":{"@id":"https:\/\/memurunsesi.net\/#website"},"primaryImageOfPage":{"@id":"https:\/\/memurunsesi.net\/index.php\/2025\/06\/14\/acili-baba-kaybettigi-oglunun-adiyla-14-yilda-14-kutuphane-acti\/#primaryimage"},"image":{"@id":"https:\/\/memurunsesi.net\/index.php\/2025\/06\/14\/acili-baba-kaybettigi-oglunun-adiyla-14-yilda-14-kutuphane-acti\/#primaryimage"},"thumbnailUrl":"https:\/\/memurunsesi.net\/wp-content\/uploads\/2025\/06\/AW475941_01.jpg","datePublished":"2025-06-14T09:12:13+00:00","breadcrumb":{"@id":"https:\/\/memurunsesi.net\/index.php\/2025\/06\/14\/acili-baba-kaybettigi-oglunun-adiyla-14-yilda-14-kutuphane-acti\/#breadcrumb"},"inLanguage":"tr","potentialAction":[{"@type":"ReadAction","target":["https:\/\/memurunsesi.net\/index.php\/2025\/06\/14\/acili-baba-kaybettigi-oglunun-adiyla-14-yilda-14-kutuphane-acti\/"]}]},{"@type":"ImageObject","inLanguage":"tr","@id":"https:\/\/memurunsesi.net\/index.php\/2025\/06\/14\/acili-baba-kaybettigi-oglunun-adiyla-14-yilda-14-kutuphane-acti\/#primaryimage","url":"https:\/\/memurunsesi.net\/wp-content\/uploads\/2025\/06\/AW475941_01.jpg","contentUrl":"https:\/\/memurunsesi.net\/wp-content\/uploads\/2025\/06\/AW475941_01.jpg","width":2048,"height":1536,"caption":"TRAF\u0130K KAZASINDA KAYBETT\u0130\u011e\u0130 O\u011eLUNUN ANISINI YA\u015eATMAK \u0130\u00c7\u0130N 14 YIL \u00d6NCE \u0130LK K\u00dcT\u00dcPHANEY\u0130 A\u00c7AN GAZETEC\u0130 BABA \u0130BRAH\u0130M IRMAK, ZAMAN \u0130\u00c7ER\u0130S\u0130NDE A\u00c7TI\u011eI K\u00dcT\u00dcPHANE SAYISINI 14 'E \u00c7IKARTARAK B\u0130NLERCE T\u00dcRDEN K\u0130TABI K\u0130TAPSEVERLERLE BULU\u015eTURDU. KEND\u0130 \u0130MKANLARI \u0130LE A\u00c7TI\u011eI K\u00dcT\u00dcPHANELER\u0130N ACISINI HAF\u0130FLETT\u0130\u011e\u0130N\u0130 VE BA\u015eKALARINA \u0130LHAM VERD\u0130\u011e\u0130N\u0130 S\u00d6YLEYEN GAZETEC\u0130 BABA \u0130BRAH\u0130M \u00c7AKIR, '' ANADOLU'NUN PEK \u00c7OK YER\u0130NDE ARTIK \u0130NSANLAR KAYBETT\u0130KLER\u0130 YAKINLARI \u0130\u00c7\u0130N K\u00dcT\u00dcPHANE A\u00c7IYOR. BENCE YAPILAB\u0130LECEK EN G\u00dcZEL \u0130\u015eLERDEN B\u0130R\u0130 BUDUR'' DED\u0130. (AL\u0130 \u0130HSAN \u00c7\u0130FT\u00c7\u0130 - Z\u0130LAN GEN\u00c7\/\u0130ZM\u0130R-\u0130HA) Trafik kazas\u0131nda kaybetti\u011fi o\u011flunun an\u0131s\u0131n\u0131 ya\u015fatmak i\u00e7in 14 y\u0131l \u00f6nce ilk k\u00fct\u00fcphaneyi a\u00e7an gazeteci baba \u0130brahim Irmak, zaman i\u00e7erisinde a\u00e7t\u0131\u011f\u0131 k\u00fct\u00fcphane say\u0131s\u0131n\u0131 14'e \u00e7\u0131kartarak binlerce t\u00fcrden kitab\u0131 kitapseverlerle bulu\u015fturdu. \u0130brahim \u00c7ak\u0131r, kendi imkanlar\u0131 ile ve dostlar\u0131n\u0131n da katk\u0131s\u0131yla a\u00e7t\u0131\u011f\u0131 k\u00fct\u00fcphanelerin o\u011flunun ac\u0131s\u0131n\u0131 hafifletti\u011fini ve ba\u015fkalar\u0131na ilham verdi\u011fini s\u00f6yledi."},{"@type":"BreadcrumbList","@id":"https:\/\/memurunsesi.net\/index.php\/2025\/06\/14\/acili-baba-kaybettigi-oglunun-adiyla-14-yilda-14-kutuphane-acti\/#breadcrumb","itemListElement":[{"@type":"ListItem","position":1,"name":"Anasayfa","item":"https:\/\/memurunsesi.net\/"},{"@type":"ListItem","position":2,"name":"Ac\u0131l\u0131 baba, kaybetti\u011fi o\u011flunun ad\u0131yla 14 y\u0131lda 14 k\u00fct\u00fcphane a\u00e7t\u0131"}]},{"@type":"WebSite","@id":"https:\/\/memurunsesi.net\/#website","url":"https:\/\/memurunsesi.net\/","name":"Memurun Sesi","description":"G\u00fcncel ve Do\u011fru Haber","publisher":{"@id":"https:\/\/memurunsesi.net\/#organization"},"potentialAction":[{"@type":"SearchAction","target":{"@type":"EntryPoint","urlTemplate":"https:\/\/memurunsesi.net\/?s={search_term_string}"},"query-input":{"@type":"PropertyValueSpecification","valueRequired":true,"valueName":"search_term_string"}}],"inLanguage":"tr"},{"@type":"Organization","@id":"https:\/\/memurunsesi.net\/#organization","name":"Memurun Sesi","url":"https:\/\/memurunsesi.net\/","logo":{"@type":"ImageObject","inLanguage":"tr","@id":"https:\/\/memurunsesi.net\/#\/schema\/logo\/image\/","url":"https:\/\/memurunsesi.net\/wp-content\/uploads\/2025\/11\/cropped-MEMURUN-SESI.png","contentUrl":"https:\/\/memurunsesi.net\/wp-content\/uploads\/2025\/11\/cropped-MEMURUN-SESI.png","width":238,"height":57,"caption":"Memurun Sesi"},"image":{"@id":"https:\/\/memurunsesi.net\/#\/schema\/logo\/image\/"},"sameAs":["https:\/\/www.facebook.com\/unipersen\/?locale=tr_TR","https:\/\/x.com\/unipersen"]},{"@type":"Person","@id":"https:\/\/memurunsesi.net\/#\/schema\/person\/f21c2d73b89f6ee1d80b0a1803e38587","name":"Memurun Sesi Haber Merkezi","image":{"@type":"ImageObject","inLanguage":"tr","@id":"https:\/\/secure.gravatar.com\/avatar\/6cf0505f452ee753f485014986fab09a434671d2b919ee76fc541025c5876a70?s=96&d=mm&r=g","url":"https:\/\/secure.gravatar.com\/avatar\/6cf0505f452ee753f485014986fab09a434671d2b919ee76fc541025c5876a70?s=96&d=mm&r=g","contentUrl":"https:\/\/secure.gravatar.com\/avatar\/6cf0505f452ee753f485014986fab09a434671d2b919ee76fc541025c5876a70?s=96&d=mm&r=g","caption":"Memurun Sesi Haber Merkezi"},"sameAs":["https:\/\/memurunsesi.net"],"url":"https:\/\/memurunsesi.net\/index.php\/author\/uniper\/"}]}},"_links":{"self":[{"href":"https:\/\/memurunsesi.net\/index.php\/wp-json\/wp\/v2\/posts\/8004","targetHints":{"allow":["GET"]}}],"collection":[{"href":"https:\/\/memurunsesi.net\/index.php\/wp-json\/wp\/v2\/posts"}],"about":[{"href":"https:\/\/memurunsesi.net\/index.php\/wp-json\/wp\/v2\/types\/post"}],"author":[{"embeddable":true,"href":"https:\/\/memurunsesi.net\/index.php\/wp-json\/wp\/v2\/users\/1"}],"replies":[{"embeddable":true,"href":"https:\/\/memurunsesi.net\/index.php\/wp-json\/wp\/v2\/comments?post=8004"}],"version-history":[{"count":1,"href":"https:\/\/memurunsesi.net\/index.php\/wp-json\/wp\/v2\/posts\/8004\/revisions"}],"predecessor-version":[{"id":8006,"href":"https:\/\/memurunsesi.net\/index.php\/wp-json\/wp\/v2\/posts\/8004\/revisions\/8006"}],"wp:featuredmedia":[{"embeddable":true,"href":"https:\/\/memurunsesi.net\/index.php\/wp-json\/wp\/v2\/media\/8005"}],"wp:attachment":[{"href":"https:\/\/memurunsesi.net\/index.php\/wp-json\/wp\/v2\/media?parent=8004"}],"wp:term":[{"taxonomy":"category","embeddable":true,"href":"https:\/\/memurunsesi.net\/index.php\/wp-json\/wp\/v2\/categories?post=8004"},{"taxonomy":"post_tag","embeddable":true,"href":"https:\/\/memurunsesi.net\/index.php\/wp-json\/wp\/v2\/tags?post=8004"}],"curies":[{"name":"wp","href":"https:\/\/api.w.org\/{rel}","templated":true}]}}