{"id":8063,"date":"2025-06-15T11:48:52","date_gmt":"2025-06-15T08:48:52","guid":{"rendered":"https:\/\/memurunsesi.net\/?p=8063"},"modified":"2025-06-15T11:48:52","modified_gmt":"2025-06-15T08:48:52","slug":"gonullere-dokunan-babalar-gunu-videosu-duygulandirdi","status":"publish","type":"post","link":"https:\/\/memurunsesi.net\/index.php\/2025\/06\/15\/gonullere-dokunan-babalar-gunu-videosu-duygulandirdi\/","title":{"rendered":"G\u00f6n\u00fcllere dokunan Babalar G\u00fcn\u00fc videosu duyguland\u0131rd\u0131"},"content":{"rendered":"<p> &#8211; Pendik Belediyesi\u2019nden Babalar G\u00fcn\u00fc\u2019ne duygusal dokunu\u015f: Bu mesle\u011fin ad\u0131 \u2018babal\u0131k\u2019   <\/p>\n<p>  Pendik Belediyesi\u2019nin Babalar G\u00fcn\u00fc videosunda gen\u00e7lere fedak\u00e2rl\u0131klarla dolu bir meslek tan\u0131t\u0131ld\u0131. &#8220;Bu i\u015fi ka\u00e7 paraya yapars\u0131n\u0131z&#8221; sorusuyla ba\u015flayan r\u00f6portaj, duygusal anlara sahne oldu. Mesle\u011fin ad\u0131n\u0131n &#8220;Babal\u0131k&#8221; oldu\u011funu \u00f6\u011frenen gen\u00e7ler, babalar\u0131n\u0131 arayarak Babalar G\u00fcn\u00fc\u2019n\u00fc kutlad\u0131.<br \/>\n  Pendik Belediyesi, Babalar G\u00fcn\u00fc kapsam\u0131nda haz\u0131rlad\u0131\u011f\u0131 \u00f6zel video ile izleyenlere duygu dolu anlar ya\u015fatt\u0131. Kaynarca Yeni Nesil Ya\u015fam Merkezi\u2019nde ger\u00e7ekle\u015ftirilen r\u00f6portajda, k\u00fct\u00fcphaneden faydalanan gen\u00e7lere babalar\u0131n\u0131n y\u00fcklendi\u011fi sorumluluklar anlat\u0131ld\u0131. Gen\u00e7lere, kar\u015f\u0131l\u0131k beklemeden fedakarca \u00e7al\u0131\u015fan, ailesini koruyup kollayan, kendinden \u00e7ok sevdiklerini d\u00fc\u015f\u00fcnen bu ki\u015filerin yapt\u0131\u011f\u0131 i\u015fin asl\u0131nda &#8216;babal\u0131k&#8217; oldu\u011fu a\u00e7\u0131kland\u0131\u011f\u0131nda duygusal anlar ya\u015fand\u0131. Ger\u00e7e\u011fi \u00f6\u011frenen \u00f6\u011frenciler, duygular\u0131na h\u00e2kim olamayarak telefonlar\u0131na sar\u0131ld\u0131 ve babalar\u0131n\u0131 arayarak Babalar G\u00fcn\u00fc\u2019n\u00fc kutlad\u0131. Videoya yans\u0131yan bu i\u00e7ten tepkiler, izleyenlerin y\u00fcreklerini \u0131s\u0131tt\u0131.<br \/>\n  Pendik Belediye Ba\u015fkan\u0131 Ahmet Cin de duygusal videoyu ki\u015fisel sosyal medya hesab\u0131ndan payla\u015farak, &#8220;Babalar\u0131m\u0131z\u0131n hakk\u0131 \u00f6denmez, iyi ki vars\u0131n\u0131z. Babalar G\u00fcn\u00fc\u2019n\u00fcz kutlu olsun&#8221; notunu d\u00fc\u015ft\u00fc. Pendik Belediyesi\u2019nin bu \u00f6zel \u00e7al\u0131\u015fmas\u0131, sosyal medyada k\u0131sa s\u00fcrede b\u00fcy\u00fck ilgi g\u00f6rd\u00fc. Video, babal\u0131\u011f\u0131n kar\u015f\u0131l\u0131ks\u0131z eme\u011fini ve de\u011ferini bir kez daha g\u00f6zler \u00f6n\u00fcne serdi. <\/p>\n<p>15.06.2025 <div style=\"width: 512px;\" class=\"wp-video\"><video class=\"wp-video-shortcode\" id=\"video-8063-1\" width=\"512\" height=\"288\" preload=\"metadata\" controls=\"controls\"><source type=\"video\/mp4\" src=\"https:\/\/memurunsesi.net\/wp-content\/uploads\/2025\/06\/21E78151-89A9-4BD0-BE2A-EB1819ACEFF4-1.mp4?_=1\" \/><a href=\"https:\/\/memurunsesi.net\/wp-content\/uploads\/2025\/06\/21E78151-89A9-4BD0-BE2A-EB1819ACEFF4-1.mp4\">https:\/\/memurunsesi.net\/wp-content\/uploads\/2025\/06\/21E78151-89A9-4BD0-BE2A-EB1819ACEFF4-1.mp4<\/a><\/video><\/div>                          <\/p>\n","protected":false},"excerpt":{"rendered":"<p>&#8211; Pendik Belediyesi\u2019nden Babalar G\u00fcn\u00fc\u2019ne duygusal dokunu\u015f: Bu mesle\u011fin ad\u0131 \u2018babal\u0131k\u2019 Pendik Belediyesi\u2019nin Babalar G\u00fcn\u00fc videosunda gen\u00e7lere fedak\u00e2rl\u0131klarla dolu bir meslek tan\u0131t\u0131ld\u0131. &#8220;Bu i\u015fi ka\u00e7 paraya yapars\u0131n\u0131z&#8221; sorusuyla ba\u015flayan r\u00f6portaj, duygusal anlara sahne oldu. Mesle\u011fin ad\u0131n\u0131n &#8220;Babal\u0131k&#8221; oldu\u011funu \u00f6\u011frenen gen\u00e7ler, babalar\u0131n\u0131 arayarak Babalar G\u00fcn\u00fc\u2019n\u00fc kutlad\u0131. Pendik Belediyesi, Babalar G\u00fcn\u00fc kapsam\u0131nda haz\u0131rlad\u0131\u011f\u0131 \u00f6zel video ile izleyenlere [&hellip;]<\/p>\n","protected":false},"author":1,"featured_media":0,"comment_status":"open","ping_status":"open","sticky":false,"template":"","format":"standard","meta":{"footnotes":""},"categories":[1],"tags":[],"class_list":["post-8063","post","type-post","status-publish","format-standard","hentry","category-genel"],"yoast_head":"<!-- This site is optimized with the Yoast SEO plugin v27.4 - https:\/\/yoast.com\/product\/yoast-seo-wordpress\/ -->\n<title>G\u00f6n\u00fcllere dokunan Babalar G\u00fcn\u00fc videosu duyguland\u0131rd\u0131 - Memurun Sesi<\/title>\n<meta name=\"robots\" content=\"index, follow, max-snippet:-1, max-image-preview:large, max-video-preview:-1\" \/>\n<link rel=\"canonical\" href=\"https:\/\/memurunsesi.net\/index.php\/2025\/06\/15\/gonullere-dokunan-babalar-gunu-videosu-duygulandirdi\/\" \/>\n<meta property=\"og:locale\" content=\"tr_TR\" \/>\n<meta property=\"og:type\" content=\"article\" \/>\n<meta property=\"og:title\" content=\"G\u00f6n\u00fcllere dokunan Babalar G\u00fcn\u00fc videosu duyguland\u0131rd\u0131 - Memurun Sesi\" \/>\n<meta property=\"og:description\" content=\"&#8211; Pendik Belediyesi\u2019nden Babalar G\u00fcn\u00fc\u2019ne duygusal dokunu\u015f: Bu mesle\u011fin ad\u0131 \u2018babal\u0131k\u2019 Pendik Belediyesi\u2019nin Babalar G\u00fcn\u00fc videosunda gen\u00e7lere fedak\u00e2rl\u0131klarla dolu bir meslek tan\u0131t\u0131ld\u0131. &#8220;Bu i\u015fi ka\u00e7 paraya yapars\u0131n\u0131z&#8221; sorusuyla ba\u015flayan r\u00f6portaj, duygusal anlara sahne oldu. Mesle\u011fin ad\u0131n\u0131n &#8220;Babal\u0131k&#8221; oldu\u011funu \u00f6\u011frenen gen\u00e7ler, babalar\u0131n\u0131 arayarak Babalar G\u00fcn\u00fc\u2019n\u00fc kutlad\u0131. Pendik Belediyesi, Babalar G\u00fcn\u00fc kapsam\u0131nda haz\u0131rlad\u0131\u011f\u0131 \u00f6zel video ile izleyenlere [&hellip;]\" \/>\n<meta property=\"og:url\" content=\"https:\/\/memurunsesi.net\/index.php\/2025\/06\/15\/gonullere-dokunan-babalar-gunu-videosu-duygulandirdi\/\" \/>\n<meta property=\"og:site_name\" content=\"Memurun Sesi\" \/>\n<meta property=\"article:publisher\" content=\"https:\/\/www.facebook.com\/unipersen\/?locale=tr_TR\" \/>\n<meta property=\"article:published_time\" content=\"2025-06-15T08:48:52+00:00\" \/>\n<meta name=\"author\" content=\"Memurun Sesi Haber Merkezi\" \/>\n<meta name=\"twitter:card\" content=\"summary_large_image\" \/>\n<meta name=\"twitter:creator\" content=\"@unipersen\" \/>\n<meta name=\"twitter:site\" content=\"@unipersen\" \/>\n<meta name=\"twitter:label1\" content=\"Yazan:\" \/>\n\t<meta name=\"twitter:data1\" content=\"Memurun Sesi Haber Merkezi\" \/>\n<script type=\"application\/ld+json\" class=\"yoast-schema-graph\">{\"@context\":\"https:\\\/\\\/schema.org\",\"@graph\":[{\"@type\":\"Article\",\"@id\":\"https:\\\/\\\/memurunsesi.net\\\/index.php\\\/2025\\\/06\\\/15\\\/gonullere-dokunan-babalar-gunu-videosu-duygulandirdi\\\/#article\",\"isPartOf\":{\"@id\":\"https:\\\/\\\/memurunsesi.net\\\/index.php\\\/2025\\\/06\\\/15\\\/gonullere-dokunan-babalar-gunu-videosu-duygulandirdi\\\/\"},\"author\":{\"name\":\"Memurun Sesi Haber Merkezi\",\"@id\":\"https:\\\/\\\/memurunsesi.net\\\/#\\\/schema\\\/person\\\/f21c2d73b89f6ee1d80b0a1803e38587\"},\"headline\":\"G\u00f6n\u00fcllere dokunan Babalar G\u00fcn\u00fc videosu duyguland\u0131rd\u0131\",\"datePublished\":\"2025-06-15T08:48:52+00:00\",\"mainEntityOfPage\":{\"@id\":\"https:\\\/\\\/memurunsesi.net\\\/index.php\\\/2025\\\/06\\\/15\\\/gonullere-dokunan-babalar-gunu-videosu-duygulandirdi\\\/\"},\"wordCount\":294,\"commentCount\":0,\"publisher\":{\"@id\":\"https:\\\/\\\/memurunsesi.net\\\/#organization\"},\"inLanguage\":\"tr\",\"potentialAction\":[{\"@type\":\"CommentAction\",\"name\":\"Comment\",\"target\":[\"https:\\\/\\\/memurunsesi.net\\\/index.php\\\/2025\\\/06\\\/15\\\/gonullere-dokunan-babalar-gunu-videosu-duygulandirdi\\\/#respond\"]}]},{\"@type\":\"WebPage\",\"@id\":\"https:\\\/\\\/memurunsesi.net\\\/index.php\\\/2025\\\/06\\\/15\\\/gonullere-dokunan-babalar-gunu-videosu-duygulandirdi\\\/\",\"url\":\"https:\\\/\\\/memurunsesi.net\\\/index.php\\\/2025\\\/06\\\/15\\\/gonullere-dokunan-babalar-gunu-videosu-duygulandirdi\\\/\",\"name\":\"G\u00f6n\u00fcllere dokunan Babalar G\u00fcn\u00fc videosu duyguland\u0131rd\u0131 - Memurun Sesi\",\"isPartOf\":{\"@id\":\"https:\\\/\\\/memurunsesi.net\\\/#website\"},\"datePublished\":\"2025-06-15T08:48:52+00:00\",\"breadcrumb\":{\"@id\":\"https:\\\/\\\/memurunsesi.net\\\/index.php\\\/2025\\\/06\\\/15\\\/gonullere-dokunan-babalar-gunu-videosu-duygulandirdi\\\/#breadcrumb\"},\"inLanguage\":\"tr\",\"potentialAction\":[{\"@type\":\"ReadAction\",\"target\":[\"https:\\\/\\\/memurunsesi.net\\\/index.php\\\/2025\\\/06\\\/15\\\/gonullere-dokunan-babalar-gunu-videosu-duygulandirdi\\\/\"]}]},{\"@type\":\"BreadcrumbList\",\"@id\":\"https:\\\/\\\/memurunsesi.net\\\/index.php\\\/2025\\\/06\\\/15\\\/gonullere-dokunan-babalar-gunu-videosu-duygulandirdi\\\/#breadcrumb\",\"itemListElement\":[{\"@type\":\"ListItem\",\"position\":1,\"name\":\"Anasayfa\",\"item\":\"https:\\\/\\\/memurunsesi.net\\\/\"},{\"@type\":\"ListItem\",\"position\":2,\"name\":\"G\u00f6n\u00fcllere dokunan Babalar G\u00fcn\u00fc videosu duyguland\u0131rd\u0131\"}]},{\"@type\":\"WebSite\",\"@id\":\"https:\\\/\\\/memurunsesi.net\\\/#website\",\"url\":\"https:\\\/\\\/memurunsesi.net\\\/\",\"name\":\"Memurun Sesi\",\"description\":\"G\u00fcncel ve Do\u011fru Haber\",\"publisher\":{\"@id\":\"https:\\\/\\\/memurunsesi.net\\\/#organization\"},\"potentialAction\":[{\"@type\":\"SearchAction\",\"target\":{\"@type\":\"EntryPoint\",\"urlTemplate\":\"https:\\\/\\\/memurunsesi.net\\\/?s={search_term_string}\"},\"query-input\":{\"@type\":\"PropertyValueSpecification\",\"valueRequired\":true,\"valueName\":\"search_term_string\"}}],\"inLanguage\":\"tr\"},{\"@type\":\"Organization\",\"@id\":\"https:\\\/\\\/memurunsesi.net\\\/#organization\",\"name\":\"Memurun Sesi\",\"url\":\"https:\\\/\\\/memurunsesi.net\\\/\",\"logo\":{\"@type\":\"ImageObject\",\"inLanguage\":\"tr\",\"@id\":\"https:\\\/\\\/memurunsesi.net\\\/#\\\/schema\\\/logo\\\/image\\\/\",\"url\":\"https:\\\/\\\/memurunsesi.net\\\/wp-content\\\/uploads\\\/2025\\\/11\\\/cropped-MEMURUN-SESI.png\",\"contentUrl\":\"https:\\\/\\\/memurunsesi.net\\\/wp-content\\\/uploads\\\/2025\\\/11\\\/cropped-MEMURUN-SESI.png\",\"width\":238,\"height\":57,\"caption\":\"Memurun Sesi\"},\"image\":{\"@id\":\"https:\\\/\\\/memurunsesi.net\\\/#\\\/schema\\\/logo\\\/image\\\/\"},\"sameAs\":[\"https:\\\/\\\/www.facebook.com\\\/unipersen\\\/?locale=tr_TR\",\"https:\\\/\\\/x.com\\\/unipersen\"]},{\"@type\":\"Person\",\"@id\":\"https:\\\/\\\/memurunsesi.net\\\/#\\\/schema\\\/person\\\/f21c2d73b89f6ee1d80b0a1803e38587\",\"name\":\"Memurun Sesi Haber Merkezi\",\"image\":{\"@type\":\"ImageObject\",\"inLanguage\":\"tr\",\"@id\":\"https:\\\/\\\/secure.gravatar.com\\\/avatar\\\/6cf0505f452ee753f485014986fab09a434671d2b919ee76fc541025c5876a70?s=96&d=mm&r=g\",\"url\":\"https:\\\/\\\/secure.gravatar.com\\\/avatar\\\/6cf0505f452ee753f485014986fab09a434671d2b919ee76fc541025c5876a70?s=96&d=mm&r=g\",\"contentUrl\":\"https:\\\/\\\/secure.gravatar.com\\\/avatar\\\/6cf0505f452ee753f485014986fab09a434671d2b919ee76fc541025c5876a70?s=96&d=mm&r=g\",\"caption\":\"Memurun Sesi Haber Merkezi\"},\"sameAs\":[\"https:\\\/\\\/memurunsesi.net\"],\"url\":\"https:\\\/\\\/memurunsesi.net\\\/index.php\\\/author\\\/uniper\\\/\"}]}<\/script>\n<!-- \/ Yoast SEO plugin. -->","yoast_head_json":{"title":"G\u00f6n\u00fcllere dokunan Babalar G\u00fcn\u00fc videosu duyguland\u0131rd\u0131 - Memurun Sesi","robots":{"index":"index","follow":"follow","max-snippet":"max-snippet:-1","max-image-preview":"max-image-preview:large","max-video-preview":"max-video-preview:-1"},"canonical":"https:\/\/memurunsesi.net\/index.php\/2025\/06\/15\/gonullere-dokunan-babalar-gunu-videosu-duygulandirdi\/","og_locale":"tr_TR","og_type":"article","og_title":"G\u00f6n\u00fcllere dokunan Babalar G\u00fcn\u00fc videosu duyguland\u0131rd\u0131 - Memurun Sesi","og_description":"&#8211; Pendik Belediyesi\u2019nden Babalar G\u00fcn\u00fc\u2019ne duygusal dokunu\u015f: Bu mesle\u011fin ad\u0131 \u2018babal\u0131k\u2019 Pendik Belediyesi\u2019nin Babalar G\u00fcn\u00fc videosunda gen\u00e7lere fedak\u00e2rl\u0131klarla dolu bir meslek tan\u0131t\u0131ld\u0131. &#8220;Bu i\u015fi ka\u00e7 paraya yapars\u0131n\u0131z&#8221; sorusuyla ba\u015flayan r\u00f6portaj, duygusal anlara sahne oldu. Mesle\u011fin ad\u0131n\u0131n &#8220;Babal\u0131k&#8221; oldu\u011funu \u00f6\u011frenen gen\u00e7ler, babalar\u0131n\u0131 arayarak Babalar G\u00fcn\u00fc\u2019n\u00fc kutlad\u0131. Pendik Belediyesi, Babalar G\u00fcn\u00fc kapsam\u0131nda haz\u0131rlad\u0131\u011f\u0131 \u00f6zel video ile izleyenlere [&hellip;]","og_url":"https:\/\/memurunsesi.net\/index.php\/2025\/06\/15\/gonullere-dokunan-babalar-gunu-videosu-duygulandirdi\/","og_site_name":"Memurun Sesi","article_publisher":"https:\/\/www.facebook.com\/unipersen\/?locale=tr_TR","article_published_time":"2025-06-15T08:48:52+00:00","author":"Memurun Sesi Haber Merkezi","twitter_card":"summary_large_image","twitter_creator":"@unipersen","twitter_site":"@unipersen","twitter_misc":{"Yazan:":"Memurun Sesi Haber Merkezi"},"schema":{"@context":"https:\/\/schema.org","@graph":[{"@type":"Article","@id":"https:\/\/memurunsesi.net\/index.php\/2025\/06\/15\/gonullere-dokunan-babalar-gunu-videosu-duygulandirdi\/#article","isPartOf":{"@id":"https:\/\/memurunsesi.net\/index.php\/2025\/06\/15\/gonullere-dokunan-babalar-gunu-videosu-duygulandirdi\/"},"author":{"name":"Memurun Sesi Haber Merkezi","@id":"https:\/\/memurunsesi.net\/#\/schema\/person\/f21c2d73b89f6ee1d80b0a1803e38587"},"headline":"G\u00f6n\u00fcllere dokunan Babalar G\u00fcn\u00fc videosu duyguland\u0131rd\u0131","datePublished":"2025-06-15T08:48:52+00:00","mainEntityOfPage":{"@id":"https:\/\/memurunsesi.net\/index.php\/2025\/06\/15\/gonullere-dokunan-babalar-gunu-videosu-duygulandirdi\/"},"wordCount":294,"commentCount":0,"publisher":{"@id":"https:\/\/memurunsesi.net\/#organization"},"inLanguage":"tr","potentialAction":[{"@type":"CommentAction","name":"Comment","target":["https:\/\/memurunsesi.net\/index.php\/2025\/06\/15\/gonullere-dokunan-babalar-gunu-videosu-duygulandirdi\/#respond"]}]},{"@type":"WebPage","@id":"https:\/\/memurunsesi.net\/index.php\/2025\/06\/15\/gonullere-dokunan-babalar-gunu-videosu-duygulandirdi\/","url":"https:\/\/memurunsesi.net\/index.php\/2025\/06\/15\/gonullere-dokunan-babalar-gunu-videosu-duygulandirdi\/","name":"G\u00f6n\u00fcllere dokunan Babalar G\u00fcn\u00fc videosu duyguland\u0131rd\u0131 - Memurun Sesi","isPartOf":{"@id":"https:\/\/memurunsesi.net\/#website"},"datePublished":"2025-06-15T08:48:52+00:00","breadcrumb":{"@id":"https:\/\/memurunsesi.net\/index.php\/2025\/06\/15\/gonullere-dokunan-babalar-gunu-videosu-duygulandirdi\/#breadcrumb"},"inLanguage":"tr","potentialAction":[{"@type":"ReadAction","target":["https:\/\/memurunsesi.net\/index.php\/2025\/06\/15\/gonullere-dokunan-babalar-gunu-videosu-duygulandirdi\/"]}]},{"@type":"BreadcrumbList","@id":"https:\/\/memurunsesi.net\/index.php\/2025\/06\/15\/gonullere-dokunan-babalar-gunu-videosu-duygulandirdi\/#breadcrumb","itemListElement":[{"@type":"ListItem","position":1,"name":"Anasayfa","item":"https:\/\/memurunsesi.net\/"},{"@type":"ListItem","position":2,"name":"G\u00f6n\u00fcllere dokunan Babalar G\u00fcn\u00fc videosu duyguland\u0131rd\u0131"}]},{"@type":"WebSite","@id":"https:\/\/memurunsesi.net\/#website","url":"https:\/\/memurunsesi.net\/","name":"Memurun Sesi","description":"G\u00fcncel ve Do\u011fru Haber","publisher":{"@id":"https:\/\/memurunsesi.net\/#organization"},"potentialAction":[{"@type":"SearchAction","target":{"@type":"EntryPoint","urlTemplate":"https:\/\/memurunsesi.net\/?s={search_term_string}"},"query-input":{"@type":"PropertyValueSpecification","valueRequired":true,"valueName":"search_term_string"}}],"inLanguage":"tr"},{"@type":"Organization","@id":"https:\/\/memurunsesi.net\/#organization","name":"Memurun Sesi","url":"https:\/\/memurunsesi.net\/","logo":{"@type":"ImageObject","inLanguage":"tr","@id":"https:\/\/memurunsesi.net\/#\/schema\/logo\/image\/","url":"https:\/\/memurunsesi.net\/wp-content\/uploads\/2025\/11\/cropped-MEMURUN-SESI.png","contentUrl":"https:\/\/memurunsesi.net\/wp-content\/uploads\/2025\/11\/cropped-MEMURUN-SESI.png","width":238,"height":57,"caption":"Memurun Sesi"},"image":{"@id":"https:\/\/memurunsesi.net\/#\/schema\/logo\/image\/"},"sameAs":["https:\/\/www.facebook.com\/unipersen\/?locale=tr_TR","https:\/\/x.com\/unipersen"]},{"@type":"Person","@id":"https:\/\/memurunsesi.net\/#\/schema\/person\/f21c2d73b89f6ee1d80b0a1803e38587","name":"Memurun Sesi Haber Merkezi","image":{"@type":"ImageObject","inLanguage":"tr","@id":"https:\/\/secure.gravatar.com\/avatar\/6cf0505f452ee753f485014986fab09a434671d2b919ee76fc541025c5876a70?s=96&d=mm&r=g","url":"https:\/\/secure.gravatar.com\/avatar\/6cf0505f452ee753f485014986fab09a434671d2b919ee76fc541025c5876a70?s=96&d=mm&r=g","contentUrl":"https:\/\/secure.gravatar.com\/avatar\/6cf0505f452ee753f485014986fab09a434671d2b919ee76fc541025c5876a70?s=96&d=mm&r=g","caption":"Memurun Sesi Haber Merkezi"},"sameAs":["https:\/\/memurunsesi.net"],"url":"https:\/\/memurunsesi.net\/index.php\/author\/uniper\/"}]}},"_links":{"self":[{"href":"https:\/\/memurunsesi.net\/index.php\/wp-json\/wp\/v2\/posts\/8063","targetHints":{"allow":["GET"]}}],"collection":[{"href":"https:\/\/memurunsesi.net\/index.php\/wp-json\/wp\/v2\/posts"}],"about":[{"href":"https:\/\/memurunsesi.net\/index.php\/wp-json\/wp\/v2\/types\/post"}],"author":[{"embeddable":true,"href":"https:\/\/memurunsesi.net\/index.php\/wp-json\/wp\/v2\/users\/1"}],"replies":[{"embeddable":true,"href":"https:\/\/memurunsesi.net\/index.php\/wp-json\/wp\/v2\/comments?post=8063"}],"version-history":[{"count":1,"href":"https:\/\/memurunsesi.net\/index.php\/wp-json\/wp\/v2\/posts\/8063\/revisions"}],"predecessor-version":[{"id":8065,"href":"https:\/\/memurunsesi.net\/index.php\/wp-json\/wp\/v2\/posts\/8063\/revisions\/8065"}],"wp:attachment":[{"href":"https:\/\/memurunsesi.net\/index.php\/wp-json\/wp\/v2\/media?parent=8063"}],"wp:term":[{"taxonomy":"category","embeddable":true,"href":"https:\/\/memurunsesi.net\/index.php\/wp-json\/wp\/v2\/categories?post=8063"},{"taxonomy":"post_tag","embeddable":true,"href":"https:\/\/memurunsesi.net\/index.php\/wp-json\/wp\/v2\/tags?post=8063"}],"curies":[{"name":"wp","href":"https:\/\/api.w.org\/{rel}","templated":true}]}}