{"id":8066,"date":"2025-06-15T11:50:48","date_gmt":"2025-06-15T08:50:48","guid":{"rendered":"https:\/\/memurunsesi.net\/?p=8066"},"modified":"2025-06-15T11:50:48","modified_gmt":"2025-06-15T08:50:48","slug":"anne-ayi-ve-yavrulari-piknik-sofrasina-konuk-oldu","status":"publish","type":"post","link":"https:\/\/memurunsesi.net\/index.php\/2025\/06\/15\/anne-ayi-ve-yavrulari-piknik-sofrasina-konuk-oldu\/","title":{"rendered":"Anne ay\u0131 ve yavrular\u0131 piknik sofras\u0131na konuk oldu"},"content":{"rendered":"<p>  Tunceli&#8217;nin Munzur Vadisi&#8217;nde anne ay\u0131 ve yavrular\u0131 piknik sofras\u0131na konuk oldu.<br \/>\nTunceli&#8217;nin do\u011fal g\u00fczellikleriyle \u00fcnl\u00fc Munzur Vadisi&#8217;nde piknik yapan bir aile, unutulmaz bir an ya\u015fad\u0131. Vadi kenar\u0131nda kurduklar\u0131 sofrada dinlenen aile, bir anda ortaya \u00e7\u0131kan anne ay\u0131 ve iki yavrusuyla kar\u015f\u0131la\u015ft\u0131. Do\u011fal ya\u015fam\u0131n i\u00e7 i\u00e7e ge\u00e7ti\u011fi b\u00f6lgede ya\u015fanan olay cep telefonu kameras\u0131yla saniye saniye kaydedildi.<br \/>\n  G\u00f6r\u00fcnt\u00fclerde, ay\u0131 ailesinin piknik sofras\u0131na yakla\u015farak yiyecekleri kar\u0131\u015ft\u0131rd\u0131\u011f\u0131 g\u00f6r\u00fcl\u00fcyor. \u0130lk \u015fa\u015fk\u0131nl\u0131\u011f\u0131 atlatan aile, sessizce geri \u00e7ekilerek b\u00f6lgeden uzakla\u015ft\u0131 ve herhangi bir zarar g\u00f6rmeden olay yerinden ayr\u0131ld\u0131.<br \/>\n  Olay\u0131n ard\u0131ndan yetkililer, do\u011fada ya\u015fayan yaban hayvanlar\u0131n\u0131n beslenmemesi gerekti\u011fi konusunda uyar\u0131da bulundu. Ayr\u0131ca piknik yapan vatanda\u015flar\u0131n, yiyecek at\u0131klar\u0131 ba\u015fta olmak \u00fczere \u00e7\u00f6plerini do\u011fada b\u0131rakmamalar\u0131 gerekti\u011fi hat\u0131rlat\u0131ld\u0131. Uzmanlar, bu t\u00fcr durumlar\u0131n yaban hayvanlar\u0131n\u0131n do\u011fal beslenme al\u0131\u015fkanl\u0131klar\u0131n\u0131 bozdu\u011funa ve insanlarla tehlikeli yak\u0131nla\u015fmalara yol a\u00e7abilece\u011fine dikkat \u00e7ekti. <\/p>\n<p>15.06.2025                                 <\/p>\n","protected":false},"excerpt":{"rendered":"<p>Tunceli&#8217;nin Munzur Vadisi&#8217;nde anne ay\u0131 ve yavrular\u0131 piknik sofras\u0131na konuk oldu. Tunceli&#8217;nin do\u011fal g\u00fczellikleriyle \u00fcnl\u00fc Munzur Vadisi&#8217;nde piknik yapan bir aile, unutulmaz bir an ya\u015fad\u0131. Vadi kenar\u0131nda kurduklar\u0131 sofrada dinlenen aile, bir anda ortaya \u00e7\u0131kan anne ay\u0131 ve iki yavrusuyla kar\u015f\u0131la\u015ft\u0131. Do\u011fal ya\u015fam\u0131n i\u00e7 i\u00e7e ge\u00e7ti\u011fi b\u00f6lgede ya\u015fanan olay cep telefonu kameras\u0131yla saniye saniye kaydedildi. [&hellip;]<\/p>\n","protected":false},"author":1,"featured_media":8067,"comment_status":"open","ping_status":"open","sticky":false,"template":"","format":"standard","meta":{"footnotes":""},"categories":[45],"tags":[],"class_list":["post-8066","post","type-post","status-publish","format-standard","has-post-thumbnail","hentry","category-gundem"],"yoast_head":"<!-- This site is optimized with the Yoast SEO plugin v27.4 - https:\/\/yoast.com\/product\/yoast-seo-wordpress\/ -->\n<title>Anne ay\u0131 ve yavrular\u0131 piknik sofras\u0131na konuk oldu - Memurun Sesi<\/title>\n<meta name=\"robots\" content=\"index, follow, max-snippet:-1, max-image-preview:large, max-video-preview:-1\" \/>\n<link rel=\"canonical\" href=\"https:\/\/memurunsesi.net\/index.php\/2025\/06\/15\/anne-ayi-ve-yavrulari-piknik-sofrasina-konuk-oldu\/\" \/>\n<meta property=\"og:locale\" content=\"tr_TR\" \/>\n<meta property=\"og:type\" content=\"article\" \/>\n<meta property=\"og:title\" content=\"Anne ay\u0131 ve yavrular\u0131 piknik sofras\u0131na konuk oldu - Memurun Sesi\" \/>\n<meta property=\"og:description\" content=\"Tunceli&#8217;nin Munzur Vadisi&#8217;nde anne ay\u0131 ve yavrular\u0131 piknik sofras\u0131na konuk oldu. Tunceli&#8217;nin do\u011fal g\u00fczellikleriyle \u00fcnl\u00fc Munzur Vadisi&#8217;nde piknik yapan bir aile, unutulmaz bir an ya\u015fad\u0131. Vadi kenar\u0131nda kurduklar\u0131 sofrada dinlenen aile, bir anda ortaya \u00e7\u0131kan anne ay\u0131 ve iki yavrusuyla kar\u015f\u0131la\u015ft\u0131. Do\u011fal ya\u015fam\u0131n i\u00e7 i\u00e7e ge\u00e7ti\u011fi b\u00f6lgede ya\u015fanan olay cep telefonu kameras\u0131yla saniye saniye kaydedildi. [&hellip;]\" \/>\n<meta property=\"og:url\" content=\"https:\/\/memurunsesi.net\/index.php\/2025\/06\/15\/anne-ayi-ve-yavrulari-piknik-sofrasina-konuk-oldu\/\" \/>\n<meta property=\"og:site_name\" content=\"Memurun Sesi\" \/>\n<meta property=\"article:publisher\" content=\"https:\/\/www.facebook.com\/unipersen\/?locale=tr_TR\" \/>\n<meta property=\"article:published_time\" content=\"2025-06-15T08:50:48+00:00\" \/>\n<meta property=\"og:image\" content=\"https:\/\/memurunsesi.net\/wp-content\/uploads\/2025\/06\/AW476529_01.jpg\" \/>\n\t<meta property=\"og:image:width\" content=\"2048\" \/>\n\t<meta property=\"og:image:height\" content=\"1536\" \/>\n\t<meta property=\"og:image:type\" content=\"image\/jpeg\" \/>\n<meta name=\"author\" content=\"Memurun Sesi Haber Merkezi\" \/>\n<meta name=\"twitter:card\" content=\"summary_large_image\" \/>\n<meta name=\"twitter:creator\" content=\"@unipersen\" \/>\n<meta name=\"twitter:site\" content=\"@unipersen\" \/>\n<meta name=\"twitter:label1\" content=\"Yazan:\" \/>\n\t<meta name=\"twitter:data1\" content=\"Memurun Sesi Haber Merkezi\" \/>\n\t<meta name=\"twitter:label2\" content=\"Tahmini okuma s\u00fcresi\" \/>\n\t<meta name=\"twitter:data2\" content=\"1 dakika\" \/>\n<script type=\"application\/ld+json\" class=\"yoast-schema-graph\">{\"@context\":\"https:\\\/\\\/schema.org\",\"@graph\":[{\"@type\":\"Article\",\"@id\":\"https:\\\/\\\/memurunsesi.net\\\/index.php\\\/2025\\\/06\\\/15\\\/anne-ayi-ve-yavrulari-piknik-sofrasina-konuk-oldu\\\/#article\",\"isPartOf\":{\"@id\":\"https:\\\/\\\/memurunsesi.net\\\/index.php\\\/2025\\\/06\\\/15\\\/anne-ayi-ve-yavrulari-piknik-sofrasina-konuk-oldu\\\/\"},\"author\":{\"name\":\"Memurun Sesi Haber Merkezi\",\"@id\":\"https:\\\/\\\/memurunsesi.net\\\/#\\\/schema\\\/person\\\/f21c2d73b89f6ee1d80b0a1803e38587\"},\"headline\":\"Anne ay\u0131 ve yavrular\u0131 piknik sofras\u0131na konuk oldu\",\"datePublished\":\"2025-06-15T08:50:48+00:00\",\"mainEntityOfPage\":{\"@id\":\"https:\\\/\\\/memurunsesi.net\\\/index.php\\\/2025\\\/06\\\/15\\\/anne-ayi-ve-yavrulari-piknik-sofrasina-konuk-oldu\\\/\"},\"wordCount\":201,\"commentCount\":0,\"publisher\":{\"@id\":\"https:\\\/\\\/memurunsesi.net\\\/#organization\"},\"image\":{\"@id\":\"https:\\\/\\\/memurunsesi.net\\\/index.php\\\/2025\\\/06\\\/15\\\/anne-ayi-ve-yavrulari-piknik-sofrasina-konuk-oldu\\\/#primaryimage\"},\"thumbnailUrl\":\"https:\\\/\\\/memurunsesi.net\\\/wp-content\\\/uploads\\\/2025\\\/06\\\/AW476529_01.jpg\",\"articleSection\":[\"G\u00fcndem\"],\"inLanguage\":\"tr\",\"potentialAction\":[{\"@type\":\"CommentAction\",\"name\":\"Comment\",\"target\":[\"https:\\\/\\\/memurunsesi.net\\\/index.php\\\/2025\\\/06\\\/15\\\/anne-ayi-ve-yavrulari-piknik-sofrasina-konuk-oldu\\\/#respond\"]}]},{\"@type\":\"WebPage\",\"@id\":\"https:\\\/\\\/memurunsesi.net\\\/index.php\\\/2025\\\/06\\\/15\\\/anne-ayi-ve-yavrulari-piknik-sofrasina-konuk-oldu\\\/\",\"url\":\"https:\\\/\\\/memurunsesi.net\\\/index.php\\\/2025\\\/06\\\/15\\\/anne-ayi-ve-yavrulari-piknik-sofrasina-konuk-oldu\\\/\",\"name\":\"Anne ay\u0131 ve yavrular\u0131 piknik sofras\u0131na konuk oldu - Memurun Sesi\",\"isPartOf\":{\"@id\":\"https:\\\/\\\/memurunsesi.net\\\/#website\"},\"primaryImageOfPage\":{\"@id\":\"https:\\\/\\\/memurunsesi.net\\\/index.php\\\/2025\\\/06\\\/15\\\/anne-ayi-ve-yavrulari-piknik-sofrasina-konuk-oldu\\\/#primaryimage\"},\"image\":{\"@id\":\"https:\\\/\\\/memurunsesi.net\\\/index.php\\\/2025\\\/06\\\/15\\\/anne-ayi-ve-yavrulari-piknik-sofrasina-konuk-oldu\\\/#primaryimage\"},\"thumbnailUrl\":\"https:\\\/\\\/memurunsesi.net\\\/wp-content\\\/uploads\\\/2025\\\/06\\\/AW476529_01.jpg\",\"datePublished\":\"2025-06-15T08:50:48+00:00\",\"breadcrumb\":{\"@id\":\"https:\\\/\\\/memurunsesi.net\\\/index.php\\\/2025\\\/06\\\/15\\\/anne-ayi-ve-yavrulari-piknik-sofrasina-konuk-oldu\\\/#breadcrumb\"},\"inLanguage\":\"tr\",\"potentialAction\":[{\"@type\":\"ReadAction\",\"target\":[\"https:\\\/\\\/memurunsesi.net\\\/index.php\\\/2025\\\/06\\\/15\\\/anne-ayi-ve-yavrulari-piknik-sofrasina-konuk-oldu\\\/\"]}]},{\"@type\":\"ImageObject\",\"inLanguage\":\"tr\",\"@id\":\"https:\\\/\\\/memurunsesi.net\\\/index.php\\\/2025\\\/06\\\/15\\\/anne-ayi-ve-yavrulari-piknik-sofrasina-konuk-oldu\\\/#primaryimage\",\"url\":\"https:\\\/\\\/memurunsesi.net\\\/wp-content\\\/uploads\\\/2025\\\/06\\\/AW476529_01.jpg\",\"contentUrl\":\"https:\\\/\\\/memurunsesi.net\\\/wp-content\\\/uploads\\\/2025\\\/06\\\/AW476529_01.jpg\",\"width\":2048,\"height\":1536,\"caption\":\"TUNCEL\u0130'N\u0130N MUNZUR VAD\u0130S\u0130'NDE ANNE AYI VE YAVRULARI P\u0130KN\u0130K SOFRASINA KONUK OLDU (\u0130SMA\u0130L YOLER\u0130\\\/TUNCEL\u0130-\u0130HA) Tunceli'nin Munzur Vadisi'nde anne ay\u0131 ve yavrular\u0131 piknik sofras\u0131na konuk oldu.\"},{\"@type\":\"BreadcrumbList\",\"@id\":\"https:\\\/\\\/memurunsesi.net\\\/index.php\\\/2025\\\/06\\\/15\\\/anne-ayi-ve-yavrulari-piknik-sofrasina-konuk-oldu\\\/#breadcrumb\",\"itemListElement\":[{\"@type\":\"ListItem\",\"position\":1,\"name\":\"Anasayfa\",\"item\":\"https:\\\/\\\/memurunsesi.net\\\/\"},{\"@type\":\"ListItem\",\"position\":2,\"name\":\"Anne ay\u0131 ve yavrular\u0131 piknik sofras\u0131na konuk oldu\"}]},{\"@type\":\"WebSite\",\"@id\":\"https:\\\/\\\/memurunsesi.net\\\/#website\",\"url\":\"https:\\\/\\\/memurunsesi.net\\\/\",\"name\":\"Memurun Sesi\",\"description\":\"G\u00fcncel ve Do\u011fru Haber\",\"publisher\":{\"@id\":\"https:\\\/\\\/memurunsesi.net\\\/#organization\"},\"potentialAction\":[{\"@type\":\"SearchAction\",\"target\":{\"@type\":\"EntryPoint\",\"urlTemplate\":\"https:\\\/\\\/memurunsesi.net\\\/?s={search_term_string}\"},\"query-input\":{\"@type\":\"PropertyValueSpecification\",\"valueRequired\":true,\"valueName\":\"search_term_string\"}}],\"inLanguage\":\"tr\"},{\"@type\":\"Organization\",\"@id\":\"https:\\\/\\\/memurunsesi.net\\\/#organization\",\"name\":\"Memurun Sesi\",\"url\":\"https:\\\/\\\/memurunsesi.net\\\/\",\"logo\":{\"@type\":\"ImageObject\",\"inLanguage\":\"tr\",\"@id\":\"https:\\\/\\\/memurunsesi.net\\\/#\\\/schema\\\/logo\\\/image\\\/\",\"url\":\"https:\\\/\\\/memurunsesi.net\\\/wp-content\\\/uploads\\\/2025\\\/11\\\/cropped-MEMURUN-SESI.png\",\"contentUrl\":\"https:\\\/\\\/memurunsesi.net\\\/wp-content\\\/uploads\\\/2025\\\/11\\\/cropped-MEMURUN-SESI.png\",\"width\":238,\"height\":57,\"caption\":\"Memurun Sesi\"},\"image\":{\"@id\":\"https:\\\/\\\/memurunsesi.net\\\/#\\\/schema\\\/logo\\\/image\\\/\"},\"sameAs\":[\"https:\\\/\\\/www.facebook.com\\\/unipersen\\\/?locale=tr_TR\",\"https:\\\/\\\/x.com\\\/unipersen\"]},{\"@type\":\"Person\",\"@id\":\"https:\\\/\\\/memurunsesi.net\\\/#\\\/schema\\\/person\\\/f21c2d73b89f6ee1d80b0a1803e38587\",\"name\":\"Memurun Sesi Haber Merkezi\",\"image\":{\"@type\":\"ImageObject\",\"inLanguage\":\"tr\",\"@id\":\"https:\\\/\\\/secure.gravatar.com\\\/avatar\\\/6cf0505f452ee753f485014986fab09a434671d2b919ee76fc541025c5876a70?s=96&d=mm&r=g\",\"url\":\"https:\\\/\\\/secure.gravatar.com\\\/avatar\\\/6cf0505f452ee753f485014986fab09a434671d2b919ee76fc541025c5876a70?s=96&d=mm&r=g\",\"contentUrl\":\"https:\\\/\\\/secure.gravatar.com\\\/avatar\\\/6cf0505f452ee753f485014986fab09a434671d2b919ee76fc541025c5876a70?s=96&d=mm&r=g\",\"caption\":\"Memurun Sesi Haber Merkezi\"},\"sameAs\":[\"https:\\\/\\\/memurunsesi.net\"],\"url\":\"https:\\\/\\\/memurunsesi.net\\\/index.php\\\/author\\\/uniper\\\/\"}]}<\/script>\n<!-- \/ Yoast SEO plugin. -->","yoast_head_json":{"title":"Anne ay\u0131 ve yavrular\u0131 piknik sofras\u0131na konuk oldu - Memurun Sesi","robots":{"index":"index","follow":"follow","max-snippet":"max-snippet:-1","max-image-preview":"max-image-preview:large","max-video-preview":"max-video-preview:-1"},"canonical":"https:\/\/memurunsesi.net\/index.php\/2025\/06\/15\/anne-ayi-ve-yavrulari-piknik-sofrasina-konuk-oldu\/","og_locale":"tr_TR","og_type":"article","og_title":"Anne ay\u0131 ve yavrular\u0131 piknik sofras\u0131na konuk oldu - Memurun Sesi","og_description":"Tunceli&#8217;nin Munzur Vadisi&#8217;nde anne ay\u0131 ve yavrular\u0131 piknik sofras\u0131na konuk oldu. Tunceli&#8217;nin do\u011fal g\u00fczellikleriyle \u00fcnl\u00fc Munzur Vadisi&#8217;nde piknik yapan bir aile, unutulmaz bir an ya\u015fad\u0131. Vadi kenar\u0131nda kurduklar\u0131 sofrada dinlenen aile, bir anda ortaya \u00e7\u0131kan anne ay\u0131 ve iki yavrusuyla kar\u015f\u0131la\u015ft\u0131. Do\u011fal ya\u015fam\u0131n i\u00e7 i\u00e7e ge\u00e7ti\u011fi b\u00f6lgede ya\u015fanan olay cep telefonu kameras\u0131yla saniye saniye kaydedildi. [&hellip;]","og_url":"https:\/\/memurunsesi.net\/index.php\/2025\/06\/15\/anne-ayi-ve-yavrulari-piknik-sofrasina-konuk-oldu\/","og_site_name":"Memurun Sesi","article_publisher":"https:\/\/www.facebook.com\/unipersen\/?locale=tr_TR","article_published_time":"2025-06-15T08:50:48+00:00","og_image":[{"width":2048,"height":1536,"url":"https:\/\/memurunsesi.net\/wp-content\/uploads\/2025\/06\/AW476529_01.jpg","type":"image\/jpeg"}],"author":"Memurun Sesi Haber Merkezi","twitter_card":"summary_large_image","twitter_creator":"@unipersen","twitter_site":"@unipersen","twitter_misc":{"Yazan:":"Memurun Sesi Haber Merkezi","Tahmini okuma s\u00fcresi":"1 dakika"},"schema":{"@context":"https:\/\/schema.org","@graph":[{"@type":"Article","@id":"https:\/\/memurunsesi.net\/index.php\/2025\/06\/15\/anne-ayi-ve-yavrulari-piknik-sofrasina-konuk-oldu\/#article","isPartOf":{"@id":"https:\/\/memurunsesi.net\/index.php\/2025\/06\/15\/anne-ayi-ve-yavrulari-piknik-sofrasina-konuk-oldu\/"},"author":{"name":"Memurun Sesi Haber Merkezi","@id":"https:\/\/memurunsesi.net\/#\/schema\/person\/f21c2d73b89f6ee1d80b0a1803e38587"},"headline":"Anne ay\u0131 ve yavrular\u0131 piknik sofras\u0131na konuk oldu","datePublished":"2025-06-15T08:50:48+00:00","mainEntityOfPage":{"@id":"https:\/\/memurunsesi.net\/index.php\/2025\/06\/15\/anne-ayi-ve-yavrulari-piknik-sofrasina-konuk-oldu\/"},"wordCount":201,"commentCount":0,"publisher":{"@id":"https:\/\/memurunsesi.net\/#organization"},"image":{"@id":"https:\/\/memurunsesi.net\/index.php\/2025\/06\/15\/anne-ayi-ve-yavrulari-piknik-sofrasina-konuk-oldu\/#primaryimage"},"thumbnailUrl":"https:\/\/memurunsesi.net\/wp-content\/uploads\/2025\/06\/AW476529_01.jpg","articleSection":["G\u00fcndem"],"inLanguage":"tr","potentialAction":[{"@type":"CommentAction","name":"Comment","target":["https:\/\/memurunsesi.net\/index.php\/2025\/06\/15\/anne-ayi-ve-yavrulari-piknik-sofrasina-konuk-oldu\/#respond"]}]},{"@type":"WebPage","@id":"https:\/\/memurunsesi.net\/index.php\/2025\/06\/15\/anne-ayi-ve-yavrulari-piknik-sofrasina-konuk-oldu\/","url":"https:\/\/memurunsesi.net\/index.php\/2025\/06\/15\/anne-ayi-ve-yavrulari-piknik-sofrasina-konuk-oldu\/","name":"Anne ay\u0131 ve yavrular\u0131 piknik sofras\u0131na konuk oldu - Memurun Sesi","isPartOf":{"@id":"https:\/\/memurunsesi.net\/#website"},"primaryImageOfPage":{"@id":"https:\/\/memurunsesi.net\/index.php\/2025\/06\/15\/anne-ayi-ve-yavrulari-piknik-sofrasina-konuk-oldu\/#primaryimage"},"image":{"@id":"https:\/\/memurunsesi.net\/index.php\/2025\/06\/15\/anne-ayi-ve-yavrulari-piknik-sofrasina-konuk-oldu\/#primaryimage"},"thumbnailUrl":"https:\/\/memurunsesi.net\/wp-content\/uploads\/2025\/06\/AW476529_01.jpg","datePublished":"2025-06-15T08:50:48+00:00","breadcrumb":{"@id":"https:\/\/memurunsesi.net\/index.php\/2025\/06\/15\/anne-ayi-ve-yavrulari-piknik-sofrasina-konuk-oldu\/#breadcrumb"},"inLanguage":"tr","potentialAction":[{"@type":"ReadAction","target":["https:\/\/memurunsesi.net\/index.php\/2025\/06\/15\/anne-ayi-ve-yavrulari-piknik-sofrasina-konuk-oldu\/"]}]},{"@type":"ImageObject","inLanguage":"tr","@id":"https:\/\/memurunsesi.net\/index.php\/2025\/06\/15\/anne-ayi-ve-yavrulari-piknik-sofrasina-konuk-oldu\/#primaryimage","url":"https:\/\/memurunsesi.net\/wp-content\/uploads\/2025\/06\/AW476529_01.jpg","contentUrl":"https:\/\/memurunsesi.net\/wp-content\/uploads\/2025\/06\/AW476529_01.jpg","width":2048,"height":1536,"caption":"TUNCEL\u0130'N\u0130N MUNZUR VAD\u0130S\u0130'NDE ANNE AYI VE YAVRULARI P\u0130KN\u0130K SOFRASINA KONUK OLDU (\u0130SMA\u0130L YOLER\u0130\/TUNCEL\u0130-\u0130HA) Tunceli'nin Munzur Vadisi'nde anne ay\u0131 ve yavrular\u0131 piknik sofras\u0131na konuk oldu."},{"@type":"BreadcrumbList","@id":"https:\/\/memurunsesi.net\/index.php\/2025\/06\/15\/anne-ayi-ve-yavrulari-piknik-sofrasina-konuk-oldu\/#breadcrumb","itemListElement":[{"@type":"ListItem","position":1,"name":"Anasayfa","item":"https:\/\/memurunsesi.net\/"},{"@type":"ListItem","position":2,"name":"Anne ay\u0131 ve yavrular\u0131 piknik sofras\u0131na konuk oldu"}]},{"@type":"WebSite","@id":"https:\/\/memurunsesi.net\/#website","url":"https:\/\/memurunsesi.net\/","name":"Memurun Sesi","description":"G\u00fcncel ve Do\u011fru Haber","publisher":{"@id":"https:\/\/memurunsesi.net\/#organization"},"potentialAction":[{"@type":"SearchAction","target":{"@type":"EntryPoint","urlTemplate":"https:\/\/memurunsesi.net\/?s={search_term_string}"},"query-input":{"@type":"PropertyValueSpecification","valueRequired":true,"valueName":"search_term_string"}}],"inLanguage":"tr"},{"@type":"Organization","@id":"https:\/\/memurunsesi.net\/#organization","name":"Memurun Sesi","url":"https:\/\/memurunsesi.net\/","logo":{"@type":"ImageObject","inLanguage":"tr","@id":"https:\/\/memurunsesi.net\/#\/schema\/logo\/image\/","url":"https:\/\/memurunsesi.net\/wp-content\/uploads\/2025\/11\/cropped-MEMURUN-SESI.png","contentUrl":"https:\/\/memurunsesi.net\/wp-content\/uploads\/2025\/11\/cropped-MEMURUN-SESI.png","width":238,"height":57,"caption":"Memurun Sesi"},"image":{"@id":"https:\/\/memurunsesi.net\/#\/schema\/logo\/image\/"},"sameAs":["https:\/\/www.facebook.com\/unipersen\/?locale=tr_TR","https:\/\/x.com\/unipersen"]},{"@type":"Person","@id":"https:\/\/memurunsesi.net\/#\/schema\/person\/f21c2d73b89f6ee1d80b0a1803e38587","name":"Memurun Sesi Haber Merkezi","image":{"@type":"ImageObject","inLanguage":"tr","@id":"https:\/\/secure.gravatar.com\/avatar\/6cf0505f452ee753f485014986fab09a434671d2b919ee76fc541025c5876a70?s=96&d=mm&r=g","url":"https:\/\/secure.gravatar.com\/avatar\/6cf0505f452ee753f485014986fab09a434671d2b919ee76fc541025c5876a70?s=96&d=mm&r=g","contentUrl":"https:\/\/secure.gravatar.com\/avatar\/6cf0505f452ee753f485014986fab09a434671d2b919ee76fc541025c5876a70?s=96&d=mm&r=g","caption":"Memurun Sesi Haber Merkezi"},"sameAs":["https:\/\/memurunsesi.net"],"url":"https:\/\/memurunsesi.net\/index.php\/author\/uniper\/"}]}},"_links":{"self":[{"href":"https:\/\/memurunsesi.net\/index.php\/wp-json\/wp\/v2\/posts\/8066","targetHints":{"allow":["GET"]}}],"collection":[{"href":"https:\/\/memurunsesi.net\/index.php\/wp-json\/wp\/v2\/posts"}],"about":[{"href":"https:\/\/memurunsesi.net\/index.php\/wp-json\/wp\/v2\/types\/post"}],"author":[{"embeddable":true,"href":"https:\/\/memurunsesi.net\/index.php\/wp-json\/wp\/v2\/users\/1"}],"replies":[{"embeddable":true,"href":"https:\/\/memurunsesi.net\/index.php\/wp-json\/wp\/v2\/comments?post=8066"}],"version-history":[{"count":1,"href":"https:\/\/memurunsesi.net\/index.php\/wp-json\/wp\/v2\/posts\/8066\/revisions"}],"predecessor-version":[{"id":8068,"href":"https:\/\/memurunsesi.net\/index.php\/wp-json\/wp\/v2\/posts\/8066\/revisions\/8068"}],"wp:featuredmedia":[{"embeddable":true,"href":"https:\/\/memurunsesi.net\/index.php\/wp-json\/wp\/v2\/media\/8067"}],"wp:attachment":[{"href":"https:\/\/memurunsesi.net\/index.php\/wp-json\/wp\/v2\/media?parent=8066"}],"wp:term":[{"taxonomy":"category","embeddable":true,"href":"https:\/\/memurunsesi.net\/index.php\/wp-json\/wp\/v2\/categories?post=8066"},{"taxonomy":"post_tag","embeddable":true,"href":"https:\/\/memurunsesi.net\/index.php\/wp-json\/wp\/v2\/tags?post=8066"}],"curies":[{"name":"wp","href":"https:\/\/api.w.org\/{rel}","templated":true}]}}