{"id":8109,"date":"2025-06-16T08:53:20","date_gmt":"2025-06-16T05:53:20","guid":{"rendered":"https:\/\/memurunsesi.net\/?p=8109"},"modified":"2025-06-16T08:53:20","modified_gmt":"2025-06-16T05:53:20","slug":"adiyamanda-tasli-sopali-kavga-kamerada-10-yarali","status":"publish","type":"post","link":"https:\/\/memurunsesi.net\/index.php\/2025\/06\/16\/adiyamanda-tasli-sopali-kavga-kamerada-10-yarali\/","title":{"rendered":"Ad\u0131yaman&#8217;da ta\u015fl\u0131 sopal\u0131 kavga kamerada: 10 yaral\u0131"},"content":{"rendered":"<p>   Ad\u0131yaman&#8217;\u0131n Kahta il\u00e7esinde iki grup aras\u0131nda \u00e7\u0131kan ta\u015fl\u0131, demirli ve sopal\u0131 kavgada 10 ki\u015fi yaraland\u0131.<br \/>\n Edinilen bilgilere g\u00f6re, Kahta il\u00e7e merkezinde hen\u00fcz bilinmeyen nedenlerden dolay\u0131 yabanc\u0131 uyruklu oldu\u011fu \u00f6\u011frenilen iki grup aras\u0131nda tart\u0131\u015fma ya\u015fand\u0131. K\u0131sa s\u00fcrede b\u00fcy\u00fcyen tart\u0131\u015fma sopal\u0131, demirli ve ta\u015fl\u0131 kavgaya d\u00f6n\u00fc\u015ft\u00fc. \u00c7\u0131kan kavgada yabanc\u0131 uyruklu 10 ki\u015fi \u00e7e\u015fitli yerlerinden yaraland\u0131.<br \/>\n  \u0130hbar \u00fczerine olay yerine \u00e7ok say\u0131da polis ekibi ile sa\u011fl\u0131k ekibi sevk edildi. Polis ekipleri kavgaya m\u00fcdahale ederek taraflar\u0131 ay\u0131r\u0131rken b\u00f6lgede geni\u015f g\u00fcvenlik \u00f6nlemi ald\u0131. Yaral\u0131lar, sa\u011fl\u0131k ekiplerince yap\u0131lan ilk m\u00fcdahalenin ard\u0131ndan Kahta Devlet Hastanesi&#8217;ne kald\u0131r\u0131ld\u0131.<br \/>\n  Olayla ilgili soru\u015fturma ba\u015flat\u0131ld\u0131. <\/p>\n<p>16.06.2025                                <\/p>\n","protected":false},"excerpt":{"rendered":"<p>Ad\u0131yaman&#8217;\u0131n Kahta il\u00e7esinde iki grup aras\u0131nda \u00e7\u0131kan ta\u015fl\u0131, demirli ve sopal\u0131 kavgada 10 ki\u015fi yaraland\u0131. Edinilen bilgilere g\u00f6re, Kahta il\u00e7e merkezinde hen\u00fcz bilinmeyen nedenlerden dolay\u0131 yabanc\u0131 uyruklu oldu\u011fu \u00f6\u011frenilen iki grup aras\u0131nda tart\u0131\u015fma ya\u015fand\u0131. K\u0131sa s\u00fcrede b\u00fcy\u00fcyen tart\u0131\u015fma sopal\u0131, demirli ve ta\u015fl\u0131 kavgaya d\u00f6n\u00fc\u015ft\u00fc. \u00c7\u0131kan kavgada yabanc\u0131 uyruklu 10 ki\u015fi \u00e7e\u015fitli yerlerinden yaraland\u0131. \u0130hbar \u00fczerine [&hellip;]<\/p>\n","protected":false},"author":1,"featured_media":8110,"comment_status":"open","ping_status":"open","sticky":false,"template":"","format":"standard","meta":{"footnotes":""},"categories":[1],"tags":[],"class_list":["post-8109","post","type-post","status-publish","format-standard","has-post-thumbnail","hentry","category-genel"],"yoast_head":"<!-- This site is optimized with the Yoast SEO plugin v27.4 - https:\/\/yoast.com\/product\/yoast-seo-wordpress\/ -->\n<title>Ad\u0131yaman&#039;da ta\u015fl\u0131 sopal\u0131 kavga kamerada: 10 yaral\u0131 - Memurun Sesi<\/title>\n<meta name=\"robots\" content=\"index, follow, max-snippet:-1, max-image-preview:large, max-video-preview:-1\" \/>\n<link rel=\"canonical\" href=\"https:\/\/memurunsesi.net\/index.php\/2025\/06\/16\/adiyamanda-tasli-sopali-kavga-kamerada-10-yarali\/\" \/>\n<meta property=\"og:locale\" content=\"tr_TR\" \/>\n<meta property=\"og:type\" content=\"article\" \/>\n<meta property=\"og:title\" content=\"Ad\u0131yaman&#039;da ta\u015fl\u0131 sopal\u0131 kavga kamerada: 10 yaral\u0131 - Memurun Sesi\" \/>\n<meta property=\"og:description\" content=\"Ad\u0131yaman&#8217;\u0131n Kahta il\u00e7esinde iki grup aras\u0131nda \u00e7\u0131kan ta\u015fl\u0131, demirli ve sopal\u0131 kavgada 10 ki\u015fi yaraland\u0131. Edinilen bilgilere g\u00f6re, Kahta il\u00e7e merkezinde hen\u00fcz bilinmeyen nedenlerden dolay\u0131 yabanc\u0131 uyruklu oldu\u011fu \u00f6\u011frenilen iki grup aras\u0131nda tart\u0131\u015fma ya\u015fand\u0131. K\u0131sa s\u00fcrede b\u00fcy\u00fcyen tart\u0131\u015fma sopal\u0131, demirli ve ta\u015fl\u0131 kavgaya d\u00f6n\u00fc\u015ft\u00fc. \u00c7\u0131kan kavgada yabanc\u0131 uyruklu 10 ki\u015fi \u00e7e\u015fitli yerlerinden yaraland\u0131. \u0130hbar \u00fczerine [&hellip;]\" \/>\n<meta property=\"og:url\" content=\"https:\/\/memurunsesi.net\/index.php\/2025\/06\/16\/adiyamanda-tasli-sopali-kavga-kamerada-10-yarali\/\" \/>\n<meta property=\"og:site_name\" content=\"Memurun Sesi\" \/>\n<meta property=\"article:publisher\" content=\"https:\/\/www.facebook.com\/unipersen\/?locale=tr_TR\" \/>\n<meta property=\"article:published_time\" content=\"2025-06-16T05:53:20+00:00\" \/>\n<meta property=\"og:image\" content=\"https:\/\/memurunsesi.net\/wp-content\/uploads\/2025\/06\/AW476868_01.jpg\" \/>\n\t<meta property=\"og:image:width\" content=\"1178\" \/>\n\t<meta property=\"og:image:height\" content=\"1488\" \/>\n\t<meta property=\"og:image:type\" content=\"image\/jpeg\" \/>\n<meta name=\"author\" content=\"Memurun Sesi Haber Merkezi\" \/>\n<meta name=\"twitter:card\" content=\"summary_large_image\" \/>\n<meta name=\"twitter:creator\" content=\"@unipersen\" \/>\n<meta name=\"twitter:site\" content=\"@unipersen\" \/>\n<meta name=\"twitter:label1\" content=\"Yazan:\" \/>\n\t<meta name=\"twitter:data1\" content=\"Memurun Sesi Haber Merkezi\" \/>\n\t<meta name=\"twitter:label2\" content=\"Tahmini okuma s\u00fcresi\" \/>\n\t<meta name=\"twitter:data2\" content=\"1 dakika\" \/>\n<script type=\"application\/ld+json\" class=\"yoast-schema-graph\">{\"@context\":\"https:\\\/\\\/schema.org\",\"@graph\":[{\"@type\":\"Article\",\"@id\":\"https:\\\/\\\/memurunsesi.net\\\/index.php\\\/2025\\\/06\\\/16\\\/adiyamanda-tasli-sopali-kavga-kamerada-10-yarali\\\/#article\",\"isPartOf\":{\"@id\":\"https:\\\/\\\/memurunsesi.net\\\/index.php\\\/2025\\\/06\\\/16\\\/adiyamanda-tasli-sopali-kavga-kamerada-10-yarali\\\/\"},\"author\":{\"name\":\"Memurun Sesi Haber Merkezi\",\"@id\":\"https:\\\/\\\/memurunsesi.net\\\/#\\\/schema\\\/person\\\/f21c2d73b89f6ee1d80b0a1803e38587\"},\"headline\":\"Ad\u0131yaman&#8217;da ta\u015fl\u0131 sopal\u0131 kavga kamerada: 10 yaral\u0131\",\"datePublished\":\"2025-06-16T05:53:20+00:00\",\"mainEntityOfPage\":{\"@id\":\"https:\\\/\\\/memurunsesi.net\\\/index.php\\\/2025\\\/06\\\/16\\\/adiyamanda-tasli-sopali-kavga-kamerada-10-yarali\\\/\"},\"wordCount\":143,\"commentCount\":0,\"publisher\":{\"@id\":\"https:\\\/\\\/memurunsesi.net\\\/#organization\"},\"image\":{\"@id\":\"https:\\\/\\\/memurunsesi.net\\\/index.php\\\/2025\\\/06\\\/16\\\/adiyamanda-tasli-sopali-kavga-kamerada-10-yarali\\\/#primaryimage\"},\"thumbnailUrl\":\"https:\\\/\\\/memurunsesi.net\\\/wp-content\\\/uploads\\\/2025\\\/06\\\/AW476868_01.jpg\",\"inLanguage\":\"tr\",\"potentialAction\":[{\"@type\":\"CommentAction\",\"name\":\"Comment\",\"target\":[\"https:\\\/\\\/memurunsesi.net\\\/index.php\\\/2025\\\/06\\\/16\\\/adiyamanda-tasli-sopali-kavga-kamerada-10-yarali\\\/#respond\"]}]},{\"@type\":\"WebPage\",\"@id\":\"https:\\\/\\\/memurunsesi.net\\\/index.php\\\/2025\\\/06\\\/16\\\/adiyamanda-tasli-sopali-kavga-kamerada-10-yarali\\\/\",\"url\":\"https:\\\/\\\/memurunsesi.net\\\/index.php\\\/2025\\\/06\\\/16\\\/adiyamanda-tasli-sopali-kavga-kamerada-10-yarali\\\/\",\"name\":\"Ad\u0131yaman'da ta\u015fl\u0131 sopal\u0131 kavga kamerada: 10 yaral\u0131 - Memurun Sesi\",\"isPartOf\":{\"@id\":\"https:\\\/\\\/memurunsesi.net\\\/#website\"},\"primaryImageOfPage\":{\"@id\":\"https:\\\/\\\/memurunsesi.net\\\/index.php\\\/2025\\\/06\\\/16\\\/adiyamanda-tasli-sopali-kavga-kamerada-10-yarali\\\/#primaryimage\"},\"image\":{\"@id\":\"https:\\\/\\\/memurunsesi.net\\\/index.php\\\/2025\\\/06\\\/16\\\/adiyamanda-tasli-sopali-kavga-kamerada-10-yarali\\\/#primaryimage\"},\"thumbnailUrl\":\"https:\\\/\\\/memurunsesi.net\\\/wp-content\\\/uploads\\\/2025\\\/06\\\/AW476868_01.jpg\",\"datePublished\":\"2025-06-16T05:53:20+00:00\",\"breadcrumb\":{\"@id\":\"https:\\\/\\\/memurunsesi.net\\\/index.php\\\/2025\\\/06\\\/16\\\/adiyamanda-tasli-sopali-kavga-kamerada-10-yarali\\\/#breadcrumb\"},\"inLanguage\":\"tr\",\"potentialAction\":[{\"@type\":\"ReadAction\",\"target\":[\"https:\\\/\\\/memurunsesi.net\\\/index.php\\\/2025\\\/06\\\/16\\\/adiyamanda-tasli-sopali-kavga-kamerada-10-yarali\\\/\"]}]},{\"@type\":\"ImageObject\",\"inLanguage\":\"tr\",\"@id\":\"https:\\\/\\\/memurunsesi.net\\\/index.php\\\/2025\\\/06\\\/16\\\/adiyamanda-tasli-sopali-kavga-kamerada-10-yarali\\\/#primaryimage\",\"url\":\"https:\\\/\\\/memurunsesi.net\\\/wp-content\\\/uploads\\\/2025\\\/06\\\/AW476868_01.jpg\",\"contentUrl\":\"https:\\\/\\\/memurunsesi.net\\\/wp-content\\\/uploads\\\/2025\\\/06\\\/AW476868_01.jpg\",\"width\":1178,\"height\":1488,\"caption\":\"ADIYAMAN'IN KAHTA \u0130L\u00c7ES\u0130NDE \u0130K\u0130 GRUP ARASINDA \u00c7IKAN TA\u015eLI, DEM\u0130RL\u0130 VE SOPALI KAVGADA 10 K\u0130\u015e\u0130 YARALANDI. (H\u00dcSEY\u0130N T\u00dcRKO\u011eLU\\\/ADIYAMAN-\u0130HA) Ad\u0131yaman'\u0131n Kahta il\u00e7esinde iki grup aras\u0131nda \u00e7\u0131kan ta\u015fl\u0131, demirli ve sopal\u0131 kavgada 10 ki\u015fi yaraland\u0131.\"},{\"@type\":\"BreadcrumbList\",\"@id\":\"https:\\\/\\\/memurunsesi.net\\\/index.php\\\/2025\\\/06\\\/16\\\/adiyamanda-tasli-sopali-kavga-kamerada-10-yarali\\\/#breadcrumb\",\"itemListElement\":[{\"@type\":\"ListItem\",\"position\":1,\"name\":\"Anasayfa\",\"item\":\"https:\\\/\\\/memurunsesi.net\\\/\"},{\"@type\":\"ListItem\",\"position\":2,\"name\":\"Ad\u0131yaman&#8217;da ta\u015fl\u0131 sopal\u0131 kavga kamerada: 10 yaral\u0131\"}]},{\"@type\":\"WebSite\",\"@id\":\"https:\\\/\\\/memurunsesi.net\\\/#website\",\"url\":\"https:\\\/\\\/memurunsesi.net\\\/\",\"name\":\"Memurun Sesi\",\"description\":\"G\u00fcncel ve Do\u011fru Haber\",\"publisher\":{\"@id\":\"https:\\\/\\\/memurunsesi.net\\\/#organization\"},\"potentialAction\":[{\"@type\":\"SearchAction\",\"target\":{\"@type\":\"EntryPoint\",\"urlTemplate\":\"https:\\\/\\\/memurunsesi.net\\\/?s={search_term_string}\"},\"query-input\":{\"@type\":\"PropertyValueSpecification\",\"valueRequired\":true,\"valueName\":\"search_term_string\"}}],\"inLanguage\":\"tr\"},{\"@type\":\"Organization\",\"@id\":\"https:\\\/\\\/memurunsesi.net\\\/#organization\",\"name\":\"Memurun Sesi\",\"url\":\"https:\\\/\\\/memurunsesi.net\\\/\",\"logo\":{\"@type\":\"ImageObject\",\"inLanguage\":\"tr\",\"@id\":\"https:\\\/\\\/memurunsesi.net\\\/#\\\/schema\\\/logo\\\/image\\\/\",\"url\":\"https:\\\/\\\/memurunsesi.net\\\/wp-content\\\/uploads\\\/2025\\\/11\\\/cropped-MEMURUN-SESI.png\",\"contentUrl\":\"https:\\\/\\\/memurunsesi.net\\\/wp-content\\\/uploads\\\/2025\\\/11\\\/cropped-MEMURUN-SESI.png\",\"width\":238,\"height\":57,\"caption\":\"Memurun Sesi\"},\"image\":{\"@id\":\"https:\\\/\\\/memurunsesi.net\\\/#\\\/schema\\\/logo\\\/image\\\/\"},\"sameAs\":[\"https:\\\/\\\/www.facebook.com\\\/unipersen\\\/?locale=tr_TR\",\"https:\\\/\\\/x.com\\\/unipersen\"]},{\"@type\":\"Person\",\"@id\":\"https:\\\/\\\/memurunsesi.net\\\/#\\\/schema\\\/person\\\/f21c2d73b89f6ee1d80b0a1803e38587\",\"name\":\"Memurun Sesi Haber Merkezi\",\"image\":{\"@type\":\"ImageObject\",\"inLanguage\":\"tr\",\"@id\":\"https:\\\/\\\/secure.gravatar.com\\\/avatar\\\/6cf0505f452ee753f485014986fab09a434671d2b919ee76fc541025c5876a70?s=96&d=mm&r=g\",\"url\":\"https:\\\/\\\/secure.gravatar.com\\\/avatar\\\/6cf0505f452ee753f485014986fab09a434671d2b919ee76fc541025c5876a70?s=96&d=mm&r=g\",\"contentUrl\":\"https:\\\/\\\/secure.gravatar.com\\\/avatar\\\/6cf0505f452ee753f485014986fab09a434671d2b919ee76fc541025c5876a70?s=96&d=mm&r=g\",\"caption\":\"Memurun Sesi Haber Merkezi\"},\"sameAs\":[\"https:\\\/\\\/memurunsesi.net\"],\"url\":\"https:\\\/\\\/memurunsesi.net\\\/index.php\\\/author\\\/uniper\\\/\"}]}<\/script>\n<!-- \/ Yoast SEO plugin. -->","yoast_head_json":{"title":"Ad\u0131yaman'da ta\u015fl\u0131 sopal\u0131 kavga kamerada: 10 yaral\u0131 - Memurun Sesi","robots":{"index":"index","follow":"follow","max-snippet":"max-snippet:-1","max-image-preview":"max-image-preview:large","max-video-preview":"max-video-preview:-1"},"canonical":"https:\/\/memurunsesi.net\/index.php\/2025\/06\/16\/adiyamanda-tasli-sopali-kavga-kamerada-10-yarali\/","og_locale":"tr_TR","og_type":"article","og_title":"Ad\u0131yaman'da ta\u015fl\u0131 sopal\u0131 kavga kamerada: 10 yaral\u0131 - Memurun Sesi","og_description":"Ad\u0131yaman&#8217;\u0131n Kahta il\u00e7esinde iki grup aras\u0131nda \u00e7\u0131kan ta\u015fl\u0131, demirli ve sopal\u0131 kavgada 10 ki\u015fi yaraland\u0131. Edinilen bilgilere g\u00f6re, Kahta il\u00e7e merkezinde hen\u00fcz bilinmeyen nedenlerden dolay\u0131 yabanc\u0131 uyruklu oldu\u011fu \u00f6\u011frenilen iki grup aras\u0131nda tart\u0131\u015fma ya\u015fand\u0131. K\u0131sa s\u00fcrede b\u00fcy\u00fcyen tart\u0131\u015fma sopal\u0131, demirli ve ta\u015fl\u0131 kavgaya d\u00f6n\u00fc\u015ft\u00fc. \u00c7\u0131kan kavgada yabanc\u0131 uyruklu 10 ki\u015fi \u00e7e\u015fitli yerlerinden yaraland\u0131. \u0130hbar \u00fczerine [&hellip;]","og_url":"https:\/\/memurunsesi.net\/index.php\/2025\/06\/16\/adiyamanda-tasli-sopali-kavga-kamerada-10-yarali\/","og_site_name":"Memurun Sesi","article_publisher":"https:\/\/www.facebook.com\/unipersen\/?locale=tr_TR","article_published_time":"2025-06-16T05:53:20+00:00","og_image":[{"width":1178,"height":1488,"url":"https:\/\/memurunsesi.net\/wp-content\/uploads\/2025\/06\/AW476868_01.jpg","type":"image\/jpeg"}],"author":"Memurun Sesi Haber Merkezi","twitter_card":"summary_large_image","twitter_creator":"@unipersen","twitter_site":"@unipersen","twitter_misc":{"Yazan:":"Memurun Sesi Haber Merkezi","Tahmini okuma s\u00fcresi":"1 dakika"},"schema":{"@context":"https:\/\/schema.org","@graph":[{"@type":"Article","@id":"https:\/\/memurunsesi.net\/index.php\/2025\/06\/16\/adiyamanda-tasli-sopali-kavga-kamerada-10-yarali\/#article","isPartOf":{"@id":"https:\/\/memurunsesi.net\/index.php\/2025\/06\/16\/adiyamanda-tasli-sopali-kavga-kamerada-10-yarali\/"},"author":{"name":"Memurun Sesi Haber Merkezi","@id":"https:\/\/memurunsesi.net\/#\/schema\/person\/f21c2d73b89f6ee1d80b0a1803e38587"},"headline":"Ad\u0131yaman&#8217;da ta\u015fl\u0131 sopal\u0131 kavga kamerada: 10 yaral\u0131","datePublished":"2025-06-16T05:53:20+00:00","mainEntityOfPage":{"@id":"https:\/\/memurunsesi.net\/index.php\/2025\/06\/16\/adiyamanda-tasli-sopali-kavga-kamerada-10-yarali\/"},"wordCount":143,"commentCount":0,"publisher":{"@id":"https:\/\/memurunsesi.net\/#organization"},"image":{"@id":"https:\/\/memurunsesi.net\/index.php\/2025\/06\/16\/adiyamanda-tasli-sopali-kavga-kamerada-10-yarali\/#primaryimage"},"thumbnailUrl":"https:\/\/memurunsesi.net\/wp-content\/uploads\/2025\/06\/AW476868_01.jpg","inLanguage":"tr","potentialAction":[{"@type":"CommentAction","name":"Comment","target":["https:\/\/memurunsesi.net\/index.php\/2025\/06\/16\/adiyamanda-tasli-sopali-kavga-kamerada-10-yarali\/#respond"]}]},{"@type":"WebPage","@id":"https:\/\/memurunsesi.net\/index.php\/2025\/06\/16\/adiyamanda-tasli-sopali-kavga-kamerada-10-yarali\/","url":"https:\/\/memurunsesi.net\/index.php\/2025\/06\/16\/adiyamanda-tasli-sopali-kavga-kamerada-10-yarali\/","name":"Ad\u0131yaman'da ta\u015fl\u0131 sopal\u0131 kavga kamerada: 10 yaral\u0131 - Memurun Sesi","isPartOf":{"@id":"https:\/\/memurunsesi.net\/#website"},"primaryImageOfPage":{"@id":"https:\/\/memurunsesi.net\/index.php\/2025\/06\/16\/adiyamanda-tasli-sopali-kavga-kamerada-10-yarali\/#primaryimage"},"image":{"@id":"https:\/\/memurunsesi.net\/index.php\/2025\/06\/16\/adiyamanda-tasli-sopali-kavga-kamerada-10-yarali\/#primaryimage"},"thumbnailUrl":"https:\/\/memurunsesi.net\/wp-content\/uploads\/2025\/06\/AW476868_01.jpg","datePublished":"2025-06-16T05:53:20+00:00","breadcrumb":{"@id":"https:\/\/memurunsesi.net\/index.php\/2025\/06\/16\/adiyamanda-tasli-sopali-kavga-kamerada-10-yarali\/#breadcrumb"},"inLanguage":"tr","potentialAction":[{"@type":"ReadAction","target":["https:\/\/memurunsesi.net\/index.php\/2025\/06\/16\/adiyamanda-tasli-sopali-kavga-kamerada-10-yarali\/"]}]},{"@type":"ImageObject","inLanguage":"tr","@id":"https:\/\/memurunsesi.net\/index.php\/2025\/06\/16\/adiyamanda-tasli-sopali-kavga-kamerada-10-yarali\/#primaryimage","url":"https:\/\/memurunsesi.net\/wp-content\/uploads\/2025\/06\/AW476868_01.jpg","contentUrl":"https:\/\/memurunsesi.net\/wp-content\/uploads\/2025\/06\/AW476868_01.jpg","width":1178,"height":1488,"caption":"ADIYAMAN'IN KAHTA \u0130L\u00c7ES\u0130NDE \u0130K\u0130 GRUP ARASINDA \u00c7IKAN TA\u015eLI, DEM\u0130RL\u0130 VE SOPALI KAVGADA 10 K\u0130\u015e\u0130 YARALANDI. (H\u00dcSEY\u0130N T\u00dcRKO\u011eLU\/ADIYAMAN-\u0130HA) Ad\u0131yaman'\u0131n Kahta il\u00e7esinde iki grup aras\u0131nda \u00e7\u0131kan ta\u015fl\u0131, demirli ve sopal\u0131 kavgada 10 ki\u015fi yaraland\u0131."},{"@type":"BreadcrumbList","@id":"https:\/\/memurunsesi.net\/index.php\/2025\/06\/16\/adiyamanda-tasli-sopali-kavga-kamerada-10-yarali\/#breadcrumb","itemListElement":[{"@type":"ListItem","position":1,"name":"Anasayfa","item":"https:\/\/memurunsesi.net\/"},{"@type":"ListItem","position":2,"name":"Ad\u0131yaman&#8217;da ta\u015fl\u0131 sopal\u0131 kavga kamerada: 10 yaral\u0131"}]},{"@type":"WebSite","@id":"https:\/\/memurunsesi.net\/#website","url":"https:\/\/memurunsesi.net\/","name":"Memurun Sesi","description":"G\u00fcncel ve Do\u011fru Haber","publisher":{"@id":"https:\/\/memurunsesi.net\/#organization"},"potentialAction":[{"@type":"SearchAction","target":{"@type":"EntryPoint","urlTemplate":"https:\/\/memurunsesi.net\/?s={search_term_string}"},"query-input":{"@type":"PropertyValueSpecification","valueRequired":true,"valueName":"search_term_string"}}],"inLanguage":"tr"},{"@type":"Organization","@id":"https:\/\/memurunsesi.net\/#organization","name":"Memurun Sesi","url":"https:\/\/memurunsesi.net\/","logo":{"@type":"ImageObject","inLanguage":"tr","@id":"https:\/\/memurunsesi.net\/#\/schema\/logo\/image\/","url":"https:\/\/memurunsesi.net\/wp-content\/uploads\/2025\/11\/cropped-MEMURUN-SESI.png","contentUrl":"https:\/\/memurunsesi.net\/wp-content\/uploads\/2025\/11\/cropped-MEMURUN-SESI.png","width":238,"height":57,"caption":"Memurun Sesi"},"image":{"@id":"https:\/\/memurunsesi.net\/#\/schema\/logo\/image\/"},"sameAs":["https:\/\/www.facebook.com\/unipersen\/?locale=tr_TR","https:\/\/x.com\/unipersen"]},{"@type":"Person","@id":"https:\/\/memurunsesi.net\/#\/schema\/person\/f21c2d73b89f6ee1d80b0a1803e38587","name":"Memurun Sesi Haber Merkezi","image":{"@type":"ImageObject","inLanguage":"tr","@id":"https:\/\/secure.gravatar.com\/avatar\/6cf0505f452ee753f485014986fab09a434671d2b919ee76fc541025c5876a70?s=96&d=mm&r=g","url":"https:\/\/secure.gravatar.com\/avatar\/6cf0505f452ee753f485014986fab09a434671d2b919ee76fc541025c5876a70?s=96&d=mm&r=g","contentUrl":"https:\/\/secure.gravatar.com\/avatar\/6cf0505f452ee753f485014986fab09a434671d2b919ee76fc541025c5876a70?s=96&d=mm&r=g","caption":"Memurun Sesi Haber Merkezi"},"sameAs":["https:\/\/memurunsesi.net"],"url":"https:\/\/memurunsesi.net\/index.php\/author\/uniper\/"}]}},"_links":{"self":[{"href":"https:\/\/memurunsesi.net\/index.php\/wp-json\/wp\/v2\/posts\/8109","targetHints":{"allow":["GET"]}}],"collection":[{"href":"https:\/\/memurunsesi.net\/index.php\/wp-json\/wp\/v2\/posts"}],"about":[{"href":"https:\/\/memurunsesi.net\/index.php\/wp-json\/wp\/v2\/types\/post"}],"author":[{"embeddable":true,"href":"https:\/\/memurunsesi.net\/index.php\/wp-json\/wp\/v2\/users\/1"}],"replies":[{"embeddable":true,"href":"https:\/\/memurunsesi.net\/index.php\/wp-json\/wp\/v2\/comments?post=8109"}],"version-history":[{"count":1,"href":"https:\/\/memurunsesi.net\/index.php\/wp-json\/wp\/v2\/posts\/8109\/revisions"}],"predecessor-version":[{"id":8111,"href":"https:\/\/memurunsesi.net\/index.php\/wp-json\/wp\/v2\/posts\/8109\/revisions\/8111"}],"wp:featuredmedia":[{"embeddable":true,"href":"https:\/\/memurunsesi.net\/index.php\/wp-json\/wp\/v2\/media\/8110"}],"wp:attachment":[{"href":"https:\/\/memurunsesi.net\/index.php\/wp-json\/wp\/v2\/media?parent=8109"}],"wp:term":[{"taxonomy":"category","embeddable":true,"href":"https:\/\/memurunsesi.net\/index.php\/wp-json\/wp\/v2\/categories?post=8109"},{"taxonomy":"post_tag","embeddable":true,"href":"https:\/\/memurunsesi.net\/index.php\/wp-json\/wp\/v2\/tags?post=8109"}],"curies":[{"name":"wp","href":"https:\/\/api.w.org\/{rel}","templated":true}]}}