{"id":8112,"date":"2025-06-16T08:55:16","date_gmt":"2025-06-16T05:55:16","guid":{"rendered":"https:\/\/memurunsesi.net\/?p=8112"},"modified":"2025-06-16T08:55:16","modified_gmt":"2025-06-16T05:55:16","slug":"aksarayda-2-otomobilin-carpistigi-sikismali-kazada-2si-agir-8-kisi-yaralandi","status":"publish","type":"post","link":"https:\/\/memurunsesi.net\/index.php\/2025\/06\/16\/aksarayda-2-otomobilin-carpistigi-sikismali-kazada-2si-agir-8-kisi-yaralandi\/","title":{"rendered":"Aksaray&#8217;da 2 otomobilin \u00e7arp\u0131\u015ft\u0131\u011f\u0131 s\u0131k\u0131\u015fmal\u0131 kazada 2&#8217;si a\u011f\u0131r 8 ki\u015fi yaraland\u0131"},"content":{"rendered":"<p>   Aksaray&#8217;da 2 otomobilin \u00e7arp\u0131\u015fmas\u0131 sonucu meydana gelen trafik kazas\u0131nda 2&#8217;si a\u011f\u0131r 8 ki\u015fi yaraland\u0131. Hurdaya d\u00f6nen ara\u00e7larda s\u0131k\u0131\u015fan 4 ki\u015fi AFAD ve itfaiye ekiplerince \u00e7\u0131kar\u0131ld\u0131.<br \/>\n  Kaza Aksaray &#8211; Nev\u015fehir Karayolu Camili\u00f6ren kav\u015fa\u011f\u0131nda meydana geldi. Edinilen bilgiye g\u00f6re, Aksaray&#8217;dan Nev\u015fehir istikametine seyreden C.D. (26) idaresindeki 68 AAS 275 plakal\u0131 Volkswagen marka otomobil, Yalman k\u00f6y\u00fc kav\u015fa\u011f\u0131na tali yola d\u00f6n\u00fc\u015f yapmak isteyen E.C.\u0130. (30) y\u00f6netimindeki 07 BRF 363 plakal\u0131 Citr\u00f6en marka otomobille \u00e7arp\u0131\u015ft\u0131. \u00c7arp\u0131\u015fman\u0131n etkisiyle Volkswagen marka otomobil yakla\u015f\u0131k 3 metre derinli\u011findeki \u015farampole takla atarken, di\u011fer ara\u00e7 ise ref\u00fcje \u00e7\u0131k\u0131p takla att\u0131. Ara\u00e7lar\u0131n hurda y\u0131\u011f\u0131n\u0131na d\u00f6nd\u00fc\u011f\u00fc kazada s\u00fcr\u00fcc\u00fclerle birlikte E.K. (24), \u00d6.K. (9), S.K. (20), Z.K. (14), Y.K. (9), M.S. (26) olmak \u00fczere toplam 8 ki\u015fi yaraland\u0131. Kazay\u0131 g\u00f6re di\u011fer s\u00fcr\u00fcc\u00fcler durumu 112 Acil \u00c7a\u011fr\u0131 Merkezine bildirdi. \u0130hbar \u00fczerine olay yerine \u00e7ok say\u0131da polis, jandarma itfaiye, \u0130l Afet Acil Durum (AFAD) ve sa\u011fl\u0131k ekibi sevk edildi. K\u0131sa s\u00fcrede olay yerine gelen jandarma ve polis ekipleri yolda g\u00fcvenlik \u00f6nlemleri al\u0131rken, Nev\u015fehir istikametine trafi\u011fi kapatt\u0131. Hurdaya d\u00f6nen ara\u00e7larda s\u0131k\u0131\u015fan 4 yaral\u0131 kurtarma ekiplerinin \u00e7al\u0131\u015fmas\u0131yla s\u0131k\u0131\u015ft\u0131klar\u0131 yerden kurtar\u0131ld\u0131. Toplam 8 yaral\u0131 olay yerinde yap\u0131lan ilk m\u00fcdahalelerinin ard\u0131ndan ambulanslarla Aksaray E\u011fitim ve Ara\u015ft\u0131rma Hastanesi Acil Servisine kald\u0131r\u0131ld\u0131. Burada tedavi alt\u0131na al\u0131nan yaral\u0131lardan S.K. ve Alman uyruklu M.S. isimli \u015fah\u0131slar\u0131n sa\u011fl\u0131k durumlar\u0131n\u0131n a\u011f\u0131r oldu\u011fu \u00f6\u011frenildi. Polis ve jandarma ekiplerinin inceleme ba\u015flatt\u0131\u011f\u0131 kazayla ilgili Aksaray Cumhuriyet Ba\u015fsavc\u0131l\u0131\u011f\u0131nca tahkikat ba\u015flat\u0131ld\u0131. <\/p>\n<p>16.06.2025                           <\/p>\n","protected":false},"excerpt":{"rendered":"<p>Aksaray&#8217;da 2 otomobilin \u00e7arp\u0131\u015fmas\u0131 sonucu meydana gelen trafik kazas\u0131nda 2&#8217;si a\u011f\u0131r 8 ki\u015fi yaraland\u0131. Hurdaya d\u00f6nen ara\u00e7larda s\u0131k\u0131\u015fan 4 ki\u015fi AFAD ve itfaiye ekiplerince \u00e7\u0131kar\u0131ld\u0131. Kaza Aksaray &#8211; Nev\u015fehir Karayolu Camili\u00f6ren kav\u015fa\u011f\u0131nda meydana geldi. Edinilen bilgiye g\u00f6re, Aksaray&#8217;dan Nev\u015fehir istikametine seyreden C.D. (26) idaresindeki 68 AAS 275 plakal\u0131 Volkswagen marka otomobil, Yalman k\u00f6y\u00fc kav\u015fa\u011f\u0131na tali [&hellip;]<\/p>\n","protected":false},"author":1,"featured_media":8113,"comment_status":"open","ping_status":"open","sticky":false,"template":"","format":"standard","meta":{"footnotes":""},"categories":[1],"tags":[],"class_list":["post-8112","post","type-post","status-publish","format-standard","has-post-thumbnail","hentry","category-genel"],"yoast_head":"<!-- This site is optimized with the Yoast SEO plugin v27.4 - https:\/\/yoast.com\/product\/yoast-seo-wordpress\/ -->\n<title>Aksaray&#039;da 2 otomobilin \u00e7arp\u0131\u015ft\u0131\u011f\u0131 s\u0131k\u0131\u015fmal\u0131 kazada 2&#039;si a\u011f\u0131r 8 ki\u015fi yaraland\u0131 - Memurun Sesi<\/title>\n<meta name=\"robots\" content=\"index, follow, max-snippet:-1, max-image-preview:large, max-video-preview:-1\" \/>\n<link rel=\"canonical\" href=\"https:\/\/memurunsesi.net\/index.php\/2025\/06\/16\/aksarayda-2-otomobilin-carpistigi-sikismali-kazada-2si-agir-8-kisi-yaralandi\/\" \/>\n<meta property=\"og:locale\" content=\"tr_TR\" \/>\n<meta property=\"og:type\" content=\"article\" \/>\n<meta property=\"og:title\" content=\"Aksaray&#039;da 2 otomobilin \u00e7arp\u0131\u015ft\u0131\u011f\u0131 s\u0131k\u0131\u015fmal\u0131 kazada 2&#039;si a\u011f\u0131r 8 ki\u015fi yaraland\u0131 - Memurun Sesi\" \/>\n<meta property=\"og:description\" content=\"Aksaray&#8217;da 2 otomobilin \u00e7arp\u0131\u015fmas\u0131 sonucu meydana gelen trafik kazas\u0131nda 2&#8217;si a\u011f\u0131r 8 ki\u015fi yaraland\u0131. Hurdaya d\u00f6nen ara\u00e7larda s\u0131k\u0131\u015fan 4 ki\u015fi AFAD ve itfaiye ekiplerince \u00e7\u0131kar\u0131ld\u0131. Kaza Aksaray &#8211; Nev\u015fehir Karayolu Camili\u00f6ren kav\u015fa\u011f\u0131nda meydana geldi. Edinilen bilgiye g\u00f6re, Aksaray&#8217;dan Nev\u015fehir istikametine seyreden C.D. (26) idaresindeki 68 AAS 275 plakal\u0131 Volkswagen marka otomobil, Yalman k\u00f6y\u00fc kav\u015fa\u011f\u0131na tali [&hellip;]\" \/>\n<meta property=\"og:url\" content=\"https:\/\/memurunsesi.net\/index.php\/2025\/06\/16\/aksarayda-2-otomobilin-carpistigi-sikismali-kazada-2si-agir-8-kisi-yaralandi\/\" \/>\n<meta property=\"og:site_name\" content=\"Memurun Sesi\" \/>\n<meta property=\"article:publisher\" content=\"https:\/\/www.facebook.com\/unipersen\/?locale=tr_TR\" \/>\n<meta property=\"article:published_time\" content=\"2025-06-16T05:55:16+00:00\" \/>\n<meta property=\"og:image\" content=\"https:\/\/memurunsesi.net\/wp-content\/uploads\/2025\/06\/AW476867_01-scaled.jpg\" \/>\n\t<meta property=\"og:image:width\" content=\"2560\" \/>\n\t<meta property=\"og:image:height\" content=\"1444\" \/>\n\t<meta property=\"og:image:type\" content=\"image\/jpeg\" \/>\n<meta name=\"author\" content=\"Memurun Sesi Haber Merkezi\" \/>\n<meta name=\"twitter:card\" content=\"summary_large_image\" \/>\n<meta name=\"twitter:creator\" content=\"@unipersen\" \/>\n<meta name=\"twitter:site\" content=\"@unipersen\" \/>\n<meta name=\"twitter:label1\" content=\"Yazan:\" \/>\n\t<meta name=\"twitter:data1\" content=\"Memurun Sesi Haber Merkezi\" \/>\n\t<meta name=\"twitter:label2\" content=\"Tahmini okuma s\u00fcresi\" \/>\n\t<meta name=\"twitter:data2\" content=\"1 dakika\" \/>\n<script type=\"application\/ld+json\" class=\"yoast-schema-graph\">{\"@context\":\"https:\\\/\\\/schema.org\",\"@graph\":[{\"@type\":\"Article\",\"@id\":\"https:\\\/\\\/memurunsesi.net\\\/index.php\\\/2025\\\/06\\\/16\\\/aksarayda-2-otomobilin-carpistigi-sikismali-kazada-2si-agir-8-kisi-yaralandi\\\/#article\",\"isPartOf\":{\"@id\":\"https:\\\/\\\/memurunsesi.net\\\/index.php\\\/2025\\\/06\\\/16\\\/aksarayda-2-otomobilin-carpistigi-sikismali-kazada-2si-agir-8-kisi-yaralandi\\\/\"},\"author\":{\"name\":\"Memurun Sesi Haber Merkezi\",\"@id\":\"https:\\\/\\\/memurunsesi.net\\\/#\\\/schema\\\/person\\\/f21c2d73b89f6ee1d80b0a1803e38587\"},\"headline\":\"Aksaray&#8217;da 2 otomobilin \u00e7arp\u0131\u015ft\u0131\u011f\u0131 s\u0131k\u0131\u015fmal\u0131 kazada 2&#8217;si a\u011f\u0131r 8 ki\u015fi yaraland\u0131\",\"datePublished\":\"2025-06-16T05:55:16+00:00\",\"mainEntityOfPage\":{\"@id\":\"https:\\\/\\\/memurunsesi.net\\\/index.php\\\/2025\\\/06\\\/16\\\/aksarayda-2-otomobilin-carpistigi-sikismali-kazada-2si-agir-8-kisi-yaralandi\\\/\"},\"wordCount\":315,\"commentCount\":0,\"publisher\":{\"@id\":\"https:\\\/\\\/memurunsesi.net\\\/#organization\"},\"image\":{\"@id\":\"https:\\\/\\\/memurunsesi.net\\\/index.php\\\/2025\\\/06\\\/16\\\/aksarayda-2-otomobilin-carpistigi-sikismali-kazada-2si-agir-8-kisi-yaralandi\\\/#primaryimage\"},\"thumbnailUrl\":\"https:\\\/\\\/memurunsesi.net\\\/wp-content\\\/uploads\\\/2025\\\/06\\\/AW476867_01-scaled.jpg\",\"inLanguage\":\"tr\",\"potentialAction\":[{\"@type\":\"CommentAction\",\"name\":\"Comment\",\"target\":[\"https:\\\/\\\/memurunsesi.net\\\/index.php\\\/2025\\\/06\\\/16\\\/aksarayda-2-otomobilin-carpistigi-sikismali-kazada-2si-agir-8-kisi-yaralandi\\\/#respond\"]}]},{\"@type\":\"WebPage\",\"@id\":\"https:\\\/\\\/memurunsesi.net\\\/index.php\\\/2025\\\/06\\\/16\\\/aksarayda-2-otomobilin-carpistigi-sikismali-kazada-2si-agir-8-kisi-yaralandi\\\/\",\"url\":\"https:\\\/\\\/memurunsesi.net\\\/index.php\\\/2025\\\/06\\\/16\\\/aksarayda-2-otomobilin-carpistigi-sikismali-kazada-2si-agir-8-kisi-yaralandi\\\/\",\"name\":\"Aksaray'da 2 otomobilin \u00e7arp\u0131\u015ft\u0131\u011f\u0131 s\u0131k\u0131\u015fmal\u0131 kazada 2'si a\u011f\u0131r 8 ki\u015fi yaraland\u0131 - Memurun Sesi\",\"isPartOf\":{\"@id\":\"https:\\\/\\\/memurunsesi.net\\\/#website\"},\"primaryImageOfPage\":{\"@id\":\"https:\\\/\\\/memurunsesi.net\\\/index.php\\\/2025\\\/06\\\/16\\\/aksarayda-2-otomobilin-carpistigi-sikismali-kazada-2si-agir-8-kisi-yaralandi\\\/#primaryimage\"},\"image\":{\"@id\":\"https:\\\/\\\/memurunsesi.net\\\/index.php\\\/2025\\\/06\\\/16\\\/aksarayda-2-otomobilin-carpistigi-sikismali-kazada-2si-agir-8-kisi-yaralandi\\\/#primaryimage\"},\"thumbnailUrl\":\"https:\\\/\\\/memurunsesi.net\\\/wp-content\\\/uploads\\\/2025\\\/06\\\/AW476867_01-scaled.jpg\",\"datePublished\":\"2025-06-16T05:55:16+00:00\",\"breadcrumb\":{\"@id\":\"https:\\\/\\\/memurunsesi.net\\\/index.php\\\/2025\\\/06\\\/16\\\/aksarayda-2-otomobilin-carpistigi-sikismali-kazada-2si-agir-8-kisi-yaralandi\\\/#breadcrumb\"},\"inLanguage\":\"tr\",\"potentialAction\":[{\"@type\":\"ReadAction\",\"target\":[\"https:\\\/\\\/memurunsesi.net\\\/index.php\\\/2025\\\/06\\\/16\\\/aksarayda-2-otomobilin-carpistigi-sikismali-kazada-2si-agir-8-kisi-yaralandi\\\/\"]}]},{\"@type\":\"ImageObject\",\"inLanguage\":\"tr\",\"@id\":\"https:\\\/\\\/memurunsesi.net\\\/index.php\\\/2025\\\/06\\\/16\\\/aksarayda-2-otomobilin-carpistigi-sikismali-kazada-2si-agir-8-kisi-yaralandi\\\/#primaryimage\",\"url\":\"https:\\\/\\\/memurunsesi.net\\\/wp-content\\\/uploads\\\/2025\\\/06\\\/AW476867_01-scaled.jpg\",\"contentUrl\":\"https:\\\/\\\/memurunsesi.net\\\/wp-content\\\/uploads\\\/2025\\\/06\\\/AW476867_01-scaled.jpg\",\"width\":2560,\"height\":1444,\"caption\":\"AKSARAY'DA 2 OTOMOB\u0130L\u0130N \u00c7ARPI\u015eMASI SONUCU MEYDANA GELEN TRAF\u0130K KAZASINDA 2'S\u0130 A\u011eIR 8 K\u0130\u015e\u0130 YARALANDI. HURDAYA D\u00d6NEN ARA\u00c7LARDA SIKI\u015eAN 4 K\u0130\u015e\u0130 AFAD VE \u0130TFA\u0130YE EK\u0130PLER\u0130NCE \u00c7IKARILDI. (FURKAN KARATAY - YAS\u0130N CAN\\\/AKSARAY-\u0130HA) Aksaray'da 2 otomobilin \u00e7arp\u0131\u015fmas\u0131 sonucu meydana gelen trafik kazas\u0131nda 2'si a\u011f\u0131r 8 ki\u015fi yaraland\u0131. Hurdaya d\u00f6nen ara\u00e7larda s\u0131k\u0131\u015fan 4 ki\u015fi AFAD ve itfaiye ekiplerince \u00e7\u0131kar\u0131ld\u0131.\"},{\"@type\":\"BreadcrumbList\",\"@id\":\"https:\\\/\\\/memurunsesi.net\\\/index.php\\\/2025\\\/06\\\/16\\\/aksarayda-2-otomobilin-carpistigi-sikismali-kazada-2si-agir-8-kisi-yaralandi\\\/#breadcrumb\",\"itemListElement\":[{\"@type\":\"ListItem\",\"position\":1,\"name\":\"Anasayfa\",\"item\":\"https:\\\/\\\/memurunsesi.net\\\/\"},{\"@type\":\"ListItem\",\"position\":2,\"name\":\"Aksaray&#8217;da 2 otomobilin \u00e7arp\u0131\u015ft\u0131\u011f\u0131 s\u0131k\u0131\u015fmal\u0131 kazada 2&#8217;si a\u011f\u0131r 8 ki\u015fi yaraland\u0131\"}]},{\"@type\":\"WebSite\",\"@id\":\"https:\\\/\\\/memurunsesi.net\\\/#website\",\"url\":\"https:\\\/\\\/memurunsesi.net\\\/\",\"name\":\"Memurun Sesi\",\"description\":\"G\u00fcncel ve Do\u011fru Haber\",\"publisher\":{\"@id\":\"https:\\\/\\\/memurunsesi.net\\\/#organization\"},\"potentialAction\":[{\"@type\":\"SearchAction\",\"target\":{\"@type\":\"EntryPoint\",\"urlTemplate\":\"https:\\\/\\\/memurunsesi.net\\\/?s={search_term_string}\"},\"query-input\":{\"@type\":\"PropertyValueSpecification\",\"valueRequired\":true,\"valueName\":\"search_term_string\"}}],\"inLanguage\":\"tr\"},{\"@type\":\"Organization\",\"@id\":\"https:\\\/\\\/memurunsesi.net\\\/#organization\",\"name\":\"Memurun Sesi\",\"url\":\"https:\\\/\\\/memurunsesi.net\\\/\",\"logo\":{\"@type\":\"ImageObject\",\"inLanguage\":\"tr\",\"@id\":\"https:\\\/\\\/memurunsesi.net\\\/#\\\/schema\\\/logo\\\/image\\\/\",\"url\":\"https:\\\/\\\/memurunsesi.net\\\/wp-content\\\/uploads\\\/2025\\\/11\\\/cropped-MEMURUN-SESI.png\",\"contentUrl\":\"https:\\\/\\\/memurunsesi.net\\\/wp-content\\\/uploads\\\/2025\\\/11\\\/cropped-MEMURUN-SESI.png\",\"width\":238,\"height\":57,\"caption\":\"Memurun Sesi\"},\"image\":{\"@id\":\"https:\\\/\\\/memurunsesi.net\\\/#\\\/schema\\\/logo\\\/image\\\/\"},\"sameAs\":[\"https:\\\/\\\/www.facebook.com\\\/unipersen\\\/?locale=tr_TR\",\"https:\\\/\\\/x.com\\\/unipersen\"]},{\"@type\":\"Person\",\"@id\":\"https:\\\/\\\/memurunsesi.net\\\/#\\\/schema\\\/person\\\/f21c2d73b89f6ee1d80b0a1803e38587\",\"name\":\"Memurun Sesi Haber Merkezi\",\"image\":{\"@type\":\"ImageObject\",\"inLanguage\":\"tr\",\"@id\":\"https:\\\/\\\/secure.gravatar.com\\\/avatar\\\/6cf0505f452ee753f485014986fab09a434671d2b919ee76fc541025c5876a70?s=96&d=mm&r=g\",\"url\":\"https:\\\/\\\/secure.gravatar.com\\\/avatar\\\/6cf0505f452ee753f485014986fab09a434671d2b919ee76fc541025c5876a70?s=96&d=mm&r=g\",\"contentUrl\":\"https:\\\/\\\/secure.gravatar.com\\\/avatar\\\/6cf0505f452ee753f485014986fab09a434671d2b919ee76fc541025c5876a70?s=96&d=mm&r=g\",\"caption\":\"Memurun Sesi Haber Merkezi\"},\"sameAs\":[\"https:\\\/\\\/memurunsesi.net\"],\"url\":\"https:\\\/\\\/memurunsesi.net\\\/index.php\\\/author\\\/uniper\\\/\"}]}<\/script>\n<!-- \/ Yoast SEO plugin. -->","yoast_head_json":{"title":"Aksaray'da 2 otomobilin \u00e7arp\u0131\u015ft\u0131\u011f\u0131 s\u0131k\u0131\u015fmal\u0131 kazada 2'si a\u011f\u0131r 8 ki\u015fi yaraland\u0131 - Memurun Sesi","robots":{"index":"index","follow":"follow","max-snippet":"max-snippet:-1","max-image-preview":"max-image-preview:large","max-video-preview":"max-video-preview:-1"},"canonical":"https:\/\/memurunsesi.net\/index.php\/2025\/06\/16\/aksarayda-2-otomobilin-carpistigi-sikismali-kazada-2si-agir-8-kisi-yaralandi\/","og_locale":"tr_TR","og_type":"article","og_title":"Aksaray'da 2 otomobilin \u00e7arp\u0131\u015ft\u0131\u011f\u0131 s\u0131k\u0131\u015fmal\u0131 kazada 2'si a\u011f\u0131r 8 ki\u015fi yaraland\u0131 - Memurun Sesi","og_description":"Aksaray&#8217;da 2 otomobilin \u00e7arp\u0131\u015fmas\u0131 sonucu meydana gelen trafik kazas\u0131nda 2&#8217;si a\u011f\u0131r 8 ki\u015fi yaraland\u0131. Hurdaya d\u00f6nen ara\u00e7larda s\u0131k\u0131\u015fan 4 ki\u015fi AFAD ve itfaiye ekiplerince \u00e7\u0131kar\u0131ld\u0131. Kaza Aksaray &#8211; Nev\u015fehir Karayolu Camili\u00f6ren kav\u015fa\u011f\u0131nda meydana geldi. Edinilen bilgiye g\u00f6re, Aksaray&#8217;dan Nev\u015fehir istikametine seyreden C.D. (26) idaresindeki 68 AAS 275 plakal\u0131 Volkswagen marka otomobil, Yalman k\u00f6y\u00fc kav\u015fa\u011f\u0131na tali [&hellip;]","og_url":"https:\/\/memurunsesi.net\/index.php\/2025\/06\/16\/aksarayda-2-otomobilin-carpistigi-sikismali-kazada-2si-agir-8-kisi-yaralandi\/","og_site_name":"Memurun Sesi","article_publisher":"https:\/\/www.facebook.com\/unipersen\/?locale=tr_TR","article_published_time":"2025-06-16T05:55:16+00:00","og_image":[{"width":2560,"height":1444,"url":"https:\/\/memurunsesi.net\/wp-content\/uploads\/2025\/06\/AW476867_01-scaled.jpg","type":"image\/jpeg"}],"author":"Memurun Sesi Haber Merkezi","twitter_card":"summary_large_image","twitter_creator":"@unipersen","twitter_site":"@unipersen","twitter_misc":{"Yazan:":"Memurun Sesi Haber Merkezi","Tahmini okuma s\u00fcresi":"1 dakika"},"schema":{"@context":"https:\/\/schema.org","@graph":[{"@type":"Article","@id":"https:\/\/memurunsesi.net\/index.php\/2025\/06\/16\/aksarayda-2-otomobilin-carpistigi-sikismali-kazada-2si-agir-8-kisi-yaralandi\/#article","isPartOf":{"@id":"https:\/\/memurunsesi.net\/index.php\/2025\/06\/16\/aksarayda-2-otomobilin-carpistigi-sikismali-kazada-2si-agir-8-kisi-yaralandi\/"},"author":{"name":"Memurun Sesi Haber Merkezi","@id":"https:\/\/memurunsesi.net\/#\/schema\/person\/f21c2d73b89f6ee1d80b0a1803e38587"},"headline":"Aksaray&#8217;da 2 otomobilin \u00e7arp\u0131\u015ft\u0131\u011f\u0131 s\u0131k\u0131\u015fmal\u0131 kazada 2&#8217;si a\u011f\u0131r 8 ki\u015fi yaraland\u0131","datePublished":"2025-06-16T05:55:16+00:00","mainEntityOfPage":{"@id":"https:\/\/memurunsesi.net\/index.php\/2025\/06\/16\/aksarayda-2-otomobilin-carpistigi-sikismali-kazada-2si-agir-8-kisi-yaralandi\/"},"wordCount":315,"commentCount":0,"publisher":{"@id":"https:\/\/memurunsesi.net\/#organization"},"image":{"@id":"https:\/\/memurunsesi.net\/index.php\/2025\/06\/16\/aksarayda-2-otomobilin-carpistigi-sikismali-kazada-2si-agir-8-kisi-yaralandi\/#primaryimage"},"thumbnailUrl":"https:\/\/memurunsesi.net\/wp-content\/uploads\/2025\/06\/AW476867_01-scaled.jpg","inLanguage":"tr","potentialAction":[{"@type":"CommentAction","name":"Comment","target":["https:\/\/memurunsesi.net\/index.php\/2025\/06\/16\/aksarayda-2-otomobilin-carpistigi-sikismali-kazada-2si-agir-8-kisi-yaralandi\/#respond"]}]},{"@type":"WebPage","@id":"https:\/\/memurunsesi.net\/index.php\/2025\/06\/16\/aksarayda-2-otomobilin-carpistigi-sikismali-kazada-2si-agir-8-kisi-yaralandi\/","url":"https:\/\/memurunsesi.net\/index.php\/2025\/06\/16\/aksarayda-2-otomobilin-carpistigi-sikismali-kazada-2si-agir-8-kisi-yaralandi\/","name":"Aksaray'da 2 otomobilin \u00e7arp\u0131\u015ft\u0131\u011f\u0131 s\u0131k\u0131\u015fmal\u0131 kazada 2'si a\u011f\u0131r 8 ki\u015fi yaraland\u0131 - Memurun Sesi","isPartOf":{"@id":"https:\/\/memurunsesi.net\/#website"},"primaryImageOfPage":{"@id":"https:\/\/memurunsesi.net\/index.php\/2025\/06\/16\/aksarayda-2-otomobilin-carpistigi-sikismali-kazada-2si-agir-8-kisi-yaralandi\/#primaryimage"},"image":{"@id":"https:\/\/memurunsesi.net\/index.php\/2025\/06\/16\/aksarayda-2-otomobilin-carpistigi-sikismali-kazada-2si-agir-8-kisi-yaralandi\/#primaryimage"},"thumbnailUrl":"https:\/\/memurunsesi.net\/wp-content\/uploads\/2025\/06\/AW476867_01-scaled.jpg","datePublished":"2025-06-16T05:55:16+00:00","breadcrumb":{"@id":"https:\/\/memurunsesi.net\/index.php\/2025\/06\/16\/aksarayda-2-otomobilin-carpistigi-sikismali-kazada-2si-agir-8-kisi-yaralandi\/#breadcrumb"},"inLanguage":"tr","potentialAction":[{"@type":"ReadAction","target":["https:\/\/memurunsesi.net\/index.php\/2025\/06\/16\/aksarayda-2-otomobilin-carpistigi-sikismali-kazada-2si-agir-8-kisi-yaralandi\/"]}]},{"@type":"ImageObject","inLanguage":"tr","@id":"https:\/\/memurunsesi.net\/index.php\/2025\/06\/16\/aksarayda-2-otomobilin-carpistigi-sikismali-kazada-2si-agir-8-kisi-yaralandi\/#primaryimage","url":"https:\/\/memurunsesi.net\/wp-content\/uploads\/2025\/06\/AW476867_01-scaled.jpg","contentUrl":"https:\/\/memurunsesi.net\/wp-content\/uploads\/2025\/06\/AW476867_01-scaled.jpg","width":2560,"height":1444,"caption":"AKSARAY'DA 2 OTOMOB\u0130L\u0130N \u00c7ARPI\u015eMASI SONUCU MEYDANA GELEN TRAF\u0130K KAZASINDA 2'S\u0130 A\u011eIR 8 K\u0130\u015e\u0130 YARALANDI. HURDAYA D\u00d6NEN ARA\u00c7LARDA SIKI\u015eAN 4 K\u0130\u015e\u0130 AFAD VE \u0130TFA\u0130YE EK\u0130PLER\u0130NCE \u00c7IKARILDI. (FURKAN KARATAY - YAS\u0130N CAN\/AKSARAY-\u0130HA) Aksaray'da 2 otomobilin \u00e7arp\u0131\u015fmas\u0131 sonucu meydana gelen trafik kazas\u0131nda 2'si a\u011f\u0131r 8 ki\u015fi yaraland\u0131. Hurdaya d\u00f6nen ara\u00e7larda s\u0131k\u0131\u015fan 4 ki\u015fi AFAD ve itfaiye ekiplerince \u00e7\u0131kar\u0131ld\u0131."},{"@type":"BreadcrumbList","@id":"https:\/\/memurunsesi.net\/index.php\/2025\/06\/16\/aksarayda-2-otomobilin-carpistigi-sikismali-kazada-2si-agir-8-kisi-yaralandi\/#breadcrumb","itemListElement":[{"@type":"ListItem","position":1,"name":"Anasayfa","item":"https:\/\/memurunsesi.net\/"},{"@type":"ListItem","position":2,"name":"Aksaray&#8217;da 2 otomobilin \u00e7arp\u0131\u015ft\u0131\u011f\u0131 s\u0131k\u0131\u015fmal\u0131 kazada 2&#8217;si a\u011f\u0131r 8 ki\u015fi yaraland\u0131"}]},{"@type":"WebSite","@id":"https:\/\/memurunsesi.net\/#website","url":"https:\/\/memurunsesi.net\/","name":"Memurun Sesi","description":"G\u00fcncel ve Do\u011fru Haber","publisher":{"@id":"https:\/\/memurunsesi.net\/#organization"},"potentialAction":[{"@type":"SearchAction","target":{"@type":"EntryPoint","urlTemplate":"https:\/\/memurunsesi.net\/?s={search_term_string}"},"query-input":{"@type":"PropertyValueSpecification","valueRequired":true,"valueName":"search_term_string"}}],"inLanguage":"tr"},{"@type":"Organization","@id":"https:\/\/memurunsesi.net\/#organization","name":"Memurun Sesi","url":"https:\/\/memurunsesi.net\/","logo":{"@type":"ImageObject","inLanguage":"tr","@id":"https:\/\/memurunsesi.net\/#\/schema\/logo\/image\/","url":"https:\/\/memurunsesi.net\/wp-content\/uploads\/2025\/11\/cropped-MEMURUN-SESI.png","contentUrl":"https:\/\/memurunsesi.net\/wp-content\/uploads\/2025\/11\/cropped-MEMURUN-SESI.png","width":238,"height":57,"caption":"Memurun Sesi"},"image":{"@id":"https:\/\/memurunsesi.net\/#\/schema\/logo\/image\/"},"sameAs":["https:\/\/www.facebook.com\/unipersen\/?locale=tr_TR","https:\/\/x.com\/unipersen"]},{"@type":"Person","@id":"https:\/\/memurunsesi.net\/#\/schema\/person\/f21c2d73b89f6ee1d80b0a1803e38587","name":"Memurun Sesi Haber Merkezi","image":{"@type":"ImageObject","inLanguage":"tr","@id":"https:\/\/secure.gravatar.com\/avatar\/6cf0505f452ee753f485014986fab09a434671d2b919ee76fc541025c5876a70?s=96&d=mm&r=g","url":"https:\/\/secure.gravatar.com\/avatar\/6cf0505f452ee753f485014986fab09a434671d2b919ee76fc541025c5876a70?s=96&d=mm&r=g","contentUrl":"https:\/\/secure.gravatar.com\/avatar\/6cf0505f452ee753f485014986fab09a434671d2b919ee76fc541025c5876a70?s=96&d=mm&r=g","caption":"Memurun Sesi Haber Merkezi"},"sameAs":["https:\/\/memurunsesi.net"],"url":"https:\/\/memurunsesi.net\/index.php\/author\/uniper\/"}]}},"_links":{"self":[{"href":"https:\/\/memurunsesi.net\/index.php\/wp-json\/wp\/v2\/posts\/8112","targetHints":{"allow":["GET"]}}],"collection":[{"href":"https:\/\/memurunsesi.net\/index.php\/wp-json\/wp\/v2\/posts"}],"about":[{"href":"https:\/\/memurunsesi.net\/index.php\/wp-json\/wp\/v2\/types\/post"}],"author":[{"embeddable":true,"href":"https:\/\/memurunsesi.net\/index.php\/wp-json\/wp\/v2\/users\/1"}],"replies":[{"embeddable":true,"href":"https:\/\/memurunsesi.net\/index.php\/wp-json\/wp\/v2\/comments?post=8112"}],"version-history":[{"count":1,"href":"https:\/\/memurunsesi.net\/index.php\/wp-json\/wp\/v2\/posts\/8112\/revisions"}],"predecessor-version":[{"id":8114,"href":"https:\/\/memurunsesi.net\/index.php\/wp-json\/wp\/v2\/posts\/8112\/revisions\/8114"}],"wp:featuredmedia":[{"embeddable":true,"href":"https:\/\/memurunsesi.net\/index.php\/wp-json\/wp\/v2\/media\/8113"}],"wp:attachment":[{"href":"https:\/\/memurunsesi.net\/index.php\/wp-json\/wp\/v2\/media?parent=8112"}],"wp:term":[{"taxonomy":"category","embeddable":true,"href":"https:\/\/memurunsesi.net\/index.php\/wp-json\/wp\/v2\/categories?post=8112"},{"taxonomy":"post_tag","embeddable":true,"href":"https:\/\/memurunsesi.net\/index.php\/wp-json\/wp\/v2\/tags?post=8112"}],"curies":[{"name":"wp","href":"https:\/\/api.w.org\/{rel}","templated":true}]}}