{"id":8115,"date":"2025-06-16T08:57:11","date_gmt":"2025-06-16T05:57:11","guid":{"rendered":"https:\/\/memurunsesi.net\/?p=8115"},"modified":"2025-06-16T08:57:11","modified_gmt":"2025-06-16T05:57:11","slug":"dunya-plaj-voleybolu-pro-turun-alanya-etabi-tamamlandi","status":"publish","type":"post","link":"https:\/\/memurunsesi.net\/index.php\/2025\/06\/16\/dunya-plaj-voleybolu-pro-turun-alanya-etabi-tamamlandi\/","title":{"rendered":"D\u00fcnya Plaj Voleybolu Pro Tur&#8217;un Alanya etab\u0131 tamamland\u0131"},"content":{"rendered":"<p>  &#8211; Plaj voleybolunda zafer \u0130svi\u00e7re ve \u00c7ekya&#8217;n\u0131n<br \/>\n  &#8211; Osman Tar\u0131k \u00d6z\u00e7elik: &#8220;Turnuvay\u0131 hatas\u0131z ba\u015farabilmenin gururunu ya\u015f\u0131yorum&#8221;   <\/p>\n<p>   Alanya&#8217;da ilk kez 11-15 Haziran tarihleri aras\u0131nda d\u00fczenlenen D\u00fcnya Plaj Voleybolu Pro Tur&#8217;un Alanya etab\u0131 bug\u00fcn tamamland\u0131. Alanya Belediye Ba\u015fkan\u0131 Osman Tar\u0131k \u00d6z\u00e7elik, &#8220;Turnuvay\u0131 hatas\u0131z ba\u015farabilmenin gururunu ya\u015f\u0131yorum&#8221; dedi.<br \/>\nAlanya Belediyesi ve T\u00fcrkiye Voleybol Federasyonu&#8217;nun organize etti\u011fi D\u00fcnya Plaj Voleybolu Pro Tur&#8217;un Alanya etab\u0131 m\u00fcsabakalar\u0131 bug\u00fcn oynanan final ma\u00e7lar\u0131 ile tamamland\u0131. Alanya Belediyesi ile T\u00fcrkiye Voleybol Federasyonu i\u015f birli\u011finde ger\u00e7ekle\u015ftirilen turnuva, sadece sporseverleri de\u011fil, yerli ve yabanc\u0131 turistleri de sahillere \u00e7ekti. Be\u015f g\u00fcn s\u00fcren organizasyonda k\u0131yas\u0131ya m\u00fccadele eden tak\u0131mlar, hem y\u00fcksek performanslar\u0131 hem de fair-play ruhuyla izleyenlerden tam not ald\u0131. <\/p>\n<p>Kad\u0131nlarda zafer \u0130svi\u00e7reli karde\u015flerin<br \/>\nKad\u0131nlar finali, \u0130svi\u00e7reli karde\u015fler Anouk Verge ve Zoe Verge ile \u0130talya&#8217;dan Valentina Gottardi &#8211; Orsi Toth ikilisi aras\u0131nda oynand\u0131. M\u00fccadeleye etkili ba\u015flayan \u0130svi\u00e7reli sporcular, setlerde 2-1 \u00fcst\u00fcnl\u00fck sa\u011flayarak zorlu kar\u015f\u0131la\u015fmadan galibiyetle ayr\u0131ld\u0131 ve Alanya etab\u0131n\u0131n \u015fampiyonu oldu. \u00dc\u00e7\u00fcnc\u00fcl\u00fck ise turnuva boyunca istikrarl\u0131 bir performans sergileyen Fransa ekibinin oldu. <\/p>\n<p>Erkekler finali adeta nefes kesti<br \/>\nErkekler kategorisinde ise final kar\u015f\u0131la\u015fmas\u0131 b\u00fcy\u00fck bir \u00e7eki\u015fmeye sahne oldu. \u00c7ekya&#8217;dan Ondrej Perusic ve David Schweiner ikilisi, finalde Fransa temsilcileri T\u00e9o Rotar ve Arnaud Gauthier-Rat ile kar\u015f\u0131 kar\u015f\u0131ya geldi. Tempolu ge\u00e7en m\u00fccadelede \u00c7ek sporcular \u00fcst\u00fcn oyunlar\u0131yla dikkat \u00e7ekti ve rakiplerine set \u015fans\u0131 tan\u0131madan 2-0&#8217;l\u0131k net bir galibiyetle \u015fampiyonlu\u011fa ula\u015ft\u0131. \u00dc\u00e7\u00fcnc\u00fcl\u00fck ise turnuvan\u0131n en favori tak\u0131m\u0131 Brezilya ekibinin oldu. <\/p>\n<p>Turnuvay\u0131 hatas\u0131z bir \u015fekilde noktalad\u0131klar\u0131n\u0131 ifade eden Alanya Belediye Ba\u015fkan\u0131 Osman Tar\u0131k \u00d6z\u00e7eliki, &#8220;Bu harika ortam benim d\u00fc\u015f\u00fcncelerimi g\u00f6steriyor diye d\u00fc\u015f\u00fcn\u00fcyorum. 11-15 tarihleri aras\u0131nda Alanya&#8217;m\u0131z\u0131 marka yapmak ad\u0131na, spor turizmini hareketlendirmek ad\u0131na planlad\u0131\u011f\u0131m\u0131z D\u00fcnya Plaj Voleybol \u015eampiyonas\u0131 Challeng grubundaki \u015fampiyonay\u0131 hatas\u0131z ba\u015farabilmenin gururunu \u015fu anda ben kendi ad\u0131ma ve arkada\u015flar\u0131m ad\u0131na ya\u015f\u0131yorum. Onlara da Alanyam\u0131z ad\u0131na, memleketimiz ad\u0131na \u00e7ok te\u015fekk\u00fcr ediyorum&#8221; dedi. <\/p>\n<p>16.06.2025                                <\/p>\n","protected":false},"excerpt":{"rendered":"<p>&#8211; Plaj voleybolunda zafer \u0130svi\u00e7re ve \u00c7ekya&#8217;n\u0131n &#8211; Osman Tar\u0131k \u00d6z\u00e7elik: &#8220;Turnuvay\u0131 hatas\u0131z ba\u015farabilmenin gururunu ya\u015f\u0131yorum&#8221; Alanya&#8217;da ilk kez 11-15 Haziran tarihleri aras\u0131nda d\u00fczenlenen D\u00fcnya Plaj Voleybolu Pro Tur&#8217;un Alanya etab\u0131 bug\u00fcn tamamland\u0131. Alanya Belediye Ba\u015fkan\u0131 Osman Tar\u0131k \u00d6z\u00e7elik, &#8220;Turnuvay\u0131 hatas\u0131z ba\u015farabilmenin gururunu ya\u015f\u0131yorum&#8221; dedi. Alanya Belediyesi ve T\u00fcrkiye Voleybol Federasyonu&#8217;nun organize etti\u011fi D\u00fcnya Plaj [&hellip;]<\/p>\n","protected":false},"author":1,"featured_media":8116,"comment_status":"open","ping_status":"open","sticky":false,"template":"","format":"standard","meta":{"footnotes":""},"categories":[57],"tags":[],"class_list":["post-8115","post","type-post","status-publish","format-standard","has-post-thumbnail","hentry","category-spor"],"yoast_head":"<!-- This site is optimized with the Yoast SEO plugin v27.4 - https:\/\/yoast.com\/product\/yoast-seo-wordpress\/ -->\n<title>D\u00fcnya Plaj Voleybolu Pro Tur&#039;un Alanya etab\u0131 tamamland\u0131 - Memurun Sesi<\/title>\n<meta name=\"robots\" content=\"index, follow, max-snippet:-1, max-image-preview:large, max-video-preview:-1\" \/>\n<link rel=\"canonical\" href=\"https:\/\/memurunsesi.net\/index.php\/2025\/06\/16\/dunya-plaj-voleybolu-pro-turun-alanya-etabi-tamamlandi\/\" \/>\n<meta property=\"og:locale\" content=\"tr_TR\" \/>\n<meta property=\"og:type\" content=\"article\" \/>\n<meta property=\"og:title\" content=\"D\u00fcnya Plaj Voleybolu Pro Tur&#039;un Alanya etab\u0131 tamamland\u0131 - Memurun Sesi\" \/>\n<meta property=\"og:description\" content=\"&#8211; Plaj voleybolunda zafer \u0130svi\u00e7re ve \u00c7ekya&#8217;n\u0131n &#8211; Osman Tar\u0131k \u00d6z\u00e7elik: &#8220;Turnuvay\u0131 hatas\u0131z ba\u015farabilmenin gururunu ya\u015f\u0131yorum&#8221; Alanya&#8217;da ilk kez 11-15 Haziran tarihleri aras\u0131nda d\u00fczenlenen D\u00fcnya Plaj Voleybolu Pro Tur&#8217;un Alanya etab\u0131 bug\u00fcn tamamland\u0131. Alanya Belediye Ba\u015fkan\u0131 Osman Tar\u0131k \u00d6z\u00e7elik, &#8220;Turnuvay\u0131 hatas\u0131z ba\u015farabilmenin gururunu ya\u015f\u0131yorum&#8221; dedi. Alanya Belediyesi ve T\u00fcrkiye Voleybol Federasyonu&#8217;nun organize etti\u011fi D\u00fcnya Plaj [&hellip;]\" \/>\n<meta property=\"og:url\" content=\"https:\/\/memurunsesi.net\/index.php\/2025\/06\/16\/dunya-plaj-voleybolu-pro-turun-alanya-etabi-tamamlandi\/\" \/>\n<meta property=\"og:site_name\" content=\"Memurun Sesi\" \/>\n<meta property=\"article:publisher\" content=\"https:\/\/www.facebook.com\/unipersen\/?locale=tr_TR\" \/>\n<meta property=\"article:published_time\" content=\"2025-06-16T05:57:11+00:00\" \/>\n<meta property=\"og:image\" content=\"https:\/\/memurunsesi.net\/wp-content\/uploads\/2025\/06\/AW476866_02-scaled.jpg\" \/>\n\t<meta property=\"og:image:width\" content=\"2560\" \/>\n\t<meta property=\"og:image:height\" content=\"1440\" \/>\n\t<meta property=\"og:image:type\" content=\"image\/jpeg\" \/>\n<meta name=\"author\" content=\"Memurun Sesi Haber Merkezi\" \/>\n<meta name=\"twitter:card\" content=\"summary_large_image\" \/>\n<meta name=\"twitter:creator\" content=\"@unipersen\" \/>\n<meta name=\"twitter:site\" content=\"@unipersen\" \/>\n<meta name=\"twitter:label1\" content=\"Yazan:\" \/>\n\t<meta name=\"twitter:data1\" content=\"Memurun Sesi Haber Merkezi\" \/>\n\t<meta name=\"twitter:label2\" content=\"Tahmini okuma s\u00fcresi\" \/>\n\t<meta name=\"twitter:data2\" content=\"1 dakika\" \/>\n<script type=\"application\/ld+json\" class=\"yoast-schema-graph\">{\"@context\":\"https:\\\/\\\/schema.org\",\"@graph\":[{\"@type\":\"Article\",\"@id\":\"https:\\\/\\\/memurunsesi.net\\\/index.php\\\/2025\\\/06\\\/16\\\/dunya-plaj-voleybolu-pro-turun-alanya-etabi-tamamlandi\\\/#article\",\"isPartOf\":{\"@id\":\"https:\\\/\\\/memurunsesi.net\\\/index.php\\\/2025\\\/06\\\/16\\\/dunya-plaj-voleybolu-pro-turun-alanya-etabi-tamamlandi\\\/\"},\"author\":{\"name\":\"Memurun Sesi Haber Merkezi\",\"@id\":\"https:\\\/\\\/memurunsesi.net\\\/#\\\/schema\\\/person\\\/f21c2d73b89f6ee1d80b0a1803e38587\"},\"headline\":\"D\u00fcnya Plaj Voleybolu Pro Tur&#8217;un Alanya etab\u0131 tamamland\u0131\",\"datePublished\":\"2025-06-16T05:57:11+00:00\",\"mainEntityOfPage\":{\"@id\":\"https:\\\/\\\/memurunsesi.net\\\/index.php\\\/2025\\\/06\\\/16\\\/dunya-plaj-voleybolu-pro-turun-alanya-etabi-tamamlandi\\\/\"},\"wordCount\":405,\"commentCount\":0,\"publisher\":{\"@id\":\"https:\\\/\\\/memurunsesi.net\\\/#organization\"},\"image\":{\"@id\":\"https:\\\/\\\/memurunsesi.net\\\/index.php\\\/2025\\\/06\\\/16\\\/dunya-plaj-voleybolu-pro-turun-alanya-etabi-tamamlandi\\\/#primaryimage\"},\"thumbnailUrl\":\"https:\\\/\\\/memurunsesi.net\\\/wp-content\\\/uploads\\\/2025\\\/06\\\/AW476866_02-scaled.jpg\",\"articleSection\":[\"Spor\"],\"inLanguage\":\"tr\",\"potentialAction\":[{\"@type\":\"CommentAction\",\"name\":\"Comment\",\"target\":[\"https:\\\/\\\/memurunsesi.net\\\/index.php\\\/2025\\\/06\\\/16\\\/dunya-plaj-voleybolu-pro-turun-alanya-etabi-tamamlandi\\\/#respond\"]}]},{\"@type\":\"WebPage\",\"@id\":\"https:\\\/\\\/memurunsesi.net\\\/index.php\\\/2025\\\/06\\\/16\\\/dunya-plaj-voleybolu-pro-turun-alanya-etabi-tamamlandi\\\/\",\"url\":\"https:\\\/\\\/memurunsesi.net\\\/index.php\\\/2025\\\/06\\\/16\\\/dunya-plaj-voleybolu-pro-turun-alanya-etabi-tamamlandi\\\/\",\"name\":\"D\u00fcnya Plaj Voleybolu Pro Tur'un Alanya etab\u0131 tamamland\u0131 - Memurun Sesi\",\"isPartOf\":{\"@id\":\"https:\\\/\\\/memurunsesi.net\\\/#website\"},\"primaryImageOfPage\":{\"@id\":\"https:\\\/\\\/memurunsesi.net\\\/index.php\\\/2025\\\/06\\\/16\\\/dunya-plaj-voleybolu-pro-turun-alanya-etabi-tamamlandi\\\/#primaryimage\"},\"image\":{\"@id\":\"https:\\\/\\\/memurunsesi.net\\\/index.php\\\/2025\\\/06\\\/16\\\/dunya-plaj-voleybolu-pro-turun-alanya-etabi-tamamlandi\\\/#primaryimage\"},\"thumbnailUrl\":\"https:\\\/\\\/memurunsesi.net\\\/wp-content\\\/uploads\\\/2025\\\/06\\\/AW476866_02-scaled.jpg\",\"datePublished\":\"2025-06-16T05:57:11+00:00\",\"breadcrumb\":{\"@id\":\"https:\\\/\\\/memurunsesi.net\\\/index.php\\\/2025\\\/06\\\/16\\\/dunya-plaj-voleybolu-pro-turun-alanya-etabi-tamamlandi\\\/#breadcrumb\"},\"inLanguage\":\"tr\",\"potentialAction\":[{\"@type\":\"ReadAction\",\"target\":[\"https:\\\/\\\/memurunsesi.net\\\/index.php\\\/2025\\\/06\\\/16\\\/dunya-plaj-voleybolu-pro-turun-alanya-etabi-tamamlandi\\\/\"]}]},{\"@type\":\"ImageObject\",\"inLanguage\":\"tr\",\"@id\":\"https:\\\/\\\/memurunsesi.net\\\/index.php\\\/2025\\\/06\\\/16\\\/dunya-plaj-voleybolu-pro-turun-alanya-etabi-tamamlandi\\\/#primaryimage\",\"url\":\"https:\\\/\\\/memurunsesi.net\\\/wp-content\\\/uploads\\\/2025\\\/06\\\/AW476866_02-scaled.jpg\",\"contentUrl\":\"https:\\\/\\\/memurunsesi.net\\\/wp-content\\\/uploads\\\/2025\\\/06\\\/AW476866_02-scaled.jpg\",\"width\":2560,\"height\":1440,\"caption\":\"ALANYA'DA \u0130LK KEZ D\u00dcZENLENEN VE 11-15 HAZ\u0130RAN TAR\u0130HLER\u0130 ARASINDA GER\u00c7EKLE\u015eEN D\u00dcNYA PLAJ VOLEYBOLU PRO TUR'UN ALANYA ETABI BUG\u00dcN TAMAMLANDI. ALANYA BELED\u0130YE BA\u015eKANI OSMAN TARIK \u00d6Z\u00c7EL\u0130K '' TURNUVAYI HATASIZ BA\u015eARAB\u0130LMEN\u0130N GURURUNU YA\u015eIYORUM'' DED\u0130. (RECEP KARCI\\\/ANTALYA-\u0130HA) Alanya'da ilk kez 11-15 Haziran tarihleri aras\u0131nda d\u00fczenlenen D\u00fcnya Plaj Voleybolu Pro Tur'un Alanya etab\u0131 bug\u00fcn tamamland\u0131. Alanya Belediye Ba\u015fkan\u0131 Osman Tar\u0131k \u00d6z\u00e7elik, \\\"Turnuvay\u0131 hatas\u0131z ba\u015farabilmenin gururunu ya\u015f\u0131yorum\\\" dedi.\"},{\"@type\":\"BreadcrumbList\",\"@id\":\"https:\\\/\\\/memurunsesi.net\\\/index.php\\\/2025\\\/06\\\/16\\\/dunya-plaj-voleybolu-pro-turun-alanya-etabi-tamamlandi\\\/#breadcrumb\",\"itemListElement\":[{\"@type\":\"ListItem\",\"position\":1,\"name\":\"Anasayfa\",\"item\":\"https:\\\/\\\/memurunsesi.net\\\/\"},{\"@type\":\"ListItem\",\"position\":2,\"name\":\"D\u00fcnya Plaj Voleybolu Pro Tur&#8217;un Alanya etab\u0131 tamamland\u0131\"}]},{\"@type\":\"WebSite\",\"@id\":\"https:\\\/\\\/memurunsesi.net\\\/#website\",\"url\":\"https:\\\/\\\/memurunsesi.net\\\/\",\"name\":\"Memurun Sesi\",\"description\":\"G\u00fcncel ve Do\u011fru Haber\",\"publisher\":{\"@id\":\"https:\\\/\\\/memurunsesi.net\\\/#organization\"},\"potentialAction\":[{\"@type\":\"SearchAction\",\"target\":{\"@type\":\"EntryPoint\",\"urlTemplate\":\"https:\\\/\\\/memurunsesi.net\\\/?s={search_term_string}\"},\"query-input\":{\"@type\":\"PropertyValueSpecification\",\"valueRequired\":true,\"valueName\":\"search_term_string\"}}],\"inLanguage\":\"tr\"},{\"@type\":\"Organization\",\"@id\":\"https:\\\/\\\/memurunsesi.net\\\/#organization\",\"name\":\"Memurun Sesi\",\"url\":\"https:\\\/\\\/memurunsesi.net\\\/\",\"logo\":{\"@type\":\"ImageObject\",\"inLanguage\":\"tr\",\"@id\":\"https:\\\/\\\/memurunsesi.net\\\/#\\\/schema\\\/logo\\\/image\\\/\",\"url\":\"https:\\\/\\\/memurunsesi.net\\\/wp-content\\\/uploads\\\/2025\\\/11\\\/cropped-MEMURUN-SESI.png\",\"contentUrl\":\"https:\\\/\\\/memurunsesi.net\\\/wp-content\\\/uploads\\\/2025\\\/11\\\/cropped-MEMURUN-SESI.png\",\"width\":238,\"height\":57,\"caption\":\"Memurun Sesi\"},\"image\":{\"@id\":\"https:\\\/\\\/memurunsesi.net\\\/#\\\/schema\\\/logo\\\/image\\\/\"},\"sameAs\":[\"https:\\\/\\\/www.facebook.com\\\/unipersen\\\/?locale=tr_TR\",\"https:\\\/\\\/x.com\\\/unipersen\"]},{\"@type\":\"Person\",\"@id\":\"https:\\\/\\\/memurunsesi.net\\\/#\\\/schema\\\/person\\\/f21c2d73b89f6ee1d80b0a1803e38587\",\"name\":\"Memurun Sesi Haber Merkezi\",\"image\":{\"@type\":\"ImageObject\",\"inLanguage\":\"tr\",\"@id\":\"https:\\\/\\\/secure.gravatar.com\\\/avatar\\\/6cf0505f452ee753f485014986fab09a434671d2b919ee76fc541025c5876a70?s=96&d=mm&r=g\",\"url\":\"https:\\\/\\\/secure.gravatar.com\\\/avatar\\\/6cf0505f452ee753f485014986fab09a434671d2b919ee76fc541025c5876a70?s=96&d=mm&r=g\",\"contentUrl\":\"https:\\\/\\\/secure.gravatar.com\\\/avatar\\\/6cf0505f452ee753f485014986fab09a434671d2b919ee76fc541025c5876a70?s=96&d=mm&r=g\",\"caption\":\"Memurun Sesi Haber Merkezi\"},\"sameAs\":[\"https:\\\/\\\/memurunsesi.net\"],\"url\":\"https:\\\/\\\/memurunsesi.net\\\/index.php\\\/author\\\/uniper\\\/\"}]}<\/script>\n<!-- \/ Yoast SEO plugin. -->","yoast_head_json":{"title":"D\u00fcnya Plaj Voleybolu Pro Tur'un Alanya etab\u0131 tamamland\u0131 - Memurun Sesi","robots":{"index":"index","follow":"follow","max-snippet":"max-snippet:-1","max-image-preview":"max-image-preview:large","max-video-preview":"max-video-preview:-1"},"canonical":"https:\/\/memurunsesi.net\/index.php\/2025\/06\/16\/dunya-plaj-voleybolu-pro-turun-alanya-etabi-tamamlandi\/","og_locale":"tr_TR","og_type":"article","og_title":"D\u00fcnya Plaj Voleybolu Pro Tur'un Alanya etab\u0131 tamamland\u0131 - Memurun Sesi","og_description":"&#8211; Plaj voleybolunda zafer \u0130svi\u00e7re ve \u00c7ekya&#8217;n\u0131n &#8211; Osman Tar\u0131k \u00d6z\u00e7elik: &#8220;Turnuvay\u0131 hatas\u0131z ba\u015farabilmenin gururunu ya\u015f\u0131yorum&#8221; Alanya&#8217;da ilk kez 11-15 Haziran tarihleri aras\u0131nda d\u00fczenlenen D\u00fcnya Plaj Voleybolu Pro Tur&#8217;un Alanya etab\u0131 bug\u00fcn tamamland\u0131. Alanya Belediye Ba\u015fkan\u0131 Osman Tar\u0131k \u00d6z\u00e7elik, &#8220;Turnuvay\u0131 hatas\u0131z ba\u015farabilmenin gururunu ya\u015f\u0131yorum&#8221; dedi. Alanya Belediyesi ve T\u00fcrkiye Voleybol Federasyonu&#8217;nun organize etti\u011fi D\u00fcnya Plaj [&hellip;]","og_url":"https:\/\/memurunsesi.net\/index.php\/2025\/06\/16\/dunya-plaj-voleybolu-pro-turun-alanya-etabi-tamamlandi\/","og_site_name":"Memurun Sesi","article_publisher":"https:\/\/www.facebook.com\/unipersen\/?locale=tr_TR","article_published_time":"2025-06-16T05:57:11+00:00","og_image":[{"width":2560,"height":1440,"url":"https:\/\/memurunsesi.net\/wp-content\/uploads\/2025\/06\/AW476866_02-scaled.jpg","type":"image\/jpeg"}],"author":"Memurun Sesi Haber Merkezi","twitter_card":"summary_large_image","twitter_creator":"@unipersen","twitter_site":"@unipersen","twitter_misc":{"Yazan:":"Memurun Sesi Haber Merkezi","Tahmini okuma s\u00fcresi":"1 dakika"},"schema":{"@context":"https:\/\/schema.org","@graph":[{"@type":"Article","@id":"https:\/\/memurunsesi.net\/index.php\/2025\/06\/16\/dunya-plaj-voleybolu-pro-turun-alanya-etabi-tamamlandi\/#article","isPartOf":{"@id":"https:\/\/memurunsesi.net\/index.php\/2025\/06\/16\/dunya-plaj-voleybolu-pro-turun-alanya-etabi-tamamlandi\/"},"author":{"name":"Memurun Sesi Haber Merkezi","@id":"https:\/\/memurunsesi.net\/#\/schema\/person\/f21c2d73b89f6ee1d80b0a1803e38587"},"headline":"D\u00fcnya Plaj Voleybolu Pro Tur&#8217;un Alanya etab\u0131 tamamland\u0131","datePublished":"2025-06-16T05:57:11+00:00","mainEntityOfPage":{"@id":"https:\/\/memurunsesi.net\/index.php\/2025\/06\/16\/dunya-plaj-voleybolu-pro-turun-alanya-etabi-tamamlandi\/"},"wordCount":405,"commentCount":0,"publisher":{"@id":"https:\/\/memurunsesi.net\/#organization"},"image":{"@id":"https:\/\/memurunsesi.net\/index.php\/2025\/06\/16\/dunya-plaj-voleybolu-pro-turun-alanya-etabi-tamamlandi\/#primaryimage"},"thumbnailUrl":"https:\/\/memurunsesi.net\/wp-content\/uploads\/2025\/06\/AW476866_02-scaled.jpg","articleSection":["Spor"],"inLanguage":"tr","potentialAction":[{"@type":"CommentAction","name":"Comment","target":["https:\/\/memurunsesi.net\/index.php\/2025\/06\/16\/dunya-plaj-voleybolu-pro-turun-alanya-etabi-tamamlandi\/#respond"]}]},{"@type":"WebPage","@id":"https:\/\/memurunsesi.net\/index.php\/2025\/06\/16\/dunya-plaj-voleybolu-pro-turun-alanya-etabi-tamamlandi\/","url":"https:\/\/memurunsesi.net\/index.php\/2025\/06\/16\/dunya-plaj-voleybolu-pro-turun-alanya-etabi-tamamlandi\/","name":"D\u00fcnya Plaj Voleybolu Pro Tur'un Alanya etab\u0131 tamamland\u0131 - Memurun Sesi","isPartOf":{"@id":"https:\/\/memurunsesi.net\/#website"},"primaryImageOfPage":{"@id":"https:\/\/memurunsesi.net\/index.php\/2025\/06\/16\/dunya-plaj-voleybolu-pro-turun-alanya-etabi-tamamlandi\/#primaryimage"},"image":{"@id":"https:\/\/memurunsesi.net\/index.php\/2025\/06\/16\/dunya-plaj-voleybolu-pro-turun-alanya-etabi-tamamlandi\/#primaryimage"},"thumbnailUrl":"https:\/\/memurunsesi.net\/wp-content\/uploads\/2025\/06\/AW476866_02-scaled.jpg","datePublished":"2025-06-16T05:57:11+00:00","breadcrumb":{"@id":"https:\/\/memurunsesi.net\/index.php\/2025\/06\/16\/dunya-plaj-voleybolu-pro-turun-alanya-etabi-tamamlandi\/#breadcrumb"},"inLanguage":"tr","potentialAction":[{"@type":"ReadAction","target":["https:\/\/memurunsesi.net\/index.php\/2025\/06\/16\/dunya-plaj-voleybolu-pro-turun-alanya-etabi-tamamlandi\/"]}]},{"@type":"ImageObject","inLanguage":"tr","@id":"https:\/\/memurunsesi.net\/index.php\/2025\/06\/16\/dunya-plaj-voleybolu-pro-turun-alanya-etabi-tamamlandi\/#primaryimage","url":"https:\/\/memurunsesi.net\/wp-content\/uploads\/2025\/06\/AW476866_02-scaled.jpg","contentUrl":"https:\/\/memurunsesi.net\/wp-content\/uploads\/2025\/06\/AW476866_02-scaled.jpg","width":2560,"height":1440,"caption":"ALANYA'DA \u0130LK KEZ D\u00dcZENLENEN VE 11-15 HAZ\u0130RAN TAR\u0130HLER\u0130 ARASINDA GER\u00c7EKLE\u015eEN D\u00dcNYA PLAJ VOLEYBOLU PRO TUR'UN ALANYA ETABI BUG\u00dcN TAMAMLANDI. ALANYA BELED\u0130YE BA\u015eKANI OSMAN TARIK \u00d6Z\u00c7EL\u0130K '' TURNUVAYI HATASIZ BA\u015eARAB\u0130LMEN\u0130N GURURUNU YA\u015eIYORUM'' DED\u0130. (RECEP KARCI\/ANTALYA-\u0130HA) Alanya'da ilk kez 11-15 Haziran tarihleri aras\u0131nda d\u00fczenlenen D\u00fcnya Plaj Voleybolu Pro Tur'un Alanya etab\u0131 bug\u00fcn tamamland\u0131. Alanya Belediye Ba\u015fkan\u0131 Osman Tar\u0131k \u00d6z\u00e7elik, \"Turnuvay\u0131 hatas\u0131z ba\u015farabilmenin gururunu ya\u015f\u0131yorum\" dedi."},{"@type":"BreadcrumbList","@id":"https:\/\/memurunsesi.net\/index.php\/2025\/06\/16\/dunya-plaj-voleybolu-pro-turun-alanya-etabi-tamamlandi\/#breadcrumb","itemListElement":[{"@type":"ListItem","position":1,"name":"Anasayfa","item":"https:\/\/memurunsesi.net\/"},{"@type":"ListItem","position":2,"name":"D\u00fcnya Plaj Voleybolu Pro Tur&#8217;un Alanya etab\u0131 tamamland\u0131"}]},{"@type":"WebSite","@id":"https:\/\/memurunsesi.net\/#website","url":"https:\/\/memurunsesi.net\/","name":"Memurun Sesi","description":"G\u00fcncel ve Do\u011fru Haber","publisher":{"@id":"https:\/\/memurunsesi.net\/#organization"},"potentialAction":[{"@type":"SearchAction","target":{"@type":"EntryPoint","urlTemplate":"https:\/\/memurunsesi.net\/?s={search_term_string}"},"query-input":{"@type":"PropertyValueSpecification","valueRequired":true,"valueName":"search_term_string"}}],"inLanguage":"tr"},{"@type":"Organization","@id":"https:\/\/memurunsesi.net\/#organization","name":"Memurun Sesi","url":"https:\/\/memurunsesi.net\/","logo":{"@type":"ImageObject","inLanguage":"tr","@id":"https:\/\/memurunsesi.net\/#\/schema\/logo\/image\/","url":"https:\/\/memurunsesi.net\/wp-content\/uploads\/2025\/11\/cropped-MEMURUN-SESI.png","contentUrl":"https:\/\/memurunsesi.net\/wp-content\/uploads\/2025\/11\/cropped-MEMURUN-SESI.png","width":238,"height":57,"caption":"Memurun Sesi"},"image":{"@id":"https:\/\/memurunsesi.net\/#\/schema\/logo\/image\/"},"sameAs":["https:\/\/www.facebook.com\/unipersen\/?locale=tr_TR","https:\/\/x.com\/unipersen"]},{"@type":"Person","@id":"https:\/\/memurunsesi.net\/#\/schema\/person\/f21c2d73b89f6ee1d80b0a1803e38587","name":"Memurun Sesi Haber Merkezi","image":{"@type":"ImageObject","inLanguage":"tr","@id":"https:\/\/secure.gravatar.com\/avatar\/6cf0505f452ee753f485014986fab09a434671d2b919ee76fc541025c5876a70?s=96&d=mm&r=g","url":"https:\/\/secure.gravatar.com\/avatar\/6cf0505f452ee753f485014986fab09a434671d2b919ee76fc541025c5876a70?s=96&d=mm&r=g","contentUrl":"https:\/\/secure.gravatar.com\/avatar\/6cf0505f452ee753f485014986fab09a434671d2b919ee76fc541025c5876a70?s=96&d=mm&r=g","caption":"Memurun Sesi Haber Merkezi"},"sameAs":["https:\/\/memurunsesi.net"],"url":"https:\/\/memurunsesi.net\/index.php\/author\/uniper\/"}]}},"_links":{"self":[{"href":"https:\/\/memurunsesi.net\/index.php\/wp-json\/wp\/v2\/posts\/8115","targetHints":{"allow":["GET"]}}],"collection":[{"href":"https:\/\/memurunsesi.net\/index.php\/wp-json\/wp\/v2\/posts"}],"about":[{"href":"https:\/\/memurunsesi.net\/index.php\/wp-json\/wp\/v2\/types\/post"}],"author":[{"embeddable":true,"href":"https:\/\/memurunsesi.net\/index.php\/wp-json\/wp\/v2\/users\/1"}],"replies":[{"embeddable":true,"href":"https:\/\/memurunsesi.net\/index.php\/wp-json\/wp\/v2\/comments?post=8115"}],"version-history":[{"count":1,"href":"https:\/\/memurunsesi.net\/index.php\/wp-json\/wp\/v2\/posts\/8115\/revisions"}],"predecessor-version":[{"id":8117,"href":"https:\/\/memurunsesi.net\/index.php\/wp-json\/wp\/v2\/posts\/8115\/revisions\/8117"}],"wp:featuredmedia":[{"embeddable":true,"href":"https:\/\/memurunsesi.net\/index.php\/wp-json\/wp\/v2\/media\/8116"}],"wp:attachment":[{"href":"https:\/\/memurunsesi.net\/index.php\/wp-json\/wp\/v2\/media?parent=8115"}],"wp:term":[{"taxonomy":"category","embeddable":true,"href":"https:\/\/memurunsesi.net\/index.php\/wp-json\/wp\/v2\/categories?post=8115"},{"taxonomy":"post_tag","embeddable":true,"href":"https:\/\/memurunsesi.net\/index.php\/wp-json\/wp\/v2\/tags?post=8115"}],"curies":[{"name":"wp","href":"https:\/\/api.w.org\/{rel}","templated":true}]}}