{"id":8221,"date":"2025-06-19T14:52:15","date_gmt":"2025-06-19T11:52:15","guid":{"rendered":"https:\/\/memurunsesi.net\/?p=8221"},"modified":"2025-06-19T14:52:15","modified_gmt":"2025-06-19T11:52:15","slug":"adanada-yangin-sondurme-ucagi-dustu","status":"publish","type":"post","link":"https:\/\/memurunsesi.net\/index.php\/2025\/06\/19\/adanada-yangin-sondurme-ucagi-dustu\/","title":{"rendered":"Adana&#8217;da yang\u0131n s\u00f6nd\u00fcrme u\u00e7a\u011f\u0131 d\u00fc\u015ft\u00fc"},"content":{"rendered":"<p>  Adana&#8217;da yang\u0131n s\u00f6nd\u00fcrme u\u00e7a\u011f\u0131 g\u00f6le d\u00fc\u015ft\u00fc. Pilotun, yang\u0131n s\u00f6nd\u00fcrme helikopteri pilotuna &#8220;U\u00e7a\u011f\u0131m g\u00f6le d\u00fc\u015ft\u00fc, durumu iyi, beni al\u0131n&#8221; mesaj\u0131 att\u0131\u011f\u0131 \u00f6\u011frenildi.<br \/>\nAl\u0131nan bilgiye g\u00f6re, Merkez \u00c7ukurova il\u00e7esi Salba\u015f Mahallesi Fad\u0131l K\u00f6y mevkiinde orman yang\u0131n\u0131 \u00e7\u0131kt\u0131. Dumanlar\u0131 fark edenler durumu 112 Acil Komuta Merkezi&#8217;ne bildirdi. Merkez b\u00f6lgeye ormana ba\u011fl\u0131 ekipleri sevk etti. Araz\u00f6z, su tank\u0131 ve orman i\u015f\u00e7ilerinin sevk edildi\u011fi orman yang\u0131n\u0131n\u0131n b\u00fcy\u00fcmemesi i\u00e7in havadan da takviye sa\u011fland\u0131. B\u00f6lgeye yang\u0131n s\u00f6nd\u00fcrme helikopterinin yan\u0131 s\u0131ra bir adet de yang\u0131n s\u00f6nd\u00fcrme u\u00e7a\u011f\u0131 g\u00f6nderildi.<br \/>\n  Seyhan Baraj G\u00f6l\u00fc&#8217;nden su alan yang\u0131n s\u00f6nd\u00fcrme u\u00e7a\u011f\u0131 hen\u00fcz bilinmeyen bir nedenle d\u00fc\u015ft\u00fc. G\u00f6le d\u00fc\u015fen u\u00e7a\u011f\u0131n pilotunun, yang\u0131n s\u00f6nd\u00fcrme helikopteri pilotuna &#8220;U\u00e7a\u011f\u0131m g\u00f6le d\u00fc\u015ft\u00fc, durumu iyi, beni al\u0131n&#8221; mesaj\u0131 att\u0131\u011f\u0131 \u00f6\u011frenildi.<br \/>\n  B\u00f6lgeye \u00e7ok say\u0131da ekibin sevk edildi\u011fi \u00f6\u011frenildi. <\/p>\n<p>19.06.2025                                <\/p>\n","protected":false},"excerpt":{"rendered":"<p>Adana&#8217;da yang\u0131n s\u00f6nd\u00fcrme u\u00e7a\u011f\u0131 g\u00f6le d\u00fc\u015ft\u00fc. Pilotun, yang\u0131n s\u00f6nd\u00fcrme helikopteri pilotuna &#8220;U\u00e7a\u011f\u0131m g\u00f6le d\u00fc\u015ft\u00fc, durumu iyi, beni al\u0131n&#8221; mesaj\u0131 att\u0131\u011f\u0131 \u00f6\u011frenildi. Al\u0131nan bilgiye g\u00f6re, Merkez \u00c7ukurova il\u00e7esi Salba\u015f Mahallesi Fad\u0131l K\u00f6y mevkiinde orman yang\u0131n\u0131 \u00e7\u0131kt\u0131. Dumanlar\u0131 fark edenler durumu 112 Acil Komuta Merkezi&#8217;ne bildirdi. Merkez b\u00f6lgeye ormana ba\u011fl\u0131 ekipleri sevk etti. Araz\u00f6z, su tank\u0131 ve [&hellip;]<\/p>\n","protected":false},"author":1,"featured_media":8222,"comment_status":"open","ping_status":"open","sticky":false,"template":"","format":"standard","meta":{"footnotes":""},"categories":[1],"tags":[],"class_list":["post-8221","post","type-post","status-publish","format-standard","has-post-thumbnail","hentry","category-genel"],"yoast_head":"<!-- This site is optimized with the Yoast SEO plugin v27.4 - https:\/\/yoast.com\/product\/yoast-seo-wordpress\/ -->\n<title>Adana&#039;da yang\u0131n s\u00f6nd\u00fcrme u\u00e7a\u011f\u0131 d\u00fc\u015ft\u00fc - Memurun Sesi<\/title>\n<meta name=\"robots\" content=\"index, follow, max-snippet:-1, max-image-preview:large, max-video-preview:-1\" \/>\n<link rel=\"canonical\" href=\"https:\/\/memurunsesi.net\/index.php\/2025\/06\/19\/adanada-yangin-sondurme-ucagi-dustu\/\" \/>\n<meta property=\"og:locale\" content=\"tr_TR\" \/>\n<meta property=\"og:type\" content=\"article\" \/>\n<meta property=\"og:title\" content=\"Adana&#039;da yang\u0131n s\u00f6nd\u00fcrme u\u00e7a\u011f\u0131 d\u00fc\u015ft\u00fc - Memurun Sesi\" \/>\n<meta property=\"og:description\" content=\"Adana&#8217;da yang\u0131n s\u00f6nd\u00fcrme u\u00e7a\u011f\u0131 g\u00f6le d\u00fc\u015ft\u00fc. Pilotun, yang\u0131n s\u00f6nd\u00fcrme helikopteri pilotuna &#8220;U\u00e7a\u011f\u0131m g\u00f6le d\u00fc\u015ft\u00fc, durumu iyi, beni al\u0131n&#8221; mesaj\u0131 att\u0131\u011f\u0131 \u00f6\u011frenildi. Al\u0131nan bilgiye g\u00f6re, Merkez \u00c7ukurova il\u00e7esi Salba\u015f Mahallesi Fad\u0131l K\u00f6y mevkiinde orman yang\u0131n\u0131 \u00e7\u0131kt\u0131. Dumanlar\u0131 fark edenler durumu 112 Acil Komuta Merkezi&#8217;ne bildirdi. Merkez b\u00f6lgeye ormana ba\u011fl\u0131 ekipleri sevk etti. Araz\u00f6z, su tank\u0131 ve [&hellip;]\" \/>\n<meta property=\"og:url\" content=\"https:\/\/memurunsesi.net\/index.php\/2025\/06\/19\/adanada-yangin-sondurme-ucagi-dustu\/\" \/>\n<meta property=\"og:site_name\" content=\"Memurun Sesi\" \/>\n<meta property=\"article:publisher\" content=\"https:\/\/www.facebook.com\/unipersen\/?locale=tr_TR\" \/>\n<meta property=\"article:published_time\" content=\"2025-06-19T11:52:15+00:00\" \/>\n<meta property=\"og:image\" content=\"https:\/\/memurunsesi.net\/wp-content\/uploads\/2025\/06\/AW479633_01.jpg\" \/>\n\t<meta property=\"og:image:width\" content=\"926\" \/>\n\t<meta property=\"og:image:height\" content=\"1419\" \/>\n\t<meta property=\"og:image:type\" content=\"image\/jpeg\" \/>\n<meta name=\"author\" content=\"Memurun Sesi Haber Merkezi\" \/>\n<meta name=\"twitter:card\" content=\"summary_large_image\" \/>\n<meta name=\"twitter:creator\" content=\"@unipersen\" \/>\n<meta name=\"twitter:site\" content=\"@unipersen\" \/>\n<meta name=\"twitter:label1\" content=\"Yazan:\" \/>\n\t<meta name=\"twitter:data1\" content=\"Memurun Sesi Haber Merkezi\" \/>\n\t<meta name=\"twitter:label2\" content=\"Tahmini okuma s\u00fcresi\" \/>\n\t<meta name=\"twitter:data2\" content=\"1 dakika\" \/>\n<script type=\"application\/ld+json\" class=\"yoast-schema-graph\">{\"@context\":\"https:\\\/\\\/schema.org\",\"@graph\":[{\"@type\":\"Article\",\"@id\":\"https:\\\/\\\/memurunsesi.net\\\/index.php\\\/2025\\\/06\\\/19\\\/adanada-yangin-sondurme-ucagi-dustu\\\/#article\",\"isPartOf\":{\"@id\":\"https:\\\/\\\/memurunsesi.net\\\/index.php\\\/2025\\\/06\\\/19\\\/adanada-yangin-sondurme-ucagi-dustu\\\/\"},\"author\":{\"name\":\"Memurun Sesi Haber Merkezi\",\"@id\":\"https:\\\/\\\/memurunsesi.net\\\/#\\\/schema\\\/person\\\/f21c2d73b89f6ee1d80b0a1803e38587\"},\"headline\":\"Adana&#8217;da yang\u0131n s\u00f6nd\u00fcrme u\u00e7a\u011f\u0131 d\u00fc\u015ft\u00fc\",\"datePublished\":\"2025-06-19T11:52:15+00:00\",\"mainEntityOfPage\":{\"@id\":\"https:\\\/\\\/memurunsesi.net\\\/index.php\\\/2025\\\/06\\\/19\\\/adanada-yangin-sondurme-ucagi-dustu\\\/\"},\"wordCount\":195,\"commentCount\":0,\"publisher\":{\"@id\":\"https:\\\/\\\/memurunsesi.net\\\/#organization\"},\"image\":{\"@id\":\"https:\\\/\\\/memurunsesi.net\\\/index.php\\\/2025\\\/06\\\/19\\\/adanada-yangin-sondurme-ucagi-dustu\\\/#primaryimage\"},\"thumbnailUrl\":\"https:\\\/\\\/memurunsesi.net\\\/wp-content\\\/uploads\\\/2025\\\/06\\\/AW479633_01.jpg\",\"inLanguage\":\"tr\",\"potentialAction\":[{\"@type\":\"CommentAction\",\"name\":\"Comment\",\"target\":[\"https:\\\/\\\/memurunsesi.net\\\/index.php\\\/2025\\\/06\\\/19\\\/adanada-yangin-sondurme-ucagi-dustu\\\/#respond\"]}]},{\"@type\":\"WebPage\",\"@id\":\"https:\\\/\\\/memurunsesi.net\\\/index.php\\\/2025\\\/06\\\/19\\\/adanada-yangin-sondurme-ucagi-dustu\\\/\",\"url\":\"https:\\\/\\\/memurunsesi.net\\\/index.php\\\/2025\\\/06\\\/19\\\/adanada-yangin-sondurme-ucagi-dustu\\\/\",\"name\":\"Adana'da yang\u0131n s\u00f6nd\u00fcrme u\u00e7a\u011f\u0131 d\u00fc\u015ft\u00fc - Memurun Sesi\",\"isPartOf\":{\"@id\":\"https:\\\/\\\/memurunsesi.net\\\/#website\"},\"primaryImageOfPage\":{\"@id\":\"https:\\\/\\\/memurunsesi.net\\\/index.php\\\/2025\\\/06\\\/19\\\/adanada-yangin-sondurme-ucagi-dustu\\\/#primaryimage\"},\"image\":{\"@id\":\"https:\\\/\\\/memurunsesi.net\\\/index.php\\\/2025\\\/06\\\/19\\\/adanada-yangin-sondurme-ucagi-dustu\\\/#primaryimage\"},\"thumbnailUrl\":\"https:\\\/\\\/memurunsesi.net\\\/wp-content\\\/uploads\\\/2025\\\/06\\\/AW479633_01.jpg\",\"datePublished\":\"2025-06-19T11:52:15+00:00\",\"breadcrumb\":{\"@id\":\"https:\\\/\\\/memurunsesi.net\\\/index.php\\\/2025\\\/06\\\/19\\\/adanada-yangin-sondurme-ucagi-dustu\\\/#breadcrumb\"},\"inLanguage\":\"tr\",\"potentialAction\":[{\"@type\":\"ReadAction\",\"target\":[\"https:\\\/\\\/memurunsesi.net\\\/index.php\\\/2025\\\/06\\\/19\\\/adanada-yangin-sondurme-ucagi-dustu\\\/\"]}]},{\"@type\":\"ImageObject\",\"inLanguage\":\"tr\",\"@id\":\"https:\\\/\\\/memurunsesi.net\\\/index.php\\\/2025\\\/06\\\/19\\\/adanada-yangin-sondurme-ucagi-dustu\\\/#primaryimage\",\"url\":\"https:\\\/\\\/memurunsesi.net\\\/wp-content\\\/uploads\\\/2025\\\/06\\\/AW479633_01.jpg\",\"contentUrl\":\"https:\\\/\\\/memurunsesi.net\\\/wp-content\\\/uploads\\\/2025\\\/06\\\/AW479633_01.jpg\",\"width\":926,\"height\":1419},{\"@type\":\"BreadcrumbList\",\"@id\":\"https:\\\/\\\/memurunsesi.net\\\/index.php\\\/2025\\\/06\\\/19\\\/adanada-yangin-sondurme-ucagi-dustu\\\/#breadcrumb\",\"itemListElement\":[{\"@type\":\"ListItem\",\"position\":1,\"name\":\"Anasayfa\",\"item\":\"https:\\\/\\\/memurunsesi.net\\\/\"},{\"@type\":\"ListItem\",\"position\":2,\"name\":\"Adana&#8217;da yang\u0131n s\u00f6nd\u00fcrme u\u00e7a\u011f\u0131 d\u00fc\u015ft\u00fc\"}]},{\"@type\":\"WebSite\",\"@id\":\"https:\\\/\\\/memurunsesi.net\\\/#website\",\"url\":\"https:\\\/\\\/memurunsesi.net\\\/\",\"name\":\"Memurun Sesi\",\"description\":\"G\u00fcncel ve Do\u011fru Haber\",\"publisher\":{\"@id\":\"https:\\\/\\\/memurunsesi.net\\\/#organization\"},\"potentialAction\":[{\"@type\":\"SearchAction\",\"target\":{\"@type\":\"EntryPoint\",\"urlTemplate\":\"https:\\\/\\\/memurunsesi.net\\\/?s={search_term_string}\"},\"query-input\":{\"@type\":\"PropertyValueSpecification\",\"valueRequired\":true,\"valueName\":\"search_term_string\"}}],\"inLanguage\":\"tr\"},{\"@type\":\"Organization\",\"@id\":\"https:\\\/\\\/memurunsesi.net\\\/#organization\",\"name\":\"Memurun Sesi\",\"url\":\"https:\\\/\\\/memurunsesi.net\\\/\",\"logo\":{\"@type\":\"ImageObject\",\"inLanguage\":\"tr\",\"@id\":\"https:\\\/\\\/memurunsesi.net\\\/#\\\/schema\\\/logo\\\/image\\\/\",\"url\":\"https:\\\/\\\/memurunsesi.net\\\/wp-content\\\/uploads\\\/2025\\\/11\\\/cropped-MEMURUN-SESI.png\",\"contentUrl\":\"https:\\\/\\\/memurunsesi.net\\\/wp-content\\\/uploads\\\/2025\\\/11\\\/cropped-MEMURUN-SESI.png\",\"width\":238,\"height\":57,\"caption\":\"Memurun Sesi\"},\"image\":{\"@id\":\"https:\\\/\\\/memurunsesi.net\\\/#\\\/schema\\\/logo\\\/image\\\/\"},\"sameAs\":[\"https:\\\/\\\/www.facebook.com\\\/unipersen\\\/?locale=tr_TR\",\"https:\\\/\\\/x.com\\\/unipersen\"]},{\"@type\":\"Person\",\"@id\":\"https:\\\/\\\/memurunsesi.net\\\/#\\\/schema\\\/person\\\/f21c2d73b89f6ee1d80b0a1803e38587\",\"name\":\"Memurun Sesi Haber Merkezi\",\"image\":{\"@type\":\"ImageObject\",\"inLanguage\":\"tr\",\"@id\":\"https:\\\/\\\/secure.gravatar.com\\\/avatar\\\/6cf0505f452ee753f485014986fab09a434671d2b919ee76fc541025c5876a70?s=96&d=mm&r=g\",\"url\":\"https:\\\/\\\/secure.gravatar.com\\\/avatar\\\/6cf0505f452ee753f485014986fab09a434671d2b919ee76fc541025c5876a70?s=96&d=mm&r=g\",\"contentUrl\":\"https:\\\/\\\/secure.gravatar.com\\\/avatar\\\/6cf0505f452ee753f485014986fab09a434671d2b919ee76fc541025c5876a70?s=96&d=mm&r=g\",\"caption\":\"Memurun Sesi Haber Merkezi\"},\"sameAs\":[\"https:\\\/\\\/memurunsesi.net\"],\"url\":\"https:\\\/\\\/memurunsesi.net\\\/index.php\\\/author\\\/uniper\\\/\"}]}<\/script>\n<!-- \/ Yoast SEO plugin. -->","yoast_head_json":{"title":"Adana'da yang\u0131n s\u00f6nd\u00fcrme u\u00e7a\u011f\u0131 d\u00fc\u015ft\u00fc - Memurun Sesi","robots":{"index":"index","follow":"follow","max-snippet":"max-snippet:-1","max-image-preview":"max-image-preview:large","max-video-preview":"max-video-preview:-1"},"canonical":"https:\/\/memurunsesi.net\/index.php\/2025\/06\/19\/adanada-yangin-sondurme-ucagi-dustu\/","og_locale":"tr_TR","og_type":"article","og_title":"Adana'da yang\u0131n s\u00f6nd\u00fcrme u\u00e7a\u011f\u0131 d\u00fc\u015ft\u00fc - Memurun Sesi","og_description":"Adana&#8217;da yang\u0131n s\u00f6nd\u00fcrme u\u00e7a\u011f\u0131 g\u00f6le d\u00fc\u015ft\u00fc. Pilotun, yang\u0131n s\u00f6nd\u00fcrme helikopteri pilotuna &#8220;U\u00e7a\u011f\u0131m g\u00f6le d\u00fc\u015ft\u00fc, durumu iyi, beni al\u0131n&#8221; mesaj\u0131 att\u0131\u011f\u0131 \u00f6\u011frenildi. Al\u0131nan bilgiye g\u00f6re, Merkez \u00c7ukurova il\u00e7esi Salba\u015f Mahallesi Fad\u0131l K\u00f6y mevkiinde orman yang\u0131n\u0131 \u00e7\u0131kt\u0131. Dumanlar\u0131 fark edenler durumu 112 Acil Komuta Merkezi&#8217;ne bildirdi. Merkez b\u00f6lgeye ormana ba\u011fl\u0131 ekipleri sevk etti. Araz\u00f6z, su tank\u0131 ve [&hellip;]","og_url":"https:\/\/memurunsesi.net\/index.php\/2025\/06\/19\/adanada-yangin-sondurme-ucagi-dustu\/","og_site_name":"Memurun Sesi","article_publisher":"https:\/\/www.facebook.com\/unipersen\/?locale=tr_TR","article_published_time":"2025-06-19T11:52:15+00:00","og_image":[{"width":926,"height":1419,"url":"https:\/\/memurunsesi.net\/wp-content\/uploads\/2025\/06\/AW479633_01.jpg","type":"image\/jpeg"}],"author":"Memurun Sesi Haber Merkezi","twitter_card":"summary_large_image","twitter_creator":"@unipersen","twitter_site":"@unipersen","twitter_misc":{"Yazan:":"Memurun Sesi Haber Merkezi","Tahmini okuma s\u00fcresi":"1 dakika"},"schema":{"@context":"https:\/\/schema.org","@graph":[{"@type":"Article","@id":"https:\/\/memurunsesi.net\/index.php\/2025\/06\/19\/adanada-yangin-sondurme-ucagi-dustu\/#article","isPartOf":{"@id":"https:\/\/memurunsesi.net\/index.php\/2025\/06\/19\/adanada-yangin-sondurme-ucagi-dustu\/"},"author":{"name":"Memurun Sesi Haber Merkezi","@id":"https:\/\/memurunsesi.net\/#\/schema\/person\/f21c2d73b89f6ee1d80b0a1803e38587"},"headline":"Adana&#8217;da yang\u0131n s\u00f6nd\u00fcrme u\u00e7a\u011f\u0131 d\u00fc\u015ft\u00fc","datePublished":"2025-06-19T11:52:15+00:00","mainEntityOfPage":{"@id":"https:\/\/memurunsesi.net\/index.php\/2025\/06\/19\/adanada-yangin-sondurme-ucagi-dustu\/"},"wordCount":195,"commentCount":0,"publisher":{"@id":"https:\/\/memurunsesi.net\/#organization"},"image":{"@id":"https:\/\/memurunsesi.net\/index.php\/2025\/06\/19\/adanada-yangin-sondurme-ucagi-dustu\/#primaryimage"},"thumbnailUrl":"https:\/\/memurunsesi.net\/wp-content\/uploads\/2025\/06\/AW479633_01.jpg","inLanguage":"tr","potentialAction":[{"@type":"CommentAction","name":"Comment","target":["https:\/\/memurunsesi.net\/index.php\/2025\/06\/19\/adanada-yangin-sondurme-ucagi-dustu\/#respond"]}]},{"@type":"WebPage","@id":"https:\/\/memurunsesi.net\/index.php\/2025\/06\/19\/adanada-yangin-sondurme-ucagi-dustu\/","url":"https:\/\/memurunsesi.net\/index.php\/2025\/06\/19\/adanada-yangin-sondurme-ucagi-dustu\/","name":"Adana'da yang\u0131n s\u00f6nd\u00fcrme u\u00e7a\u011f\u0131 d\u00fc\u015ft\u00fc - Memurun Sesi","isPartOf":{"@id":"https:\/\/memurunsesi.net\/#website"},"primaryImageOfPage":{"@id":"https:\/\/memurunsesi.net\/index.php\/2025\/06\/19\/adanada-yangin-sondurme-ucagi-dustu\/#primaryimage"},"image":{"@id":"https:\/\/memurunsesi.net\/index.php\/2025\/06\/19\/adanada-yangin-sondurme-ucagi-dustu\/#primaryimage"},"thumbnailUrl":"https:\/\/memurunsesi.net\/wp-content\/uploads\/2025\/06\/AW479633_01.jpg","datePublished":"2025-06-19T11:52:15+00:00","breadcrumb":{"@id":"https:\/\/memurunsesi.net\/index.php\/2025\/06\/19\/adanada-yangin-sondurme-ucagi-dustu\/#breadcrumb"},"inLanguage":"tr","potentialAction":[{"@type":"ReadAction","target":["https:\/\/memurunsesi.net\/index.php\/2025\/06\/19\/adanada-yangin-sondurme-ucagi-dustu\/"]}]},{"@type":"ImageObject","inLanguage":"tr","@id":"https:\/\/memurunsesi.net\/index.php\/2025\/06\/19\/adanada-yangin-sondurme-ucagi-dustu\/#primaryimage","url":"https:\/\/memurunsesi.net\/wp-content\/uploads\/2025\/06\/AW479633_01.jpg","contentUrl":"https:\/\/memurunsesi.net\/wp-content\/uploads\/2025\/06\/AW479633_01.jpg","width":926,"height":1419},{"@type":"BreadcrumbList","@id":"https:\/\/memurunsesi.net\/index.php\/2025\/06\/19\/adanada-yangin-sondurme-ucagi-dustu\/#breadcrumb","itemListElement":[{"@type":"ListItem","position":1,"name":"Anasayfa","item":"https:\/\/memurunsesi.net\/"},{"@type":"ListItem","position":2,"name":"Adana&#8217;da yang\u0131n s\u00f6nd\u00fcrme u\u00e7a\u011f\u0131 d\u00fc\u015ft\u00fc"}]},{"@type":"WebSite","@id":"https:\/\/memurunsesi.net\/#website","url":"https:\/\/memurunsesi.net\/","name":"Memurun Sesi","description":"G\u00fcncel ve Do\u011fru Haber","publisher":{"@id":"https:\/\/memurunsesi.net\/#organization"},"potentialAction":[{"@type":"SearchAction","target":{"@type":"EntryPoint","urlTemplate":"https:\/\/memurunsesi.net\/?s={search_term_string}"},"query-input":{"@type":"PropertyValueSpecification","valueRequired":true,"valueName":"search_term_string"}}],"inLanguage":"tr"},{"@type":"Organization","@id":"https:\/\/memurunsesi.net\/#organization","name":"Memurun Sesi","url":"https:\/\/memurunsesi.net\/","logo":{"@type":"ImageObject","inLanguage":"tr","@id":"https:\/\/memurunsesi.net\/#\/schema\/logo\/image\/","url":"https:\/\/memurunsesi.net\/wp-content\/uploads\/2025\/11\/cropped-MEMURUN-SESI.png","contentUrl":"https:\/\/memurunsesi.net\/wp-content\/uploads\/2025\/11\/cropped-MEMURUN-SESI.png","width":238,"height":57,"caption":"Memurun Sesi"},"image":{"@id":"https:\/\/memurunsesi.net\/#\/schema\/logo\/image\/"},"sameAs":["https:\/\/www.facebook.com\/unipersen\/?locale=tr_TR","https:\/\/x.com\/unipersen"]},{"@type":"Person","@id":"https:\/\/memurunsesi.net\/#\/schema\/person\/f21c2d73b89f6ee1d80b0a1803e38587","name":"Memurun Sesi Haber Merkezi","image":{"@type":"ImageObject","inLanguage":"tr","@id":"https:\/\/secure.gravatar.com\/avatar\/6cf0505f452ee753f485014986fab09a434671d2b919ee76fc541025c5876a70?s=96&d=mm&r=g","url":"https:\/\/secure.gravatar.com\/avatar\/6cf0505f452ee753f485014986fab09a434671d2b919ee76fc541025c5876a70?s=96&d=mm&r=g","contentUrl":"https:\/\/secure.gravatar.com\/avatar\/6cf0505f452ee753f485014986fab09a434671d2b919ee76fc541025c5876a70?s=96&d=mm&r=g","caption":"Memurun Sesi Haber Merkezi"},"sameAs":["https:\/\/memurunsesi.net"],"url":"https:\/\/memurunsesi.net\/index.php\/author\/uniper\/"}]}},"_links":{"self":[{"href":"https:\/\/memurunsesi.net\/index.php\/wp-json\/wp\/v2\/posts\/8221","targetHints":{"allow":["GET"]}}],"collection":[{"href":"https:\/\/memurunsesi.net\/index.php\/wp-json\/wp\/v2\/posts"}],"about":[{"href":"https:\/\/memurunsesi.net\/index.php\/wp-json\/wp\/v2\/types\/post"}],"author":[{"embeddable":true,"href":"https:\/\/memurunsesi.net\/index.php\/wp-json\/wp\/v2\/users\/1"}],"replies":[{"embeddable":true,"href":"https:\/\/memurunsesi.net\/index.php\/wp-json\/wp\/v2\/comments?post=8221"}],"version-history":[{"count":1,"href":"https:\/\/memurunsesi.net\/index.php\/wp-json\/wp\/v2\/posts\/8221\/revisions"}],"predecessor-version":[{"id":8223,"href":"https:\/\/memurunsesi.net\/index.php\/wp-json\/wp\/v2\/posts\/8221\/revisions\/8223"}],"wp:featuredmedia":[{"embeddable":true,"href":"https:\/\/memurunsesi.net\/index.php\/wp-json\/wp\/v2\/media\/8222"}],"wp:attachment":[{"href":"https:\/\/memurunsesi.net\/index.php\/wp-json\/wp\/v2\/media?parent=8221"}],"wp:term":[{"taxonomy":"category","embeddable":true,"href":"https:\/\/memurunsesi.net\/index.php\/wp-json\/wp\/v2\/categories?post=8221"},{"taxonomy":"post_tag","embeddable":true,"href":"https:\/\/memurunsesi.net\/index.php\/wp-json\/wp\/v2\/tags?post=8221"}],"curies":[{"name":"wp","href":"https:\/\/api.w.org\/{rel}","templated":true}]}}