{"id":8238,"date":"2025-06-20T08:29:58","date_gmt":"2025-06-20T05:29:58","guid":{"rendered":"https:\/\/memurunsesi.net\/?p=8238"},"modified":"2025-06-20T08:29:58","modified_gmt":"2025-06-20T05:29:58","slug":"tir-surucusu-uyudu-ortalik-savas-alanina-dondu-once-uste-gecide-ardindan-da-agac-ile-2-araca-carpti","status":"publish","type":"post","link":"https:\/\/memurunsesi.net\/index.php\/2025\/06\/20\/tir-surucusu-uyudu-ortalik-savas-alanina-dondu-once-uste-gecide-ardindan-da-agac-ile-2-araca-carpti\/","title":{"rendered":"T\u0131r s\u00fcr\u00fcc\u00fcs\u00fc uyudu, ortal\u0131k sava\u015f alan\u0131na d\u00f6nd\u00fc: \u00d6nce \u00fcste ge\u00e7ide ard\u0131ndan da a\u011fa\u00e7 ile 2 araca \u00e7arpt\u0131"},"content":{"rendered":"<p>   Mersin&#8217;de uyuyan s\u00fcr\u00fcc\u00fcs\u00fcn\u00fcn kontrol\u00fcnden \u00e7\u0131kan t\u0131r, \u00f6nce \u00fcste ge\u00e7ide ard\u0131ndan da bir a\u011fa\u00e7 ile 2 araca \u00e7arparak ortal\u0131\u011f\u0131 sava\u015f alan\u0131na \u00e7evirdi.<br \/>\nKaza, sabaha kar\u015f\u0131 Mersin-Antalya D-400 Karayolu&#8217;nda Erdemli il\u00e7esi Arpa\u00e7bah\u015fi\u015f Mahallesi s\u0131n\u0131rlar\u0131nda meydana geldi. \u0130ddiaya g\u00f6re, H. K. idaresindeki 27 AUK 400 plakal\u0131 t\u0131r, s\u00fcr\u00fcc\u00fcs\u00fcn\u00fcn uyumas\u0131 soncu kontrolden \u00e7\u0131kt\u0131. \u00d6nce \u00fcst ge\u00e7ide \u00e7arpan t\u0131r ard\u0131ndan da  kald\u0131r\u0131mda bir a\u011fac\u0131 devirerek kar\u015f\u0131ya ge\u00e7ip park halindeki otomobil ile hafif ticari araca \u00e7arpt\u0131. S\u00fcr\u00fcc\u00fcs\u00fcn\u00fcn uyan\u0131p manevra yapmas\u0131yla f\u0131r\u0131na girmekten kurtulan t\u0131r, bir evin bah\u00e7e duvar\u0131n\u0131n \u00f6n\u00fcnde durdu.<br \/>\n  Vatanda\u015flar yard\u0131ma ko\u015farken, kazan\u0131n haber verilmesi \u00fczerine b\u00f6lgeye jandarma, itfaiye ve sa\u011fl\u0131k ekipleri sevk edildi. Yaralanan\u0131n olmad\u0131\u011f\u0131 kaza da s\u00fcr\u00fcc\u00fc, tedbir ama\u00e7l\u0131 sa\u011fl\u0131k ekipleri taraf\u0131ndan ambulansta kontrol edildi.<br \/>\n  Kaza ile ilgili soru\u015fturma s\u00fcr\u00fcyor. <\/p>\n<p>20.06.2025                             <\/p>\n","protected":false},"excerpt":{"rendered":"<p>Mersin&#8217;de uyuyan s\u00fcr\u00fcc\u00fcs\u00fcn\u00fcn kontrol\u00fcnden \u00e7\u0131kan t\u0131r, \u00f6nce \u00fcste ge\u00e7ide ard\u0131ndan da bir a\u011fa\u00e7 ile 2 araca \u00e7arparak ortal\u0131\u011f\u0131 sava\u015f alan\u0131na \u00e7evirdi. Kaza, sabaha kar\u015f\u0131 Mersin-Antalya D-400 Karayolu&#8217;nda Erdemli il\u00e7esi Arpa\u00e7bah\u015fi\u015f Mahallesi s\u0131n\u0131rlar\u0131nda meydana geldi. \u0130ddiaya g\u00f6re, H. K. idaresindeki 27 AUK 400 plakal\u0131 t\u0131r, s\u00fcr\u00fcc\u00fcs\u00fcn\u00fcn uyumas\u0131 soncu kontrolden \u00e7\u0131kt\u0131. \u00d6nce \u00fcst ge\u00e7ide \u00e7arpan t\u0131r ard\u0131ndan [&hellip;]<\/p>\n","protected":false},"author":1,"featured_media":8239,"comment_status":"open","ping_status":"open","sticky":false,"template":"","format":"standard","meta":{"footnotes":""},"categories":[50],"tags":[],"class_list":["post-8238","post","type-post","status-publish","format-standard","has-post-thumbnail","hentry","category-tum-haberler"],"yoast_head":"<!-- This site is optimized with the Yoast SEO plugin v27.4 - https:\/\/yoast.com\/product\/yoast-seo-wordpress\/ -->\n<title>T\u0131r s\u00fcr\u00fcc\u00fcs\u00fc uyudu, ortal\u0131k sava\u015f alan\u0131na d\u00f6nd\u00fc: \u00d6nce \u00fcste ge\u00e7ide ard\u0131ndan da a\u011fa\u00e7 ile 2 araca \u00e7arpt\u0131 - Memurun Sesi<\/title>\n<meta name=\"robots\" content=\"index, follow, max-snippet:-1, max-image-preview:large, max-video-preview:-1\" \/>\n<link rel=\"canonical\" href=\"https:\/\/memurunsesi.net\/index.php\/2025\/06\/20\/tir-surucusu-uyudu-ortalik-savas-alanina-dondu-once-uste-gecide-ardindan-da-agac-ile-2-araca-carpti\/\" \/>\n<meta property=\"og:locale\" content=\"tr_TR\" \/>\n<meta property=\"og:type\" content=\"article\" \/>\n<meta property=\"og:title\" content=\"T\u0131r s\u00fcr\u00fcc\u00fcs\u00fc uyudu, ortal\u0131k sava\u015f alan\u0131na d\u00f6nd\u00fc: \u00d6nce \u00fcste ge\u00e7ide ard\u0131ndan da a\u011fa\u00e7 ile 2 araca \u00e7arpt\u0131 - Memurun Sesi\" \/>\n<meta property=\"og:description\" content=\"Mersin&#8217;de uyuyan s\u00fcr\u00fcc\u00fcs\u00fcn\u00fcn kontrol\u00fcnden \u00e7\u0131kan t\u0131r, \u00f6nce \u00fcste ge\u00e7ide ard\u0131ndan da bir a\u011fa\u00e7 ile 2 araca \u00e7arparak ortal\u0131\u011f\u0131 sava\u015f alan\u0131na \u00e7evirdi. Kaza, sabaha kar\u015f\u0131 Mersin-Antalya D-400 Karayolu&#8217;nda Erdemli il\u00e7esi Arpa\u00e7bah\u015fi\u015f Mahallesi s\u0131n\u0131rlar\u0131nda meydana geldi. \u0130ddiaya g\u00f6re, H. K. idaresindeki 27 AUK 400 plakal\u0131 t\u0131r, s\u00fcr\u00fcc\u00fcs\u00fcn\u00fcn uyumas\u0131 soncu kontrolden \u00e7\u0131kt\u0131. \u00d6nce \u00fcst ge\u00e7ide \u00e7arpan t\u0131r ard\u0131ndan [&hellip;]\" \/>\n<meta property=\"og:url\" content=\"https:\/\/memurunsesi.net\/index.php\/2025\/06\/20\/tir-surucusu-uyudu-ortalik-savas-alanina-dondu-once-uste-gecide-ardindan-da-agac-ile-2-araca-carpti\/\" \/>\n<meta property=\"og:site_name\" content=\"Memurun Sesi\" \/>\n<meta property=\"article:publisher\" content=\"https:\/\/www.facebook.com\/unipersen\/?locale=tr_TR\" \/>\n<meta property=\"article:published_time\" content=\"2025-06-20T05:29:58+00:00\" \/>\n<meta property=\"og:image\" content=\"https:\/\/memurunsesi.net\/wp-content\/uploads\/2025\/06\/AW479939_03.jpg\" \/>\n\t<meta property=\"og:image:width\" content=\"1600\" \/>\n\t<meta property=\"og:image:height\" content=\"1600\" \/>\n\t<meta property=\"og:image:type\" content=\"image\/jpeg\" \/>\n<meta name=\"author\" content=\"Memurun Sesi Haber Merkezi\" \/>\n<meta name=\"twitter:card\" content=\"summary_large_image\" \/>\n<meta name=\"twitter:creator\" content=\"@unipersen\" \/>\n<meta name=\"twitter:site\" content=\"@unipersen\" \/>\n<meta name=\"twitter:label1\" content=\"Yazan:\" \/>\n\t<meta name=\"twitter:data1\" content=\"Memurun Sesi Haber Merkezi\" \/>\n\t<meta name=\"twitter:label2\" content=\"Tahmini okuma s\u00fcresi\" \/>\n\t<meta name=\"twitter:data2\" content=\"1 dakika\" \/>\n<script type=\"application\/ld+json\" class=\"yoast-schema-graph\">{\"@context\":\"https:\\\/\\\/schema.org\",\"@graph\":[{\"@type\":\"Article\",\"@id\":\"https:\\\/\\\/memurunsesi.net\\\/index.php\\\/2025\\\/06\\\/20\\\/tir-surucusu-uyudu-ortalik-savas-alanina-dondu-once-uste-gecide-ardindan-da-agac-ile-2-araca-carpti\\\/#article\",\"isPartOf\":{\"@id\":\"https:\\\/\\\/memurunsesi.net\\\/index.php\\\/2025\\\/06\\\/20\\\/tir-surucusu-uyudu-ortalik-savas-alanina-dondu-once-uste-gecide-ardindan-da-agac-ile-2-araca-carpti\\\/\"},\"author\":{\"name\":\"Memurun Sesi Haber Merkezi\",\"@id\":\"https:\\\/\\\/memurunsesi.net\\\/#\\\/schema\\\/person\\\/f21c2d73b89f6ee1d80b0a1803e38587\"},\"headline\":\"T\u0131r s\u00fcr\u00fcc\u00fcs\u00fc uyudu, ortal\u0131k sava\u015f alan\u0131na d\u00f6nd\u00fc: \u00d6nce \u00fcste ge\u00e7ide ard\u0131ndan da a\u011fa\u00e7 ile 2 araca \u00e7arpt\u0131\",\"datePublished\":\"2025-06-20T05:29:58+00:00\",\"mainEntityOfPage\":{\"@id\":\"https:\\\/\\\/memurunsesi.net\\\/index.php\\\/2025\\\/06\\\/20\\\/tir-surucusu-uyudu-ortalik-savas-alanina-dondu-once-uste-gecide-ardindan-da-agac-ile-2-araca-carpti\\\/\"},\"wordCount\":205,\"commentCount\":0,\"publisher\":{\"@id\":\"https:\\\/\\\/memurunsesi.net\\\/#organization\"},\"image\":{\"@id\":\"https:\\\/\\\/memurunsesi.net\\\/index.php\\\/2025\\\/06\\\/20\\\/tir-surucusu-uyudu-ortalik-savas-alanina-dondu-once-uste-gecide-ardindan-da-agac-ile-2-araca-carpti\\\/#primaryimage\"},\"thumbnailUrl\":\"https:\\\/\\\/memurunsesi.net\\\/wp-content\\\/uploads\\\/2025\\\/06\\\/AW479939_03.jpg\",\"articleSection\":[\"T\u00fcm Haberler\"],\"inLanguage\":\"tr\",\"potentialAction\":[{\"@type\":\"CommentAction\",\"name\":\"Comment\",\"target\":[\"https:\\\/\\\/memurunsesi.net\\\/index.php\\\/2025\\\/06\\\/20\\\/tir-surucusu-uyudu-ortalik-savas-alanina-dondu-once-uste-gecide-ardindan-da-agac-ile-2-araca-carpti\\\/#respond\"]}]},{\"@type\":\"WebPage\",\"@id\":\"https:\\\/\\\/memurunsesi.net\\\/index.php\\\/2025\\\/06\\\/20\\\/tir-surucusu-uyudu-ortalik-savas-alanina-dondu-once-uste-gecide-ardindan-da-agac-ile-2-araca-carpti\\\/\",\"url\":\"https:\\\/\\\/memurunsesi.net\\\/index.php\\\/2025\\\/06\\\/20\\\/tir-surucusu-uyudu-ortalik-savas-alanina-dondu-once-uste-gecide-ardindan-da-agac-ile-2-araca-carpti\\\/\",\"name\":\"T\u0131r s\u00fcr\u00fcc\u00fcs\u00fc uyudu, ortal\u0131k sava\u015f alan\u0131na d\u00f6nd\u00fc: \u00d6nce \u00fcste ge\u00e7ide ard\u0131ndan da a\u011fa\u00e7 ile 2 araca \u00e7arpt\u0131 - Memurun Sesi\",\"isPartOf\":{\"@id\":\"https:\\\/\\\/memurunsesi.net\\\/#website\"},\"primaryImageOfPage\":{\"@id\":\"https:\\\/\\\/memurunsesi.net\\\/index.php\\\/2025\\\/06\\\/20\\\/tir-surucusu-uyudu-ortalik-savas-alanina-dondu-once-uste-gecide-ardindan-da-agac-ile-2-araca-carpti\\\/#primaryimage\"},\"image\":{\"@id\":\"https:\\\/\\\/memurunsesi.net\\\/index.php\\\/2025\\\/06\\\/20\\\/tir-surucusu-uyudu-ortalik-savas-alanina-dondu-once-uste-gecide-ardindan-da-agac-ile-2-araca-carpti\\\/#primaryimage\"},\"thumbnailUrl\":\"https:\\\/\\\/memurunsesi.net\\\/wp-content\\\/uploads\\\/2025\\\/06\\\/AW479939_03.jpg\",\"datePublished\":\"2025-06-20T05:29:58+00:00\",\"breadcrumb\":{\"@id\":\"https:\\\/\\\/memurunsesi.net\\\/index.php\\\/2025\\\/06\\\/20\\\/tir-surucusu-uyudu-ortalik-savas-alanina-dondu-once-uste-gecide-ardindan-da-agac-ile-2-araca-carpti\\\/#breadcrumb\"},\"inLanguage\":\"tr\",\"potentialAction\":[{\"@type\":\"ReadAction\",\"target\":[\"https:\\\/\\\/memurunsesi.net\\\/index.php\\\/2025\\\/06\\\/20\\\/tir-surucusu-uyudu-ortalik-savas-alanina-dondu-once-uste-gecide-ardindan-da-agac-ile-2-araca-carpti\\\/\"]}]},{\"@type\":\"ImageObject\",\"inLanguage\":\"tr\",\"@id\":\"https:\\\/\\\/memurunsesi.net\\\/index.php\\\/2025\\\/06\\\/20\\\/tir-surucusu-uyudu-ortalik-savas-alanina-dondu-once-uste-gecide-ardindan-da-agac-ile-2-araca-carpti\\\/#primaryimage\",\"url\":\"https:\\\/\\\/memurunsesi.net\\\/wp-content\\\/uploads\\\/2025\\\/06\\\/AW479939_03.jpg\",\"contentUrl\":\"https:\\\/\\\/memurunsesi.net\\\/wp-content\\\/uploads\\\/2025\\\/06\\\/AW479939_03.jpg\",\"width\":1600,\"height\":1600,\"caption\":\"MERS\u0130N'DE UYUYAN S\u00dcR\u00dcC\u00dcS\u00dcN\u00dcN KONTROL\u00dcNDEN \u00c7IKAN TIR, \u00d6NCE \u00dcSTE GE\u00c7\u0130DE ARDINDAN DA B\u0130R A\u011eA\u00c7 \u0130LE 2 ARACA \u00c7ARPARAK ORTALI\u011eI SAVA\u015e ALANINA \u00c7EV\u0130RD\u0130. (\u0130HA\\\/MERS\u0130N-\u0130HA) Mersin'de uyuyan s\u00fcr\u00fcc\u00fcs\u00fcn\u00fcn kontrol\u00fcnden \u00e7\u0131kan t\u0131r, \u00f6nce \u00fcste ge\u00e7ide ard\u0131ndan da bir a\u011fa\u00e7 ile 2 araca \u00e7arparak ortal\u0131\u011f\u0131 sava\u015f alan\u0131na \u00e7evirdi.\"},{\"@type\":\"BreadcrumbList\",\"@id\":\"https:\\\/\\\/memurunsesi.net\\\/index.php\\\/2025\\\/06\\\/20\\\/tir-surucusu-uyudu-ortalik-savas-alanina-dondu-once-uste-gecide-ardindan-da-agac-ile-2-araca-carpti\\\/#breadcrumb\",\"itemListElement\":[{\"@type\":\"ListItem\",\"position\":1,\"name\":\"Anasayfa\",\"item\":\"https:\\\/\\\/memurunsesi.net\\\/\"},{\"@type\":\"ListItem\",\"position\":2,\"name\":\"T\u0131r s\u00fcr\u00fcc\u00fcs\u00fc uyudu, ortal\u0131k sava\u015f alan\u0131na d\u00f6nd\u00fc: \u00d6nce \u00fcste ge\u00e7ide ard\u0131ndan da a\u011fa\u00e7 ile 2 araca \u00e7arpt\u0131\"}]},{\"@type\":\"WebSite\",\"@id\":\"https:\\\/\\\/memurunsesi.net\\\/#website\",\"url\":\"https:\\\/\\\/memurunsesi.net\\\/\",\"name\":\"Memurun Sesi\",\"description\":\"G\u00fcncel ve Do\u011fru Haber\",\"publisher\":{\"@id\":\"https:\\\/\\\/memurunsesi.net\\\/#organization\"},\"potentialAction\":[{\"@type\":\"SearchAction\",\"target\":{\"@type\":\"EntryPoint\",\"urlTemplate\":\"https:\\\/\\\/memurunsesi.net\\\/?s={search_term_string}\"},\"query-input\":{\"@type\":\"PropertyValueSpecification\",\"valueRequired\":true,\"valueName\":\"search_term_string\"}}],\"inLanguage\":\"tr\"},{\"@type\":\"Organization\",\"@id\":\"https:\\\/\\\/memurunsesi.net\\\/#organization\",\"name\":\"Memurun Sesi\",\"url\":\"https:\\\/\\\/memurunsesi.net\\\/\",\"logo\":{\"@type\":\"ImageObject\",\"inLanguage\":\"tr\",\"@id\":\"https:\\\/\\\/memurunsesi.net\\\/#\\\/schema\\\/logo\\\/image\\\/\",\"url\":\"https:\\\/\\\/memurunsesi.net\\\/wp-content\\\/uploads\\\/2025\\\/11\\\/cropped-MEMURUN-SESI.png\",\"contentUrl\":\"https:\\\/\\\/memurunsesi.net\\\/wp-content\\\/uploads\\\/2025\\\/11\\\/cropped-MEMURUN-SESI.png\",\"width\":238,\"height\":57,\"caption\":\"Memurun Sesi\"},\"image\":{\"@id\":\"https:\\\/\\\/memurunsesi.net\\\/#\\\/schema\\\/logo\\\/image\\\/\"},\"sameAs\":[\"https:\\\/\\\/www.facebook.com\\\/unipersen\\\/?locale=tr_TR\",\"https:\\\/\\\/x.com\\\/unipersen\"]},{\"@type\":\"Person\",\"@id\":\"https:\\\/\\\/memurunsesi.net\\\/#\\\/schema\\\/person\\\/f21c2d73b89f6ee1d80b0a1803e38587\",\"name\":\"Memurun Sesi Haber Merkezi\",\"image\":{\"@type\":\"ImageObject\",\"inLanguage\":\"tr\",\"@id\":\"https:\\\/\\\/secure.gravatar.com\\\/avatar\\\/6cf0505f452ee753f485014986fab09a434671d2b919ee76fc541025c5876a70?s=96&d=mm&r=g\",\"url\":\"https:\\\/\\\/secure.gravatar.com\\\/avatar\\\/6cf0505f452ee753f485014986fab09a434671d2b919ee76fc541025c5876a70?s=96&d=mm&r=g\",\"contentUrl\":\"https:\\\/\\\/secure.gravatar.com\\\/avatar\\\/6cf0505f452ee753f485014986fab09a434671d2b919ee76fc541025c5876a70?s=96&d=mm&r=g\",\"caption\":\"Memurun Sesi Haber Merkezi\"},\"sameAs\":[\"https:\\\/\\\/memurunsesi.net\"],\"url\":\"https:\\\/\\\/memurunsesi.net\\\/index.php\\\/author\\\/uniper\\\/\"}]}<\/script>\n<!-- \/ Yoast SEO plugin. -->","yoast_head_json":{"title":"T\u0131r s\u00fcr\u00fcc\u00fcs\u00fc uyudu, ortal\u0131k sava\u015f alan\u0131na d\u00f6nd\u00fc: \u00d6nce \u00fcste ge\u00e7ide ard\u0131ndan da a\u011fa\u00e7 ile 2 araca \u00e7arpt\u0131 - Memurun Sesi","robots":{"index":"index","follow":"follow","max-snippet":"max-snippet:-1","max-image-preview":"max-image-preview:large","max-video-preview":"max-video-preview:-1"},"canonical":"https:\/\/memurunsesi.net\/index.php\/2025\/06\/20\/tir-surucusu-uyudu-ortalik-savas-alanina-dondu-once-uste-gecide-ardindan-da-agac-ile-2-araca-carpti\/","og_locale":"tr_TR","og_type":"article","og_title":"T\u0131r s\u00fcr\u00fcc\u00fcs\u00fc uyudu, ortal\u0131k sava\u015f alan\u0131na d\u00f6nd\u00fc: \u00d6nce \u00fcste ge\u00e7ide ard\u0131ndan da a\u011fa\u00e7 ile 2 araca \u00e7arpt\u0131 - Memurun Sesi","og_description":"Mersin&#8217;de uyuyan s\u00fcr\u00fcc\u00fcs\u00fcn\u00fcn kontrol\u00fcnden \u00e7\u0131kan t\u0131r, \u00f6nce \u00fcste ge\u00e7ide ard\u0131ndan da bir a\u011fa\u00e7 ile 2 araca \u00e7arparak ortal\u0131\u011f\u0131 sava\u015f alan\u0131na \u00e7evirdi. Kaza, sabaha kar\u015f\u0131 Mersin-Antalya D-400 Karayolu&#8217;nda Erdemli il\u00e7esi Arpa\u00e7bah\u015fi\u015f Mahallesi s\u0131n\u0131rlar\u0131nda meydana geldi. \u0130ddiaya g\u00f6re, H. K. idaresindeki 27 AUK 400 plakal\u0131 t\u0131r, s\u00fcr\u00fcc\u00fcs\u00fcn\u00fcn uyumas\u0131 soncu kontrolden \u00e7\u0131kt\u0131. \u00d6nce \u00fcst ge\u00e7ide \u00e7arpan t\u0131r ard\u0131ndan [&hellip;]","og_url":"https:\/\/memurunsesi.net\/index.php\/2025\/06\/20\/tir-surucusu-uyudu-ortalik-savas-alanina-dondu-once-uste-gecide-ardindan-da-agac-ile-2-araca-carpti\/","og_site_name":"Memurun Sesi","article_publisher":"https:\/\/www.facebook.com\/unipersen\/?locale=tr_TR","article_published_time":"2025-06-20T05:29:58+00:00","og_image":[{"width":1600,"height":1600,"url":"https:\/\/memurunsesi.net\/wp-content\/uploads\/2025\/06\/AW479939_03.jpg","type":"image\/jpeg"}],"author":"Memurun Sesi Haber Merkezi","twitter_card":"summary_large_image","twitter_creator":"@unipersen","twitter_site":"@unipersen","twitter_misc":{"Yazan:":"Memurun Sesi Haber Merkezi","Tahmini okuma s\u00fcresi":"1 dakika"},"schema":{"@context":"https:\/\/schema.org","@graph":[{"@type":"Article","@id":"https:\/\/memurunsesi.net\/index.php\/2025\/06\/20\/tir-surucusu-uyudu-ortalik-savas-alanina-dondu-once-uste-gecide-ardindan-da-agac-ile-2-araca-carpti\/#article","isPartOf":{"@id":"https:\/\/memurunsesi.net\/index.php\/2025\/06\/20\/tir-surucusu-uyudu-ortalik-savas-alanina-dondu-once-uste-gecide-ardindan-da-agac-ile-2-araca-carpti\/"},"author":{"name":"Memurun Sesi Haber Merkezi","@id":"https:\/\/memurunsesi.net\/#\/schema\/person\/f21c2d73b89f6ee1d80b0a1803e38587"},"headline":"T\u0131r s\u00fcr\u00fcc\u00fcs\u00fc uyudu, ortal\u0131k sava\u015f alan\u0131na d\u00f6nd\u00fc: \u00d6nce \u00fcste ge\u00e7ide ard\u0131ndan da a\u011fa\u00e7 ile 2 araca \u00e7arpt\u0131","datePublished":"2025-06-20T05:29:58+00:00","mainEntityOfPage":{"@id":"https:\/\/memurunsesi.net\/index.php\/2025\/06\/20\/tir-surucusu-uyudu-ortalik-savas-alanina-dondu-once-uste-gecide-ardindan-da-agac-ile-2-araca-carpti\/"},"wordCount":205,"commentCount":0,"publisher":{"@id":"https:\/\/memurunsesi.net\/#organization"},"image":{"@id":"https:\/\/memurunsesi.net\/index.php\/2025\/06\/20\/tir-surucusu-uyudu-ortalik-savas-alanina-dondu-once-uste-gecide-ardindan-da-agac-ile-2-araca-carpti\/#primaryimage"},"thumbnailUrl":"https:\/\/memurunsesi.net\/wp-content\/uploads\/2025\/06\/AW479939_03.jpg","articleSection":["T\u00fcm Haberler"],"inLanguage":"tr","potentialAction":[{"@type":"CommentAction","name":"Comment","target":["https:\/\/memurunsesi.net\/index.php\/2025\/06\/20\/tir-surucusu-uyudu-ortalik-savas-alanina-dondu-once-uste-gecide-ardindan-da-agac-ile-2-araca-carpti\/#respond"]}]},{"@type":"WebPage","@id":"https:\/\/memurunsesi.net\/index.php\/2025\/06\/20\/tir-surucusu-uyudu-ortalik-savas-alanina-dondu-once-uste-gecide-ardindan-da-agac-ile-2-araca-carpti\/","url":"https:\/\/memurunsesi.net\/index.php\/2025\/06\/20\/tir-surucusu-uyudu-ortalik-savas-alanina-dondu-once-uste-gecide-ardindan-da-agac-ile-2-araca-carpti\/","name":"T\u0131r s\u00fcr\u00fcc\u00fcs\u00fc uyudu, ortal\u0131k sava\u015f alan\u0131na d\u00f6nd\u00fc: \u00d6nce \u00fcste ge\u00e7ide ard\u0131ndan da a\u011fa\u00e7 ile 2 araca \u00e7arpt\u0131 - Memurun Sesi","isPartOf":{"@id":"https:\/\/memurunsesi.net\/#website"},"primaryImageOfPage":{"@id":"https:\/\/memurunsesi.net\/index.php\/2025\/06\/20\/tir-surucusu-uyudu-ortalik-savas-alanina-dondu-once-uste-gecide-ardindan-da-agac-ile-2-araca-carpti\/#primaryimage"},"image":{"@id":"https:\/\/memurunsesi.net\/index.php\/2025\/06\/20\/tir-surucusu-uyudu-ortalik-savas-alanina-dondu-once-uste-gecide-ardindan-da-agac-ile-2-araca-carpti\/#primaryimage"},"thumbnailUrl":"https:\/\/memurunsesi.net\/wp-content\/uploads\/2025\/06\/AW479939_03.jpg","datePublished":"2025-06-20T05:29:58+00:00","breadcrumb":{"@id":"https:\/\/memurunsesi.net\/index.php\/2025\/06\/20\/tir-surucusu-uyudu-ortalik-savas-alanina-dondu-once-uste-gecide-ardindan-da-agac-ile-2-araca-carpti\/#breadcrumb"},"inLanguage":"tr","potentialAction":[{"@type":"ReadAction","target":["https:\/\/memurunsesi.net\/index.php\/2025\/06\/20\/tir-surucusu-uyudu-ortalik-savas-alanina-dondu-once-uste-gecide-ardindan-da-agac-ile-2-araca-carpti\/"]}]},{"@type":"ImageObject","inLanguage":"tr","@id":"https:\/\/memurunsesi.net\/index.php\/2025\/06\/20\/tir-surucusu-uyudu-ortalik-savas-alanina-dondu-once-uste-gecide-ardindan-da-agac-ile-2-araca-carpti\/#primaryimage","url":"https:\/\/memurunsesi.net\/wp-content\/uploads\/2025\/06\/AW479939_03.jpg","contentUrl":"https:\/\/memurunsesi.net\/wp-content\/uploads\/2025\/06\/AW479939_03.jpg","width":1600,"height":1600,"caption":"MERS\u0130N'DE UYUYAN S\u00dcR\u00dcC\u00dcS\u00dcN\u00dcN KONTROL\u00dcNDEN \u00c7IKAN TIR, \u00d6NCE \u00dcSTE GE\u00c7\u0130DE ARDINDAN DA B\u0130R A\u011eA\u00c7 \u0130LE 2 ARACA \u00c7ARPARAK ORTALI\u011eI SAVA\u015e ALANINA \u00c7EV\u0130RD\u0130. (\u0130HA\/MERS\u0130N-\u0130HA) Mersin'de uyuyan s\u00fcr\u00fcc\u00fcs\u00fcn\u00fcn kontrol\u00fcnden \u00e7\u0131kan t\u0131r, \u00f6nce \u00fcste ge\u00e7ide ard\u0131ndan da bir a\u011fa\u00e7 ile 2 araca \u00e7arparak ortal\u0131\u011f\u0131 sava\u015f alan\u0131na \u00e7evirdi."},{"@type":"BreadcrumbList","@id":"https:\/\/memurunsesi.net\/index.php\/2025\/06\/20\/tir-surucusu-uyudu-ortalik-savas-alanina-dondu-once-uste-gecide-ardindan-da-agac-ile-2-araca-carpti\/#breadcrumb","itemListElement":[{"@type":"ListItem","position":1,"name":"Anasayfa","item":"https:\/\/memurunsesi.net\/"},{"@type":"ListItem","position":2,"name":"T\u0131r s\u00fcr\u00fcc\u00fcs\u00fc uyudu, ortal\u0131k sava\u015f alan\u0131na d\u00f6nd\u00fc: \u00d6nce \u00fcste ge\u00e7ide ard\u0131ndan da a\u011fa\u00e7 ile 2 araca \u00e7arpt\u0131"}]},{"@type":"WebSite","@id":"https:\/\/memurunsesi.net\/#website","url":"https:\/\/memurunsesi.net\/","name":"Memurun Sesi","description":"G\u00fcncel ve Do\u011fru Haber","publisher":{"@id":"https:\/\/memurunsesi.net\/#organization"},"potentialAction":[{"@type":"SearchAction","target":{"@type":"EntryPoint","urlTemplate":"https:\/\/memurunsesi.net\/?s={search_term_string}"},"query-input":{"@type":"PropertyValueSpecification","valueRequired":true,"valueName":"search_term_string"}}],"inLanguage":"tr"},{"@type":"Organization","@id":"https:\/\/memurunsesi.net\/#organization","name":"Memurun Sesi","url":"https:\/\/memurunsesi.net\/","logo":{"@type":"ImageObject","inLanguage":"tr","@id":"https:\/\/memurunsesi.net\/#\/schema\/logo\/image\/","url":"https:\/\/memurunsesi.net\/wp-content\/uploads\/2025\/11\/cropped-MEMURUN-SESI.png","contentUrl":"https:\/\/memurunsesi.net\/wp-content\/uploads\/2025\/11\/cropped-MEMURUN-SESI.png","width":238,"height":57,"caption":"Memurun Sesi"},"image":{"@id":"https:\/\/memurunsesi.net\/#\/schema\/logo\/image\/"},"sameAs":["https:\/\/www.facebook.com\/unipersen\/?locale=tr_TR","https:\/\/x.com\/unipersen"]},{"@type":"Person","@id":"https:\/\/memurunsesi.net\/#\/schema\/person\/f21c2d73b89f6ee1d80b0a1803e38587","name":"Memurun Sesi Haber Merkezi","image":{"@type":"ImageObject","inLanguage":"tr","@id":"https:\/\/secure.gravatar.com\/avatar\/6cf0505f452ee753f485014986fab09a434671d2b919ee76fc541025c5876a70?s=96&d=mm&r=g","url":"https:\/\/secure.gravatar.com\/avatar\/6cf0505f452ee753f485014986fab09a434671d2b919ee76fc541025c5876a70?s=96&d=mm&r=g","contentUrl":"https:\/\/secure.gravatar.com\/avatar\/6cf0505f452ee753f485014986fab09a434671d2b919ee76fc541025c5876a70?s=96&d=mm&r=g","caption":"Memurun Sesi Haber Merkezi"},"sameAs":["https:\/\/memurunsesi.net"],"url":"https:\/\/memurunsesi.net\/index.php\/author\/uniper\/"}]}},"_links":{"self":[{"href":"https:\/\/memurunsesi.net\/index.php\/wp-json\/wp\/v2\/posts\/8238","targetHints":{"allow":["GET"]}}],"collection":[{"href":"https:\/\/memurunsesi.net\/index.php\/wp-json\/wp\/v2\/posts"}],"about":[{"href":"https:\/\/memurunsesi.net\/index.php\/wp-json\/wp\/v2\/types\/post"}],"author":[{"embeddable":true,"href":"https:\/\/memurunsesi.net\/index.php\/wp-json\/wp\/v2\/users\/1"}],"replies":[{"embeddable":true,"href":"https:\/\/memurunsesi.net\/index.php\/wp-json\/wp\/v2\/comments?post=8238"}],"version-history":[{"count":1,"href":"https:\/\/memurunsesi.net\/index.php\/wp-json\/wp\/v2\/posts\/8238\/revisions"}],"predecessor-version":[{"id":8240,"href":"https:\/\/memurunsesi.net\/index.php\/wp-json\/wp\/v2\/posts\/8238\/revisions\/8240"}],"wp:featuredmedia":[{"embeddable":true,"href":"https:\/\/memurunsesi.net\/index.php\/wp-json\/wp\/v2\/media\/8239"}],"wp:attachment":[{"href":"https:\/\/memurunsesi.net\/index.php\/wp-json\/wp\/v2\/media?parent=8238"}],"wp:term":[{"taxonomy":"category","embeddable":true,"href":"https:\/\/memurunsesi.net\/index.php\/wp-json\/wp\/v2\/categories?post=8238"},{"taxonomy":"post_tag","embeddable":true,"href":"https:\/\/memurunsesi.net\/index.php\/wp-json\/wp\/v2\/tags?post=8238"}],"curies":[{"name":"wp","href":"https:\/\/api.w.org\/{rel}","templated":true}]}}