{"id":8241,"date":"2025-06-20T08:31:26","date_gmt":"2025-06-20T05:31:26","guid":{"rendered":"https:\/\/memurunsesi.net\/?p=8241"},"modified":"2025-06-20T08:31:26","modified_gmt":"2025-06-20T05:31:26","slug":"bahcelievlerde-oto-tamirhanede-korkutan-yangin-cok-sayida-arac-kullanilamaz-hale-geldi","status":"publish","type":"post","link":"https:\/\/memurunsesi.net\/index.php\/2025\/06\/20\/bahcelievlerde-oto-tamirhanede-korkutan-yangin-cok-sayida-arac-kullanilamaz-hale-geldi\/","title":{"rendered":"Bah\u00e7elievler&#8217;de oto tamirhanede korkutan yang\u0131n: \u00c7ok say\u0131da ara\u00e7 kullan\u0131lamaz hale geldi"},"content":{"rendered":"<p>  Bah\u00e7elievler&#8217;de oto sanayi sitesi i\u00e7inde yer alan bir oto  tamirhanesinde yang\u0131n \u00e7\u0131kt\u0131. Patlamalar\u0131n da oldu\u011funu yang\u0131nda \u00e7ok say\u0131da ara\u00e7 kullan\u0131lamaz hale geldi.<br \/>\n  Yang\u0131n, 00.30 s\u0131ralar\u0131nda Bah\u00e7elievler Kocasinan Mahallesi Ordu Caddesi \u00fczerinde meydana geldi. Edinilen bilgiye g\u00f6re bilinmeyen sebeple ba\u015flayan yang\u0131n k\u0131smi patlamalarla birlikte oto saniye i\u00e7erisinde yer alan tamirhaneyi sard\u0131.<br \/>\n  Olay yerine \u00e7ok say\u0131da itfaiye, sa\u011fl\u0131k, polis ve elektrik ekipleri sevk edildi. \u0130tfaiyenin yakla\u015f\u0131k 1 saatlik \u00e7al\u0131\u015fmas\u0131 sonucu yang\u0131n tamemen s\u00f6nd\u00fcr\u00fcld\u00fc. Tamirhane i\u00e7erinde bulunan yakla\u015f\u0131k 10 ara\u00e7 da alevlerin aras\u0131nda kalarak kullan\u0131lamaz hale geldi. \u0130tfaiye, tamirhane ile birlikte yanan ara\u00e7lara da ayr\u0131ca m\u00fcdahale etti.<br \/>\n  Yo\u011fun duman\u0131n sanayi sitesini kaplad\u0131\u011f\u0131 yang\u0131nda  \u00f6len ya da yaralanan olmazken, ara\u00e7larda ve i\u015f yerinde maddi hasar olu\u015ftu. Yang\u0131n\u0131n \u00e7\u0131k\u0131\u015f sebebiyle ilgili inceleme ba\u015flat\u0131ld\u0131. <\/p>\n<p>20.06.2025                               <\/p>\n","protected":false},"excerpt":{"rendered":"<p>Bah\u00e7elievler&#8217;de oto sanayi sitesi i\u00e7inde yer alan bir oto tamirhanesinde yang\u0131n \u00e7\u0131kt\u0131. Patlamalar\u0131n da oldu\u011funu yang\u0131nda \u00e7ok say\u0131da ara\u00e7 kullan\u0131lamaz hale geldi. Yang\u0131n, 00.30 s\u0131ralar\u0131nda Bah\u00e7elievler Kocasinan Mahallesi Ordu Caddesi \u00fczerinde meydana geldi. Edinilen bilgiye g\u00f6re bilinmeyen sebeple ba\u015flayan yang\u0131n k\u0131smi patlamalarla birlikte oto saniye i\u00e7erisinde yer alan tamirhaneyi sard\u0131. Olay yerine \u00e7ok say\u0131da itfaiye, [&hellip;]<\/p>\n","protected":false},"author":1,"featured_media":8242,"comment_status":"open","ping_status":"open","sticky":false,"template":"","format":"standard","meta":{"footnotes":""},"categories":[1],"tags":[],"class_list":["post-8241","post","type-post","status-publish","format-standard","has-post-thumbnail","hentry","category-genel"],"yoast_head":"<!-- This site is optimized with the Yoast SEO plugin v27.4 - https:\/\/yoast.com\/product\/yoast-seo-wordpress\/ -->\n<title>Bah\u00e7elievler&#039;de oto tamirhanede korkutan yang\u0131n: \u00c7ok say\u0131da ara\u00e7 kullan\u0131lamaz hale geldi - Memurun Sesi<\/title>\n<meta name=\"robots\" content=\"index, follow, max-snippet:-1, max-image-preview:large, max-video-preview:-1\" \/>\n<link rel=\"canonical\" href=\"https:\/\/memurunsesi.net\/index.php\/2025\/06\/20\/bahcelievlerde-oto-tamirhanede-korkutan-yangin-cok-sayida-arac-kullanilamaz-hale-geldi\/\" \/>\n<meta property=\"og:locale\" content=\"tr_TR\" \/>\n<meta property=\"og:type\" content=\"article\" \/>\n<meta property=\"og:title\" content=\"Bah\u00e7elievler&#039;de oto tamirhanede korkutan yang\u0131n: \u00c7ok say\u0131da ara\u00e7 kullan\u0131lamaz hale geldi - Memurun Sesi\" \/>\n<meta property=\"og:description\" content=\"Bah\u00e7elievler&#8217;de oto sanayi sitesi i\u00e7inde yer alan bir oto tamirhanesinde yang\u0131n \u00e7\u0131kt\u0131. Patlamalar\u0131n da oldu\u011funu yang\u0131nda \u00e7ok say\u0131da ara\u00e7 kullan\u0131lamaz hale geldi. Yang\u0131n, 00.30 s\u0131ralar\u0131nda Bah\u00e7elievler Kocasinan Mahallesi Ordu Caddesi \u00fczerinde meydana geldi. Edinilen bilgiye g\u00f6re bilinmeyen sebeple ba\u015flayan yang\u0131n k\u0131smi patlamalarla birlikte oto saniye i\u00e7erisinde yer alan tamirhaneyi sard\u0131. Olay yerine \u00e7ok say\u0131da itfaiye, [&hellip;]\" \/>\n<meta property=\"og:url\" content=\"https:\/\/memurunsesi.net\/index.php\/2025\/06\/20\/bahcelievlerde-oto-tamirhanede-korkutan-yangin-cok-sayida-arac-kullanilamaz-hale-geldi\/\" \/>\n<meta property=\"og:site_name\" content=\"Memurun Sesi\" \/>\n<meta property=\"article:publisher\" content=\"https:\/\/www.facebook.com\/unipersen\/?locale=tr_TR\" \/>\n<meta property=\"article:published_time\" content=\"2025-06-20T05:31:26+00:00\" \/>\n<meta property=\"og:image\" content=\"https:\/\/memurunsesi.net\/wp-content\/uploads\/2025\/06\/AW479938_01-scaled.jpg\" \/>\n\t<meta property=\"og:image:width\" content=\"2560\" \/>\n\t<meta property=\"og:image:height\" content=\"1441\" \/>\n\t<meta property=\"og:image:type\" content=\"image\/jpeg\" \/>\n<meta name=\"author\" content=\"Memurun Sesi Haber Merkezi\" \/>\n<meta name=\"twitter:card\" content=\"summary_large_image\" \/>\n<meta name=\"twitter:creator\" content=\"@unipersen\" \/>\n<meta name=\"twitter:site\" content=\"@unipersen\" \/>\n<meta name=\"twitter:label1\" content=\"Yazan:\" \/>\n\t<meta name=\"twitter:data1\" content=\"Memurun Sesi Haber Merkezi\" \/>\n\t<meta name=\"twitter:label2\" content=\"Tahmini okuma s\u00fcresi\" \/>\n\t<meta name=\"twitter:data2\" content=\"1 dakika\" \/>\n<script type=\"application\/ld+json\" class=\"yoast-schema-graph\">{\"@context\":\"https:\\\/\\\/schema.org\",\"@graph\":[{\"@type\":\"Article\",\"@id\":\"https:\\\/\\\/memurunsesi.net\\\/index.php\\\/2025\\\/06\\\/20\\\/bahcelievlerde-oto-tamirhanede-korkutan-yangin-cok-sayida-arac-kullanilamaz-hale-geldi\\\/#article\",\"isPartOf\":{\"@id\":\"https:\\\/\\\/memurunsesi.net\\\/index.php\\\/2025\\\/06\\\/20\\\/bahcelievlerde-oto-tamirhanede-korkutan-yangin-cok-sayida-arac-kullanilamaz-hale-geldi\\\/\"},\"author\":{\"name\":\"Memurun Sesi Haber Merkezi\",\"@id\":\"https:\\\/\\\/memurunsesi.net\\\/#\\\/schema\\\/person\\\/f21c2d73b89f6ee1d80b0a1803e38587\"},\"headline\":\"Bah\u00e7elievler&#8217;de oto tamirhanede korkutan yang\u0131n: \u00c7ok say\u0131da ara\u00e7 kullan\u0131lamaz hale geldi\",\"datePublished\":\"2025-06-20T05:31:26+00:00\",\"mainEntityOfPage\":{\"@id\":\"https:\\\/\\\/memurunsesi.net\\\/index.php\\\/2025\\\/06\\\/20\\\/bahcelievlerde-oto-tamirhanede-korkutan-yangin-cok-sayida-arac-kullanilamaz-hale-geldi\\\/\"},\"wordCount\":174,\"commentCount\":0,\"publisher\":{\"@id\":\"https:\\\/\\\/memurunsesi.net\\\/#organization\"},\"image\":{\"@id\":\"https:\\\/\\\/memurunsesi.net\\\/index.php\\\/2025\\\/06\\\/20\\\/bahcelievlerde-oto-tamirhanede-korkutan-yangin-cok-sayida-arac-kullanilamaz-hale-geldi\\\/#primaryimage\"},\"thumbnailUrl\":\"https:\\\/\\\/memurunsesi.net\\\/wp-content\\\/uploads\\\/2025\\\/06\\\/AW479938_01-scaled.jpg\",\"inLanguage\":\"tr\",\"potentialAction\":[{\"@type\":\"CommentAction\",\"name\":\"Comment\",\"target\":[\"https:\\\/\\\/memurunsesi.net\\\/index.php\\\/2025\\\/06\\\/20\\\/bahcelievlerde-oto-tamirhanede-korkutan-yangin-cok-sayida-arac-kullanilamaz-hale-geldi\\\/#respond\"]}]},{\"@type\":\"WebPage\",\"@id\":\"https:\\\/\\\/memurunsesi.net\\\/index.php\\\/2025\\\/06\\\/20\\\/bahcelievlerde-oto-tamirhanede-korkutan-yangin-cok-sayida-arac-kullanilamaz-hale-geldi\\\/\",\"url\":\"https:\\\/\\\/memurunsesi.net\\\/index.php\\\/2025\\\/06\\\/20\\\/bahcelievlerde-oto-tamirhanede-korkutan-yangin-cok-sayida-arac-kullanilamaz-hale-geldi\\\/\",\"name\":\"Bah\u00e7elievler'de oto tamirhanede korkutan yang\u0131n: \u00c7ok say\u0131da ara\u00e7 kullan\u0131lamaz hale geldi - Memurun Sesi\",\"isPartOf\":{\"@id\":\"https:\\\/\\\/memurunsesi.net\\\/#website\"},\"primaryImageOfPage\":{\"@id\":\"https:\\\/\\\/memurunsesi.net\\\/index.php\\\/2025\\\/06\\\/20\\\/bahcelievlerde-oto-tamirhanede-korkutan-yangin-cok-sayida-arac-kullanilamaz-hale-geldi\\\/#primaryimage\"},\"image\":{\"@id\":\"https:\\\/\\\/memurunsesi.net\\\/index.php\\\/2025\\\/06\\\/20\\\/bahcelievlerde-oto-tamirhanede-korkutan-yangin-cok-sayida-arac-kullanilamaz-hale-geldi\\\/#primaryimage\"},\"thumbnailUrl\":\"https:\\\/\\\/memurunsesi.net\\\/wp-content\\\/uploads\\\/2025\\\/06\\\/AW479938_01-scaled.jpg\",\"datePublished\":\"2025-06-20T05:31:26+00:00\",\"breadcrumb\":{\"@id\":\"https:\\\/\\\/memurunsesi.net\\\/index.php\\\/2025\\\/06\\\/20\\\/bahcelievlerde-oto-tamirhanede-korkutan-yangin-cok-sayida-arac-kullanilamaz-hale-geldi\\\/#breadcrumb\"},\"inLanguage\":\"tr\",\"potentialAction\":[{\"@type\":\"ReadAction\",\"target\":[\"https:\\\/\\\/memurunsesi.net\\\/index.php\\\/2025\\\/06\\\/20\\\/bahcelievlerde-oto-tamirhanede-korkutan-yangin-cok-sayida-arac-kullanilamaz-hale-geldi\\\/\"]}]},{\"@type\":\"ImageObject\",\"inLanguage\":\"tr\",\"@id\":\"https:\\\/\\\/memurunsesi.net\\\/index.php\\\/2025\\\/06\\\/20\\\/bahcelievlerde-oto-tamirhanede-korkutan-yangin-cok-sayida-arac-kullanilamaz-hale-geldi\\\/#primaryimage\",\"url\":\"https:\\\/\\\/memurunsesi.net\\\/wp-content\\\/uploads\\\/2025\\\/06\\\/AW479938_01-scaled.jpg\",\"contentUrl\":\"https:\\\/\\\/memurunsesi.net\\\/wp-content\\\/uploads\\\/2025\\\/06\\\/AW479938_01-scaled.jpg\",\"width\":2560,\"height\":1441,\"caption\":\"SO\u011eUTMA ANLARI (EN\u0130S DERD\u0130MENTO\u011eLU\\\/\u0130STANBUL-\u0130HA) Bah\u00e7elievler'de oto sanayi sitesi i\u00e7inde yer alan bir oto tamirhanesinde yang\u0131n \u00e7\u0131kt\u0131. Patlamalar\u0131n da oldu\u011funu yang\u0131nda \u00e7ok say\u0131da ara\u00e7 kullan\u0131lamaz hale geldi.\"},{\"@type\":\"BreadcrumbList\",\"@id\":\"https:\\\/\\\/memurunsesi.net\\\/index.php\\\/2025\\\/06\\\/20\\\/bahcelievlerde-oto-tamirhanede-korkutan-yangin-cok-sayida-arac-kullanilamaz-hale-geldi\\\/#breadcrumb\",\"itemListElement\":[{\"@type\":\"ListItem\",\"position\":1,\"name\":\"Anasayfa\",\"item\":\"https:\\\/\\\/memurunsesi.net\\\/\"},{\"@type\":\"ListItem\",\"position\":2,\"name\":\"Bah\u00e7elievler&#8217;de oto tamirhanede korkutan yang\u0131n: \u00c7ok say\u0131da ara\u00e7 kullan\u0131lamaz hale geldi\"}]},{\"@type\":\"WebSite\",\"@id\":\"https:\\\/\\\/memurunsesi.net\\\/#website\",\"url\":\"https:\\\/\\\/memurunsesi.net\\\/\",\"name\":\"Memurun Sesi\",\"description\":\"G\u00fcncel ve Do\u011fru Haber\",\"publisher\":{\"@id\":\"https:\\\/\\\/memurunsesi.net\\\/#organization\"},\"potentialAction\":[{\"@type\":\"SearchAction\",\"target\":{\"@type\":\"EntryPoint\",\"urlTemplate\":\"https:\\\/\\\/memurunsesi.net\\\/?s={search_term_string}\"},\"query-input\":{\"@type\":\"PropertyValueSpecification\",\"valueRequired\":true,\"valueName\":\"search_term_string\"}}],\"inLanguage\":\"tr\"},{\"@type\":\"Organization\",\"@id\":\"https:\\\/\\\/memurunsesi.net\\\/#organization\",\"name\":\"Memurun Sesi\",\"url\":\"https:\\\/\\\/memurunsesi.net\\\/\",\"logo\":{\"@type\":\"ImageObject\",\"inLanguage\":\"tr\",\"@id\":\"https:\\\/\\\/memurunsesi.net\\\/#\\\/schema\\\/logo\\\/image\\\/\",\"url\":\"https:\\\/\\\/memurunsesi.net\\\/wp-content\\\/uploads\\\/2025\\\/11\\\/cropped-MEMURUN-SESI.png\",\"contentUrl\":\"https:\\\/\\\/memurunsesi.net\\\/wp-content\\\/uploads\\\/2025\\\/11\\\/cropped-MEMURUN-SESI.png\",\"width\":238,\"height\":57,\"caption\":\"Memurun Sesi\"},\"image\":{\"@id\":\"https:\\\/\\\/memurunsesi.net\\\/#\\\/schema\\\/logo\\\/image\\\/\"},\"sameAs\":[\"https:\\\/\\\/www.facebook.com\\\/unipersen\\\/?locale=tr_TR\",\"https:\\\/\\\/x.com\\\/unipersen\"]},{\"@type\":\"Person\",\"@id\":\"https:\\\/\\\/memurunsesi.net\\\/#\\\/schema\\\/person\\\/f21c2d73b89f6ee1d80b0a1803e38587\",\"name\":\"Memurun Sesi Haber Merkezi\",\"image\":{\"@type\":\"ImageObject\",\"inLanguage\":\"tr\",\"@id\":\"https:\\\/\\\/secure.gravatar.com\\\/avatar\\\/6cf0505f452ee753f485014986fab09a434671d2b919ee76fc541025c5876a70?s=96&d=mm&r=g\",\"url\":\"https:\\\/\\\/secure.gravatar.com\\\/avatar\\\/6cf0505f452ee753f485014986fab09a434671d2b919ee76fc541025c5876a70?s=96&d=mm&r=g\",\"contentUrl\":\"https:\\\/\\\/secure.gravatar.com\\\/avatar\\\/6cf0505f452ee753f485014986fab09a434671d2b919ee76fc541025c5876a70?s=96&d=mm&r=g\",\"caption\":\"Memurun Sesi Haber Merkezi\"},\"sameAs\":[\"https:\\\/\\\/memurunsesi.net\"],\"url\":\"https:\\\/\\\/memurunsesi.net\\\/index.php\\\/author\\\/uniper\\\/\"}]}<\/script>\n<!-- \/ Yoast SEO plugin. -->","yoast_head_json":{"title":"Bah\u00e7elievler'de oto tamirhanede korkutan yang\u0131n: \u00c7ok say\u0131da ara\u00e7 kullan\u0131lamaz hale geldi - Memurun Sesi","robots":{"index":"index","follow":"follow","max-snippet":"max-snippet:-1","max-image-preview":"max-image-preview:large","max-video-preview":"max-video-preview:-1"},"canonical":"https:\/\/memurunsesi.net\/index.php\/2025\/06\/20\/bahcelievlerde-oto-tamirhanede-korkutan-yangin-cok-sayida-arac-kullanilamaz-hale-geldi\/","og_locale":"tr_TR","og_type":"article","og_title":"Bah\u00e7elievler'de oto tamirhanede korkutan yang\u0131n: \u00c7ok say\u0131da ara\u00e7 kullan\u0131lamaz hale geldi - Memurun Sesi","og_description":"Bah\u00e7elievler&#8217;de oto sanayi sitesi i\u00e7inde yer alan bir oto tamirhanesinde yang\u0131n \u00e7\u0131kt\u0131. Patlamalar\u0131n da oldu\u011funu yang\u0131nda \u00e7ok say\u0131da ara\u00e7 kullan\u0131lamaz hale geldi. Yang\u0131n, 00.30 s\u0131ralar\u0131nda Bah\u00e7elievler Kocasinan Mahallesi Ordu Caddesi \u00fczerinde meydana geldi. Edinilen bilgiye g\u00f6re bilinmeyen sebeple ba\u015flayan yang\u0131n k\u0131smi patlamalarla birlikte oto saniye i\u00e7erisinde yer alan tamirhaneyi sard\u0131. Olay yerine \u00e7ok say\u0131da itfaiye, [&hellip;]","og_url":"https:\/\/memurunsesi.net\/index.php\/2025\/06\/20\/bahcelievlerde-oto-tamirhanede-korkutan-yangin-cok-sayida-arac-kullanilamaz-hale-geldi\/","og_site_name":"Memurun Sesi","article_publisher":"https:\/\/www.facebook.com\/unipersen\/?locale=tr_TR","article_published_time":"2025-06-20T05:31:26+00:00","og_image":[{"width":2560,"height":1441,"url":"https:\/\/memurunsesi.net\/wp-content\/uploads\/2025\/06\/AW479938_01-scaled.jpg","type":"image\/jpeg"}],"author":"Memurun Sesi Haber Merkezi","twitter_card":"summary_large_image","twitter_creator":"@unipersen","twitter_site":"@unipersen","twitter_misc":{"Yazan:":"Memurun Sesi Haber Merkezi","Tahmini okuma s\u00fcresi":"1 dakika"},"schema":{"@context":"https:\/\/schema.org","@graph":[{"@type":"Article","@id":"https:\/\/memurunsesi.net\/index.php\/2025\/06\/20\/bahcelievlerde-oto-tamirhanede-korkutan-yangin-cok-sayida-arac-kullanilamaz-hale-geldi\/#article","isPartOf":{"@id":"https:\/\/memurunsesi.net\/index.php\/2025\/06\/20\/bahcelievlerde-oto-tamirhanede-korkutan-yangin-cok-sayida-arac-kullanilamaz-hale-geldi\/"},"author":{"name":"Memurun Sesi Haber Merkezi","@id":"https:\/\/memurunsesi.net\/#\/schema\/person\/f21c2d73b89f6ee1d80b0a1803e38587"},"headline":"Bah\u00e7elievler&#8217;de oto tamirhanede korkutan yang\u0131n: \u00c7ok say\u0131da ara\u00e7 kullan\u0131lamaz hale geldi","datePublished":"2025-06-20T05:31:26+00:00","mainEntityOfPage":{"@id":"https:\/\/memurunsesi.net\/index.php\/2025\/06\/20\/bahcelievlerde-oto-tamirhanede-korkutan-yangin-cok-sayida-arac-kullanilamaz-hale-geldi\/"},"wordCount":174,"commentCount":0,"publisher":{"@id":"https:\/\/memurunsesi.net\/#organization"},"image":{"@id":"https:\/\/memurunsesi.net\/index.php\/2025\/06\/20\/bahcelievlerde-oto-tamirhanede-korkutan-yangin-cok-sayida-arac-kullanilamaz-hale-geldi\/#primaryimage"},"thumbnailUrl":"https:\/\/memurunsesi.net\/wp-content\/uploads\/2025\/06\/AW479938_01-scaled.jpg","inLanguage":"tr","potentialAction":[{"@type":"CommentAction","name":"Comment","target":["https:\/\/memurunsesi.net\/index.php\/2025\/06\/20\/bahcelievlerde-oto-tamirhanede-korkutan-yangin-cok-sayida-arac-kullanilamaz-hale-geldi\/#respond"]}]},{"@type":"WebPage","@id":"https:\/\/memurunsesi.net\/index.php\/2025\/06\/20\/bahcelievlerde-oto-tamirhanede-korkutan-yangin-cok-sayida-arac-kullanilamaz-hale-geldi\/","url":"https:\/\/memurunsesi.net\/index.php\/2025\/06\/20\/bahcelievlerde-oto-tamirhanede-korkutan-yangin-cok-sayida-arac-kullanilamaz-hale-geldi\/","name":"Bah\u00e7elievler'de oto tamirhanede korkutan yang\u0131n: \u00c7ok say\u0131da ara\u00e7 kullan\u0131lamaz hale geldi - Memurun Sesi","isPartOf":{"@id":"https:\/\/memurunsesi.net\/#website"},"primaryImageOfPage":{"@id":"https:\/\/memurunsesi.net\/index.php\/2025\/06\/20\/bahcelievlerde-oto-tamirhanede-korkutan-yangin-cok-sayida-arac-kullanilamaz-hale-geldi\/#primaryimage"},"image":{"@id":"https:\/\/memurunsesi.net\/index.php\/2025\/06\/20\/bahcelievlerde-oto-tamirhanede-korkutan-yangin-cok-sayida-arac-kullanilamaz-hale-geldi\/#primaryimage"},"thumbnailUrl":"https:\/\/memurunsesi.net\/wp-content\/uploads\/2025\/06\/AW479938_01-scaled.jpg","datePublished":"2025-06-20T05:31:26+00:00","breadcrumb":{"@id":"https:\/\/memurunsesi.net\/index.php\/2025\/06\/20\/bahcelievlerde-oto-tamirhanede-korkutan-yangin-cok-sayida-arac-kullanilamaz-hale-geldi\/#breadcrumb"},"inLanguage":"tr","potentialAction":[{"@type":"ReadAction","target":["https:\/\/memurunsesi.net\/index.php\/2025\/06\/20\/bahcelievlerde-oto-tamirhanede-korkutan-yangin-cok-sayida-arac-kullanilamaz-hale-geldi\/"]}]},{"@type":"ImageObject","inLanguage":"tr","@id":"https:\/\/memurunsesi.net\/index.php\/2025\/06\/20\/bahcelievlerde-oto-tamirhanede-korkutan-yangin-cok-sayida-arac-kullanilamaz-hale-geldi\/#primaryimage","url":"https:\/\/memurunsesi.net\/wp-content\/uploads\/2025\/06\/AW479938_01-scaled.jpg","contentUrl":"https:\/\/memurunsesi.net\/wp-content\/uploads\/2025\/06\/AW479938_01-scaled.jpg","width":2560,"height":1441,"caption":"SO\u011eUTMA ANLARI (EN\u0130S DERD\u0130MENTO\u011eLU\/\u0130STANBUL-\u0130HA) Bah\u00e7elievler'de oto sanayi sitesi i\u00e7inde yer alan bir oto tamirhanesinde yang\u0131n \u00e7\u0131kt\u0131. Patlamalar\u0131n da oldu\u011funu yang\u0131nda \u00e7ok say\u0131da ara\u00e7 kullan\u0131lamaz hale geldi."},{"@type":"BreadcrumbList","@id":"https:\/\/memurunsesi.net\/index.php\/2025\/06\/20\/bahcelievlerde-oto-tamirhanede-korkutan-yangin-cok-sayida-arac-kullanilamaz-hale-geldi\/#breadcrumb","itemListElement":[{"@type":"ListItem","position":1,"name":"Anasayfa","item":"https:\/\/memurunsesi.net\/"},{"@type":"ListItem","position":2,"name":"Bah\u00e7elievler&#8217;de oto tamirhanede korkutan yang\u0131n: \u00c7ok say\u0131da ara\u00e7 kullan\u0131lamaz hale geldi"}]},{"@type":"WebSite","@id":"https:\/\/memurunsesi.net\/#website","url":"https:\/\/memurunsesi.net\/","name":"Memurun Sesi","description":"G\u00fcncel ve Do\u011fru Haber","publisher":{"@id":"https:\/\/memurunsesi.net\/#organization"},"potentialAction":[{"@type":"SearchAction","target":{"@type":"EntryPoint","urlTemplate":"https:\/\/memurunsesi.net\/?s={search_term_string}"},"query-input":{"@type":"PropertyValueSpecification","valueRequired":true,"valueName":"search_term_string"}}],"inLanguage":"tr"},{"@type":"Organization","@id":"https:\/\/memurunsesi.net\/#organization","name":"Memurun Sesi","url":"https:\/\/memurunsesi.net\/","logo":{"@type":"ImageObject","inLanguage":"tr","@id":"https:\/\/memurunsesi.net\/#\/schema\/logo\/image\/","url":"https:\/\/memurunsesi.net\/wp-content\/uploads\/2025\/11\/cropped-MEMURUN-SESI.png","contentUrl":"https:\/\/memurunsesi.net\/wp-content\/uploads\/2025\/11\/cropped-MEMURUN-SESI.png","width":238,"height":57,"caption":"Memurun Sesi"},"image":{"@id":"https:\/\/memurunsesi.net\/#\/schema\/logo\/image\/"},"sameAs":["https:\/\/www.facebook.com\/unipersen\/?locale=tr_TR","https:\/\/x.com\/unipersen"]},{"@type":"Person","@id":"https:\/\/memurunsesi.net\/#\/schema\/person\/f21c2d73b89f6ee1d80b0a1803e38587","name":"Memurun Sesi Haber Merkezi","image":{"@type":"ImageObject","inLanguage":"tr","@id":"https:\/\/secure.gravatar.com\/avatar\/6cf0505f452ee753f485014986fab09a434671d2b919ee76fc541025c5876a70?s=96&d=mm&r=g","url":"https:\/\/secure.gravatar.com\/avatar\/6cf0505f452ee753f485014986fab09a434671d2b919ee76fc541025c5876a70?s=96&d=mm&r=g","contentUrl":"https:\/\/secure.gravatar.com\/avatar\/6cf0505f452ee753f485014986fab09a434671d2b919ee76fc541025c5876a70?s=96&d=mm&r=g","caption":"Memurun Sesi Haber Merkezi"},"sameAs":["https:\/\/memurunsesi.net"],"url":"https:\/\/memurunsesi.net\/index.php\/author\/uniper\/"}]}},"_links":{"self":[{"href":"https:\/\/memurunsesi.net\/index.php\/wp-json\/wp\/v2\/posts\/8241","targetHints":{"allow":["GET"]}}],"collection":[{"href":"https:\/\/memurunsesi.net\/index.php\/wp-json\/wp\/v2\/posts"}],"about":[{"href":"https:\/\/memurunsesi.net\/index.php\/wp-json\/wp\/v2\/types\/post"}],"author":[{"embeddable":true,"href":"https:\/\/memurunsesi.net\/index.php\/wp-json\/wp\/v2\/users\/1"}],"replies":[{"embeddable":true,"href":"https:\/\/memurunsesi.net\/index.php\/wp-json\/wp\/v2\/comments?post=8241"}],"version-history":[{"count":1,"href":"https:\/\/memurunsesi.net\/index.php\/wp-json\/wp\/v2\/posts\/8241\/revisions"}],"predecessor-version":[{"id":8243,"href":"https:\/\/memurunsesi.net\/index.php\/wp-json\/wp\/v2\/posts\/8241\/revisions\/8243"}],"wp:featuredmedia":[{"embeddable":true,"href":"https:\/\/memurunsesi.net\/index.php\/wp-json\/wp\/v2\/media\/8242"}],"wp:attachment":[{"href":"https:\/\/memurunsesi.net\/index.php\/wp-json\/wp\/v2\/media?parent=8241"}],"wp:term":[{"taxonomy":"category","embeddable":true,"href":"https:\/\/memurunsesi.net\/index.php\/wp-json\/wp\/v2\/categories?post=8241"},{"taxonomy":"post_tag","embeddable":true,"href":"https:\/\/memurunsesi.net\/index.php\/wp-json\/wp\/v2\/tags?post=8241"}],"curies":[{"name":"wp","href":"https:\/\/api.w.org\/{rel}","templated":true}]}}