{"id":8244,"date":"2025-06-20T08:33:28","date_gmt":"2025-06-20T05:33:28","guid":{"rendered":"https:\/\/memurunsesi.net\/?p=8244"},"modified":"2025-06-20T08:33:28","modified_gmt":"2025-06-20T05:33:28","slug":"inegolde-yabanci-uyruklu-sahis-evde-olu-bulundu","status":"publish","type":"post","link":"https:\/\/memurunsesi.net\/index.php\/2025\/06\/20\/inegolde-yabanci-uyruklu-sahis-evde-olu-bulundu\/","title":{"rendered":"\u0130neg\u00f6l&#8217;de yabanc\u0131 uyruklu \u015fah\u0131s evde \u00f6l\u00fc bulundu"},"content":{"rendered":"<p> Bursa&#8217;n\u0131n \u0130neg\u00f6l il\u00e7esinde Libya vatanda\u015f\u0131 bir ki\u015fi evinde \u00f6l\u00fc bulundu.<br \/>\nOlay saat 23.00 s\u0131ralar\u0131nda Hamidiye Mahallesi Sipahi Sokak&#8217;taki bir villan\u0131n zemin kat\u0131nda meydana geldi. Mohammed Abdalla (71) isimli Libya vatanda\u015f\u0131n\u0131 kom\u015fular\u0131 hareketsiz yerde yatarken buldu.<br \/>\n  Olay yerine polis ve 112 ekipleri sevk edildi. Ekipler \u015fahs\u0131n \u00f6l\u00fcm\u00fcn\u00fc tespit ettiler. Adam\u0131n cenazesi savc\u0131l\u0131k incelemesinin ard\u0131ndan kesin \u00f6l\u00fcm sebebinin belirlenmesi i\u00e7in Adli tT\u0131p Kurumu&#8217;na g\u00f6nderildi.<br \/>\n  Polis olayla ilgili soru\u015fturma ba\u015flatt\u0131. <\/p>\n<p>20.06.2025                                <\/p>\n","protected":false},"excerpt":{"rendered":"<p>Bursa&#8217;n\u0131n \u0130neg\u00f6l il\u00e7esinde Libya vatanda\u015f\u0131 bir ki\u015fi evinde \u00f6l\u00fc bulundu. Olay saat 23.00 s\u0131ralar\u0131nda Hamidiye Mahallesi Sipahi Sokak&#8217;taki bir villan\u0131n zemin kat\u0131nda meydana geldi. Mohammed Abdalla (71) isimli Libya vatanda\u015f\u0131n\u0131 kom\u015fular\u0131 hareketsiz yerde yatarken buldu. Olay yerine polis ve 112 ekipleri sevk edildi. Ekipler \u015fahs\u0131n \u00f6l\u00fcm\u00fcn\u00fc tespit ettiler. Adam\u0131n cenazesi savc\u0131l\u0131k incelemesinin ard\u0131ndan kesin \u00f6l\u00fcm [&hellip;]<\/p>\n","protected":false},"author":1,"featured_media":8245,"comment_status":"open","ping_status":"open","sticky":false,"template":"","format":"standard","meta":{"footnotes":""},"categories":[1],"tags":[],"class_list":["post-8244","post","type-post","status-publish","format-standard","has-post-thumbnail","hentry","category-genel"],"yoast_head":"<!-- This site is optimized with the Yoast SEO plugin v27.4 - https:\/\/yoast.com\/product\/yoast-seo-wordpress\/ -->\n<title>\u0130neg\u00f6l&#039;de yabanc\u0131 uyruklu \u015fah\u0131s evde \u00f6l\u00fc bulundu - Memurun Sesi<\/title>\n<meta name=\"robots\" content=\"index, follow, max-snippet:-1, max-image-preview:large, max-video-preview:-1\" \/>\n<link rel=\"canonical\" href=\"https:\/\/memurunsesi.net\/index.php\/2025\/06\/20\/inegolde-yabanci-uyruklu-sahis-evde-olu-bulundu\/\" \/>\n<meta property=\"og:locale\" content=\"tr_TR\" \/>\n<meta property=\"og:type\" content=\"article\" \/>\n<meta property=\"og:title\" content=\"\u0130neg\u00f6l&#039;de yabanc\u0131 uyruklu \u015fah\u0131s evde \u00f6l\u00fc bulundu - Memurun Sesi\" \/>\n<meta property=\"og:description\" content=\"Bursa&#8217;n\u0131n \u0130neg\u00f6l il\u00e7esinde Libya vatanda\u015f\u0131 bir ki\u015fi evinde \u00f6l\u00fc bulundu. Olay saat 23.00 s\u0131ralar\u0131nda Hamidiye Mahallesi Sipahi Sokak&#8217;taki bir villan\u0131n zemin kat\u0131nda meydana geldi. Mohammed Abdalla (71) isimli Libya vatanda\u015f\u0131n\u0131 kom\u015fular\u0131 hareketsiz yerde yatarken buldu. Olay yerine polis ve 112 ekipleri sevk edildi. Ekipler \u015fahs\u0131n \u00f6l\u00fcm\u00fcn\u00fc tespit ettiler. Adam\u0131n cenazesi savc\u0131l\u0131k incelemesinin ard\u0131ndan kesin \u00f6l\u00fcm [&hellip;]\" \/>\n<meta property=\"og:url\" content=\"https:\/\/memurunsesi.net\/index.php\/2025\/06\/20\/inegolde-yabanci-uyruklu-sahis-evde-olu-bulundu\/\" \/>\n<meta property=\"og:site_name\" content=\"Memurun Sesi\" \/>\n<meta property=\"article:publisher\" content=\"https:\/\/www.facebook.com\/unipersen\/?locale=tr_TR\" \/>\n<meta property=\"article:published_time\" content=\"2025-06-20T05:33:28+00:00\" \/>\n<meta property=\"og:image\" content=\"https:\/\/memurunsesi.net\/wp-content\/uploads\/2025\/06\/AW479937_01.jpg\" \/>\n\t<meta property=\"og:image:width\" content=\"1920\" \/>\n\t<meta property=\"og:image:height\" content=\"1080\" \/>\n\t<meta property=\"og:image:type\" content=\"image\/jpeg\" \/>\n<meta name=\"author\" content=\"Memurun Sesi Haber Merkezi\" \/>\n<meta name=\"twitter:card\" content=\"summary_large_image\" \/>\n<meta name=\"twitter:creator\" content=\"@unipersen\" \/>\n<meta name=\"twitter:site\" content=\"@unipersen\" \/>\n<meta name=\"twitter:label1\" content=\"Yazan:\" \/>\n\t<meta name=\"twitter:data1\" content=\"Memurun Sesi Haber Merkezi\" \/>\n\t<meta name=\"twitter:label2\" content=\"Tahmini okuma s\u00fcresi\" \/>\n\t<meta name=\"twitter:data2\" content=\"1 dakika\" \/>\n<script type=\"application\/ld+json\" class=\"yoast-schema-graph\">{\"@context\":\"https:\\\/\\\/schema.org\",\"@graph\":[{\"@type\":\"Article\",\"@id\":\"https:\\\/\\\/memurunsesi.net\\\/index.php\\\/2025\\\/06\\\/20\\\/inegolde-yabanci-uyruklu-sahis-evde-olu-bulundu\\\/#article\",\"isPartOf\":{\"@id\":\"https:\\\/\\\/memurunsesi.net\\\/index.php\\\/2025\\\/06\\\/20\\\/inegolde-yabanci-uyruklu-sahis-evde-olu-bulundu\\\/\"},\"author\":{\"name\":\"Memurun Sesi Haber Merkezi\",\"@id\":\"https:\\\/\\\/memurunsesi.net\\\/#\\\/schema\\\/person\\\/f21c2d73b89f6ee1d80b0a1803e38587\"},\"headline\":\"\u0130neg\u00f6l&#8217;de yabanc\u0131 uyruklu \u015fah\u0131s evde \u00f6l\u00fc bulundu\",\"datePublished\":\"2025-06-20T05:33:28+00:00\",\"mainEntityOfPage\":{\"@id\":\"https:\\\/\\\/memurunsesi.net\\\/index.php\\\/2025\\\/06\\\/20\\\/inegolde-yabanci-uyruklu-sahis-evde-olu-bulundu\\\/\"},\"wordCount\":100,\"commentCount\":0,\"publisher\":{\"@id\":\"https:\\\/\\\/memurunsesi.net\\\/#organization\"},\"image\":{\"@id\":\"https:\\\/\\\/memurunsesi.net\\\/index.php\\\/2025\\\/06\\\/20\\\/inegolde-yabanci-uyruklu-sahis-evde-olu-bulundu\\\/#primaryimage\"},\"thumbnailUrl\":\"https:\\\/\\\/memurunsesi.net\\\/wp-content\\\/uploads\\\/2025\\\/06\\\/AW479937_01.jpg\",\"inLanguage\":\"tr\",\"potentialAction\":[{\"@type\":\"CommentAction\",\"name\":\"Comment\",\"target\":[\"https:\\\/\\\/memurunsesi.net\\\/index.php\\\/2025\\\/06\\\/20\\\/inegolde-yabanci-uyruklu-sahis-evde-olu-bulundu\\\/#respond\"]}]},{\"@type\":\"WebPage\",\"@id\":\"https:\\\/\\\/memurunsesi.net\\\/index.php\\\/2025\\\/06\\\/20\\\/inegolde-yabanci-uyruklu-sahis-evde-olu-bulundu\\\/\",\"url\":\"https:\\\/\\\/memurunsesi.net\\\/index.php\\\/2025\\\/06\\\/20\\\/inegolde-yabanci-uyruklu-sahis-evde-olu-bulundu\\\/\",\"name\":\"\u0130neg\u00f6l'de yabanc\u0131 uyruklu \u015fah\u0131s evde \u00f6l\u00fc bulundu - Memurun Sesi\",\"isPartOf\":{\"@id\":\"https:\\\/\\\/memurunsesi.net\\\/#website\"},\"primaryImageOfPage\":{\"@id\":\"https:\\\/\\\/memurunsesi.net\\\/index.php\\\/2025\\\/06\\\/20\\\/inegolde-yabanci-uyruklu-sahis-evde-olu-bulundu\\\/#primaryimage\"},\"image\":{\"@id\":\"https:\\\/\\\/memurunsesi.net\\\/index.php\\\/2025\\\/06\\\/20\\\/inegolde-yabanci-uyruklu-sahis-evde-olu-bulundu\\\/#primaryimage\"},\"thumbnailUrl\":\"https:\\\/\\\/memurunsesi.net\\\/wp-content\\\/uploads\\\/2025\\\/06\\\/AW479937_01.jpg\",\"datePublished\":\"2025-06-20T05:33:28+00:00\",\"breadcrumb\":{\"@id\":\"https:\\\/\\\/memurunsesi.net\\\/index.php\\\/2025\\\/06\\\/20\\\/inegolde-yabanci-uyruklu-sahis-evde-olu-bulundu\\\/#breadcrumb\"},\"inLanguage\":\"tr\",\"potentialAction\":[{\"@type\":\"ReadAction\",\"target\":[\"https:\\\/\\\/memurunsesi.net\\\/index.php\\\/2025\\\/06\\\/20\\\/inegolde-yabanci-uyruklu-sahis-evde-olu-bulundu\\\/\"]}]},{\"@type\":\"ImageObject\",\"inLanguage\":\"tr\",\"@id\":\"https:\\\/\\\/memurunsesi.net\\\/index.php\\\/2025\\\/06\\\/20\\\/inegolde-yabanci-uyruklu-sahis-evde-olu-bulundu\\\/#primaryimage\",\"url\":\"https:\\\/\\\/memurunsesi.net\\\/wp-content\\\/uploads\\\/2025\\\/06\\\/AW479937_01.jpg\",\"contentUrl\":\"https:\\\/\\\/memurunsesi.net\\\/wp-content\\\/uploads\\\/2025\\\/06\\\/AW479937_01.jpg\",\"width\":1920,\"height\":1080,\"caption\":\"BURSA'NIN \u0130NEG\u00d6L \u0130L\u00c7ES\u0130NDE L\u0130BYA VATANDA\u015eI EV\u0130NDE \u00d6L\u00dc BULUNDU. (SAL\u0130H B\u0130LAL ASLAN\\\/BURSA-\u0130HA) Bursa'n\u0131n \u0130neg\u00f6l il\u00e7esinde Libya vatanda\u015f\u0131 bir ki\u015fi evinde \u00f6l\u00fc bulundu.\"},{\"@type\":\"BreadcrumbList\",\"@id\":\"https:\\\/\\\/memurunsesi.net\\\/index.php\\\/2025\\\/06\\\/20\\\/inegolde-yabanci-uyruklu-sahis-evde-olu-bulundu\\\/#breadcrumb\",\"itemListElement\":[{\"@type\":\"ListItem\",\"position\":1,\"name\":\"Anasayfa\",\"item\":\"https:\\\/\\\/memurunsesi.net\\\/\"},{\"@type\":\"ListItem\",\"position\":2,\"name\":\"\u0130neg\u00f6l&#8217;de yabanc\u0131 uyruklu \u015fah\u0131s evde \u00f6l\u00fc bulundu\"}]},{\"@type\":\"WebSite\",\"@id\":\"https:\\\/\\\/memurunsesi.net\\\/#website\",\"url\":\"https:\\\/\\\/memurunsesi.net\\\/\",\"name\":\"Memurun Sesi\",\"description\":\"G\u00fcncel ve Do\u011fru Haber\",\"publisher\":{\"@id\":\"https:\\\/\\\/memurunsesi.net\\\/#organization\"},\"potentialAction\":[{\"@type\":\"SearchAction\",\"target\":{\"@type\":\"EntryPoint\",\"urlTemplate\":\"https:\\\/\\\/memurunsesi.net\\\/?s={search_term_string}\"},\"query-input\":{\"@type\":\"PropertyValueSpecification\",\"valueRequired\":true,\"valueName\":\"search_term_string\"}}],\"inLanguage\":\"tr\"},{\"@type\":\"Organization\",\"@id\":\"https:\\\/\\\/memurunsesi.net\\\/#organization\",\"name\":\"Memurun Sesi\",\"url\":\"https:\\\/\\\/memurunsesi.net\\\/\",\"logo\":{\"@type\":\"ImageObject\",\"inLanguage\":\"tr\",\"@id\":\"https:\\\/\\\/memurunsesi.net\\\/#\\\/schema\\\/logo\\\/image\\\/\",\"url\":\"https:\\\/\\\/memurunsesi.net\\\/wp-content\\\/uploads\\\/2025\\\/11\\\/cropped-MEMURUN-SESI.png\",\"contentUrl\":\"https:\\\/\\\/memurunsesi.net\\\/wp-content\\\/uploads\\\/2025\\\/11\\\/cropped-MEMURUN-SESI.png\",\"width\":238,\"height\":57,\"caption\":\"Memurun Sesi\"},\"image\":{\"@id\":\"https:\\\/\\\/memurunsesi.net\\\/#\\\/schema\\\/logo\\\/image\\\/\"},\"sameAs\":[\"https:\\\/\\\/www.facebook.com\\\/unipersen\\\/?locale=tr_TR\",\"https:\\\/\\\/x.com\\\/unipersen\"]},{\"@type\":\"Person\",\"@id\":\"https:\\\/\\\/memurunsesi.net\\\/#\\\/schema\\\/person\\\/f21c2d73b89f6ee1d80b0a1803e38587\",\"name\":\"Memurun Sesi Haber Merkezi\",\"image\":{\"@type\":\"ImageObject\",\"inLanguage\":\"tr\",\"@id\":\"https:\\\/\\\/secure.gravatar.com\\\/avatar\\\/6cf0505f452ee753f485014986fab09a434671d2b919ee76fc541025c5876a70?s=96&d=mm&r=g\",\"url\":\"https:\\\/\\\/secure.gravatar.com\\\/avatar\\\/6cf0505f452ee753f485014986fab09a434671d2b919ee76fc541025c5876a70?s=96&d=mm&r=g\",\"contentUrl\":\"https:\\\/\\\/secure.gravatar.com\\\/avatar\\\/6cf0505f452ee753f485014986fab09a434671d2b919ee76fc541025c5876a70?s=96&d=mm&r=g\",\"caption\":\"Memurun Sesi Haber Merkezi\"},\"sameAs\":[\"https:\\\/\\\/memurunsesi.net\"],\"url\":\"https:\\\/\\\/memurunsesi.net\\\/index.php\\\/author\\\/uniper\\\/\"}]}<\/script>\n<!-- \/ Yoast SEO plugin. -->","yoast_head_json":{"title":"\u0130neg\u00f6l'de yabanc\u0131 uyruklu \u015fah\u0131s evde \u00f6l\u00fc bulundu - Memurun Sesi","robots":{"index":"index","follow":"follow","max-snippet":"max-snippet:-1","max-image-preview":"max-image-preview:large","max-video-preview":"max-video-preview:-1"},"canonical":"https:\/\/memurunsesi.net\/index.php\/2025\/06\/20\/inegolde-yabanci-uyruklu-sahis-evde-olu-bulundu\/","og_locale":"tr_TR","og_type":"article","og_title":"\u0130neg\u00f6l'de yabanc\u0131 uyruklu \u015fah\u0131s evde \u00f6l\u00fc bulundu - Memurun Sesi","og_description":"Bursa&#8217;n\u0131n \u0130neg\u00f6l il\u00e7esinde Libya vatanda\u015f\u0131 bir ki\u015fi evinde \u00f6l\u00fc bulundu. Olay saat 23.00 s\u0131ralar\u0131nda Hamidiye Mahallesi Sipahi Sokak&#8217;taki bir villan\u0131n zemin kat\u0131nda meydana geldi. Mohammed Abdalla (71) isimli Libya vatanda\u015f\u0131n\u0131 kom\u015fular\u0131 hareketsiz yerde yatarken buldu. Olay yerine polis ve 112 ekipleri sevk edildi. Ekipler \u015fahs\u0131n \u00f6l\u00fcm\u00fcn\u00fc tespit ettiler. Adam\u0131n cenazesi savc\u0131l\u0131k incelemesinin ard\u0131ndan kesin \u00f6l\u00fcm [&hellip;]","og_url":"https:\/\/memurunsesi.net\/index.php\/2025\/06\/20\/inegolde-yabanci-uyruklu-sahis-evde-olu-bulundu\/","og_site_name":"Memurun Sesi","article_publisher":"https:\/\/www.facebook.com\/unipersen\/?locale=tr_TR","article_published_time":"2025-06-20T05:33:28+00:00","og_image":[{"width":1920,"height":1080,"url":"https:\/\/memurunsesi.net\/wp-content\/uploads\/2025\/06\/AW479937_01.jpg","type":"image\/jpeg"}],"author":"Memurun Sesi Haber Merkezi","twitter_card":"summary_large_image","twitter_creator":"@unipersen","twitter_site":"@unipersen","twitter_misc":{"Yazan:":"Memurun Sesi Haber Merkezi","Tahmini okuma s\u00fcresi":"1 dakika"},"schema":{"@context":"https:\/\/schema.org","@graph":[{"@type":"Article","@id":"https:\/\/memurunsesi.net\/index.php\/2025\/06\/20\/inegolde-yabanci-uyruklu-sahis-evde-olu-bulundu\/#article","isPartOf":{"@id":"https:\/\/memurunsesi.net\/index.php\/2025\/06\/20\/inegolde-yabanci-uyruklu-sahis-evde-olu-bulundu\/"},"author":{"name":"Memurun Sesi Haber Merkezi","@id":"https:\/\/memurunsesi.net\/#\/schema\/person\/f21c2d73b89f6ee1d80b0a1803e38587"},"headline":"\u0130neg\u00f6l&#8217;de yabanc\u0131 uyruklu \u015fah\u0131s evde \u00f6l\u00fc bulundu","datePublished":"2025-06-20T05:33:28+00:00","mainEntityOfPage":{"@id":"https:\/\/memurunsesi.net\/index.php\/2025\/06\/20\/inegolde-yabanci-uyruklu-sahis-evde-olu-bulundu\/"},"wordCount":100,"commentCount":0,"publisher":{"@id":"https:\/\/memurunsesi.net\/#organization"},"image":{"@id":"https:\/\/memurunsesi.net\/index.php\/2025\/06\/20\/inegolde-yabanci-uyruklu-sahis-evde-olu-bulundu\/#primaryimage"},"thumbnailUrl":"https:\/\/memurunsesi.net\/wp-content\/uploads\/2025\/06\/AW479937_01.jpg","inLanguage":"tr","potentialAction":[{"@type":"CommentAction","name":"Comment","target":["https:\/\/memurunsesi.net\/index.php\/2025\/06\/20\/inegolde-yabanci-uyruklu-sahis-evde-olu-bulundu\/#respond"]}]},{"@type":"WebPage","@id":"https:\/\/memurunsesi.net\/index.php\/2025\/06\/20\/inegolde-yabanci-uyruklu-sahis-evde-olu-bulundu\/","url":"https:\/\/memurunsesi.net\/index.php\/2025\/06\/20\/inegolde-yabanci-uyruklu-sahis-evde-olu-bulundu\/","name":"\u0130neg\u00f6l'de yabanc\u0131 uyruklu \u015fah\u0131s evde \u00f6l\u00fc bulundu - Memurun Sesi","isPartOf":{"@id":"https:\/\/memurunsesi.net\/#website"},"primaryImageOfPage":{"@id":"https:\/\/memurunsesi.net\/index.php\/2025\/06\/20\/inegolde-yabanci-uyruklu-sahis-evde-olu-bulundu\/#primaryimage"},"image":{"@id":"https:\/\/memurunsesi.net\/index.php\/2025\/06\/20\/inegolde-yabanci-uyruklu-sahis-evde-olu-bulundu\/#primaryimage"},"thumbnailUrl":"https:\/\/memurunsesi.net\/wp-content\/uploads\/2025\/06\/AW479937_01.jpg","datePublished":"2025-06-20T05:33:28+00:00","breadcrumb":{"@id":"https:\/\/memurunsesi.net\/index.php\/2025\/06\/20\/inegolde-yabanci-uyruklu-sahis-evde-olu-bulundu\/#breadcrumb"},"inLanguage":"tr","potentialAction":[{"@type":"ReadAction","target":["https:\/\/memurunsesi.net\/index.php\/2025\/06\/20\/inegolde-yabanci-uyruklu-sahis-evde-olu-bulundu\/"]}]},{"@type":"ImageObject","inLanguage":"tr","@id":"https:\/\/memurunsesi.net\/index.php\/2025\/06\/20\/inegolde-yabanci-uyruklu-sahis-evde-olu-bulundu\/#primaryimage","url":"https:\/\/memurunsesi.net\/wp-content\/uploads\/2025\/06\/AW479937_01.jpg","contentUrl":"https:\/\/memurunsesi.net\/wp-content\/uploads\/2025\/06\/AW479937_01.jpg","width":1920,"height":1080,"caption":"BURSA'NIN \u0130NEG\u00d6L \u0130L\u00c7ES\u0130NDE L\u0130BYA VATANDA\u015eI EV\u0130NDE \u00d6L\u00dc BULUNDU. (SAL\u0130H B\u0130LAL ASLAN\/BURSA-\u0130HA) Bursa'n\u0131n \u0130neg\u00f6l il\u00e7esinde Libya vatanda\u015f\u0131 bir ki\u015fi evinde \u00f6l\u00fc bulundu."},{"@type":"BreadcrumbList","@id":"https:\/\/memurunsesi.net\/index.php\/2025\/06\/20\/inegolde-yabanci-uyruklu-sahis-evde-olu-bulundu\/#breadcrumb","itemListElement":[{"@type":"ListItem","position":1,"name":"Anasayfa","item":"https:\/\/memurunsesi.net\/"},{"@type":"ListItem","position":2,"name":"\u0130neg\u00f6l&#8217;de yabanc\u0131 uyruklu \u015fah\u0131s evde \u00f6l\u00fc bulundu"}]},{"@type":"WebSite","@id":"https:\/\/memurunsesi.net\/#website","url":"https:\/\/memurunsesi.net\/","name":"Memurun Sesi","description":"G\u00fcncel ve Do\u011fru Haber","publisher":{"@id":"https:\/\/memurunsesi.net\/#organization"},"potentialAction":[{"@type":"SearchAction","target":{"@type":"EntryPoint","urlTemplate":"https:\/\/memurunsesi.net\/?s={search_term_string}"},"query-input":{"@type":"PropertyValueSpecification","valueRequired":true,"valueName":"search_term_string"}}],"inLanguage":"tr"},{"@type":"Organization","@id":"https:\/\/memurunsesi.net\/#organization","name":"Memurun Sesi","url":"https:\/\/memurunsesi.net\/","logo":{"@type":"ImageObject","inLanguage":"tr","@id":"https:\/\/memurunsesi.net\/#\/schema\/logo\/image\/","url":"https:\/\/memurunsesi.net\/wp-content\/uploads\/2025\/11\/cropped-MEMURUN-SESI.png","contentUrl":"https:\/\/memurunsesi.net\/wp-content\/uploads\/2025\/11\/cropped-MEMURUN-SESI.png","width":238,"height":57,"caption":"Memurun Sesi"},"image":{"@id":"https:\/\/memurunsesi.net\/#\/schema\/logo\/image\/"},"sameAs":["https:\/\/www.facebook.com\/unipersen\/?locale=tr_TR","https:\/\/x.com\/unipersen"]},{"@type":"Person","@id":"https:\/\/memurunsesi.net\/#\/schema\/person\/f21c2d73b89f6ee1d80b0a1803e38587","name":"Memurun Sesi Haber Merkezi","image":{"@type":"ImageObject","inLanguage":"tr","@id":"https:\/\/secure.gravatar.com\/avatar\/6cf0505f452ee753f485014986fab09a434671d2b919ee76fc541025c5876a70?s=96&d=mm&r=g","url":"https:\/\/secure.gravatar.com\/avatar\/6cf0505f452ee753f485014986fab09a434671d2b919ee76fc541025c5876a70?s=96&d=mm&r=g","contentUrl":"https:\/\/secure.gravatar.com\/avatar\/6cf0505f452ee753f485014986fab09a434671d2b919ee76fc541025c5876a70?s=96&d=mm&r=g","caption":"Memurun Sesi Haber Merkezi"},"sameAs":["https:\/\/memurunsesi.net"],"url":"https:\/\/memurunsesi.net\/index.php\/author\/uniper\/"}]}},"_links":{"self":[{"href":"https:\/\/memurunsesi.net\/index.php\/wp-json\/wp\/v2\/posts\/8244","targetHints":{"allow":["GET"]}}],"collection":[{"href":"https:\/\/memurunsesi.net\/index.php\/wp-json\/wp\/v2\/posts"}],"about":[{"href":"https:\/\/memurunsesi.net\/index.php\/wp-json\/wp\/v2\/types\/post"}],"author":[{"embeddable":true,"href":"https:\/\/memurunsesi.net\/index.php\/wp-json\/wp\/v2\/users\/1"}],"replies":[{"embeddable":true,"href":"https:\/\/memurunsesi.net\/index.php\/wp-json\/wp\/v2\/comments?post=8244"}],"version-history":[{"count":1,"href":"https:\/\/memurunsesi.net\/index.php\/wp-json\/wp\/v2\/posts\/8244\/revisions"}],"predecessor-version":[{"id":8246,"href":"https:\/\/memurunsesi.net\/index.php\/wp-json\/wp\/v2\/posts\/8244\/revisions\/8246"}],"wp:featuredmedia":[{"embeddable":true,"href":"https:\/\/memurunsesi.net\/index.php\/wp-json\/wp\/v2\/media\/8245"}],"wp:attachment":[{"href":"https:\/\/memurunsesi.net\/index.php\/wp-json\/wp\/v2\/media?parent=8244"}],"wp:term":[{"taxonomy":"category","embeddable":true,"href":"https:\/\/memurunsesi.net\/index.php\/wp-json\/wp\/v2\/categories?post=8244"},{"taxonomy":"post_tag","embeddable":true,"href":"https:\/\/memurunsesi.net\/index.php\/wp-json\/wp\/v2\/tags?post=8244"}],"curies":[{"name":"wp","href":"https:\/\/api.w.org\/{rel}","templated":true}]}}