{"id":8247,"date":"2025-06-20T08:35:09","date_gmt":"2025-06-20T05:35:09","guid":{"rendered":"https:\/\/memurunsesi.net\/?p=8247"},"modified":"2025-06-20T08:35:09","modified_gmt":"2025-06-20T05:35:09","slug":"is-yerini-bastiklari-sahsin-ayagindan-vurup-o-anlari-kaydettiler","status":"publish","type":"post","link":"https:\/\/memurunsesi.net\/index.php\/2025\/06\/20\/is-yerini-bastiklari-sahsin-ayagindan-vurup-o-anlari-kaydettiler\/","title":{"rendered":"\u0130\u015f yerini bast\u0131klar\u0131 \u015fahs\u0131n aya\u011f\u0131ndan vurup o anlar\u0131 kaydettiler"},"content":{"rendered":"<p> <div style=\"width: 512px;\" class=\"wp-video\"><video class=\"wp-video-shortcode\" id=\"video-8247-1\" width=\"512\" height=\"288\" preload=\"metadata\" controls=\"controls\"><source type=\"video\/mp4\" src=\"https:\/\/memurunsesi.net\/wp-content\/uploads\/2025\/06\/085953F5-E361-47D6-A35F-90117570BEBB.mp4?_=1\" \/><a href=\"https:\/\/memurunsesi.net\/wp-content\/uploads\/2025\/06\/085953F5-E361-47D6-A35F-90117570BEBB.mp4\">https:\/\/memurunsesi.net\/wp-content\/uploads\/2025\/06\/085953F5-E361-47D6-A35F-90117570BEBB.mp4<\/a><\/video><\/div>  &#8211; Alacak-verecek meselesinde bir ki\u015fiyi vuran iki \u015fah\u0131s tutukland\u0131   <\/p>\n<p> Ankara\u2019da alacak-verecek meselesinden, i\u015f yerine gelerek bir ki\u015fiyi vuran iki \u015fah\u0131s tutukland\u0131.<br \/>\nEdinilen bilgilere g\u00f6re, C.\u00d6.\u2019ye ait olan i\u015f yerine gelen A.I. ve F.Y. isimli \u015fah\u0131slar, alacak-verecek meselelerini konu\u015furken, \u015f\u00fcphelilerden F.Y. o anlar\u0131 kamera kayd\u0131na almaya ba\u015flad\u0131. \u015e\u00fcphelilerden A.I.&#8217;n\u0131n yan\u0131ndaki \u015fah\u0131s olaylar\u0131 video kayd\u0131na al\u0131rken, i\u015f yeri sahibi olan C.\u00d6.\u2019n\u00fcn aya\u011f\u0131na bir el ate\u015f etti ve olay yerinden ayr\u0131ld\u0131klar\u0131 vurdu. \u00c7evredeki vatanda\u015flar olay\u0131 sa\u011fl\u0131k ve polis ekiplerine bildirdi. Sa\u011fl\u0131k ekiplerinin olay yerindeki m\u00fcdahalesinin ard\u0131ndan, yaralanan \u015fah\u0131s hastaneye kald\u0131r\u0131ld\u0131. Polis ekipleri ise yapt\u0131\u011f\u0131 \u00e7al\u0131\u015fmalar sonucu A.I. ve F.Y. isimli \u015fah\u0131slar\u0131n Elmada\u011f il\u00e7esine hareket ettikleri tespit etti. Yap\u0131lan \u00e7al\u0131\u015fmalar soncunda \u015f\u00fcpheliler Asayi\u015f \u015eube M\u00fcd\u00fcrl\u00fc\u011f\u00fc Gasp B\u00fcro Amirli\u011fince su\u00e7 aleti tabanca ile birlikte yakaland\u0131. Olaya kar\u0131\u015fan 2 \u015f\u00fcpheli \u015fah\u0131s \u00e7\u0131kar\u0131ld\u0131klar\u0131 mahkemece tutukland\u0131. <\/p>\n<p>20.06.2025                                <\/p>\n","protected":false},"excerpt":{"rendered":"<p>&#8211; Alacak-verecek meselesinde bir ki\u015fiyi vuran iki \u015fah\u0131s tutukland\u0131 Ankara\u2019da alacak-verecek meselesinden, i\u015f yerine gelerek bir ki\u015fiyi vuran iki \u015fah\u0131s tutukland\u0131. Edinilen bilgilere g\u00f6re, C.\u00d6.\u2019ye ait olan i\u015f yerine gelen A.I. ve F.Y. isimli \u015fah\u0131slar, alacak-verecek meselelerini konu\u015furken, \u015f\u00fcphelilerden F.Y. o anlar\u0131 kamera kayd\u0131na almaya ba\u015flad\u0131. \u015e\u00fcphelilerden A.I.&#8217;n\u0131n yan\u0131ndaki \u015fah\u0131s olaylar\u0131 video kayd\u0131na al\u0131rken, i\u015f [&hellip;]<\/p>\n","protected":false},"author":1,"featured_media":0,"comment_status":"open","ping_status":"open","sticky":false,"template":"","format":"standard","meta":{"footnotes":""},"categories":[1],"tags":[],"class_list":["post-8247","post","type-post","status-publish","format-standard","hentry","category-genel"],"yoast_head":"<!-- This site is optimized with the Yoast SEO plugin v27.4 - https:\/\/yoast.com\/product\/yoast-seo-wordpress\/ -->\n<title>\u0130\u015f yerini bast\u0131klar\u0131 \u015fahs\u0131n aya\u011f\u0131ndan vurup o anlar\u0131 kaydettiler - Memurun Sesi<\/title>\n<meta name=\"robots\" content=\"index, follow, max-snippet:-1, max-image-preview:large, max-video-preview:-1\" \/>\n<link rel=\"canonical\" href=\"https:\/\/memurunsesi.net\/index.php\/2025\/06\/20\/is-yerini-bastiklari-sahsin-ayagindan-vurup-o-anlari-kaydettiler\/\" \/>\n<meta property=\"og:locale\" content=\"tr_TR\" \/>\n<meta property=\"og:type\" content=\"article\" \/>\n<meta property=\"og:title\" content=\"\u0130\u015f yerini bast\u0131klar\u0131 \u015fahs\u0131n aya\u011f\u0131ndan vurup o anlar\u0131 kaydettiler - Memurun Sesi\" \/>\n<meta property=\"og:description\" content=\"&#8211; Alacak-verecek meselesinde bir ki\u015fiyi vuran iki \u015fah\u0131s tutukland\u0131 Ankara\u2019da alacak-verecek meselesinden, i\u015f yerine gelerek bir ki\u015fiyi vuran iki \u015fah\u0131s tutukland\u0131. Edinilen bilgilere g\u00f6re, C.\u00d6.\u2019ye ait olan i\u015f yerine gelen A.I. ve F.Y. isimli \u015fah\u0131slar, alacak-verecek meselelerini konu\u015furken, \u015f\u00fcphelilerden F.Y. o anlar\u0131 kamera kayd\u0131na almaya ba\u015flad\u0131. \u015e\u00fcphelilerden A.I.&#8217;n\u0131n yan\u0131ndaki \u015fah\u0131s olaylar\u0131 video kayd\u0131na al\u0131rken, i\u015f [&hellip;]\" \/>\n<meta property=\"og:url\" content=\"https:\/\/memurunsesi.net\/index.php\/2025\/06\/20\/is-yerini-bastiklari-sahsin-ayagindan-vurup-o-anlari-kaydettiler\/\" \/>\n<meta property=\"og:site_name\" content=\"Memurun Sesi\" \/>\n<meta property=\"article:publisher\" content=\"https:\/\/www.facebook.com\/unipersen\/?locale=tr_TR\" \/>\n<meta property=\"article:published_time\" content=\"2025-06-20T05:35:09+00:00\" \/>\n<meta name=\"author\" content=\"Memurun Sesi Haber Merkezi\" \/>\n<meta name=\"twitter:card\" content=\"summary_large_image\" \/>\n<meta name=\"twitter:creator\" content=\"@unipersen\" \/>\n<meta name=\"twitter:site\" content=\"@unipersen\" \/>\n<meta name=\"twitter:label1\" content=\"Yazan:\" \/>\n\t<meta name=\"twitter:data1\" content=\"Memurun Sesi Haber Merkezi\" \/>\n<script type=\"application\/ld+json\" class=\"yoast-schema-graph\">{\"@context\":\"https:\\\/\\\/schema.org\",\"@graph\":[{\"@type\":\"Article\",\"@id\":\"https:\\\/\\\/memurunsesi.net\\\/index.php\\\/2025\\\/06\\\/20\\\/is-yerini-bastiklari-sahsin-ayagindan-vurup-o-anlari-kaydettiler\\\/#article\",\"isPartOf\":{\"@id\":\"https:\\\/\\\/memurunsesi.net\\\/index.php\\\/2025\\\/06\\\/20\\\/is-yerini-bastiklari-sahsin-ayagindan-vurup-o-anlari-kaydettiler\\\/\"},\"author\":{\"name\":\"Memurun Sesi Haber Merkezi\",\"@id\":\"https:\\\/\\\/memurunsesi.net\\\/#\\\/schema\\\/person\\\/f21c2d73b89f6ee1d80b0a1803e38587\"},\"headline\":\"\u0130\u015f yerini bast\u0131klar\u0131 \u015fahs\u0131n aya\u011f\u0131ndan vurup o anlar\u0131 kaydettiler\",\"datePublished\":\"2025-06-20T05:35:09+00:00\",\"mainEntityOfPage\":{\"@id\":\"https:\\\/\\\/memurunsesi.net\\\/index.php\\\/2025\\\/06\\\/20\\\/is-yerini-bastiklari-sahsin-ayagindan-vurup-o-anlari-kaydettiler\\\/\"},\"wordCount\":208,\"commentCount\":0,\"publisher\":{\"@id\":\"https:\\\/\\\/memurunsesi.net\\\/#organization\"},\"inLanguage\":\"tr\",\"potentialAction\":[{\"@type\":\"CommentAction\",\"name\":\"Comment\",\"target\":[\"https:\\\/\\\/memurunsesi.net\\\/index.php\\\/2025\\\/06\\\/20\\\/is-yerini-bastiklari-sahsin-ayagindan-vurup-o-anlari-kaydettiler\\\/#respond\"]}]},{\"@type\":\"WebPage\",\"@id\":\"https:\\\/\\\/memurunsesi.net\\\/index.php\\\/2025\\\/06\\\/20\\\/is-yerini-bastiklari-sahsin-ayagindan-vurup-o-anlari-kaydettiler\\\/\",\"url\":\"https:\\\/\\\/memurunsesi.net\\\/index.php\\\/2025\\\/06\\\/20\\\/is-yerini-bastiklari-sahsin-ayagindan-vurup-o-anlari-kaydettiler\\\/\",\"name\":\"\u0130\u015f yerini bast\u0131klar\u0131 \u015fahs\u0131n aya\u011f\u0131ndan vurup o anlar\u0131 kaydettiler - Memurun Sesi\",\"isPartOf\":{\"@id\":\"https:\\\/\\\/memurunsesi.net\\\/#website\"},\"datePublished\":\"2025-06-20T05:35:09+00:00\",\"breadcrumb\":{\"@id\":\"https:\\\/\\\/memurunsesi.net\\\/index.php\\\/2025\\\/06\\\/20\\\/is-yerini-bastiklari-sahsin-ayagindan-vurup-o-anlari-kaydettiler\\\/#breadcrumb\"},\"inLanguage\":\"tr\",\"potentialAction\":[{\"@type\":\"ReadAction\",\"target\":[\"https:\\\/\\\/memurunsesi.net\\\/index.php\\\/2025\\\/06\\\/20\\\/is-yerini-bastiklari-sahsin-ayagindan-vurup-o-anlari-kaydettiler\\\/\"]}]},{\"@type\":\"BreadcrumbList\",\"@id\":\"https:\\\/\\\/memurunsesi.net\\\/index.php\\\/2025\\\/06\\\/20\\\/is-yerini-bastiklari-sahsin-ayagindan-vurup-o-anlari-kaydettiler\\\/#breadcrumb\",\"itemListElement\":[{\"@type\":\"ListItem\",\"position\":1,\"name\":\"Anasayfa\",\"item\":\"https:\\\/\\\/memurunsesi.net\\\/\"},{\"@type\":\"ListItem\",\"position\":2,\"name\":\"\u0130\u015f yerini bast\u0131klar\u0131 \u015fahs\u0131n aya\u011f\u0131ndan vurup o anlar\u0131 kaydettiler\"}]},{\"@type\":\"WebSite\",\"@id\":\"https:\\\/\\\/memurunsesi.net\\\/#website\",\"url\":\"https:\\\/\\\/memurunsesi.net\\\/\",\"name\":\"Memurun Sesi\",\"description\":\"G\u00fcncel ve Do\u011fru Haber\",\"publisher\":{\"@id\":\"https:\\\/\\\/memurunsesi.net\\\/#organization\"},\"potentialAction\":[{\"@type\":\"SearchAction\",\"target\":{\"@type\":\"EntryPoint\",\"urlTemplate\":\"https:\\\/\\\/memurunsesi.net\\\/?s={search_term_string}\"},\"query-input\":{\"@type\":\"PropertyValueSpecification\",\"valueRequired\":true,\"valueName\":\"search_term_string\"}}],\"inLanguage\":\"tr\"},{\"@type\":\"Organization\",\"@id\":\"https:\\\/\\\/memurunsesi.net\\\/#organization\",\"name\":\"Memurun Sesi\",\"url\":\"https:\\\/\\\/memurunsesi.net\\\/\",\"logo\":{\"@type\":\"ImageObject\",\"inLanguage\":\"tr\",\"@id\":\"https:\\\/\\\/memurunsesi.net\\\/#\\\/schema\\\/logo\\\/image\\\/\",\"url\":\"https:\\\/\\\/memurunsesi.net\\\/wp-content\\\/uploads\\\/2025\\\/11\\\/cropped-MEMURUN-SESI.png\",\"contentUrl\":\"https:\\\/\\\/memurunsesi.net\\\/wp-content\\\/uploads\\\/2025\\\/11\\\/cropped-MEMURUN-SESI.png\",\"width\":238,\"height\":57,\"caption\":\"Memurun Sesi\"},\"image\":{\"@id\":\"https:\\\/\\\/memurunsesi.net\\\/#\\\/schema\\\/logo\\\/image\\\/\"},\"sameAs\":[\"https:\\\/\\\/www.facebook.com\\\/unipersen\\\/?locale=tr_TR\",\"https:\\\/\\\/x.com\\\/unipersen\"]},{\"@type\":\"Person\",\"@id\":\"https:\\\/\\\/memurunsesi.net\\\/#\\\/schema\\\/person\\\/f21c2d73b89f6ee1d80b0a1803e38587\",\"name\":\"Memurun Sesi Haber Merkezi\",\"image\":{\"@type\":\"ImageObject\",\"inLanguage\":\"tr\",\"@id\":\"https:\\\/\\\/secure.gravatar.com\\\/avatar\\\/6cf0505f452ee753f485014986fab09a434671d2b919ee76fc541025c5876a70?s=96&d=mm&r=g\",\"url\":\"https:\\\/\\\/secure.gravatar.com\\\/avatar\\\/6cf0505f452ee753f485014986fab09a434671d2b919ee76fc541025c5876a70?s=96&d=mm&r=g\",\"contentUrl\":\"https:\\\/\\\/secure.gravatar.com\\\/avatar\\\/6cf0505f452ee753f485014986fab09a434671d2b919ee76fc541025c5876a70?s=96&d=mm&r=g\",\"caption\":\"Memurun Sesi Haber Merkezi\"},\"sameAs\":[\"https:\\\/\\\/memurunsesi.net\"],\"url\":\"https:\\\/\\\/memurunsesi.net\\\/index.php\\\/author\\\/uniper\\\/\"}]}<\/script>\n<!-- \/ Yoast SEO plugin. -->","yoast_head_json":{"title":"\u0130\u015f yerini bast\u0131klar\u0131 \u015fahs\u0131n aya\u011f\u0131ndan vurup o anlar\u0131 kaydettiler - Memurun Sesi","robots":{"index":"index","follow":"follow","max-snippet":"max-snippet:-1","max-image-preview":"max-image-preview:large","max-video-preview":"max-video-preview:-1"},"canonical":"https:\/\/memurunsesi.net\/index.php\/2025\/06\/20\/is-yerini-bastiklari-sahsin-ayagindan-vurup-o-anlari-kaydettiler\/","og_locale":"tr_TR","og_type":"article","og_title":"\u0130\u015f yerini bast\u0131klar\u0131 \u015fahs\u0131n aya\u011f\u0131ndan vurup o anlar\u0131 kaydettiler - Memurun Sesi","og_description":"&#8211; Alacak-verecek meselesinde bir ki\u015fiyi vuran iki \u015fah\u0131s tutukland\u0131 Ankara\u2019da alacak-verecek meselesinden, i\u015f yerine gelerek bir ki\u015fiyi vuran iki \u015fah\u0131s tutukland\u0131. Edinilen bilgilere g\u00f6re, C.\u00d6.\u2019ye ait olan i\u015f yerine gelen A.I. ve F.Y. isimli \u015fah\u0131slar, alacak-verecek meselelerini konu\u015furken, \u015f\u00fcphelilerden F.Y. o anlar\u0131 kamera kayd\u0131na almaya ba\u015flad\u0131. \u015e\u00fcphelilerden A.I.&#8217;n\u0131n yan\u0131ndaki \u015fah\u0131s olaylar\u0131 video kayd\u0131na al\u0131rken, i\u015f [&hellip;]","og_url":"https:\/\/memurunsesi.net\/index.php\/2025\/06\/20\/is-yerini-bastiklari-sahsin-ayagindan-vurup-o-anlari-kaydettiler\/","og_site_name":"Memurun Sesi","article_publisher":"https:\/\/www.facebook.com\/unipersen\/?locale=tr_TR","article_published_time":"2025-06-20T05:35:09+00:00","author":"Memurun Sesi Haber Merkezi","twitter_card":"summary_large_image","twitter_creator":"@unipersen","twitter_site":"@unipersen","twitter_misc":{"Yazan:":"Memurun Sesi Haber Merkezi"},"schema":{"@context":"https:\/\/schema.org","@graph":[{"@type":"Article","@id":"https:\/\/memurunsesi.net\/index.php\/2025\/06\/20\/is-yerini-bastiklari-sahsin-ayagindan-vurup-o-anlari-kaydettiler\/#article","isPartOf":{"@id":"https:\/\/memurunsesi.net\/index.php\/2025\/06\/20\/is-yerini-bastiklari-sahsin-ayagindan-vurup-o-anlari-kaydettiler\/"},"author":{"name":"Memurun Sesi Haber Merkezi","@id":"https:\/\/memurunsesi.net\/#\/schema\/person\/f21c2d73b89f6ee1d80b0a1803e38587"},"headline":"\u0130\u015f yerini bast\u0131klar\u0131 \u015fahs\u0131n aya\u011f\u0131ndan vurup o anlar\u0131 kaydettiler","datePublished":"2025-06-20T05:35:09+00:00","mainEntityOfPage":{"@id":"https:\/\/memurunsesi.net\/index.php\/2025\/06\/20\/is-yerini-bastiklari-sahsin-ayagindan-vurup-o-anlari-kaydettiler\/"},"wordCount":208,"commentCount":0,"publisher":{"@id":"https:\/\/memurunsesi.net\/#organization"},"inLanguage":"tr","potentialAction":[{"@type":"CommentAction","name":"Comment","target":["https:\/\/memurunsesi.net\/index.php\/2025\/06\/20\/is-yerini-bastiklari-sahsin-ayagindan-vurup-o-anlari-kaydettiler\/#respond"]}]},{"@type":"WebPage","@id":"https:\/\/memurunsesi.net\/index.php\/2025\/06\/20\/is-yerini-bastiklari-sahsin-ayagindan-vurup-o-anlari-kaydettiler\/","url":"https:\/\/memurunsesi.net\/index.php\/2025\/06\/20\/is-yerini-bastiklari-sahsin-ayagindan-vurup-o-anlari-kaydettiler\/","name":"\u0130\u015f yerini bast\u0131klar\u0131 \u015fahs\u0131n aya\u011f\u0131ndan vurup o anlar\u0131 kaydettiler - Memurun Sesi","isPartOf":{"@id":"https:\/\/memurunsesi.net\/#website"},"datePublished":"2025-06-20T05:35:09+00:00","breadcrumb":{"@id":"https:\/\/memurunsesi.net\/index.php\/2025\/06\/20\/is-yerini-bastiklari-sahsin-ayagindan-vurup-o-anlari-kaydettiler\/#breadcrumb"},"inLanguage":"tr","potentialAction":[{"@type":"ReadAction","target":["https:\/\/memurunsesi.net\/index.php\/2025\/06\/20\/is-yerini-bastiklari-sahsin-ayagindan-vurup-o-anlari-kaydettiler\/"]}]},{"@type":"BreadcrumbList","@id":"https:\/\/memurunsesi.net\/index.php\/2025\/06\/20\/is-yerini-bastiklari-sahsin-ayagindan-vurup-o-anlari-kaydettiler\/#breadcrumb","itemListElement":[{"@type":"ListItem","position":1,"name":"Anasayfa","item":"https:\/\/memurunsesi.net\/"},{"@type":"ListItem","position":2,"name":"\u0130\u015f yerini bast\u0131klar\u0131 \u015fahs\u0131n aya\u011f\u0131ndan vurup o anlar\u0131 kaydettiler"}]},{"@type":"WebSite","@id":"https:\/\/memurunsesi.net\/#website","url":"https:\/\/memurunsesi.net\/","name":"Memurun Sesi","description":"G\u00fcncel ve Do\u011fru Haber","publisher":{"@id":"https:\/\/memurunsesi.net\/#organization"},"potentialAction":[{"@type":"SearchAction","target":{"@type":"EntryPoint","urlTemplate":"https:\/\/memurunsesi.net\/?s={search_term_string}"},"query-input":{"@type":"PropertyValueSpecification","valueRequired":true,"valueName":"search_term_string"}}],"inLanguage":"tr"},{"@type":"Organization","@id":"https:\/\/memurunsesi.net\/#organization","name":"Memurun Sesi","url":"https:\/\/memurunsesi.net\/","logo":{"@type":"ImageObject","inLanguage":"tr","@id":"https:\/\/memurunsesi.net\/#\/schema\/logo\/image\/","url":"https:\/\/memurunsesi.net\/wp-content\/uploads\/2025\/11\/cropped-MEMURUN-SESI.png","contentUrl":"https:\/\/memurunsesi.net\/wp-content\/uploads\/2025\/11\/cropped-MEMURUN-SESI.png","width":238,"height":57,"caption":"Memurun Sesi"},"image":{"@id":"https:\/\/memurunsesi.net\/#\/schema\/logo\/image\/"},"sameAs":["https:\/\/www.facebook.com\/unipersen\/?locale=tr_TR","https:\/\/x.com\/unipersen"]},{"@type":"Person","@id":"https:\/\/memurunsesi.net\/#\/schema\/person\/f21c2d73b89f6ee1d80b0a1803e38587","name":"Memurun Sesi Haber Merkezi","image":{"@type":"ImageObject","inLanguage":"tr","@id":"https:\/\/secure.gravatar.com\/avatar\/6cf0505f452ee753f485014986fab09a434671d2b919ee76fc541025c5876a70?s=96&d=mm&r=g","url":"https:\/\/secure.gravatar.com\/avatar\/6cf0505f452ee753f485014986fab09a434671d2b919ee76fc541025c5876a70?s=96&d=mm&r=g","contentUrl":"https:\/\/secure.gravatar.com\/avatar\/6cf0505f452ee753f485014986fab09a434671d2b919ee76fc541025c5876a70?s=96&d=mm&r=g","caption":"Memurun Sesi Haber Merkezi"},"sameAs":["https:\/\/memurunsesi.net"],"url":"https:\/\/memurunsesi.net\/index.php\/author\/uniper\/"}]}},"_links":{"self":[{"href":"https:\/\/memurunsesi.net\/index.php\/wp-json\/wp\/v2\/posts\/8247","targetHints":{"allow":["GET"]}}],"collection":[{"href":"https:\/\/memurunsesi.net\/index.php\/wp-json\/wp\/v2\/posts"}],"about":[{"href":"https:\/\/memurunsesi.net\/index.php\/wp-json\/wp\/v2\/types\/post"}],"author":[{"embeddable":true,"href":"https:\/\/memurunsesi.net\/index.php\/wp-json\/wp\/v2\/users\/1"}],"replies":[{"embeddable":true,"href":"https:\/\/memurunsesi.net\/index.php\/wp-json\/wp\/v2\/comments?post=8247"}],"version-history":[{"count":1,"href":"https:\/\/memurunsesi.net\/index.php\/wp-json\/wp\/v2\/posts\/8247\/revisions"}],"predecessor-version":[{"id":8249,"href":"https:\/\/memurunsesi.net\/index.php\/wp-json\/wp\/v2\/posts\/8247\/revisions\/8249"}],"wp:attachment":[{"href":"https:\/\/memurunsesi.net\/index.php\/wp-json\/wp\/v2\/media?parent=8247"}],"wp:term":[{"taxonomy":"category","embeddable":true,"href":"https:\/\/memurunsesi.net\/index.php\/wp-json\/wp\/v2\/categories?post=8247"},{"taxonomy":"post_tag","embeddable":true,"href":"https:\/\/memurunsesi.net\/index.php\/wp-json\/wp\/v2\/tags?post=8247"}],"curies":[{"name":"wp","href":"https:\/\/api.w.org\/{rel}","templated":true}]}}