{"id":8250,"date":"2025-06-20T08:36:30","date_gmt":"2025-06-20T05:36:30","guid":{"rendered":"https:\/\/memurunsesi.net\/?p=8250"},"modified":"2025-06-20T08:36:30","modified_gmt":"2025-06-20T05:36:30","slug":"il-saglik-mudurlugu-estetik-ameliyatinda-olen-fenomen-icin-inceleme-baslatti","status":"publish","type":"post","link":"https:\/\/memurunsesi.net\/index.php\/2025\/06\/20\/il-saglik-mudurlugu-estetik-ameliyatinda-olen-fenomen-icin-inceleme-baslatti\/","title":{"rendered":"\u0130l Sa\u011fl\u0131k M\u00fcd\u00fcrl\u00fc\u011f\u00fc estetik ameliyat\u0131nda \u00f6len fenomen i\u00e7in inceleme ba\u015flatt\u0131"},"content":{"rendered":"<p>   \u0130stanbul \u0130l Sa\u011fl\u0131k M\u00fcd\u00fcrl\u00fc\u011f\u00fc, \u0130stanbul&#8217;da \u00f6zel bir hastanede estetik operasyonu sonucu hayat\u0131n\u0131 kaybeden Mozambikli sosyal medya fenomeni Ana Barbara Buhr Buldrin&#8217;in \u00f6l\u00fcm\u00fcne ili\u015fkin inceleme ba\u015flatt\u0131.<br \/>\n  Mozambikli fenomen ve \u015fark\u0131c\u0131 Ana Brbara Buhr Buldrini, \u0130stanbul&#8217;da \u00f6zel bir hastanede ge\u00e7irdi\u011fi estetik ameliyat s\u0131ras\u0131nda hayat\u0131n\u0131 kaybetti. Fenomenin \u00f6l\u00fcm\u00fcn\u00fcn ard\u0131ndan \u0130l Sa\u011fl\u0131k M\u00fcd\u00fcrl\u00fc\u011f\u00fc, olaya ili\u015fkin inceleme ba\u015flatt\u0131\u011f\u0131n\u0131 duyurdu. A\u00e7\u0131klamada, &#8220;Baz\u0131 medya organlar\u0131nda yer alan, sosyal medya fenomeni Ana Brbara Buhr Buldrini&#8217;nin estetik operasyon s\u0131ras\u0131nda hayat\u0131n\u0131 kaybetti\u011fi y\u00f6n\u00fcndeki haberler \u00fczerine kamuoyunun do\u011fru bilgilendirilmesi amac\u0131yla a\u00e7\u0131klama yap\u0131lmas\u0131 zarureti has\u0131l olmu\u015ftur. Buldrini, 15 Haziran 2025 tarihinde \u0130stanbul&#8217;daki \u00f6zel bir hastanede ge\u00e7irdi\u011fi estetik operasyonun ard\u0131ndan, uyand\u0131rma s\u00fcrecinde geli\u015fen ciddi komplikasyonlar nedeniyle t\u00fcm m\u00fcdahalelere ra\u011fmen hayat\u0131n\u0131 kaybetmi\u015ftir. Olayla ilgili adli s\u00fcre\u00e7 ba\u015flat\u0131lm\u0131\u015f olup, kesin \u00f6l\u00fcm nedeni yap\u0131lacak otopsi sonucunda netlik kazanacakt\u0131r. Bakanl\u0131\u011f\u0131m\u0131z\u0131n t\u0131bbi s\u00fcrece ili\u015fkin incelemesi titizlikle s\u00fcrd\u00fcr\u00fclmektedir. Ayr\u0131ca m\u00fcd\u00fcrl\u00fc\u011f\u00fcm\u00fcz\u00fcn re&#8217;sen talimat\u0131yla, s\u00f6z konusu hastanenin ameliyathane ve yo\u011fun bak\u0131m birimleri ile ilgili hekimin muayenehanesinde ola\u011fan d\u0131\u015f\u0131 denetim ger\u00e7ekle\u015ftirilmi\u015ftir. Denetim s\u00fcreci devam etmekte olup olay\u0131n t\u00fcm y\u00f6nleriyle ayd\u0131nlat\u0131lmas\u0131 i\u00e7in \u00e7al\u0131\u015fmalar hassasiyetle y\u00fcr\u00fct\u00fclmektedir&#8221; ifadelerine yer verildi. <\/p>\n<p>20.06.2025                                <\/p>\n","protected":false},"excerpt":{"rendered":"<p>\u0130stanbul \u0130l Sa\u011fl\u0131k M\u00fcd\u00fcrl\u00fc\u011f\u00fc, \u0130stanbul&#8217;da \u00f6zel bir hastanede estetik operasyonu sonucu hayat\u0131n\u0131 kaybeden Mozambikli sosyal medya fenomeni Ana Barbara Buhr Buldrin&#8217;in \u00f6l\u00fcm\u00fcne ili\u015fkin inceleme ba\u015flatt\u0131. Mozambikli fenomen ve \u015fark\u0131c\u0131 Ana Brbara Buhr Buldrini, \u0130stanbul&#8217;da \u00f6zel bir hastanede ge\u00e7irdi\u011fi estetik ameliyat s\u0131ras\u0131nda hayat\u0131n\u0131 kaybetti. Fenomenin \u00f6l\u00fcm\u00fcn\u00fcn ard\u0131ndan \u0130l Sa\u011fl\u0131k M\u00fcd\u00fcrl\u00fc\u011f\u00fc, olaya ili\u015fkin inceleme ba\u015flatt\u0131\u011f\u0131n\u0131 duyurdu. A\u00e7\u0131klamada, [&hellip;]<\/p>\n","protected":false},"author":1,"featured_media":8251,"comment_status":"open","ping_status":"open","sticky":false,"template":"","format":"standard","meta":{"footnotes":""},"categories":[50],"tags":[],"class_list":["post-8250","post","type-post","status-publish","format-standard","has-post-thumbnail","hentry","category-tum-haberler"],"yoast_head":"<!-- This site is optimized with the Yoast SEO plugin v27.4 - https:\/\/yoast.com\/product\/yoast-seo-wordpress\/ -->\n<title>\u0130l Sa\u011fl\u0131k M\u00fcd\u00fcrl\u00fc\u011f\u00fc estetik ameliyat\u0131nda \u00f6len fenomen i\u00e7in inceleme ba\u015flatt\u0131 - Memurun Sesi<\/title>\n<meta name=\"robots\" content=\"index, follow, max-snippet:-1, max-image-preview:large, max-video-preview:-1\" \/>\n<link rel=\"canonical\" href=\"https:\/\/memurunsesi.net\/index.php\/2025\/06\/20\/il-saglik-mudurlugu-estetik-ameliyatinda-olen-fenomen-icin-inceleme-baslatti\/\" \/>\n<meta property=\"og:locale\" content=\"tr_TR\" \/>\n<meta property=\"og:type\" content=\"article\" \/>\n<meta property=\"og:title\" content=\"\u0130l Sa\u011fl\u0131k M\u00fcd\u00fcrl\u00fc\u011f\u00fc estetik ameliyat\u0131nda \u00f6len fenomen i\u00e7in inceleme ba\u015flatt\u0131 - Memurun Sesi\" \/>\n<meta property=\"og:description\" content=\"\u0130stanbul \u0130l Sa\u011fl\u0131k M\u00fcd\u00fcrl\u00fc\u011f\u00fc, \u0130stanbul&#8217;da \u00f6zel bir hastanede estetik operasyonu sonucu hayat\u0131n\u0131 kaybeden Mozambikli sosyal medya fenomeni Ana Barbara Buhr Buldrin&#8217;in \u00f6l\u00fcm\u00fcne ili\u015fkin inceleme ba\u015flatt\u0131. Mozambikli fenomen ve \u015fark\u0131c\u0131 Ana Brbara Buhr Buldrini, \u0130stanbul&#8217;da \u00f6zel bir hastanede ge\u00e7irdi\u011fi estetik ameliyat s\u0131ras\u0131nda hayat\u0131n\u0131 kaybetti. Fenomenin \u00f6l\u00fcm\u00fcn\u00fcn ard\u0131ndan \u0130l Sa\u011fl\u0131k M\u00fcd\u00fcrl\u00fc\u011f\u00fc, olaya ili\u015fkin inceleme ba\u015flatt\u0131\u011f\u0131n\u0131 duyurdu. A\u00e7\u0131klamada, [&hellip;]\" \/>\n<meta property=\"og:url\" content=\"https:\/\/memurunsesi.net\/index.php\/2025\/06\/20\/il-saglik-mudurlugu-estetik-ameliyatinda-olen-fenomen-icin-inceleme-baslatti\/\" \/>\n<meta property=\"og:site_name\" content=\"Memurun Sesi\" \/>\n<meta property=\"article:publisher\" content=\"https:\/\/www.facebook.com\/unipersen\/?locale=tr_TR\" \/>\n<meta property=\"article:published_time\" content=\"2025-06-20T05:36:30+00:00\" \/>\n<meta property=\"og:image\" content=\"https:\/\/memurunsesi.net\/wp-content\/uploads\/2025\/06\/AW479929_01.jpg\" \/>\n\t<meta property=\"og:image:width\" content=\"764\" \/>\n\t<meta property=\"og:image:height\" content=\"843\" \/>\n\t<meta property=\"og:image:type\" content=\"image\/jpeg\" \/>\n<meta name=\"author\" content=\"Memurun Sesi Haber Merkezi\" \/>\n<meta name=\"twitter:card\" content=\"summary_large_image\" \/>\n<meta name=\"twitter:creator\" content=\"@unipersen\" \/>\n<meta name=\"twitter:site\" content=\"@unipersen\" \/>\n<meta name=\"twitter:label1\" content=\"Yazan:\" \/>\n\t<meta name=\"twitter:data1\" content=\"Memurun Sesi Haber Merkezi\" \/>\n\t<meta name=\"twitter:label2\" content=\"Tahmini okuma s\u00fcresi\" \/>\n\t<meta name=\"twitter:data2\" content=\"1 dakika\" \/>\n<script type=\"application\/ld+json\" class=\"yoast-schema-graph\">{\"@context\":\"https:\\\/\\\/schema.org\",\"@graph\":[{\"@type\":\"Article\",\"@id\":\"https:\\\/\\\/memurunsesi.net\\\/index.php\\\/2025\\\/06\\\/20\\\/il-saglik-mudurlugu-estetik-ameliyatinda-olen-fenomen-icin-inceleme-baslatti\\\/#article\",\"isPartOf\":{\"@id\":\"https:\\\/\\\/memurunsesi.net\\\/index.php\\\/2025\\\/06\\\/20\\\/il-saglik-mudurlugu-estetik-ameliyatinda-olen-fenomen-icin-inceleme-baslatti\\\/\"},\"author\":{\"name\":\"Memurun Sesi Haber Merkezi\",\"@id\":\"https:\\\/\\\/memurunsesi.net\\\/#\\\/schema\\\/person\\\/f21c2d73b89f6ee1d80b0a1803e38587\"},\"headline\":\"\u0130l Sa\u011fl\u0131k M\u00fcd\u00fcrl\u00fc\u011f\u00fc estetik ameliyat\u0131nda \u00f6len fenomen i\u00e7in inceleme ba\u015flatt\u0131\",\"datePublished\":\"2025-06-20T05:36:30+00:00\",\"mainEntityOfPage\":{\"@id\":\"https:\\\/\\\/memurunsesi.net\\\/index.php\\\/2025\\\/06\\\/20\\\/il-saglik-mudurlugu-estetik-ameliyatinda-olen-fenomen-icin-inceleme-baslatti\\\/\"},\"wordCount\":277,\"commentCount\":0,\"publisher\":{\"@id\":\"https:\\\/\\\/memurunsesi.net\\\/#organization\"},\"image\":{\"@id\":\"https:\\\/\\\/memurunsesi.net\\\/index.php\\\/2025\\\/06\\\/20\\\/il-saglik-mudurlugu-estetik-ameliyatinda-olen-fenomen-icin-inceleme-baslatti\\\/#primaryimage\"},\"thumbnailUrl\":\"https:\\\/\\\/memurunsesi.net\\\/wp-content\\\/uploads\\\/2025\\\/06\\\/AW479929_01.jpg\",\"articleSection\":[\"T\u00fcm Haberler\"],\"inLanguage\":\"tr\",\"potentialAction\":[{\"@type\":\"CommentAction\",\"name\":\"Comment\",\"target\":[\"https:\\\/\\\/memurunsesi.net\\\/index.php\\\/2025\\\/06\\\/20\\\/il-saglik-mudurlugu-estetik-ameliyatinda-olen-fenomen-icin-inceleme-baslatti\\\/#respond\"]}]},{\"@type\":\"WebPage\",\"@id\":\"https:\\\/\\\/memurunsesi.net\\\/index.php\\\/2025\\\/06\\\/20\\\/il-saglik-mudurlugu-estetik-ameliyatinda-olen-fenomen-icin-inceleme-baslatti\\\/\",\"url\":\"https:\\\/\\\/memurunsesi.net\\\/index.php\\\/2025\\\/06\\\/20\\\/il-saglik-mudurlugu-estetik-ameliyatinda-olen-fenomen-icin-inceleme-baslatti\\\/\",\"name\":\"\u0130l Sa\u011fl\u0131k M\u00fcd\u00fcrl\u00fc\u011f\u00fc estetik ameliyat\u0131nda \u00f6len fenomen i\u00e7in inceleme ba\u015flatt\u0131 - Memurun Sesi\",\"isPartOf\":{\"@id\":\"https:\\\/\\\/memurunsesi.net\\\/#website\"},\"primaryImageOfPage\":{\"@id\":\"https:\\\/\\\/memurunsesi.net\\\/index.php\\\/2025\\\/06\\\/20\\\/il-saglik-mudurlugu-estetik-ameliyatinda-olen-fenomen-icin-inceleme-baslatti\\\/#primaryimage\"},\"image\":{\"@id\":\"https:\\\/\\\/memurunsesi.net\\\/index.php\\\/2025\\\/06\\\/20\\\/il-saglik-mudurlugu-estetik-ameliyatinda-olen-fenomen-icin-inceleme-baslatti\\\/#primaryimage\"},\"thumbnailUrl\":\"https:\\\/\\\/memurunsesi.net\\\/wp-content\\\/uploads\\\/2025\\\/06\\\/AW479929_01.jpg\",\"datePublished\":\"2025-06-20T05:36:30+00:00\",\"breadcrumb\":{\"@id\":\"https:\\\/\\\/memurunsesi.net\\\/index.php\\\/2025\\\/06\\\/20\\\/il-saglik-mudurlugu-estetik-ameliyatinda-olen-fenomen-icin-inceleme-baslatti\\\/#breadcrumb\"},\"inLanguage\":\"tr\",\"potentialAction\":[{\"@type\":\"ReadAction\",\"target\":[\"https:\\\/\\\/memurunsesi.net\\\/index.php\\\/2025\\\/06\\\/20\\\/il-saglik-mudurlugu-estetik-ameliyatinda-olen-fenomen-icin-inceleme-baslatti\\\/\"]}]},{\"@type\":\"ImageObject\",\"inLanguage\":\"tr\",\"@id\":\"https:\\\/\\\/memurunsesi.net\\\/index.php\\\/2025\\\/06\\\/20\\\/il-saglik-mudurlugu-estetik-ameliyatinda-olen-fenomen-icin-inceleme-baslatti\\\/#primaryimage\",\"url\":\"https:\\\/\\\/memurunsesi.net\\\/wp-content\\\/uploads\\\/2025\\\/06\\\/AW479929_01.jpg\",\"contentUrl\":\"https:\\\/\\\/memurunsesi.net\\\/wp-content\\\/uploads\\\/2025\\\/06\\\/AW479929_01.jpg\",\"width\":764,\"height\":843,\"caption\":\"\u0130STANBUL \u0130L SA\u011eLIK M\u00dcD\u00dcRL\u00dc\u011e\u00dc, \u0130STANBUL'DA \u00d6ZEL B\u0130R HASTANEDE ESTET\u0130K OPERASYONU SONUCU HAYATINI KAYBEDEN MOZAMB\u0130KL\u0130 SOSYAL MEDYA FENOMEN\u0130 ANA BARBARA BUHR BULDR\u0130N'\u0130N \u00d6L\u00dcM\u00dcNE \u0130L\u0130\u015eK\u0130N \u0130NCELEME BA\u015eLATTI. (\u0130HA\\\/\u0130STANBUL-\u0130HA) \u0130stanbul \u0130l Sa\u011fl\u0131k M\u00fcd\u00fcrl\u00fc\u011f\u00fc, \u0130stanbul'da \u00f6zel bir hastanede estetik operasyonu sonucu hayat\u0131n\u0131 kaybeden Mozambikli sosyal medya fenomeni Ana Barbara Buhr Buldrin'in \u00f6l\u00fcm\u00fcne ili\u015fkin inceleme ba\u015flatt\u0131.\"},{\"@type\":\"BreadcrumbList\",\"@id\":\"https:\\\/\\\/memurunsesi.net\\\/index.php\\\/2025\\\/06\\\/20\\\/il-saglik-mudurlugu-estetik-ameliyatinda-olen-fenomen-icin-inceleme-baslatti\\\/#breadcrumb\",\"itemListElement\":[{\"@type\":\"ListItem\",\"position\":1,\"name\":\"Anasayfa\",\"item\":\"https:\\\/\\\/memurunsesi.net\\\/\"},{\"@type\":\"ListItem\",\"position\":2,\"name\":\"\u0130l Sa\u011fl\u0131k M\u00fcd\u00fcrl\u00fc\u011f\u00fc estetik ameliyat\u0131nda \u00f6len fenomen i\u00e7in inceleme ba\u015flatt\u0131\"}]},{\"@type\":\"WebSite\",\"@id\":\"https:\\\/\\\/memurunsesi.net\\\/#website\",\"url\":\"https:\\\/\\\/memurunsesi.net\\\/\",\"name\":\"Memurun Sesi\",\"description\":\"G\u00fcncel ve Do\u011fru Haber\",\"publisher\":{\"@id\":\"https:\\\/\\\/memurunsesi.net\\\/#organization\"},\"potentialAction\":[{\"@type\":\"SearchAction\",\"target\":{\"@type\":\"EntryPoint\",\"urlTemplate\":\"https:\\\/\\\/memurunsesi.net\\\/?s={search_term_string}\"},\"query-input\":{\"@type\":\"PropertyValueSpecification\",\"valueRequired\":true,\"valueName\":\"search_term_string\"}}],\"inLanguage\":\"tr\"},{\"@type\":\"Organization\",\"@id\":\"https:\\\/\\\/memurunsesi.net\\\/#organization\",\"name\":\"Memurun Sesi\",\"url\":\"https:\\\/\\\/memurunsesi.net\\\/\",\"logo\":{\"@type\":\"ImageObject\",\"inLanguage\":\"tr\",\"@id\":\"https:\\\/\\\/memurunsesi.net\\\/#\\\/schema\\\/logo\\\/image\\\/\",\"url\":\"https:\\\/\\\/memurunsesi.net\\\/wp-content\\\/uploads\\\/2025\\\/11\\\/cropped-MEMURUN-SESI.png\",\"contentUrl\":\"https:\\\/\\\/memurunsesi.net\\\/wp-content\\\/uploads\\\/2025\\\/11\\\/cropped-MEMURUN-SESI.png\",\"width\":238,\"height\":57,\"caption\":\"Memurun Sesi\"},\"image\":{\"@id\":\"https:\\\/\\\/memurunsesi.net\\\/#\\\/schema\\\/logo\\\/image\\\/\"},\"sameAs\":[\"https:\\\/\\\/www.facebook.com\\\/unipersen\\\/?locale=tr_TR\",\"https:\\\/\\\/x.com\\\/unipersen\"]},{\"@type\":\"Person\",\"@id\":\"https:\\\/\\\/memurunsesi.net\\\/#\\\/schema\\\/person\\\/f21c2d73b89f6ee1d80b0a1803e38587\",\"name\":\"Memurun Sesi Haber Merkezi\",\"image\":{\"@type\":\"ImageObject\",\"inLanguage\":\"tr\",\"@id\":\"https:\\\/\\\/secure.gravatar.com\\\/avatar\\\/6cf0505f452ee753f485014986fab09a434671d2b919ee76fc541025c5876a70?s=96&d=mm&r=g\",\"url\":\"https:\\\/\\\/secure.gravatar.com\\\/avatar\\\/6cf0505f452ee753f485014986fab09a434671d2b919ee76fc541025c5876a70?s=96&d=mm&r=g\",\"contentUrl\":\"https:\\\/\\\/secure.gravatar.com\\\/avatar\\\/6cf0505f452ee753f485014986fab09a434671d2b919ee76fc541025c5876a70?s=96&d=mm&r=g\",\"caption\":\"Memurun Sesi Haber Merkezi\"},\"sameAs\":[\"https:\\\/\\\/memurunsesi.net\"],\"url\":\"https:\\\/\\\/memurunsesi.net\\\/index.php\\\/author\\\/uniper\\\/\"}]}<\/script>\n<!-- \/ Yoast SEO plugin. -->","yoast_head_json":{"title":"\u0130l Sa\u011fl\u0131k M\u00fcd\u00fcrl\u00fc\u011f\u00fc estetik ameliyat\u0131nda \u00f6len fenomen i\u00e7in inceleme ba\u015flatt\u0131 - Memurun Sesi","robots":{"index":"index","follow":"follow","max-snippet":"max-snippet:-1","max-image-preview":"max-image-preview:large","max-video-preview":"max-video-preview:-1"},"canonical":"https:\/\/memurunsesi.net\/index.php\/2025\/06\/20\/il-saglik-mudurlugu-estetik-ameliyatinda-olen-fenomen-icin-inceleme-baslatti\/","og_locale":"tr_TR","og_type":"article","og_title":"\u0130l Sa\u011fl\u0131k M\u00fcd\u00fcrl\u00fc\u011f\u00fc estetik ameliyat\u0131nda \u00f6len fenomen i\u00e7in inceleme ba\u015flatt\u0131 - Memurun Sesi","og_description":"\u0130stanbul \u0130l Sa\u011fl\u0131k M\u00fcd\u00fcrl\u00fc\u011f\u00fc, \u0130stanbul&#8217;da \u00f6zel bir hastanede estetik operasyonu sonucu hayat\u0131n\u0131 kaybeden Mozambikli sosyal medya fenomeni Ana Barbara Buhr Buldrin&#8217;in \u00f6l\u00fcm\u00fcne ili\u015fkin inceleme ba\u015flatt\u0131. Mozambikli fenomen ve \u015fark\u0131c\u0131 Ana Brbara Buhr Buldrini, \u0130stanbul&#8217;da \u00f6zel bir hastanede ge\u00e7irdi\u011fi estetik ameliyat s\u0131ras\u0131nda hayat\u0131n\u0131 kaybetti. Fenomenin \u00f6l\u00fcm\u00fcn\u00fcn ard\u0131ndan \u0130l Sa\u011fl\u0131k M\u00fcd\u00fcrl\u00fc\u011f\u00fc, olaya ili\u015fkin inceleme ba\u015flatt\u0131\u011f\u0131n\u0131 duyurdu. A\u00e7\u0131klamada, [&hellip;]","og_url":"https:\/\/memurunsesi.net\/index.php\/2025\/06\/20\/il-saglik-mudurlugu-estetik-ameliyatinda-olen-fenomen-icin-inceleme-baslatti\/","og_site_name":"Memurun Sesi","article_publisher":"https:\/\/www.facebook.com\/unipersen\/?locale=tr_TR","article_published_time":"2025-06-20T05:36:30+00:00","og_image":[{"width":764,"height":843,"url":"https:\/\/memurunsesi.net\/wp-content\/uploads\/2025\/06\/AW479929_01.jpg","type":"image\/jpeg"}],"author":"Memurun Sesi Haber Merkezi","twitter_card":"summary_large_image","twitter_creator":"@unipersen","twitter_site":"@unipersen","twitter_misc":{"Yazan:":"Memurun Sesi Haber Merkezi","Tahmini okuma s\u00fcresi":"1 dakika"},"schema":{"@context":"https:\/\/schema.org","@graph":[{"@type":"Article","@id":"https:\/\/memurunsesi.net\/index.php\/2025\/06\/20\/il-saglik-mudurlugu-estetik-ameliyatinda-olen-fenomen-icin-inceleme-baslatti\/#article","isPartOf":{"@id":"https:\/\/memurunsesi.net\/index.php\/2025\/06\/20\/il-saglik-mudurlugu-estetik-ameliyatinda-olen-fenomen-icin-inceleme-baslatti\/"},"author":{"name":"Memurun Sesi Haber Merkezi","@id":"https:\/\/memurunsesi.net\/#\/schema\/person\/f21c2d73b89f6ee1d80b0a1803e38587"},"headline":"\u0130l Sa\u011fl\u0131k M\u00fcd\u00fcrl\u00fc\u011f\u00fc estetik ameliyat\u0131nda \u00f6len fenomen i\u00e7in inceleme ba\u015flatt\u0131","datePublished":"2025-06-20T05:36:30+00:00","mainEntityOfPage":{"@id":"https:\/\/memurunsesi.net\/index.php\/2025\/06\/20\/il-saglik-mudurlugu-estetik-ameliyatinda-olen-fenomen-icin-inceleme-baslatti\/"},"wordCount":277,"commentCount":0,"publisher":{"@id":"https:\/\/memurunsesi.net\/#organization"},"image":{"@id":"https:\/\/memurunsesi.net\/index.php\/2025\/06\/20\/il-saglik-mudurlugu-estetik-ameliyatinda-olen-fenomen-icin-inceleme-baslatti\/#primaryimage"},"thumbnailUrl":"https:\/\/memurunsesi.net\/wp-content\/uploads\/2025\/06\/AW479929_01.jpg","articleSection":["T\u00fcm Haberler"],"inLanguage":"tr","potentialAction":[{"@type":"CommentAction","name":"Comment","target":["https:\/\/memurunsesi.net\/index.php\/2025\/06\/20\/il-saglik-mudurlugu-estetik-ameliyatinda-olen-fenomen-icin-inceleme-baslatti\/#respond"]}]},{"@type":"WebPage","@id":"https:\/\/memurunsesi.net\/index.php\/2025\/06\/20\/il-saglik-mudurlugu-estetik-ameliyatinda-olen-fenomen-icin-inceleme-baslatti\/","url":"https:\/\/memurunsesi.net\/index.php\/2025\/06\/20\/il-saglik-mudurlugu-estetik-ameliyatinda-olen-fenomen-icin-inceleme-baslatti\/","name":"\u0130l Sa\u011fl\u0131k M\u00fcd\u00fcrl\u00fc\u011f\u00fc estetik ameliyat\u0131nda \u00f6len fenomen i\u00e7in inceleme ba\u015flatt\u0131 - Memurun Sesi","isPartOf":{"@id":"https:\/\/memurunsesi.net\/#website"},"primaryImageOfPage":{"@id":"https:\/\/memurunsesi.net\/index.php\/2025\/06\/20\/il-saglik-mudurlugu-estetik-ameliyatinda-olen-fenomen-icin-inceleme-baslatti\/#primaryimage"},"image":{"@id":"https:\/\/memurunsesi.net\/index.php\/2025\/06\/20\/il-saglik-mudurlugu-estetik-ameliyatinda-olen-fenomen-icin-inceleme-baslatti\/#primaryimage"},"thumbnailUrl":"https:\/\/memurunsesi.net\/wp-content\/uploads\/2025\/06\/AW479929_01.jpg","datePublished":"2025-06-20T05:36:30+00:00","breadcrumb":{"@id":"https:\/\/memurunsesi.net\/index.php\/2025\/06\/20\/il-saglik-mudurlugu-estetik-ameliyatinda-olen-fenomen-icin-inceleme-baslatti\/#breadcrumb"},"inLanguage":"tr","potentialAction":[{"@type":"ReadAction","target":["https:\/\/memurunsesi.net\/index.php\/2025\/06\/20\/il-saglik-mudurlugu-estetik-ameliyatinda-olen-fenomen-icin-inceleme-baslatti\/"]}]},{"@type":"ImageObject","inLanguage":"tr","@id":"https:\/\/memurunsesi.net\/index.php\/2025\/06\/20\/il-saglik-mudurlugu-estetik-ameliyatinda-olen-fenomen-icin-inceleme-baslatti\/#primaryimage","url":"https:\/\/memurunsesi.net\/wp-content\/uploads\/2025\/06\/AW479929_01.jpg","contentUrl":"https:\/\/memurunsesi.net\/wp-content\/uploads\/2025\/06\/AW479929_01.jpg","width":764,"height":843,"caption":"\u0130STANBUL \u0130L SA\u011eLIK M\u00dcD\u00dcRL\u00dc\u011e\u00dc, \u0130STANBUL'DA \u00d6ZEL B\u0130R HASTANEDE ESTET\u0130K OPERASYONU SONUCU HAYATINI KAYBEDEN MOZAMB\u0130KL\u0130 SOSYAL MEDYA FENOMEN\u0130 ANA BARBARA BUHR BULDR\u0130N'\u0130N \u00d6L\u00dcM\u00dcNE \u0130L\u0130\u015eK\u0130N \u0130NCELEME BA\u015eLATTI. (\u0130HA\/\u0130STANBUL-\u0130HA) \u0130stanbul \u0130l Sa\u011fl\u0131k M\u00fcd\u00fcrl\u00fc\u011f\u00fc, \u0130stanbul'da \u00f6zel bir hastanede estetik operasyonu sonucu hayat\u0131n\u0131 kaybeden Mozambikli sosyal medya fenomeni Ana Barbara Buhr Buldrin'in \u00f6l\u00fcm\u00fcne ili\u015fkin inceleme ba\u015flatt\u0131."},{"@type":"BreadcrumbList","@id":"https:\/\/memurunsesi.net\/index.php\/2025\/06\/20\/il-saglik-mudurlugu-estetik-ameliyatinda-olen-fenomen-icin-inceleme-baslatti\/#breadcrumb","itemListElement":[{"@type":"ListItem","position":1,"name":"Anasayfa","item":"https:\/\/memurunsesi.net\/"},{"@type":"ListItem","position":2,"name":"\u0130l Sa\u011fl\u0131k M\u00fcd\u00fcrl\u00fc\u011f\u00fc estetik ameliyat\u0131nda \u00f6len fenomen i\u00e7in inceleme ba\u015flatt\u0131"}]},{"@type":"WebSite","@id":"https:\/\/memurunsesi.net\/#website","url":"https:\/\/memurunsesi.net\/","name":"Memurun Sesi","description":"G\u00fcncel ve Do\u011fru Haber","publisher":{"@id":"https:\/\/memurunsesi.net\/#organization"},"potentialAction":[{"@type":"SearchAction","target":{"@type":"EntryPoint","urlTemplate":"https:\/\/memurunsesi.net\/?s={search_term_string}"},"query-input":{"@type":"PropertyValueSpecification","valueRequired":true,"valueName":"search_term_string"}}],"inLanguage":"tr"},{"@type":"Organization","@id":"https:\/\/memurunsesi.net\/#organization","name":"Memurun Sesi","url":"https:\/\/memurunsesi.net\/","logo":{"@type":"ImageObject","inLanguage":"tr","@id":"https:\/\/memurunsesi.net\/#\/schema\/logo\/image\/","url":"https:\/\/memurunsesi.net\/wp-content\/uploads\/2025\/11\/cropped-MEMURUN-SESI.png","contentUrl":"https:\/\/memurunsesi.net\/wp-content\/uploads\/2025\/11\/cropped-MEMURUN-SESI.png","width":238,"height":57,"caption":"Memurun Sesi"},"image":{"@id":"https:\/\/memurunsesi.net\/#\/schema\/logo\/image\/"},"sameAs":["https:\/\/www.facebook.com\/unipersen\/?locale=tr_TR","https:\/\/x.com\/unipersen"]},{"@type":"Person","@id":"https:\/\/memurunsesi.net\/#\/schema\/person\/f21c2d73b89f6ee1d80b0a1803e38587","name":"Memurun Sesi Haber Merkezi","image":{"@type":"ImageObject","inLanguage":"tr","@id":"https:\/\/secure.gravatar.com\/avatar\/6cf0505f452ee753f485014986fab09a434671d2b919ee76fc541025c5876a70?s=96&d=mm&r=g","url":"https:\/\/secure.gravatar.com\/avatar\/6cf0505f452ee753f485014986fab09a434671d2b919ee76fc541025c5876a70?s=96&d=mm&r=g","contentUrl":"https:\/\/secure.gravatar.com\/avatar\/6cf0505f452ee753f485014986fab09a434671d2b919ee76fc541025c5876a70?s=96&d=mm&r=g","caption":"Memurun Sesi Haber Merkezi"},"sameAs":["https:\/\/memurunsesi.net"],"url":"https:\/\/memurunsesi.net\/index.php\/author\/uniper\/"}]}},"_links":{"self":[{"href":"https:\/\/memurunsesi.net\/index.php\/wp-json\/wp\/v2\/posts\/8250","targetHints":{"allow":["GET"]}}],"collection":[{"href":"https:\/\/memurunsesi.net\/index.php\/wp-json\/wp\/v2\/posts"}],"about":[{"href":"https:\/\/memurunsesi.net\/index.php\/wp-json\/wp\/v2\/types\/post"}],"author":[{"embeddable":true,"href":"https:\/\/memurunsesi.net\/index.php\/wp-json\/wp\/v2\/users\/1"}],"replies":[{"embeddable":true,"href":"https:\/\/memurunsesi.net\/index.php\/wp-json\/wp\/v2\/comments?post=8250"}],"version-history":[{"count":1,"href":"https:\/\/memurunsesi.net\/index.php\/wp-json\/wp\/v2\/posts\/8250\/revisions"}],"predecessor-version":[{"id":8252,"href":"https:\/\/memurunsesi.net\/index.php\/wp-json\/wp\/v2\/posts\/8250\/revisions\/8252"}],"wp:featuredmedia":[{"embeddable":true,"href":"https:\/\/memurunsesi.net\/index.php\/wp-json\/wp\/v2\/media\/8251"}],"wp:attachment":[{"href":"https:\/\/memurunsesi.net\/index.php\/wp-json\/wp\/v2\/media?parent=8250"}],"wp:term":[{"taxonomy":"category","embeddable":true,"href":"https:\/\/memurunsesi.net\/index.php\/wp-json\/wp\/v2\/categories?post=8250"},{"taxonomy":"post_tag","embeddable":true,"href":"https:\/\/memurunsesi.net\/index.php\/wp-json\/wp\/v2\/tags?post=8250"}],"curies":[{"name":"wp","href":"https:\/\/api.w.org\/{rel}","templated":true}]}}