{"id":8253,"date":"2025-06-20T08:37:44","date_gmt":"2025-06-20T05:37:44","guid":{"rendered":"https:\/\/memurunsesi.net\/?p=8253"},"modified":"2025-06-20T08:37:44","modified_gmt":"2025-06-20T05:37:44","slug":"metecan-birsen-kazanacagimiz-2-mac-daha-var","status":"publish","type":"post","link":"https:\/\/memurunsesi.net\/index.php\/2025\/06\/20\/metecan-birsen-kazanacagimiz-2-mac-daha-var\/","title":{"rendered":"Metecan Birsen: &#8220;Kazanaca\u011f\u0131m\u0131z 2 ma\u00e7 daha var&#8221;"},"content":{"rendered":"<p><div style=\"width: 512px;\" class=\"wp-video\"><video class=\"wp-video-shortcode\" id=\"video-8253-1\" width=\"512\" height=\"288\" preload=\"metadata\" controls=\"controls\"><source type=\"video\/mp4\" src=\"https:\/\/memurunsesi.net\/wp-content\/uploads\/2025\/06\/CDC51F54-175C-4E25-BDC5-5FECC4F4E28D.mp4?_=1\" \/><a href=\"https:\/\/memurunsesi.net\/wp-content\/uploads\/2025\/06\/CDC51F54-175C-4E25-BDC5-5FECC4F4E28D.mp4\">https:\/\/memurunsesi.net\/wp-content\/uploads\/2025\/06\/CDC51F54-175C-4E25-BDC5-5FECC4F4E28D.mp4<\/a><\/video><\/div>  &#8211; Fenerbah\u00e7eli basketbolcu Metecan Birsen:<br \/>\n  &#8211; &#8220;Be\u015fikta\u015f \u00e7ok m\u00fccadeleci bir tak\u0131m&#8221;<br \/>\n Fenerbah\u00e7e Erkek Basketbol Tak\u0131m\u0131&#8217;nda Metecan Birsen, Be\u015fikta\u015f ile final serisinde 2 ma\u00e7 daha oynayacaklar\u0131na vurgu yaparak, &#8220;Hen\u00fcz sezon bitmi\u015f de\u011fil. Kazanaca\u011f\u0131m\u0131z 2 ma\u00e7 daha var. Umar\u0131m \u015fampiyonlu\u011fu kazan\u0131p, bu kupay\u0131 taraftar\u0131m\u0131za arma\u011fan edece\u011fiz&#8221; dedi.<br \/>\n  T\u00fcrkiye Sigorta Basketbol S\u00fcper Ligi play-off final serisi ikinci ma\u00e7\u0131nda Fenerbah\u00e7e Beko, Be\u015fikta\u015f&#8217;\u0131 84-76 ma\u011flup etti. Sar\u0131-lacivertli oyuncu Metecan Birsen, kar\u015f\u0131la\u015fman\u0131n ard\u0131ndan bas\u0131n mensuplar\u0131na a\u00e7\u0131klamalarda bulundu. M\u00fcsabakay\u0131 de\u011ferlendiren Metecan, &#8220;Zorlu bir rakip kar\u015f\u0131s\u0131nda 2-0 \u00f6ne ge\u00e7mek bizim i\u00e7in \u00f6nemli bir sonu\u00e7. Zorlu 2 ma\u00e7 daha oynayaca\u011f\u0131z, onlar\u0131n sahas\u0131na gidece\u011fiz. Hedefimiz oradaki 2 ma\u00e7\u0131 da kazan\u0131p sezonu 3 kupayla bitirmek&#8221; diye konu\u015ftu. <\/p>\n<p>  &#8220;Kazanaca\u011f\u0131m\u0131z 2 ma\u00e7 daha var&#8221;<br \/>\n  Yerli oyuncular\u0131n sakatl\u0131\u011f\u0131 nedeniyle rotasyonun daralmas\u0131 ve kendi performans\u0131yla ilgili sorulan soruya 30 ya\u015f\u0131ndaki oyuncu \u015fu yan\u0131t\u0131 verdi:<br \/>\n  &#8220;Tak\u0131ma faydal\u0131 olmaya \u00e7al\u0131\u015f\u0131yorum. Sezonun ba\u015f\u0131ndan beri ma\u00e7 ay\u0131rmaks\u0131z\u0131n, her ma\u00e7a ayn\u0131 konsantrasyonla \u00e7\u0131kmaya \u00e7al\u0131\u015f\u0131yorum. Tak\u0131m\u0131ma faydal\u0131 oldu\u011fum i\u00e7in mutluyum. Hen\u00fcz sezon bitmi\u015f de\u011fil. Kazanaca\u011f\u0131m\u0131z 2 ma\u00e7 daha var. Umar\u0131m \u015fampiyonlu\u011fu kazan\u0131p, bu kupay\u0131 taraftar\u0131m\u0131za arma\u011fan edece\u011fiz.&#8221; <\/p>\n<p>  &#8220;Be\u015fikta\u015f \u00e7ok m\u00fccadeleci bir tak\u0131m&#8221;<br \/>\n  Final serisindeki 2 ma\u00e7ta da \u00e7ift hanelere \u00e7\u0131kan fark\u0131n ard\u0131ndan Be\u015fikta\u015f&#8217;\u0131n daha sonra fark\u0131 kapatmas\u0131n\u0131n sorulmas\u0131 \u00fczerine Metecan, &#8220;Onlar\u0131n tabii ki \u00e7ok sert bir tak\u0131m olmas\u0131. Ayn\u0131 zamanda \u00e7ok m\u00fccadeleci bir tak\u0131m. Biz de bunu biliyoruz. Her zaman ayn\u0131 bilin\u00e7le oynamaya \u00e7al\u0131\u015f\u0131yoruz. Sonu\u00e7ta 40 dakika bu basketbol, her dakikas\u0131na, her saniyesine b\u00fcy\u00fck konsantrasyonla oynay\u0131p ma\u00e7lar\u0131 kazanmak istiyoruz&#8221; de\u011ferlendirmesinde bulundu. <\/p>\n<p>19.06.2025                   <\/p>\n","protected":false},"excerpt":{"rendered":"<p>&#8211; Fenerbah\u00e7eli basketbolcu Metecan Birsen: &#8211; &#8220;Be\u015fikta\u015f \u00e7ok m\u00fccadeleci bir tak\u0131m&#8221; Fenerbah\u00e7e Erkek Basketbol Tak\u0131m\u0131&#8217;nda Metecan Birsen, Be\u015fikta\u015f ile final serisinde 2 ma\u00e7 daha oynayacaklar\u0131na vurgu yaparak, &#8220;Hen\u00fcz sezon bitmi\u015f de\u011fil. Kazanaca\u011f\u0131m\u0131z 2 ma\u00e7 daha var. Umar\u0131m \u015fampiyonlu\u011fu kazan\u0131p, bu kupay\u0131 taraftar\u0131m\u0131za arma\u011fan edece\u011fiz&#8221; dedi. T\u00fcrkiye Sigorta Basketbol S\u00fcper Ligi play-off final serisi ikinci ma\u00e7\u0131nda [&hellip;]<\/p>\n","protected":false},"author":1,"featured_media":0,"comment_status":"open","ping_status":"open","sticky":false,"template":"","format":"standard","meta":{"footnotes":""},"categories":[57],"tags":[],"class_list":["post-8253","post","type-post","status-publish","format-standard","hentry","category-spor"],"yoast_head":"<!-- This site is optimized with the Yoast SEO plugin v27.4 - https:\/\/yoast.com\/product\/yoast-seo-wordpress\/ -->\n<title>Metecan Birsen: &quot;Kazanaca\u011f\u0131m\u0131z 2 ma\u00e7 daha var&quot; - Memurun Sesi<\/title>\n<meta name=\"robots\" content=\"index, follow, max-snippet:-1, max-image-preview:large, max-video-preview:-1\" \/>\n<link rel=\"canonical\" href=\"https:\/\/memurunsesi.net\/index.php\/2025\/06\/20\/metecan-birsen-kazanacagimiz-2-mac-daha-var\/\" \/>\n<meta property=\"og:locale\" content=\"tr_TR\" \/>\n<meta property=\"og:type\" content=\"article\" \/>\n<meta property=\"og:title\" content=\"Metecan Birsen: &quot;Kazanaca\u011f\u0131m\u0131z 2 ma\u00e7 daha var&quot; - Memurun Sesi\" \/>\n<meta property=\"og:description\" content=\"&#8211; Fenerbah\u00e7eli basketbolcu Metecan Birsen: &#8211; &#8220;Be\u015fikta\u015f \u00e7ok m\u00fccadeleci bir tak\u0131m&#8221; Fenerbah\u00e7e Erkek Basketbol Tak\u0131m\u0131&#8217;nda Metecan Birsen, Be\u015fikta\u015f ile final serisinde 2 ma\u00e7 daha oynayacaklar\u0131na vurgu yaparak, &#8220;Hen\u00fcz sezon bitmi\u015f de\u011fil. Kazanaca\u011f\u0131m\u0131z 2 ma\u00e7 daha var. Umar\u0131m \u015fampiyonlu\u011fu kazan\u0131p, bu kupay\u0131 taraftar\u0131m\u0131za arma\u011fan edece\u011fiz&#8221; dedi. T\u00fcrkiye Sigorta Basketbol S\u00fcper Ligi play-off final serisi ikinci ma\u00e7\u0131nda [&hellip;]\" \/>\n<meta property=\"og:url\" content=\"https:\/\/memurunsesi.net\/index.php\/2025\/06\/20\/metecan-birsen-kazanacagimiz-2-mac-daha-var\/\" \/>\n<meta property=\"og:site_name\" content=\"Memurun Sesi\" \/>\n<meta property=\"article:publisher\" content=\"https:\/\/www.facebook.com\/unipersen\/?locale=tr_TR\" \/>\n<meta property=\"article:published_time\" content=\"2025-06-20T05:37:44+00:00\" \/>\n<meta name=\"author\" content=\"Memurun Sesi Haber Merkezi\" \/>\n<meta name=\"twitter:card\" content=\"summary_large_image\" \/>\n<meta name=\"twitter:creator\" content=\"@unipersen\" \/>\n<meta name=\"twitter:site\" content=\"@unipersen\" \/>\n<meta name=\"twitter:label1\" content=\"Yazan:\" \/>\n\t<meta name=\"twitter:data1\" content=\"Memurun Sesi Haber Merkezi\" \/>\n<script type=\"application\/ld+json\" class=\"yoast-schema-graph\">{\"@context\":\"https:\\\/\\\/schema.org\",\"@graph\":[{\"@type\":\"Article\",\"@id\":\"https:\\\/\\\/memurunsesi.net\\\/index.php\\\/2025\\\/06\\\/20\\\/metecan-birsen-kazanacagimiz-2-mac-daha-var\\\/#article\",\"isPartOf\":{\"@id\":\"https:\\\/\\\/memurunsesi.net\\\/index.php\\\/2025\\\/06\\\/20\\\/metecan-birsen-kazanacagimiz-2-mac-daha-var\\\/\"},\"author\":{\"name\":\"Memurun Sesi Haber Merkezi\",\"@id\":\"https:\\\/\\\/memurunsesi.net\\\/#\\\/schema\\\/person\\\/f21c2d73b89f6ee1d80b0a1803e38587\"},\"headline\":\"Metecan Birsen: &#8220;Kazanaca\u011f\u0131m\u0131z 2 ma\u00e7 daha var&#8221;\",\"datePublished\":\"2025-06-20T05:37:44+00:00\",\"mainEntityOfPage\":{\"@id\":\"https:\\\/\\\/memurunsesi.net\\\/index.php\\\/2025\\\/06\\\/20\\\/metecan-birsen-kazanacagimiz-2-mac-daha-var\\\/\"},\"wordCount\":348,\"commentCount\":0,\"publisher\":{\"@id\":\"https:\\\/\\\/memurunsesi.net\\\/#organization\"},\"articleSection\":[\"Spor\"],\"inLanguage\":\"tr\",\"potentialAction\":[{\"@type\":\"CommentAction\",\"name\":\"Comment\",\"target\":[\"https:\\\/\\\/memurunsesi.net\\\/index.php\\\/2025\\\/06\\\/20\\\/metecan-birsen-kazanacagimiz-2-mac-daha-var\\\/#respond\"]}]},{\"@type\":\"WebPage\",\"@id\":\"https:\\\/\\\/memurunsesi.net\\\/index.php\\\/2025\\\/06\\\/20\\\/metecan-birsen-kazanacagimiz-2-mac-daha-var\\\/\",\"url\":\"https:\\\/\\\/memurunsesi.net\\\/index.php\\\/2025\\\/06\\\/20\\\/metecan-birsen-kazanacagimiz-2-mac-daha-var\\\/\",\"name\":\"Metecan Birsen: \\\"Kazanaca\u011f\u0131m\u0131z 2 ma\u00e7 daha var\\\" - Memurun Sesi\",\"isPartOf\":{\"@id\":\"https:\\\/\\\/memurunsesi.net\\\/#website\"},\"datePublished\":\"2025-06-20T05:37:44+00:00\",\"breadcrumb\":{\"@id\":\"https:\\\/\\\/memurunsesi.net\\\/index.php\\\/2025\\\/06\\\/20\\\/metecan-birsen-kazanacagimiz-2-mac-daha-var\\\/#breadcrumb\"},\"inLanguage\":\"tr\",\"potentialAction\":[{\"@type\":\"ReadAction\",\"target\":[\"https:\\\/\\\/memurunsesi.net\\\/index.php\\\/2025\\\/06\\\/20\\\/metecan-birsen-kazanacagimiz-2-mac-daha-var\\\/\"]}]},{\"@type\":\"BreadcrumbList\",\"@id\":\"https:\\\/\\\/memurunsesi.net\\\/index.php\\\/2025\\\/06\\\/20\\\/metecan-birsen-kazanacagimiz-2-mac-daha-var\\\/#breadcrumb\",\"itemListElement\":[{\"@type\":\"ListItem\",\"position\":1,\"name\":\"Anasayfa\",\"item\":\"https:\\\/\\\/memurunsesi.net\\\/\"},{\"@type\":\"ListItem\",\"position\":2,\"name\":\"Metecan Birsen: &#8220;Kazanaca\u011f\u0131m\u0131z 2 ma\u00e7 daha var&#8221;\"}]},{\"@type\":\"WebSite\",\"@id\":\"https:\\\/\\\/memurunsesi.net\\\/#website\",\"url\":\"https:\\\/\\\/memurunsesi.net\\\/\",\"name\":\"Memurun Sesi\",\"description\":\"G\u00fcncel ve Do\u011fru Haber\",\"publisher\":{\"@id\":\"https:\\\/\\\/memurunsesi.net\\\/#organization\"},\"potentialAction\":[{\"@type\":\"SearchAction\",\"target\":{\"@type\":\"EntryPoint\",\"urlTemplate\":\"https:\\\/\\\/memurunsesi.net\\\/?s={search_term_string}\"},\"query-input\":{\"@type\":\"PropertyValueSpecification\",\"valueRequired\":true,\"valueName\":\"search_term_string\"}}],\"inLanguage\":\"tr\"},{\"@type\":\"Organization\",\"@id\":\"https:\\\/\\\/memurunsesi.net\\\/#organization\",\"name\":\"Memurun Sesi\",\"url\":\"https:\\\/\\\/memurunsesi.net\\\/\",\"logo\":{\"@type\":\"ImageObject\",\"inLanguage\":\"tr\",\"@id\":\"https:\\\/\\\/memurunsesi.net\\\/#\\\/schema\\\/logo\\\/image\\\/\",\"url\":\"https:\\\/\\\/memurunsesi.net\\\/wp-content\\\/uploads\\\/2025\\\/11\\\/cropped-MEMURUN-SESI.png\",\"contentUrl\":\"https:\\\/\\\/memurunsesi.net\\\/wp-content\\\/uploads\\\/2025\\\/11\\\/cropped-MEMURUN-SESI.png\",\"width\":238,\"height\":57,\"caption\":\"Memurun Sesi\"},\"image\":{\"@id\":\"https:\\\/\\\/memurunsesi.net\\\/#\\\/schema\\\/logo\\\/image\\\/\"},\"sameAs\":[\"https:\\\/\\\/www.facebook.com\\\/unipersen\\\/?locale=tr_TR\",\"https:\\\/\\\/x.com\\\/unipersen\"]},{\"@type\":\"Person\",\"@id\":\"https:\\\/\\\/memurunsesi.net\\\/#\\\/schema\\\/person\\\/f21c2d73b89f6ee1d80b0a1803e38587\",\"name\":\"Memurun Sesi Haber Merkezi\",\"image\":{\"@type\":\"ImageObject\",\"inLanguage\":\"tr\",\"@id\":\"https:\\\/\\\/secure.gravatar.com\\\/avatar\\\/6cf0505f452ee753f485014986fab09a434671d2b919ee76fc541025c5876a70?s=96&d=mm&r=g\",\"url\":\"https:\\\/\\\/secure.gravatar.com\\\/avatar\\\/6cf0505f452ee753f485014986fab09a434671d2b919ee76fc541025c5876a70?s=96&d=mm&r=g\",\"contentUrl\":\"https:\\\/\\\/secure.gravatar.com\\\/avatar\\\/6cf0505f452ee753f485014986fab09a434671d2b919ee76fc541025c5876a70?s=96&d=mm&r=g\",\"caption\":\"Memurun Sesi Haber Merkezi\"},\"sameAs\":[\"https:\\\/\\\/memurunsesi.net\"],\"url\":\"https:\\\/\\\/memurunsesi.net\\\/index.php\\\/author\\\/uniper\\\/\"}]}<\/script>\n<!-- \/ Yoast SEO plugin. -->","yoast_head_json":{"title":"Metecan Birsen: \"Kazanaca\u011f\u0131m\u0131z 2 ma\u00e7 daha var\" - Memurun Sesi","robots":{"index":"index","follow":"follow","max-snippet":"max-snippet:-1","max-image-preview":"max-image-preview:large","max-video-preview":"max-video-preview:-1"},"canonical":"https:\/\/memurunsesi.net\/index.php\/2025\/06\/20\/metecan-birsen-kazanacagimiz-2-mac-daha-var\/","og_locale":"tr_TR","og_type":"article","og_title":"Metecan Birsen: \"Kazanaca\u011f\u0131m\u0131z 2 ma\u00e7 daha var\" - Memurun Sesi","og_description":"&#8211; Fenerbah\u00e7eli basketbolcu Metecan Birsen: &#8211; &#8220;Be\u015fikta\u015f \u00e7ok m\u00fccadeleci bir tak\u0131m&#8221; Fenerbah\u00e7e Erkek Basketbol Tak\u0131m\u0131&#8217;nda Metecan Birsen, Be\u015fikta\u015f ile final serisinde 2 ma\u00e7 daha oynayacaklar\u0131na vurgu yaparak, &#8220;Hen\u00fcz sezon bitmi\u015f de\u011fil. Kazanaca\u011f\u0131m\u0131z 2 ma\u00e7 daha var. Umar\u0131m \u015fampiyonlu\u011fu kazan\u0131p, bu kupay\u0131 taraftar\u0131m\u0131za arma\u011fan edece\u011fiz&#8221; dedi. T\u00fcrkiye Sigorta Basketbol S\u00fcper Ligi play-off final serisi ikinci ma\u00e7\u0131nda [&hellip;]","og_url":"https:\/\/memurunsesi.net\/index.php\/2025\/06\/20\/metecan-birsen-kazanacagimiz-2-mac-daha-var\/","og_site_name":"Memurun Sesi","article_publisher":"https:\/\/www.facebook.com\/unipersen\/?locale=tr_TR","article_published_time":"2025-06-20T05:37:44+00:00","author":"Memurun Sesi Haber Merkezi","twitter_card":"summary_large_image","twitter_creator":"@unipersen","twitter_site":"@unipersen","twitter_misc":{"Yazan:":"Memurun Sesi Haber Merkezi"},"schema":{"@context":"https:\/\/schema.org","@graph":[{"@type":"Article","@id":"https:\/\/memurunsesi.net\/index.php\/2025\/06\/20\/metecan-birsen-kazanacagimiz-2-mac-daha-var\/#article","isPartOf":{"@id":"https:\/\/memurunsesi.net\/index.php\/2025\/06\/20\/metecan-birsen-kazanacagimiz-2-mac-daha-var\/"},"author":{"name":"Memurun Sesi Haber Merkezi","@id":"https:\/\/memurunsesi.net\/#\/schema\/person\/f21c2d73b89f6ee1d80b0a1803e38587"},"headline":"Metecan Birsen: &#8220;Kazanaca\u011f\u0131m\u0131z 2 ma\u00e7 daha var&#8221;","datePublished":"2025-06-20T05:37:44+00:00","mainEntityOfPage":{"@id":"https:\/\/memurunsesi.net\/index.php\/2025\/06\/20\/metecan-birsen-kazanacagimiz-2-mac-daha-var\/"},"wordCount":348,"commentCount":0,"publisher":{"@id":"https:\/\/memurunsesi.net\/#organization"},"articleSection":["Spor"],"inLanguage":"tr","potentialAction":[{"@type":"CommentAction","name":"Comment","target":["https:\/\/memurunsesi.net\/index.php\/2025\/06\/20\/metecan-birsen-kazanacagimiz-2-mac-daha-var\/#respond"]}]},{"@type":"WebPage","@id":"https:\/\/memurunsesi.net\/index.php\/2025\/06\/20\/metecan-birsen-kazanacagimiz-2-mac-daha-var\/","url":"https:\/\/memurunsesi.net\/index.php\/2025\/06\/20\/metecan-birsen-kazanacagimiz-2-mac-daha-var\/","name":"Metecan Birsen: \"Kazanaca\u011f\u0131m\u0131z 2 ma\u00e7 daha var\" - Memurun Sesi","isPartOf":{"@id":"https:\/\/memurunsesi.net\/#website"},"datePublished":"2025-06-20T05:37:44+00:00","breadcrumb":{"@id":"https:\/\/memurunsesi.net\/index.php\/2025\/06\/20\/metecan-birsen-kazanacagimiz-2-mac-daha-var\/#breadcrumb"},"inLanguage":"tr","potentialAction":[{"@type":"ReadAction","target":["https:\/\/memurunsesi.net\/index.php\/2025\/06\/20\/metecan-birsen-kazanacagimiz-2-mac-daha-var\/"]}]},{"@type":"BreadcrumbList","@id":"https:\/\/memurunsesi.net\/index.php\/2025\/06\/20\/metecan-birsen-kazanacagimiz-2-mac-daha-var\/#breadcrumb","itemListElement":[{"@type":"ListItem","position":1,"name":"Anasayfa","item":"https:\/\/memurunsesi.net\/"},{"@type":"ListItem","position":2,"name":"Metecan Birsen: &#8220;Kazanaca\u011f\u0131m\u0131z 2 ma\u00e7 daha var&#8221;"}]},{"@type":"WebSite","@id":"https:\/\/memurunsesi.net\/#website","url":"https:\/\/memurunsesi.net\/","name":"Memurun Sesi","description":"G\u00fcncel ve Do\u011fru Haber","publisher":{"@id":"https:\/\/memurunsesi.net\/#organization"},"potentialAction":[{"@type":"SearchAction","target":{"@type":"EntryPoint","urlTemplate":"https:\/\/memurunsesi.net\/?s={search_term_string}"},"query-input":{"@type":"PropertyValueSpecification","valueRequired":true,"valueName":"search_term_string"}}],"inLanguage":"tr"},{"@type":"Organization","@id":"https:\/\/memurunsesi.net\/#organization","name":"Memurun Sesi","url":"https:\/\/memurunsesi.net\/","logo":{"@type":"ImageObject","inLanguage":"tr","@id":"https:\/\/memurunsesi.net\/#\/schema\/logo\/image\/","url":"https:\/\/memurunsesi.net\/wp-content\/uploads\/2025\/11\/cropped-MEMURUN-SESI.png","contentUrl":"https:\/\/memurunsesi.net\/wp-content\/uploads\/2025\/11\/cropped-MEMURUN-SESI.png","width":238,"height":57,"caption":"Memurun Sesi"},"image":{"@id":"https:\/\/memurunsesi.net\/#\/schema\/logo\/image\/"},"sameAs":["https:\/\/www.facebook.com\/unipersen\/?locale=tr_TR","https:\/\/x.com\/unipersen"]},{"@type":"Person","@id":"https:\/\/memurunsesi.net\/#\/schema\/person\/f21c2d73b89f6ee1d80b0a1803e38587","name":"Memurun Sesi Haber Merkezi","image":{"@type":"ImageObject","inLanguage":"tr","@id":"https:\/\/secure.gravatar.com\/avatar\/6cf0505f452ee753f485014986fab09a434671d2b919ee76fc541025c5876a70?s=96&d=mm&r=g","url":"https:\/\/secure.gravatar.com\/avatar\/6cf0505f452ee753f485014986fab09a434671d2b919ee76fc541025c5876a70?s=96&d=mm&r=g","contentUrl":"https:\/\/secure.gravatar.com\/avatar\/6cf0505f452ee753f485014986fab09a434671d2b919ee76fc541025c5876a70?s=96&d=mm&r=g","caption":"Memurun Sesi Haber Merkezi"},"sameAs":["https:\/\/memurunsesi.net"],"url":"https:\/\/memurunsesi.net\/index.php\/author\/uniper\/"}]}},"_links":{"self":[{"href":"https:\/\/memurunsesi.net\/index.php\/wp-json\/wp\/v2\/posts\/8253","targetHints":{"allow":["GET"]}}],"collection":[{"href":"https:\/\/memurunsesi.net\/index.php\/wp-json\/wp\/v2\/posts"}],"about":[{"href":"https:\/\/memurunsesi.net\/index.php\/wp-json\/wp\/v2\/types\/post"}],"author":[{"embeddable":true,"href":"https:\/\/memurunsesi.net\/index.php\/wp-json\/wp\/v2\/users\/1"}],"replies":[{"embeddable":true,"href":"https:\/\/memurunsesi.net\/index.php\/wp-json\/wp\/v2\/comments?post=8253"}],"version-history":[{"count":1,"href":"https:\/\/memurunsesi.net\/index.php\/wp-json\/wp\/v2\/posts\/8253\/revisions"}],"predecessor-version":[{"id":8255,"href":"https:\/\/memurunsesi.net\/index.php\/wp-json\/wp\/v2\/posts\/8253\/revisions\/8255"}],"wp:attachment":[{"href":"https:\/\/memurunsesi.net\/index.php\/wp-json\/wp\/v2\/media?parent=8253"}],"wp:term":[{"taxonomy":"category","embeddable":true,"href":"https:\/\/memurunsesi.net\/index.php\/wp-json\/wp\/v2\/categories?post=8253"},{"taxonomy":"post_tag","embeddable":true,"href":"https:\/\/memurunsesi.net\/index.php\/wp-json\/wp\/v2\/tags?post=8253"}],"curies":[{"name":"wp","href":"https:\/\/api.w.org\/{rel}","templated":true}]}}