{"id":8259,"date":"2025-06-20T08:41:15","date_gmt":"2025-06-20T05:41:15","guid":{"rendered":"https:\/\/memurunsesi.net\/?p=8259"},"modified":"2025-06-20T08:41:15","modified_gmt":"2025-06-20T05:41:15","slug":"otelin-3-katindan-dusen-2-yasindaki-cocuk-yaralandi","status":"publish","type":"post","link":"https:\/\/memurunsesi.net\/index.php\/2025\/06\/20\/otelin-3-katindan-dusen-2-yasindaki-cocuk-yaralandi\/","title":{"rendered":"Otelin 3. kat\u0131ndan d\u00fc\u015fen 2 ya\u015f\u0131ndaki \u00e7ocuk yaraland\u0131"},"content":{"rendered":"<p> Konya\u2019n\u0131n Bey\u015fehir il\u00e7esinde bir otelin 3. kat\u0131ndan kald\u0131r\u0131ma d\u00fc\u015fen 2 ya\u015f\u0131ndaki \u00e7ocuk yaraland\u0131.<br \/>\nOlay, Evsat Mahallesi\u2019ndeki 3 katl\u0131 bir otelin 3. kat\u0131nda ya\u015fand\u0131. Edinilen bilgiye g\u00f6re, otel m\u00fc\u015fterisi olan \u00d6zbek uyruklu bir kad\u0131n\u0131n 22 ayl\u0131k bebe\u011fi bebe\u011fi S.B.S., kald\u0131klar\u0131 otelin odas\u0131ndaki pencereden yere d\u00fc\u015ft\u00fc. Erkek bebek, beton zemine d\u00fc\u015ferek yaralan\u0131rken ihbar \u00fczerine adrese sa\u011fl\u0131k ve polis ekipleri y\u00f6nlendirildi. \u0130lk m\u00fcdahalesi olay yerinde yap\u0131lan yaral\u0131 bebek, sa\u011fl\u0131k ekipleri taraf\u0131ndan ambulansla kald\u0131r\u0131ld\u0131\u011f\u0131 Bey\u015fehir Devlet Hastanesinde tedavi alt\u0131na al\u0131nd\u0131. Yaral\u0131 bebek, acil serviste yap\u0131lan m\u00fcdahalenin ard\u0131ndan Necmettin Erbakan \u00dcniversitesi T\u0131p Fak\u00fcltesi Hastanesine sevk edildi. Olay yerindeki incelemelerini s\u00fcrd\u00fcren polis ekipleri, bebe\u011fin d\u00fc\u015ft\u00fc\u011f\u00fc penceredeki sinekli\u011fin a\u00e7\u0131k vaziyette bulundu\u011funu tespit etti.<br \/>\n  Olayla ilgili tahkikat s\u00fcr\u00fcyor. <\/p>\n<p>19.06.2025                                 <\/p>\n","protected":false},"excerpt":{"rendered":"<p>Konya\u2019n\u0131n Bey\u015fehir il\u00e7esinde bir otelin 3. kat\u0131ndan kald\u0131r\u0131ma d\u00fc\u015fen 2 ya\u015f\u0131ndaki \u00e7ocuk yaraland\u0131. Olay, Evsat Mahallesi\u2019ndeki 3 katl\u0131 bir otelin 3. kat\u0131nda ya\u015fand\u0131. Edinilen bilgiye g\u00f6re, otel m\u00fc\u015fterisi olan \u00d6zbek uyruklu bir kad\u0131n\u0131n 22 ayl\u0131k bebe\u011fi bebe\u011fi S.B.S., kald\u0131klar\u0131 otelin odas\u0131ndaki pencereden yere d\u00fc\u015ft\u00fc. Erkek bebek, beton zemine d\u00fc\u015ferek yaralan\u0131rken ihbar \u00fczerine adrese sa\u011fl\u0131k ve [&hellip;]<\/p>\n","protected":false},"author":1,"featured_media":8260,"comment_status":"open","ping_status":"open","sticky":false,"template":"","format":"standard","meta":{"footnotes":""},"categories":[1],"tags":[],"class_list":["post-8259","post","type-post","status-publish","format-standard","has-post-thumbnail","hentry","category-genel"],"yoast_head":"<!-- This site is optimized with the Yoast SEO plugin v27.4 - https:\/\/yoast.com\/product\/yoast-seo-wordpress\/ -->\n<title>Otelin 3. kat\u0131ndan d\u00fc\u015fen 2 ya\u015f\u0131ndaki \u00e7ocuk yaraland\u0131 - Memurun Sesi<\/title>\n<meta name=\"robots\" content=\"index, follow, max-snippet:-1, max-image-preview:large, max-video-preview:-1\" \/>\n<link rel=\"canonical\" href=\"https:\/\/memurunsesi.net\/index.php\/2025\/06\/20\/otelin-3-katindan-dusen-2-yasindaki-cocuk-yaralandi\/\" \/>\n<meta property=\"og:locale\" content=\"tr_TR\" \/>\n<meta property=\"og:type\" content=\"article\" \/>\n<meta property=\"og:title\" content=\"Otelin 3. kat\u0131ndan d\u00fc\u015fen 2 ya\u015f\u0131ndaki \u00e7ocuk yaraland\u0131 - Memurun Sesi\" \/>\n<meta property=\"og:description\" content=\"Konya\u2019n\u0131n Bey\u015fehir il\u00e7esinde bir otelin 3. kat\u0131ndan kald\u0131r\u0131ma d\u00fc\u015fen 2 ya\u015f\u0131ndaki \u00e7ocuk yaraland\u0131. Olay, Evsat Mahallesi\u2019ndeki 3 katl\u0131 bir otelin 3. kat\u0131nda ya\u015fand\u0131. Edinilen bilgiye g\u00f6re, otel m\u00fc\u015fterisi olan \u00d6zbek uyruklu bir kad\u0131n\u0131n 22 ayl\u0131k bebe\u011fi bebe\u011fi S.B.S., kald\u0131klar\u0131 otelin odas\u0131ndaki pencereden yere d\u00fc\u015ft\u00fc. Erkek bebek, beton zemine d\u00fc\u015ferek yaralan\u0131rken ihbar \u00fczerine adrese sa\u011fl\u0131k ve [&hellip;]\" \/>\n<meta property=\"og:url\" content=\"https:\/\/memurunsesi.net\/index.php\/2025\/06\/20\/otelin-3-katindan-dusen-2-yasindaki-cocuk-yaralandi\/\" \/>\n<meta property=\"og:site_name\" content=\"Memurun Sesi\" \/>\n<meta property=\"article:publisher\" content=\"https:\/\/www.facebook.com\/unipersen\/?locale=tr_TR\" \/>\n<meta property=\"article:published_time\" content=\"2025-06-20T05:41:15+00:00\" \/>\n<meta property=\"og:image\" content=\"https:\/\/memurunsesi.net\/wp-content\/uploads\/2025\/06\/AW479913_01.jpg\" \/>\n\t<meta property=\"og:image:width\" content=\"1600\" \/>\n\t<meta property=\"og:image:height\" content=\"1066\" \/>\n\t<meta property=\"og:image:type\" content=\"image\/jpeg\" \/>\n<meta name=\"author\" content=\"Memurun Sesi Haber Merkezi\" \/>\n<meta name=\"twitter:card\" content=\"summary_large_image\" \/>\n<meta name=\"twitter:creator\" content=\"@unipersen\" \/>\n<meta name=\"twitter:site\" content=\"@unipersen\" \/>\n<meta name=\"twitter:label1\" content=\"Yazan:\" \/>\n\t<meta name=\"twitter:data1\" content=\"Memurun Sesi Haber Merkezi\" \/>\n\t<meta name=\"twitter:label2\" content=\"Tahmini okuma s\u00fcresi\" \/>\n\t<meta name=\"twitter:data2\" content=\"1 dakika\" \/>\n<script type=\"application\/ld+json\" class=\"yoast-schema-graph\">{\"@context\":\"https:\\\/\\\/schema.org\",\"@graph\":[{\"@type\":\"Article\",\"@id\":\"https:\\\/\\\/memurunsesi.net\\\/index.php\\\/2025\\\/06\\\/20\\\/otelin-3-katindan-dusen-2-yasindaki-cocuk-yaralandi\\\/#article\",\"isPartOf\":{\"@id\":\"https:\\\/\\\/memurunsesi.net\\\/index.php\\\/2025\\\/06\\\/20\\\/otelin-3-katindan-dusen-2-yasindaki-cocuk-yaralandi\\\/\"},\"author\":{\"name\":\"Memurun Sesi Haber Merkezi\",\"@id\":\"https:\\\/\\\/memurunsesi.net\\\/#\\\/schema\\\/person\\\/f21c2d73b89f6ee1d80b0a1803e38587\"},\"headline\":\"Otelin 3. kat\u0131ndan d\u00fc\u015fen 2 ya\u015f\u0131ndaki \u00e7ocuk yaraland\u0131\",\"datePublished\":\"2025-06-20T05:41:15+00:00\",\"mainEntityOfPage\":{\"@id\":\"https:\\\/\\\/memurunsesi.net\\\/index.php\\\/2025\\\/06\\\/20\\\/otelin-3-katindan-dusen-2-yasindaki-cocuk-yaralandi\\\/\"},\"wordCount\":167,\"commentCount\":0,\"publisher\":{\"@id\":\"https:\\\/\\\/memurunsesi.net\\\/#organization\"},\"image\":{\"@id\":\"https:\\\/\\\/memurunsesi.net\\\/index.php\\\/2025\\\/06\\\/20\\\/otelin-3-katindan-dusen-2-yasindaki-cocuk-yaralandi\\\/#primaryimage\"},\"thumbnailUrl\":\"https:\\\/\\\/memurunsesi.net\\\/wp-content\\\/uploads\\\/2025\\\/06\\\/AW479913_01.jpg\",\"inLanguage\":\"tr\",\"potentialAction\":[{\"@type\":\"CommentAction\",\"name\":\"Comment\",\"target\":[\"https:\\\/\\\/memurunsesi.net\\\/index.php\\\/2025\\\/06\\\/20\\\/otelin-3-katindan-dusen-2-yasindaki-cocuk-yaralandi\\\/#respond\"]}]},{\"@type\":\"WebPage\",\"@id\":\"https:\\\/\\\/memurunsesi.net\\\/index.php\\\/2025\\\/06\\\/20\\\/otelin-3-katindan-dusen-2-yasindaki-cocuk-yaralandi\\\/\",\"url\":\"https:\\\/\\\/memurunsesi.net\\\/index.php\\\/2025\\\/06\\\/20\\\/otelin-3-katindan-dusen-2-yasindaki-cocuk-yaralandi\\\/\",\"name\":\"Otelin 3. kat\u0131ndan d\u00fc\u015fen 2 ya\u015f\u0131ndaki \u00e7ocuk yaraland\u0131 - Memurun Sesi\",\"isPartOf\":{\"@id\":\"https:\\\/\\\/memurunsesi.net\\\/#website\"},\"primaryImageOfPage\":{\"@id\":\"https:\\\/\\\/memurunsesi.net\\\/index.php\\\/2025\\\/06\\\/20\\\/otelin-3-katindan-dusen-2-yasindaki-cocuk-yaralandi\\\/#primaryimage\"},\"image\":{\"@id\":\"https:\\\/\\\/memurunsesi.net\\\/index.php\\\/2025\\\/06\\\/20\\\/otelin-3-katindan-dusen-2-yasindaki-cocuk-yaralandi\\\/#primaryimage\"},\"thumbnailUrl\":\"https:\\\/\\\/memurunsesi.net\\\/wp-content\\\/uploads\\\/2025\\\/06\\\/AW479913_01.jpg\",\"datePublished\":\"2025-06-20T05:41:15+00:00\",\"breadcrumb\":{\"@id\":\"https:\\\/\\\/memurunsesi.net\\\/index.php\\\/2025\\\/06\\\/20\\\/otelin-3-katindan-dusen-2-yasindaki-cocuk-yaralandi\\\/#breadcrumb\"},\"inLanguage\":\"tr\",\"potentialAction\":[{\"@type\":\"ReadAction\",\"target\":[\"https:\\\/\\\/memurunsesi.net\\\/index.php\\\/2025\\\/06\\\/20\\\/otelin-3-katindan-dusen-2-yasindaki-cocuk-yaralandi\\\/\"]}]},{\"@type\":\"ImageObject\",\"inLanguage\":\"tr\",\"@id\":\"https:\\\/\\\/memurunsesi.net\\\/index.php\\\/2025\\\/06\\\/20\\\/otelin-3-katindan-dusen-2-yasindaki-cocuk-yaralandi\\\/#primaryimage\",\"url\":\"https:\\\/\\\/memurunsesi.net\\\/wp-content\\\/uploads\\\/2025\\\/06\\\/AW479913_01.jpg\",\"contentUrl\":\"https:\\\/\\\/memurunsesi.net\\\/wp-content\\\/uploads\\\/2025\\\/06\\\/AW479913_01.jpg\",\"width\":1600,\"height\":1066,\"caption\":\"KONYA'NIN BEY\u015eEH\u0130R \u0130L\u00c7ES\u0130NDE 3 KATLI B\u0130R OTEL\u0130N 3. KATINDAN KALDIRIM \u00dcZER\u0130NE D\u00dc\u015eEN 2 YA\u015eINDAK\u0130 BEBEK YARALANDI. (AL\u0130 RIZA \u00d6NSES\\\/KONYA-\u0130HA) Konya'n\u0131n Bey\u015fehir il\u00e7esinde bir otelin 3. kat\u0131ndan kald\u0131r\u0131ma d\u00fc\u015fen 2 ya\u015f\u0131ndaki \u00e7ocuk yaraland\u0131.\"},{\"@type\":\"BreadcrumbList\",\"@id\":\"https:\\\/\\\/memurunsesi.net\\\/index.php\\\/2025\\\/06\\\/20\\\/otelin-3-katindan-dusen-2-yasindaki-cocuk-yaralandi\\\/#breadcrumb\",\"itemListElement\":[{\"@type\":\"ListItem\",\"position\":1,\"name\":\"Anasayfa\",\"item\":\"https:\\\/\\\/memurunsesi.net\\\/\"},{\"@type\":\"ListItem\",\"position\":2,\"name\":\"Otelin 3. kat\u0131ndan d\u00fc\u015fen 2 ya\u015f\u0131ndaki \u00e7ocuk yaraland\u0131\"}]},{\"@type\":\"WebSite\",\"@id\":\"https:\\\/\\\/memurunsesi.net\\\/#website\",\"url\":\"https:\\\/\\\/memurunsesi.net\\\/\",\"name\":\"Memurun Sesi\",\"description\":\"G\u00fcncel ve Do\u011fru Haber\",\"publisher\":{\"@id\":\"https:\\\/\\\/memurunsesi.net\\\/#organization\"},\"potentialAction\":[{\"@type\":\"SearchAction\",\"target\":{\"@type\":\"EntryPoint\",\"urlTemplate\":\"https:\\\/\\\/memurunsesi.net\\\/?s={search_term_string}\"},\"query-input\":{\"@type\":\"PropertyValueSpecification\",\"valueRequired\":true,\"valueName\":\"search_term_string\"}}],\"inLanguage\":\"tr\"},{\"@type\":\"Organization\",\"@id\":\"https:\\\/\\\/memurunsesi.net\\\/#organization\",\"name\":\"Memurun Sesi\",\"url\":\"https:\\\/\\\/memurunsesi.net\\\/\",\"logo\":{\"@type\":\"ImageObject\",\"inLanguage\":\"tr\",\"@id\":\"https:\\\/\\\/memurunsesi.net\\\/#\\\/schema\\\/logo\\\/image\\\/\",\"url\":\"https:\\\/\\\/memurunsesi.net\\\/wp-content\\\/uploads\\\/2025\\\/11\\\/cropped-MEMURUN-SESI.png\",\"contentUrl\":\"https:\\\/\\\/memurunsesi.net\\\/wp-content\\\/uploads\\\/2025\\\/11\\\/cropped-MEMURUN-SESI.png\",\"width\":238,\"height\":57,\"caption\":\"Memurun Sesi\"},\"image\":{\"@id\":\"https:\\\/\\\/memurunsesi.net\\\/#\\\/schema\\\/logo\\\/image\\\/\"},\"sameAs\":[\"https:\\\/\\\/www.facebook.com\\\/unipersen\\\/?locale=tr_TR\",\"https:\\\/\\\/x.com\\\/unipersen\"]},{\"@type\":\"Person\",\"@id\":\"https:\\\/\\\/memurunsesi.net\\\/#\\\/schema\\\/person\\\/f21c2d73b89f6ee1d80b0a1803e38587\",\"name\":\"Memurun Sesi Haber Merkezi\",\"image\":{\"@type\":\"ImageObject\",\"inLanguage\":\"tr\",\"@id\":\"https:\\\/\\\/secure.gravatar.com\\\/avatar\\\/6cf0505f452ee753f485014986fab09a434671d2b919ee76fc541025c5876a70?s=96&d=mm&r=g\",\"url\":\"https:\\\/\\\/secure.gravatar.com\\\/avatar\\\/6cf0505f452ee753f485014986fab09a434671d2b919ee76fc541025c5876a70?s=96&d=mm&r=g\",\"contentUrl\":\"https:\\\/\\\/secure.gravatar.com\\\/avatar\\\/6cf0505f452ee753f485014986fab09a434671d2b919ee76fc541025c5876a70?s=96&d=mm&r=g\",\"caption\":\"Memurun Sesi Haber Merkezi\"},\"sameAs\":[\"https:\\\/\\\/memurunsesi.net\"],\"url\":\"https:\\\/\\\/memurunsesi.net\\\/index.php\\\/author\\\/uniper\\\/\"}]}<\/script>\n<!-- \/ Yoast SEO plugin. -->","yoast_head_json":{"title":"Otelin 3. kat\u0131ndan d\u00fc\u015fen 2 ya\u015f\u0131ndaki \u00e7ocuk yaraland\u0131 - Memurun Sesi","robots":{"index":"index","follow":"follow","max-snippet":"max-snippet:-1","max-image-preview":"max-image-preview:large","max-video-preview":"max-video-preview:-1"},"canonical":"https:\/\/memurunsesi.net\/index.php\/2025\/06\/20\/otelin-3-katindan-dusen-2-yasindaki-cocuk-yaralandi\/","og_locale":"tr_TR","og_type":"article","og_title":"Otelin 3. kat\u0131ndan d\u00fc\u015fen 2 ya\u015f\u0131ndaki \u00e7ocuk yaraland\u0131 - Memurun Sesi","og_description":"Konya\u2019n\u0131n Bey\u015fehir il\u00e7esinde bir otelin 3. kat\u0131ndan kald\u0131r\u0131ma d\u00fc\u015fen 2 ya\u015f\u0131ndaki \u00e7ocuk yaraland\u0131. Olay, Evsat Mahallesi\u2019ndeki 3 katl\u0131 bir otelin 3. kat\u0131nda ya\u015fand\u0131. Edinilen bilgiye g\u00f6re, otel m\u00fc\u015fterisi olan \u00d6zbek uyruklu bir kad\u0131n\u0131n 22 ayl\u0131k bebe\u011fi bebe\u011fi S.B.S., kald\u0131klar\u0131 otelin odas\u0131ndaki pencereden yere d\u00fc\u015ft\u00fc. Erkek bebek, beton zemine d\u00fc\u015ferek yaralan\u0131rken ihbar \u00fczerine adrese sa\u011fl\u0131k ve [&hellip;]","og_url":"https:\/\/memurunsesi.net\/index.php\/2025\/06\/20\/otelin-3-katindan-dusen-2-yasindaki-cocuk-yaralandi\/","og_site_name":"Memurun Sesi","article_publisher":"https:\/\/www.facebook.com\/unipersen\/?locale=tr_TR","article_published_time":"2025-06-20T05:41:15+00:00","og_image":[{"width":1600,"height":1066,"url":"https:\/\/memurunsesi.net\/wp-content\/uploads\/2025\/06\/AW479913_01.jpg","type":"image\/jpeg"}],"author":"Memurun Sesi Haber Merkezi","twitter_card":"summary_large_image","twitter_creator":"@unipersen","twitter_site":"@unipersen","twitter_misc":{"Yazan:":"Memurun Sesi Haber Merkezi","Tahmini okuma s\u00fcresi":"1 dakika"},"schema":{"@context":"https:\/\/schema.org","@graph":[{"@type":"Article","@id":"https:\/\/memurunsesi.net\/index.php\/2025\/06\/20\/otelin-3-katindan-dusen-2-yasindaki-cocuk-yaralandi\/#article","isPartOf":{"@id":"https:\/\/memurunsesi.net\/index.php\/2025\/06\/20\/otelin-3-katindan-dusen-2-yasindaki-cocuk-yaralandi\/"},"author":{"name":"Memurun Sesi Haber Merkezi","@id":"https:\/\/memurunsesi.net\/#\/schema\/person\/f21c2d73b89f6ee1d80b0a1803e38587"},"headline":"Otelin 3. kat\u0131ndan d\u00fc\u015fen 2 ya\u015f\u0131ndaki \u00e7ocuk yaraland\u0131","datePublished":"2025-06-20T05:41:15+00:00","mainEntityOfPage":{"@id":"https:\/\/memurunsesi.net\/index.php\/2025\/06\/20\/otelin-3-katindan-dusen-2-yasindaki-cocuk-yaralandi\/"},"wordCount":167,"commentCount":0,"publisher":{"@id":"https:\/\/memurunsesi.net\/#organization"},"image":{"@id":"https:\/\/memurunsesi.net\/index.php\/2025\/06\/20\/otelin-3-katindan-dusen-2-yasindaki-cocuk-yaralandi\/#primaryimage"},"thumbnailUrl":"https:\/\/memurunsesi.net\/wp-content\/uploads\/2025\/06\/AW479913_01.jpg","inLanguage":"tr","potentialAction":[{"@type":"CommentAction","name":"Comment","target":["https:\/\/memurunsesi.net\/index.php\/2025\/06\/20\/otelin-3-katindan-dusen-2-yasindaki-cocuk-yaralandi\/#respond"]}]},{"@type":"WebPage","@id":"https:\/\/memurunsesi.net\/index.php\/2025\/06\/20\/otelin-3-katindan-dusen-2-yasindaki-cocuk-yaralandi\/","url":"https:\/\/memurunsesi.net\/index.php\/2025\/06\/20\/otelin-3-katindan-dusen-2-yasindaki-cocuk-yaralandi\/","name":"Otelin 3. kat\u0131ndan d\u00fc\u015fen 2 ya\u015f\u0131ndaki \u00e7ocuk yaraland\u0131 - Memurun Sesi","isPartOf":{"@id":"https:\/\/memurunsesi.net\/#website"},"primaryImageOfPage":{"@id":"https:\/\/memurunsesi.net\/index.php\/2025\/06\/20\/otelin-3-katindan-dusen-2-yasindaki-cocuk-yaralandi\/#primaryimage"},"image":{"@id":"https:\/\/memurunsesi.net\/index.php\/2025\/06\/20\/otelin-3-katindan-dusen-2-yasindaki-cocuk-yaralandi\/#primaryimage"},"thumbnailUrl":"https:\/\/memurunsesi.net\/wp-content\/uploads\/2025\/06\/AW479913_01.jpg","datePublished":"2025-06-20T05:41:15+00:00","breadcrumb":{"@id":"https:\/\/memurunsesi.net\/index.php\/2025\/06\/20\/otelin-3-katindan-dusen-2-yasindaki-cocuk-yaralandi\/#breadcrumb"},"inLanguage":"tr","potentialAction":[{"@type":"ReadAction","target":["https:\/\/memurunsesi.net\/index.php\/2025\/06\/20\/otelin-3-katindan-dusen-2-yasindaki-cocuk-yaralandi\/"]}]},{"@type":"ImageObject","inLanguage":"tr","@id":"https:\/\/memurunsesi.net\/index.php\/2025\/06\/20\/otelin-3-katindan-dusen-2-yasindaki-cocuk-yaralandi\/#primaryimage","url":"https:\/\/memurunsesi.net\/wp-content\/uploads\/2025\/06\/AW479913_01.jpg","contentUrl":"https:\/\/memurunsesi.net\/wp-content\/uploads\/2025\/06\/AW479913_01.jpg","width":1600,"height":1066,"caption":"KONYA'NIN BEY\u015eEH\u0130R \u0130L\u00c7ES\u0130NDE 3 KATLI B\u0130R OTEL\u0130N 3. KATINDAN KALDIRIM \u00dcZER\u0130NE D\u00dc\u015eEN 2 YA\u015eINDAK\u0130 BEBEK YARALANDI. (AL\u0130 RIZA \u00d6NSES\/KONYA-\u0130HA) Konya'n\u0131n Bey\u015fehir il\u00e7esinde bir otelin 3. kat\u0131ndan kald\u0131r\u0131ma d\u00fc\u015fen 2 ya\u015f\u0131ndaki \u00e7ocuk yaraland\u0131."},{"@type":"BreadcrumbList","@id":"https:\/\/memurunsesi.net\/index.php\/2025\/06\/20\/otelin-3-katindan-dusen-2-yasindaki-cocuk-yaralandi\/#breadcrumb","itemListElement":[{"@type":"ListItem","position":1,"name":"Anasayfa","item":"https:\/\/memurunsesi.net\/"},{"@type":"ListItem","position":2,"name":"Otelin 3. kat\u0131ndan d\u00fc\u015fen 2 ya\u015f\u0131ndaki \u00e7ocuk yaraland\u0131"}]},{"@type":"WebSite","@id":"https:\/\/memurunsesi.net\/#website","url":"https:\/\/memurunsesi.net\/","name":"Memurun Sesi","description":"G\u00fcncel ve Do\u011fru Haber","publisher":{"@id":"https:\/\/memurunsesi.net\/#organization"},"potentialAction":[{"@type":"SearchAction","target":{"@type":"EntryPoint","urlTemplate":"https:\/\/memurunsesi.net\/?s={search_term_string}"},"query-input":{"@type":"PropertyValueSpecification","valueRequired":true,"valueName":"search_term_string"}}],"inLanguage":"tr"},{"@type":"Organization","@id":"https:\/\/memurunsesi.net\/#organization","name":"Memurun Sesi","url":"https:\/\/memurunsesi.net\/","logo":{"@type":"ImageObject","inLanguage":"tr","@id":"https:\/\/memurunsesi.net\/#\/schema\/logo\/image\/","url":"https:\/\/memurunsesi.net\/wp-content\/uploads\/2025\/11\/cropped-MEMURUN-SESI.png","contentUrl":"https:\/\/memurunsesi.net\/wp-content\/uploads\/2025\/11\/cropped-MEMURUN-SESI.png","width":238,"height":57,"caption":"Memurun Sesi"},"image":{"@id":"https:\/\/memurunsesi.net\/#\/schema\/logo\/image\/"},"sameAs":["https:\/\/www.facebook.com\/unipersen\/?locale=tr_TR","https:\/\/x.com\/unipersen"]},{"@type":"Person","@id":"https:\/\/memurunsesi.net\/#\/schema\/person\/f21c2d73b89f6ee1d80b0a1803e38587","name":"Memurun Sesi Haber Merkezi","image":{"@type":"ImageObject","inLanguage":"tr","@id":"https:\/\/secure.gravatar.com\/avatar\/6cf0505f452ee753f485014986fab09a434671d2b919ee76fc541025c5876a70?s=96&d=mm&r=g","url":"https:\/\/secure.gravatar.com\/avatar\/6cf0505f452ee753f485014986fab09a434671d2b919ee76fc541025c5876a70?s=96&d=mm&r=g","contentUrl":"https:\/\/secure.gravatar.com\/avatar\/6cf0505f452ee753f485014986fab09a434671d2b919ee76fc541025c5876a70?s=96&d=mm&r=g","caption":"Memurun Sesi Haber Merkezi"},"sameAs":["https:\/\/memurunsesi.net"],"url":"https:\/\/memurunsesi.net\/index.php\/author\/uniper\/"}]}},"_links":{"self":[{"href":"https:\/\/memurunsesi.net\/index.php\/wp-json\/wp\/v2\/posts\/8259","targetHints":{"allow":["GET"]}}],"collection":[{"href":"https:\/\/memurunsesi.net\/index.php\/wp-json\/wp\/v2\/posts"}],"about":[{"href":"https:\/\/memurunsesi.net\/index.php\/wp-json\/wp\/v2\/types\/post"}],"author":[{"embeddable":true,"href":"https:\/\/memurunsesi.net\/index.php\/wp-json\/wp\/v2\/users\/1"}],"replies":[{"embeddable":true,"href":"https:\/\/memurunsesi.net\/index.php\/wp-json\/wp\/v2\/comments?post=8259"}],"version-history":[{"count":1,"href":"https:\/\/memurunsesi.net\/index.php\/wp-json\/wp\/v2\/posts\/8259\/revisions"}],"predecessor-version":[{"id":8261,"href":"https:\/\/memurunsesi.net\/index.php\/wp-json\/wp\/v2\/posts\/8259\/revisions\/8261"}],"wp:featuredmedia":[{"embeddable":true,"href":"https:\/\/memurunsesi.net\/index.php\/wp-json\/wp\/v2\/media\/8260"}],"wp:attachment":[{"href":"https:\/\/memurunsesi.net\/index.php\/wp-json\/wp\/v2\/media?parent=8259"}],"wp:term":[{"taxonomy":"category","embeddable":true,"href":"https:\/\/memurunsesi.net\/index.php\/wp-json\/wp\/v2\/categories?post=8259"},{"taxonomy":"post_tag","embeddable":true,"href":"https:\/\/memurunsesi.net\/index.php\/wp-json\/wp\/v2\/tags?post=8259"}],"curies":[{"name":"wp","href":"https:\/\/api.w.org\/{rel}","templated":true}]}}