{"id":8265,"date":"2025-06-20T11:48:45","date_gmt":"2025-06-20T08:48:45","guid":{"rendered":"https:\/\/memurunsesi.net\/?p=8265"},"modified":"2025-06-20T11:48:45","modified_gmt":"2025-06-20T08:48:45","slug":"altinlari-icin-basindan-vurulan-kadin-151-gunluk-yasam-savasini-kaybetti","status":"publish","type":"post","link":"https:\/\/memurunsesi.net\/index.php\/2025\/06\/20\/altinlari-icin-basindan-vurulan-kadin-151-gunluk-yasam-savasini-kaybetti\/","title":{"rendered":"Alt\u0131nlar\u0131 i\u00e7in ba\u015f\u0131ndan vurulan kad\u0131n 151 g\u00fcnl\u00fck ya\u015fam sava\u015f\u0131n\u0131 kaybetti"},"content":{"rendered":"<p>  Adana&#8217;n\u0131n Feke il\u00e7esinde alt\u0131nlar\u0131 i\u00e7in evinde ensesinde vurulmu\u015f halde bulunan kad\u0131n 151 g\u00fcnl\u00fck ya\u015fam sava\u015f\u0131n\u0131 kaybetti. Katil, vurdu\u011fu kad\u0131n\u0131n alt\u0131nlar\u0131n\u0131 Gaziantep&#8217;te satarken Adana polisince yakalan\u0131p tutuklanm\u0131\u015ft\u0131.<br \/>\n  Olay, ge\u00e7en y\u0131l 22 Aral\u0131k&#8217;ta il\u00e7eye ba\u011fl\u0131 Karacao\u011flan Mahallesi&#8217;nde saat 15.00&#8217;te meydana gelmi\u015fti. \u0130ddiaya g\u00f6re, evde tek ya\u015fayan M\u00fcyesser K\u0131z\u0131loluk (52) mutfakta ensesinden vurulmu\u015f halde kom\u015fular\u0131 taraf\u0131ndan bulundu. \u0130hbar \u00fczerine b\u00f6lgeye sa\u011fl\u0131k ve polis ekipleri sevk edildi. A\u011f\u0131r yaral\u0131 K\u0131z\u0131loluk \u00f6nce il\u00e7ede devlet hastanesine sonra da \u015fehir hastanesine sevk edildi. Burada yap\u0131lan m\u00fcdahaleler sonras\u0131nda \u00f6zel hastanede tedavisine devam edilen 52 ya\u015f\u0131ndaki kad\u0131n 151 g\u00fcnl\u00fck ya\u015fam sava\u015f\u0131n\u0131 kaybetti. <\/p>\n<p>  Katil \u00f6zel g\u00fcvenlik g\u00f6revlisi \u00e7\u0131km\u0131\u015ft\u0131<br \/>\n  Olayla ilgili \u00e7al\u0131\u015fma ba\u015flatan \u0130l Emniyet M\u00fcd\u00fcrl\u00fc\u011f\u00fc Asayi\u015f \u015eube Cinayet B\u00fcro Amirli\u011fi ve Feke \u0130l\u00e7e Emniyet Amirli\u011fi ekipleri kamera kay\u0131tlar\u0131n\u0131 mercek alt\u0131na ald\u0131. Kay\u0131tlardan cinayet saatlerinde M.K.E. (37) adl\u0131 \u015f\u00fcpheli tespit edildi. \u00d6zel g\u00fcvenlik g\u00f6revlisi olan ve bir s\u00fcre \u00f6nce i\u015ften ayr\u0131ld\u0131\u011f\u0131n\u0131 belirleyen polis, \u015f\u00fcpheliyi teknik ve fiziki takibe ald\u0131. Ekiplerin \u00e7al\u0131\u015fmas\u0131 s\u0131ras\u0131nda \u015f\u00fcphelinin alt\u0131nlar\u0131 bozdurmaya Gaziantep&#8217;e gitti\u011fi belirlendi. Gaziantep&#8217;e 25 kilometre kala kulland\u0131\u011f\u0131 otomobil bozulan \u015f\u00fcpheli \u00e7ekiciyle sanayiler sitesine gitti. Buradan \u015eahinbey il\u00e7esine ba\u011fl\u0131 Alabey Mahallesi Hac\u0131 Veli Caddesi&#8217;ndeki kuyumcular\u0131n oldu\u011fu b\u00f6lgeye giden \u015f\u00fcpheli M.K.E., bir kuyumcuda K\u0131z\u0131loluk&#8217;tan \u00e7ald\u0131\u011f\u0131 25 ve 30 graml\u0131k bilezikleri bozdurdu. Paran\u0131n bir k\u0131sm\u0131n\u0131 nakit alan Ergen, bir k\u0131sm\u0131n\u0131 da banka hesab\u0131ndan alaca\u011f\u0131 s\u0131rada polislerin \u015fok bask\u0131n\u0131 ile yakaland\u0131. \u015e\u00fcphelinin yakalanma an\u0131 ise i\u015f yerinin g\u00fcvenlik kameras\u0131na anbean yans\u0131d\u0131. <\/p>\n<p>  Alt\u0131n Gaziantep&#8217;te pahal\u0131 diye oraya satmaya gitmi\u015fti<br \/>\n  Cinayeti itiraf eden ve tabancan\u0131n da yerini g\u00f6steren \u015f\u00fcphelinin ifadesinde, &#8220;Kad\u0131n\u0131 tan\u0131yordum, alt\u0131nlar\u0131 oldu\u011funu biliyordum. Evinin \u00f6n\u00fcnden ge\u00e7iyordum, kap\u0131s\u0131 a\u00e7\u0131k g\u00f6r\u00fcnce i\u00e7eri girdim. Amac\u0131m h\u0131rs\u0131zl\u0131kt\u0131 sadece ama mutfakta kad\u0131n\u0131n sesi gelince arkas\u0131ndan ensesine tabancam ile ate\u015f a\u00e7t\u0131m. Sonra elindeki bilezikleri \u00e7al\u0131p ka\u00e7t\u0131m. Alt\u0131nlar ise Gaziantep&#8217;te daha pahal\u0131 oldu\u011fu i\u00e7in oraya bozdurmaya gittim. Maddi s\u0131k\u0131nt\u0131lar\u0131mdan dolay\u0131 yapt\u0131m&#8221; dedi\u011fi \u00f6\u011frenildi.<br \/>\n  21 Ocak&#8217;ta emniyetteki i\u015flemlerinin ard\u0131ndan adliyeye sevk  edilen \u015f\u00fcpheli, &#8216;kasten \u00f6ld\u00fcrme&#8217;, &#8216;konut i\u00e7erisinde silahl\u0131 ya\u011fma&#8217; su\u00e7lar\u0131ndan \u00e7\u0131kar\u0131ld\u0131\u011f\u0131 mahkemece tutukland\u0131. <\/p>\n<p>20.06.2025                                  <\/p>\n","protected":false},"excerpt":{"rendered":"<p>Adana&#8217;n\u0131n Feke il\u00e7esinde alt\u0131nlar\u0131 i\u00e7in evinde ensesinde vurulmu\u015f halde bulunan kad\u0131n 151 g\u00fcnl\u00fck ya\u015fam sava\u015f\u0131n\u0131 kaybetti. Katil, vurdu\u011fu kad\u0131n\u0131n alt\u0131nlar\u0131n\u0131 Gaziantep&#8217;te satarken Adana polisince yakalan\u0131p tutuklanm\u0131\u015ft\u0131. Olay, ge\u00e7en y\u0131l 22 Aral\u0131k&#8217;ta il\u00e7eye ba\u011fl\u0131 Karacao\u011flan Mahallesi&#8217;nde saat 15.00&#8217;te meydana gelmi\u015fti. \u0130ddiaya g\u00f6re, evde tek ya\u015fayan M\u00fcyesser K\u0131z\u0131loluk (52) mutfakta ensesinden vurulmu\u015f halde kom\u015fular\u0131 taraf\u0131ndan bulundu. \u0130hbar [&hellip;]<\/p>\n","protected":false},"author":1,"featured_media":8266,"comment_status":"open","ping_status":"open","sticky":false,"template":"","format":"standard","meta":{"footnotes":""},"categories":[1],"tags":[],"class_list":["post-8265","post","type-post","status-publish","format-standard","has-post-thumbnail","hentry","category-genel"],"yoast_head":"<!-- This site is optimized with the Yoast SEO plugin v27.4 - https:\/\/yoast.com\/product\/yoast-seo-wordpress\/ -->\n<title>Alt\u0131nlar\u0131 i\u00e7in ba\u015f\u0131ndan vurulan kad\u0131n 151 g\u00fcnl\u00fck ya\u015fam sava\u015f\u0131n\u0131 kaybetti - Memurun Sesi<\/title>\n<meta name=\"robots\" content=\"index, follow, max-snippet:-1, max-image-preview:large, max-video-preview:-1\" \/>\n<link rel=\"canonical\" href=\"https:\/\/memurunsesi.net\/index.php\/2025\/06\/20\/altinlari-icin-basindan-vurulan-kadin-151-gunluk-yasam-savasini-kaybetti\/\" \/>\n<meta property=\"og:locale\" content=\"tr_TR\" \/>\n<meta property=\"og:type\" content=\"article\" \/>\n<meta property=\"og:title\" content=\"Alt\u0131nlar\u0131 i\u00e7in ba\u015f\u0131ndan vurulan kad\u0131n 151 g\u00fcnl\u00fck ya\u015fam sava\u015f\u0131n\u0131 kaybetti - Memurun Sesi\" \/>\n<meta property=\"og:description\" content=\"Adana&#8217;n\u0131n Feke il\u00e7esinde alt\u0131nlar\u0131 i\u00e7in evinde ensesinde vurulmu\u015f halde bulunan kad\u0131n 151 g\u00fcnl\u00fck ya\u015fam sava\u015f\u0131n\u0131 kaybetti. Katil, vurdu\u011fu kad\u0131n\u0131n alt\u0131nlar\u0131n\u0131 Gaziantep&#8217;te satarken Adana polisince yakalan\u0131p tutuklanm\u0131\u015ft\u0131. Olay, ge\u00e7en y\u0131l 22 Aral\u0131k&#8217;ta il\u00e7eye ba\u011fl\u0131 Karacao\u011flan Mahallesi&#8217;nde saat 15.00&#8217;te meydana gelmi\u015fti. \u0130ddiaya g\u00f6re, evde tek ya\u015fayan M\u00fcyesser K\u0131z\u0131loluk (52) mutfakta ensesinden vurulmu\u015f halde kom\u015fular\u0131 taraf\u0131ndan bulundu. \u0130hbar [&hellip;]\" \/>\n<meta property=\"og:url\" content=\"https:\/\/memurunsesi.net\/index.php\/2025\/06\/20\/altinlari-icin-basindan-vurulan-kadin-151-gunluk-yasam-savasini-kaybetti\/\" \/>\n<meta property=\"og:site_name\" content=\"Memurun Sesi\" \/>\n<meta property=\"article:publisher\" content=\"https:\/\/www.facebook.com\/unipersen\/?locale=tr_TR\" \/>\n<meta property=\"article:published_time\" content=\"2025-06-20T08:48:45+00:00\" \/>\n<meta property=\"og:image\" content=\"https:\/\/memurunsesi.net\/wp-content\/uploads\/2025\/06\/AW480200_01-scaled.jpg\" \/>\n\t<meta property=\"og:image:width\" content=\"2560\" \/>\n\t<meta property=\"og:image:height\" content=\"1440\" \/>\n\t<meta property=\"og:image:type\" content=\"image\/jpeg\" \/>\n<meta name=\"author\" content=\"Memurun Sesi Haber Merkezi\" \/>\n<meta name=\"twitter:card\" content=\"summary_large_image\" \/>\n<meta name=\"twitter:creator\" content=\"@unipersen\" \/>\n<meta name=\"twitter:site\" content=\"@unipersen\" \/>\n<meta name=\"twitter:label1\" content=\"Yazan:\" \/>\n\t<meta name=\"twitter:data1\" content=\"Memurun Sesi Haber Merkezi\" \/>\n\t<meta name=\"twitter:label2\" content=\"Tahmini okuma s\u00fcresi\" \/>\n\t<meta name=\"twitter:data2\" content=\"1 dakika\" \/>\n<script type=\"application\/ld+json\" class=\"yoast-schema-graph\">{\"@context\":\"https:\\\/\\\/schema.org\",\"@graph\":[{\"@type\":\"Article\",\"@id\":\"https:\\\/\\\/memurunsesi.net\\\/index.php\\\/2025\\\/06\\\/20\\\/altinlari-icin-basindan-vurulan-kadin-151-gunluk-yasam-savasini-kaybetti\\\/#article\",\"isPartOf\":{\"@id\":\"https:\\\/\\\/memurunsesi.net\\\/index.php\\\/2025\\\/06\\\/20\\\/altinlari-icin-basindan-vurulan-kadin-151-gunluk-yasam-savasini-kaybetti\\\/\"},\"author\":{\"name\":\"Memurun Sesi Haber Merkezi\",\"@id\":\"https:\\\/\\\/memurunsesi.net\\\/#\\\/schema\\\/person\\\/f21c2d73b89f6ee1d80b0a1803e38587\"},\"headline\":\"Alt\u0131nlar\u0131 i\u00e7in ba\u015f\u0131ndan vurulan kad\u0131n 151 g\u00fcnl\u00fck ya\u015fam sava\u015f\u0131n\u0131 kaybetti\",\"datePublished\":\"2025-06-20T08:48:45+00:00\",\"mainEntityOfPage\":{\"@id\":\"https:\\\/\\\/memurunsesi.net\\\/index.php\\\/2025\\\/06\\\/20\\\/altinlari-icin-basindan-vurulan-kadin-151-gunluk-yasam-savasini-kaybetti\\\/\"},\"wordCount\":463,\"commentCount\":0,\"publisher\":{\"@id\":\"https:\\\/\\\/memurunsesi.net\\\/#organization\"},\"image\":{\"@id\":\"https:\\\/\\\/memurunsesi.net\\\/index.php\\\/2025\\\/06\\\/20\\\/altinlari-icin-basindan-vurulan-kadin-151-gunluk-yasam-savasini-kaybetti\\\/#primaryimage\"},\"thumbnailUrl\":\"https:\\\/\\\/memurunsesi.net\\\/wp-content\\\/uploads\\\/2025\\\/06\\\/AW480200_01-scaled.jpg\",\"inLanguage\":\"tr\",\"potentialAction\":[{\"@type\":\"CommentAction\",\"name\":\"Comment\",\"target\":[\"https:\\\/\\\/memurunsesi.net\\\/index.php\\\/2025\\\/06\\\/20\\\/altinlari-icin-basindan-vurulan-kadin-151-gunluk-yasam-savasini-kaybetti\\\/#respond\"]}]},{\"@type\":\"WebPage\",\"@id\":\"https:\\\/\\\/memurunsesi.net\\\/index.php\\\/2025\\\/06\\\/20\\\/altinlari-icin-basindan-vurulan-kadin-151-gunluk-yasam-savasini-kaybetti\\\/\",\"url\":\"https:\\\/\\\/memurunsesi.net\\\/index.php\\\/2025\\\/06\\\/20\\\/altinlari-icin-basindan-vurulan-kadin-151-gunluk-yasam-savasini-kaybetti\\\/\",\"name\":\"Alt\u0131nlar\u0131 i\u00e7in ba\u015f\u0131ndan vurulan kad\u0131n 151 g\u00fcnl\u00fck ya\u015fam sava\u015f\u0131n\u0131 kaybetti - Memurun Sesi\",\"isPartOf\":{\"@id\":\"https:\\\/\\\/memurunsesi.net\\\/#website\"},\"primaryImageOfPage\":{\"@id\":\"https:\\\/\\\/memurunsesi.net\\\/index.php\\\/2025\\\/06\\\/20\\\/altinlari-icin-basindan-vurulan-kadin-151-gunluk-yasam-savasini-kaybetti\\\/#primaryimage\"},\"image\":{\"@id\":\"https:\\\/\\\/memurunsesi.net\\\/index.php\\\/2025\\\/06\\\/20\\\/altinlari-icin-basindan-vurulan-kadin-151-gunluk-yasam-savasini-kaybetti\\\/#primaryimage\"},\"thumbnailUrl\":\"https:\\\/\\\/memurunsesi.net\\\/wp-content\\\/uploads\\\/2025\\\/06\\\/AW480200_01-scaled.jpg\",\"datePublished\":\"2025-06-20T08:48:45+00:00\",\"breadcrumb\":{\"@id\":\"https:\\\/\\\/memurunsesi.net\\\/index.php\\\/2025\\\/06\\\/20\\\/altinlari-icin-basindan-vurulan-kadin-151-gunluk-yasam-savasini-kaybetti\\\/#breadcrumb\"},\"inLanguage\":\"tr\",\"potentialAction\":[{\"@type\":\"ReadAction\",\"target\":[\"https:\\\/\\\/memurunsesi.net\\\/index.php\\\/2025\\\/06\\\/20\\\/altinlari-icin-basindan-vurulan-kadin-151-gunluk-yasam-savasini-kaybetti\\\/\"]}]},{\"@type\":\"ImageObject\",\"inLanguage\":\"tr\",\"@id\":\"https:\\\/\\\/memurunsesi.net\\\/index.php\\\/2025\\\/06\\\/20\\\/altinlari-icin-basindan-vurulan-kadin-151-gunluk-yasam-savasini-kaybetti\\\/#primaryimage\",\"url\":\"https:\\\/\\\/memurunsesi.net\\\/wp-content\\\/uploads\\\/2025\\\/06\\\/AW480200_01-scaled.jpg\",\"contentUrl\":\"https:\\\/\\\/memurunsesi.net\\\/wp-content\\\/uploads\\\/2025\\\/06\\\/AW480200_01-scaled.jpg\",\"width\":2560,\"height\":1440,\"caption\":\"ADANA'NIN FEKE \u0130L\u00c7ES\u0130NDE EV\u0130NDEN ENSES\u0130NDE VURULMU\u015e HALDE BULUNAN KADIN 151 G\u00dcNL\u00dcK YA\u015eAM SAVA\u015eINI KAYBETT\u0130. \u015e\u00dcPHEL\u0130 VURDU\u011eU KADININ ALTINLARINI GAZ\u0130ANTEP'TE SATARKEN ADANA POL\u0130S\u0130N TARAFINDAN YAKALANMI\u015eTI. (S\u00dcLEYMAN CENK \u0130DAYE\\\/ADANA-\u0130HA) Adana'n\u0131n Feke il\u00e7esinde alt\u0131nlar\u0131 i\u00e7in evinde ensesinde vurulmu\u015f halde bulunan kad\u0131n 151 g\u00fcnl\u00fck ya\u015fam sava\u015f\u0131n\u0131 kaybetti. Katil, vurdu\u011fu kad\u0131n\u0131n alt\u0131nlar\u0131n\u0131 Gaziantep'te satarken Adana polisince yakalan\u0131p tutuklanm\u0131\u015ft\u0131.\"},{\"@type\":\"BreadcrumbList\",\"@id\":\"https:\\\/\\\/memurunsesi.net\\\/index.php\\\/2025\\\/06\\\/20\\\/altinlari-icin-basindan-vurulan-kadin-151-gunluk-yasam-savasini-kaybetti\\\/#breadcrumb\",\"itemListElement\":[{\"@type\":\"ListItem\",\"position\":1,\"name\":\"Anasayfa\",\"item\":\"https:\\\/\\\/memurunsesi.net\\\/\"},{\"@type\":\"ListItem\",\"position\":2,\"name\":\"Alt\u0131nlar\u0131 i\u00e7in ba\u015f\u0131ndan vurulan kad\u0131n 151 g\u00fcnl\u00fck ya\u015fam sava\u015f\u0131n\u0131 kaybetti\"}]},{\"@type\":\"WebSite\",\"@id\":\"https:\\\/\\\/memurunsesi.net\\\/#website\",\"url\":\"https:\\\/\\\/memurunsesi.net\\\/\",\"name\":\"Memurun Sesi\",\"description\":\"G\u00fcncel ve Do\u011fru Haber\",\"publisher\":{\"@id\":\"https:\\\/\\\/memurunsesi.net\\\/#organization\"},\"potentialAction\":[{\"@type\":\"SearchAction\",\"target\":{\"@type\":\"EntryPoint\",\"urlTemplate\":\"https:\\\/\\\/memurunsesi.net\\\/?s={search_term_string}\"},\"query-input\":{\"@type\":\"PropertyValueSpecification\",\"valueRequired\":true,\"valueName\":\"search_term_string\"}}],\"inLanguage\":\"tr\"},{\"@type\":\"Organization\",\"@id\":\"https:\\\/\\\/memurunsesi.net\\\/#organization\",\"name\":\"Memurun Sesi\",\"url\":\"https:\\\/\\\/memurunsesi.net\\\/\",\"logo\":{\"@type\":\"ImageObject\",\"inLanguage\":\"tr\",\"@id\":\"https:\\\/\\\/memurunsesi.net\\\/#\\\/schema\\\/logo\\\/image\\\/\",\"url\":\"https:\\\/\\\/memurunsesi.net\\\/wp-content\\\/uploads\\\/2025\\\/11\\\/cropped-MEMURUN-SESI.png\",\"contentUrl\":\"https:\\\/\\\/memurunsesi.net\\\/wp-content\\\/uploads\\\/2025\\\/11\\\/cropped-MEMURUN-SESI.png\",\"width\":238,\"height\":57,\"caption\":\"Memurun Sesi\"},\"image\":{\"@id\":\"https:\\\/\\\/memurunsesi.net\\\/#\\\/schema\\\/logo\\\/image\\\/\"},\"sameAs\":[\"https:\\\/\\\/www.facebook.com\\\/unipersen\\\/?locale=tr_TR\",\"https:\\\/\\\/x.com\\\/unipersen\"]},{\"@type\":\"Person\",\"@id\":\"https:\\\/\\\/memurunsesi.net\\\/#\\\/schema\\\/person\\\/f21c2d73b89f6ee1d80b0a1803e38587\",\"name\":\"Memurun Sesi Haber Merkezi\",\"image\":{\"@type\":\"ImageObject\",\"inLanguage\":\"tr\",\"@id\":\"https:\\\/\\\/secure.gravatar.com\\\/avatar\\\/6cf0505f452ee753f485014986fab09a434671d2b919ee76fc541025c5876a70?s=96&d=mm&r=g\",\"url\":\"https:\\\/\\\/secure.gravatar.com\\\/avatar\\\/6cf0505f452ee753f485014986fab09a434671d2b919ee76fc541025c5876a70?s=96&d=mm&r=g\",\"contentUrl\":\"https:\\\/\\\/secure.gravatar.com\\\/avatar\\\/6cf0505f452ee753f485014986fab09a434671d2b919ee76fc541025c5876a70?s=96&d=mm&r=g\",\"caption\":\"Memurun Sesi Haber Merkezi\"},\"sameAs\":[\"https:\\\/\\\/memurunsesi.net\"],\"url\":\"https:\\\/\\\/memurunsesi.net\\\/index.php\\\/author\\\/uniper\\\/\"}]}<\/script>\n<!-- \/ Yoast SEO plugin. -->","yoast_head_json":{"title":"Alt\u0131nlar\u0131 i\u00e7in ba\u015f\u0131ndan vurulan kad\u0131n 151 g\u00fcnl\u00fck ya\u015fam sava\u015f\u0131n\u0131 kaybetti - Memurun Sesi","robots":{"index":"index","follow":"follow","max-snippet":"max-snippet:-1","max-image-preview":"max-image-preview:large","max-video-preview":"max-video-preview:-1"},"canonical":"https:\/\/memurunsesi.net\/index.php\/2025\/06\/20\/altinlari-icin-basindan-vurulan-kadin-151-gunluk-yasam-savasini-kaybetti\/","og_locale":"tr_TR","og_type":"article","og_title":"Alt\u0131nlar\u0131 i\u00e7in ba\u015f\u0131ndan vurulan kad\u0131n 151 g\u00fcnl\u00fck ya\u015fam sava\u015f\u0131n\u0131 kaybetti - Memurun Sesi","og_description":"Adana&#8217;n\u0131n Feke il\u00e7esinde alt\u0131nlar\u0131 i\u00e7in evinde ensesinde vurulmu\u015f halde bulunan kad\u0131n 151 g\u00fcnl\u00fck ya\u015fam sava\u015f\u0131n\u0131 kaybetti. Katil, vurdu\u011fu kad\u0131n\u0131n alt\u0131nlar\u0131n\u0131 Gaziantep&#8217;te satarken Adana polisince yakalan\u0131p tutuklanm\u0131\u015ft\u0131. Olay, ge\u00e7en y\u0131l 22 Aral\u0131k&#8217;ta il\u00e7eye ba\u011fl\u0131 Karacao\u011flan Mahallesi&#8217;nde saat 15.00&#8217;te meydana gelmi\u015fti. \u0130ddiaya g\u00f6re, evde tek ya\u015fayan M\u00fcyesser K\u0131z\u0131loluk (52) mutfakta ensesinden vurulmu\u015f halde kom\u015fular\u0131 taraf\u0131ndan bulundu. \u0130hbar [&hellip;]","og_url":"https:\/\/memurunsesi.net\/index.php\/2025\/06\/20\/altinlari-icin-basindan-vurulan-kadin-151-gunluk-yasam-savasini-kaybetti\/","og_site_name":"Memurun Sesi","article_publisher":"https:\/\/www.facebook.com\/unipersen\/?locale=tr_TR","article_published_time":"2025-06-20T08:48:45+00:00","og_image":[{"width":2560,"height":1440,"url":"https:\/\/memurunsesi.net\/wp-content\/uploads\/2025\/06\/AW480200_01-scaled.jpg","type":"image\/jpeg"}],"author":"Memurun Sesi Haber Merkezi","twitter_card":"summary_large_image","twitter_creator":"@unipersen","twitter_site":"@unipersen","twitter_misc":{"Yazan:":"Memurun Sesi Haber Merkezi","Tahmini okuma s\u00fcresi":"1 dakika"},"schema":{"@context":"https:\/\/schema.org","@graph":[{"@type":"Article","@id":"https:\/\/memurunsesi.net\/index.php\/2025\/06\/20\/altinlari-icin-basindan-vurulan-kadin-151-gunluk-yasam-savasini-kaybetti\/#article","isPartOf":{"@id":"https:\/\/memurunsesi.net\/index.php\/2025\/06\/20\/altinlari-icin-basindan-vurulan-kadin-151-gunluk-yasam-savasini-kaybetti\/"},"author":{"name":"Memurun Sesi Haber Merkezi","@id":"https:\/\/memurunsesi.net\/#\/schema\/person\/f21c2d73b89f6ee1d80b0a1803e38587"},"headline":"Alt\u0131nlar\u0131 i\u00e7in ba\u015f\u0131ndan vurulan kad\u0131n 151 g\u00fcnl\u00fck ya\u015fam sava\u015f\u0131n\u0131 kaybetti","datePublished":"2025-06-20T08:48:45+00:00","mainEntityOfPage":{"@id":"https:\/\/memurunsesi.net\/index.php\/2025\/06\/20\/altinlari-icin-basindan-vurulan-kadin-151-gunluk-yasam-savasini-kaybetti\/"},"wordCount":463,"commentCount":0,"publisher":{"@id":"https:\/\/memurunsesi.net\/#organization"},"image":{"@id":"https:\/\/memurunsesi.net\/index.php\/2025\/06\/20\/altinlari-icin-basindan-vurulan-kadin-151-gunluk-yasam-savasini-kaybetti\/#primaryimage"},"thumbnailUrl":"https:\/\/memurunsesi.net\/wp-content\/uploads\/2025\/06\/AW480200_01-scaled.jpg","inLanguage":"tr","potentialAction":[{"@type":"CommentAction","name":"Comment","target":["https:\/\/memurunsesi.net\/index.php\/2025\/06\/20\/altinlari-icin-basindan-vurulan-kadin-151-gunluk-yasam-savasini-kaybetti\/#respond"]}]},{"@type":"WebPage","@id":"https:\/\/memurunsesi.net\/index.php\/2025\/06\/20\/altinlari-icin-basindan-vurulan-kadin-151-gunluk-yasam-savasini-kaybetti\/","url":"https:\/\/memurunsesi.net\/index.php\/2025\/06\/20\/altinlari-icin-basindan-vurulan-kadin-151-gunluk-yasam-savasini-kaybetti\/","name":"Alt\u0131nlar\u0131 i\u00e7in ba\u015f\u0131ndan vurulan kad\u0131n 151 g\u00fcnl\u00fck ya\u015fam sava\u015f\u0131n\u0131 kaybetti - Memurun Sesi","isPartOf":{"@id":"https:\/\/memurunsesi.net\/#website"},"primaryImageOfPage":{"@id":"https:\/\/memurunsesi.net\/index.php\/2025\/06\/20\/altinlari-icin-basindan-vurulan-kadin-151-gunluk-yasam-savasini-kaybetti\/#primaryimage"},"image":{"@id":"https:\/\/memurunsesi.net\/index.php\/2025\/06\/20\/altinlari-icin-basindan-vurulan-kadin-151-gunluk-yasam-savasini-kaybetti\/#primaryimage"},"thumbnailUrl":"https:\/\/memurunsesi.net\/wp-content\/uploads\/2025\/06\/AW480200_01-scaled.jpg","datePublished":"2025-06-20T08:48:45+00:00","breadcrumb":{"@id":"https:\/\/memurunsesi.net\/index.php\/2025\/06\/20\/altinlari-icin-basindan-vurulan-kadin-151-gunluk-yasam-savasini-kaybetti\/#breadcrumb"},"inLanguage":"tr","potentialAction":[{"@type":"ReadAction","target":["https:\/\/memurunsesi.net\/index.php\/2025\/06\/20\/altinlari-icin-basindan-vurulan-kadin-151-gunluk-yasam-savasini-kaybetti\/"]}]},{"@type":"ImageObject","inLanguage":"tr","@id":"https:\/\/memurunsesi.net\/index.php\/2025\/06\/20\/altinlari-icin-basindan-vurulan-kadin-151-gunluk-yasam-savasini-kaybetti\/#primaryimage","url":"https:\/\/memurunsesi.net\/wp-content\/uploads\/2025\/06\/AW480200_01-scaled.jpg","contentUrl":"https:\/\/memurunsesi.net\/wp-content\/uploads\/2025\/06\/AW480200_01-scaled.jpg","width":2560,"height":1440,"caption":"ADANA'NIN FEKE \u0130L\u00c7ES\u0130NDE EV\u0130NDEN ENSES\u0130NDE VURULMU\u015e HALDE BULUNAN KADIN 151 G\u00dcNL\u00dcK YA\u015eAM SAVA\u015eINI KAYBETT\u0130. \u015e\u00dcPHEL\u0130 VURDU\u011eU KADININ ALTINLARINI GAZ\u0130ANTEP'TE SATARKEN ADANA POL\u0130S\u0130N TARAFINDAN YAKALANMI\u015eTI. (S\u00dcLEYMAN CENK \u0130DAYE\/ADANA-\u0130HA) Adana'n\u0131n Feke il\u00e7esinde alt\u0131nlar\u0131 i\u00e7in evinde ensesinde vurulmu\u015f halde bulunan kad\u0131n 151 g\u00fcnl\u00fck ya\u015fam sava\u015f\u0131n\u0131 kaybetti. Katil, vurdu\u011fu kad\u0131n\u0131n alt\u0131nlar\u0131n\u0131 Gaziantep'te satarken Adana polisince yakalan\u0131p tutuklanm\u0131\u015ft\u0131."},{"@type":"BreadcrumbList","@id":"https:\/\/memurunsesi.net\/index.php\/2025\/06\/20\/altinlari-icin-basindan-vurulan-kadin-151-gunluk-yasam-savasini-kaybetti\/#breadcrumb","itemListElement":[{"@type":"ListItem","position":1,"name":"Anasayfa","item":"https:\/\/memurunsesi.net\/"},{"@type":"ListItem","position":2,"name":"Alt\u0131nlar\u0131 i\u00e7in ba\u015f\u0131ndan vurulan kad\u0131n 151 g\u00fcnl\u00fck ya\u015fam sava\u015f\u0131n\u0131 kaybetti"}]},{"@type":"WebSite","@id":"https:\/\/memurunsesi.net\/#website","url":"https:\/\/memurunsesi.net\/","name":"Memurun Sesi","description":"G\u00fcncel ve Do\u011fru Haber","publisher":{"@id":"https:\/\/memurunsesi.net\/#organization"},"potentialAction":[{"@type":"SearchAction","target":{"@type":"EntryPoint","urlTemplate":"https:\/\/memurunsesi.net\/?s={search_term_string}"},"query-input":{"@type":"PropertyValueSpecification","valueRequired":true,"valueName":"search_term_string"}}],"inLanguage":"tr"},{"@type":"Organization","@id":"https:\/\/memurunsesi.net\/#organization","name":"Memurun Sesi","url":"https:\/\/memurunsesi.net\/","logo":{"@type":"ImageObject","inLanguage":"tr","@id":"https:\/\/memurunsesi.net\/#\/schema\/logo\/image\/","url":"https:\/\/memurunsesi.net\/wp-content\/uploads\/2025\/11\/cropped-MEMURUN-SESI.png","contentUrl":"https:\/\/memurunsesi.net\/wp-content\/uploads\/2025\/11\/cropped-MEMURUN-SESI.png","width":238,"height":57,"caption":"Memurun Sesi"},"image":{"@id":"https:\/\/memurunsesi.net\/#\/schema\/logo\/image\/"},"sameAs":["https:\/\/www.facebook.com\/unipersen\/?locale=tr_TR","https:\/\/x.com\/unipersen"]},{"@type":"Person","@id":"https:\/\/memurunsesi.net\/#\/schema\/person\/f21c2d73b89f6ee1d80b0a1803e38587","name":"Memurun Sesi Haber Merkezi","image":{"@type":"ImageObject","inLanguage":"tr","@id":"https:\/\/secure.gravatar.com\/avatar\/6cf0505f452ee753f485014986fab09a434671d2b919ee76fc541025c5876a70?s=96&d=mm&r=g","url":"https:\/\/secure.gravatar.com\/avatar\/6cf0505f452ee753f485014986fab09a434671d2b919ee76fc541025c5876a70?s=96&d=mm&r=g","contentUrl":"https:\/\/secure.gravatar.com\/avatar\/6cf0505f452ee753f485014986fab09a434671d2b919ee76fc541025c5876a70?s=96&d=mm&r=g","caption":"Memurun Sesi Haber Merkezi"},"sameAs":["https:\/\/memurunsesi.net"],"url":"https:\/\/memurunsesi.net\/index.php\/author\/uniper\/"}]}},"_links":{"self":[{"href":"https:\/\/memurunsesi.net\/index.php\/wp-json\/wp\/v2\/posts\/8265","targetHints":{"allow":["GET"]}}],"collection":[{"href":"https:\/\/memurunsesi.net\/index.php\/wp-json\/wp\/v2\/posts"}],"about":[{"href":"https:\/\/memurunsesi.net\/index.php\/wp-json\/wp\/v2\/types\/post"}],"author":[{"embeddable":true,"href":"https:\/\/memurunsesi.net\/index.php\/wp-json\/wp\/v2\/users\/1"}],"replies":[{"embeddable":true,"href":"https:\/\/memurunsesi.net\/index.php\/wp-json\/wp\/v2\/comments?post=8265"}],"version-history":[{"count":1,"href":"https:\/\/memurunsesi.net\/index.php\/wp-json\/wp\/v2\/posts\/8265\/revisions"}],"predecessor-version":[{"id":8267,"href":"https:\/\/memurunsesi.net\/index.php\/wp-json\/wp\/v2\/posts\/8265\/revisions\/8267"}],"wp:featuredmedia":[{"embeddable":true,"href":"https:\/\/memurunsesi.net\/index.php\/wp-json\/wp\/v2\/media\/8266"}],"wp:attachment":[{"href":"https:\/\/memurunsesi.net\/index.php\/wp-json\/wp\/v2\/media?parent=8265"}],"wp:term":[{"taxonomy":"category","embeddable":true,"href":"https:\/\/memurunsesi.net\/index.php\/wp-json\/wp\/v2\/categories?post=8265"},{"taxonomy":"post_tag","embeddable":true,"href":"https:\/\/memurunsesi.net\/index.php\/wp-json\/wp\/v2\/tags?post=8265"}],"curies":[{"name":"wp","href":"https:\/\/api.w.org\/{rel}","templated":true}]}}