{"id":8268,"date":"2025-06-20T11:50:59","date_gmt":"2025-06-20T08:50:59","guid":{"rendered":"https:\/\/memurunsesi.net\/?p=8268"},"modified":"2025-06-20T11:50:59","modified_gmt":"2025-06-20T08:50:59","slug":"nigdede-copunu-yere-atanlar-2-bin-953-tl-ceza-odeyecek","status":"publish","type":"post","link":"https:\/\/memurunsesi.net\/index.php\/2025\/06\/20\/nigdede-copunu-yere-atanlar-2-bin-953-tl-ceza-odeyecek\/","title":{"rendered":"Ni\u011fde\u2019de \u00e7\u00f6p\u00fcn\u00fc yere atanlar 2 bin 953 TL ceza \u00f6deyecek"},"content":{"rendered":"<p>   Ni\u011fde&#8217;de 15 Temmuz\u2019dan itibaren \u00e7evreyi kirletenlere ceza uygulamas\u0131 ba\u015fl\u0131yor.<br \/>\n  Ni\u011fde Belediyesi, \u00e7evre kirlili\u011fini \u00f6nlemek ve temizlik bilincini art\u0131rmak amac\u0131yla 15 Temmuz\u2019dan itibaren yere \u00e7\u00f6p atanlara para cezas\u0131 uygulayacak. \u015eehrin \u00e7evresel gelece\u011fini tehdit eden \u00f6nemli bir sorun olan bilin\u00e7siz \u00e7\u00f6p atma al\u0131\u015fkanl\u0131\u011f\u0131na kar\u015f\u0131 Ni\u011fde Belediyesi yapt\u0131r\u0131m karar\u0131 ald\u0131. Al\u0131nan karara g\u00f6re cadde, yol, park, ye\u015fil alanlar ve kamuya ait yerleri kirletenlere 2 bin 953 TL idari para cezas\u0131 uygulanacak. Ni\u011fde\u2019nin, bir\u00e7ok \u015fehre g\u00f6re daha temiz bir \u015fehir oldu\u011funu vurgulayan Ni\u011fde Belediye Ba\u015fkan\u0131 Emrah \u00d6zdemir, kararla ilgili yapt\u0131\u011f\u0131 a\u00e7\u0131klamada amac\u0131n vatanda\u015flar\u0131 cezaland\u0131rmak de\u011fil, fark\u0131ndal\u0131k olu\u015fturmak oldu\u011funu belirtti. \u00d6zdemir, &#8220;\u00c7evremize bakt\u0131\u011f\u0131m\u0131zda asl\u0131nda Ni\u011fde daha temiz bir \u015fehir. Bunda hem vatanda\u015flar\u0131m\u0131z\u0131n hem de \u00e7al\u0131\u015fanlar\u0131m\u0131z\u0131n duyarl\u0131l\u0131\u011f\u0131 \u00f6nemli bir etken. Ancak \u00e7evreyi kirletenlere kar\u015f\u0131 da adaletli davranmak ad\u0131na cezai i\u015flemleri ba\u015flatmak zorunday\u0131z. \u015eu anda fark\u0131ndal\u0131k \u00e7al\u0131\u015fmalar\u0131 kapsam\u0131nda sosyal medya ve billboardlar \u00fczerinden yo\u011fun bir bilgilendirme yap\u0131yoruz. 15 Temmuz\u2019a kadar duyurular\u0131n s\u00fcrecek ve ard\u0131ndan cezalar\u0131n net bir \u015fekilde uygulanacak&#8221; dedi. <\/p>\n<p>  Bin 200 belediye personeli sahada takipte olacak<br \/>\n  Ni\u011fde Belediyesi Zab\u0131ta M\u00fcd\u00fcrl\u00fc\u011f\u00fc\u2019n\u00fcn yan\u0131 s\u0131ra, belediyeye ba\u011fl\u0131 t\u00fcm personelin \u00e7evreyi kirletenleri tespit konusunda g\u00f6revli olaca\u011f\u0131n\u0131 a\u00e7\u0131klayan \u00d6zdemir, &#8220;Zab\u0131ta \u00fcniformas\u0131 olmas\u0131 \u015fart de\u011fil. Bin 200 belediye \u00e7al\u0131\u015fan\u0131m\u0131z var. G\u00f6r\u00fclen kirlilik an\u0131nda foto\u011fraflanarak zab\u0131taya bildirilecek. Amac\u0131m\u0131z ceza kesmek de\u011fil, toplumsal al\u0131\u015fkanl\u0131\u011f\u0131 de\u011fi\u015ftirmek&#8221; diye konu\u015ftu. <\/p>\n<p>  Yeni kamera sistemleriyle denetim g\u00fc\u00e7leniyor<br \/>\n  \u00d6zdemir, &#8220;Belediyeye ait kamera sistemlerinin say\u0131s\u0131 da art\u0131r\u0131l\u0131yor. \u00c7ocuk parklar\u0131nda tamamlanan kamera kurulumlar\u0131n\u0131n yan\u0131 s\u0131ra, ana caddelere de yeni kameralar yerle\u015ftirilecek. KGYS sisteminin entegre edilip edilmeyece\u011fi ise ilgili kurumlarla yap\u0131lacak g\u00f6r\u00fc\u015fmeler sonras\u0131 netle\u015fecek&#8221; diyerek, &#8220;Ni\u011fde\u2019nin temizli\u011fi sadece belediyenin de\u011fil, t\u00fcm halk\u0131m\u0131z\u0131n ortak sorumlulu\u011fudur. Her birey \u00e7evresine sayg\u0131 g\u00f6stererek \u015fehrini temiz tutmal\u0131d\u0131r&#8221; diyerek vatanda\u015flar\u0131n da deste\u011fini istedi.<br \/>\n  Ceza uygulamas\u0131n\u0131n bilin\u00e7siz \u00e7\u00f6p atma al\u0131\u015fkanl\u0131\u011f\u0131n\u0131 k\u0131rmak i\u00e7in olduk\u00e7a etkili olaca\u011f\u0131na inanan vatanda\u015flar da para cezas\u0131n\u0131n faydal\u0131 olaca\u011f\u0131n\u0131 s\u00f6ylediler.  <\/p>\n<p>20.06.2025                                <\/p>\n","protected":false},"excerpt":{"rendered":"<p>Ni\u011fde&#8217;de 15 Temmuz\u2019dan itibaren \u00e7evreyi kirletenlere ceza uygulamas\u0131 ba\u015fl\u0131yor. Ni\u011fde Belediyesi, \u00e7evre kirlili\u011fini \u00f6nlemek ve temizlik bilincini art\u0131rmak amac\u0131yla 15 Temmuz\u2019dan itibaren yere \u00e7\u00f6p atanlara para cezas\u0131 uygulayacak. \u015eehrin \u00e7evresel gelece\u011fini tehdit eden \u00f6nemli bir sorun olan bilin\u00e7siz \u00e7\u00f6p atma al\u0131\u015fkanl\u0131\u011f\u0131na kar\u015f\u0131 Ni\u011fde Belediyesi yapt\u0131r\u0131m karar\u0131 ald\u0131. Al\u0131nan karara g\u00f6re cadde, yol, park, ye\u015fil alanlar [&hellip;]<\/p>\n","protected":false},"author":1,"featured_media":8269,"comment_status":"open","ping_status":"open","sticky":false,"template":"","format":"standard","meta":{"footnotes":""},"categories":[1],"tags":[],"class_list":["post-8268","post","type-post","status-publish","format-standard","has-post-thumbnail","hentry","category-genel"],"yoast_head":"<!-- This site is optimized with the Yoast SEO plugin v27.4 - https:\/\/yoast.com\/product\/yoast-seo-wordpress\/ -->\n<title>Ni\u011fde\u2019de \u00e7\u00f6p\u00fcn\u00fc yere atanlar 2 bin 953 TL ceza \u00f6deyecek - Memurun Sesi<\/title>\n<meta name=\"robots\" content=\"index, follow, max-snippet:-1, max-image-preview:large, max-video-preview:-1\" \/>\n<link rel=\"canonical\" href=\"https:\/\/memurunsesi.net\/index.php\/2025\/06\/20\/nigdede-copunu-yere-atanlar-2-bin-953-tl-ceza-odeyecek\/\" \/>\n<meta property=\"og:locale\" content=\"tr_TR\" \/>\n<meta property=\"og:type\" content=\"article\" \/>\n<meta property=\"og:title\" content=\"Ni\u011fde\u2019de \u00e7\u00f6p\u00fcn\u00fc yere atanlar 2 bin 953 TL ceza \u00f6deyecek - Memurun Sesi\" \/>\n<meta property=\"og:description\" content=\"Ni\u011fde&#8217;de 15 Temmuz\u2019dan itibaren \u00e7evreyi kirletenlere ceza uygulamas\u0131 ba\u015fl\u0131yor. Ni\u011fde Belediyesi, \u00e7evre kirlili\u011fini \u00f6nlemek ve temizlik bilincini art\u0131rmak amac\u0131yla 15 Temmuz\u2019dan itibaren yere \u00e7\u00f6p atanlara para cezas\u0131 uygulayacak. \u015eehrin \u00e7evresel gelece\u011fini tehdit eden \u00f6nemli bir sorun olan bilin\u00e7siz \u00e7\u00f6p atma al\u0131\u015fkanl\u0131\u011f\u0131na kar\u015f\u0131 Ni\u011fde Belediyesi yapt\u0131r\u0131m karar\u0131 ald\u0131. Al\u0131nan karara g\u00f6re cadde, yol, park, ye\u015fil alanlar [&hellip;]\" \/>\n<meta property=\"og:url\" content=\"https:\/\/memurunsesi.net\/index.php\/2025\/06\/20\/nigdede-copunu-yere-atanlar-2-bin-953-tl-ceza-odeyecek\/\" \/>\n<meta property=\"og:site_name\" content=\"Memurun Sesi\" \/>\n<meta property=\"article:publisher\" content=\"https:\/\/www.facebook.com\/unipersen\/?locale=tr_TR\" \/>\n<meta property=\"article:published_time\" content=\"2025-06-20T08:50:59+00:00\" \/>\n<meta property=\"og:image\" content=\"https:\/\/memurunsesi.net\/wp-content\/uploads\/2025\/06\/AW480176_03.jpg\" \/>\n\t<meta property=\"og:image:width\" content=\"1600\" \/>\n\t<meta property=\"og:image:height\" content=\"914\" \/>\n\t<meta property=\"og:image:type\" content=\"image\/jpeg\" \/>\n<meta name=\"author\" content=\"Memurun Sesi Haber Merkezi\" \/>\n<meta name=\"twitter:card\" content=\"summary_large_image\" \/>\n<meta name=\"twitter:creator\" content=\"@unipersen\" \/>\n<meta name=\"twitter:site\" content=\"@unipersen\" \/>\n<meta name=\"twitter:label1\" content=\"Yazan:\" \/>\n\t<meta name=\"twitter:data1\" content=\"Memurun Sesi Haber Merkezi\" \/>\n\t<meta name=\"twitter:label2\" content=\"Tahmini okuma s\u00fcresi\" \/>\n\t<meta name=\"twitter:data2\" content=\"1 dakika\" \/>\n<script type=\"application\/ld+json\" class=\"yoast-schema-graph\">{\"@context\":\"https:\\\/\\\/schema.org\",\"@graph\":[{\"@type\":\"Article\",\"@id\":\"https:\\\/\\\/memurunsesi.net\\\/index.php\\\/2025\\\/06\\\/20\\\/nigdede-copunu-yere-atanlar-2-bin-953-tl-ceza-odeyecek\\\/#article\",\"isPartOf\":{\"@id\":\"https:\\\/\\\/memurunsesi.net\\\/index.php\\\/2025\\\/06\\\/20\\\/nigdede-copunu-yere-atanlar-2-bin-953-tl-ceza-odeyecek\\\/\"},\"author\":{\"name\":\"Memurun Sesi Haber Merkezi\",\"@id\":\"https:\\\/\\\/memurunsesi.net\\\/#\\\/schema\\\/person\\\/f21c2d73b89f6ee1d80b0a1803e38587\"},\"headline\":\"Ni\u011fde\u2019de \u00e7\u00f6p\u00fcn\u00fc yere atanlar 2 bin 953 TL ceza \u00f6deyecek\",\"datePublished\":\"2025-06-20T08:50:59+00:00\",\"mainEntityOfPage\":{\"@id\":\"https:\\\/\\\/memurunsesi.net\\\/index.php\\\/2025\\\/06\\\/20\\\/nigdede-copunu-yere-atanlar-2-bin-953-tl-ceza-odeyecek\\\/\"},\"wordCount\":424,\"commentCount\":0,\"publisher\":{\"@id\":\"https:\\\/\\\/memurunsesi.net\\\/#organization\"},\"image\":{\"@id\":\"https:\\\/\\\/memurunsesi.net\\\/index.php\\\/2025\\\/06\\\/20\\\/nigdede-copunu-yere-atanlar-2-bin-953-tl-ceza-odeyecek\\\/#primaryimage\"},\"thumbnailUrl\":\"https:\\\/\\\/memurunsesi.net\\\/wp-content\\\/uploads\\\/2025\\\/06\\\/AW480176_03.jpg\",\"inLanguage\":\"tr\",\"potentialAction\":[{\"@type\":\"CommentAction\",\"name\":\"Comment\",\"target\":[\"https:\\\/\\\/memurunsesi.net\\\/index.php\\\/2025\\\/06\\\/20\\\/nigdede-copunu-yere-atanlar-2-bin-953-tl-ceza-odeyecek\\\/#respond\"]}]},{\"@type\":\"WebPage\",\"@id\":\"https:\\\/\\\/memurunsesi.net\\\/index.php\\\/2025\\\/06\\\/20\\\/nigdede-copunu-yere-atanlar-2-bin-953-tl-ceza-odeyecek\\\/\",\"url\":\"https:\\\/\\\/memurunsesi.net\\\/index.php\\\/2025\\\/06\\\/20\\\/nigdede-copunu-yere-atanlar-2-bin-953-tl-ceza-odeyecek\\\/\",\"name\":\"Ni\u011fde\u2019de \u00e7\u00f6p\u00fcn\u00fc yere atanlar 2 bin 953 TL ceza \u00f6deyecek - Memurun Sesi\",\"isPartOf\":{\"@id\":\"https:\\\/\\\/memurunsesi.net\\\/#website\"},\"primaryImageOfPage\":{\"@id\":\"https:\\\/\\\/memurunsesi.net\\\/index.php\\\/2025\\\/06\\\/20\\\/nigdede-copunu-yere-atanlar-2-bin-953-tl-ceza-odeyecek\\\/#primaryimage\"},\"image\":{\"@id\":\"https:\\\/\\\/memurunsesi.net\\\/index.php\\\/2025\\\/06\\\/20\\\/nigdede-copunu-yere-atanlar-2-bin-953-tl-ceza-odeyecek\\\/#primaryimage\"},\"thumbnailUrl\":\"https:\\\/\\\/memurunsesi.net\\\/wp-content\\\/uploads\\\/2025\\\/06\\\/AW480176_03.jpg\",\"datePublished\":\"2025-06-20T08:50:59+00:00\",\"breadcrumb\":{\"@id\":\"https:\\\/\\\/memurunsesi.net\\\/index.php\\\/2025\\\/06\\\/20\\\/nigdede-copunu-yere-atanlar-2-bin-953-tl-ceza-odeyecek\\\/#breadcrumb\"},\"inLanguage\":\"tr\",\"potentialAction\":[{\"@type\":\"ReadAction\",\"target\":[\"https:\\\/\\\/memurunsesi.net\\\/index.php\\\/2025\\\/06\\\/20\\\/nigdede-copunu-yere-atanlar-2-bin-953-tl-ceza-odeyecek\\\/\"]}]},{\"@type\":\"ImageObject\",\"inLanguage\":\"tr\",\"@id\":\"https:\\\/\\\/memurunsesi.net\\\/index.php\\\/2025\\\/06\\\/20\\\/nigdede-copunu-yere-atanlar-2-bin-953-tl-ceza-odeyecek\\\/#primaryimage\",\"url\":\"https:\\\/\\\/memurunsesi.net\\\/wp-content\\\/uploads\\\/2025\\\/06\\\/AW480176_03.jpg\",\"contentUrl\":\"https:\\\/\\\/memurunsesi.net\\\/wp-content\\\/uploads\\\/2025\\\/06\\\/AW480176_03.jpg\",\"width\":1600,\"height\":914,\"caption\":\"N\u0130\u011eDE'DE 15 TEMMUZ'DAN \u0130T\u0130BAREN \u00c7EVREY\u0130 K\u0130RLETENLERE CEZA UYGULAMASI BA\u015eLIYOR. (SEMA TEKEL\u0130\\\/N\u0130\u011eDE-\u0130HA) Ni\u011fde'de 15 Temmuz'dan itibaren \u00e7evreyi kirletenlere ceza uygulamas\u0131 ba\u015fl\u0131yor.\"},{\"@type\":\"BreadcrumbList\",\"@id\":\"https:\\\/\\\/memurunsesi.net\\\/index.php\\\/2025\\\/06\\\/20\\\/nigdede-copunu-yere-atanlar-2-bin-953-tl-ceza-odeyecek\\\/#breadcrumb\",\"itemListElement\":[{\"@type\":\"ListItem\",\"position\":1,\"name\":\"Anasayfa\",\"item\":\"https:\\\/\\\/memurunsesi.net\\\/\"},{\"@type\":\"ListItem\",\"position\":2,\"name\":\"Ni\u011fde\u2019de \u00e7\u00f6p\u00fcn\u00fc yere atanlar 2 bin 953 TL ceza \u00f6deyecek\"}]},{\"@type\":\"WebSite\",\"@id\":\"https:\\\/\\\/memurunsesi.net\\\/#website\",\"url\":\"https:\\\/\\\/memurunsesi.net\\\/\",\"name\":\"Memurun Sesi\",\"description\":\"G\u00fcncel ve Do\u011fru Haber\",\"publisher\":{\"@id\":\"https:\\\/\\\/memurunsesi.net\\\/#organization\"},\"potentialAction\":[{\"@type\":\"SearchAction\",\"target\":{\"@type\":\"EntryPoint\",\"urlTemplate\":\"https:\\\/\\\/memurunsesi.net\\\/?s={search_term_string}\"},\"query-input\":{\"@type\":\"PropertyValueSpecification\",\"valueRequired\":true,\"valueName\":\"search_term_string\"}}],\"inLanguage\":\"tr\"},{\"@type\":\"Organization\",\"@id\":\"https:\\\/\\\/memurunsesi.net\\\/#organization\",\"name\":\"Memurun Sesi\",\"url\":\"https:\\\/\\\/memurunsesi.net\\\/\",\"logo\":{\"@type\":\"ImageObject\",\"inLanguage\":\"tr\",\"@id\":\"https:\\\/\\\/memurunsesi.net\\\/#\\\/schema\\\/logo\\\/image\\\/\",\"url\":\"https:\\\/\\\/memurunsesi.net\\\/wp-content\\\/uploads\\\/2025\\\/11\\\/cropped-MEMURUN-SESI.png\",\"contentUrl\":\"https:\\\/\\\/memurunsesi.net\\\/wp-content\\\/uploads\\\/2025\\\/11\\\/cropped-MEMURUN-SESI.png\",\"width\":238,\"height\":57,\"caption\":\"Memurun Sesi\"},\"image\":{\"@id\":\"https:\\\/\\\/memurunsesi.net\\\/#\\\/schema\\\/logo\\\/image\\\/\"},\"sameAs\":[\"https:\\\/\\\/www.facebook.com\\\/unipersen\\\/?locale=tr_TR\",\"https:\\\/\\\/x.com\\\/unipersen\"]},{\"@type\":\"Person\",\"@id\":\"https:\\\/\\\/memurunsesi.net\\\/#\\\/schema\\\/person\\\/f21c2d73b89f6ee1d80b0a1803e38587\",\"name\":\"Memurun Sesi Haber Merkezi\",\"image\":{\"@type\":\"ImageObject\",\"inLanguage\":\"tr\",\"@id\":\"https:\\\/\\\/secure.gravatar.com\\\/avatar\\\/6cf0505f452ee753f485014986fab09a434671d2b919ee76fc541025c5876a70?s=96&d=mm&r=g\",\"url\":\"https:\\\/\\\/secure.gravatar.com\\\/avatar\\\/6cf0505f452ee753f485014986fab09a434671d2b919ee76fc541025c5876a70?s=96&d=mm&r=g\",\"contentUrl\":\"https:\\\/\\\/secure.gravatar.com\\\/avatar\\\/6cf0505f452ee753f485014986fab09a434671d2b919ee76fc541025c5876a70?s=96&d=mm&r=g\",\"caption\":\"Memurun Sesi Haber Merkezi\"},\"sameAs\":[\"https:\\\/\\\/memurunsesi.net\"],\"url\":\"https:\\\/\\\/memurunsesi.net\\\/index.php\\\/author\\\/uniper\\\/\"}]}<\/script>\n<!-- \/ Yoast SEO plugin. -->","yoast_head_json":{"title":"Ni\u011fde\u2019de \u00e7\u00f6p\u00fcn\u00fc yere atanlar 2 bin 953 TL ceza \u00f6deyecek - Memurun Sesi","robots":{"index":"index","follow":"follow","max-snippet":"max-snippet:-1","max-image-preview":"max-image-preview:large","max-video-preview":"max-video-preview:-1"},"canonical":"https:\/\/memurunsesi.net\/index.php\/2025\/06\/20\/nigdede-copunu-yere-atanlar-2-bin-953-tl-ceza-odeyecek\/","og_locale":"tr_TR","og_type":"article","og_title":"Ni\u011fde\u2019de \u00e7\u00f6p\u00fcn\u00fc yere atanlar 2 bin 953 TL ceza \u00f6deyecek - Memurun Sesi","og_description":"Ni\u011fde&#8217;de 15 Temmuz\u2019dan itibaren \u00e7evreyi kirletenlere ceza uygulamas\u0131 ba\u015fl\u0131yor. Ni\u011fde Belediyesi, \u00e7evre kirlili\u011fini \u00f6nlemek ve temizlik bilincini art\u0131rmak amac\u0131yla 15 Temmuz\u2019dan itibaren yere \u00e7\u00f6p atanlara para cezas\u0131 uygulayacak. \u015eehrin \u00e7evresel gelece\u011fini tehdit eden \u00f6nemli bir sorun olan bilin\u00e7siz \u00e7\u00f6p atma al\u0131\u015fkanl\u0131\u011f\u0131na kar\u015f\u0131 Ni\u011fde Belediyesi yapt\u0131r\u0131m karar\u0131 ald\u0131. Al\u0131nan karara g\u00f6re cadde, yol, park, ye\u015fil alanlar [&hellip;]","og_url":"https:\/\/memurunsesi.net\/index.php\/2025\/06\/20\/nigdede-copunu-yere-atanlar-2-bin-953-tl-ceza-odeyecek\/","og_site_name":"Memurun Sesi","article_publisher":"https:\/\/www.facebook.com\/unipersen\/?locale=tr_TR","article_published_time":"2025-06-20T08:50:59+00:00","og_image":[{"width":1600,"height":914,"url":"https:\/\/memurunsesi.net\/wp-content\/uploads\/2025\/06\/AW480176_03.jpg","type":"image\/jpeg"}],"author":"Memurun Sesi Haber Merkezi","twitter_card":"summary_large_image","twitter_creator":"@unipersen","twitter_site":"@unipersen","twitter_misc":{"Yazan:":"Memurun Sesi Haber Merkezi","Tahmini okuma s\u00fcresi":"1 dakika"},"schema":{"@context":"https:\/\/schema.org","@graph":[{"@type":"Article","@id":"https:\/\/memurunsesi.net\/index.php\/2025\/06\/20\/nigdede-copunu-yere-atanlar-2-bin-953-tl-ceza-odeyecek\/#article","isPartOf":{"@id":"https:\/\/memurunsesi.net\/index.php\/2025\/06\/20\/nigdede-copunu-yere-atanlar-2-bin-953-tl-ceza-odeyecek\/"},"author":{"name":"Memurun Sesi Haber Merkezi","@id":"https:\/\/memurunsesi.net\/#\/schema\/person\/f21c2d73b89f6ee1d80b0a1803e38587"},"headline":"Ni\u011fde\u2019de \u00e7\u00f6p\u00fcn\u00fc yere atanlar 2 bin 953 TL ceza \u00f6deyecek","datePublished":"2025-06-20T08:50:59+00:00","mainEntityOfPage":{"@id":"https:\/\/memurunsesi.net\/index.php\/2025\/06\/20\/nigdede-copunu-yere-atanlar-2-bin-953-tl-ceza-odeyecek\/"},"wordCount":424,"commentCount":0,"publisher":{"@id":"https:\/\/memurunsesi.net\/#organization"},"image":{"@id":"https:\/\/memurunsesi.net\/index.php\/2025\/06\/20\/nigdede-copunu-yere-atanlar-2-bin-953-tl-ceza-odeyecek\/#primaryimage"},"thumbnailUrl":"https:\/\/memurunsesi.net\/wp-content\/uploads\/2025\/06\/AW480176_03.jpg","inLanguage":"tr","potentialAction":[{"@type":"CommentAction","name":"Comment","target":["https:\/\/memurunsesi.net\/index.php\/2025\/06\/20\/nigdede-copunu-yere-atanlar-2-bin-953-tl-ceza-odeyecek\/#respond"]}]},{"@type":"WebPage","@id":"https:\/\/memurunsesi.net\/index.php\/2025\/06\/20\/nigdede-copunu-yere-atanlar-2-bin-953-tl-ceza-odeyecek\/","url":"https:\/\/memurunsesi.net\/index.php\/2025\/06\/20\/nigdede-copunu-yere-atanlar-2-bin-953-tl-ceza-odeyecek\/","name":"Ni\u011fde\u2019de \u00e7\u00f6p\u00fcn\u00fc yere atanlar 2 bin 953 TL ceza \u00f6deyecek - Memurun Sesi","isPartOf":{"@id":"https:\/\/memurunsesi.net\/#website"},"primaryImageOfPage":{"@id":"https:\/\/memurunsesi.net\/index.php\/2025\/06\/20\/nigdede-copunu-yere-atanlar-2-bin-953-tl-ceza-odeyecek\/#primaryimage"},"image":{"@id":"https:\/\/memurunsesi.net\/index.php\/2025\/06\/20\/nigdede-copunu-yere-atanlar-2-bin-953-tl-ceza-odeyecek\/#primaryimage"},"thumbnailUrl":"https:\/\/memurunsesi.net\/wp-content\/uploads\/2025\/06\/AW480176_03.jpg","datePublished":"2025-06-20T08:50:59+00:00","breadcrumb":{"@id":"https:\/\/memurunsesi.net\/index.php\/2025\/06\/20\/nigdede-copunu-yere-atanlar-2-bin-953-tl-ceza-odeyecek\/#breadcrumb"},"inLanguage":"tr","potentialAction":[{"@type":"ReadAction","target":["https:\/\/memurunsesi.net\/index.php\/2025\/06\/20\/nigdede-copunu-yere-atanlar-2-bin-953-tl-ceza-odeyecek\/"]}]},{"@type":"ImageObject","inLanguage":"tr","@id":"https:\/\/memurunsesi.net\/index.php\/2025\/06\/20\/nigdede-copunu-yere-atanlar-2-bin-953-tl-ceza-odeyecek\/#primaryimage","url":"https:\/\/memurunsesi.net\/wp-content\/uploads\/2025\/06\/AW480176_03.jpg","contentUrl":"https:\/\/memurunsesi.net\/wp-content\/uploads\/2025\/06\/AW480176_03.jpg","width":1600,"height":914,"caption":"N\u0130\u011eDE'DE 15 TEMMUZ'DAN \u0130T\u0130BAREN \u00c7EVREY\u0130 K\u0130RLETENLERE CEZA UYGULAMASI BA\u015eLIYOR. (SEMA TEKEL\u0130\/N\u0130\u011eDE-\u0130HA) Ni\u011fde'de 15 Temmuz'dan itibaren \u00e7evreyi kirletenlere ceza uygulamas\u0131 ba\u015fl\u0131yor."},{"@type":"BreadcrumbList","@id":"https:\/\/memurunsesi.net\/index.php\/2025\/06\/20\/nigdede-copunu-yere-atanlar-2-bin-953-tl-ceza-odeyecek\/#breadcrumb","itemListElement":[{"@type":"ListItem","position":1,"name":"Anasayfa","item":"https:\/\/memurunsesi.net\/"},{"@type":"ListItem","position":2,"name":"Ni\u011fde\u2019de \u00e7\u00f6p\u00fcn\u00fc yere atanlar 2 bin 953 TL ceza \u00f6deyecek"}]},{"@type":"WebSite","@id":"https:\/\/memurunsesi.net\/#website","url":"https:\/\/memurunsesi.net\/","name":"Memurun Sesi","description":"G\u00fcncel ve Do\u011fru Haber","publisher":{"@id":"https:\/\/memurunsesi.net\/#organization"},"potentialAction":[{"@type":"SearchAction","target":{"@type":"EntryPoint","urlTemplate":"https:\/\/memurunsesi.net\/?s={search_term_string}"},"query-input":{"@type":"PropertyValueSpecification","valueRequired":true,"valueName":"search_term_string"}}],"inLanguage":"tr"},{"@type":"Organization","@id":"https:\/\/memurunsesi.net\/#organization","name":"Memurun Sesi","url":"https:\/\/memurunsesi.net\/","logo":{"@type":"ImageObject","inLanguage":"tr","@id":"https:\/\/memurunsesi.net\/#\/schema\/logo\/image\/","url":"https:\/\/memurunsesi.net\/wp-content\/uploads\/2025\/11\/cropped-MEMURUN-SESI.png","contentUrl":"https:\/\/memurunsesi.net\/wp-content\/uploads\/2025\/11\/cropped-MEMURUN-SESI.png","width":238,"height":57,"caption":"Memurun Sesi"},"image":{"@id":"https:\/\/memurunsesi.net\/#\/schema\/logo\/image\/"},"sameAs":["https:\/\/www.facebook.com\/unipersen\/?locale=tr_TR","https:\/\/x.com\/unipersen"]},{"@type":"Person","@id":"https:\/\/memurunsesi.net\/#\/schema\/person\/f21c2d73b89f6ee1d80b0a1803e38587","name":"Memurun Sesi Haber Merkezi","image":{"@type":"ImageObject","inLanguage":"tr","@id":"https:\/\/secure.gravatar.com\/avatar\/6cf0505f452ee753f485014986fab09a434671d2b919ee76fc541025c5876a70?s=96&d=mm&r=g","url":"https:\/\/secure.gravatar.com\/avatar\/6cf0505f452ee753f485014986fab09a434671d2b919ee76fc541025c5876a70?s=96&d=mm&r=g","contentUrl":"https:\/\/secure.gravatar.com\/avatar\/6cf0505f452ee753f485014986fab09a434671d2b919ee76fc541025c5876a70?s=96&d=mm&r=g","caption":"Memurun Sesi Haber Merkezi"},"sameAs":["https:\/\/memurunsesi.net"],"url":"https:\/\/memurunsesi.net\/index.php\/author\/uniper\/"}]}},"_links":{"self":[{"href":"https:\/\/memurunsesi.net\/index.php\/wp-json\/wp\/v2\/posts\/8268","targetHints":{"allow":["GET"]}}],"collection":[{"href":"https:\/\/memurunsesi.net\/index.php\/wp-json\/wp\/v2\/posts"}],"about":[{"href":"https:\/\/memurunsesi.net\/index.php\/wp-json\/wp\/v2\/types\/post"}],"author":[{"embeddable":true,"href":"https:\/\/memurunsesi.net\/index.php\/wp-json\/wp\/v2\/users\/1"}],"replies":[{"embeddable":true,"href":"https:\/\/memurunsesi.net\/index.php\/wp-json\/wp\/v2\/comments?post=8268"}],"version-history":[{"count":1,"href":"https:\/\/memurunsesi.net\/index.php\/wp-json\/wp\/v2\/posts\/8268\/revisions"}],"predecessor-version":[{"id":8270,"href":"https:\/\/memurunsesi.net\/index.php\/wp-json\/wp\/v2\/posts\/8268\/revisions\/8270"}],"wp:featuredmedia":[{"embeddable":true,"href":"https:\/\/memurunsesi.net\/index.php\/wp-json\/wp\/v2\/media\/8269"}],"wp:attachment":[{"href":"https:\/\/memurunsesi.net\/index.php\/wp-json\/wp\/v2\/media?parent=8268"}],"wp:term":[{"taxonomy":"category","embeddable":true,"href":"https:\/\/memurunsesi.net\/index.php\/wp-json\/wp\/v2\/categories?post=8268"},{"taxonomy":"post_tag","embeddable":true,"href":"https:\/\/memurunsesi.net\/index.php\/wp-json\/wp\/v2\/tags?post=8268"}],"curies":[{"name":"wp","href":"https:\/\/api.w.org\/{rel}","templated":true}]}}