{"id":8271,"date":"2025-06-20T11:52:40","date_gmt":"2025-06-20T08:52:40","guid":{"rendered":"https:\/\/memurunsesi.net\/?p=8271"},"modified":"2025-06-20T11:52:40","modified_gmt":"2025-06-20T08:52:40","slug":"kto-karatay-universitesinde-mezuniyet-coskusu","status":"publish","type":"post","link":"https:\/\/memurunsesi.net\/index.php\/2025\/06\/20\/kto-karatay-universitesinde-mezuniyet-coskusu\/","title":{"rendered":"KTO Karatay \u00dcniversitesi&#8217;nde mezuniyet co\u015fkusu"},"content":{"rendered":"<p> Konya Ticaret Odas\u0131 (KTO) Karatay \u00dcniversitesi, 13&#8217;nc\u00fc d\u00f6nem mezunlar\u0131n\u0131 t\u00f6renle u\u011furlad\u0131.<br \/>\nKTO Karatay \u00dcniversitesi 2024-2025 Mezuniyet T\u00f6reni Karatay Spor ve Kongre Merkezinde d\u00fczenlendi. T\u00f6rende, lisans ve \u00f6n lisans e\u011fitimlerini ba\u015far\u0131yla tamamlayan bin 680 \u00f6\u011frencinin heyecan ve sevincine aileler ve akademisyenler ortak oldu.  <\/p>\n<p>  &#8220;KTO Karatay \u00dcniversitemiz, \u015fehrimizin ilim miras\u0131n\u0131 ta\u015f\u0131yor&#8221;<br \/>\n  Programda konu\u015fan Konya B\u00fcy\u00fck\u015fehir Belediye Ba\u015fkan\u0131 U\u011fur \u0130brahim Altay, ya\u015fad\u0131\u011f\u0131 mutlulu\u011fu ifade ederek, &#8220;\u015eehrimizin ilim miras\u0131n\u0131 ta\u015f\u0131yan Konya Ticaret Odas\u0131 Karatay \u00dcniversitemizden mezun olacak k\u0131ymetli gen\u00e7lerimizle bir arada olman\u0131n co\u015fkusunu ya\u015f\u0131yoruz. Bu \u015fehirde yeti\u015fen her bir insan sadece meslek sahibi de\u011fil, ayn\u0131 zamanda ahlaki sorumluluklar\u0131n\u0131n bilincinde birer dava insan\u0131d\u0131r. Sizler de bu ruhla donanm\u0131\u015f ki\u015filer olarak gitti\u011finiz her yerde bu kadim \u015fehrin temsilcileri olacaks\u0131n\u0131z. Bizler Konya B\u00fcy\u00fck\u015fehir Belediyesi olarak t\u00fcm gayret ve imkanlar\u0131m\u0131z\u0131 gen\u00e7lerimizin gelece\u011fini haz\u0131rlamak i\u00e7in harc\u0131yoruz. Her biriniz, sahip oldu\u011fumuz en k\u0131ymetli hazinesiniz. Sizler \u00e7ok daha g\u00fczel bir T\u00fcrkiye&#8217;nin yegane anahtar\u0131s\u0131n\u0131z. Bunu \u00e7ok \u00e7al\u0131\u015farak, \u00e7ok \u00fcreterek milli ve manevi duygular\u0131m\u0131zdan ilham alarak ger\u00e7ekle\u015ftirece\u011finize inan\u0131yorum. Unutmay\u0131n ki ba\u015far\u0131 sadece notlar\u0131n\u0131zda de\u011fil, hayata katt\u0131\u011f\u0131n\u0131z anlamda, insanl\u0131\u011fa sundu\u011funuz katk\u0131da, adaletli ve merhametli duru\u015funuzdad\u0131r. Kendinize, \u015fehrinize ve milletinize olan sorumlulu\u011funuzu her zaman omuzunuzda bir emanet gibi ta\u015f\u0131y\u0131n. Bug\u00fcn ayn\u0131 zamanda evlad\u0131 mezun olacak bir veli olarak buraday\u0131m. Evlatlar\u0131m\u0131z\u0131n bu \u00f6zel g\u00fcn\u00fcnde sizlerin heyecan\u0131n\u0131 y\u00fcrekten payla\u015f\u0131yorum. Bug\u00fcn burada ba\u015far\u0131yla mezun olan her bir gencimizin arkas\u0131nda bir anne duas\u0131, bir baba gayreti, bir aile eme\u011fi var. \u0130\u015fte bu y\u00fczden bu diploma sadece \u00e7ocuklar\u0131m\u0131z\u0131n de\u011fil, sizlerin de al\u0131n terinin bir sembol\u00fcd\u00fcr. Verdi\u011finiz emek, g\u00f6sterdi\u011finiz sab\u0131r, sevgi ve destek i\u00e7in her birinize ayr\u0131 ayr\u0131 \u015f\u00fckranlar\u0131m\u0131 sunuyorum&#8221; \u015feklinde konu\u015ftu. <\/p>\n<p>  &#8220;Bilgi ve eme\u011finizin g\u00fcc\u00fcn\u00fc insanl\u0131k ad\u0131na kullan\u0131n&#8221;<br \/>\n  M\u00fctevelli Heyeti Ba\u015fkan\u0131 Sel\u00e7uk \u00d6zt\u00fcrk, &#8220;\u00dcniversiteler sadece e\u011fitim ve \u00f6\u011fretimden ibaret yap\u0131lar de\u011fildir. Burada edindi\u011finiz vizyon, dostluklar, de\u011ferler ve ya\u015fam tecr\u00fcbeleri de hayat\u0131n\u0131z\u0131n \u00f6nemli bir par\u00e7as\u0131d\u0131r. Bundan sonraki ya\u015fam\u0131n\u0131zda da geli\u015fime a\u00e7\u0131k olun, kendinizi yenilemekten ve \u00f6\u011frenmekten asla vazge\u00e7meyin. Sorgulay\u0131n, ele\u015ftirin ve analitik d\u00fc\u015f\u00fcnmeyi hayat\u0131n\u0131z\u0131n bir par\u00e7as\u0131 k\u0131l\u0131n. T\u0131pk\u0131 Cemil Meri\u00e7&#8217;in ifade etti\u011fi gibi \u2018D\u00fc\u015f\u00fcnmek sava\u015fmakt\u0131r. Bir nesil u\u011fruna, bir millet u\u011fruna, bir medeniyet u\u011fruna sava\u015fmakt\u0131r&#8217; s\u00f6z\u00fcn\u00fc kendinize \u015fiar edinin&#8221; diye konu\u015ftu.<br \/>\n  Konu\u015fmas\u0131nda, mezun olan \u00f6\u011frencilere hayat ve ba\u015far\u0131 ile ilgili \u00f6nemli tavsiyelerde bulunan \u00d6zt\u00fcrk, &#8220;Her \u015feyden \u00f6nce vicdan sahibi bireyler olun. T\u00fcm d\u00fcnyada oldu\u011fu gibi, bug\u00fcn Gazze&#8217;de, Filistin&#8217;de ve Do\u011fu T\u00fcrkistan&#8217;da ya\u015fanan insanl\u0131k d\u0131\u015f\u0131 zul\u00fcmler kar\u015f\u0131s\u0131nda sessiz kalmayan, adaletin ve insan haklar\u0131n\u0131n y\u0131lmaz savunucular\u0131 olun. Bilgi ve eme\u011finizin g\u00fcc\u00fcn\u00fc sadece kendi gelece\u011finiz i\u00e7in de\u011fil, insanl\u0131k ad\u0131na da kullan\u0131n&#8221; ifadeleri kulland\u0131. <\/p>\n<p>  &#8220;\u0130nan\u00e7la, kararl\u0131l\u0131kla, ge\u00e7mi\u015finizden g\u00fc\u00e7 alarak, gelece\u011fe y\u00fcr\u00fcmeye devam edin&#8221;<br \/>\n  \u00d6zt\u00fcrk, &#8220;Hayat yolculu\u011funuzda zaman zaman zorluklar, belirsizlikler olabilir. Kendinize, \u00fclkenize ve hayallerinize inanmaktan asla vazge\u00e7meyin. \u0130nan\u00e7la, kararl\u0131l\u0131kla, ge\u00e7mi\u015finizden g\u00fc\u00e7 alarak gelece\u011fe y\u00fcr\u00fcmeye devam edin. Burada \u00f6\u011frendi\u011finiz bilgi ve de\u011ferlerle, bu zorluklar\u0131n \u00fcstesinden gelebilece\u011finize inanc\u0131m tamd\u0131r. Ba\u015far\u0131 bir yolculuktur ancak tek ba\u015f\u0131na hedef de\u011fildir. Bu yolculukta, ana akt\u00f6r\u00fcn kendiniz oldu\u011funu unutmay\u0131n ve asla pes etmeyin. Ne yaparsan\u0131z yap\u0131n i\u015finize yenilik getirin. E\u011fitim, deneyim ve bilgi birikiminin, rekabetin \u00fcstesinden gelmek i\u00e7in en g\u00fc\u00e7l\u00fc ara\u00e7lardan biri oldu\u011funu unutmay\u0131n&#8221; dedi. <\/p>\n<p>  &#8220;\u00dcniversitemizin, \u00fclkemizin ismini b\u00fcy\u00fctecek ve g\u00fc\u00e7lendirecek olan sizlersiniz&#8221;<br \/>\n  KTO Karatay \u00dcniversitesi Rekt\u00f6r\u00fc Prof. Dr. Fevzi R\u0131fat Orta\u00e7, 13. d\u00f6nem \u00f6\u011frencilerini mezun etmekten duyduklar\u0131 sevinci ve gururu dile getirerek, &#8220;\u00d6\u011frencilerimizi mezun etmenin, p\u0131r\u0131l p\u0131r\u0131l gen\u00e7lerimizi meslek hayat\u0131na u\u011furlaman\u0131n, \u00fclkemize kazand\u0131rman\u0131n gurur ve sevincini ya\u015f\u0131yoruz. Bug\u00fcn sizleri i\u015f hayat\u0131n\u0131n rekabet ortam\u0131na en iyi \u015fekilde haz\u0131rlanm\u0131\u015f, lider, yol g\u00f6sterici, y\u00f6n verici mezunlar olarak yuvadan u\u011furluyoruz. \u015eimdi bu donan\u0131mlar\u0131n\u0131z\u0131 g\u00f6sterme, ulusal ve uluslararas\u0131 alanda fark\u0131n\u0131z\u0131 ortaya koyma vaktidir. \u00dcniversitemizin ve \u00fclkemizin ismini b\u00fcy\u00fctecek ve g\u00fc\u00e7lendirecek olan sizlersiniz. Daima merak eden, sorgulayan, \u00f6\u011frenmeye a\u00e7\u0131k, d\u00fcr\u00fcst ve adil bireyler olun. Hangi alanda olursan\u0131z olun; d\u00fcnyaya ve \u00fclkemize kar\u015f\u0131 sorumluluk ta\u015f\u0131yan, etik de\u011ferlerden asla \u00f6d\u00fcn vermeyen bir duru\u015f sergileyin. Unutmay\u0131n, ba\u015far\u0131 topluma katt\u0131\u011f\u0131n\u0131z de\u011ferlerle anlam kazan\u0131r. Her zaman KTO Karatay ailesinin bir ferdi oldu\u011funuzu bilerek yol al\u0131n&#8221; \u015feklinde konu\u015ftu. <\/p>\n<p>  \u00dcniversite birincisine plaket ve hediyesini Ba\u015fkan \u00d6zt\u00fcrk takdim etti<br \/>\n  KTO Karatay \u00dcniversitesi&#8217;nden \u00fcniversite birincisi olarak mezun olan Durmu\u015f Ali K\u0131r\u0131c\u0131o\u011flu, plaket ve hediyesini Ba\u015fkan \u00d6zt\u00fcrk&#8217;\u00fcn elinden ald\u0131. Rekt\u00f6r Prof. Dr. Fevzi Rifat Orta\u00e7 ise Durmu\u015f Ali K\u0131r\u0131c\u0131o\u011flu&#8217;nun ku\u015fa\u011f\u0131n\u0131 ba\u011flad\u0131. Lisans ve \u00f6n lisans d\u00fczeyinde ilk 3&#8217;e girme ba\u015far\u0131s\u0131 g\u00f6steren mezunlara; fak\u00fclte, y\u00fcksekokul ile meslek y\u00fcksekokulu birincilerine dekan ve m\u00fcd\u00fcrleri taraf\u0131ndan plaketleri takdim edildi. Bin 680 mezuna diplomalar\u0131n\u0131n verilmesinin ard\u0131ndan, t\u00f6ren ailelerin ve mezunlar\u0131n foto\u011fraf \u00e7ekimleriyle sona erdi.<br \/>\n  Programa; Konya B\u00fcy\u00fck\u015fehir Belediye Ba\u015fkan\u0131 U\u011fur \u0130brahim Altay, KTO Karatay \u00dcniversitesi M\u00fctevelli Heyeti Ba\u015fkan\u0131 Sel\u00e7uk \u00d6zt\u00fcrk, Ankara \u0130l Emniyet M\u00fcd\u00fcr\u00fc Engin Din\u00e7, KTO Karatay \u00dcniversitesi M\u00fctevelli Heyeti Ba\u015fkan Yard\u0131mc\u0131lar\u0131 ve \u00dcyeleri, KTO Karatay \u00dcniversitesi Rekt\u00f6r\u00fc Prof. Dr. Fevzi Rifat Orta\u00e7, akademisyenler, mezunlar ve aileleri kat\u0131ld\u0131. <\/p>\n<p>20.06.2025                               <\/p>\n","protected":false},"excerpt":{"rendered":"<p>Konya Ticaret Odas\u0131 (KTO) Karatay \u00dcniversitesi, 13&#8217;nc\u00fc d\u00f6nem mezunlar\u0131n\u0131 t\u00f6renle u\u011furlad\u0131. KTO Karatay \u00dcniversitesi 2024-2025 Mezuniyet T\u00f6reni Karatay Spor ve Kongre Merkezinde d\u00fczenlendi. T\u00f6rende, lisans ve \u00f6n lisans e\u011fitimlerini ba\u015far\u0131yla tamamlayan bin 680 \u00f6\u011frencinin heyecan ve sevincine aileler ve akademisyenler ortak oldu. &#8220;KTO Karatay \u00dcniversitemiz, \u015fehrimizin ilim miras\u0131n\u0131 ta\u015f\u0131yor&#8221; Programda konu\u015fan Konya B\u00fcy\u00fck\u015fehir Belediye Ba\u015fkan\u0131 [&hellip;]<\/p>\n","protected":false},"author":1,"featured_media":8272,"comment_status":"open","ping_status":"open","sticky":false,"template":"","format":"standard","meta":{"footnotes":""},"categories":[47],"tags":[],"class_list":["post-8271","post","type-post","status-publish","format-standard","has-post-thumbnail","hentry","category-universiteden-haberler"],"yoast_head":"<!-- This site is optimized with the Yoast SEO plugin v27.4 - https:\/\/yoast.com\/product\/yoast-seo-wordpress\/ -->\n<title>KTO Karatay \u00dcniversitesi&#039;nde mezuniyet co\u015fkusu - Memurun Sesi<\/title>\n<meta name=\"robots\" content=\"index, follow, max-snippet:-1, max-image-preview:large, max-video-preview:-1\" \/>\n<link rel=\"canonical\" href=\"https:\/\/memurunsesi.net\/index.php\/2025\/06\/20\/kto-karatay-universitesinde-mezuniyet-coskusu\/\" \/>\n<meta property=\"og:locale\" content=\"tr_TR\" \/>\n<meta property=\"og:type\" content=\"article\" \/>\n<meta property=\"og:title\" content=\"KTO Karatay \u00dcniversitesi&#039;nde mezuniyet co\u015fkusu - Memurun Sesi\" \/>\n<meta property=\"og:description\" content=\"Konya Ticaret Odas\u0131 (KTO) Karatay \u00dcniversitesi, 13&#8217;nc\u00fc d\u00f6nem mezunlar\u0131n\u0131 t\u00f6renle u\u011furlad\u0131. KTO Karatay \u00dcniversitesi 2024-2025 Mezuniyet T\u00f6reni Karatay Spor ve Kongre Merkezinde d\u00fczenlendi. T\u00f6rende, lisans ve \u00f6n lisans e\u011fitimlerini ba\u015far\u0131yla tamamlayan bin 680 \u00f6\u011frencinin heyecan ve sevincine aileler ve akademisyenler ortak oldu. &#8220;KTO Karatay \u00dcniversitemiz, \u015fehrimizin ilim miras\u0131n\u0131 ta\u015f\u0131yor&#8221; Programda konu\u015fan Konya B\u00fcy\u00fck\u015fehir Belediye Ba\u015fkan\u0131 [&hellip;]\" \/>\n<meta property=\"og:url\" content=\"https:\/\/memurunsesi.net\/index.php\/2025\/06\/20\/kto-karatay-universitesinde-mezuniyet-coskusu\/\" \/>\n<meta property=\"og:site_name\" content=\"Memurun Sesi\" \/>\n<meta property=\"article:publisher\" content=\"https:\/\/www.facebook.com\/unipersen\/?locale=tr_TR\" \/>\n<meta property=\"article:published_time\" content=\"2025-06-20T08:52:40+00:00\" \/>\n<meta property=\"og:image\" content=\"https:\/\/memurunsesi.net\/wp-content\/uploads\/2025\/06\/AW480153_01.jpg\" \/>\n\t<meta property=\"og:image:width\" content=\"1600\" \/>\n\t<meta property=\"og:image:height\" content=\"1066\" \/>\n\t<meta property=\"og:image:type\" content=\"image\/jpeg\" \/>\n<meta name=\"author\" content=\"Memurun Sesi Haber Merkezi\" \/>\n<meta name=\"twitter:card\" content=\"summary_large_image\" \/>\n<meta name=\"twitter:creator\" content=\"@unipersen\" \/>\n<meta name=\"twitter:site\" content=\"@unipersen\" \/>\n<meta name=\"twitter:label1\" content=\"Yazan:\" \/>\n\t<meta name=\"twitter:data1\" content=\"Memurun Sesi Haber Merkezi\" \/>\n\t<meta name=\"twitter:label2\" content=\"Tahmini okuma s\u00fcresi\" \/>\n\t<meta name=\"twitter:data2\" content=\"1 dakika\" \/>\n<script type=\"application\/ld+json\" class=\"yoast-schema-graph\">{\"@context\":\"https:\\\/\\\/schema.org\",\"@graph\":[{\"@type\":\"Article\",\"@id\":\"https:\\\/\\\/memurunsesi.net\\\/index.php\\\/2025\\\/06\\\/20\\\/kto-karatay-universitesinde-mezuniyet-coskusu\\\/#article\",\"isPartOf\":{\"@id\":\"https:\\\/\\\/memurunsesi.net\\\/index.php\\\/2025\\\/06\\\/20\\\/kto-karatay-universitesinde-mezuniyet-coskusu\\\/\"},\"author\":{\"name\":\"Memurun Sesi Haber Merkezi\",\"@id\":\"https:\\\/\\\/memurunsesi.net\\\/#\\\/schema\\\/person\\\/f21c2d73b89f6ee1d80b0a1803e38587\"},\"headline\":\"KTO Karatay \u00dcniversitesi&#8217;nde mezuniyet co\u015fkusu\",\"datePublished\":\"2025-06-20T08:52:40+00:00\",\"mainEntityOfPage\":{\"@id\":\"https:\\\/\\\/memurunsesi.net\\\/index.php\\\/2025\\\/06\\\/20\\\/kto-karatay-universitesinde-mezuniyet-coskusu\\\/\"},\"wordCount\":1066,\"commentCount\":0,\"publisher\":{\"@id\":\"https:\\\/\\\/memurunsesi.net\\\/#organization\"},\"image\":{\"@id\":\"https:\\\/\\\/memurunsesi.net\\\/index.php\\\/2025\\\/06\\\/20\\\/kto-karatay-universitesinde-mezuniyet-coskusu\\\/#primaryimage\"},\"thumbnailUrl\":\"https:\\\/\\\/memurunsesi.net\\\/wp-content\\\/uploads\\\/2025\\\/06\\\/AW480153_01.jpg\",\"articleSection\":[\"\u00dcniversiteden Haberler\"],\"inLanguage\":\"tr\",\"potentialAction\":[{\"@type\":\"CommentAction\",\"name\":\"Comment\",\"target\":[\"https:\\\/\\\/memurunsesi.net\\\/index.php\\\/2025\\\/06\\\/20\\\/kto-karatay-universitesinde-mezuniyet-coskusu\\\/#respond\"]}]},{\"@type\":\"WebPage\",\"@id\":\"https:\\\/\\\/memurunsesi.net\\\/index.php\\\/2025\\\/06\\\/20\\\/kto-karatay-universitesinde-mezuniyet-coskusu\\\/\",\"url\":\"https:\\\/\\\/memurunsesi.net\\\/index.php\\\/2025\\\/06\\\/20\\\/kto-karatay-universitesinde-mezuniyet-coskusu\\\/\",\"name\":\"KTO Karatay \u00dcniversitesi'nde mezuniyet co\u015fkusu - Memurun Sesi\",\"isPartOf\":{\"@id\":\"https:\\\/\\\/memurunsesi.net\\\/#website\"},\"primaryImageOfPage\":{\"@id\":\"https:\\\/\\\/memurunsesi.net\\\/index.php\\\/2025\\\/06\\\/20\\\/kto-karatay-universitesinde-mezuniyet-coskusu\\\/#primaryimage\"},\"image\":{\"@id\":\"https:\\\/\\\/memurunsesi.net\\\/index.php\\\/2025\\\/06\\\/20\\\/kto-karatay-universitesinde-mezuniyet-coskusu\\\/#primaryimage\"},\"thumbnailUrl\":\"https:\\\/\\\/memurunsesi.net\\\/wp-content\\\/uploads\\\/2025\\\/06\\\/AW480153_01.jpg\",\"datePublished\":\"2025-06-20T08:52:40+00:00\",\"breadcrumb\":{\"@id\":\"https:\\\/\\\/memurunsesi.net\\\/index.php\\\/2025\\\/06\\\/20\\\/kto-karatay-universitesinde-mezuniyet-coskusu\\\/#breadcrumb\"},\"inLanguage\":\"tr\",\"potentialAction\":[{\"@type\":\"ReadAction\",\"target\":[\"https:\\\/\\\/memurunsesi.net\\\/index.php\\\/2025\\\/06\\\/20\\\/kto-karatay-universitesinde-mezuniyet-coskusu\\\/\"]}]},{\"@type\":\"ImageObject\",\"inLanguage\":\"tr\",\"@id\":\"https:\\\/\\\/memurunsesi.net\\\/index.php\\\/2025\\\/06\\\/20\\\/kto-karatay-universitesinde-mezuniyet-coskusu\\\/#primaryimage\",\"url\":\"https:\\\/\\\/memurunsesi.net\\\/wp-content\\\/uploads\\\/2025\\\/06\\\/AW480153_01.jpg\",\"contentUrl\":\"https:\\\/\\\/memurunsesi.net\\\/wp-content\\\/uploads\\\/2025\\\/06\\\/AW480153_01.jpg\",\"width\":1600,\"height\":1066,\"caption\":\"KONYA T\u0130CARET ODASI (KTO) KARATAY \u00dcN\u0130VERS\u0130TES\u0130, KARATAY SPOR VE KONGRE MERKEZ\u0130NDE D\u00dcZENLENEN G\u00d6RKEML\u0130 MEZUN\u0130YET T\u00d6REN\u0130 \u0130LE 13. D\u00d6NEM MEZUNLARINI U\u011eURLADI. (\u0130HA\\\/KONYA-\u0130HA) Konya Ticaret Odas\u0131 (KTO) Karatay \u00dcniversitesi, 13'nc\u00fc d\u00f6nem mezunlar\u0131n\u0131 t\u00f6renle u\u011furlad\u0131.\"},{\"@type\":\"BreadcrumbList\",\"@id\":\"https:\\\/\\\/memurunsesi.net\\\/index.php\\\/2025\\\/06\\\/20\\\/kto-karatay-universitesinde-mezuniyet-coskusu\\\/#breadcrumb\",\"itemListElement\":[{\"@type\":\"ListItem\",\"position\":1,\"name\":\"Anasayfa\",\"item\":\"https:\\\/\\\/memurunsesi.net\\\/\"},{\"@type\":\"ListItem\",\"position\":2,\"name\":\"KTO Karatay \u00dcniversitesi&#8217;nde mezuniyet co\u015fkusu\"}]},{\"@type\":\"WebSite\",\"@id\":\"https:\\\/\\\/memurunsesi.net\\\/#website\",\"url\":\"https:\\\/\\\/memurunsesi.net\\\/\",\"name\":\"Memurun Sesi\",\"description\":\"G\u00fcncel ve Do\u011fru Haber\",\"publisher\":{\"@id\":\"https:\\\/\\\/memurunsesi.net\\\/#organization\"},\"potentialAction\":[{\"@type\":\"SearchAction\",\"target\":{\"@type\":\"EntryPoint\",\"urlTemplate\":\"https:\\\/\\\/memurunsesi.net\\\/?s={search_term_string}\"},\"query-input\":{\"@type\":\"PropertyValueSpecification\",\"valueRequired\":true,\"valueName\":\"search_term_string\"}}],\"inLanguage\":\"tr\"},{\"@type\":\"Organization\",\"@id\":\"https:\\\/\\\/memurunsesi.net\\\/#organization\",\"name\":\"Memurun Sesi\",\"url\":\"https:\\\/\\\/memurunsesi.net\\\/\",\"logo\":{\"@type\":\"ImageObject\",\"inLanguage\":\"tr\",\"@id\":\"https:\\\/\\\/memurunsesi.net\\\/#\\\/schema\\\/logo\\\/image\\\/\",\"url\":\"https:\\\/\\\/memurunsesi.net\\\/wp-content\\\/uploads\\\/2025\\\/11\\\/cropped-MEMURUN-SESI.png\",\"contentUrl\":\"https:\\\/\\\/memurunsesi.net\\\/wp-content\\\/uploads\\\/2025\\\/11\\\/cropped-MEMURUN-SESI.png\",\"width\":238,\"height\":57,\"caption\":\"Memurun Sesi\"},\"image\":{\"@id\":\"https:\\\/\\\/memurunsesi.net\\\/#\\\/schema\\\/logo\\\/image\\\/\"},\"sameAs\":[\"https:\\\/\\\/www.facebook.com\\\/unipersen\\\/?locale=tr_TR\",\"https:\\\/\\\/x.com\\\/unipersen\"]},{\"@type\":\"Person\",\"@id\":\"https:\\\/\\\/memurunsesi.net\\\/#\\\/schema\\\/person\\\/f21c2d73b89f6ee1d80b0a1803e38587\",\"name\":\"Memurun Sesi Haber Merkezi\",\"image\":{\"@type\":\"ImageObject\",\"inLanguage\":\"tr\",\"@id\":\"https:\\\/\\\/secure.gravatar.com\\\/avatar\\\/6cf0505f452ee753f485014986fab09a434671d2b919ee76fc541025c5876a70?s=96&d=mm&r=g\",\"url\":\"https:\\\/\\\/secure.gravatar.com\\\/avatar\\\/6cf0505f452ee753f485014986fab09a434671d2b919ee76fc541025c5876a70?s=96&d=mm&r=g\",\"contentUrl\":\"https:\\\/\\\/secure.gravatar.com\\\/avatar\\\/6cf0505f452ee753f485014986fab09a434671d2b919ee76fc541025c5876a70?s=96&d=mm&r=g\",\"caption\":\"Memurun Sesi Haber Merkezi\"},\"sameAs\":[\"https:\\\/\\\/memurunsesi.net\"],\"url\":\"https:\\\/\\\/memurunsesi.net\\\/index.php\\\/author\\\/uniper\\\/\"}]}<\/script>\n<!-- \/ Yoast SEO plugin. -->","yoast_head_json":{"title":"KTO Karatay \u00dcniversitesi'nde mezuniyet co\u015fkusu - Memurun Sesi","robots":{"index":"index","follow":"follow","max-snippet":"max-snippet:-1","max-image-preview":"max-image-preview:large","max-video-preview":"max-video-preview:-1"},"canonical":"https:\/\/memurunsesi.net\/index.php\/2025\/06\/20\/kto-karatay-universitesinde-mezuniyet-coskusu\/","og_locale":"tr_TR","og_type":"article","og_title":"KTO Karatay \u00dcniversitesi'nde mezuniyet co\u015fkusu - Memurun Sesi","og_description":"Konya Ticaret Odas\u0131 (KTO) Karatay \u00dcniversitesi, 13&#8217;nc\u00fc d\u00f6nem mezunlar\u0131n\u0131 t\u00f6renle u\u011furlad\u0131. KTO Karatay \u00dcniversitesi 2024-2025 Mezuniyet T\u00f6reni Karatay Spor ve Kongre Merkezinde d\u00fczenlendi. T\u00f6rende, lisans ve \u00f6n lisans e\u011fitimlerini ba\u015far\u0131yla tamamlayan bin 680 \u00f6\u011frencinin heyecan ve sevincine aileler ve akademisyenler ortak oldu. &#8220;KTO Karatay \u00dcniversitemiz, \u015fehrimizin ilim miras\u0131n\u0131 ta\u015f\u0131yor&#8221; Programda konu\u015fan Konya B\u00fcy\u00fck\u015fehir Belediye Ba\u015fkan\u0131 [&hellip;]","og_url":"https:\/\/memurunsesi.net\/index.php\/2025\/06\/20\/kto-karatay-universitesinde-mezuniyet-coskusu\/","og_site_name":"Memurun Sesi","article_publisher":"https:\/\/www.facebook.com\/unipersen\/?locale=tr_TR","article_published_time":"2025-06-20T08:52:40+00:00","og_image":[{"width":1600,"height":1066,"url":"https:\/\/memurunsesi.net\/wp-content\/uploads\/2025\/06\/AW480153_01.jpg","type":"image\/jpeg"}],"author":"Memurun Sesi Haber Merkezi","twitter_card":"summary_large_image","twitter_creator":"@unipersen","twitter_site":"@unipersen","twitter_misc":{"Yazan:":"Memurun Sesi Haber Merkezi","Tahmini okuma s\u00fcresi":"1 dakika"},"schema":{"@context":"https:\/\/schema.org","@graph":[{"@type":"Article","@id":"https:\/\/memurunsesi.net\/index.php\/2025\/06\/20\/kto-karatay-universitesinde-mezuniyet-coskusu\/#article","isPartOf":{"@id":"https:\/\/memurunsesi.net\/index.php\/2025\/06\/20\/kto-karatay-universitesinde-mezuniyet-coskusu\/"},"author":{"name":"Memurun Sesi Haber Merkezi","@id":"https:\/\/memurunsesi.net\/#\/schema\/person\/f21c2d73b89f6ee1d80b0a1803e38587"},"headline":"KTO Karatay \u00dcniversitesi&#8217;nde mezuniyet co\u015fkusu","datePublished":"2025-06-20T08:52:40+00:00","mainEntityOfPage":{"@id":"https:\/\/memurunsesi.net\/index.php\/2025\/06\/20\/kto-karatay-universitesinde-mezuniyet-coskusu\/"},"wordCount":1066,"commentCount":0,"publisher":{"@id":"https:\/\/memurunsesi.net\/#organization"},"image":{"@id":"https:\/\/memurunsesi.net\/index.php\/2025\/06\/20\/kto-karatay-universitesinde-mezuniyet-coskusu\/#primaryimage"},"thumbnailUrl":"https:\/\/memurunsesi.net\/wp-content\/uploads\/2025\/06\/AW480153_01.jpg","articleSection":["\u00dcniversiteden Haberler"],"inLanguage":"tr","potentialAction":[{"@type":"CommentAction","name":"Comment","target":["https:\/\/memurunsesi.net\/index.php\/2025\/06\/20\/kto-karatay-universitesinde-mezuniyet-coskusu\/#respond"]}]},{"@type":"WebPage","@id":"https:\/\/memurunsesi.net\/index.php\/2025\/06\/20\/kto-karatay-universitesinde-mezuniyet-coskusu\/","url":"https:\/\/memurunsesi.net\/index.php\/2025\/06\/20\/kto-karatay-universitesinde-mezuniyet-coskusu\/","name":"KTO Karatay \u00dcniversitesi'nde mezuniyet co\u015fkusu - Memurun Sesi","isPartOf":{"@id":"https:\/\/memurunsesi.net\/#website"},"primaryImageOfPage":{"@id":"https:\/\/memurunsesi.net\/index.php\/2025\/06\/20\/kto-karatay-universitesinde-mezuniyet-coskusu\/#primaryimage"},"image":{"@id":"https:\/\/memurunsesi.net\/index.php\/2025\/06\/20\/kto-karatay-universitesinde-mezuniyet-coskusu\/#primaryimage"},"thumbnailUrl":"https:\/\/memurunsesi.net\/wp-content\/uploads\/2025\/06\/AW480153_01.jpg","datePublished":"2025-06-20T08:52:40+00:00","breadcrumb":{"@id":"https:\/\/memurunsesi.net\/index.php\/2025\/06\/20\/kto-karatay-universitesinde-mezuniyet-coskusu\/#breadcrumb"},"inLanguage":"tr","potentialAction":[{"@type":"ReadAction","target":["https:\/\/memurunsesi.net\/index.php\/2025\/06\/20\/kto-karatay-universitesinde-mezuniyet-coskusu\/"]}]},{"@type":"ImageObject","inLanguage":"tr","@id":"https:\/\/memurunsesi.net\/index.php\/2025\/06\/20\/kto-karatay-universitesinde-mezuniyet-coskusu\/#primaryimage","url":"https:\/\/memurunsesi.net\/wp-content\/uploads\/2025\/06\/AW480153_01.jpg","contentUrl":"https:\/\/memurunsesi.net\/wp-content\/uploads\/2025\/06\/AW480153_01.jpg","width":1600,"height":1066,"caption":"KONYA T\u0130CARET ODASI (KTO) KARATAY \u00dcN\u0130VERS\u0130TES\u0130, KARATAY SPOR VE KONGRE MERKEZ\u0130NDE D\u00dcZENLENEN G\u00d6RKEML\u0130 MEZUN\u0130YET T\u00d6REN\u0130 \u0130LE 13. D\u00d6NEM MEZUNLARINI U\u011eURLADI. (\u0130HA\/KONYA-\u0130HA) Konya Ticaret Odas\u0131 (KTO) Karatay \u00dcniversitesi, 13'nc\u00fc d\u00f6nem mezunlar\u0131n\u0131 t\u00f6renle u\u011furlad\u0131."},{"@type":"BreadcrumbList","@id":"https:\/\/memurunsesi.net\/index.php\/2025\/06\/20\/kto-karatay-universitesinde-mezuniyet-coskusu\/#breadcrumb","itemListElement":[{"@type":"ListItem","position":1,"name":"Anasayfa","item":"https:\/\/memurunsesi.net\/"},{"@type":"ListItem","position":2,"name":"KTO Karatay \u00dcniversitesi&#8217;nde mezuniyet co\u015fkusu"}]},{"@type":"WebSite","@id":"https:\/\/memurunsesi.net\/#website","url":"https:\/\/memurunsesi.net\/","name":"Memurun Sesi","description":"G\u00fcncel ve Do\u011fru Haber","publisher":{"@id":"https:\/\/memurunsesi.net\/#organization"},"potentialAction":[{"@type":"SearchAction","target":{"@type":"EntryPoint","urlTemplate":"https:\/\/memurunsesi.net\/?s={search_term_string}"},"query-input":{"@type":"PropertyValueSpecification","valueRequired":true,"valueName":"search_term_string"}}],"inLanguage":"tr"},{"@type":"Organization","@id":"https:\/\/memurunsesi.net\/#organization","name":"Memurun Sesi","url":"https:\/\/memurunsesi.net\/","logo":{"@type":"ImageObject","inLanguage":"tr","@id":"https:\/\/memurunsesi.net\/#\/schema\/logo\/image\/","url":"https:\/\/memurunsesi.net\/wp-content\/uploads\/2025\/11\/cropped-MEMURUN-SESI.png","contentUrl":"https:\/\/memurunsesi.net\/wp-content\/uploads\/2025\/11\/cropped-MEMURUN-SESI.png","width":238,"height":57,"caption":"Memurun Sesi"},"image":{"@id":"https:\/\/memurunsesi.net\/#\/schema\/logo\/image\/"},"sameAs":["https:\/\/www.facebook.com\/unipersen\/?locale=tr_TR","https:\/\/x.com\/unipersen"]},{"@type":"Person","@id":"https:\/\/memurunsesi.net\/#\/schema\/person\/f21c2d73b89f6ee1d80b0a1803e38587","name":"Memurun Sesi Haber Merkezi","image":{"@type":"ImageObject","inLanguage":"tr","@id":"https:\/\/secure.gravatar.com\/avatar\/6cf0505f452ee753f485014986fab09a434671d2b919ee76fc541025c5876a70?s=96&d=mm&r=g","url":"https:\/\/secure.gravatar.com\/avatar\/6cf0505f452ee753f485014986fab09a434671d2b919ee76fc541025c5876a70?s=96&d=mm&r=g","contentUrl":"https:\/\/secure.gravatar.com\/avatar\/6cf0505f452ee753f485014986fab09a434671d2b919ee76fc541025c5876a70?s=96&d=mm&r=g","caption":"Memurun Sesi Haber Merkezi"},"sameAs":["https:\/\/memurunsesi.net"],"url":"https:\/\/memurunsesi.net\/index.php\/author\/uniper\/"}]}},"_links":{"self":[{"href":"https:\/\/memurunsesi.net\/index.php\/wp-json\/wp\/v2\/posts\/8271","targetHints":{"allow":["GET"]}}],"collection":[{"href":"https:\/\/memurunsesi.net\/index.php\/wp-json\/wp\/v2\/posts"}],"about":[{"href":"https:\/\/memurunsesi.net\/index.php\/wp-json\/wp\/v2\/types\/post"}],"author":[{"embeddable":true,"href":"https:\/\/memurunsesi.net\/index.php\/wp-json\/wp\/v2\/users\/1"}],"replies":[{"embeddable":true,"href":"https:\/\/memurunsesi.net\/index.php\/wp-json\/wp\/v2\/comments?post=8271"}],"version-history":[{"count":1,"href":"https:\/\/memurunsesi.net\/index.php\/wp-json\/wp\/v2\/posts\/8271\/revisions"}],"predecessor-version":[{"id":8273,"href":"https:\/\/memurunsesi.net\/index.php\/wp-json\/wp\/v2\/posts\/8271\/revisions\/8273"}],"wp:featuredmedia":[{"embeddable":true,"href":"https:\/\/memurunsesi.net\/index.php\/wp-json\/wp\/v2\/media\/8272"}],"wp:attachment":[{"href":"https:\/\/memurunsesi.net\/index.php\/wp-json\/wp\/v2\/media?parent=8271"}],"wp:term":[{"taxonomy":"category","embeddable":true,"href":"https:\/\/memurunsesi.net\/index.php\/wp-json\/wp\/v2\/categories?post=8271"},{"taxonomy":"post_tag","embeddable":true,"href":"https:\/\/memurunsesi.net\/index.php\/wp-json\/wp\/v2\/tags?post=8271"}],"curies":[{"name":"wp","href":"https:\/\/api.w.org\/{rel}","templated":true}]}}