{"id":8274,"date":"2025-06-20T11:54:13","date_gmt":"2025-06-20T08:54:13","guid":{"rendered":"https:\/\/memurunsesi.net\/?p=8274"},"modified":"2025-06-20T11:54:13","modified_gmt":"2025-06-20T08:54:13","slug":"ankara-valisi-sahin-ogrencilere-karne-dagitti","status":"publish","type":"post","link":"https:\/\/memurunsesi.net\/index.php\/2025\/06\/20\/ankara-valisi-sahin-ogrencilere-karne-dagitti\/","title":{"rendered":"Ankara Valisi \u015eahin \u00f6\u011frencilere karne da\u011f\u0131tt\u0131"},"content":{"rendered":"<p>    E\u011fitim \u00f6\u011fretim y\u0131l\u0131n\u0131n sona ermesiyle Ankara\u2019da bir okulu ziyaret eden Ankara Valisi Vasip \u015eahin, \u00f6\u011frencilere karne da\u011f\u0131tt\u0131.<br \/>\n  Milli E\u011fitim Bakanl\u0131\u011f\u0131na ba\u011fl\u0131 ilk ve orta\u00f6\u011fretimde bulunan \u00f6\u011frenciler i\u00e7in son ders zili bug\u00fcn \u00e7ald\u0131. Vali Vasip \u015eahin, Ankara\u2019da bir okulu ziyaret ederek ilkokul \u00f6\u011frencilerine karnelerini ve hediyelerini verdi. Vali \u015eahin, ziyaret etti\u011fi bir s\u0131n\u0131fta \u00f6\u011frencilerin \u015fiirlerini dinledi ve onlarla sohbet etti.<br \/>\n  Karnelerin da\u011f\u0131t\u0131lmas\u0131n\u0131n ard\u0131ndan a\u00e7\u0131klamada bulunan \u015eahin, &#8220;Ankara\u2019da toplam 3 bin 343 okulumuzda 81 bin \u00f6\u011fretmenimizle 1 milyon 120 bin \u00f6\u011frencimize bu y\u0131l e\u011fitim \u00f6\u011fretim hizmeti verdik&#8221; dedi.<br \/>\n  \u015eahin \u00f6\u011frencilere ilerleyen y\u0131llar i\u00e7in ba\u015far\u0131lar dileyerek, bu sene de her sene oldu\u011fu gibi e\u011fitim \u00f6\u011fretimde gayretli faaliyetler ger\u00e7ekle\u015ftirdiklerini belirtti.<br \/>\n  \u00c7ocuklar\u0131 gelece\u011fe haz\u0131rlamak i\u00e7in \u00e7al\u0131\u015fan velilere ve \u00f6\u011fretmenlere te\u015fekk\u00fcr eden Vali \u015eahin, &#8220;81 bin \u00f6\u011fretmenimiz gece g\u00fcnd\u00fcz demeden fedakarca \u00f6\u011frencilerimizin gelece\u011fe en iyi \u015fekilde yeti\u015fmeleri i\u00e7in ellerinden gelen gayreti sa\u011fl\u0131yor. Yine velilerimize te\u015fekk\u00fcr ediyorum. Evlatlar\u0131 i\u00e7in her t\u00fcrl\u00fc fedakarl\u0131\u011f\u0131 g\u00f6ze alarak, her t\u00fcrl\u00fc \u00f6zveriyi g\u00f6ze alarak \u00e7ocuklar\u0131n\u0131 desteklediler&#8221; diye konu\u015ftu.<br \/>\n  \u00d6\u011frencilere verilen de\u011ferlendirme raporlar\u0131 ve karnelerin sadece mevcut durumu g\u00f6sterdi\u011fini aktaran \u015eahin, \u00e7ocuklar\u0131n yarg\u0131lanmamas\u0131 gerekti\u011fine dikkati \u00e7ekti. <\/p>\n<p>  &#8220;E\u011fitimdeki en b\u00fcy\u00fck amac\u0131m\u0131z \u00e7ocuklar\u0131m\u0131z\u0131 gelece\u011fe iyi bir insan olarak haz\u0131rlanmak&#8221;<br \/>\n  Vali \u015eahin, \u00f6ncelikli ama\u00e7lar\u0131n\u0131n \u00e7ocuklar\u0131 gelece\u011fe iyi bir insan olarak haz\u0131rlamak oldu\u011funu s\u00f6yleyerek, &#8220;Bizim e\u011fitimdeki en b\u00fcy\u00fck amac\u0131m\u0131z \u00e7ocuklar\u0131m\u0131z\u0131 gelece\u011fe iyi bir insan, iyi bir vatanda\u015f olarak haz\u0131rlanmak. Bunun i\u00e7in onlar\u0131 milli manevi ve \u00fclkemizin zenginli\u011fini olu\u015fturan de\u011ferleriyle bulu\u015fturmakt\u0131r. Akademik ba\u015far\u0131 bundan sonra geliyor&#8221; ifadelerini kulland\u0131.<br \/>\n  Yaz tatilinde \u00f6\u011frencilerin bol bol dinlenmesini s\u00f6yleyen \u015eahin bunun yan\u0131 s\u0131ra kitap okumalar\u0131 ve destekleyici bilgilerle kendileri geli\u015ftirmeleri tavsiyesinde de bulundu.<br \/>\n  \u015eahin, \u00f6\u011fretmenlerin de dinlenmenin yan\u0131nda \u00f6\u011frencilere daha iyi neler verebilecekleri konusunda \u00e7al\u0131\u015fmalar yapmalar\u0131 gerekti\u011fini vurgulayarak, &#8220;\u00d6\u011fretmenlerimize de ayn\u0131 \u015fekilde yaz\u0131n yorucu sezondan sonra dinlenmenin yan\u0131nda \u00f6n\u00fcm\u00fczdeki sene \u00f6\u011frencilerimize daha iyi neler verebilece\u011fimiz konusunda da kafa yorup, gerekirse o hususlarda bizlere de \u00f6neriler getirirlerse ve tekliflerde bulunurlarsa bizler i\u00e7in de bir hizmet kalitesinin art\u0131r\u0131m\u0131na vesile olu\u015ftururlar&#8221; \u015feklinde konu\u015ftu.<br \/>\nTatilin ard\u0131ndan okullarda ilk ders zili, 8 Eyl\u00fcl&#8217; de \u00e7alacak. <\/p>\n<p>20.06.2025                                 <\/p>\n","protected":false},"excerpt":{"rendered":"<p>E\u011fitim \u00f6\u011fretim y\u0131l\u0131n\u0131n sona ermesiyle Ankara\u2019da bir okulu ziyaret eden Ankara Valisi Vasip \u015eahin, \u00f6\u011frencilere karne da\u011f\u0131tt\u0131. Milli E\u011fitim Bakanl\u0131\u011f\u0131na ba\u011fl\u0131 ilk ve orta\u00f6\u011fretimde bulunan \u00f6\u011frenciler i\u00e7in son ders zili bug\u00fcn \u00e7ald\u0131. Vali Vasip \u015eahin, Ankara\u2019da bir okulu ziyaret ederek ilkokul \u00f6\u011frencilerine karnelerini ve hediyelerini verdi. Vali \u015eahin, ziyaret etti\u011fi bir s\u0131n\u0131fta \u00f6\u011frencilerin \u015fiirlerini dinledi [&hellip;]<\/p>\n","protected":false},"author":1,"featured_media":8275,"comment_status":"open","ping_status":"open","sticky":false,"template":"","format":"standard","meta":{"footnotes":""},"categories":[1],"tags":[],"class_list":["post-8274","post","type-post","status-publish","format-standard","has-post-thumbnail","hentry","category-genel"],"yoast_head":"<!-- This site is optimized with the Yoast SEO plugin v27.4 - https:\/\/yoast.com\/product\/yoast-seo-wordpress\/ -->\n<title>Ankara Valisi \u015eahin \u00f6\u011frencilere karne da\u011f\u0131tt\u0131 - Memurun Sesi<\/title>\n<meta name=\"robots\" content=\"index, follow, max-snippet:-1, max-image-preview:large, max-video-preview:-1\" \/>\n<link rel=\"canonical\" href=\"https:\/\/memurunsesi.net\/index.php\/2025\/06\/20\/ankara-valisi-sahin-ogrencilere-karne-dagitti\/\" \/>\n<meta property=\"og:locale\" content=\"tr_TR\" \/>\n<meta property=\"og:type\" content=\"article\" \/>\n<meta property=\"og:title\" content=\"Ankara Valisi \u015eahin \u00f6\u011frencilere karne da\u011f\u0131tt\u0131 - Memurun Sesi\" \/>\n<meta property=\"og:description\" content=\"E\u011fitim \u00f6\u011fretim y\u0131l\u0131n\u0131n sona ermesiyle Ankara\u2019da bir okulu ziyaret eden Ankara Valisi Vasip \u015eahin, \u00f6\u011frencilere karne da\u011f\u0131tt\u0131. Milli E\u011fitim Bakanl\u0131\u011f\u0131na ba\u011fl\u0131 ilk ve orta\u00f6\u011fretimde bulunan \u00f6\u011frenciler i\u00e7in son ders zili bug\u00fcn \u00e7ald\u0131. Vali Vasip \u015eahin, Ankara\u2019da bir okulu ziyaret ederek ilkokul \u00f6\u011frencilerine karnelerini ve hediyelerini verdi. Vali \u015eahin, ziyaret etti\u011fi bir s\u0131n\u0131fta \u00f6\u011frencilerin \u015fiirlerini dinledi [&hellip;]\" \/>\n<meta property=\"og:url\" content=\"https:\/\/memurunsesi.net\/index.php\/2025\/06\/20\/ankara-valisi-sahin-ogrencilere-karne-dagitti\/\" \/>\n<meta property=\"og:site_name\" content=\"Memurun Sesi\" \/>\n<meta property=\"article:publisher\" content=\"https:\/\/www.facebook.com\/unipersen\/?locale=tr_TR\" \/>\n<meta property=\"article:published_time\" content=\"2025-06-20T08:54:13+00:00\" \/>\n<meta property=\"og:image\" content=\"https:\/\/memurunsesi.net\/wp-content\/uploads\/2025\/06\/AW480149_02-scaled.jpg\" \/>\n\t<meta property=\"og:image:width\" content=\"2560\" \/>\n\t<meta property=\"og:image:height\" content=\"1920\" \/>\n\t<meta property=\"og:image:type\" content=\"image\/jpeg\" \/>\n<meta name=\"author\" content=\"Memurun Sesi Haber Merkezi\" \/>\n<meta name=\"twitter:card\" content=\"summary_large_image\" \/>\n<meta name=\"twitter:creator\" content=\"@unipersen\" \/>\n<meta name=\"twitter:site\" content=\"@unipersen\" \/>\n<meta name=\"twitter:label1\" content=\"Yazan:\" \/>\n\t<meta name=\"twitter:data1\" content=\"Memurun Sesi Haber Merkezi\" \/>\n\t<meta name=\"twitter:label2\" content=\"Tahmini okuma s\u00fcresi\" \/>\n\t<meta name=\"twitter:data2\" content=\"1 dakika\" \/>\n<script type=\"application\/ld+json\" class=\"yoast-schema-graph\">{\"@context\":\"https:\\\/\\\/schema.org\",\"@graph\":[{\"@type\":\"Article\",\"@id\":\"https:\\\/\\\/memurunsesi.net\\\/index.php\\\/2025\\\/06\\\/20\\\/ankara-valisi-sahin-ogrencilere-karne-dagitti\\\/#article\",\"isPartOf\":{\"@id\":\"https:\\\/\\\/memurunsesi.net\\\/index.php\\\/2025\\\/06\\\/20\\\/ankara-valisi-sahin-ogrencilere-karne-dagitti\\\/\"},\"author\":{\"name\":\"Memurun Sesi Haber Merkezi\",\"@id\":\"https:\\\/\\\/memurunsesi.net\\\/#\\\/schema\\\/person\\\/f21c2d73b89f6ee1d80b0a1803e38587\"},\"headline\":\"Ankara Valisi \u015eahin \u00f6\u011frencilere karne da\u011f\u0131tt\u0131\",\"datePublished\":\"2025-06-20T08:54:13+00:00\",\"mainEntityOfPage\":{\"@id\":\"https:\\\/\\\/memurunsesi.net\\\/index.php\\\/2025\\\/06\\\/20\\\/ankara-valisi-sahin-ogrencilere-karne-dagitti\\\/\"},\"wordCount\":430,\"commentCount\":0,\"publisher\":{\"@id\":\"https:\\\/\\\/memurunsesi.net\\\/#organization\"},\"image\":{\"@id\":\"https:\\\/\\\/memurunsesi.net\\\/index.php\\\/2025\\\/06\\\/20\\\/ankara-valisi-sahin-ogrencilere-karne-dagitti\\\/#primaryimage\"},\"thumbnailUrl\":\"https:\\\/\\\/memurunsesi.net\\\/wp-content\\\/uploads\\\/2025\\\/06\\\/AW480149_02-scaled.jpg\",\"inLanguage\":\"tr\",\"potentialAction\":[{\"@type\":\"CommentAction\",\"name\":\"Comment\",\"target\":[\"https:\\\/\\\/memurunsesi.net\\\/index.php\\\/2025\\\/06\\\/20\\\/ankara-valisi-sahin-ogrencilere-karne-dagitti\\\/#respond\"]}]},{\"@type\":\"WebPage\",\"@id\":\"https:\\\/\\\/memurunsesi.net\\\/index.php\\\/2025\\\/06\\\/20\\\/ankara-valisi-sahin-ogrencilere-karne-dagitti\\\/\",\"url\":\"https:\\\/\\\/memurunsesi.net\\\/index.php\\\/2025\\\/06\\\/20\\\/ankara-valisi-sahin-ogrencilere-karne-dagitti\\\/\",\"name\":\"Ankara Valisi \u015eahin \u00f6\u011frencilere karne da\u011f\u0131tt\u0131 - Memurun Sesi\",\"isPartOf\":{\"@id\":\"https:\\\/\\\/memurunsesi.net\\\/#website\"},\"primaryImageOfPage\":{\"@id\":\"https:\\\/\\\/memurunsesi.net\\\/index.php\\\/2025\\\/06\\\/20\\\/ankara-valisi-sahin-ogrencilere-karne-dagitti\\\/#primaryimage\"},\"image\":{\"@id\":\"https:\\\/\\\/memurunsesi.net\\\/index.php\\\/2025\\\/06\\\/20\\\/ankara-valisi-sahin-ogrencilere-karne-dagitti\\\/#primaryimage\"},\"thumbnailUrl\":\"https:\\\/\\\/memurunsesi.net\\\/wp-content\\\/uploads\\\/2025\\\/06\\\/AW480149_02-scaled.jpg\",\"datePublished\":\"2025-06-20T08:54:13+00:00\",\"breadcrumb\":{\"@id\":\"https:\\\/\\\/memurunsesi.net\\\/index.php\\\/2025\\\/06\\\/20\\\/ankara-valisi-sahin-ogrencilere-karne-dagitti\\\/#breadcrumb\"},\"inLanguage\":\"tr\",\"potentialAction\":[{\"@type\":\"ReadAction\",\"target\":[\"https:\\\/\\\/memurunsesi.net\\\/index.php\\\/2025\\\/06\\\/20\\\/ankara-valisi-sahin-ogrencilere-karne-dagitti\\\/\"]}]},{\"@type\":\"ImageObject\",\"inLanguage\":\"tr\",\"@id\":\"https:\\\/\\\/memurunsesi.net\\\/index.php\\\/2025\\\/06\\\/20\\\/ankara-valisi-sahin-ogrencilere-karne-dagitti\\\/#primaryimage\",\"url\":\"https:\\\/\\\/memurunsesi.net\\\/wp-content\\\/uploads\\\/2025\\\/06\\\/AW480149_02-scaled.jpg\",\"contentUrl\":\"https:\\\/\\\/memurunsesi.net\\\/wp-content\\\/uploads\\\/2025\\\/06\\\/AW480149_02-scaled.jpg\",\"width\":2560,\"height\":1920,\"caption\":\"E\u011e\u0130T\u0130M \u00d6\u011eRET\u0130M YILININ SONA ERMES\u0130YLE ANKARA'DA B\u0130R OKULU Z\u0130YARET EDEN ANKARA VAL\u0130S\u0130 VAS\u0130P \u015eAH\u0130N, \u00d6\u011eRENC\u0130LERE KARNE DA\u011eITTI. (ECE NUR \u00d6ZT\u00dcRK\\\/ANKARA-\u0130HA) E\u011fitim \u00f6\u011fretim y\u0131l\u0131n\u0131n sona ermesiyle Ankara'da bir okulu ziyaret eden Ankara Valisi Vasip \u015eahin, \u00f6\u011frencilere karne da\u011f\u0131tt\u0131.\"},{\"@type\":\"BreadcrumbList\",\"@id\":\"https:\\\/\\\/memurunsesi.net\\\/index.php\\\/2025\\\/06\\\/20\\\/ankara-valisi-sahin-ogrencilere-karne-dagitti\\\/#breadcrumb\",\"itemListElement\":[{\"@type\":\"ListItem\",\"position\":1,\"name\":\"Anasayfa\",\"item\":\"https:\\\/\\\/memurunsesi.net\\\/\"},{\"@type\":\"ListItem\",\"position\":2,\"name\":\"Ankara Valisi \u015eahin \u00f6\u011frencilere karne da\u011f\u0131tt\u0131\"}]},{\"@type\":\"WebSite\",\"@id\":\"https:\\\/\\\/memurunsesi.net\\\/#website\",\"url\":\"https:\\\/\\\/memurunsesi.net\\\/\",\"name\":\"Memurun Sesi\",\"description\":\"G\u00fcncel ve Do\u011fru Haber\",\"publisher\":{\"@id\":\"https:\\\/\\\/memurunsesi.net\\\/#organization\"},\"potentialAction\":[{\"@type\":\"SearchAction\",\"target\":{\"@type\":\"EntryPoint\",\"urlTemplate\":\"https:\\\/\\\/memurunsesi.net\\\/?s={search_term_string}\"},\"query-input\":{\"@type\":\"PropertyValueSpecification\",\"valueRequired\":true,\"valueName\":\"search_term_string\"}}],\"inLanguage\":\"tr\"},{\"@type\":\"Organization\",\"@id\":\"https:\\\/\\\/memurunsesi.net\\\/#organization\",\"name\":\"Memurun Sesi\",\"url\":\"https:\\\/\\\/memurunsesi.net\\\/\",\"logo\":{\"@type\":\"ImageObject\",\"inLanguage\":\"tr\",\"@id\":\"https:\\\/\\\/memurunsesi.net\\\/#\\\/schema\\\/logo\\\/image\\\/\",\"url\":\"https:\\\/\\\/memurunsesi.net\\\/wp-content\\\/uploads\\\/2025\\\/11\\\/cropped-MEMURUN-SESI.png\",\"contentUrl\":\"https:\\\/\\\/memurunsesi.net\\\/wp-content\\\/uploads\\\/2025\\\/11\\\/cropped-MEMURUN-SESI.png\",\"width\":238,\"height\":57,\"caption\":\"Memurun Sesi\"},\"image\":{\"@id\":\"https:\\\/\\\/memurunsesi.net\\\/#\\\/schema\\\/logo\\\/image\\\/\"},\"sameAs\":[\"https:\\\/\\\/www.facebook.com\\\/unipersen\\\/?locale=tr_TR\",\"https:\\\/\\\/x.com\\\/unipersen\"]},{\"@type\":\"Person\",\"@id\":\"https:\\\/\\\/memurunsesi.net\\\/#\\\/schema\\\/person\\\/f21c2d73b89f6ee1d80b0a1803e38587\",\"name\":\"Memurun Sesi Haber Merkezi\",\"image\":{\"@type\":\"ImageObject\",\"inLanguage\":\"tr\",\"@id\":\"https:\\\/\\\/secure.gravatar.com\\\/avatar\\\/6cf0505f452ee753f485014986fab09a434671d2b919ee76fc541025c5876a70?s=96&d=mm&r=g\",\"url\":\"https:\\\/\\\/secure.gravatar.com\\\/avatar\\\/6cf0505f452ee753f485014986fab09a434671d2b919ee76fc541025c5876a70?s=96&d=mm&r=g\",\"contentUrl\":\"https:\\\/\\\/secure.gravatar.com\\\/avatar\\\/6cf0505f452ee753f485014986fab09a434671d2b919ee76fc541025c5876a70?s=96&d=mm&r=g\",\"caption\":\"Memurun Sesi Haber Merkezi\"},\"sameAs\":[\"https:\\\/\\\/memurunsesi.net\"],\"url\":\"https:\\\/\\\/memurunsesi.net\\\/index.php\\\/author\\\/uniper\\\/\"}]}<\/script>\n<!-- \/ Yoast SEO plugin. -->","yoast_head_json":{"title":"Ankara Valisi \u015eahin \u00f6\u011frencilere karne da\u011f\u0131tt\u0131 - Memurun Sesi","robots":{"index":"index","follow":"follow","max-snippet":"max-snippet:-1","max-image-preview":"max-image-preview:large","max-video-preview":"max-video-preview:-1"},"canonical":"https:\/\/memurunsesi.net\/index.php\/2025\/06\/20\/ankara-valisi-sahin-ogrencilere-karne-dagitti\/","og_locale":"tr_TR","og_type":"article","og_title":"Ankara Valisi \u015eahin \u00f6\u011frencilere karne da\u011f\u0131tt\u0131 - Memurun Sesi","og_description":"E\u011fitim \u00f6\u011fretim y\u0131l\u0131n\u0131n sona ermesiyle Ankara\u2019da bir okulu ziyaret eden Ankara Valisi Vasip \u015eahin, \u00f6\u011frencilere karne da\u011f\u0131tt\u0131. Milli E\u011fitim Bakanl\u0131\u011f\u0131na ba\u011fl\u0131 ilk ve orta\u00f6\u011fretimde bulunan \u00f6\u011frenciler i\u00e7in son ders zili bug\u00fcn \u00e7ald\u0131. Vali Vasip \u015eahin, Ankara\u2019da bir okulu ziyaret ederek ilkokul \u00f6\u011frencilerine karnelerini ve hediyelerini verdi. Vali \u015eahin, ziyaret etti\u011fi bir s\u0131n\u0131fta \u00f6\u011frencilerin \u015fiirlerini dinledi [&hellip;]","og_url":"https:\/\/memurunsesi.net\/index.php\/2025\/06\/20\/ankara-valisi-sahin-ogrencilere-karne-dagitti\/","og_site_name":"Memurun Sesi","article_publisher":"https:\/\/www.facebook.com\/unipersen\/?locale=tr_TR","article_published_time":"2025-06-20T08:54:13+00:00","og_image":[{"width":2560,"height":1920,"url":"https:\/\/memurunsesi.net\/wp-content\/uploads\/2025\/06\/AW480149_02-scaled.jpg","type":"image\/jpeg"}],"author":"Memurun Sesi Haber Merkezi","twitter_card":"summary_large_image","twitter_creator":"@unipersen","twitter_site":"@unipersen","twitter_misc":{"Yazan:":"Memurun Sesi Haber Merkezi","Tahmini okuma s\u00fcresi":"1 dakika"},"schema":{"@context":"https:\/\/schema.org","@graph":[{"@type":"Article","@id":"https:\/\/memurunsesi.net\/index.php\/2025\/06\/20\/ankara-valisi-sahin-ogrencilere-karne-dagitti\/#article","isPartOf":{"@id":"https:\/\/memurunsesi.net\/index.php\/2025\/06\/20\/ankara-valisi-sahin-ogrencilere-karne-dagitti\/"},"author":{"name":"Memurun Sesi Haber Merkezi","@id":"https:\/\/memurunsesi.net\/#\/schema\/person\/f21c2d73b89f6ee1d80b0a1803e38587"},"headline":"Ankara Valisi \u015eahin \u00f6\u011frencilere karne da\u011f\u0131tt\u0131","datePublished":"2025-06-20T08:54:13+00:00","mainEntityOfPage":{"@id":"https:\/\/memurunsesi.net\/index.php\/2025\/06\/20\/ankara-valisi-sahin-ogrencilere-karne-dagitti\/"},"wordCount":430,"commentCount":0,"publisher":{"@id":"https:\/\/memurunsesi.net\/#organization"},"image":{"@id":"https:\/\/memurunsesi.net\/index.php\/2025\/06\/20\/ankara-valisi-sahin-ogrencilere-karne-dagitti\/#primaryimage"},"thumbnailUrl":"https:\/\/memurunsesi.net\/wp-content\/uploads\/2025\/06\/AW480149_02-scaled.jpg","inLanguage":"tr","potentialAction":[{"@type":"CommentAction","name":"Comment","target":["https:\/\/memurunsesi.net\/index.php\/2025\/06\/20\/ankara-valisi-sahin-ogrencilere-karne-dagitti\/#respond"]}]},{"@type":"WebPage","@id":"https:\/\/memurunsesi.net\/index.php\/2025\/06\/20\/ankara-valisi-sahin-ogrencilere-karne-dagitti\/","url":"https:\/\/memurunsesi.net\/index.php\/2025\/06\/20\/ankara-valisi-sahin-ogrencilere-karne-dagitti\/","name":"Ankara Valisi \u015eahin \u00f6\u011frencilere karne da\u011f\u0131tt\u0131 - Memurun Sesi","isPartOf":{"@id":"https:\/\/memurunsesi.net\/#website"},"primaryImageOfPage":{"@id":"https:\/\/memurunsesi.net\/index.php\/2025\/06\/20\/ankara-valisi-sahin-ogrencilere-karne-dagitti\/#primaryimage"},"image":{"@id":"https:\/\/memurunsesi.net\/index.php\/2025\/06\/20\/ankara-valisi-sahin-ogrencilere-karne-dagitti\/#primaryimage"},"thumbnailUrl":"https:\/\/memurunsesi.net\/wp-content\/uploads\/2025\/06\/AW480149_02-scaled.jpg","datePublished":"2025-06-20T08:54:13+00:00","breadcrumb":{"@id":"https:\/\/memurunsesi.net\/index.php\/2025\/06\/20\/ankara-valisi-sahin-ogrencilere-karne-dagitti\/#breadcrumb"},"inLanguage":"tr","potentialAction":[{"@type":"ReadAction","target":["https:\/\/memurunsesi.net\/index.php\/2025\/06\/20\/ankara-valisi-sahin-ogrencilere-karne-dagitti\/"]}]},{"@type":"ImageObject","inLanguage":"tr","@id":"https:\/\/memurunsesi.net\/index.php\/2025\/06\/20\/ankara-valisi-sahin-ogrencilere-karne-dagitti\/#primaryimage","url":"https:\/\/memurunsesi.net\/wp-content\/uploads\/2025\/06\/AW480149_02-scaled.jpg","contentUrl":"https:\/\/memurunsesi.net\/wp-content\/uploads\/2025\/06\/AW480149_02-scaled.jpg","width":2560,"height":1920,"caption":"E\u011e\u0130T\u0130M \u00d6\u011eRET\u0130M YILININ SONA ERMES\u0130YLE ANKARA'DA B\u0130R OKULU Z\u0130YARET EDEN ANKARA VAL\u0130S\u0130 VAS\u0130P \u015eAH\u0130N, \u00d6\u011eRENC\u0130LERE KARNE DA\u011eITTI. (ECE NUR \u00d6ZT\u00dcRK\/ANKARA-\u0130HA) E\u011fitim \u00f6\u011fretim y\u0131l\u0131n\u0131n sona ermesiyle Ankara'da bir okulu ziyaret eden Ankara Valisi Vasip \u015eahin, \u00f6\u011frencilere karne da\u011f\u0131tt\u0131."},{"@type":"BreadcrumbList","@id":"https:\/\/memurunsesi.net\/index.php\/2025\/06\/20\/ankara-valisi-sahin-ogrencilere-karne-dagitti\/#breadcrumb","itemListElement":[{"@type":"ListItem","position":1,"name":"Anasayfa","item":"https:\/\/memurunsesi.net\/"},{"@type":"ListItem","position":2,"name":"Ankara Valisi \u015eahin \u00f6\u011frencilere karne da\u011f\u0131tt\u0131"}]},{"@type":"WebSite","@id":"https:\/\/memurunsesi.net\/#website","url":"https:\/\/memurunsesi.net\/","name":"Memurun Sesi","description":"G\u00fcncel ve Do\u011fru Haber","publisher":{"@id":"https:\/\/memurunsesi.net\/#organization"},"potentialAction":[{"@type":"SearchAction","target":{"@type":"EntryPoint","urlTemplate":"https:\/\/memurunsesi.net\/?s={search_term_string}"},"query-input":{"@type":"PropertyValueSpecification","valueRequired":true,"valueName":"search_term_string"}}],"inLanguage":"tr"},{"@type":"Organization","@id":"https:\/\/memurunsesi.net\/#organization","name":"Memurun Sesi","url":"https:\/\/memurunsesi.net\/","logo":{"@type":"ImageObject","inLanguage":"tr","@id":"https:\/\/memurunsesi.net\/#\/schema\/logo\/image\/","url":"https:\/\/memurunsesi.net\/wp-content\/uploads\/2025\/11\/cropped-MEMURUN-SESI.png","contentUrl":"https:\/\/memurunsesi.net\/wp-content\/uploads\/2025\/11\/cropped-MEMURUN-SESI.png","width":238,"height":57,"caption":"Memurun Sesi"},"image":{"@id":"https:\/\/memurunsesi.net\/#\/schema\/logo\/image\/"},"sameAs":["https:\/\/www.facebook.com\/unipersen\/?locale=tr_TR","https:\/\/x.com\/unipersen"]},{"@type":"Person","@id":"https:\/\/memurunsesi.net\/#\/schema\/person\/f21c2d73b89f6ee1d80b0a1803e38587","name":"Memurun Sesi Haber Merkezi","image":{"@type":"ImageObject","inLanguage":"tr","@id":"https:\/\/secure.gravatar.com\/avatar\/6cf0505f452ee753f485014986fab09a434671d2b919ee76fc541025c5876a70?s=96&d=mm&r=g","url":"https:\/\/secure.gravatar.com\/avatar\/6cf0505f452ee753f485014986fab09a434671d2b919ee76fc541025c5876a70?s=96&d=mm&r=g","contentUrl":"https:\/\/secure.gravatar.com\/avatar\/6cf0505f452ee753f485014986fab09a434671d2b919ee76fc541025c5876a70?s=96&d=mm&r=g","caption":"Memurun Sesi Haber Merkezi"},"sameAs":["https:\/\/memurunsesi.net"],"url":"https:\/\/memurunsesi.net\/index.php\/author\/uniper\/"}]}},"_links":{"self":[{"href":"https:\/\/memurunsesi.net\/index.php\/wp-json\/wp\/v2\/posts\/8274","targetHints":{"allow":["GET"]}}],"collection":[{"href":"https:\/\/memurunsesi.net\/index.php\/wp-json\/wp\/v2\/posts"}],"about":[{"href":"https:\/\/memurunsesi.net\/index.php\/wp-json\/wp\/v2\/types\/post"}],"author":[{"embeddable":true,"href":"https:\/\/memurunsesi.net\/index.php\/wp-json\/wp\/v2\/users\/1"}],"replies":[{"embeddable":true,"href":"https:\/\/memurunsesi.net\/index.php\/wp-json\/wp\/v2\/comments?post=8274"}],"version-history":[{"count":1,"href":"https:\/\/memurunsesi.net\/index.php\/wp-json\/wp\/v2\/posts\/8274\/revisions"}],"predecessor-version":[{"id":8276,"href":"https:\/\/memurunsesi.net\/index.php\/wp-json\/wp\/v2\/posts\/8274\/revisions\/8276"}],"wp:featuredmedia":[{"embeddable":true,"href":"https:\/\/memurunsesi.net\/index.php\/wp-json\/wp\/v2\/media\/8275"}],"wp:attachment":[{"href":"https:\/\/memurunsesi.net\/index.php\/wp-json\/wp\/v2\/media?parent=8274"}],"wp:term":[{"taxonomy":"category","embeddable":true,"href":"https:\/\/memurunsesi.net\/index.php\/wp-json\/wp\/v2\/categories?post=8274"},{"taxonomy":"post_tag","embeddable":true,"href":"https:\/\/memurunsesi.net\/index.php\/wp-json\/wp\/v2\/tags?post=8274"}],"curies":[{"name":"wp","href":"https:\/\/api.w.org\/{rel}","templated":true}]}}