{"id":8871,"date":"2025-07-02T14:35:41","date_gmt":"2025-07-02T11:35:41","guid":{"rendered":"https:\/\/memurunsesi.net\/?p=8871"},"modified":"2025-07-02T14:35:41","modified_gmt":"2025-07-02T11:35:41","slug":"bursa-bir-kez-daha-sallandi-buyuklugu-4-3","status":"publish","type":"post","link":"https:\/\/memurunsesi.net\/index.php\/2025\/07\/02\/bursa-bir-kez-daha-sallandi-buyuklugu-4-3\/","title":{"rendered":"Bursa bir kez daha salland\u0131: B\u00fcy\u00fckl\u00fc\u011f\u00fc 4.3"},"content":{"rendered":"<p>  &#8211; Gemlik merkezli sars\u0131nt\u0131 \u00e7evre il ve il\u00e7elerde de hissedildi <\/p>\n<p>  Bursa&#8217;n\u0131n Gemlik il\u00e7esinde 4.3 b\u00fcy\u00fckl\u00fc\u011f\u00fcnde bir deprem meydana geldi. Bursa Valili\u011fi, herhangi bir olumsuz durum tespit edilmedi\u011fini duyurdu.<br \/>\nAFAD Deprem Dairesi\u2019nden verilen bilgiye g\u00f6re, saat 13.57\u2019de Gemlik merkezli 4.3 b\u00fcy\u00fckl\u00fc\u011f\u00fcnde bir deprem kaydedildi. Sars\u0131nt\u0131n\u0131n 7.13 kilometre derinlikte oldu\u011fu belirtildi.<br \/>\n  Sars\u0131nt\u0131 \u00e7evre il ve il\u00e7elerde de hissedilirken, d\u00fcn de deprem pani\u011fi ya\u015fayan insanlar korkuyla kendilerini d\u0131\u015far\u0131 att\u0131.<br \/>\n  \u00d6te yandan, Bursa Valili\u011finden yap\u0131lan a\u00e7\u0131klamada, herhangi bir olumsuz durum tespit edilmedi\u011fi bildirildi. <\/p>\n<p>2.07.2025                                  <\/p>\n","protected":false},"excerpt":{"rendered":"<p>&#8211; Gemlik merkezli sars\u0131nt\u0131 \u00e7evre il ve il\u00e7elerde de hissedildi Bursa&#8217;n\u0131n Gemlik il\u00e7esinde 4.3 b\u00fcy\u00fckl\u00fc\u011f\u00fcnde bir deprem meydana geldi. Bursa Valili\u011fi, herhangi bir olumsuz durum tespit edilmedi\u011fini duyurdu. AFAD Deprem Dairesi\u2019nden verilen bilgiye g\u00f6re, saat 13.57\u2019de Gemlik merkezli 4.3 b\u00fcy\u00fckl\u00fc\u011f\u00fcnde bir deprem kaydedildi. Sars\u0131nt\u0131n\u0131n 7.13 kilometre derinlikte oldu\u011fu belirtildi. Sars\u0131nt\u0131 \u00e7evre il ve il\u00e7elerde de [&hellip;]<\/p>\n","protected":false},"author":1,"featured_media":8872,"comment_status":"open","ping_status":"open","sticky":false,"template":"","format":"standard","meta":{"footnotes":""},"categories":[1],"tags":[],"class_list":["post-8871","post","type-post","status-publish","format-standard","has-post-thumbnail","hentry","category-genel"],"yoast_head":"<!-- This site is optimized with the Yoast SEO plugin v27.4 - https:\/\/yoast.com\/product\/yoast-seo-wordpress\/ -->\n<title>Bursa bir kez daha salland\u0131: B\u00fcy\u00fckl\u00fc\u011f\u00fc 4.3 - Memurun Sesi<\/title>\n<meta name=\"robots\" content=\"index, follow, max-snippet:-1, max-image-preview:large, max-video-preview:-1\" \/>\n<link rel=\"canonical\" href=\"https:\/\/memurunsesi.net\/index.php\/2025\/07\/02\/bursa-bir-kez-daha-sallandi-buyuklugu-4-3\/\" \/>\n<meta property=\"og:locale\" content=\"tr_TR\" \/>\n<meta property=\"og:type\" content=\"article\" \/>\n<meta property=\"og:title\" content=\"Bursa bir kez daha salland\u0131: B\u00fcy\u00fckl\u00fc\u011f\u00fc 4.3 - Memurun Sesi\" \/>\n<meta property=\"og:description\" content=\"&#8211; Gemlik merkezli sars\u0131nt\u0131 \u00e7evre il ve il\u00e7elerde de hissedildi Bursa&#8217;n\u0131n Gemlik il\u00e7esinde 4.3 b\u00fcy\u00fckl\u00fc\u011f\u00fcnde bir deprem meydana geldi. Bursa Valili\u011fi, herhangi bir olumsuz durum tespit edilmedi\u011fini duyurdu. AFAD Deprem Dairesi\u2019nden verilen bilgiye g\u00f6re, saat 13.57\u2019de Gemlik merkezli 4.3 b\u00fcy\u00fckl\u00fc\u011f\u00fcnde bir deprem kaydedildi. Sars\u0131nt\u0131n\u0131n 7.13 kilometre derinlikte oldu\u011fu belirtildi. Sars\u0131nt\u0131 \u00e7evre il ve il\u00e7elerde de [&hellip;]\" \/>\n<meta property=\"og:url\" content=\"https:\/\/memurunsesi.net\/index.php\/2025\/07\/02\/bursa-bir-kez-daha-sallandi-buyuklugu-4-3\/\" \/>\n<meta property=\"og:site_name\" content=\"Memurun Sesi\" \/>\n<meta property=\"article:publisher\" content=\"https:\/\/www.facebook.com\/unipersen\/?locale=tr_TR\" \/>\n<meta property=\"article:published_time\" content=\"2025-07-02T11:35:41+00:00\" \/>\n<meta property=\"og:image\" content=\"https:\/\/memurunsesi.net\/wp-content\/uploads\/2025\/07\/AW488931_01.jpg\" \/>\n\t<meta property=\"og:image:width\" content=\"2000\" \/>\n\t<meta property=\"og:image:height\" content=\"1126\" \/>\n\t<meta property=\"og:image:type\" content=\"image\/jpeg\" \/>\n<meta name=\"author\" content=\"Memurun Sesi Haber Merkezi\" \/>\n<meta name=\"twitter:card\" content=\"summary_large_image\" \/>\n<meta name=\"twitter:creator\" content=\"@unipersen\" \/>\n<meta name=\"twitter:site\" content=\"@unipersen\" \/>\n<meta name=\"twitter:label1\" content=\"Yazan:\" \/>\n\t<meta name=\"twitter:data1\" content=\"Memurun Sesi Haber Merkezi\" \/>\n\t<meta name=\"twitter:label2\" content=\"Tahmini okuma s\u00fcresi\" \/>\n\t<meta name=\"twitter:data2\" content=\"1 dakika\" \/>\n<script type=\"application\/ld+json\" class=\"yoast-schema-graph\">{\"@context\":\"https:\\\/\\\/schema.org\",\"@graph\":[{\"@type\":\"Article\",\"@id\":\"https:\\\/\\\/memurunsesi.net\\\/index.php\\\/2025\\\/07\\\/02\\\/bursa-bir-kez-daha-sallandi-buyuklugu-4-3\\\/#article\",\"isPartOf\":{\"@id\":\"https:\\\/\\\/memurunsesi.net\\\/index.php\\\/2025\\\/07\\\/02\\\/bursa-bir-kez-daha-sallandi-buyuklugu-4-3\\\/\"},\"author\":{\"name\":\"Memurun Sesi Haber Merkezi\",\"@id\":\"https:\\\/\\\/memurunsesi.net\\\/#\\\/schema\\\/person\\\/f21c2d73b89f6ee1d80b0a1803e38587\"},\"headline\":\"Bursa bir kez daha salland\u0131: B\u00fcy\u00fckl\u00fc\u011f\u00fc 4.3\",\"datePublished\":\"2025-07-02T11:35:41+00:00\",\"mainEntityOfPage\":{\"@id\":\"https:\\\/\\\/memurunsesi.net\\\/index.php\\\/2025\\\/07\\\/02\\\/bursa-bir-kez-daha-sallandi-buyuklugu-4-3\\\/\"},\"wordCount\":113,\"commentCount\":0,\"publisher\":{\"@id\":\"https:\\\/\\\/memurunsesi.net\\\/#organization\"},\"image\":{\"@id\":\"https:\\\/\\\/memurunsesi.net\\\/index.php\\\/2025\\\/07\\\/02\\\/bursa-bir-kez-daha-sallandi-buyuklugu-4-3\\\/#primaryimage\"},\"thumbnailUrl\":\"https:\\\/\\\/memurunsesi.net\\\/wp-content\\\/uploads\\\/2025\\\/07\\\/AW488931_01.jpg\",\"inLanguage\":\"tr\",\"potentialAction\":[{\"@type\":\"CommentAction\",\"name\":\"Comment\",\"target\":[\"https:\\\/\\\/memurunsesi.net\\\/index.php\\\/2025\\\/07\\\/02\\\/bursa-bir-kez-daha-sallandi-buyuklugu-4-3\\\/#respond\"]}]},{\"@type\":\"WebPage\",\"@id\":\"https:\\\/\\\/memurunsesi.net\\\/index.php\\\/2025\\\/07\\\/02\\\/bursa-bir-kez-daha-sallandi-buyuklugu-4-3\\\/\",\"url\":\"https:\\\/\\\/memurunsesi.net\\\/index.php\\\/2025\\\/07\\\/02\\\/bursa-bir-kez-daha-sallandi-buyuklugu-4-3\\\/\",\"name\":\"Bursa bir kez daha salland\u0131: B\u00fcy\u00fckl\u00fc\u011f\u00fc 4.3 - Memurun Sesi\",\"isPartOf\":{\"@id\":\"https:\\\/\\\/memurunsesi.net\\\/#website\"},\"primaryImageOfPage\":{\"@id\":\"https:\\\/\\\/memurunsesi.net\\\/index.php\\\/2025\\\/07\\\/02\\\/bursa-bir-kez-daha-sallandi-buyuklugu-4-3\\\/#primaryimage\"},\"image\":{\"@id\":\"https:\\\/\\\/memurunsesi.net\\\/index.php\\\/2025\\\/07\\\/02\\\/bursa-bir-kez-daha-sallandi-buyuklugu-4-3\\\/#primaryimage\"},\"thumbnailUrl\":\"https:\\\/\\\/memurunsesi.net\\\/wp-content\\\/uploads\\\/2025\\\/07\\\/AW488931_01.jpg\",\"datePublished\":\"2025-07-02T11:35:41+00:00\",\"breadcrumb\":{\"@id\":\"https:\\\/\\\/memurunsesi.net\\\/index.php\\\/2025\\\/07\\\/02\\\/bursa-bir-kez-daha-sallandi-buyuklugu-4-3\\\/#breadcrumb\"},\"inLanguage\":\"tr\",\"potentialAction\":[{\"@type\":\"ReadAction\",\"target\":[\"https:\\\/\\\/memurunsesi.net\\\/index.php\\\/2025\\\/07\\\/02\\\/bursa-bir-kez-daha-sallandi-buyuklugu-4-3\\\/\"]}]},{\"@type\":\"ImageObject\",\"inLanguage\":\"tr\",\"@id\":\"https:\\\/\\\/memurunsesi.net\\\/index.php\\\/2025\\\/07\\\/02\\\/bursa-bir-kez-daha-sallandi-buyuklugu-4-3\\\/#primaryimage\",\"url\":\"https:\\\/\\\/memurunsesi.net\\\/wp-content\\\/uploads\\\/2025\\\/07\\\/AW488931_01.jpg\",\"contentUrl\":\"https:\\\/\\\/memurunsesi.net\\\/wp-content\\\/uploads\\\/2025\\\/07\\\/AW488931_01.jpg\",\"width\":2000,\"height\":1126,\"caption\":\"SARSINTI ORHANGAZ\u0130'DE DE PAN\u0130\u011eE YOL A\u00c7TI (HUR\u015e\u0130T TOPAL\\\/BURSA-\u0130HA) Bursa'n\u0131n Gemlik il\u00e7esinde 4.3 b\u00fcy\u00fckl\u00fc\u011f\u00fcnde bir deprem meydana geldi. Bursa Valili\u011fi, herhangi bir olumsuz durum tespit edilmedi\u011fini duyurdu.\"},{\"@type\":\"BreadcrumbList\",\"@id\":\"https:\\\/\\\/memurunsesi.net\\\/index.php\\\/2025\\\/07\\\/02\\\/bursa-bir-kez-daha-sallandi-buyuklugu-4-3\\\/#breadcrumb\",\"itemListElement\":[{\"@type\":\"ListItem\",\"position\":1,\"name\":\"Anasayfa\",\"item\":\"https:\\\/\\\/memurunsesi.net\\\/\"},{\"@type\":\"ListItem\",\"position\":2,\"name\":\"Bursa bir kez daha salland\u0131: B\u00fcy\u00fckl\u00fc\u011f\u00fc 4.3\"}]},{\"@type\":\"WebSite\",\"@id\":\"https:\\\/\\\/memurunsesi.net\\\/#website\",\"url\":\"https:\\\/\\\/memurunsesi.net\\\/\",\"name\":\"Memurun Sesi\",\"description\":\"G\u00fcncel ve Do\u011fru Haber\",\"publisher\":{\"@id\":\"https:\\\/\\\/memurunsesi.net\\\/#organization\"},\"potentialAction\":[{\"@type\":\"SearchAction\",\"target\":{\"@type\":\"EntryPoint\",\"urlTemplate\":\"https:\\\/\\\/memurunsesi.net\\\/?s={search_term_string}\"},\"query-input\":{\"@type\":\"PropertyValueSpecification\",\"valueRequired\":true,\"valueName\":\"search_term_string\"}}],\"inLanguage\":\"tr\"},{\"@type\":\"Organization\",\"@id\":\"https:\\\/\\\/memurunsesi.net\\\/#organization\",\"name\":\"Memurun Sesi\",\"url\":\"https:\\\/\\\/memurunsesi.net\\\/\",\"logo\":{\"@type\":\"ImageObject\",\"inLanguage\":\"tr\",\"@id\":\"https:\\\/\\\/memurunsesi.net\\\/#\\\/schema\\\/logo\\\/image\\\/\",\"url\":\"https:\\\/\\\/memurunsesi.net\\\/wp-content\\\/uploads\\\/2025\\\/11\\\/cropped-MEMURUN-SESI.png\",\"contentUrl\":\"https:\\\/\\\/memurunsesi.net\\\/wp-content\\\/uploads\\\/2025\\\/11\\\/cropped-MEMURUN-SESI.png\",\"width\":238,\"height\":57,\"caption\":\"Memurun Sesi\"},\"image\":{\"@id\":\"https:\\\/\\\/memurunsesi.net\\\/#\\\/schema\\\/logo\\\/image\\\/\"},\"sameAs\":[\"https:\\\/\\\/www.facebook.com\\\/unipersen\\\/?locale=tr_TR\",\"https:\\\/\\\/x.com\\\/unipersen\"]},{\"@type\":\"Person\",\"@id\":\"https:\\\/\\\/memurunsesi.net\\\/#\\\/schema\\\/person\\\/f21c2d73b89f6ee1d80b0a1803e38587\",\"name\":\"Memurun Sesi Haber Merkezi\",\"image\":{\"@type\":\"ImageObject\",\"inLanguage\":\"tr\",\"@id\":\"https:\\\/\\\/secure.gravatar.com\\\/avatar\\\/6cf0505f452ee753f485014986fab09a434671d2b919ee76fc541025c5876a70?s=96&d=mm&r=g\",\"url\":\"https:\\\/\\\/secure.gravatar.com\\\/avatar\\\/6cf0505f452ee753f485014986fab09a434671d2b919ee76fc541025c5876a70?s=96&d=mm&r=g\",\"contentUrl\":\"https:\\\/\\\/secure.gravatar.com\\\/avatar\\\/6cf0505f452ee753f485014986fab09a434671d2b919ee76fc541025c5876a70?s=96&d=mm&r=g\",\"caption\":\"Memurun Sesi Haber Merkezi\"},\"sameAs\":[\"https:\\\/\\\/memurunsesi.net\"],\"url\":\"https:\\\/\\\/memurunsesi.net\\\/index.php\\\/author\\\/uniper\\\/\"}]}<\/script>\n<!-- \/ Yoast SEO plugin. -->","yoast_head_json":{"title":"Bursa bir kez daha salland\u0131: B\u00fcy\u00fckl\u00fc\u011f\u00fc 4.3 - Memurun Sesi","robots":{"index":"index","follow":"follow","max-snippet":"max-snippet:-1","max-image-preview":"max-image-preview:large","max-video-preview":"max-video-preview:-1"},"canonical":"https:\/\/memurunsesi.net\/index.php\/2025\/07\/02\/bursa-bir-kez-daha-sallandi-buyuklugu-4-3\/","og_locale":"tr_TR","og_type":"article","og_title":"Bursa bir kez daha salland\u0131: B\u00fcy\u00fckl\u00fc\u011f\u00fc 4.3 - Memurun Sesi","og_description":"&#8211; Gemlik merkezli sars\u0131nt\u0131 \u00e7evre il ve il\u00e7elerde de hissedildi Bursa&#8217;n\u0131n Gemlik il\u00e7esinde 4.3 b\u00fcy\u00fckl\u00fc\u011f\u00fcnde bir deprem meydana geldi. Bursa Valili\u011fi, herhangi bir olumsuz durum tespit edilmedi\u011fini duyurdu. AFAD Deprem Dairesi\u2019nden verilen bilgiye g\u00f6re, saat 13.57\u2019de Gemlik merkezli 4.3 b\u00fcy\u00fckl\u00fc\u011f\u00fcnde bir deprem kaydedildi. Sars\u0131nt\u0131n\u0131n 7.13 kilometre derinlikte oldu\u011fu belirtildi. Sars\u0131nt\u0131 \u00e7evre il ve il\u00e7elerde de [&hellip;]","og_url":"https:\/\/memurunsesi.net\/index.php\/2025\/07\/02\/bursa-bir-kez-daha-sallandi-buyuklugu-4-3\/","og_site_name":"Memurun Sesi","article_publisher":"https:\/\/www.facebook.com\/unipersen\/?locale=tr_TR","article_published_time":"2025-07-02T11:35:41+00:00","og_image":[{"width":2000,"height":1126,"url":"https:\/\/memurunsesi.net\/wp-content\/uploads\/2025\/07\/AW488931_01.jpg","type":"image\/jpeg"}],"author":"Memurun Sesi Haber Merkezi","twitter_card":"summary_large_image","twitter_creator":"@unipersen","twitter_site":"@unipersen","twitter_misc":{"Yazan:":"Memurun Sesi Haber Merkezi","Tahmini okuma s\u00fcresi":"1 dakika"},"schema":{"@context":"https:\/\/schema.org","@graph":[{"@type":"Article","@id":"https:\/\/memurunsesi.net\/index.php\/2025\/07\/02\/bursa-bir-kez-daha-sallandi-buyuklugu-4-3\/#article","isPartOf":{"@id":"https:\/\/memurunsesi.net\/index.php\/2025\/07\/02\/bursa-bir-kez-daha-sallandi-buyuklugu-4-3\/"},"author":{"name":"Memurun Sesi Haber Merkezi","@id":"https:\/\/memurunsesi.net\/#\/schema\/person\/f21c2d73b89f6ee1d80b0a1803e38587"},"headline":"Bursa bir kez daha salland\u0131: B\u00fcy\u00fckl\u00fc\u011f\u00fc 4.3","datePublished":"2025-07-02T11:35:41+00:00","mainEntityOfPage":{"@id":"https:\/\/memurunsesi.net\/index.php\/2025\/07\/02\/bursa-bir-kez-daha-sallandi-buyuklugu-4-3\/"},"wordCount":113,"commentCount":0,"publisher":{"@id":"https:\/\/memurunsesi.net\/#organization"},"image":{"@id":"https:\/\/memurunsesi.net\/index.php\/2025\/07\/02\/bursa-bir-kez-daha-sallandi-buyuklugu-4-3\/#primaryimage"},"thumbnailUrl":"https:\/\/memurunsesi.net\/wp-content\/uploads\/2025\/07\/AW488931_01.jpg","inLanguage":"tr","potentialAction":[{"@type":"CommentAction","name":"Comment","target":["https:\/\/memurunsesi.net\/index.php\/2025\/07\/02\/bursa-bir-kez-daha-sallandi-buyuklugu-4-3\/#respond"]}]},{"@type":"WebPage","@id":"https:\/\/memurunsesi.net\/index.php\/2025\/07\/02\/bursa-bir-kez-daha-sallandi-buyuklugu-4-3\/","url":"https:\/\/memurunsesi.net\/index.php\/2025\/07\/02\/bursa-bir-kez-daha-sallandi-buyuklugu-4-3\/","name":"Bursa bir kez daha salland\u0131: B\u00fcy\u00fckl\u00fc\u011f\u00fc 4.3 - Memurun Sesi","isPartOf":{"@id":"https:\/\/memurunsesi.net\/#website"},"primaryImageOfPage":{"@id":"https:\/\/memurunsesi.net\/index.php\/2025\/07\/02\/bursa-bir-kez-daha-sallandi-buyuklugu-4-3\/#primaryimage"},"image":{"@id":"https:\/\/memurunsesi.net\/index.php\/2025\/07\/02\/bursa-bir-kez-daha-sallandi-buyuklugu-4-3\/#primaryimage"},"thumbnailUrl":"https:\/\/memurunsesi.net\/wp-content\/uploads\/2025\/07\/AW488931_01.jpg","datePublished":"2025-07-02T11:35:41+00:00","breadcrumb":{"@id":"https:\/\/memurunsesi.net\/index.php\/2025\/07\/02\/bursa-bir-kez-daha-sallandi-buyuklugu-4-3\/#breadcrumb"},"inLanguage":"tr","potentialAction":[{"@type":"ReadAction","target":["https:\/\/memurunsesi.net\/index.php\/2025\/07\/02\/bursa-bir-kez-daha-sallandi-buyuklugu-4-3\/"]}]},{"@type":"ImageObject","inLanguage":"tr","@id":"https:\/\/memurunsesi.net\/index.php\/2025\/07\/02\/bursa-bir-kez-daha-sallandi-buyuklugu-4-3\/#primaryimage","url":"https:\/\/memurunsesi.net\/wp-content\/uploads\/2025\/07\/AW488931_01.jpg","contentUrl":"https:\/\/memurunsesi.net\/wp-content\/uploads\/2025\/07\/AW488931_01.jpg","width":2000,"height":1126,"caption":"SARSINTI ORHANGAZ\u0130'DE DE PAN\u0130\u011eE YOL A\u00c7TI (HUR\u015e\u0130T TOPAL\/BURSA-\u0130HA) Bursa'n\u0131n Gemlik il\u00e7esinde 4.3 b\u00fcy\u00fckl\u00fc\u011f\u00fcnde bir deprem meydana geldi. Bursa Valili\u011fi, herhangi bir olumsuz durum tespit edilmedi\u011fini duyurdu."},{"@type":"BreadcrumbList","@id":"https:\/\/memurunsesi.net\/index.php\/2025\/07\/02\/bursa-bir-kez-daha-sallandi-buyuklugu-4-3\/#breadcrumb","itemListElement":[{"@type":"ListItem","position":1,"name":"Anasayfa","item":"https:\/\/memurunsesi.net\/"},{"@type":"ListItem","position":2,"name":"Bursa bir kez daha salland\u0131: B\u00fcy\u00fckl\u00fc\u011f\u00fc 4.3"}]},{"@type":"WebSite","@id":"https:\/\/memurunsesi.net\/#website","url":"https:\/\/memurunsesi.net\/","name":"Memurun Sesi","description":"G\u00fcncel ve Do\u011fru Haber","publisher":{"@id":"https:\/\/memurunsesi.net\/#organization"},"potentialAction":[{"@type":"SearchAction","target":{"@type":"EntryPoint","urlTemplate":"https:\/\/memurunsesi.net\/?s={search_term_string}"},"query-input":{"@type":"PropertyValueSpecification","valueRequired":true,"valueName":"search_term_string"}}],"inLanguage":"tr"},{"@type":"Organization","@id":"https:\/\/memurunsesi.net\/#organization","name":"Memurun Sesi","url":"https:\/\/memurunsesi.net\/","logo":{"@type":"ImageObject","inLanguage":"tr","@id":"https:\/\/memurunsesi.net\/#\/schema\/logo\/image\/","url":"https:\/\/memurunsesi.net\/wp-content\/uploads\/2025\/11\/cropped-MEMURUN-SESI.png","contentUrl":"https:\/\/memurunsesi.net\/wp-content\/uploads\/2025\/11\/cropped-MEMURUN-SESI.png","width":238,"height":57,"caption":"Memurun Sesi"},"image":{"@id":"https:\/\/memurunsesi.net\/#\/schema\/logo\/image\/"},"sameAs":["https:\/\/www.facebook.com\/unipersen\/?locale=tr_TR","https:\/\/x.com\/unipersen"]},{"@type":"Person","@id":"https:\/\/memurunsesi.net\/#\/schema\/person\/f21c2d73b89f6ee1d80b0a1803e38587","name":"Memurun Sesi Haber Merkezi","image":{"@type":"ImageObject","inLanguage":"tr","@id":"https:\/\/secure.gravatar.com\/avatar\/6cf0505f452ee753f485014986fab09a434671d2b919ee76fc541025c5876a70?s=96&d=mm&r=g","url":"https:\/\/secure.gravatar.com\/avatar\/6cf0505f452ee753f485014986fab09a434671d2b919ee76fc541025c5876a70?s=96&d=mm&r=g","contentUrl":"https:\/\/secure.gravatar.com\/avatar\/6cf0505f452ee753f485014986fab09a434671d2b919ee76fc541025c5876a70?s=96&d=mm&r=g","caption":"Memurun Sesi Haber Merkezi"},"sameAs":["https:\/\/memurunsesi.net"],"url":"https:\/\/memurunsesi.net\/index.php\/author\/uniper\/"}]}},"_links":{"self":[{"href":"https:\/\/memurunsesi.net\/index.php\/wp-json\/wp\/v2\/posts\/8871","targetHints":{"allow":["GET"]}}],"collection":[{"href":"https:\/\/memurunsesi.net\/index.php\/wp-json\/wp\/v2\/posts"}],"about":[{"href":"https:\/\/memurunsesi.net\/index.php\/wp-json\/wp\/v2\/types\/post"}],"author":[{"embeddable":true,"href":"https:\/\/memurunsesi.net\/index.php\/wp-json\/wp\/v2\/users\/1"}],"replies":[{"embeddable":true,"href":"https:\/\/memurunsesi.net\/index.php\/wp-json\/wp\/v2\/comments?post=8871"}],"version-history":[{"count":1,"href":"https:\/\/memurunsesi.net\/index.php\/wp-json\/wp\/v2\/posts\/8871\/revisions"}],"predecessor-version":[{"id":8873,"href":"https:\/\/memurunsesi.net\/index.php\/wp-json\/wp\/v2\/posts\/8871\/revisions\/8873"}],"wp:featuredmedia":[{"embeddable":true,"href":"https:\/\/memurunsesi.net\/index.php\/wp-json\/wp\/v2\/media\/8872"}],"wp:attachment":[{"href":"https:\/\/memurunsesi.net\/index.php\/wp-json\/wp\/v2\/media?parent=8871"}],"wp:term":[{"taxonomy":"category","embeddable":true,"href":"https:\/\/memurunsesi.net\/index.php\/wp-json\/wp\/v2\/categories?post=8871"},{"taxonomy":"post_tag","embeddable":true,"href":"https:\/\/memurunsesi.net\/index.php\/wp-json\/wp\/v2\/tags?post=8871"}],"curies":[{"name":"wp","href":"https:\/\/api.w.org\/{rel}","templated":true}]}}