{"id":8874,"date":"2025-07-02T14:36:58","date_gmt":"2025-07-02T11:36:58","guid":{"rendered":"https:\/\/memurunsesi.net\/?p=8874"},"modified":"2025-07-02T14:36:58","modified_gmt":"2025-07-02T11:36:58","slug":"tarihe-isik-tutan-eserler-ilk-kez-ziyarete-acildi","status":"publish","type":"post","link":"https:\/\/memurunsesi.net\/index.php\/2025\/07\/02\/tarihe-isik-tutan-eserler-ilk-kez-ziyarete-acildi\/","title":{"rendered":"Tarihe \u0131\u015f\u0131k tutan eserler ilk kez ziyarete a\u00e7\u0131ld\u0131"},"content":{"rendered":"<p>   Bolu&#8217;da yap\u0131lan kaz\u0131larda bulunan tarihi eserler, &#8220;Kalkhedon&#8217;dan Klaudiopolis&#8217;e&#8221; adl\u0131 sergide ilk kez ziyarete a\u00e7\u0131ld\u0131.<br \/>\nK\u00fclt\u00fcr ve Turizm Bakanl\u0131\u011f\u0131 K\u00fclt\u00fcr Varl\u0131klar\u0131 ve M\u00fczeler Genel M\u00fcd\u00fcrl\u00fc\u011f\u00fc taraf\u0131ndan &#8220;Cumhuriyetimizin 102. Y\u0131l\u0131nda 102 S\u00fcreli Sergi Projesi&#8221; hayata ge\u00e7irildi. T\u00fcrkiye genelinde 102 sergi d\u00fczenlenmesi hedeflenen proje \u00e7er\u00e7evesinde Bolu&#8217;daki m\u00fczede de &#8220;Kalkhedon&#8217;dan Klaudiopolis&#8217;e&#8221; adl\u0131 sergi a\u00e7\u0131ld\u0131. Bitinya b\u00f6lgesinin do\u011fusundaki Kalkhedon&#8217;dan (g\u00fcn\u00fcm\u00fczde Kad\u0131k\u00f6y) ba\u015flay\u0131p, bat\u0131s\u0131ndaki Klaudiopolis&#8217;e (bug\u00fcnk\u00fc Bolu) kadar uzanan antik hatt\u0131 konu alan sergide 30 Kalkhedon sikkesi ve 17 ta\u015f eser yer ald\u0131. Toplamda 47 eserin sergilendi\u011fi m\u00fczede daha \u00f6nce g\u00f6sterilmemi\u015f eserler ilk kez yer ald\u0131. Serginin a\u00e7\u0131l\u0131\u015f\u0131n\u0131 Bolu \u0130l K\u00fclt\u00fcr ve Turizm M\u00fcd\u00fcr\u00fc \u0130brahim Emre G\u00fcrsoy, Bolu M\u00fcze M\u00fcd\u00fcr\u00fc At\u0131lgan Kaya ve davetliler ger\u00e7ekle\u015ftirdi. A\u00e7\u0131l\u0131\u015f\u0131n ard\u0131ndan ziyaret\u00e7iler, Arkeolog \u00dcmit Karata\u015f&#8217;\u0131n anlat\u0131m\u0131yla sergilenen eserleri inceledi.<br \/>\n  Eserleri halk\u0131n be\u011fenisine sunduklar\u0131n\u0131 belirten M\u00fcze M\u00fcd\u00fcr\u00fc At\u0131lgan Kaya, &#8220;Cumhuriyet&#8217;imizin 102. y\u0131l\u0131nda K\u00fclt\u00fcr ve Turizm Bakanl\u0131\u011f\u0131m\u0131z koordinasyonunda 102 S\u00fcreli Sergi Projesi kapsam\u0131nda 53&#8217;\u00fcnc\u00fcs\u00fc d\u00fczenlenen sergiyle beraberiz. Bug\u00fcn Bolu M\u00fcze M\u00fcd\u00fcrl\u00fc\u011f\u00fc envanterine kay\u0131tl\u0131 30 Kalkhedon sikkesi ve 17 ta\u015f eserden olu\u015fan bir sergiyi burada a\u00e7t\u0131k. Bitinya b\u00f6lgesinin ba\u015flang\u0131c\u0131 olan Kalkhedon&#8217;dan biti\u015fi olan Klaudiopolis&#8217;e uzanan hattaki eserlerden olu\u015fan sergidir buras\u0131. Biz burada bu sergiyi a\u00e7arak bakanl\u0131\u011f\u0131m\u0131z b\u00fcnyesindeki 53. sergi olarak g\u00fcn y\u00fcz\u00fcne \u00e7\u0131karm\u0131\u015f bulunmaktay\u0131z. Bu eserler ilk defa sergiye \u00e7\u0131kar\u0131lm\u0131\u015ft\u0131r ve halk\u0131m\u0131z\u0131n be\u011fenisine sunulmu\u015ftur&#8221; dedi.<br \/>\n  Sergi, 2 Ekim tarihine kadar Bolu M\u00fczesi&#8217;nde ziyaret edilebilecek. <\/p>\n<p>2.07.2025                             <\/p>\n","protected":false},"excerpt":{"rendered":"<p>Bolu&#8217;da yap\u0131lan kaz\u0131larda bulunan tarihi eserler, &#8220;Kalkhedon&#8217;dan Klaudiopolis&#8217;e&#8221; adl\u0131 sergide ilk kez ziyarete a\u00e7\u0131ld\u0131. K\u00fclt\u00fcr ve Turizm Bakanl\u0131\u011f\u0131 K\u00fclt\u00fcr Varl\u0131klar\u0131 ve M\u00fczeler Genel M\u00fcd\u00fcrl\u00fc\u011f\u00fc taraf\u0131ndan &#8220;Cumhuriyetimizin 102. Y\u0131l\u0131nda 102 S\u00fcreli Sergi Projesi&#8221; hayata ge\u00e7irildi. T\u00fcrkiye genelinde 102 sergi d\u00fczenlenmesi hedeflenen proje \u00e7er\u00e7evesinde Bolu&#8217;daki m\u00fczede de &#8220;Kalkhedon&#8217;dan Klaudiopolis&#8217;e&#8221; adl\u0131 sergi a\u00e7\u0131ld\u0131. Bitinya b\u00f6lgesinin do\u011fusundaki Kalkhedon&#8217;dan (g\u00fcn\u00fcm\u00fczde [&hellip;]<\/p>\n","protected":false},"author":1,"featured_media":8875,"comment_status":"open","ping_status":"open","sticky":false,"template":"","format":"standard","meta":{"footnotes":""},"categories":[1],"tags":[],"class_list":["post-8874","post","type-post","status-publish","format-standard","has-post-thumbnail","hentry","category-genel"],"yoast_head":"<!-- This site is optimized with the Yoast SEO plugin v27.4 - https:\/\/yoast.com\/product\/yoast-seo-wordpress\/ -->\n<title>Tarihe \u0131\u015f\u0131k tutan eserler ilk kez ziyarete a\u00e7\u0131ld\u0131 - Memurun Sesi<\/title>\n<meta name=\"robots\" content=\"index, follow, max-snippet:-1, max-image-preview:large, max-video-preview:-1\" \/>\n<link rel=\"canonical\" href=\"https:\/\/memurunsesi.net\/index.php\/2025\/07\/02\/tarihe-isik-tutan-eserler-ilk-kez-ziyarete-acildi\/\" \/>\n<meta property=\"og:locale\" content=\"tr_TR\" \/>\n<meta property=\"og:type\" content=\"article\" \/>\n<meta property=\"og:title\" content=\"Tarihe \u0131\u015f\u0131k tutan eserler ilk kez ziyarete a\u00e7\u0131ld\u0131 - Memurun Sesi\" \/>\n<meta property=\"og:description\" content=\"Bolu&#8217;da yap\u0131lan kaz\u0131larda bulunan tarihi eserler, &#8220;Kalkhedon&#8217;dan Klaudiopolis&#8217;e&#8221; adl\u0131 sergide ilk kez ziyarete a\u00e7\u0131ld\u0131. K\u00fclt\u00fcr ve Turizm Bakanl\u0131\u011f\u0131 K\u00fclt\u00fcr Varl\u0131klar\u0131 ve M\u00fczeler Genel M\u00fcd\u00fcrl\u00fc\u011f\u00fc taraf\u0131ndan &#8220;Cumhuriyetimizin 102. Y\u0131l\u0131nda 102 S\u00fcreli Sergi Projesi&#8221; hayata ge\u00e7irildi. T\u00fcrkiye genelinde 102 sergi d\u00fczenlenmesi hedeflenen proje \u00e7er\u00e7evesinde Bolu&#8217;daki m\u00fczede de &#8220;Kalkhedon&#8217;dan Klaudiopolis&#8217;e&#8221; adl\u0131 sergi a\u00e7\u0131ld\u0131. Bitinya b\u00f6lgesinin do\u011fusundaki Kalkhedon&#8217;dan (g\u00fcn\u00fcm\u00fczde [&hellip;]\" \/>\n<meta property=\"og:url\" content=\"https:\/\/memurunsesi.net\/index.php\/2025\/07\/02\/tarihe-isik-tutan-eserler-ilk-kez-ziyarete-acildi\/\" \/>\n<meta property=\"og:site_name\" content=\"Memurun Sesi\" \/>\n<meta property=\"article:publisher\" content=\"https:\/\/www.facebook.com\/unipersen\/?locale=tr_TR\" \/>\n<meta property=\"article:published_time\" content=\"2025-07-02T11:36:58+00:00\" \/>\n<meta property=\"og:image\" content=\"https:\/\/memurunsesi.net\/wp-content\/uploads\/2025\/07\/AW488930_01-scaled.jpg\" \/>\n\t<meta property=\"og:image:width\" content=\"2560\" \/>\n\t<meta property=\"og:image:height\" content=\"1707\" \/>\n\t<meta property=\"og:image:type\" content=\"image\/jpeg\" \/>\n<meta name=\"author\" content=\"Memurun Sesi Haber Merkezi\" \/>\n<meta name=\"twitter:card\" content=\"summary_large_image\" \/>\n<meta name=\"twitter:creator\" content=\"@unipersen\" \/>\n<meta name=\"twitter:site\" content=\"@unipersen\" \/>\n<meta name=\"twitter:label1\" content=\"Yazan:\" \/>\n\t<meta name=\"twitter:data1\" content=\"Memurun Sesi Haber Merkezi\" \/>\n\t<meta name=\"twitter:label2\" content=\"Tahmini okuma s\u00fcresi\" \/>\n\t<meta name=\"twitter:data2\" content=\"1 dakika\" \/>\n<script type=\"application\/ld+json\" class=\"yoast-schema-graph\">{\"@context\":\"https:\\\/\\\/schema.org\",\"@graph\":[{\"@type\":\"Article\",\"@id\":\"https:\\\/\\\/memurunsesi.net\\\/index.php\\\/2025\\\/07\\\/02\\\/tarihe-isik-tutan-eserler-ilk-kez-ziyarete-acildi\\\/#article\",\"isPartOf\":{\"@id\":\"https:\\\/\\\/memurunsesi.net\\\/index.php\\\/2025\\\/07\\\/02\\\/tarihe-isik-tutan-eserler-ilk-kez-ziyarete-acildi\\\/\"},\"author\":{\"name\":\"Memurun Sesi Haber Merkezi\",\"@id\":\"https:\\\/\\\/memurunsesi.net\\\/#\\\/schema\\\/person\\\/f21c2d73b89f6ee1d80b0a1803e38587\"},\"headline\":\"Tarihe \u0131\u015f\u0131k tutan eserler ilk kez ziyarete a\u00e7\u0131ld\u0131\",\"datePublished\":\"2025-07-02T11:36:58+00:00\",\"mainEntityOfPage\":{\"@id\":\"https:\\\/\\\/memurunsesi.net\\\/index.php\\\/2025\\\/07\\\/02\\\/tarihe-isik-tutan-eserler-ilk-kez-ziyarete-acildi\\\/\"},\"wordCount\":323,\"commentCount\":0,\"publisher\":{\"@id\":\"https:\\\/\\\/memurunsesi.net\\\/#organization\"},\"image\":{\"@id\":\"https:\\\/\\\/memurunsesi.net\\\/index.php\\\/2025\\\/07\\\/02\\\/tarihe-isik-tutan-eserler-ilk-kez-ziyarete-acildi\\\/#primaryimage\"},\"thumbnailUrl\":\"https:\\\/\\\/memurunsesi.net\\\/wp-content\\\/uploads\\\/2025\\\/07\\\/AW488930_01-scaled.jpg\",\"inLanguage\":\"tr\",\"potentialAction\":[{\"@type\":\"CommentAction\",\"name\":\"Comment\",\"target\":[\"https:\\\/\\\/memurunsesi.net\\\/index.php\\\/2025\\\/07\\\/02\\\/tarihe-isik-tutan-eserler-ilk-kez-ziyarete-acildi\\\/#respond\"]}]},{\"@type\":\"WebPage\",\"@id\":\"https:\\\/\\\/memurunsesi.net\\\/index.php\\\/2025\\\/07\\\/02\\\/tarihe-isik-tutan-eserler-ilk-kez-ziyarete-acildi\\\/\",\"url\":\"https:\\\/\\\/memurunsesi.net\\\/index.php\\\/2025\\\/07\\\/02\\\/tarihe-isik-tutan-eserler-ilk-kez-ziyarete-acildi\\\/\",\"name\":\"Tarihe \u0131\u015f\u0131k tutan eserler ilk kez ziyarete a\u00e7\u0131ld\u0131 - Memurun Sesi\",\"isPartOf\":{\"@id\":\"https:\\\/\\\/memurunsesi.net\\\/#website\"},\"primaryImageOfPage\":{\"@id\":\"https:\\\/\\\/memurunsesi.net\\\/index.php\\\/2025\\\/07\\\/02\\\/tarihe-isik-tutan-eserler-ilk-kez-ziyarete-acildi\\\/#primaryimage\"},\"image\":{\"@id\":\"https:\\\/\\\/memurunsesi.net\\\/index.php\\\/2025\\\/07\\\/02\\\/tarihe-isik-tutan-eserler-ilk-kez-ziyarete-acildi\\\/#primaryimage\"},\"thumbnailUrl\":\"https:\\\/\\\/memurunsesi.net\\\/wp-content\\\/uploads\\\/2025\\\/07\\\/AW488930_01-scaled.jpg\",\"datePublished\":\"2025-07-02T11:36:58+00:00\",\"breadcrumb\":{\"@id\":\"https:\\\/\\\/memurunsesi.net\\\/index.php\\\/2025\\\/07\\\/02\\\/tarihe-isik-tutan-eserler-ilk-kez-ziyarete-acildi\\\/#breadcrumb\"},\"inLanguage\":\"tr\",\"potentialAction\":[{\"@type\":\"ReadAction\",\"target\":[\"https:\\\/\\\/memurunsesi.net\\\/index.php\\\/2025\\\/07\\\/02\\\/tarihe-isik-tutan-eserler-ilk-kez-ziyarete-acildi\\\/\"]}]},{\"@type\":\"ImageObject\",\"inLanguage\":\"tr\",\"@id\":\"https:\\\/\\\/memurunsesi.net\\\/index.php\\\/2025\\\/07\\\/02\\\/tarihe-isik-tutan-eserler-ilk-kez-ziyarete-acildi\\\/#primaryimage\",\"url\":\"https:\\\/\\\/memurunsesi.net\\\/wp-content\\\/uploads\\\/2025\\\/07\\\/AW488930_01-scaled.jpg\",\"contentUrl\":\"https:\\\/\\\/memurunsesi.net\\\/wp-content\\\/uploads\\\/2025\\\/07\\\/AW488930_01-scaled.jpg\",\"width\":2560,\"height\":1707,\"caption\":\"BOLU'DA BULUNAN VE DAHA \u0130LK KEZ G\u00d6STER\u0130ME \u00c7IKARILAN TAR\u0130H\u0130 ESERLER, \\\"KALKHEDON'DAN KLAUD\u0130OPOL\u0130S'E\\\" SERG\u0130S\u0130 KAPSAMINDA Z\u0130YARETE A\u00c7ILDI. (EMRAH SA\u011eIT\\\/BOLU-\u0130HA) Bolu'da yap\u0131lan kaz\u0131larda bulunan tarihi eserler, \\\"Kalkhedon'dan Klaudiopolis'e\\\" adl\u0131 sergide ilk kez ziyarete a\u00e7\u0131ld\u0131.\"},{\"@type\":\"BreadcrumbList\",\"@id\":\"https:\\\/\\\/memurunsesi.net\\\/index.php\\\/2025\\\/07\\\/02\\\/tarihe-isik-tutan-eserler-ilk-kez-ziyarete-acildi\\\/#breadcrumb\",\"itemListElement\":[{\"@type\":\"ListItem\",\"position\":1,\"name\":\"Anasayfa\",\"item\":\"https:\\\/\\\/memurunsesi.net\\\/\"},{\"@type\":\"ListItem\",\"position\":2,\"name\":\"Tarihe \u0131\u015f\u0131k tutan eserler ilk kez ziyarete a\u00e7\u0131ld\u0131\"}]},{\"@type\":\"WebSite\",\"@id\":\"https:\\\/\\\/memurunsesi.net\\\/#website\",\"url\":\"https:\\\/\\\/memurunsesi.net\\\/\",\"name\":\"Memurun Sesi\",\"description\":\"G\u00fcncel ve Do\u011fru Haber\",\"publisher\":{\"@id\":\"https:\\\/\\\/memurunsesi.net\\\/#organization\"},\"potentialAction\":[{\"@type\":\"SearchAction\",\"target\":{\"@type\":\"EntryPoint\",\"urlTemplate\":\"https:\\\/\\\/memurunsesi.net\\\/?s={search_term_string}\"},\"query-input\":{\"@type\":\"PropertyValueSpecification\",\"valueRequired\":true,\"valueName\":\"search_term_string\"}}],\"inLanguage\":\"tr\"},{\"@type\":\"Organization\",\"@id\":\"https:\\\/\\\/memurunsesi.net\\\/#organization\",\"name\":\"Memurun Sesi\",\"url\":\"https:\\\/\\\/memurunsesi.net\\\/\",\"logo\":{\"@type\":\"ImageObject\",\"inLanguage\":\"tr\",\"@id\":\"https:\\\/\\\/memurunsesi.net\\\/#\\\/schema\\\/logo\\\/image\\\/\",\"url\":\"https:\\\/\\\/memurunsesi.net\\\/wp-content\\\/uploads\\\/2025\\\/11\\\/cropped-MEMURUN-SESI.png\",\"contentUrl\":\"https:\\\/\\\/memurunsesi.net\\\/wp-content\\\/uploads\\\/2025\\\/11\\\/cropped-MEMURUN-SESI.png\",\"width\":238,\"height\":57,\"caption\":\"Memurun Sesi\"},\"image\":{\"@id\":\"https:\\\/\\\/memurunsesi.net\\\/#\\\/schema\\\/logo\\\/image\\\/\"},\"sameAs\":[\"https:\\\/\\\/www.facebook.com\\\/unipersen\\\/?locale=tr_TR\",\"https:\\\/\\\/x.com\\\/unipersen\"]},{\"@type\":\"Person\",\"@id\":\"https:\\\/\\\/memurunsesi.net\\\/#\\\/schema\\\/person\\\/f21c2d73b89f6ee1d80b0a1803e38587\",\"name\":\"Memurun Sesi Haber Merkezi\",\"image\":{\"@type\":\"ImageObject\",\"inLanguage\":\"tr\",\"@id\":\"https:\\\/\\\/secure.gravatar.com\\\/avatar\\\/6cf0505f452ee753f485014986fab09a434671d2b919ee76fc541025c5876a70?s=96&d=mm&r=g\",\"url\":\"https:\\\/\\\/secure.gravatar.com\\\/avatar\\\/6cf0505f452ee753f485014986fab09a434671d2b919ee76fc541025c5876a70?s=96&d=mm&r=g\",\"contentUrl\":\"https:\\\/\\\/secure.gravatar.com\\\/avatar\\\/6cf0505f452ee753f485014986fab09a434671d2b919ee76fc541025c5876a70?s=96&d=mm&r=g\",\"caption\":\"Memurun Sesi Haber Merkezi\"},\"sameAs\":[\"https:\\\/\\\/memurunsesi.net\"],\"url\":\"https:\\\/\\\/memurunsesi.net\\\/index.php\\\/author\\\/uniper\\\/\"}]}<\/script>\n<!-- \/ Yoast SEO plugin. -->","yoast_head_json":{"title":"Tarihe \u0131\u015f\u0131k tutan eserler ilk kez ziyarete a\u00e7\u0131ld\u0131 - Memurun Sesi","robots":{"index":"index","follow":"follow","max-snippet":"max-snippet:-1","max-image-preview":"max-image-preview:large","max-video-preview":"max-video-preview:-1"},"canonical":"https:\/\/memurunsesi.net\/index.php\/2025\/07\/02\/tarihe-isik-tutan-eserler-ilk-kez-ziyarete-acildi\/","og_locale":"tr_TR","og_type":"article","og_title":"Tarihe \u0131\u015f\u0131k tutan eserler ilk kez ziyarete a\u00e7\u0131ld\u0131 - Memurun Sesi","og_description":"Bolu&#8217;da yap\u0131lan kaz\u0131larda bulunan tarihi eserler, &#8220;Kalkhedon&#8217;dan Klaudiopolis&#8217;e&#8221; adl\u0131 sergide ilk kez ziyarete a\u00e7\u0131ld\u0131. K\u00fclt\u00fcr ve Turizm Bakanl\u0131\u011f\u0131 K\u00fclt\u00fcr Varl\u0131klar\u0131 ve M\u00fczeler Genel M\u00fcd\u00fcrl\u00fc\u011f\u00fc taraf\u0131ndan &#8220;Cumhuriyetimizin 102. Y\u0131l\u0131nda 102 S\u00fcreli Sergi Projesi&#8221; hayata ge\u00e7irildi. T\u00fcrkiye genelinde 102 sergi d\u00fczenlenmesi hedeflenen proje \u00e7er\u00e7evesinde Bolu&#8217;daki m\u00fczede de &#8220;Kalkhedon&#8217;dan Klaudiopolis&#8217;e&#8221; adl\u0131 sergi a\u00e7\u0131ld\u0131. Bitinya b\u00f6lgesinin do\u011fusundaki Kalkhedon&#8217;dan (g\u00fcn\u00fcm\u00fczde [&hellip;]","og_url":"https:\/\/memurunsesi.net\/index.php\/2025\/07\/02\/tarihe-isik-tutan-eserler-ilk-kez-ziyarete-acildi\/","og_site_name":"Memurun Sesi","article_publisher":"https:\/\/www.facebook.com\/unipersen\/?locale=tr_TR","article_published_time":"2025-07-02T11:36:58+00:00","og_image":[{"width":2560,"height":1707,"url":"https:\/\/memurunsesi.net\/wp-content\/uploads\/2025\/07\/AW488930_01-scaled.jpg","type":"image\/jpeg"}],"author":"Memurun Sesi Haber Merkezi","twitter_card":"summary_large_image","twitter_creator":"@unipersen","twitter_site":"@unipersen","twitter_misc":{"Yazan:":"Memurun Sesi Haber Merkezi","Tahmini okuma s\u00fcresi":"1 dakika"},"schema":{"@context":"https:\/\/schema.org","@graph":[{"@type":"Article","@id":"https:\/\/memurunsesi.net\/index.php\/2025\/07\/02\/tarihe-isik-tutan-eserler-ilk-kez-ziyarete-acildi\/#article","isPartOf":{"@id":"https:\/\/memurunsesi.net\/index.php\/2025\/07\/02\/tarihe-isik-tutan-eserler-ilk-kez-ziyarete-acildi\/"},"author":{"name":"Memurun Sesi Haber Merkezi","@id":"https:\/\/memurunsesi.net\/#\/schema\/person\/f21c2d73b89f6ee1d80b0a1803e38587"},"headline":"Tarihe \u0131\u015f\u0131k tutan eserler ilk kez ziyarete a\u00e7\u0131ld\u0131","datePublished":"2025-07-02T11:36:58+00:00","mainEntityOfPage":{"@id":"https:\/\/memurunsesi.net\/index.php\/2025\/07\/02\/tarihe-isik-tutan-eserler-ilk-kez-ziyarete-acildi\/"},"wordCount":323,"commentCount":0,"publisher":{"@id":"https:\/\/memurunsesi.net\/#organization"},"image":{"@id":"https:\/\/memurunsesi.net\/index.php\/2025\/07\/02\/tarihe-isik-tutan-eserler-ilk-kez-ziyarete-acildi\/#primaryimage"},"thumbnailUrl":"https:\/\/memurunsesi.net\/wp-content\/uploads\/2025\/07\/AW488930_01-scaled.jpg","inLanguage":"tr","potentialAction":[{"@type":"CommentAction","name":"Comment","target":["https:\/\/memurunsesi.net\/index.php\/2025\/07\/02\/tarihe-isik-tutan-eserler-ilk-kez-ziyarete-acildi\/#respond"]}]},{"@type":"WebPage","@id":"https:\/\/memurunsesi.net\/index.php\/2025\/07\/02\/tarihe-isik-tutan-eserler-ilk-kez-ziyarete-acildi\/","url":"https:\/\/memurunsesi.net\/index.php\/2025\/07\/02\/tarihe-isik-tutan-eserler-ilk-kez-ziyarete-acildi\/","name":"Tarihe \u0131\u015f\u0131k tutan eserler ilk kez ziyarete a\u00e7\u0131ld\u0131 - Memurun Sesi","isPartOf":{"@id":"https:\/\/memurunsesi.net\/#website"},"primaryImageOfPage":{"@id":"https:\/\/memurunsesi.net\/index.php\/2025\/07\/02\/tarihe-isik-tutan-eserler-ilk-kez-ziyarete-acildi\/#primaryimage"},"image":{"@id":"https:\/\/memurunsesi.net\/index.php\/2025\/07\/02\/tarihe-isik-tutan-eserler-ilk-kez-ziyarete-acildi\/#primaryimage"},"thumbnailUrl":"https:\/\/memurunsesi.net\/wp-content\/uploads\/2025\/07\/AW488930_01-scaled.jpg","datePublished":"2025-07-02T11:36:58+00:00","breadcrumb":{"@id":"https:\/\/memurunsesi.net\/index.php\/2025\/07\/02\/tarihe-isik-tutan-eserler-ilk-kez-ziyarete-acildi\/#breadcrumb"},"inLanguage":"tr","potentialAction":[{"@type":"ReadAction","target":["https:\/\/memurunsesi.net\/index.php\/2025\/07\/02\/tarihe-isik-tutan-eserler-ilk-kez-ziyarete-acildi\/"]}]},{"@type":"ImageObject","inLanguage":"tr","@id":"https:\/\/memurunsesi.net\/index.php\/2025\/07\/02\/tarihe-isik-tutan-eserler-ilk-kez-ziyarete-acildi\/#primaryimage","url":"https:\/\/memurunsesi.net\/wp-content\/uploads\/2025\/07\/AW488930_01-scaled.jpg","contentUrl":"https:\/\/memurunsesi.net\/wp-content\/uploads\/2025\/07\/AW488930_01-scaled.jpg","width":2560,"height":1707,"caption":"BOLU'DA BULUNAN VE DAHA \u0130LK KEZ G\u00d6STER\u0130ME \u00c7IKARILAN TAR\u0130H\u0130 ESERLER, \"KALKHEDON'DAN KLAUD\u0130OPOL\u0130S'E\" SERG\u0130S\u0130 KAPSAMINDA Z\u0130YARETE A\u00c7ILDI. (EMRAH SA\u011eIT\/BOLU-\u0130HA) Bolu'da yap\u0131lan kaz\u0131larda bulunan tarihi eserler, \"Kalkhedon'dan Klaudiopolis'e\" adl\u0131 sergide ilk kez ziyarete a\u00e7\u0131ld\u0131."},{"@type":"BreadcrumbList","@id":"https:\/\/memurunsesi.net\/index.php\/2025\/07\/02\/tarihe-isik-tutan-eserler-ilk-kez-ziyarete-acildi\/#breadcrumb","itemListElement":[{"@type":"ListItem","position":1,"name":"Anasayfa","item":"https:\/\/memurunsesi.net\/"},{"@type":"ListItem","position":2,"name":"Tarihe \u0131\u015f\u0131k tutan eserler ilk kez ziyarete a\u00e7\u0131ld\u0131"}]},{"@type":"WebSite","@id":"https:\/\/memurunsesi.net\/#website","url":"https:\/\/memurunsesi.net\/","name":"Memurun Sesi","description":"G\u00fcncel ve Do\u011fru Haber","publisher":{"@id":"https:\/\/memurunsesi.net\/#organization"},"potentialAction":[{"@type":"SearchAction","target":{"@type":"EntryPoint","urlTemplate":"https:\/\/memurunsesi.net\/?s={search_term_string}"},"query-input":{"@type":"PropertyValueSpecification","valueRequired":true,"valueName":"search_term_string"}}],"inLanguage":"tr"},{"@type":"Organization","@id":"https:\/\/memurunsesi.net\/#organization","name":"Memurun Sesi","url":"https:\/\/memurunsesi.net\/","logo":{"@type":"ImageObject","inLanguage":"tr","@id":"https:\/\/memurunsesi.net\/#\/schema\/logo\/image\/","url":"https:\/\/memurunsesi.net\/wp-content\/uploads\/2025\/11\/cropped-MEMURUN-SESI.png","contentUrl":"https:\/\/memurunsesi.net\/wp-content\/uploads\/2025\/11\/cropped-MEMURUN-SESI.png","width":238,"height":57,"caption":"Memurun Sesi"},"image":{"@id":"https:\/\/memurunsesi.net\/#\/schema\/logo\/image\/"},"sameAs":["https:\/\/www.facebook.com\/unipersen\/?locale=tr_TR","https:\/\/x.com\/unipersen"]},{"@type":"Person","@id":"https:\/\/memurunsesi.net\/#\/schema\/person\/f21c2d73b89f6ee1d80b0a1803e38587","name":"Memurun Sesi Haber Merkezi","image":{"@type":"ImageObject","inLanguage":"tr","@id":"https:\/\/secure.gravatar.com\/avatar\/6cf0505f452ee753f485014986fab09a434671d2b919ee76fc541025c5876a70?s=96&d=mm&r=g","url":"https:\/\/secure.gravatar.com\/avatar\/6cf0505f452ee753f485014986fab09a434671d2b919ee76fc541025c5876a70?s=96&d=mm&r=g","contentUrl":"https:\/\/secure.gravatar.com\/avatar\/6cf0505f452ee753f485014986fab09a434671d2b919ee76fc541025c5876a70?s=96&d=mm&r=g","caption":"Memurun Sesi Haber Merkezi"},"sameAs":["https:\/\/memurunsesi.net"],"url":"https:\/\/memurunsesi.net\/index.php\/author\/uniper\/"}]}},"_links":{"self":[{"href":"https:\/\/memurunsesi.net\/index.php\/wp-json\/wp\/v2\/posts\/8874","targetHints":{"allow":["GET"]}}],"collection":[{"href":"https:\/\/memurunsesi.net\/index.php\/wp-json\/wp\/v2\/posts"}],"about":[{"href":"https:\/\/memurunsesi.net\/index.php\/wp-json\/wp\/v2\/types\/post"}],"author":[{"embeddable":true,"href":"https:\/\/memurunsesi.net\/index.php\/wp-json\/wp\/v2\/users\/1"}],"replies":[{"embeddable":true,"href":"https:\/\/memurunsesi.net\/index.php\/wp-json\/wp\/v2\/comments?post=8874"}],"version-history":[{"count":1,"href":"https:\/\/memurunsesi.net\/index.php\/wp-json\/wp\/v2\/posts\/8874\/revisions"}],"predecessor-version":[{"id":8876,"href":"https:\/\/memurunsesi.net\/index.php\/wp-json\/wp\/v2\/posts\/8874\/revisions\/8876"}],"wp:featuredmedia":[{"embeddable":true,"href":"https:\/\/memurunsesi.net\/index.php\/wp-json\/wp\/v2\/media\/8875"}],"wp:attachment":[{"href":"https:\/\/memurunsesi.net\/index.php\/wp-json\/wp\/v2\/media?parent=8874"}],"wp:term":[{"taxonomy":"category","embeddable":true,"href":"https:\/\/memurunsesi.net\/index.php\/wp-json\/wp\/v2\/categories?post=8874"},{"taxonomy":"post_tag","embeddable":true,"href":"https:\/\/memurunsesi.net\/index.php\/wp-json\/wp\/v2\/tags?post=8874"}],"curies":[{"name":"wp","href":"https:\/\/api.w.org\/{rel}","templated":true}]}}