{"id":8877,"date":"2025-07-02T14:39:04","date_gmt":"2025-07-02T11:39:04","guid":{"rendered":"https:\/\/memurunsesi.net\/?p=8877"},"modified":"2025-07-02T14:39:04","modified_gmt":"2025-07-02T11:39:04","slug":"tirin-carptigi-2-yasindaki-kiz-cocugu-hayatini-kaybetti","status":"publish","type":"post","link":"https:\/\/memurunsesi.net\/index.php\/2025\/07\/02\/tirin-carptigi-2-yasindaki-kiz-cocugu-hayatini-kaybetti\/","title":{"rendered":"T\u0131r\u0131n \u00e7arpt\u0131\u011f\u0131 2 ya\u015f\u0131ndaki k\u0131z \u00e7ocu\u011fu hayat\u0131n\u0131 kaybetti"},"content":{"rendered":"<p>   \u015e\u0131rnak&#8217;\u0131n Silopi il\u00e7esinde meydana gelen feci kazada, k\u00fc\u00e7\u00fck \u00e7ocuk hayat\u0131n\u0131 kaybetti.<br \/>\nEdinilen bilgilere g\u00f6re olay, ak\u015fam saatlerinde 28&#8217;inci Cadde ile 70&#8217;inci Cadde kesi\u015fiminde ya\u015fand\u0131. Ha\u015fim S. y\u00f6netimindeki t\u0131r, 2 ya\u015f\u0131ndaki S.T.&#8217;ye \u00e7arpt\u0131. \u00c7arpman\u0131n etkisiyle a\u011f\u0131r yaralanan minik k\u0131z, olay yerinde yap\u0131lan ilk m\u00fcdahalenin ard\u0131ndan hastaneye kald\u0131r\u0131ld\u0131. Ancak t\u00fcm \u00e7abalara ra\u011fmen kurtar\u0131lamad\u0131.<br \/>\n  Kazan\u0131n ard\u0131ndan t\u0131r \u015fof\u00f6r\u00fc Ha\u015fim S., polis taraf\u0131ndan g\u00f6zalt\u0131na al\u0131nd\u0131. \u015eof\u00f6r\u00fcn emniyetteki ifadesinin ard\u0131ndan adliyeye sevk edilece\u011fi belirtildi.<br \/>\n  Minik k\u0131z\u0131n cans\u0131z bedeni, yap\u0131lan otopsinin ard\u0131ndan ailesi taraf\u0131ndan teslim al\u0131narak Ofis Mezarl\u0131\u011f\u0131&#8217;nda g\u00f6zya\u015flar\u0131 aras\u0131nda topra\u011fa verildi. <\/p>\n<p>2.07.2025                                <\/p>\n","protected":false},"excerpt":{"rendered":"<p>\u015e\u0131rnak&#8217;\u0131n Silopi il\u00e7esinde meydana gelen feci kazada, k\u00fc\u00e7\u00fck \u00e7ocuk hayat\u0131n\u0131 kaybetti. Edinilen bilgilere g\u00f6re olay, ak\u015fam saatlerinde 28&#8217;inci Cadde ile 70&#8217;inci Cadde kesi\u015fiminde ya\u015fand\u0131. Ha\u015fim S. y\u00f6netimindeki t\u0131r, 2 ya\u015f\u0131ndaki S.T.&#8217;ye \u00e7arpt\u0131. \u00c7arpman\u0131n etkisiyle a\u011f\u0131r yaralanan minik k\u0131z, olay yerinde yap\u0131lan ilk m\u00fcdahalenin ard\u0131ndan hastaneye kald\u0131r\u0131ld\u0131. Ancak t\u00fcm \u00e7abalara ra\u011fmen kurtar\u0131lamad\u0131. Kazan\u0131n ard\u0131ndan t\u0131r \u015fof\u00f6r\u00fc [&hellip;]<\/p>\n","protected":false},"author":1,"featured_media":8878,"comment_status":"open","ping_status":"open","sticky":false,"template":"","format":"standard","meta":{"footnotes":""},"categories":[1],"tags":[],"class_list":["post-8877","post","type-post","status-publish","format-standard","has-post-thumbnail","hentry","category-genel"],"yoast_head":"<!-- This site is optimized with the Yoast SEO plugin v27.4 - https:\/\/yoast.com\/product\/yoast-seo-wordpress\/ -->\n<title>T\u0131r\u0131n \u00e7arpt\u0131\u011f\u0131 2 ya\u015f\u0131ndaki k\u0131z \u00e7ocu\u011fu hayat\u0131n\u0131 kaybetti - Memurun Sesi<\/title>\n<meta name=\"robots\" content=\"index, follow, max-snippet:-1, max-image-preview:large, max-video-preview:-1\" \/>\n<link rel=\"canonical\" href=\"https:\/\/memurunsesi.net\/index.php\/2025\/07\/02\/tirin-carptigi-2-yasindaki-kiz-cocugu-hayatini-kaybetti\/\" \/>\n<meta property=\"og:locale\" content=\"tr_TR\" \/>\n<meta property=\"og:type\" content=\"article\" \/>\n<meta property=\"og:title\" content=\"T\u0131r\u0131n \u00e7arpt\u0131\u011f\u0131 2 ya\u015f\u0131ndaki k\u0131z \u00e7ocu\u011fu hayat\u0131n\u0131 kaybetti - Memurun Sesi\" \/>\n<meta property=\"og:description\" content=\"\u015e\u0131rnak&#8217;\u0131n Silopi il\u00e7esinde meydana gelen feci kazada, k\u00fc\u00e7\u00fck \u00e7ocuk hayat\u0131n\u0131 kaybetti. Edinilen bilgilere g\u00f6re olay, ak\u015fam saatlerinde 28&#8217;inci Cadde ile 70&#8217;inci Cadde kesi\u015fiminde ya\u015fand\u0131. Ha\u015fim S. y\u00f6netimindeki t\u0131r, 2 ya\u015f\u0131ndaki S.T.&#8217;ye \u00e7arpt\u0131. \u00c7arpman\u0131n etkisiyle a\u011f\u0131r yaralanan minik k\u0131z, olay yerinde yap\u0131lan ilk m\u00fcdahalenin ard\u0131ndan hastaneye kald\u0131r\u0131ld\u0131. Ancak t\u00fcm \u00e7abalara ra\u011fmen kurtar\u0131lamad\u0131. Kazan\u0131n ard\u0131ndan t\u0131r \u015fof\u00f6r\u00fc [&hellip;]\" \/>\n<meta property=\"og:url\" content=\"https:\/\/memurunsesi.net\/index.php\/2025\/07\/02\/tirin-carptigi-2-yasindaki-kiz-cocugu-hayatini-kaybetti\/\" \/>\n<meta property=\"og:site_name\" content=\"Memurun Sesi\" \/>\n<meta property=\"article:publisher\" content=\"https:\/\/www.facebook.com\/unipersen\/?locale=tr_TR\" \/>\n<meta property=\"article:published_time\" content=\"2025-07-02T11:39:04+00:00\" \/>\n<meta property=\"og:image\" content=\"https:\/\/memurunsesi.net\/wp-content\/uploads\/2025\/07\/AW488928_01.jpg\" \/>\n\t<meta property=\"og:image:width\" content=\"1080\" \/>\n\t<meta property=\"og:image:height\" content=\"1876\" \/>\n\t<meta property=\"og:image:type\" content=\"image\/jpeg\" \/>\n<meta name=\"author\" content=\"Memurun Sesi Haber Merkezi\" \/>\n<meta name=\"twitter:card\" content=\"summary_large_image\" \/>\n<meta name=\"twitter:creator\" content=\"@unipersen\" \/>\n<meta name=\"twitter:site\" content=\"@unipersen\" \/>\n<meta name=\"twitter:label1\" content=\"Yazan:\" \/>\n\t<meta name=\"twitter:data1\" content=\"Memurun Sesi Haber Merkezi\" \/>\n\t<meta name=\"twitter:label2\" content=\"Tahmini okuma s\u00fcresi\" \/>\n\t<meta name=\"twitter:data2\" content=\"1 dakika\" \/>\n<script type=\"application\/ld+json\" class=\"yoast-schema-graph\">{\"@context\":\"https:\\\/\\\/schema.org\",\"@graph\":[{\"@type\":\"Article\",\"@id\":\"https:\\\/\\\/memurunsesi.net\\\/index.php\\\/2025\\\/07\\\/02\\\/tirin-carptigi-2-yasindaki-kiz-cocugu-hayatini-kaybetti\\\/#article\",\"isPartOf\":{\"@id\":\"https:\\\/\\\/memurunsesi.net\\\/index.php\\\/2025\\\/07\\\/02\\\/tirin-carptigi-2-yasindaki-kiz-cocugu-hayatini-kaybetti\\\/\"},\"author\":{\"name\":\"Memurun Sesi Haber Merkezi\",\"@id\":\"https:\\\/\\\/memurunsesi.net\\\/#\\\/schema\\\/person\\\/f21c2d73b89f6ee1d80b0a1803e38587\"},\"headline\":\"T\u0131r\u0131n \u00e7arpt\u0131\u011f\u0131 2 ya\u015f\u0131ndaki k\u0131z \u00e7ocu\u011fu hayat\u0131n\u0131 kaybetti\",\"datePublished\":\"2025-07-02T11:39:04+00:00\",\"mainEntityOfPage\":{\"@id\":\"https:\\\/\\\/memurunsesi.net\\\/index.php\\\/2025\\\/07\\\/02\\\/tirin-carptigi-2-yasindaki-kiz-cocugu-hayatini-kaybetti\\\/\"},\"wordCount\":148,\"commentCount\":0,\"publisher\":{\"@id\":\"https:\\\/\\\/memurunsesi.net\\\/#organization\"},\"image\":{\"@id\":\"https:\\\/\\\/memurunsesi.net\\\/index.php\\\/2025\\\/07\\\/02\\\/tirin-carptigi-2-yasindaki-kiz-cocugu-hayatini-kaybetti\\\/#primaryimage\"},\"thumbnailUrl\":\"https:\\\/\\\/memurunsesi.net\\\/wp-content\\\/uploads\\\/2025\\\/07\\\/AW488928_01.jpg\",\"inLanguage\":\"tr\",\"potentialAction\":[{\"@type\":\"CommentAction\",\"name\":\"Comment\",\"target\":[\"https:\\\/\\\/memurunsesi.net\\\/index.php\\\/2025\\\/07\\\/02\\\/tirin-carptigi-2-yasindaki-kiz-cocugu-hayatini-kaybetti\\\/#respond\"]}]},{\"@type\":\"WebPage\",\"@id\":\"https:\\\/\\\/memurunsesi.net\\\/index.php\\\/2025\\\/07\\\/02\\\/tirin-carptigi-2-yasindaki-kiz-cocugu-hayatini-kaybetti\\\/\",\"url\":\"https:\\\/\\\/memurunsesi.net\\\/index.php\\\/2025\\\/07\\\/02\\\/tirin-carptigi-2-yasindaki-kiz-cocugu-hayatini-kaybetti\\\/\",\"name\":\"T\u0131r\u0131n \u00e7arpt\u0131\u011f\u0131 2 ya\u015f\u0131ndaki k\u0131z \u00e7ocu\u011fu hayat\u0131n\u0131 kaybetti - Memurun Sesi\",\"isPartOf\":{\"@id\":\"https:\\\/\\\/memurunsesi.net\\\/#website\"},\"primaryImageOfPage\":{\"@id\":\"https:\\\/\\\/memurunsesi.net\\\/index.php\\\/2025\\\/07\\\/02\\\/tirin-carptigi-2-yasindaki-kiz-cocugu-hayatini-kaybetti\\\/#primaryimage\"},\"image\":{\"@id\":\"https:\\\/\\\/memurunsesi.net\\\/index.php\\\/2025\\\/07\\\/02\\\/tirin-carptigi-2-yasindaki-kiz-cocugu-hayatini-kaybetti\\\/#primaryimage\"},\"thumbnailUrl\":\"https:\\\/\\\/memurunsesi.net\\\/wp-content\\\/uploads\\\/2025\\\/07\\\/AW488928_01.jpg\",\"datePublished\":\"2025-07-02T11:39:04+00:00\",\"breadcrumb\":{\"@id\":\"https:\\\/\\\/memurunsesi.net\\\/index.php\\\/2025\\\/07\\\/02\\\/tirin-carptigi-2-yasindaki-kiz-cocugu-hayatini-kaybetti\\\/#breadcrumb\"},\"inLanguage\":\"tr\",\"potentialAction\":[{\"@type\":\"ReadAction\",\"target\":[\"https:\\\/\\\/memurunsesi.net\\\/index.php\\\/2025\\\/07\\\/02\\\/tirin-carptigi-2-yasindaki-kiz-cocugu-hayatini-kaybetti\\\/\"]}]},{\"@type\":\"ImageObject\",\"inLanguage\":\"tr\",\"@id\":\"https:\\\/\\\/memurunsesi.net\\\/index.php\\\/2025\\\/07\\\/02\\\/tirin-carptigi-2-yasindaki-kiz-cocugu-hayatini-kaybetti\\\/#primaryimage\",\"url\":\"https:\\\/\\\/memurunsesi.net\\\/wp-content\\\/uploads\\\/2025\\\/07\\\/AW488928_01.jpg\",\"contentUrl\":\"https:\\\/\\\/memurunsesi.net\\\/wp-content\\\/uploads\\\/2025\\\/07\\\/AW488928_01.jpg\",\"width\":1080,\"height\":1876,\"caption\":\"\u015eIRNAK'IN S\u0130LOP\u0130 \u0130L\u00c7ES\u0130NDE MEYDANA GELEN FEC\u0130 KAZADA, 2 YA\u015eINDAK\u0130 SEVDA TUTUK HAYATINI KAYBETT\u0130. (AHMET U\u00c7AR\\\/\u015eIRNAK-\u0130HA) \u015e\u0131rnak'\u0131n Silopi il\u00e7esinde meydana gelen feci kazada, k\u00fc\u00e7\u00fck \u00e7ocuk hayat\u0131n\u0131 kaybetti.\"},{\"@type\":\"BreadcrumbList\",\"@id\":\"https:\\\/\\\/memurunsesi.net\\\/index.php\\\/2025\\\/07\\\/02\\\/tirin-carptigi-2-yasindaki-kiz-cocugu-hayatini-kaybetti\\\/#breadcrumb\",\"itemListElement\":[{\"@type\":\"ListItem\",\"position\":1,\"name\":\"Anasayfa\",\"item\":\"https:\\\/\\\/memurunsesi.net\\\/\"},{\"@type\":\"ListItem\",\"position\":2,\"name\":\"T\u0131r\u0131n \u00e7arpt\u0131\u011f\u0131 2 ya\u015f\u0131ndaki k\u0131z \u00e7ocu\u011fu hayat\u0131n\u0131 kaybetti\"}]},{\"@type\":\"WebSite\",\"@id\":\"https:\\\/\\\/memurunsesi.net\\\/#website\",\"url\":\"https:\\\/\\\/memurunsesi.net\\\/\",\"name\":\"Memurun Sesi\",\"description\":\"G\u00fcncel ve Do\u011fru Haber\",\"publisher\":{\"@id\":\"https:\\\/\\\/memurunsesi.net\\\/#organization\"},\"potentialAction\":[{\"@type\":\"SearchAction\",\"target\":{\"@type\":\"EntryPoint\",\"urlTemplate\":\"https:\\\/\\\/memurunsesi.net\\\/?s={search_term_string}\"},\"query-input\":{\"@type\":\"PropertyValueSpecification\",\"valueRequired\":true,\"valueName\":\"search_term_string\"}}],\"inLanguage\":\"tr\"},{\"@type\":\"Organization\",\"@id\":\"https:\\\/\\\/memurunsesi.net\\\/#organization\",\"name\":\"Memurun Sesi\",\"url\":\"https:\\\/\\\/memurunsesi.net\\\/\",\"logo\":{\"@type\":\"ImageObject\",\"inLanguage\":\"tr\",\"@id\":\"https:\\\/\\\/memurunsesi.net\\\/#\\\/schema\\\/logo\\\/image\\\/\",\"url\":\"https:\\\/\\\/memurunsesi.net\\\/wp-content\\\/uploads\\\/2025\\\/11\\\/cropped-MEMURUN-SESI.png\",\"contentUrl\":\"https:\\\/\\\/memurunsesi.net\\\/wp-content\\\/uploads\\\/2025\\\/11\\\/cropped-MEMURUN-SESI.png\",\"width\":238,\"height\":57,\"caption\":\"Memurun Sesi\"},\"image\":{\"@id\":\"https:\\\/\\\/memurunsesi.net\\\/#\\\/schema\\\/logo\\\/image\\\/\"},\"sameAs\":[\"https:\\\/\\\/www.facebook.com\\\/unipersen\\\/?locale=tr_TR\",\"https:\\\/\\\/x.com\\\/unipersen\"]},{\"@type\":\"Person\",\"@id\":\"https:\\\/\\\/memurunsesi.net\\\/#\\\/schema\\\/person\\\/f21c2d73b89f6ee1d80b0a1803e38587\",\"name\":\"Memurun Sesi Haber Merkezi\",\"image\":{\"@type\":\"ImageObject\",\"inLanguage\":\"tr\",\"@id\":\"https:\\\/\\\/secure.gravatar.com\\\/avatar\\\/6cf0505f452ee753f485014986fab09a434671d2b919ee76fc541025c5876a70?s=96&d=mm&r=g\",\"url\":\"https:\\\/\\\/secure.gravatar.com\\\/avatar\\\/6cf0505f452ee753f485014986fab09a434671d2b919ee76fc541025c5876a70?s=96&d=mm&r=g\",\"contentUrl\":\"https:\\\/\\\/secure.gravatar.com\\\/avatar\\\/6cf0505f452ee753f485014986fab09a434671d2b919ee76fc541025c5876a70?s=96&d=mm&r=g\",\"caption\":\"Memurun Sesi Haber Merkezi\"},\"sameAs\":[\"https:\\\/\\\/memurunsesi.net\"],\"url\":\"https:\\\/\\\/memurunsesi.net\\\/index.php\\\/author\\\/uniper\\\/\"}]}<\/script>\n<!-- \/ Yoast SEO plugin. -->","yoast_head_json":{"title":"T\u0131r\u0131n \u00e7arpt\u0131\u011f\u0131 2 ya\u015f\u0131ndaki k\u0131z \u00e7ocu\u011fu hayat\u0131n\u0131 kaybetti - Memurun Sesi","robots":{"index":"index","follow":"follow","max-snippet":"max-snippet:-1","max-image-preview":"max-image-preview:large","max-video-preview":"max-video-preview:-1"},"canonical":"https:\/\/memurunsesi.net\/index.php\/2025\/07\/02\/tirin-carptigi-2-yasindaki-kiz-cocugu-hayatini-kaybetti\/","og_locale":"tr_TR","og_type":"article","og_title":"T\u0131r\u0131n \u00e7arpt\u0131\u011f\u0131 2 ya\u015f\u0131ndaki k\u0131z \u00e7ocu\u011fu hayat\u0131n\u0131 kaybetti - Memurun Sesi","og_description":"\u015e\u0131rnak&#8217;\u0131n Silopi il\u00e7esinde meydana gelen feci kazada, k\u00fc\u00e7\u00fck \u00e7ocuk hayat\u0131n\u0131 kaybetti. Edinilen bilgilere g\u00f6re olay, ak\u015fam saatlerinde 28&#8217;inci Cadde ile 70&#8217;inci Cadde kesi\u015fiminde ya\u015fand\u0131. Ha\u015fim S. y\u00f6netimindeki t\u0131r, 2 ya\u015f\u0131ndaki S.T.&#8217;ye \u00e7arpt\u0131. \u00c7arpman\u0131n etkisiyle a\u011f\u0131r yaralanan minik k\u0131z, olay yerinde yap\u0131lan ilk m\u00fcdahalenin ard\u0131ndan hastaneye kald\u0131r\u0131ld\u0131. Ancak t\u00fcm \u00e7abalara ra\u011fmen kurtar\u0131lamad\u0131. Kazan\u0131n ard\u0131ndan t\u0131r \u015fof\u00f6r\u00fc [&hellip;]","og_url":"https:\/\/memurunsesi.net\/index.php\/2025\/07\/02\/tirin-carptigi-2-yasindaki-kiz-cocugu-hayatini-kaybetti\/","og_site_name":"Memurun Sesi","article_publisher":"https:\/\/www.facebook.com\/unipersen\/?locale=tr_TR","article_published_time":"2025-07-02T11:39:04+00:00","og_image":[{"width":1080,"height":1876,"url":"https:\/\/memurunsesi.net\/wp-content\/uploads\/2025\/07\/AW488928_01.jpg","type":"image\/jpeg"}],"author":"Memurun Sesi Haber Merkezi","twitter_card":"summary_large_image","twitter_creator":"@unipersen","twitter_site":"@unipersen","twitter_misc":{"Yazan:":"Memurun Sesi Haber Merkezi","Tahmini okuma s\u00fcresi":"1 dakika"},"schema":{"@context":"https:\/\/schema.org","@graph":[{"@type":"Article","@id":"https:\/\/memurunsesi.net\/index.php\/2025\/07\/02\/tirin-carptigi-2-yasindaki-kiz-cocugu-hayatini-kaybetti\/#article","isPartOf":{"@id":"https:\/\/memurunsesi.net\/index.php\/2025\/07\/02\/tirin-carptigi-2-yasindaki-kiz-cocugu-hayatini-kaybetti\/"},"author":{"name":"Memurun Sesi Haber Merkezi","@id":"https:\/\/memurunsesi.net\/#\/schema\/person\/f21c2d73b89f6ee1d80b0a1803e38587"},"headline":"T\u0131r\u0131n \u00e7arpt\u0131\u011f\u0131 2 ya\u015f\u0131ndaki k\u0131z \u00e7ocu\u011fu hayat\u0131n\u0131 kaybetti","datePublished":"2025-07-02T11:39:04+00:00","mainEntityOfPage":{"@id":"https:\/\/memurunsesi.net\/index.php\/2025\/07\/02\/tirin-carptigi-2-yasindaki-kiz-cocugu-hayatini-kaybetti\/"},"wordCount":148,"commentCount":0,"publisher":{"@id":"https:\/\/memurunsesi.net\/#organization"},"image":{"@id":"https:\/\/memurunsesi.net\/index.php\/2025\/07\/02\/tirin-carptigi-2-yasindaki-kiz-cocugu-hayatini-kaybetti\/#primaryimage"},"thumbnailUrl":"https:\/\/memurunsesi.net\/wp-content\/uploads\/2025\/07\/AW488928_01.jpg","inLanguage":"tr","potentialAction":[{"@type":"CommentAction","name":"Comment","target":["https:\/\/memurunsesi.net\/index.php\/2025\/07\/02\/tirin-carptigi-2-yasindaki-kiz-cocugu-hayatini-kaybetti\/#respond"]}]},{"@type":"WebPage","@id":"https:\/\/memurunsesi.net\/index.php\/2025\/07\/02\/tirin-carptigi-2-yasindaki-kiz-cocugu-hayatini-kaybetti\/","url":"https:\/\/memurunsesi.net\/index.php\/2025\/07\/02\/tirin-carptigi-2-yasindaki-kiz-cocugu-hayatini-kaybetti\/","name":"T\u0131r\u0131n \u00e7arpt\u0131\u011f\u0131 2 ya\u015f\u0131ndaki k\u0131z \u00e7ocu\u011fu hayat\u0131n\u0131 kaybetti - Memurun Sesi","isPartOf":{"@id":"https:\/\/memurunsesi.net\/#website"},"primaryImageOfPage":{"@id":"https:\/\/memurunsesi.net\/index.php\/2025\/07\/02\/tirin-carptigi-2-yasindaki-kiz-cocugu-hayatini-kaybetti\/#primaryimage"},"image":{"@id":"https:\/\/memurunsesi.net\/index.php\/2025\/07\/02\/tirin-carptigi-2-yasindaki-kiz-cocugu-hayatini-kaybetti\/#primaryimage"},"thumbnailUrl":"https:\/\/memurunsesi.net\/wp-content\/uploads\/2025\/07\/AW488928_01.jpg","datePublished":"2025-07-02T11:39:04+00:00","breadcrumb":{"@id":"https:\/\/memurunsesi.net\/index.php\/2025\/07\/02\/tirin-carptigi-2-yasindaki-kiz-cocugu-hayatini-kaybetti\/#breadcrumb"},"inLanguage":"tr","potentialAction":[{"@type":"ReadAction","target":["https:\/\/memurunsesi.net\/index.php\/2025\/07\/02\/tirin-carptigi-2-yasindaki-kiz-cocugu-hayatini-kaybetti\/"]}]},{"@type":"ImageObject","inLanguage":"tr","@id":"https:\/\/memurunsesi.net\/index.php\/2025\/07\/02\/tirin-carptigi-2-yasindaki-kiz-cocugu-hayatini-kaybetti\/#primaryimage","url":"https:\/\/memurunsesi.net\/wp-content\/uploads\/2025\/07\/AW488928_01.jpg","contentUrl":"https:\/\/memurunsesi.net\/wp-content\/uploads\/2025\/07\/AW488928_01.jpg","width":1080,"height":1876,"caption":"\u015eIRNAK'IN S\u0130LOP\u0130 \u0130L\u00c7ES\u0130NDE MEYDANA GELEN FEC\u0130 KAZADA, 2 YA\u015eINDAK\u0130 SEVDA TUTUK HAYATINI KAYBETT\u0130. (AHMET U\u00c7AR\/\u015eIRNAK-\u0130HA) \u015e\u0131rnak'\u0131n Silopi il\u00e7esinde meydana gelen feci kazada, k\u00fc\u00e7\u00fck \u00e7ocuk hayat\u0131n\u0131 kaybetti."},{"@type":"BreadcrumbList","@id":"https:\/\/memurunsesi.net\/index.php\/2025\/07\/02\/tirin-carptigi-2-yasindaki-kiz-cocugu-hayatini-kaybetti\/#breadcrumb","itemListElement":[{"@type":"ListItem","position":1,"name":"Anasayfa","item":"https:\/\/memurunsesi.net\/"},{"@type":"ListItem","position":2,"name":"T\u0131r\u0131n \u00e7arpt\u0131\u011f\u0131 2 ya\u015f\u0131ndaki k\u0131z \u00e7ocu\u011fu hayat\u0131n\u0131 kaybetti"}]},{"@type":"WebSite","@id":"https:\/\/memurunsesi.net\/#website","url":"https:\/\/memurunsesi.net\/","name":"Memurun Sesi","description":"G\u00fcncel ve Do\u011fru Haber","publisher":{"@id":"https:\/\/memurunsesi.net\/#organization"},"potentialAction":[{"@type":"SearchAction","target":{"@type":"EntryPoint","urlTemplate":"https:\/\/memurunsesi.net\/?s={search_term_string}"},"query-input":{"@type":"PropertyValueSpecification","valueRequired":true,"valueName":"search_term_string"}}],"inLanguage":"tr"},{"@type":"Organization","@id":"https:\/\/memurunsesi.net\/#organization","name":"Memurun Sesi","url":"https:\/\/memurunsesi.net\/","logo":{"@type":"ImageObject","inLanguage":"tr","@id":"https:\/\/memurunsesi.net\/#\/schema\/logo\/image\/","url":"https:\/\/memurunsesi.net\/wp-content\/uploads\/2025\/11\/cropped-MEMURUN-SESI.png","contentUrl":"https:\/\/memurunsesi.net\/wp-content\/uploads\/2025\/11\/cropped-MEMURUN-SESI.png","width":238,"height":57,"caption":"Memurun Sesi"},"image":{"@id":"https:\/\/memurunsesi.net\/#\/schema\/logo\/image\/"},"sameAs":["https:\/\/www.facebook.com\/unipersen\/?locale=tr_TR","https:\/\/x.com\/unipersen"]},{"@type":"Person","@id":"https:\/\/memurunsesi.net\/#\/schema\/person\/f21c2d73b89f6ee1d80b0a1803e38587","name":"Memurun Sesi Haber Merkezi","image":{"@type":"ImageObject","inLanguage":"tr","@id":"https:\/\/secure.gravatar.com\/avatar\/6cf0505f452ee753f485014986fab09a434671d2b919ee76fc541025c5876a70?s=96&d=mm&r=g","url":"https:\/\/secure.gravatar.com\/avatar\/6cf0505f452ee753f485014986fab09a434671d2b919ee76fc541025c5876a70?s=96&d=mm&r=g","contentUrl":"https:\/\/secure.gravatar.com\/avatar\/6cf0505f452ee753f485014986fab09a434671d2b919ee76fc541025c5876a70?s=96&d=mm&r=g","caption":"Memurun Sesi Haber Merkezi"},"sameAs":["https:\/\/memurunsesi.net"],"url":"https:\/\/memurunsesi.net\/index.php\/author\/uniper\/"}]}},"_links":{"self":[{"href":"https:\/\/memurunsesi.net\/index.php\/wp-json\/wp\/v2\/posts\/8877","targetHints":{"allow":["GET"]}}],"collection":[{"href":"https:\/\/memurunsesi.net\/index.php\/wp-json\/wp\/v2\/posts"}],"about":[{"href":"https:\/\/memurunsesi.net\/index.php\/wp-json\/wp\/v2\/types\/post"}],"author":[{"embeddable":true,"href":"https:\/\/memurunsesi.net\/index.php\/wp-json\/wp\/v2\/users\/1"}],"replies":[{"embeddable":true,"href":"https:\/\/memurunsesi.net\/index.php\/wp-json\/wp\/v2\/comments?post=8877"}],"version-history":[{"count":1,"href":"https:\/\/memurunsesi.net\/index.php\/wp-json\/wp\/v2\/posts\/8877\/revisions"}],"predecessor-version":[{"id":8879,"href":"https:\/\/memurunsesi.net\/index.php\/wp-json\/wp\/v2\/posts\/8877\/revisions\/8879"}],"wp:featuredmedia":[{"embeddable":true,"href":"https:\/\/memurunsesi.net\/index.php\/wp-json\/wp\/v2\/media\/8878"}],"wp:attachment":[{"href":"https:\/\/memurunsesi.net\/index.php\/wp-json\/wp\/v2\/media?parent=8877"}],"wp:term":[{"taxonomy":"category","embeddable":true,"href":"https:\/\/memurunsesi.net\/index.php\/wp-json\/wp\/v2\/categories?post=8877"},{"taxonomy":"post_tag","embeddable":true,"href":"https:\/\/memurunsesi.net\/index.php\/wp-json\/wp\/v2\/tags?post=8877"}],"curies":[{"name":"wp","href":"https:\/\/api.w.org\/{rel}","templated":true}]}}