{"id":8880,"date":"2025-07-02T14:41:03","date_gmt":"2025-07-02T11:41:03","guid":{"rendered":"https:\/\/memurunsesi.net\/?p=8880"},"modified":"2025-07-02T14:41:03","modified_gmt":"2025-07-02T11:41:03","slug":"yan-yatan-minibuste-6-kisi-yaralandi-polis-cam-kiriklarini-supurgeyle-temizledi","status":"publish","type":"post","link":"https:\/\/memurunsesi.net\/index.php\/2025\/07\/02\/yan-yatan-minibuste-6-kisi-yaralandi-polis-cam-kiriklarini-supurgeyle-temizledi\/","title":{"rendered":"Yan yatan minib\u00fcste 6 ki\u015fi yaraland\u0131, polis cam k\u0131r\u0131klar\u0131n\u0131 s\u00fcp\u00fcrgeyle temizledi"},"content":{"rendered":"<p>  Sakarya&#8217;n\u0131n Erenler il\u00e7esi D-650 kara yolunda kontrolden \u00e7\u0131kan minib\u00fcs yan yatt\u0131. Meydana gelen kazada 6 ki\u015fi hafif \u015fekilde yaraland\u0131. Kazada ula\u015f\u0131m\u0131n aksamamas\u0131 i\u00e7in trafik polisi eline ald\u0131\u011f\u0131 s\u00fcp\u00fcrgeyle yolu temizledi.<br \/>\n  Kara yolunun Sakarya Caddesi \u00fczerinde meydana gelen kazada, s\u00fcr\u00fcc\u00fcs\u00fc \u00f6\u011frenilemeyen 54 AFA 043 plakal\u0131 minib\u00fcs, kontrolden \u00e7\u0131karak yan yatt\u0131. Kazada 6 ki\u015fi yaralan\u0131rken durumun haber verilmesi \u00fczerine b\u00f6lgeye sa\u011fl\u0131k ve polis ekipleri sevk edildi. Sa\u011fl\u0131k ekipleri ilk m\u00fcdahale sonras\u0131nda yaral\u0131lar\u0131 hastaneye sevk etti. Kazada ula\u015f\u0131m\u0131n aksamamas\u0131 i\u00e7in trafik polisi eline ald\u0131\u011f\u0131 s\u00fcp\u00fcrgeyle yolu temizledi. Kazaya ili\u015fkin inceleme ba\u015flat\u0131ld\u0131. <\/p>\n<p>2.07.2025                         <\/p>\n","protected":false},"excerpt":{"rendered":"<p>Sakarya&#8217;n\u0131n Erenler il\u00e7esi D-650 kara yolunda kontrolden \u00e7\u0131kan minib\u00fcs yan yatt\u0131. Meydana gelen kazada 6 ki\u015fi hafif \u015fekilde yaraland\u0131. Kazada ula\u015f\u0131m\u0131n aksamamas\u0131 i\u00e7in trafik polisi eline ald\u0131\u011f\u0131 s\u00fcp\u00fcrgeyle yolu temizledi. Kara yolunun Sakarya Caddesi \u00fczerinde meydana gelen kazada, s\u00fcr\u00fcc\u00fcs\u00fc \u00f6\u011frenilemeyen 54 AFA 043 plakal\u0131 minib\u00fcs, kontrolden \u00e7\u0131karak yan yatt\u0131. Kazada 6 ki\u015fi yaralan\u0131rken durumun haber [&hellip;]<\/p>\n","protected":false},"author":1,"featured_media":8881,"comment_status":"open","ping_status":"open","sticky":false,"template":"","format":"standard","meta":{"footnotes":""},"categories":[1],"tags":[],"class_list":["post-8880","post","type-post","status-publish","format-standard","has-post-thumbnail","hentry","category-genel"],"yoast_head":"<!-- This site is optimized with the Yoast SEO plugin v27.4 - https:\/\/yoast.com\/product\/yoast-seo-wordpress\/ -->\n<title>Yan yatan minib\u00fcste 6 ki\u015fi yaraland\u0131, polis cam k\u0131r\u0131klar\u0131n\u0131 s\u00fcp\u00fcrgeyle temizledi - Memurun Sesi<\/title>\n<meta name=\"robots\" content=\"index, follow, max-snippet:-1, max-image-preview:large, max-video-preview:-1\" \/>\n<link rel=\"canonical\" href=\"https:\/\/memurunsesi.net\/index.php\/2025\/07\/02\/yan-yatan-minibuste-6-kisi-yaralandi-polis-cam-kiriklarini-supurgeyle-temizledi\/\" \/>\n<meta property=\"og:locale\" content=\"tr_TR\" \/>\n<meta property=\"og:type\" content=\"article\" \/>\n<meta property=\"og:title\" content=\"Yan yatan minib\u00fcste 6 ki\u015fi yaraland\u0131, polis cam k\u0131r\u0131klar\u0131n\u0131 s\u00fcp\u00fcrgeyle temizledi - Memurun Sesi\" \/>\n<meta property=\"og:description\" content=\"Sakarya&#8217;n\u0131n Erenler il\u00e7esi D-650 kara yolunda kontrolden \u00e7\u0131kan minib\u00fcs yan yatt\u0131. Meydana gelen kazada 6 ki\u015fi hafif \u015fekilde yaraland\u0131. Kazada ula\u015f\u0131m\u0131n aksamamas\u0131 i\u00e7in trafik polisi eline ald\u0131\u011f\u0131 s\u00fcp\u00fcrgeyle yolu temizledi. Kara yolunun Sakarya Caddesi \u00fczerinde meydana gelen kazada, s\u00fcr\u00fcc\u00fcs\u00fc \u00f6\u011frenilemeyen 54 AFA 043 plakal\u0131 minib\u00fcs, kontrolden \u00e7\u0131karak yan yatt\u0131. Kazada 6 ki\u015fi yaralan\u0131rken durumun haber [&hellip;]\" \/>\n<meta property=\"og:url\" content=\"https:\/\/memurunsesi.net\/index.php\/2025\/07\/02\/yan-yatan-minibuste-6-kisi-yaralandi-polis-cam-kiriklarini-supurgeyle-temizledi\/\" \/>\n<meta property=\"og:site_name\" content=\"Memurun Sesi\" \/>\n<meta property=\"article:publisher\" content=\"https:\/\/www.facebook.com\/unipersen\/?locale=tr_TR\" \/>\n<meta property=\"article:published_time\" content=\"2025-07-02T11:41:03+00:00\" \/>\n<meta property=\"og:image\" content=\"https:\/\/memurunsesi.net\/wp-content\/uploads\/2025\/07\/AW488937_03-scaled.jpg\" \/>\n\t<meta property=\"og:image:width\" content=\"2560\" \/>\n\t<meta property=\"og:image:height\" content=\"1920\" \/>\n\t<meta property=\"og:image:type\" content=\"image\/jpeg\" \/>\n<meta name=\"author\" content=\"Memurun Sesi Haber Merkezi\" \/>\n<meta name=\"twitter:card\" content=\"summary_large_image\" \/>\n<meta name=\"twitter:creator\" content=\"@unipersen\" \/>\n<meta name=\"twitter:site\" content=\"@unipersen\" \/>\n<meta name=\"twitter:label1\" content=\"Yazan:\" \/>\n\t<meta name=\"twitter:data1\" content=\"Memurun Sesi Haber Merkezi\" \/>\n\t<meta name=\"twitter:label2\" content=\"Tahmini okuma s\u00fcresi\" \/>\n\t<meta name=\"twitter:data2\" content=\"1 dakika\" \/>\n<script type=\"application\/ld+json\" class=\"yoast-schema-graph\">{\"@context\":\"https:\\\/\\\/schema.org\",\"@graph\":[{\"@type\":\"Article\",\"@id\":\"https:\\\/\\\/memurunsesi.net\\\/index.php\\\/2025\\\/07\\\/02\\\/yan-yatan-minibuste-6-kisi-yaralandi-polis-cam-kiriklarini-supurgeyle-temizledi\\\/#article\",\"isPartOf\":{\"@id\":\"https:\\\/\\\/memurunsesi.net\\\/index.php\\\/2025\\\/07\\\/02\\\/yan-yatan-minibuste-6-kisi-yaralandi-polis-cam-kiriklarini-supurgeyle-temizledi\\\/\"},\"author\":{\"name\":\"Memurun Sesi Haber Merkezi\",\"@id\":\"https:\\\/\\\/memurunsesi.net\\\/#\\\/schema\\\/person\\\/f21c2d73b89f6ee1d80b0a1803e38587\"},\"headline\":\"Yan yatan minib\u00fcste 6 ki\u015fi yaraland\u0131, polis cam k\u0131r\u0131klar\u0131n\u0131 s\u00fcp\u00fcrgeyle temizledi\",\"datePublished\":\"2025-07-02T11:41:03+00:00\",\"mainEntityOfPage\":{\"@id\":\"https:\\\/\\\/memurunsesi.net\\\/index.php\\\/2025\\\/07\\\/02\\\/yan-yatan-minibuste-6-kisi-yaralandi-polis-cam-kiriklarini-supurgeyle-temizledi\\\/\"},\"wordCount\":133,\"commentCount\":0,\"publisher\":{\"@id\":\"https:\\\/\\\/memurunsesi.net\\\/#organization\"},\"image\":{\"@id\":\"https:\\\/\\\/memurunsesi.net\\\/index.php\\\/2025\\\/07\\\/02\\\/yan-yatan-minibuste-6-kisi-yaralandi-polis-cam-kiriklarini-supurgeyle-temizledi\\\/#primaryimage\"},\"thumbnailUrl\":\"https:\\\/\\\/memurunsesi.net\\\/wp-content\\\/uploads\\\/2025\\\/07\\\/AW488937_03-scaled.jpg\",\"inLanguage\":\"tr\",\"potentialAction\":[{\"@type\":\"CommentAction\",\"name\":\"Comment\",\"target\":[\"https:\\\/\\\/memurunsesi.net\\\/index.php\\\/2025\\\/07\\\/02\\\/yan-yatan-minibuste-6-kisi-yaralandi-polis-cam-kiriklarini-supurgeyle-temizledi\\\/#respond\"]}]},{\"@type\":\"WebPage\",\"@id\":\"https:\\\/\\\/memurunsesi.net\\\/index.php\\\/2025\\\/07\\\/02\\\/yan-yatan-minibuste-6-kisi-yaralandi-polis-cam-kiriklarini-supurgeyle-temizledi\\\/\",\"url\":\"https:\\\/\\\/memurunsesi.net\\\/index.php\\\/2025\\\/07\\\/02\\\/yan-yatan-minibuste-6-kisi-yaralandi-polis-cam-kiriklarini-supurgeyle-temizledi\\\/\",\"name\":\"Yan yatan minib\u00fcste 6 ki\u015fi yaraland\u0131, polis cam k\u0131r\u0131klar\u0131n\u0131 s\u00fcp\u00fcrgeyle temizledi - Memurun Sesi\",\"isPartOf\":{\"@id\":\"https:\\\/\\\/memurunsesi.net\\\/#website\"},\"primaryImageOfPage\":{\"@id\":\"https:\\\/\\\/memurunsesi.net\\\/index.php\\\/2025\\\/07\\\/02\\\/yan-yatan-minibuste-6-kisi-yaralandi-polis-cam-kiriklarini-supurgeyle-temizledi\\\/#primaryimage\"},\"image\":{\"@id\":\"https:\\\/\\\/memurunsesi.net\\\/index.php\\\/2025\\\/07\\\/02\\\/yan-yatan-minibuste-6-kisi-yaralandi-polis-cam-kiriklarini-supurgeyle-temizledi\\\/#primaryimage\"},\"thumbnailUrl\":\"https:\\\/\\\/memurunsesi.net\\\/wp-content\\\/uploads\\\/2025\\\/07\\\/AW488937_03-scaled.jpg\",\"datePublished\":\"2025-07-02T11:41:03+00:00\",\"breadcrumb\":{\"@id\":\"https:\\\/\\\/memurunsesi.net\\\/index.php\\\/2025\\\/07\\\/02\\\/yan-yatan-minibuste-6-kisi-yaralandi-polis-cam-kiriklarini-supurgeyle-temizledi\\\/#breadcrumb\"},\"inLanguage\":\"tr\",\"potentialAction\":[{\"@type\":\"ReadAction\",\"target\":[\"https:\\\/\\\/memurunsesi.net\\\/index.php\\\/2025\\\/07\\\/02\\\/yan-yatan-minibuste-6-kisi-yaralandi-polis-cam-kiriklarini-supurgeyle-temizledi\\\/\"]}]},{\"@type\":\"ImageObject\",\"inLanguage\":\"tr\",\"@id\":\"https:\\\/\\\/memurunsesi.net\\\/index.php\\\/2025\\\/07\\\/02\\\/yan-yatan-minibuste-6-kisi-yaralandi-polis-cam-kiriklarini-supurgeyle-temizledi\\\/#primaryimage\",\"url\":\"https:\\\/\\\/memurunsesi.net\\\/wp-content\\\/uploads\\\/2025\\\/07\\\/AW488937_03-scaled.jpg\",\"contentUrl\":\"https:\\\/\\\/memurunsesi.net\\\/wp-content\\\/uploads\\\/2025\\\/07\\\/AW488937_03-scaled.jpg\",\"width\":2560,\"height\":1920,\"caption\":\"SAKARYA'NIN ERENLER \u0130L\u00c7ES\u0130 D-650 KARA YOLUNDA KONTROLDEN \u00c7IKAN M\u0130N\u0130B\u00dcS YAN YATTI. MEYDANA GELEN KAZADA 6 K\u0130\u015e\u0130 HAF\u0130F \u015eEK\u0130LDE YARALANDI. KAZADA ULA\u015eIMIN AKSAMAMASI \u0130\u00c7\u0130N TRAF\u0130K POL\u0130S\u0130 EL\u0130NE ALDI\u011eI S\u00dcP\u00dcRGEYLE YOLU TEM\u0130ZLED\u0130. (BURAK CAN TOKY\u00dcREK - ORKUN KAYA\\\/SAKARYA-\u0130HA) Sakarya'n\u0131n Erenler il\u00e7esi D-650 kara yolunda kontrolden \u00e7\u0131kan minib\u00fcs yan yatt\u0131. Meydana gelen kazada 6 ki\u015fi hafif \u015fekilde yaraland\u0131. Kazada ula\u015f\u0131m\u0131n aksamamas\u0131 i\u00e7in trafik polisi eline ald\u0131\u011f\u0131 s\u00fcp\u00fcrgeyle yolu temizledi.\"},{\"@type\":\"BreadcrumbList\",\"@id\":\"https:\\\/\\\/memurunsesi.net\\\/index.php\\\/2025\\\/07\\\/02\\\/yan-yatan-minibuste-6-kisi-yaralandi-polis-cam-kiriklarini-supurgeyle-temizledi\\\/#breadcrumb\",\"itemListElement\":[{\"@type\":\"ListItem\",\"position\":1,\"name\":\"Anasayfa\",\"item\":\"https:\\\/\\\/memurunsesi.net\\\/\"},{\"@type\":\"ListItem\",\"position\":2,\"name\":\"Yan yatan minib\u00fcste 6 ki\u015fi yaraland\u0131, polis cam k\u0131r\u0131klar\u0131n\u0131 s\u00fcp\u00fcrgeyle temizledi\"}]},{\"@type\":\"WebSite\",\"@id\":\"https:\\\/\\\/memurunsesi.net\\\/#website\",\"url\":\"https:\\\/\\\/memurunsesi.net\\\/\",\"name\":\"Memurun Sesi\",\"description\":\"G\u00fcncel ve Do\u011fru Haber\",\"publisher\":{\"@id\":\"https:\\\/\\\/memurunsesi.net\\\/#organization\"},\"potentialAction\":[{\"@type\":\"SearchAction\",\"target\":{\"@type\":\"EntryPoint\",\"urlTemplate\":\"https:\\\/\\\/memurunsesi.net\\\/?s={search_term_string}\"},\"query-input\":{\"@type\":\"PropertyValueSpecification\",\"valueRequired\":true,\"valueName\":\"search_term_string\"}}],\"inLanguage\":\"tr\"},{\"@type\":\"Organization\",\"@id\":\"https:\\\/\\\/memurunsesi.net\\\/#organization\",\"name\":\"Memurun Sesi\",\"url\":\"https:\\\/\\\/memurunsesi.net\\\/\",\"logo\":{\"@type\":\"ImageObject\",\"inLanguage\":\"tr\",\"@id\":\"https:\\\/\\\/memurunsesi.net\\\/#\\\/schema\\\/logo\\\/image\\\/\",\"url\":\"https:\\\/\\\/memurunsesi.net\\\/wp-content\\\/uploads\\\/2025\\\/11\\\/cropped-MEMURUN-SESI.png\",\"contentUrl\":\"https:\\\/\\\/memurunsesi.net\\\/wp-content\\\/uploads\\\/2025\\\/11\\\/cropped-MEMURUN-SESI.png\",\"width\":238,\"height\":57,\"caption\":\"Memurun Sesi\"},\"image\":{\"@id\":\"https:\\\/\\\/memurunsesi.net\\\/#\\\/schema\\\/logo\\\/image\\\/\"},\"sameAs\":[\"https:\\\/\\\/www.facebook.com\\\/unipersen\\\/?locale=tr_TR\",\"https:\\\/\\\/x.com\\\/unipersen\"]},{\"@type\":\"Person\",\"@id\":\"https:\\\/\\\/memurunsesi.net\\\/#\\\/schema\\\/person\\\/f21c2d73b89f6ee1d80b0a1803e38587\",\"name\":\"Memurun Sesi Haber Merkezi\",\"image\":{\"@type\":\"ImageObject\",\"inLanguage\":\"tr\",\"@id\":\"https:\\\/\\\/secure.gravatar.com\\\/avatar\\\/6cf0505f452ee753f485014986fab09a434671d2b919ee76fc541025c5876a70?s=96&d=mm&r=g\",\"url\":\"https:\\\/\\\/secure.gravatar.com\\\/avatar\\\/6cf0505f452ee753f485014986fab09a434671d2b919ee76fc541025c5876a70?s=96&d=mm&r=g\",\"contentUrl\":\"https:\\\/\\\/secure.gravatar.com\\\/avatar\\\/6cf0505f452ee753f485014986fab09a434671d2b919ee76fc541025c5876a70?s=96&d=mm&r=g\",\"caption\":\"Memurun Sesi Haber Merkezi\"},\"sameAs\":[\"https:\\\/\\\/memurunsesi.net\"],\"url\":\"https:\\\/\\\/memurunsesi.net\\\/index.php\\\/author\\\/uniper\\\/\"}]}<\/script>\n<!-- \/ Yoast SEO plugin. -->","yoast_head_json":{"title":"Yan yatan minib\u00fcste 6 ki\u015fi yaraland\u0131, polis cam k\u0131r\u0131klar\u0131n\u0131 s\u00fcp\u00fcrgeyle temizledi - Memurun Sesi","robots":{"index":"index","follow":"follow","max-snippet":"max-snippet:-1","max-image-preview":"max-image-preview:large","max-video-preview":"max-video-preview:-1"},"canonical":"https:\/\/memurunsesi.net\/index.php\/2025\/07\/02\/yan-yatan-minibuste-6-kisi-yaralandi-polis-cam-kiriklarini-supurgeyle-temizledi\/","og_locale":"tr_TR","og_type":"article","og_title":"Yan yatan minib\u00fcste 6 ki\u015fi yaraland\u0131, polis cam k\u0131r\u0131klar\u0131n\u0131 s\u00fcp\u00fcrgeyle temizledi - Memurun Sesi","og_description":"Sakarya&#8217;n\u0131n Erenler il\u00e7esi D-650 kara yolunda kontrolden \u00e7\u0131kan minib\u00fcs yan yatt\u0131. Meydana gelen kazada 6 ki\u015fi hafif \u015fekilde yaraland\u0131. Kazada ula\u015f\u0131m\u0131n aksamamas\u0131 i\u00e7in trafik polisi eline ald\u0131\u011f\u0131 s\u00fcp\u00fcrgeyle yolu temizledi. Kara yolunun Sakarya Caddesi \u00fczerinde meydana gelen kazada, s\u00fcr\u00fcc\u00fcs\u00fc \u00f6\u011frenilemeyen 54 AFA 043 plakal\u0131 minib\u00fcs, kontrolden \u00e7\u0131karak yan yatt\u0131. Kazada 6 ki\u015fi yaralan\u0131rken durumun haber [&hellip;]","og_url":"https:\/\/memurunsesi.net\/index.php\/2025\/07\/02\/yan-yatan-minibuste-6-kisi-yaralandi-polis-cam-kiriklarini-supurgeyle-temizledi\/","og_site_name":"Memurun Sesi","article_publisher":"https:\/\/www.facebook.com\/unipersen\/?locale=tr_TR","article_published_time":"2025-07-02T11:41:03+00:00","og_image":[{"width":2560,"height":1920,"url":"https:\/\/memurunsesi.net\/wp-content\/uploads\/2025\/07\/AW488937_03-scaled.jpg","type":"image\/jpeg"}],"author":"Memurun Sesi Haber Merkezi","twitter_card":"summary_large_image","twitter_creator":"@unipersen","twitter_site":"@unipersen","twitter_misc":{"Yazan:":"Memurun Sesi Haber Merkezi","Tahmini okuma s\u00fcresi":"1 dakika"},"schema":{"@context":"https:\/\/schema.org","@graph":[{"@type":"Article","@id":"https:\/\/memurunsesi.net\/index.php\/2025\/07\/02\/yan-yatan-minibuste-6-kisi-yaralandi-polis-cam-kiriklarini-supurgeyle-temizledi\/#article","isPartOf":{"@id":"https:\/\/memurunsesi.net\/index.php\/2025\/07\/02\/yan-yatan-minibuste-6-kisi-yaralandi-polis-cam-kiriklarini-supurgeyle-temizledi\/"},"author":{"name":"Memurun Sesi Haber Merkezi","@id":"https:\/\/memurunsesi.net\/#\/schema\/person\/f21c2d73b89f6ee1d80b0a1803e38587"},"headline":"Yan yatan minib\u00fcste 6 ki\u015fi yaraland\u0131, polis cam k\u0131r\u0131klar\u0131n\u0131 s\u00fcp\u00fcrgeyle temizledi","datePublished":"2025-07-02T11:41:03+00:00","mainEntityOfPage":{"@id":"https:\/\/memurunsesi.net\/index.php\/2025\/07\/02\/yan-yatan-minibuste-6-kisi-yaralandi-polis-cam-kiriklarini-supurgeyle-temizledi\/"},"wordCount":133,"commentCount":0,"publisher":{"@id":"https:\/\/memurunsesi.net\/#organization"},"image":{"@id":"https:\/\/memurunsesi.net\/index.php\/2025\/07\/02\/yan-yatan-minibuste-6-kisi-yaralandi-polis-cam-kiriklarini-supurgeyle-temizledi\/#primaryimage"},"thumbnailUrl":"https:\/\/memurunsesi.net\/wp-content\/uploads\/2025\/07\/AW488937_03-scaled.jpg","inLanguage":"tr","potentialAction":[{"@type":"CommentAction","name":"Comment","target":["https:\/\/memurunsesi.net\/index.php\/2025\/07\/02\/yan-yatan-minibuste-6-kisi-yaralandi-polis-cam-kiriklarini-supurgeyle-temizledi\/#respond"]}]},{"@type":"WebPage","@id":"https:\/\/memurunsesi.net\/index.php\/2025\/07\/02\/yan-yatan-minibuste-6-kisi-yaralandi-polis-cam-kiriklarini-supurgeyle-temizledi\/","url":"https:\/\/memurunsesi.net\/index.php\/2025\/07\/02\/yan-yatan-minibuste-6-kisi-yaralandi-polis-cam-kiriklarini-supurgeyle-temizledi\/","name":"Yan yatan minib\u00fcste 6 ki\u015fi yaraland\u0131, polis cam k\u0131r\u0131klar\u0131n\u0131 s\u00fcp\u00fcrgeyle temizledi - Memurun Sesi","isPartOf":{"@id":"https:\/\/memurunsesi.net\/#website"},"primaryImageOfPage":{"@id":"https:\/\/memurunsesi.net\/index.php\/2025\/07\/02\/yan-yatan-minibuste-6-kisi-yaralandi-polis-cam-kiriklarini-supurgeyle-temizledi\/#primaryimage"},"image":{"@id":"https:\/\/memurunsesi.net\/index.php\/2025\/07\/02\/yan-yatan-minibuste-6-kisi-yaralandi-polis-cam-kiriklarini-supurgeyle-temizledi\/#primaryimage"},"thumbnailUrl":"https:\/\/memurunsesi.net\/wp-content\/uploads\/2025\/07\/AW488937_03-scaled.jpg","datePublished":"2025-07-02T11:41:03+00:00","breadcrumb":{"@id":"https:\/\/memurunsesi.net\/index.php\/2025\/07\/02\/yan-yatan-minibuste-6-kisi-yaralandi-polis-cam-kiriklarini-supurgeyle-temizledi\/#breadcrumb"},"inLanguage":"tr","potentialAction":[{"@type":"ReadAction","target":["https:\/\/memurunsesi.net\/index.php\/2025\/07\/02\/yan-yatan-minibuste-6-kisi-yaralandi-polis-cam-kiriklarini-supurgeyle-temizledi\/"]}]},{"@type":"ImageObject","inLanguage":"tr","@id":"https:\/\/memurunsesi.net\/index.php\/2025\/07\/02\/yan-yatan-minibuste-6-kisi-yaralandi-polis-cam-kiriklarini-supurgeyle-temizledi\/#primaryimage","url":"https:\/\/memurunsesi.net\/wp-content\/uploads\/2025\/07\/AW488937_03-scaled.jpg","contentUrl":"https:\/\/memurunsesi.net\/wp-content\/uploads\/2025\/07\/AW488937_03-scaled.jpg","width":2560,"height":1920,"caption":"SAKARYA'NIN ERENLER \u0130L\u00c7ES\u0130 D-650 KARA YOLUNDA KONTROLDEN \u00c7IKAN M\u0130N\u0130B\u00dcS YAN YATTI. MEYDANA GELEN KAZADA 6 K\u0130\u015e\u0130 HAF\u0130F \u015eEK\u0130LDE YARALANDI. KAZADA ULA\u015eIMIN AKSAMAMASI \u0130\u00c7\u0130N TRAF\u0130K POL\u0130S\u0130 EL\u0130NE ALDI\u011eI S\u00dcP\u00dcRGEYLE YOLU TEM\u0130ZLED\u0130. (BURAK CAN TOKY\u00dcREK - ORKUN KAYA\/SAKARYA-\u0130HA) Sakarya'n\u0131n Erenler il\u00e7esi D-650 kara yolunda kontrolden \u00e7\u0131kan minib\u00fcs yan yatt\u0131. Meydana gelen kazada 6 ki\u015fi hafif \u015fekilde yaraland\u0131. Kazada ula\u015f\u0131m\u0131n aksamamas\u0131 i\u00e7in trafik polisi eline ald\u0131\u011f\u0131 s\u00fcp\u00fcrgeyle yolu temizledi."},{"@type":"BreadcrumbList","@id":"https:\/\/memurunsesi.net\/index.php\/2025\/07\/02\/yan-yatan-minibuste-6-kisi-yaralandi-polis-cam-kiriklarini-supurgeyle-temizledi\/#breadcrumb","itemListElement":[{"@type":"ListItem","position":1,"name":"Anasayfa","item":"https:\/\/memurunsesi.net\/"},{"@type":"ListItem","position":2,"name":"Yan yatan minib\u00fcste 6 ki\u015fi yaraland\u0131, polis cam k\u0131r\u0131klar\u0131n\u0131 s\u00fcp\u00fcrgeyle temizledi"}]},{"@type":"WebSite","@id":"https:\/\/memurunsesi.net\/#website","url":"https:\/\/memurunsesi.net\/","name":"Memurun Sesi","description":"G\u00fcncel ve Do\u011fru Haber","publisher":{"@id":"https:\/\/memurunsesi.net\/#organization"},"potentialAction":[{"@type":"SearchAction","target":{"@type":"EntryPoint","urlTemplate":"https:\/\/memurunsesi.net\/?s={search_term_string}"},"query-input":{"@type":"PropertyValueSpecification","valueRequired":true,"valueName":"search_term_string"}}],"inLanguage":"tr"},{"@type":"Organization","@id":"https:\/\/memurunsesi.net\/#organization","name":"Memurun Sesi","url":"https:\/\/memurunsesi.net\/","logo":{"@type":"ImageObject","inLanguage":"tr","@id":"https:\/\/memurunsesi.net\/#\/schema\/logo\/image\/","url":"https:\/\/memurunsesi.net\/wp-content\/uploads\/2025\/11\/cropped-MEMURUN-SESI.png","contentUrl":"https:\/\/memurunsesi.net\/wp-content\/uploads\/2025\/11\/cropped-MEMURUN-SESI.png","width":238,"height":57,"caption":"Memurun Sesi"},"image":{"@id":"https:\/\/memurunsesi.net\/#\/schema\/logo\/image\/"},"sameAs":["https:\/\/www.facebook.com\/unipersen\/?locale=tr_TR","https:\/\/x.com\/unipersen"]},{"@type":"Person","@id":"https:\/\/memurunsesi.net\/#\/schema\/person\/f21c2d73b89f6ee1d80b0a1803e38587","name":"Memurun Sesi Haber Merkezi","image":{"@type":"ImageObject","inLanguage":"tr","@id":"https:\/\/secure.gravatar.com\/avatar\/6cf0505f452ee753f485014986fab09a434671d2b919ee76fc541025c5876a70?s=96&d=mm&r=g","url":"https:\/\/secure.gravatar.com\/avatar\/6cf0505f452ee753f485014986fab09a434671d2b919ee76fc541025c5876a70?s=96&d=mm&r=g","contentUrl":"https:\/\/secure.gravatar.com\/avatar\/6cf0505f452ee753f485014986fab09a434671d2b919ee76fc541025c5876a70?s=96&d=mm&r=g","caption":"Memurun Sesi Haber Merkezi"},"sameAs":["https:\/\/memurunsesi.net"],"url":"https:\/\/memurunsesi.net\/index.php\/author\/uniper\/"}]}},"_links":{"self":[{"href":"https:\/\/memurunsesi.net\/index.php\/wp-json\/wp\/v2\/posts\/8880","targetHints":{"allow":["GET"]}}],"collection":[{"href":"https:\/\/memurunsesi.net\/index.php\/wp-json\/wp\/v2\/posts"}],"about":[{"href":"https:\/\/memurunsesi.net\/index.php\/wp-json\/wp\/v2\/types\/post"}],"author":[{"embeddable":true,"href":"https:\/\/memurunsesi.net\/index.php\/wp-json\/wp\/v2\/users\/1"}],"replies":[{"embeddable":true,"href":"https:\/\/memurunsesi.net\/index.php\/wp-json\/wp\/v2\/comments?post=8880"}],"version-history":[{"count":1,"href":"https:\/\/memurunsesi.net\/index.php\/wp-json\/wp\/v2\/posts\/8880\/revisions"}],"predecessor-version":[{"id":8882,"href":"https:\/\/memurunsesi.net\/index.php\/wp-json\/wp\/v2\/posts\/8880\/revisions\/8882"}],"wp:featuredmedia":[{"embeddable":true,"href":"https:\/\/memurunsesi.net\/index.php\/wp-json\/wp\/v2\/media\/8881"}],"wp:attachment":[{"href":"https:\/\/memurunsesi.net\/index.php\/wp-json\/wp\/v2\/media?parent=8880"}],"wp:term":[{"taxonomy":"category","embeddable":true,"href":"https:\/\/memurunsesi.net\/index.php\/wp-json\/wp\/v2\/categories?post=8880"},{"taxonomy":"post_tag","embeddable":true,"href":"https:\/\/memurunsesi.net\/index.php\/wp-json\/wp\/v2\/tags?post=8880"}],"curies":[{"name":"wp","href":"https:\/\/api.w.org\/{rel}","templated":true}]}}