{"id":8883,"date":"2025-07-02T14:42:18","date_gmt":"2025-07-02T11:42:18","guid":{"rendered":"https:\/\/memurunsesi.net\/?p=8883"},"modified":"2025-07-02T14:42:18","modified_gmt":"2025-07-02T11:42:18","slug":"yesil-vatan-icin-kesintisiz-mesai-yangin-yonetim-merkezinde-7-gun-24-saat-takip-ve-koordinasyon","status":"publish","type":"post","link":"https:\/\/memurunsesi.net\/index.php\/2025\/07\/02\/yesil-vatan-icin-kesintisiz-mesai-yangin-yonetim-merkezinde-7-gun-24-saat-takip-ve-koordinasyon\/","title":{"rendered":"Ye\u015fil vatan i\u00e7in kesintisiz mesai: Yang\u0131n Y\u00f6netim Merkezi&#8217;nde 7 g\u00fcn 24 saat takip ve koordinasyon"},"content":{"rendered":"<p>  &#8211; Tar\u0131m ve Orman Bakan\u0131 \u0130brahim Yumakl\u0131, Yang\u0131n Y\u00f6netim Merkezi&#8217;ni ziyaret etti  <\/p>\n<p> Tar\u0131m ve Orman Bakanl\u0131\u011f\u0131 Yang\u0131n Y\u00f6netim Merkezi, T\u00fcrkiye genelinde \u00e7\u0131kan orman yang\u0131nlar\u0131na kar\u015f\u0131 7 g\u00fcn 24 saat \u00e7al\u0131\u015farak m\u00fcdahale s\u00fcre\u00e7lerini anl\u0131k olarak y\u00f6netiyor.<br \/>\n  Tar\u0131m ve Orman Bakanl\u0131\u011f\u0131&#8217;na ba\u011fl\u0131 Orman Genel M\u00fcd\u00fcrl\u00fc\u011f\u00fc b\u00fcnyesindeki Yang\u0131n Y\u00f6netim Merkezi&#8217;nde g\u00f6revli ekipler, T\u00fcrkiye genelinde \u00e7\u0131kan orman yang\u0131nlar\u0131na kar\u015f\u0131 7 g\u00fcn 24 saat esas\u0131na g\u00f6re \u00e7al\u0131\u015farak, m\u00fcdahale s\u00fcre\u00e7lerini anl\u0131k olarak izleyip y\u00f6netiyor. Gelen yang\u0131n ihbarlar\u0131 \u00fczerine hava ve kara unsurlar\u0131n\u0131n y\u00f6nlendirilmesiyle birlikte m\u00fcdahale s\u00fcreci ba\u015flat\u0131l\u0131yor. Merkezde g\u00f6revli ekipler, yang\u0131n\u0131n b\u00fcy\u00fckl\u00fc\u011f\u00fcne ve bulundu\u011fu b\u00f6lgeye g\u00f6re h\u0131zla koordinasyonu sa\u011flayarak, personel ve ekipman sevkini ger\u00e7ekle\u015ftiriyor.<br \/>\n  Tar\u0131m ve Orman Bakan\u0131 \u0130brahim Yumakl\u0131, artan yang\u0131nlara kar\u015f\u0131 s\u00fcrd\u00fcr\u00fclen yo\u011fun m\u00fccadele kapsam\u0131nda Yang\u0131n Y\u00f6netim Merkezi&#8217;ni ziyaret etti. Merkezde g\u00f6revli ekiplerden sahadaki son durum hakk\u0131nda bilgi alan Bakan Yumakl\u0131, hava ve kara unsurlar\u0131n\u0131n sevk s\u00fcrecine ili\u015fkin koordinasyon ekranlar\u0131n\u0131 da inceledi. <\/p>\n<p>  &#8220;40 dakika olan yang\u0131nlara ilk m\u00fcdahale s\u00fcremiz 11 dakikaya d\u00fc\u015ft\u00fc&#8221;<br \/>\n  Orman Yang\u0131nlar\u0131yla M\u00fccadele Dairesi Ba\u015fkan\u0131 Alper Y\u0131lmaz, Yang\u0131n Y\u00f6netim Merkezi ile ilgili yapt\u0131\u011f\u0131 a\u00e7\u0131klamada, &#8220;Bir g\u00fcn \u00f6ncesinden yang\u0131n risklerini belirleyen haritay\u0131, haftal\u0131k meteoroloji hava risk haritas\u0131n\u0131 analiz ediyoruz. 2742 tane m\u00fcdahale arac\u0131m\u0131z aktif olarak o periyotta riskin y\u00fcksek oldu\u011fu saatlerde devriyeler at\u0131yor. 14 tane \u0130HA&#8217;m\u0131z\u0131n \u00f6zellikle operasyonel olarak bir g\u00fcn \u00f6ncesinde bu harita \u00fczerinden riskin y\u00fcksek oldu\u011fu alanlar\u0131 koordinatland\u0131r\u0131yor, rotalar olu\u015fturuyoruz. Ertesi g\u00fcn g\u00fcn\u00fcn hangi saatinde, hangi m\u0131nt\u0131kalarda risk fazlaysa a\u011f\u0131rl\u0131k olarak oralarda g\u00f6rev yapmalar\u0131n\u0131 sa\u011fl\u0131yoruz. 2000&#8217;li y\u0131llarda 40 dakika olan yang\u0131nlara ilk m\u00fcdahale s\u00fcremiz, artan makine fark\u0131m\u0131z, ara\u00e7 gerecimiz, ekipmanlar\u0131m\u0131zla birlikte \u015fu anda 11 dakikalara d\u00fc\u015fm\u00fc\u015f durumda&#8221; dedi.<br \/>\n  Y\u0131lmaz, ayn\u0131 zamanda 401 yang\u0131n\u0131n 399&#8217;unun s\u00f6nd\u00fcr\u00fcld\u00fc\u011f\u00fcn\u00fc, 2&#8217;sis de kontrol\u00fcn\u00fcn sa\u011fland\u0131\u011f\u0131n\u0131 s\u00f6yledi. Y\u0131lmaz, \u00f6\u011flen sonunda bahsedilen iki b\u00f6lgede kuvvetli r\u00fczgar beklendi\u011fini, Meteorolojik risk haritas\u0131na g\u00f6re de \u00e7ar\u015famba, per\u015fembe ve cuma g\u00fcnleri ciddi manada r\u00fczgar oldu\u011funu belirtti. <\/p>\n<p>  \u0130HA&#8217;lar kritik \u00f6neme sahip<br \/>\n  Merkezin i\u00e7erisinde yer alan teknik kontrol odas\u0131, insans\u0131z hava ara\u00e7lar\u0131n\u0131n y\u00f6netimi a\u00e7\u0131s\u0131ndan kritik \u00f6neme sahip. Orman te\u015fkilat\u0131n\u0131n envanterinde bulunan \u0130HA&#8217;lar, bu odadan 7\/24 izleniyor ve y\u00f6nlendiriliyor. Yang\u0131n uzmanlar\u0131 ise Meteorolojik Erken Uyar\u0131 Sistemi (MEUS) \u00fczerinden elde ettikleri verilerle riskli hava ko\u015fullar\u0131n\u0131 \u00f6nceden tespit ederek, ilgili birimlere uyar\u0131 g\u00f6nderiyor. <\/p>\n<p>  Teknolojiler yapay zeka destekli<br \/>\n  Merkezde kullan\u0131lan sistemler, yapay zeka teknolojisiyle de destekleniyor. Karar Destek Sistemi ad\u0131 verilen yaz\u0131l\u0131m sayesinde yang\u0131n riski ta\u015f\u0131yan b\u00f6lgeler \u00f6nceden analiz edilerek, daha yang\u0131n ba\u015flamadan gerekli ad\u0131mlar at\u0131l\u0131yor. Bu y\u0131l ilk kez hizmete al\u0131nan mobil yang\u0131n y\u00f6netim arac\u0131 da b\u00fcy\u00fck yang\u0131nlarda devreye giriyor. Ankara&#8217;daki sistemin mobil versiyonunu sahaya ta\u015f\u0131yan ara\u00e7, olay yerinde daha h\u0131zl\u0131 ve etkin kararlar al\u0131nmas\u0131n\u0131 sa\u011fl\u0131yor. <\/p>\n<p>  Rezerv g\u00fc\u00e7ler de devrede<br \/>\n  Muhtemel bir afet durumunda T\u00fcrk Silahl\u0131 Kuvvetleri, jandarma ve di\u011fer kamu kurumlar\u0131na ait kara ve hava unsurlar\u0131n\u0131n s\u00fcrece dahil edilmesi i\u00e7in de yine bu merkezde koordinasyon sa\u011flan\u0131yor. <\/p>\n<p>2.07.2025                                <\/p>\n","protected":false},"excerpt":{"rendered":"<p>&#8211; Tar\u0131m ve Orman Bakan\u0131 \u0130brahim Yumakl\u0131, Yang\u0131n Y\u00f6netim Merkezi&#8217;ni ziyaret etti Tar\u0131m ve Orman Bakanl\u0131\u011f\u0131 Yang\u0131n Y\u00f6netim Merkezi, T\u00fcrkiye genelinde \u00e7\u0131kan orman yang\u0131nlar\u0131na kar\u015f\u0131 7 g\u00fcn 24 saat \u00e7al\u0131\u015farak m\u00fcdahale s\u00fcre\u00e7lerini anl\u0131k olarak y\u00f6netiyor. Tar\u0131m ve Orman Bakanl\u0131\u011f\u0131&#8217;na ba\u011fl\u0131 Orman Genel M\u00fcd\u00fcrl\u00fc\u011f\u00fc b\u00fcnyesindeki Yang\u0131n Y\u00f6netim Merkezi&#8217;nde g\u00f6revli ekipler, T\u00fcrkiye genelinde \u00e7\u0131kan orman yang\u0131nlar\u0131na kar\u015f\u0131 [&hellip;]<\/p>\n","protected":false},"author":1,"featured_media":8884,"comment_status":"open","ping_status":"open","sticky":false,"template":"","format":"standard","meta":{"footnotes":""},"categories":[45],"tags":[],"class_list":["post-8883","post","type-post","status-publish","format-standard","has-post-thumbnail","hentry","category-gundem"],"yoast_head":"<!-- This site is optimized with the Yoast SEO plugin v27.4 - https:\/\/yoast.com\/product\/yoast-seo-wordpress\/ -->\n<title>Ye\u015fil vatan i\u00e7in kesintisiz mesai: Yang\u0131n Y\u00f6netim Merkezi&#039;nde 7 g\u00fcn 24 saat takip ve koordinasyon - Memurun Sesi<\/title>\n<meta name=\"robots\" content=\"index, follow, max-snippet:-1, max-image-preview:large, max-video-preview:-1\" \/>\n<link rel=\"canonical\" href=\"https:\/\/memurunsesi.net\/index.php\/2025\/07\/02\/yesil-vatan-icin-kesintisiz-mesai-yangin-yonetim-merkezinde-7-gun-24-saat-takip-ve-koordinasyon\/\" \/>\n<meta property=\"og:locale\" content=\"tr_TR\" \/>\n<meta property=\"og:type\" content=\"article\" \/>\n<meta property=\"og:title\" content=\"Ye\u015fil vatan i\u00e7in kesintisiz mesai: Yang\u0131n Y\u00f6netim Merkezi&#039;nde 7 g\u00fcn 24 saat takip ve koordinasyon - Memurun Sesi\" \/>\n<meta property=\"og:description\" content=\"&#8211; Tar\u0131m ve Orman Bakan\u0131 \u0130brahim Yumakl\u0131, Yang\u0131n Y\u00f6netim Merkezi&#8217;ni ziyaret etti Tar\u0131m ve Orman Bakanl\u0131\u011f\u0131 Yang\u0131n Y\u00f6netim Merkezi, T\u00fcrkiye genelinde \u00e7\u0131kan orman yang\u0131nlar\u0131na kar\u015f\u0131 7 g\u00fcn 24 saat \u00e7al\u0131\u015farak m\u00fcdahale s\u00fcre\u00e7lerini anl\u0131k olarak y\u00f6netiyor. Tar\u0131m ve Orman Bakanl\u0131\u011f\u0131&#8217;na ba\u011fl\u0131 Orman Genel M\u00fcd\u00fcrl\u00fc\u011f\u00fc b\u00fcnyesindeki Yang\u0131n Y\u00f6netim Merkezi&#8217;nde g\u00f6revli ekipler, T\u00fcrkiye genelinde \u00e7\u0131kan orman yang\u0131nlar\u0131na kar\u015f\u0131 [&hellip;]\" \/>\n<meta property=\"og:url\" content=\"https:\/\/memurunsesi.net\/index.php\/2025\/07\/02\/yesil-vatan-icin-kesintisiz-mesai-yangin-yonetim-merkezinde-7-gun-24-saat-takip-ve-koordinasyon\/\" \/>\n<meta property=\"og:site_name\" content=\"Memurun Sesi\" \/>\n<meta property=\"article:publisher\" content=\"https:\/\/www.facebook.com\/unipersen\/?locale=tr_TR\" \/>\n<meta property=\"article:published_time\" content=\"2025-07-02T11:42:18+00:00\" \/>\n<meta property=\"og:image\" content=\"https:\/\/memurunsesi.net\/wp-content\/uploads\/2025\/07\/AW488940_02.jpg\" \/>\n\t<meta property=\"og:image:width\" content=\"1041\" \/>\n\t<meta property=\"og:image:height\" content=\"582\" \/>\n\t<meta property=\"og:image:type\" content=\"image\/jpeg\" \/>\n<meta name=\"author\" content=\"Memurun Sesi Haber Merkezi\" \/>\n<meta name=\"twitter:card\" content=\"summary_large_image\" \/>\n<meta name=\"twitter:creator\" content=\"@unipersen\" \/>\n<meta name=\"twitter:site\" content=\"@unipersen\" \/>\n<meta name=\"twitter:label1\" content=\"Yazan:\" \/>\n\t<meta name=\"twitter:data1\" content=\"Memurun Sesi Haber Merkezi\" \/>\n\t<meta name=\"twitter:label2\" content=\"Tahmini okuma s\u00fcresi\" \/>\n\t<meta name=\"twitter:data2\" content=\"1 dakika\" \/>\n<script type=\"application\/ld+json\" class=\"yoast-schema-graph\">{\"@context\":\"https:\\\/\\\/schema.org\",\"@graph\":[{\"@type\":\"Article\",\"@id\":\"https:\\\/\\\/memurunsesi.net\\\/index.php\\\/2025\\\/07\\\/02\\\/yesil-vatan-icin-kesintisiz-mesai-yangin-yonetim-merkezinde-7-gun-24-saat-takip-ve-koordinasyon\\\/#article\",\"isPartOf\":{\"@id\":\"https:\\\/\\\/memurunsesi.net\\\/index.php\\\/2025\\\/07\\\/02\\\/yesil-vatan-icin-kesintisiz-mesai-yangin-yonetim-merkezinde-7-gun-24-saat-takip-ve-koordinasyon\\\/\"},\"author\":{\"name\":\"Memurun Sesi Haber Merkezi\",\"@id\":\"https:\\\/\\\/memurunsesi.net\\\/#\\\/schema\\\/person\\\/f21c2d73b89f6ee1d80b0a1803e38587\"},\"headline\":\"Ye\u015fil vatan i\u00e7in kesintisiz mesai: Yang\u0131n Y\u00f6netim Merkezi&#8217;nde 7 g\u00fcn 24 saat takip ve koordinasyon\",\"datePublished\":\"2025-07-02T11:42:18+00:00\",\"mainEntityOfPage\":{\"@id\":\"https:\\\/\\\/memurunsesi.net\\\/index.php\\\/2025\\\/07\\\/02\\\/yesil-vatan-icin-kesintisiz-mesai-yangin-yonetim-merkezinde-7-gun-24-saat-takip-ve-koordinasyon\\\/\"},\"wordCount\":642,\"commentCount\":0,\"publisher\":{\"@id\":\"https:\\\/\\\/memurunsesi.net\\\/#organization\"},\"image\":{\"@id\":\"https:\\\/\\\/memurunsesi.net\\\/index.php\\\/2025\\\/07\\\/02\\\/yesil-vatan-icin-kesintisiz-mesai-yangin-yonetim-merkezinde-7-gun-24-saat-takip-ve-koordinasyon\\\/#primaryimage\"},\"thumbnailUrl\":\"https:\\\/\\\/memurunsesi.net\\\/wp-content\\\/uploads\\\/2025\\\/07\\\/AW488940_02.jpg\",\"articleSection\":[\"G\u00fcndem\"],\"inLanguage\":\"tr\",\"potentialAction\":[{\"@type\":\"CommentAction\",\"name\":\"Comment\",\"target\":[\"https:\\\/\\\/memurunsesi.net\\\/index.php\\\/2025\\\/07\\\/02\\\/yesil-vatan-icin-kesintisiz-mesai-yangin-yonetim-merkezinde-7-gun-24-saat-takip-ve-koordinasyon\\\/#respond\"]}]},{\"@type\":\"WebPage\",\"@id\":\"https:\\\/\\\/memurunsesi.net\\\/index.php\\\/2025\\\/07\\\/02\\\/yesil-vatan-icin-kesintisiz-mesai-yangin-yonetim-merkezinde-7-gun-24-saat-takip-ve-koordinasyon\\\/\",\"url\":\"https:\\\/\\\/memurunsesi.net\\\/index.php\\\/2025\\\/07\\\/02\\\/yesil-vatan-icin-kesintisiz-mesai-yangin-yonetim-merkezinde-7-gun-24-saat-takip-ve-koordinasyon\\\/\",\"name\":\"Ye\u015fil vatan i\u00e7in kesintisiz mesai: Yang\u0131n Y\u00f6netim Merkezi'nde 7 g\u00fcn 24 saat takip ve koordinasyon - Memurun Sesi\",\"isPartOf\":{\"@id\":\"https:\\\/\\\/memurunsesi.net\\\/#website\"},\"primaryImageOfPage\":{\"@id\":\"https:\\\/\\\/memurunsesi.net\\\/index.php\\\/2025\\\/07\\\/02\\\/yesil-vatan-icin-kesintisiz-mesai-yangin-yonetim-merkezinde-7-gun-24-saat-takip-ve-koordinasyon\\\/#primaryimage\"},\"image\":{\"@id\":\"https:\\\/\\\/memurunsesi.net\\\/index.php\\\/2025\\\/07\\\/02\\\/yesil-vatan-icin-kesintisiz-mesai-yangin-yonetim-merkezinde-7-gun-24-saat-takip-ve-koordinasyon\\\/#primaryimage\"},\"thumbnailUrl\":\"https:\\\/\\\/memurunsesi.net\\\/wp-content\\\/uploads\\\/2025\\\/07\\\/AW488940_02.jpg\",\"datePublished\":\"2025-07-02T11:42:18+00:00\",\"breadcrumb\":{\"@id\":\"https:\\\/\\\/memurunsesi.net\\\/index.php\\\/2025\\\/07\\\/02\\\/yesil-vatan-icin-kesintisiz-mesai-yangin-yonetim-merkezinde-7-gun-24-saat-takip-ve-koordinasyon\\\/#breadcrumb\"},\"inLanguage\":\"tr\",\"potentialAction\":[{\"@type\":\"ReadAction\",\"target\":[\"https:\\\/\\\/memurunsesi.net\\\/index.php\\\/2025\\\/07\\\/02\\\/yesil-vatan-icin-kesintisiz-mesai-yangin-yonetim-merkezinde-7-gun-24-saat-takip-ve-koordinasyon\\\/\"]}]},{\"@type\":\"ImageObject\",\"inLanguage\":\"tr\",\"@id\":\"https:\\\/\\\/memurunsesi.net\\\/index.php\\\/2025\\\/07\\\/02\\\/yesil-vatan-icin-kesintisiz-mesai-yangin-yonetim-merkezinde-7-gun-24-saat-takip-ve-koordinasyon\\\/#primaryimage\",\"url\":\"https:\\\/\\\/memurunsesi.net\\\/wp-content\\\/uploads\\\/2025\\\/07\\\/AW488940_02.jpg\",\"contentUrl\":\"https:\\\/\\\/memurunsesi.net\\\/wp-content\\\/uploads\\\/2025\\\/07\\\/AW488940_02.jpg\",\"width\":1041,\"height\":582},{\"@type\":\"BreadcrumbList\",\"@id\":\"https:\\\/\\\/memurunsesi.net\\\/index.php\\\/2025\\\/07\\\/02\\\/yesil-vatan-icin-kesintisiz-mesai-yangin-yonetim-merkezinde-7-gun-24-saat-takip-ve-koordinasyon\\\/#breadcrumb\",\"itemListElement\":[{\"@type\":\"ListItem\",\"position\":1,\"name\":\"Anasayfa\",\"item\":\"https:\\\/\\\/memurunsesi.net\\\/\"},{\"@type\":\"ListItem\",\"position\":2,\"name\":\"Ye\u015fil vatan i\u00e7in kesintisiz mesai: Yang\u0131n Y\u00f6netim Merkezi&#8217;nde 7 g\u00fcn 24 saat takip ve koordinasyon\"}]},{\"@type\":\"WebSite\",\"@id\":\"https:\\\/\\\/memurunsesi.net\\\/#website\",\"url\":\"https:\\\/\\\/memurunsesi.net\\\/\",\"name\":\"Memurun Sesi\",\"description\":\"G\u00fcncel ve Do\u011fru Haber\",\"publisher\":{\"@id\":\"https:\\\/\\\/memurunsesi.net\\\/#organization\"},\"potentialAction\":[{\"@type\":\"SearchAction\",\"target\":{\"@type\":\"EntryPoint\",\"urlTemplate\":\"https:\\\/\\\/memurunsesi.net\\\/?s={search_term_string}\"},\"query-input\":{\"@type\":\"PropertyValueSpecification\",\"valueRequired\":true,\"valueName\":\"search_term_string\"}}],\"inLanguage\":\"tr\"},{\"@type\":\"Organization\",\"@id\":\"https:\\\/\\\/memurunsesi.net\\\/#organization\",\"name\":\"Memurun Sesi\",\"url\":\"https:\\\/\\\/memurunsesi.net\\\/\",\"logo\":{\"@type\":\"ImageObject\",\"inLanguage\":\"tr\",\"@id\":\"https:\\\/\\\/memurunsesi.net\\\/#\\\/schema\\\/logo\\\/image\\\/\",\"url\":\"https:\\\/\\\/memurunsesi.net\\\/wp-content\\\/uploads\\\/2025\\\/11\\\/cropped-MEMURUN-SESI.png\",\"contentUrl\":\"https:\\\/\\\/memurunsesi.net\\\/wp-content\\\/uploads\\\/2025\\\/11\\\/cropped-MEMURUN-SESI.png\",\"width\":238,\"height\":57,\"caption\":\"Memurun Sesi\"},\"image\":{\"@id\":\"https:\\\/\\\/memurunsesi.net\\\/#\\\/schema\\\/logo\\\/image\\\/\"},\"sameAs\":[\"https:\\\/\\\/www.facebook.com\\\/unipersen\\\/?locale=tr_TR\",\"https:\\\/\\\/x.com\\\/unipersen\"]},{\"@type\":\"Person\",\"@id\":\"https:\\\/\\\/memurunsesi.net\\\/#\\\/schema\\\/person\\\/f21c2d73b89f6ee1d80b0a1803e38587\",\"name\":\"Memurun Sesi Haber Merkezi\",\"image\":{\"@type\":\"ImageObject\",\"inLanguage\":\"tr\",\"@id\":\"https:\\\/\\\/secure.gravatar.com\\\/avatar\\\/6cf0505f452ee753f485014986fab09a434671d2b919ee76fc541025c5876a70?s=96&d=mm&r=g\",\"url\":\"https:\\\/\\\/secure.gravatar.com\\\/avatar\\\/6cf0505f452ee753f485014986fab09a434671d2b919ee76fc541025c5876a70?s=96&d=mm&r=g\",\"contentUrl\":\"https:\\\/\\\/secure.gravatar.com\\\/avatar\\\/6cf0505f452ee753f485014986fab09a434671d2b919ee76fc541025c5876a70?s=96&d=mm&r=g\",\"caption\":\"Memurun Sesi Haber Merkezi\"},\"sameAs\":[\"https:\\\/\\\/memurunsesi.net\"],\"url\":\"https:\\\/\\\/memurunsesi.net\\\/index.php\\\/author\\\/uniper\\\/\"}]}<\/script>\n<!-- \/ Yoast SEO plugin. -->","yoast_head_json":{"title":"Ye\u015fil vatan i\u00e7in kesintisiz mesai: Yang\u0131n Y\u00f6netim Merkezi'nde 7 g\u00fcn 24 saat takip ve koordinasyon - Memurun Sesi","robots":{"index":"index","follow":"follow","max-snippet":"max-snippet:-1","max-image-preview":"max-image-preview:large","max-video-preview":"max-video-preview:-1"},"canonical":"https:\/\/memurunsesi.net\/index.php\/2025\/07\/02\/yesil-vatan-icin-kesintisiz-mesai-yangin-yonetim-merkezinde-7-gun-24-saat-takip-ve-koordinasyon\/","og_locale":"tr_TR","og_type":"article","og_title":"Ye\u015fil vatan i\u00e7in kesintisiz mesai: Yang\u0131n Y\u00f6netim Merkezi'nde 7 g\u00fcn 24 saat takip ve koordinasyon - Memurun Sesi","og_description":"&#8211; Tar\u0131m ve Orman Bakan\u0131 \u0130brahim Yumakl\u0131, Yang\u0131n Y\u00f6netim Merkezi&#8217;ni ziyaret etti Tar\u0131m ve Orman Bakanl\u0131\u011f\u0131 Yang\u0131n Y\u00f6netim Merkezi, T\u00fcrkiye genelinde \u00e7\u0131kan orman yang\u0131nlar\u0131na kar\u015f\u0131 7 g\u00fcn 24 saat \u00e7al\u0131\u015farak m\u00fcdahale s\u00fcre\u00e7lerini anl\u0131k olarak y\u00f6netiyor. Tar\u0131m ve Orman Bakanl\u0131\u011f\u0131&#8217;na ba\u011fl\u0131 Orman Genel M\u00fcd\u00fcrl\u00fc\u011f\u00fc b\u00fcnyesindeki Yang\u0131n Y\u00f6netim Merkezi&#8217;nde g\u00f6revli ekipler, T\u00fcrkiye genelinde \u00e7\u0131kan orman yang\u0131nlar\u0131na kar\u015f\u0131 [&hellip;]","og_url":"https:\/\/memurunsesi.net\/index.php\/2025\/07\/02\/yesil-vatan-icin-kesintisiz-mesai-yangin-yonetim-merkezinde-7-gun-24-saat-takip-ve-koordinasyon\/","og_site_name":"Memurun Sesi","article_publisher":"https:\/\/www.facebook.com\/unipersen\/?locale=tr_TR","article_published_time":"2025-07-02T11:42:18+00:00","og_image":[{"width":1041,"height":582,"url":"https:\/\/memurunsesi.net\/wp-content\/uploads\/2025\/07\/AW488940_02.jpg","type":"image\/jpeg"}],"author":"Memurun Sesi Haber Merkezi","twitter_card":"summary_large_image","twitter_creator":"@unipersen","twitter_site":"@unipersen","twitter_misc":{"Yazan:":"Memurun Sesi Haber Merkezi","Tahmini okuma s\u00fcresi":"1 dakika"},"schema":{"@context":"https:\/\/schema.org","@graph":[{"@type":"Article","@id":"https:\/\/memurunsesi.net\/index.php\/2025\/07\/02\/yesil-vatan-icin-kesintisiz-mesai-yangin-yonetim-merkezinde-7-gun-24-saat-takip-ve-koordinasyon\/#article","isPartOf":{"@id":"https:\/\/memurunsesi.net\/index.php\/2025\/07\/02\/yesil-vatan-icin-kesintisiz-mesai-yangin-yonetim-merkezinde-7-gun-24-saat-takip-ve-koordinasyon\/"},"author":{"name":"Memurun Sesi Haber Merkezi","@id":"https:\/\/memurunsesi.net\/#\/schema\/person\/f21c2d73b89f6ee1d80b0a1803e38587"},"headline":"Ye\u015fil vatan i\u00e7in kesintisiz mesai: Yang\u0131n Y\u00f6netim Merkezi&#8217;nde 7 g\u00fcn 24 saat takip ve koordinasyon","datePublished":"2025-07-02T11:42:18+00:00","mainEntityOfPage":{"@id":"https:\/\/memurunsesi.net\/index.php\/2025\/07\/02\/yesil-vatan-icin-kesintisiz-mesai-yangin-yonetim-merkezinde-7-gun-24-saat-takip-ve-koordinasyon\/"},"wordCount":642,"commentCount":0,"publisher":{"@id":"https:\/\/memurunsesi.net\/#organization"},"image":{"@id":"https:\/\/memurunsesi.net\/index.php\/2025\/07\/02\/yesil-vatan-icin-kesintisiz-mesai-yangin-yonetim-merkezinde-7-gun-24-saat-takip-ve-koordinasyon\/#primaryimage"},"thumbnailUrl":"https:\/\/memurunsesi.net\/wp-content\/uploads\/2025\/07\/AW488940_02.jpg","articleSection":["G\u00fcndem"],"inLanguage":"tr","potentialAction":[{"@type":"CommentAction","name":"Comment","target":["https:\/\/memurunsesi.net\/index.php\/2025\/07\/02\/yesil-vatan-icin-kesintisiz-mesai-yangin-yonetim-merkezinde-7-gun-24-saat-takip-ve-koordinasyon\/#respond"]}]},{"@type":"WebPage","@id":"https:\/\/memurunsesi.net\/index.php\/2025\/07\/02\/yesil-vatan-icin-kesintisiz-mesai-yangin-yonetim-merkezinde-7-gun-24-saat-takip-ve-koordinasyon\/","url":"https:\/\/memurunsesi.net\/index.php\/2025\/07\/02\/yesil-vatan-icin-kesintisiz-mesai-yangin-yonetim-merkezinde-7-gun-24-saat-takip-ve-koordinasyon\/","name":"Ye\u015fil vatan i\u00e7in kesintisiz mesai: Yang\u0131n Y\u00f6netim Merkezi'nde 7 g\u00fcn 24 saat takip ve koordinasyon - Memurun Sesi","isPartOf":{"@id":"https:\/\/memurunsesi.net\/#website"},"primaryImageOfPage":{"@id":"https:\/\/memurunsesi.net\/index.php\/2025\/07\/02\/yesil-vatan-icin-kesintisiz-mesai-yangin-yonetim-merkezinde-7-gun-24-saat-takip-ve-koordinasyon\/#primaryimage"},"image":{"@id":"https:\/\/memurunsesi.net\/index.php\/2025\/07\/02\/yesil-vatan-icin-kesintisiz-mesai-yangin-yonetim-merkezinde-7-gun-24-saat-takip-ve-koordinasyon\/#primaryimage"},"thumbnailUrl":"https:\/\/memurunsesi.net\/wp-content\/uploads\/2025\/07\/AW488940_02.jpg","datePublished":"2025-07-02T11:42:18+00:00","breadcrumb":{"@id":"https:\/\/memurunsesi.net\/index.php\/2025\/07\/02\/yesil-vatan-icin-kesintisiz-mesai-yangin-yonetim-merkezinde-7-gun-24-saat-takip-ve-koordinasyon\/#breadcrumb"},"inLanguage":"tr","potentialAction":[{"@type":"ReadAction","target":["https:\/\/memurunsesi.net\/index.php\/2025\/07\/02\/yesil-vatan-icin-kesintisiz-mesai-yangin-yonetim-merkezinde-7-gun-24-saat-takip-ve-koordinasyon\/"]}]},{"@type":"ImageObject","inLanguage":"tr","@id":"https:\/\/memurunsesi.net\/index.php\/2025\/07\/02\/yesil-vatan-icin-kesintisiz-mesai-yangin-yonetim-merkezinde-7-gun-24-saat-takip-ve-koordinasyon\/#primaryimage","url":"https:\/\/memurunsesi.net\/wp-content\/uploads\/2025\/07\/AW488940_02.jpg","contentUrl":"https:\/\/memurunsesi.net\/wp-content\/uploads\/2025\/07\/AW488940_02.jpg","width":1041,"height":582},{"@type":"BreadcrumbList","@id":"https:\/\/memurunsesi.net\/index.php\/2025\/07\/02\/yesil-vatan-icin-kesintisiz-mesai-yangin-yonetim-merkezinde-7-gun-24-saat-takip-ve-koordinasyon\/#breadcrumb","itemListElement":[{"@type":"ListItem","position":1,"name":"Anasayfa","item":"https:\/\/memurunsesi.net\/"},{"@type":"ListItem","position":2,"name":"Ye\u015fil vatan i\u00e7in kesintisiz mesai: Yang\u0131n Y\u00f6netim Merkezi&#8217;nde 7 g\u00fcn 24 saat takip ve koordinasyon"}]},{"@type":"WebSite","@id":"https:\/\/memurunsesi.net\/#website","url":"https:\/\/memurunsesi.net\/","name":"Memurun Sesi","description":"G\u00fcncel ve Do\u011fru Haber","publisher":{"@id":"https:\/\/memurunsesi.net\/#organization"},"potentialAction":[{"@type":"SearchAction","target":{"@type":"EntryPoint","urlTemplate":"https:\/\/memurunsesi.net\/?s={search_term_string}"},"query-input":{"@type":"PropertyValueSpecification","valueRequired":true,"valueName":"search_term_string"}}],"inLanguage":"tr"},{"@type":"Organization","@id":"https:\/\/memurunsesi.net\/#organization","name":"Memurun Sesi","url":"https:\/\/memurunsesi.net\/","logo":{"@type":"ImageObject","inLanguage":"tr","@id":"https:\/\/memurunsesi.net\/#\/schema\/logo\/image\/","url":"https:\/\/memurunsesi.net\/wp-content\/uploads\/2025\/11\/cropped-MEMURUN-SESI.png","contentUrl":"https:\/\/memurunsesi.net\/wp-content\/uploads\/2025\/11\/cropped-MEMURUN-SESI.png","width":238,"height":57,"caption":"Memurun Sesi"},"image":{"@id":"https:\/\/memurunsesi.net\/#\/schema\/logo\/image\/"},"sameAs":["https:\/\/www.facebook.com\/unipersen\/?locale=tr_TR","https:\/\/x.com\/unipersen"]},{"@type":"Person","@id":"https:\/\/memurunsesi.net\/#\/schema\/person\/f21c2d73b89f6ee1d80b0a1803e38587","name":"Memurun Sesi Haber Merkezi","image":{"@type":"ImageObject","inLanguage":"tr","@id":"https:\/\/secure.gravatar.com\/avatar\/6cf0505f452ee753f485014986fab09a434671d2b919ee76fc541025c5876a70?s=96&d=mm&r=g","url":"https:\/\/secure.gravatar.com\/avatar\/6cf0505f452ee753f485014986fab09a434671d2b919ee76fc541025c5876a70?s=96&d=mm&r=g","contentUrl":"https:\/\/secure.gravatar.com\/avatar\/6cf0505f452ee753f485014986fab09a434671d2b919ee76fc541025c5876a70?s=96&d=mm&r=g","caption":"Memurun Sesi Haber Merkezi"},"sameAs":["https:\/\/memurunsesi.net"],"url":"https:\/\/memurunsesi.net\/index.php\/author\/uniper\/"}]}},"_links":{"self":[{"href":"https:\/\/memurunsesi.net\/index.php\/wp-json\/wp\/v2\/posts\/8883","targetHints":{"allow":["GET"]}}],"collection":[{"href":"https:\/\/memurunsesi.net\/index.php\/wp-json\/wp\/v2\/posts"}],"about":[{"href":"https:\/\/memurunsesi.net\/index.php\/wp-json\/wp\/v2\/types\/post"}],"author":[{"embeddable":true,"href":"https:\/\/memurunsesi.net\/index.php\/wp-json\/wp\/v2\/users\/1"}],"replies":[{"embeddable":true,"href":"https:\/\/memurunsesi.net\/index.php\/wp-json\/wp\/v2\/comments?post=8883"}],"version-history":[{"count":1,"href":"https:\/\/memurunsesi.net\/index.php\/wp-json\/wp\/v2\/posts\/8883\/revisions"}],"predecessor-version":[{"id":8885,"href":"https:\/\/memurunsesi.net\/index.php\/wp-json\/wp\/v2\/posts\/8883\/revisions\/8885"}],"wp:featuredmedia":[{"embeddable":true,"href":"https:\/\/memurunsesi.net\/index.php\/wp-json\/wp\/v2\/media\/8884"}],"wp:attachment":[{"href":"https:\/\/memurunsesi.net\/index.php\/wp-json\/wp\/v2\/media?parent=8883"}],"wp:term":[{"taxonomy":"category","embeddable":true,"href":"https:\/\/memurunsesi.net\/index.php\/wp-json\/wp\/v2\/categories?post=8883"},{"taxonomy":"post_tag","embeddable":true,"href":"https:\/\/memurunsesi.net\/index.php\/wp-json\/wp\/v2\/tags?post=8883"}],"curies":[{"name":"wp","href":"https:\/\/api.w.org\/{rel}","templated":true}]}}