{"id":8887,"date":"2025-07-03T05:21:17","date_gmt":"2025-07-03T02:21:17","guid":{"rendered":"https:\/\/memurunsesi.net\/?p=8887"},"modified":"2025-07-03T05:21:17","modified_gmt":"2025-07-03T02:21:17","slug":"paul-onuachu-yeniden-trabzonsporda","status":"publish","type":"post","link":"https:\/\/memurunsesi.net\/index.php\/2025\/07\/03\/paul-onuachu-yeniden-trabzonsporda\/","title":{"rendered":"Paul Onuachu, yeniden Trabzonspor\u2019da"},"content":{"rendered":"<p>   Trabzonspor\u2019da 2023-2024 sezonunda kiral\u0131k olarak forma giyen Nijeryal\u0131 golc\u00fc Paul Onuachu, yeniden bordo-mavili tak\u0131ma kat\u0131ld\u0131. Taraftarlar, eski golc\u00fclerini b\u00fcy\u00fck bir co\u015fkuyla kar\u015f\u0131lad\u0131.<br \/>\n  \u0130ngiltere\u2019nin Southampton FC kul\u00fcb\u00fcnden transfer edilen Onuachu, Hollanda\u2019n\u0131n Amsterdam kentinden kalkan \u00f6zel bir u\u00e7akla saat 23.20 s\u0131ralar\u0131nda ailesiyle birlikte Trabzon\u2019a geldi. Bordo-mavili ekibin yeni sezon beyaz formas\u0131yla taraftarlar\u0131n kar\u015f\u0131s\u0131na \u00e7\u0131kan Onuachu, \u00e7i\u00e7eklerle kar\u015f\u0131land\u0131. Ailesiyle birlikte co\u015fkulu kalabal\u0131\u011f\u0131n ortas\u0131nda mutlu oldu\u011fu g\u00f6zlenen deneyimli forvet, bas\u0131n mensuplar\u0131n\u0131n sorular\u0131n\u0131 yan\u0131tlad\u0131.<br \/>\n  \u0130lk olarak kiral\u0131k geldi\u011finde de b\u00fcy\u00fck bir sevgiyle kar\u015f\u0131land\u0131\u011f\u0131n\u0131 belirten Onuachu, &#8220;Kiral\u0131k olarak geldi\u011fimde o sevgiyi hissetmi\u015ftim. \u015eimdi uzun y\u0131llar buraday\u0131m. Bu \u015fehir ve bu tak\u0131mla bitmemi\u015f bir i\u015fim var. Taraftarlar\u0131n sevgisini ilk geldi\u011fimde de g\u00f6rm\u00fc\u015ft\u00fcm, bug\u00fcn de ayn\u0131 sevgiyi g\u00f6r\u00fcyorum. Di\u011fer tekliflere bakmad\u0131m, \u00e7\u00fcnk\u00fc burada olmak istedim. Bu sevgiye kar\u015f\u0131l\u0131k verebilmek i\u00e7in buraday\u0131m. Hedefim, atabildi\u011fim kadar gol atmak. Tak\u0131m\u0131mla ve hocam\u0131zla birlikte bu sezon g\u00fczel i\u015fler yapmak istiyoruz&#8221; dedi.<br \/>\n  Yo\u011fun ilgi nedeniyle zaman zaman izdiham ya\u015fan\u0131rken, Onuachu kendisini bekleyen araca g\u00fc\u00e7l\u00fckle binebildi. Taraftarlar\u0131n sevgi g\u00f6sterileri, havaliman\u0131nda uzun s\u00fcre devam etti. <\/p>\n<p>2.07.2025                                   <\/p>\n","protected":false},"excerpt":{"rendered":"<p>Trabzonspor\u2019da 2023-2024 sezonunda kiral\u0131k olarak forma giyen Nijeryal\u0131 golc\u00fc Paul Onuachu, yeniden bordo-mavili tak\u0131ma kat\u0131ld\u0131. Taraftarlar, eski golc\u00fclerini b\u00fcy\u00fck bir co\u015fkuyla kar\u015f\u0131lad\u0131. \u0130ngiltere\u2019nin Southampton FC kul\u00fcb\u00fcnden transfer edilen Onuachu, Hollanda\u2019n\u0131n Amsterdam kentinden kalkan \u00f6zel bir u\u00e7akla saat 23.20 s\u0131ralar\u0131nda ailesiyle birlikte Trabzon\u2019a geldi. Bordo-mavili ekibin yeni sezon beyaz formas\u0131yla taraftarlar\u0131n kar\u015f\u0131s\u0131na \u00e7\u0131kan Onuachu, \u00e7i\u00e7eklerle kar\u015f\u0131land\u0131. [&hellip;]<\/p>\n","protected":false},"author":1,"featured_media":0,"comment_status":"open","ping_status":"open","sticky":false,"template":"","format":"standard","meta":{"footnotes":""},"categories":[57],"tags":[],"class_list":["post-8887","post","type-post","status-publish","format-standard","hentry","category-spor"],"yoast_head":"<!-- This site is optimized with the Yoast SEO plugin v27.4 - https:\/\/yoast.com\/product\/yoast-seo-wordpress\/ -->\n<title>Paul Onuachu, yeniden Trabzonspor\u2019da - Memurun Sesi<\/title>\n<meta name=\"robots\" content=\"index, follow, max-snippet:-1, max-image-preview:large, max-video-preview:-1\" \/>\n<link rel=\"canonical\" href=\"https:\/\/memurunsesi.net\/index.php\/2025\/07\/03\/paul-onuachu-yeniden-trabzonsporda\/\" \/>\n<meta property=\"og:locale\" content=\"tr_TR\" \/>\n<meta property=\"og:type\" content=\"article\" \/>\n<meta property=\"og:title\" content=\"Paul Onuachu, yeniden Trabzonspor\u2019da - Memurun Sesi\" \/>\n<meta property=\"og:description\" content=\"Trabzonspor\u2019da 2023-2024 sezonunda kiral\u0131k olarak forma giyen Nijeryal\u0131 golc\u00fc Paul Onuachu, yeniden bordo-mavili tak\u0131ma kat\u0131ld\u0131. Taraftarlar, eski golc\u00fclerini b\u00fcy\u00fck bir co\u015fkuyla kar\u015f\u0131lad\u0131. \u0130ngiltere\u2019nin Southampton FC kul\u00fcb\u00fcnden transfer edilen Onuachu, Hollanda\u2019n\u0131n Amsterdam kentinden kalkan \u00f6zel bir u\u00e7akla saat 23.20 s\u0131ralar\u0131nda ailesiyle birlikte Trabzon\u2019a geldi. Bordo-mavili ekibin yeni sezon beyaz formas\u0131yla taraftarlar\u0131n kar\u015f\u0131s\u0131na \u00e7\u0131kan Onuachu, \u00e7i\u00e7eklerle kar\u015f\u0131land\u0131. [&hellip;]\" \/>\n<meta property=\"og:url\" content=\"https:\/\/memurunsesi.net\/index.php\/2025\/07\/03\/paul-onuachu-yeniden-trabzonsporda\/\" \/>\n<meta property=\"og:site_name\" content=\"Memurun Sesi\" \/>\n<meta property=\"article:publisher\" content=\"https:\/\/www.facebook.com\/unipersen\/?locale=tr_TR\" \/>\n<meta property=\"article:published_time\" content=\"2025-07-03T02:21:17+00:00\" \/>\n<meta name=\"author\" content=\"Memurun Sesi Haber Merkezi\" \/>\n<meta name=\"twitter:card\" content=\"summary_large_image\" \/>\n<meta name=\"twitter:creator\" content=\"@unipersen\" \/>\n<meta name=\"twitter:site\" content=\"@unipersen\" \/>\n<meta name=\"twitter:label1\" content=\"Yazan:\" \/>\n\t<meta name=\"twitter:data1\" content=\"Memurun Sesi Haber Merkezi\" \/>\n\t<meta name=\"twitter:label2\" content=\"Tahmini okuma s\u00fcresi\" \/>\n\t<meta name=\"twitter:data2\" content=\"1 dakika\" \/>\n<script type=\"application\/ld+json\" class=\"yoast-schema-graph\">{\"@context\":\"https:\\\/\\\/schema.org\",\"@graph\":[{\"@type\":\"Article\",\"@id\":\"https:\\\/\\\/memurunsesi.net\\\/index.php\\\/2025\\\/07\\\/03\\\/paul-onuachu-yeniden-trabzonsporda\\\/#article\",\"isPartOf\":{\"@id\":\"https:\\\/\\\/memurunsesi.net\\\/index.php\\\/2025\\\/07\\\/03\\\/paul-onuachu-yeniden-trabzonsporda\\\/\"},\"author\":{\"name\":\"Memurun Sesi Haber Merkezi\",\"@id\":\"https:\\\/\\\/memurunsesi.net\\\/#\\\/schema\\\/person\\\/f21c2d73b89f6ee1d80b0a1803e38587\"},\"headline\":\"Paul Onuachu, yeniden Trabzonspor\u2019da\",\"datePublished\":\"2025-07-03T02:21:17+00:00\",\"mainEntityOfPage\":{\"@id\":\"https:\\\/\\\/memurunsesi.net\\\/index.php\\\/2025\\\/07\\\/03\\\/paul-onuachu-yeniden-trabzonsporda\\\/\"},\"wordCount\":240,\"commentCount\":0,\"publisher\":{\"@id\":\"https:\\\/\\\/memurunsesi.net\\\/#organization\"},\"articleSection\":[\"Spor\"],\"inLanguage\":\"tr\",\"potentialAction\":[{\"@type\":\"CommentAction\",\"name\":\"Comment\",\"target\":[\"https:\\\/\\\/memurunsesi.net\\\/index.php\\\/2025\\\/07\\\/03\\\/paul-onuachu-yeniden-trabzonsporda\\\/#respond\"]}]},{\"@type\":\"WebPage\",\"@id\":\"https:\\\/\\\/memurunsesi.net\\\/index.php\\\/2025\\\/07\\\/03\\\/paul-onuachu-yeniden-trabzonsporda\\\/\",\"url\":\"https:\\\/\\\/memurunsesi.net\\\/index.php\\\/2025\\\/07\\\/03\\\/paul-onuachu-yeniden-trabzonsporda\\\/\",\"name\":\"Paul Onuachu, yeniden Trabzonspor\u2019da - Memurun Sesi\",\"isPartOf\":{\"@id\":\"https:\\\/\\\/memurunsesi.net\\\/#website\"},\"datePublished\":\"2025-07-03T02:21:17+00:00\",\"breadcrumb\":{\"@id\":\"https:\\\/\\\/memurunsesi.net\\\/index.php\\\/2025\\\/07\\\/03\\\/paul-onuachu-yeniden-trabzonsporda\\\/#breadcrumb\"},\"inLanguage\":\"tr\",\"potentialAction\":[{\"@type\":\"ReadAction\",\"target\":[\"https:\\\/\\\/memurunsesi.net\\\/index.php\\\/2025\\\/07\\\/03\\\/paul-onuachu-yeniden-trabzonsporda\\\/\"]}]},{\"@type\":\"BreadcrumbList\",\"@id\":\"https:\\\/\\\/memurunsesi.net\\\/index.php\\\/2025\\\/07\\\/03\\\/paul-onuachu-yeniden-trabzonsporda\\\/#breadcrumb\",\"itemListElement\":[{\"@type\":\"ListItem\",\"position\":1,\"name\":\"Anasayfa\",\"item\":\"https:\\\/\\\/memurunsesi.net\\\/\"},{\"@type\":\"ListItem\",\"position\":2,\"name\":\"Paul Onuachu, yeniden Trabzonspor\u2019da\"}]},{\"@type\":\"WebSite\",\"@id\":\"https:\\\/\\\/memurunsesi.net\\\/#website\",\"url\":\"https:\\\/\\\/memurunsesi.net\\\/\",\"name\":\"Memurun Sesi\",\"description\":\"G\u00fcncel ve Do\u011fru Haber\",\"publisher\":{\"@id\":\"https:\\\/\\\/memurunsesi.net\\\/#organization\"},\"potentialAction\":[{\"@type\":\"SearchAction\",\"target\":{\"@type\":\"EntryPoint\",\"urlTemplate\":\"https:\\\/\\\/memurunsesi.net\\\/?s={search_term_string}\"},\"query-input\":{\"@type\":\"PropertyValueSpecification\",\"valueRequired\":true,\"valueName\":\"search_term_string\"}}],\"inLanguage\":\"tr\"},{\"@type\":\"Organization\",\"@id\":\"https:\\\/\\\/memurunsesi.net\\\/#organization\",\"name\":\"Memurun Sesi\",\"url\":\"https:\\\/\\\/memurunsesi.net\\\/\",\"logo\":{\"@type\":\"ImageObject\",\"inLanguage\":\"tr\",\"@id\":\"https:\\\/\\\/memurunsesi.net\\\/#\\\/schema\\\/logo\\\/image\\\/\",\"url\":\"https:\\\/\\\/memurunsesi.net\\\/wp-content\\\/uploads\\\/2025\\\/11\\\/cropped-MEMURUN-SESI.png\",\"contentUrl\":\"https:\\\/\\\/memurunsesi.net\\\/wp-content\\\/uploads\\\/2025\\\/11\\\/cropped-MEMURUN-SESI.png\",\"width\":238,\"height\":57,\"caption\":\"Memurun Sesi\"},\"image\":{\"@id\":\"https:\\\/\\\/memurunsesi.net\\\/#\\\/schema\\\/logo\\\/image\\\/\"},\"sameAs\":[\"https:\\\/\\\/www.facebook.com\\\/unipersen\\\/?locale=tr_TR\",\"https:\\\/\\\/x.com\\\/unipersen\"]},{\"@type\":\"Person\",\"@id\":\"https:\\\/\\\/memurunsesi.net\\\/#\\\/schema\\\/person\\\/f21c2d73b89f6ee1d80b0a1803e38587\",\"name\":\"Memurun Sesi Haber Merkezi\",\"image\":{\"@type\":\"ImageObject\",\"inLanguage\":\"tr\",\"@id\":\"https:\\\/\\\/secure.gravatar.com\\\/avatar\\\/6cf0505f452ee753f485014986fab09a434671d2b919ee76fc541025c5876a70?s=96&d=mm&r=g\",\"url\":\"https:\\\/\\\/secure.gravatar.com\\\/avatar\\\/6cf0505f452ee753f485014986fab09a434671d2b919ee76fc541025c5876a70?s=96&d=mm&r=g\",\"contentUrl\":\"https:\\\/\\\/secure.gravatar.com\\\/avatar\\\/6cf0505f452ee753f485014986fab09a434671d2b919ee76fc541025c5876a70?s=96&d=mm&r=g\",\"caption\":\"Memurun Sesi Haber Merkezi\"},\"sameAs\":[\"https:\\\/\\\/memurunsesi.net\"],\"url\":\"https:\\\/\\\/memurunsesi.net\\\/index.php\\\/author\\\/uniper\\\/\"}]}<\/script>\n<!-- \/ Yoast SEO plugin. -->","yoast_head_json":{"title":"Paul Onuachu, yeniden Trabzonspor\u2019da - Memurun Sesi","robots":{"index":"index","follow":"follow","max-snippet":"max-snippet:-1","max-image-preview":"max-image-preview:large","max-video-preview":"max-video-preview:-1"},"canonical":"https:\/\/memurunsesi.net\/index.php\/2025\/07\/03\/paul-onuachu-yeniden-trabzonsporda\/","og_locale":"tr_TR","og_type":"article","og_title":"Paul Onuachu, yeniden Trabzonspor\u2019da - Memurun Sesi","og_description":"Trabzonspor\u2019da 2023-2024 sezonunda kiral\u0131k olarak forma giyen Nijeryal\u0131 golc\u00fc Paul Onuachu, yeniden bordo-mavili tak\u0131ma kat\u0131ld\u0131. Taraftarlar, eski golc\u00fclerini b\u00fcy\u00fck bir co\u015fkuyla kar\u015f\u0131lad\u0131. \u0130ngiltere\u2019nin Southampton FC kul\u00fcb\u00fcnden transfer edilen Onuachu, Hollanda\u2019n\u0131n Amsterdam kentinden kalkan \u00f6zel bir u\u00e7akla saat 23.20 s\u0131ralar\u0131nda ailesiyle birlikte Trabzon\u2019a geldi. Bordo-mavili ekibin yeni sezon beyaz formas\u0131yla taraftarlar\u0131n kar\u015f\u0131s\u0131na \u00e7\u0131kan Onuachu, \u00e7i\u00e7eklerle kar\u015f\u0131land\u0131. [&hellip;]","og_url":"https:\/\/memurunsesi.net\/index.php\/2025\/07\/03\/paul-onuachu-yeniden-trabzonsporda\/","og_site_name":"Memurun Sesi","article_publisher":"https:\/\/www.facebook.com\/unipersen\/?locale=tr_TR","article_published_time":"2025-07-03T02:21:17+00:00","author":"Memurun Sesi Haber Merkezi","twitter_card":"summary_large_image","twitter_creator":"@unipersen","twitter_site":"@unipersen","twitter_misc":{"Yazan:":"Memurun Sesi Haber Merkezi","Tahmini okuma s\u00fcresi":"1 dakika"},"schema":{"@context":"https:\/\/schema.org","@graph":[{"@type":"Article","@id":"https:\/\/memurunsesi.net\/index.php\/2025\/07\/03\/paul-onuachu-yeniden-trabzonsporda\/#article","isPartOf":{"@id":"https:\/\/memurunsesi.net\/index.php\/2025\/07\/03\/paul-onuachu-yeniden-trabzonsporda\/"},"author":{"name":"Memurun Sesi Haber Merkezi","@id":"https:\/\/memurunsesi.net\/#\/schema\/person\/f21c2d73b89f6ee1d80b0a1803e38587"},"headline":"Paul Onuachu, yeniden Trabzonspor\u2019da","datePublished":"2025-07-03T02:21:17+00:00","mainEntityOfPage":{"@id":"https:\/\/memurunsesi.net\/index.php\/2025\/07\/03\/paul-onuachu-yeniden-trabzonsporda\/"},"wordCount":240,"commentCount":0,"publisher":{"@id":"https:\/\/memurunsesi.net\/#organization"},"articleSection":["Spor"],"inLanguage":"tr","potentialAction":[{"@type":"CommentAction","name":"Comment","target":["https:\/\/memurunsesi.net\/index.php\/2025\/07\/03\/paul-onuachu-yeniden-trabzonsporda\/#respond"]}]},{"@type":"WebPage","@id":"https:\/\/memurunsesi.net\/index.php\/2025\/07\/03\/paul-onuachu-yeniden-trabzonsporda\/","url":"https:\/\/memurunsesi.net\/index.php\/2025\/07\/03\/paul-onuachu-yeniden-trabzonsporda\/","name":"Paul Onuachu, yeniden Trabzonspor\u2019da - Memurun Sesi","isPartOf":{"@id":"https:\/\/memurunsesi.net\/#website"},"datePublished":"2025-07-03T02:21:17+00:00","breadcrumb":{"@id":"https:\/\/memurunsesi.net\/index.php\/2025\/07\/03\/paul-onuachu-yeniden-trabzonsporda\/#breadcrumb"},"inLanguage":"tr","potentialAction":[{"@type":"ReadAction","target":["https:\/\/memurunsesi.net\/index.php\/2025\/07\/03\/paul-onuachu-yeniden-trabzonsporda\/"]}]},{"@type":"BreadcrumbList","@id":"https:\/\/memurunsesi.net\/index.php\/2025\/07\/03\/paul-onuachu-yeniden-trabzonsporda\/#breadcrumb","itemListElement":[{"@type":"ListItem","position":1,"name":"Anasayfa","item":"https:\/\/memurunsesi.net\/"},{"@type":"ListItem","position":2,"name":"Paul Onuachu, yeniden Trabzonspor\u2019da"}]},{"@type":"WebSite","@id":"https:\/\/memurunsesi.net\/#website","url":"https:\/\/memurunsesi.net\/","name":"Memurun Sesi","description":"G\u00fcncel ve Do\u011fru Haber","publisher":{"@id":"https:\/\/memurunsesi.net\/#organization"},"potentialAction":[{"@type":"SearchAction","target":{"@type":"EntryPoint","urlTemplate":"https:\/\/memurunsesi.net\/?s={search_term_string}"},"query-input":{"@type":"PropertyValueSpecification","valueRequired":true,"valueName":"search_term_string"}}],"inLanguage":"tr"},{"@type":"Organization","@id":"https:\/\/memurunsesi.net\/#organization","name":"Memurun Sesi","url":"https:\/\/memurunsesi.net\/","logo":{"@type":"ImageObject","inLanguage":"tr","@id":"https:\/\/memurunsesi.net\/#\/schema\/logo\/image\/","url":"https:\/\/memurunsesi.net\/wp-content\/uploads\/2025\/11\/cropped-MEMURUN-SESI.png","contentUrl":"https:\/\/memurunsesi.net\/wp-content\/uploads\/2025\/11\/cropped-MEMURUN-SESI.png","width":238,"height":57,"caption":"Memurun Sesi"},"image":{"@id":"https:\/\/memurunsesi.net\/#\/schema\/logo\/image\/"},"sameAs":["https:\/\/www.facebook.com\/unipersen\/?locale=tr_TR","https:\/\/x.com\/unipersen"]},{"@type":"Person","@id":"https:\/\/memurunsesi.net\/#\/schema\/person\/f21c2d73b89f6ee1d80b0a1803e38587","name":"Memurun Sesi Haber Merkezi","image":{"@type":"ImageObject","inLanguage":"tr","@id":"https:\/\/secure.gravatar.com\/avatar\/6cf0505f452ee753f485014986fab09a434671d2b919ee76fc541025c5876a70?s=96&d=mm&r=g","url":"https:\/\/secure.gravatar.com\/avatar\/6cf0505f452ee753f485014986fab09a434671d2b919ee76fc541025c5876a70?s=96&d=mm&r=g","contentUrl":"https:\/\/secure.gravatar.com\/avatar\/6cf0505f452ee753f485014986fab09a434671d2b919ee76fc541025c5876a70?s=96&d=mm&r=g","caption":"Memurun Sesi Haber Merkezi"},"sameAs":["https:\/\/memurunsesi.net"],"url":"https:\/\/memurunsesi.net\/index.php\/author\/uniper\/"}]}},"_links":{"self":[{"href":"https:\/\/memurunsesi.net\/index.php\/wp-json\/wp\/v2\/posts\/8887","targetHints":{"allow":["GET"]}}],"collection":[{"href":"https:\/\/memurunsesi.net\/index.php\/wp-json\/wp\/v2\/posts"}],"about":[{"href":"https:\/\/memurunsesi.net\/index.php\/wp-json\/wp\/v2\/types\/post"}],"author":[{"embeddable":true,"href":"https:\/\/memurunsesi.net\/index.php\/wp-json\/wp\/v2\/users\/1"}],"replies":[{"embeddable":true,"href":"https:\/\/memurunsesi.net\/index.php\/wp-json\/wp\/v2\/comments?post=8887"}],"version-history":[{"count":1,"href":"https:\/\/memurunsesi.net\/index.php\/wp-json\/wp\/v2\/posts\/8887\/revisions"}],"predecessor-version":[{"id":8889,"href":"https:\/\/memurunsesi.net\/index.php\/wp-json\/wp\/v2\/posts\/8887\/revisions\/8889"}],"wp:attachment":[{"href":"https:\/\/memurunsesi.net\/index.php\/wp-json\/wp\/v2\/media?parent=8887"}],"wp:term":[{"taxonomy":"category","embeddable":true,"href":"https:\/\/memurunsesi.net\/index.php\/wp-json\/wp\/v2\/categories?post=8887"},{"taxonomy":"post_tag","embeddable":true,"href":"https:\/\/memurunsesi.net\/index.php\/wp-json\/wp\/v2\/tags?post=8887"}],"curies":[{"name":"wp","href":"https:\/\/api.w.org\/{rel}","templated":true}]}}