{"id":8890,"date":"2025-07-03T05:22:35","date_gmt":"2025-07-03T02:22:35","guid":{"rendered":"https:\/\/memurunsesi.net\/?p=8890"},"modified":"2025-07-03T05:22:35","modified_gmt":"2025-07-03T02:22:35","slug":"rize-valisi-baydastan-dusen-jet-ucagini-arama-calismasina-dair-aciklama","status":"publish","type":"post","link":"https:\/\/memurunsesi.net\/index.php\/2025\/07\/03\/rize-valisi-baydastan-dusen-jet-ucagini-arama-calismasina-dair-aciklama\/","title":{"rendered":"Rize Valisi Bayda\u015f\u2019tan d\u00fc\u015fen jet u\u00e7a\u011f\u0131n\u0131 arama \u00e7al\u0131\u015fmas\u0131na dair a\u00e7\u0131klama"},"content":{"rendered":"<p>  &#8211; Vali Bayda\u015f: &#8220;\u015eu an hayatta olduklar\u0131n\u0131 biliyoruz. \u0130n\u015fallah ula\u015f\u0131r\u0131z&#8221;<br \/>\n  &#8211; &#8220;Yakla\u015f\u0131k 120\u2019ye yak\u0131n personelimiz ara\u00e7 gere\u00e7leri ile \u015fu an sahada&#8221;<br \/>\n  &#8211; &#8220;3 ilin b\u00fct\u00fcn imkanlar\u0131yla jandarma, AFAD, Arama Kurtarma Ekipleri, UMKE ve di\u011fer birimleri ile ar\u0131yoruz&#8221;   <\/p>\n<p>  Rize Valisi \u0130hsan Selim Bayda\u015f; Rize, Bayburt ve Erzurum s\u0131n\u0131r\u0131nda d\u00fc\u015ft\u00fc\u011f\u00fc bildirilen jet u\u00e7a\u011f\u0131n\u0131 arama \u00e7al\u0131\u015fmas\u0131n\u0131n s\u00fcrd\u00fc\u011f\u00fcn\u00fc ifade ederek u\u00e7akta bulunanlarla ilgili olarak, &#8220;\u015eu an hayatta olduklar\u0131n\u0131 biliyoruz. \u0130n\u015fallah ula\u015f\u0131r\u0131z ve g\u00fczel haberi payla\u015f\u0131r\u0131z diye de \u00fcmit ediyorum&#8221; dedi.<br \/>\n  Rize, Bayburt ve Erzurum s\u0131n\u0131r\u0131nda d\u00fc\u015ft\u00fc\u011f\u00fc bildirilen \u00f6zel jet u\u00e7a\u011f\u0131na y\u00f6nelik arama-kurtarma \u00e7al\u0131\u015fmalar\u0131 devam ederken Rize\u2019nin \u0130kizdere il\u00e7esine ba\u011fl\u0131 \u00c7iftek\u00f6pr\u00fc K\u00f6y\u00fc\u2019nde Rize Valisi \u0130hsan Selim Bayda\u015f \u00f6nc\u00fcl\u00fc\u011f\u00fcnde \u0130kizdere Kaymakam\u0131 Ali \u00d6zda\u015f, \u0130l Jandarma Komutan\u0131 Albay Ali G\u00fcng\u00f6r ve AFAD \u0130l M\u00fcd\u00fcr\u00fc Mehmet Salih Avc\u0131\u2019n\u0131n da yer ald\u0131\u011f\u0131 kriz masas\u0131 olu\u015fturuldu. \u00c7ifetek\u00f6pr\u00fc K\u00f6y\u00fc Camii misafir hanesinde kurulun kriz merkezinde kritik s\u00fcreci takip eden Vali Bayda\u015f, arama-kurtarma faaliyetlerine ili\u015fkin ekiplerden bilgi alarak operasyonu kendisi y\u00f6netti.<br \/>\n  Arama \u00e7al\u0131\u015fmalar\u0131 hakk\u0131nda a\u00e7\u0131klama yapan Rize Valisi Bayda\u015f, &#8220;Hem Rize\u2019den hem Artvin\u2019den hem Bayburt\u2019tan AFAD, UMKE ekipleri harekete ge\u00e7ti. Bizde ilk veriler Rize s\u0131n\u0131rlar\u0131 oldu\u011fu i\u00e7in burada personelimiz yine g\u00f6n\u00fcll\u00fc arama kurtarma ekipleri ile beraber sahaday\u0131z. Bulunabilme ihtimali olan yerleri tar\u0131yoruz. Ekiplerimiz ayr\u0131 ayr\u0131 yerlerde jandarma, JAK ekibimiz ve il\u00e7e jandarma komutanl\u0131\u011f\u0131 ekiplerimiz ayr\u0131 bir g\u00fczergahta, AFAD ekiplerimiz bir ba\u015fka g\u00fczergahta ayr\u0131ca g\u00f6n\u00fcll\u00fc arama kurtarma ekiplerimiz de yine sahadalar. Ula\u015ft\u0131rma Bakan\u0131m\u0131z ve \u0130\u00e7i\u015fleri Bakan\u0131m\u0131z koordine ediyor, onlardan da hem bilgi al\u0131yor hem bilgi arz ediyoruz. Yine Erzurum ve Bayburt Valilerimizle g\u00f6r\u00fc\u015f\u00fcyoruz, onlar da yine kendi s\u0131n\u0131rlar\u0131nda ekiplerle saha taramas\u0131 yap\u0131yorlar. \u0130n\u015fallah ula\u015fmaya \u00e7al\u0131\u015f\u0131yoruz, ula\u015fabildi\u011fimizde hangi tarafta olduklar\u0131n\u0131, hangi konumda oldu\u011funu, buldu\u011fumuzda gerekli bilgilendirmeyi yapaca\u011f\u0131z. Ama \u015fu ana kadar elimizdeki bilgimiz \u015fu; 2 ki\u015fi, k\u00fc\u00e7\u00fck bir u\u00e7ak, sivil havac\u0131l\u0131k faaliyeti yapan bir u\u00e7u\u015f ekibi var. Eski\u015fehir Sivrihisar\u2019dan kalk\u0131p Rize-Artvin Havaliman\u0131na gelmek \u00fczere olan bir u\u00e7ak. Yine kendilerinin ula\u015ft\u0131\u011f\u0131 bilgiye g\u00f6re de \u015fu an hayatta olduklar\u0131n\u0131 biliyoruz. \u0130n\u015fallah ula\u015f\u0131r\u0131z ve g\u00fczel haberi payla\u015f\u0131r\u0131z diye de \u00fcmit ediyorum. Biz de \u015fu anda olay yerine yak\u0131n oldu\u011funu tahmin etti\u011fimiz \u0130kizdere Meles, \u00c7iftek\u00f6pr\u00fc k\u00f6y\u00fcndeyiz. Ekipleri buradan sevk ediyoruz&#8221; dedi.<br \/>\n  120 ki\u015filik bir arama kurtarma ekibinin sahada faaliyet y\u00fcr\u00fctt\u00fc\u011f\u00fcn\u00fcn alt\u0131n\u0131 \u00e7izen Bayda\u015f, &#8220;Yakla\u015f\u0131k 120\u2019ye yak\u0131n personelimiz \u015fu an sahada ara\u00e7 gere\u00e7leri ile. Ekipmanlar\u0131 var. Yer yer sisli, yer yer ya\u011f\u0131\u015fl\u0131 bir hava var. Hava arac\u0131 kullanman\u0131n zor oldu\u011fu bir hava var. Ama \u00fcmit ediyoruz y\u00fcr\u00fcyerek giden ekiplerimiz en k\u0131sa s\u00fcrede ula\u015facakt\u0131r. Rize, Bayburt, Erzurum s\u0131n\u0131r\u0131nda bir b\u00f6lge. Biz 3 il b\u00fct\u00fcn imkanlar\u0131yla jandarma AFAD Arama Kurtarma Ekipleri UMKE ve di\u011fer birimleri ile ar\u0131yoruz&#8221; ifadelerini kulland\u0131.<br \/>\n  Arama \u00e7al\u0131\u015fmalar\u0131nda her t\u00fcrl\u00fc imkan\u0131n de\u011ferlendirildi\u011fini ifade eden Bayda\u015f, &#8220;Say\u0131n Bakan\u0131m\u0131za gelen bilgileri sahayla payla\u015ft\u0131lar, biz elde etti\u011fimiz verileri kendilerine arz ettik. Yine helikopterler \u00f6zellikle gece g\u00f6r\u00fc\u015f sistemi olan helikopterler insans\u0131z hava ara\u00e7lar\u0131 bunlardan faydalanabildi\u011fimiz yerlerde sis olan yerlerde bu imkanlardan faydalanam\u0131yoruz ama da\u011f\u0131n \u00f6b\u00fcr yamac\u0131nda nispeten daha iyi bir hava var, oralarda faydalan\u0131yorlar. Ula\u015fabildi\u011fimiz yerde bilgilendirme yapaca\u011f\u0131z. Umuyoruz ya biz, ya Erzurum, ya Bayburt ekipleri bir \u015fekilde ula\u015facakt\u0131r \u00e7\u00fcnk\u00fc ara\u00e7la gidilebilen yerlerde ara\u00e7la gittiler, gidilemeyen yerlerde yaya devam ettiler&#8221; dedi. <\/p>\n<p>3.07.2025                                 <\/p>\n","protected":false},"excerpt":{"rendered":"<p>&#8211; Vali Bayda\u015f: &#8220;\u015eu an hayatta olduklar\u0131n\u0131 biliyoruz. \u0130n\u015fallah ula\u015f\u0131r\u0131z&#8221; &#8211; &#8220;Yakla\u015f\u0131k 120\u2019ye yak\u0131n personelimiz ara\u00e7 gere\u00e7leri ile \u015fu an sahada&#8221; &#8211; &#8220;3 ilin b\u00fct\u00fcn imkanlar\u0131yla jandarma, AFAD, Arama Kurtarma Ekipleri, UMKE ve di\u011fer birimleri ile ar\u0131yoruz&#8221; Rize Valisi \u0130hsan Selim Bayda\u015f; Rize, Bayburt ve Erzurum s\u0131n\u0131r\u0131nda d\u00fc\u015ft\u00fc\u011f\u00fc bildirilen jet u\u00e7a\u011f\u0131n\u0131 arama \u00e7al\u0131\u015fmas\u0131n\u0131n s\u00fcrd\u00fc\u011f\u00fcn\u00fc ifade [&hellip;]<\/p>\n","protected":false},"author":1,"featured_media":8891,"comment_status":"open","ping_status":"open","sticky":false,"template":"","format":"standard","meta":{"footnotes":""},"categories":[1],"tags":[],"class_list":["post-8890","post","type-post","status-publish","format-standard","has-post-thumbnail","hentry","category-genel"],"yoast_head":"<!-- This site is optimized with the Yoast SEO plugin v27.4 - https:\/\/yoast.com\/product\/yoast-seo-wordpress\/ -->\n<title>Rize Valisi Bayda\u015f\u2019tan d\u00fc\u015fen jet u\u00e7a\u011f\u0131n\u0131 arama \u00e7al\u0131\u015fmas\u0131na dair a\u00e7\u0131klama - Memurun Sesi<\/title>\n<meta name=\"robots\" content=\"index, follow, max-snippet:-1, max-image-preview:large, max-video-preview:-1\" \/>\n<link rel=\"canonical\" href=\"https:\/\/memurunsesi.net\/index.php\/2025\/07\/03\/rize-valisi-baydastan-dusen-jet-ucagini-arama-calismasina-dair-aciklama\/\" \/>\n<meta property=\"og:locale\" content=\"tr_TR\" \/>\n<meta property=\"og:type\" content=\"article\" \/>\n<meta property=\"og:title\" content=\"Rize Valisi Bayda\u015f\u2019tan d\u00fc\u015fen jet u\u00e7a\u011f\u0131n\u0131 arama \u00e7al\u0131\u015fmas\u0131na dair a\u00e7\u0131klama - Memurun Sesi\" \/>\n<meta property=\"og:description\" content=\"&#8211; Vali Bayda\u015f: &#8220;\u015eu an hayatta olduklar\u0131n\u0131 biliyoruz. \u0130n\u015fallah ula\u015f\u0131r\u0131z&#8221; &#8211; &#8220;Yakla\u015f\u0131k 120\u2019ye yak\u0131n personelimiz ara\u00e7 gere\u00e7leri ile \u015fu an sahada&#8221; &#8211; &#8220;3 ilin b\u00fct\u00fcn imkanlar\u0131yla jandarma, AFAD, Arama Kurtarma Ekipleri, UMKE ve di\u011fer birimleri ile ar\u0131yoruz&#8221; Rize Valisi \u0130hsan Selim Bayda\u015f; Rize, Bayburt ve Erzurum s\u0131n\u0131r\u0131nda d\u00fc\u015ft\u00fc\u011f\u00fc bildirilen jet u\u00e7a\u011f\u0131n\u0131 arama \u00e7al\u0131\u015fmas\u0131n\u0131n s\u00fcrd\u00fc\u011f\u00fcn\u00fc ifade [&hellip;]\" \/>\n<meta property=\"og:url\" content=\"https:\/\/memurunsesi.net\/index.php\/2025\/07\/03\/rize-valisi-baydastan-dusen-jet-ucagini-arama-calismasina-dair-aciklama\/\" \/>\n<meta property=\"og:site_name\" content=\"Memurun Sesi\" \/>\n<meta property=\"article:publisher\" content=\"https:\/\/www.facebook.com\/unipersen\/?locale=tr_TR\" \/>\n<meta property=\"article:published_time\" content=\"2025-07-03T02:22:35+00:00\" \/>\n<meta property=\"og:image\" content=\"https:\/\/memurunsesi.net\/wp-content\/uploads\/2025\/07\/AW489267_01.jpg\" \/>\n\t<meta property=\"og:image:width\" content=\"1920\" \/>\n\t<meta property=\"og:image:height\" content=\"1080\" \/>\n\t<meta property=\"og:image:type\" content=\"image\/jpeg\" \/>\n<meta name=\"author\" content=\"Memurun Sesi Haber Merkezi\" \/>\n<meta name=\"twitter:card\" content=\"summary_large_image\" \/>\n<meta name=\"twitter:creator\" content=\"@unipersen\" \/>\n<meta name=\"twitter:site\" content=\"@unipersen\" \/>\n<meta name=\"twitter:label1\" content=\"Yazan:\" \/>\n\t<meta name=\"twitter:data1\" content=\"Memurun Sesi Haber Merkezi\" \/>\n\t<meta name=\"twitter:label2\" content=\"Tahmini okuma s\u00fcresi\" \/>\n\t<meta name=\"twitter:data2\" content=\"1 dakika\" \/>\n<script type=\"application\/ld+json\" class=\"yoast-schema-graph\">{\"@context\":\"https:\\\/\\\/schema.org\",\"@graph\":[{\"@type\":\"Article\",\"@id\":\"https:\\\/\\\/memurunsesi.net\\\/index.php\\\/2025\\\/07\\\/03\\\/rize-valisi-baydastan-dusen-jet-ucagini-arama-calismasina-dair-aciklama\\\/#article\",\"isPartOf\":{\"@id\":\"https:\\\/\\\/memurunsesi.net\\\/index.php\\\/2025\\\/07\\\/03\\\/rize-valisi-baydastan-dusen-jet-ucagini-arama-calismasina-dair-aciklama\\\/\"},\"author\":{\"name\":\"Memurun Sesi Haber Merkezi\",\"@id\":\"https:\\\/\\\/memurunsesi.net\\\/#\\\/schema\\\/person\\\/f21c2d73b89f6ee1d80b0a1803e38587\"},\"headline\":\"Rize Valisi Bayda\u015f\u2019tan d\u00fc\u015fen jet u\u00e7a\u011f\u0131n\u0131 arama \u00e7al\u0131\u015fmas\u0131na dair a\u00e7\u0131klama\",\"datePublished\":\"2025-07-03T02:22:35+00:00\",\"mainEntityOfPage\":{\"@id\":\"https:\\\/\\\/memurunsesi.net\\\/index.php\\\/2025\\\/07\\\/03\\\/rize-valisi-baydastan-dusen-jet-ucagini-arama-calismasina-dair-aciklama\\\/\"},\"wordCount\":687,\"commentCount\":0,\"publisher\":{\"@id\":\"https:\\\/\\\/memurunsesi.net\\\/#organization\"},\"image\":{\"@id\":\"https:\\\/\\\/memurunsesi.net\\\/index.php\\\/2025\\\/07\\\/03\\\/rize-valisi-baydastan-dusen-jet-ucagini-arama-calismasina-dair-aciklama\\\/#primaryimage\"},\"thumbnailUrl\":\"https:\\\/\\\/memurunsesi.net\\\/wp-content\\\/uploads\\\/2025\\\/07\\\/AW489267_01.jpg\",\"inLanguage\":\"tr\",\"potentialAction\":[{\"@type\":\"CommentAction\",\"name\":\"Comment\",\"target\":[\"https:\\\/\\\/memurunsesi.net\\\/index.php\\\/2025\\\/07\\\/03\\\/rize-valisi-baydastan-dusen-jet-ucagini-arama-calismasina-dair-aciklama\\\/#respond\"]}]},{\"@type\":\"WebPage\",\"@id\":\"https:\\\/\\\/memurunsesi.net\\\/index.php\\\/2025\\\/07\\\/03\\\/rize-valisi-baydastan-dusen-jet-ucagini-arama-calismasina-dair-aciklama\\\/\",\"url\":\"https:\\\/\\\/memurunsesi.net\\\/index.php\\\/2025\\\/07\\\/03\\\/rize-valisi-baydastan-dusen-jet-ucagini-arama-calismasina-dair-aciklama\\\/\",\"name\":\"Rize Valisi Bayda\u015f\u2019tan d\u00fc\u015fen jet u\u00e7a\u011f\u0131n\u0131 arama \u00e7al\u0131\u015fmas\u0131na dair a\u00e7\u0131klama - Memurun Sesi\",\"isPartOf\":{\"@id\":\"https:\\\/\\\/memurunsesi.net\\\/#website\"},\"primaryImageOfPage\":{\"@id\":\"https:\\\/\\\/memurunsesi.net\\\/index.php\\\/2025\\\/07\\\/03\\\/rize-valisi-baydastan-dusen-jet-ucagini-arama-calismasina-dair-aciklama\\\/#primaryimage\"},\"image\":{\"@id\":\"https:\\\/\\\/memurunsesi.net\\\/index.php\\\/2025\\\/07\\\/03\\\/rize-valisi-baydastan-dusen-jet-ucagini-arama-calismasina-dair-aciklama\\\/#primaryimage\"},\"thumbnailUrl\":\"https:\\\/\\\/memurunsesi.net\\\/wp-content\\\/uploads\\\/2025\\\/07\\\/AW489267_01.jpg\",\"datePublished\":\"2025-07-03T02:22:35+00:00\",\"breadcrumb\":{\"@id\":\"https:\\\/\\\/memurunsesi.net\\\/index.php\\\/2025\\\/07\\\/03\\\/rize-valisi-baydastan-dusen-jet-ucagini-arama-calismasina-dair-aciklama\\\/#breadcrumb\"},\"inLanguage\":\"tr\",\"potentialAction\":[{\"@type\":\"ReadAction\",\"target\":[\"https:\\\/\\\/memurunsesi.net\\\/index.php\\\/2025\\\/07\\\/03\\\/rize-valisi-baydastan-dusen-jet-ucagini-arama-calismasina-dair-aciklama\\\/\"]}]},{\"@type\":\"ImageObject\",\"inLanguage\":\"tr\",\"@id\":\"https:\\\/\\\/memurunsesi.net\\\/index.php\\\/2025\\\/07\\\/03\\\/rize-valisi-baydastan-dusen-jet-ucagini-arama-calismasina-dair-aciklama\\\/#primaryimage\",\"url\":\"https:\\\/\\\/memurunsesi.net\\\/wp-content\\\/uploads\\\/2025\\\/07\\\/AW489267_01.jpg\",\"contentUrl\":\"https:\\\/\\\/memurunsesi.net\\\/wp-content\\\/uploads\\\/2025\\\/07\\\/AW489267_01.jpg\",\"width\":1920,\"height\":1080,\"caption\":\"R\u0130ZE VAL\u0130S\u0130 \u0130HSAN SEL\u0130M BAYDA\u015e \\\"KEND\u0130LER\u0130N\u0130N ULA\u015eTI\u011eI B\u0130LG\u0130YE G\u00d6RE DE \u015eU AN HAYATTA OLDUKLARINI B\u0130L\u0130YORUZ. \u0130N\u015eALLAH ULA\u015eIRIZ VE G\u00dcZEL HABER\u0130 PAYLA\u015eIRIZ D\u0130YE DE \u00dcM\u0130T ED\u0130YORUM\\\" DED\u0130. (HASAN FEHM\u0130 DEM\u0130R\\\/R\u0130ZE-\u0130HA) Rize Valisi \u0130hsan Selim Bayda\u015f; Rize, Bayburt ve Erzurum s\u0131n\u0131r\u0131nda d\u00fc\u015ft\u00fc\u011f\u00fc bildirilen jet u\u00e7a\u011f\u0131n\u0131 arama \u00e7al\u0131\u015fmas\u0131n\u0131n s\u00fcrd\u00fc\u011f\u00fcn\u00fc ifade ederek u\u00e7akta bulunanlarla ilgili olarak, \\\"\u015eu an hayatta olduklar\u0131n\u0131 biliyoruz. \u0130n\u015fallah ula\u015f\u0131r\u0131z ve g\u00fczel haberi payla\u015f\u0131r\u0131z diye de \u00fcmit ediyorum\\\" dedi.\"},{\"@type\":\"BreadcrumbList\",\"@id\":\"https:\\\/\\\/memurunsesi.net\\\/index.php\\\/2025\\\/07\\\/03\\\/rize-valisi-baydastan-dusen-jet-ucagini-arama-calismasina-dair-aciklama\\\/#breadcrumb\",\"itemListElement\":[{\"@type\":\"ListItem\",\"position\":1,\"name\":\"Anasayfa\",\"item\":\"https:\\\/\\\/memurunsesi.net\\\/\"},{\"@type\":\"ListItem\",\"position\":2,\"name\":\"Rize Valisi Bayda\u015f\u2019tan d\u00fc\u015fen jet u\u00e7a\u011f\u0131n\u0131 arama \u00e7al\u0131\u015fmas\u0131na dair a\u00e7\u0131klama\"}]},{\"@type\":\"WebSite\",\"@id\":\"https:\\\/\\\/memurunsesi.net\\\/#website\",\"url\":\"https:\\\/\\\/memurunsesi.net\\\/\",\"name\":\"Memurun Sesi\",\"description\":\"G\u00fcncel ve Do\u011fru Haber\",\"publisher\":{\"@id\":\"https:\\\/\\\/memurunsesi.net\\\/#organization\"},\"potentialAction\":[{\"@type\":\"SearchAction\",\"target\":{\"@type\":\"EntryPoint\",\"urlTemplate\":\"https:\\\/\\\/memurunsesi.net\\\/?s={search_term_string}\"},\"query-input\":{\"@type\":\"PropertyValueSpecification\",\"valueRequired\":true,\"valueName\":\"search_term_string\"}}],\"inLanguage\":\"tr\"},{\"@type\":\"Organization\",\"@id\":\"https:\\\/\\\/memurunsesi.net\\\/#organization\",\"name\":\"Memurun Sesi\",\"url\":\"https:\\\/\\\/memurunsesi.net\\\/\",\"logo\":{\"@type\":\"ImageObject\",\"inLanguage\":\"tr\",\"@id\":\"https:\\\/\\\/memurunsesi.net\\\/#\\\/schema\\\/logo\\\/image\\\/\",\"url\":\"https:\\\/\\\/memurunsesi.net\\\/wp-content\\\/uploads\\\/2025\\\/11\\\/cropped-MEMURUN-SESI.png\",\"contentUrl\":\"https:\\\/\\\/memurunsesi.net\\\/wp-content\\\/uploads\\\/2025\\\/11\\\/cropped-MEMURUN-SESI.png\",\"width\":238,\"height\":57,\"caption\":\"Memurun Sesi\"},\"image\":{\"@id\":\"https:\\\/\\\/memurunsesi.net\\\/#\\\/schema\\\/logo\\\/image\\\/\"},\"sameAs\":[\"https:\\\/\\\/www.facebook.com\\\/unipersen\\\/?locale=tr_TR\",\"https:\\\/\\\/x.com\\\/unipersen\"]},{\"@type\":\"Person\",\"@id\":\"https:\\\/\\\/memurunsesi.net\\\/#\\\/schema\\\/person\\\/f21c2d73b89f6ee1d80b0a1803e38587\",\"name\":\"Memurun Sesi Haber Merkezi\",\"image\":{\"@type\":\"ImageObject\",\"inLanguage\":\"tr\",\"@id\":\"https:\\\/\\\/secure.gravatar.com\\\/avatar\\\/6cf0505f452ee753f485014986fab09a434671d2b919ee76fc541025c5876a70?s=96&d=mm&r=g\",\"url\":\"https:\\\/\\\/secure.gravatar.com\\\/avatar\\\/6cf0505f452ee753f485014986fab09a434671d2b919ee76fc541025c5876a70?s=96&d=mm&r=g\",\"contentUrl\":\"https:\\\/\\\/secure.gravatar.com\\\/avatar\\\/6cf0505f452ee753f485014986fab09a434671d2b919ee76fc541025c5876a70?s=96&d=mm&r=g\",\"caption\":\"Memurun Sesi Haber Merkezi\"},\"sameAs\":[\"https:\\\/\\\/memurunsesi.net\"],\"url\":\"https:\\\/\\\/memurunsesi.net\\\/index.php\\\/author\\\/uniper\\\/\"}]}<\/script>\n<!-- \/ Yoast SEO plugin. -->","yoast_head_json":{"title":"Rize Valisi Bayda\u015f\u2019tan d\u00fc\u015fen jet u\u00e7a\u011f\u0131n\u0131 arama \u00e7al\u0131\u015fmas\u0131na dair a\u00e7\u0131klama - Memurun Sesi","robots":{"index":"index","follow":"follow","max-snippet":"max-snippet:-1","max-image-preview":"max-image-preview:large","max-video-preview":"max-video-preview:-1"},"canonical":"https:\/\/memurunsesi.net\/index.php\/2025\/07\/03\/rize-valisi-baydastan-dusen-jet-ucagini-arama-calismasina-dair-aciklama\/","og_locale":"tr_TR","og_type":"article","og_title":"Rize Valisi Bayda\u015f\u2019tan d\u00fc\u015fen jet u\u00e7a\u011f\u0131n\u0131 arama \u00e7al\u0131\u015fmas\u0131na dair a\u00e7\u0131klama - Memurun Sesi","og_description":"&#8211; Vali Bayda\u015f: &#8220;\u015eu an hayatta olduklar\u0131n\u0131 biliyoruz. \u0130n\u015fallah ula\u015f\u0131r\u0131z&#8221; &#8211; &#8220;Yakla\u015f\u0131k 120\u2019ye yak\u0131n personelimiz ara\u00e7 gere\u00e7leri ile \u015fu an sahada&#8221; &#8211; &#8220;3 ilin b\u00fct\u00fcn imkanlar\u0131yla jandarma, AFAD, Arama Kurtarma Ekipleri, UMKE ve di\u011fer birimleri ile ar\u0131yoruz&#8221; Rize Valisi \u0130hsan Selim Bayda\u015f; Rize, Bayburt ve Erzurum s\u0131n\u0131r\u0131nda d\u00fc\u015ft\u00fc\u011f\u00fc bildirilen jet u\u00e7a\u011f\u0131n\u0131 arama \u00e7al\u0131\u015fmas\u0131n\u0131n s\u00fcrd\u00fc\u011f\u00fcn\u00fc ifade [&hellip;]","og_url":"https:\/\/memurunsesi.net\/index.php\/2025\/07\/03\/rize-valisi-baydastan-dusen-jet-ucagini-arama-calismasina-dair-aciklama\/","og_site_name":"Memurun Sesi","article_publisher":"https:\/\/www.facebook.com\/unipersen\/?locale=tr_TR","article_published_time":"2025-07-03T02:22:35+00:00","og_image":[{"width":1920,"height":1080,"url":"https:\/\/memurunsesi.net\/wp-content\/uploads\/2025\/07\/AW489267_01.jpg","type":"image\/jpeg"}],"author":"Memurun Sesi Haber Merkezi","twitter_card":"summary_large_image","twitter_creator":"@unipersen","twitter_site":"@unipersen","twitter_misc":{"Yazan:":"Memurun Sesi Haber Merkezi","Tahmini okuma s\u00fcresi":"1 dakika"},"schema":{"@context":"https:\/\/schema.org","@graph":[{"@type":"Article","@id":"https:\/\/memurunsesi.net\/index.php\/2025\/07\/03\/rize-valisi-baydastan-dusen-jet-ucagini-arama-calismasina-dair-aciklama\/#article","isPartOf":{"@id":"https:\/\/memurunsesi.net\/index.php\/2025\/07\/03\/rize-valisi-baydastan-dusen-jet-ucagini-arama-calismasina-dair-aciklama\/"},"author":{"name":"Memurun Sesi Haber Merkezi","@id":"https:\/\/memurunsesi.net\/#\/schema\/person\/f21c2d73b89f6ee1d80b0a1803e38587"},"headline":"Rize Valisi Bayda\u015f\u2019tan d\u00fc\u015fen jet u\u00e7a\u011f\u0131n\u0131 arama \u00e7al\u0131\u015fmas\u0131na dair a\u00e7\u0131klama","datePublished":"2025-07-03T02:22:35+00:00","mainEntityOfPage":{"@id":"https:\/\/memurunsesi.net\/index.php\/2025\/07\/03\/rize-valisi-baydastan-dusen-jet-ucagini-arama-calismasina-dair-aciklama\/"},"wordCount":687,"commentCount":0,"publisher":{"@id":"https:\/\/memurunsesi.net\/#organization"},"image":{"@id":"https:\/\/memurunsesi.net\/index.php\/2025\/07\/03\/rize-valisi-baydastan-dusen-jet-ucagini-arama-calismasina-dair-aciklama\/#primaryimage"},"thumbnailUrl":"https:\/\/memurunsesi.net\/wp-content\/uploads\/2025\/07\/AW489267_01.jpg","inLanguage":"tr","potentialAction":[{"@type":"CommentAction","name":"Comment","target":["https:\/\/memurunsesi.net\/index.php\/2025\/07\/03\/rize-valisi-baydastan-dusen-jet-ucagini-arama-calismasina-dair-aciklama\/#respond"]}]},{"@type":"WebPage","@id":"https:\/\/memurunsesi.net\/index.php\/2025\/07\/03\/rize-valisi-baydastan-dusen-jet-ucagini-arama-calismasina-dair-aciklama\/","url":"https:\/\/memurunsesi.net\/index.php\/2025\/07\/03\/rize-valisi-baydastan-dusen-jet-ucagini-arama-calismasina-dair-aciklama\/","name":"Rize Valisi Bayda\u015f\u2019tan d\u00fc\u015fen jet u\u00e7a\u011f\u0131n\u0131 arama \u00e7al\u0131\u015fmas\u0131na dair a\u00e7\u0131klama - Memurun Sesi","isPartOf":{"@id":"https:\/\/memurunsesi.net\/#website"},"primaryImageOfPage":{"@id":"https:\/\/memurunsesi.net\/index.php\/2025\/07\/03\/rize-valisi-baydastan-dusen-jet-ucagini-arama-calismasina-dair-aciklama\/#primaryimage"},"image":{"@id":"https:\/\/memurunsesi.net\/index.php\/2025\/07\/03\/rize-valisi-baydastan-dusen-jet-ucagini-arama-calismasina-dair-aciklama\/#primaryimage"},"thumbnailUrl":"https:\/\/memurunsesi.net\/wp-content\/uploads\/2025\/07\/AW489267_01.jpg","datePublished":"2025-07-03T02:22:35+00:00","breadcrumb":{"@id":"https:\/\/memurunsesi.net\/index.php\/2025\/07\/03\/rize-valisi-baydastan-dusen-jet-ucagini-arama-calismasina-dair-aciklama\/#breadcrumb"},"inLanguage":"tr","potentialAction":[{"@type":"ReadAction","target":["https:\/\/memurunsesi.net\/index.php\/2025\/07\/03\/rize-valisi-baydastan-dusen-jet-ucagini-arama-calismasina-dair-aciklama\/"]}]},{"@type":"ImageObject","inLanguage":"tr","@id":"https:\/\/memurunsesi.net\/index.php\/2025\/07\/03\/rize-valisi-baydastan-dusen-jet-ucagini-arama-calismasina-dair-aciklama\/#primaryimage","url":"https:\/\/memurunsesi.net\/wp-content\/uploads\/2025\/07\/AW489267_01.jpg","contentUrl":"https:\/\/memurunsesi.net\/wp-content\/uploads\/2025\/07\/AW489267_01.jpg","width":1920,"height":1080,"caption":"R\u0130ZE VAL\u0130S\u0130 \u0130HSAN SEL\u0130M BAYDA\u015e \"KEND\u0130LER\u0130N\u0130N ULA\u015eTI\u011eI B\u0130LG\u0130YE G\u00d6RE DE \u015eU AN HAYATTA OLDUKLARINI B\u0130L\u0130YORUZ. \u0130N\u015eALLAH ULA\u015eIRIZ VE G\u00dcZEL HABER\u0130 PAYLA\u015eIRIZ D\u0130YE DE \u00dcM\u0130T ED\u0130YORUM\" DED\u0130. (HASAN FEHM\u0130 DEM\u0130R\/R\u0130ZE-\u0130HA) Rize Valisi \u0130hsan Selim Bayda\u015f; Rize, Bayburt ve Erzurum s\u0131n\u0131r\u0131nda d\u00fc\u015ft\u00fc\u011f\u00fc bildirilen jet u\u00e7a\u011f\u0131n\u0131 arama \u00e7al\u0131\u015fmas\u0131n\u0131n s\u00fcrd\u00fc\u011f\u00fcn\u00fc ifade ederek u\u00e7akta bulunanlarla ilgili olarak, \"\u015eu an hayatta olduklar\u0131n\u0131 biliyoruz. \u0130n\u015fallah ula\u015f\u0131r\u0131z ve g\u00fczel haberi payla\u015f\u0131r\u0131z diye de \u00fcmit ediyorum\" dedi."},{"@type":"BreadcrumbList","@id":"https:\/\/memurunsesi.net\/index.php\/2025\/07\/03\/rize-valisi-baydastan-dusen-jet-ucagini-arama-calismasina-dair-aciklama\/#breadcrumb","itemListElement":[{"@type":"ListItem","position":1,"name":"Anasayfa","item":"https:\/\/memurunsesi.net\/"},{"@type":"ListItem","position":2,"name":"Rize Valisi Bayda\u015f\u2019tan d\u00fc\u015fen jet u\u00e7a\u011f\u0131n\u0131 arama \u00e7al\u0131\u015fmas\u0131na dair a\u00e7\u0131klama"}]},{"@type":"WebSite","@id":"https:\/\/memurunsesi.net\/#website","url":"https:\/\/memurunsesi.net\/","name":"Memurun Sesi","description":"G\u00fcncel ve Do\u011fru Haber","publisher":{"@id":"https:\/\/memurunsesi.net\/#organization"},"potentialAction":[{"@type":"SearchAction","target":{"@type":"EntryPoint","urlTemplate":"https:\/\/memurunsesi.net\/?s={search_term_string}"},"query-input":{"@type":"PropertyValueSpecification","valueRequired":true,"valueName":"search_term_string"}}],"inLanguage":"tr"},{"@type":"Organization","@id":"https:\/\/memurunsesi.net\/#organization","name":"Memurun Sesi","url":"https:\/\/memurunsesi.net\/","logo":{"@type":"ImageObject","inLanguage":"tr","@id":"https:\/\/memurunsesi.net\/#\/schema\/logo\/image\/","url":"https:\/\/memurunsesi.net\/wp-content\/uploads\/2025\/11\/cropped-MEMURUN-SESI.png","contentUrl":"https:\/\/memurunsesi.net\/wp-content\/uploads\/2025\/11\/cropped-MEMURUN-SESI.png","width":238,"height":57,"caption":"Memurun Sesi"},"image":{"@id":"https:\/\/memurunsesi.net\/#\/schema\/logo\/image\/"},"sameAs":["https:\/\/www.facebook.com\/unipersen\/?locale=tr_TR","https:\/\/x.com\/unipersen"]},{"@type":"Person","@id":"https:\/\/memurunsesi.net\/#\/schema\/person\/f21c2d73b89f6ee1d80b0a1803e38587","name":"Memurun Sesi Haber Merkezi","image":{"@type":"ImageObject","inLanguage":"tr","@id":"https:\/\/secure.gravatar.com\/avatar\/6cf0505f452ee753f485014986fab09a434671d2b919ee76fc541025c5876a70?s=96&d=mm&r=g","url":"https:\/\/secure.gravatar.com\/avatar\/6cf0505f452ee753f485014986fab09a434671d2b919ee76fc541025c5876a70?s=96&d=mm&r=g","contentUrl":"https:\/\/secure.gravatar.com\/avatar\/6cf0505f452ee753f485014986fab09a434671d2b919ee76fc541025c5876a70?s=96&d=mm&r=g","caption":"Memurun Sesi Haber Merkezi"},"sameAs":["https:\/\/memurunsesi.net"],"url":"https:\/\/memurunsesi.net\/index.php\/author\/uniper\/"}]}},"_links":{"self":[{"href":"https:\/\/memurunsesi.net\/index.php\/wp-json\/wp\/v2\/posts\/8890","targetHints":{"allow":["GET"]}}],"collection":[{"href":"https:\/\/memurunsesi.net\/index.php\/wp-json\/wp\/v2\/posts"}],"about":[{"href":"https:\/\/memurunsesi.net\/index.php\/wp-json\/wp\/v2\/types\/post"}],"author":[{"embeddable":true,"href":"https:\/\/memurunsesi.net\/index.php\/wp-json\/wp\/v2\/users\/1"}],"replies":[{"embeddable":true,"href":"https:\/\/memurunsesi.net\/index.php\/wp-json\/wp\/v2\/comments?post=8890"}],"version-history":[{"count":1,"href":"https:\/\/memurunsesi.net\/index.php\/wp-json\/wp\/v2\/posts\/8890\/revisions"}],"predecessor-version":[{"id":8892,"href":"https:\/\/memurunsesi.net\/index.php\/wp-json\/wp\/v2\/posts\/8890\/revisions\/8892"}],"wp:featuredmedia":[{"embeddable":true,"href":"https:\/\/memurunsesi.net\/index.php\/wp-json\/wp\/v2\/media\/8891"}],"wp:attachment":[{"href":"https:\/\/memurunsesi.net\/index.php\/wp-json\/wp\/v2\/media?parent=8890"}],"wp:term":[{"taxonomy":"category","embeddable":true,"href":"https:\/\/memurunsesi.net\/index.php\/wp-json\/wp\/v2\/categories?post=8890"},{"taxonomy":"post_tag","embeddable":true,"href":"https:\/\/memurunsesi.net\/index.php\/wp-json\/wp\/v2\/tags?post=8890"}],"curies":[{"name":"wp","href":"https:\/\/api.w.org\/{rel}","templated":true}]}}