{"id":8893,"date":"2025-07-03T05:23:50","date_gmt":"2025-07-03T02:23:50","guid":{"rendered":"https:\/\/memurunsesi.net\/?p=8893"},"modified":"2025-07-03T05:23:50","modified_gmt":"2025-07-03T02:23:50","slug":"eyupsultanda-feci-kaza-aydinlatma-diregine-carpan-tofas-otomobil-hurdaya-dondu-1-olu","status":"publish","type":"post","link":"https:\/\/memurunsesi.net\/index.php\/2025\/07\/03\/eyupsultanda-feci-kaza-aydinlatma-diregine-carpan-tofas-otomobil-hurdaya-dondu-1-olu\/","title":{"rendered":"Ey\u00fcpsultan&#8217;da feci kaza&#8230; Ayd\u0131nlatma dire\u011fine \u00e7arpan Tofa\u015f otomobil hurdaya d\u00f6nd\u00fc: 1 \u00f6l\u00fc"},"content":{"rendered":"<p>   Ey\u00fcpsultan&#8217;da gece saatlerinde seyir halindeki Fiat Tofa\u015f otomobil kontrolden \u00e7\u0131karak yolun ortas\u0131ndaki ayd\u0131nlatma dire\u011fine \u00e7arpt\u0131. Feci kazada hurda y\u0131\u011f\u0131n\u0131na d\u00f6nen otomobilin s\u00fcr\u00fcc\u00fcs\u00fc hayat\u0131n\u0131 kaybetti.<br \/>\n  Kaza, saat 23.30 s\u0131ralar\u0131nda Ey\u00fcpsultan Top\u00e7ular Mahallesi, Adnan Menderes Bulvar\u0131&#8217;nda meydana geldi. \u0130ddiaya g\u00f6re seyir halindeyken hen\u00fcz bilinmeyen bir nedenle s\u00fcr\u00fcc\u00fcs\u00fcn\u00fcn kontrol\u00fcnden \u00e7\u0131kan 34 MFG 11 plakal\u0131 Fiat Tofa\u015f otomobil, yolun ortas\u0131nda duran ayd\u0131nlatma dire\u011fine \u00e7arpt\u0131. \u0130hbar \u00fczerine olay yerine polis, itfaiye ve sa\u011fl\u0131k ekipleri sevk edildi. Sa\u011fl\u0131k ekipleri olay yerinde ger\u00e7ekle\u015ftirdi\u011fi m\u00fcdahale sonras\u0131 hurdaya d\u00f6nen arac\u0131n s\u00fcr\u00fcc\u00fcs\u00fcn\u00fcn hayat\u0131n\u0131 kaybetti\u011fini belirledi. Polis ekipleri yolun 2 \u015feridini g\u00fcvenlik amac\u0131yla \u015feritle kapatt\u0131. Olay yerinde tamamlanan \u00e7al\u0131\u015fmalar\u0131n ard\u0131ndan hayat\u0131n\u0131 kaybeden s\u00fcr\u00fcc\u00fcn\u00fcn cenazesi otopsisi yap\u0131lmas\u0131 i\u00e7in Adli T\u0131p Kurumu morguna g\u00f6t\u00fcr\u00fcld\u00fc. Kazaya kar\u0131\u015fan ara\u00e7 da yap\u0131lan \u00e7al\u0131\u015fmalar sonras\u0131 bulundu\u011fu yerden kald\u0131r\u0131ld\u0131. Kazayla ilgili inceleme ba\u015flat\u0131ld\u0131. <\/p>\n<p>3.07.2025                                  <\/p>\n","protected":false},"excerpt":{"rendered":"<p>Ey\u00fcpsultan&#8217;da gece saatlerinde seyir halindeki Fiat Tofa\u015f otomobil kontrolden \u00e7\u0131karak yolun ortas\u0131ndaki ayd\u0131nlatma dire\u011fine \u00e7arpt\u0131. Feci kazada hurda y\u0131\u011f\u0131n\u0131na d\u00f6nen otomobilin s\u00fcr\u00fcc\u00fcs\u00fc hayat\u0131n\u0131 kaybetti. Kaza, saat 23.30 s\u0131ralar\u0131nda Ey\u00fcpsultan Top\u00e7ular Mahallesi, Adnan Menderes Bulvar\u0131&#8217;nda meydana geldi. \u0130ddiaya g\u00f6re seyir halindeyken hen\u00fcz bilinmeyen bir nedenle s\u00fcr\u00fcc\u00fcs\u00fcn\u00fcn kontrol\u00fcnden \u00e7\u0131kan 34 MFG 11 plakal\u0131 Fiat Tofa\u015f otomobil, yolun [&hellip;]<\/p>\n","protected":false},"author":1,"featured_media":8894,"comment_status":"open","ping_status":"open","sticky":false,"template":"","format":"standard","meta":{"footnotes":""},"categories":[45],"tags":[],"class_list":["post-8893","post","type-post","status-publish","format-standard","has-post-thumbnail","hentry","category-gundem"],"yoast_head":"<!-- This site is optimized with the Yoast SEO plugin v27.4 - https:\/\/yoast.com\/product\/yoast-seo-wordpress\/ -->\n<title>Ey\u00fcpsultan&#039;da feci kaza... Ayd\u0131nlatma dire\u011fine \u00e7arpan Tofa\u015f otomobil hurdaya d\u00f6nd\u00fc: 1 \u00f6l\u00fc - Memurun Sesi<\/title>\n<meta name=\"robots\" content=\"index, follow, max-snippet:-1, max-image-preview:large, max-video-preview:-1\" \/>\n<link rel=\"canonical\" href=\"https:\/\/memurunsesi.net\/index.php\/2025\/07\/03\/eyupsultanda-feci-kaza-aydinlatma-diregine-carpan-tofas-otomobil-hurdaya-dondu-1-olu\/\" \/>\n<meta property=\"og:locale\" content=\"tr_TR\" \/>\n<meta property=\"og:type\" content=\"article\" \/>\n<meta property=\"og:title\" content=\"Ey\u00fcpsultan&#039;da feci kaza... Ayd\u0131nlatma dire\u011fine \u00e7arpan Tofa\u015f otomobil hurdaya d\u00f6nd\u00fc: 1 \u00f6l\u00fc - Memurun Sesi\" \/>\n<meta property=\"og:description\" content=\"Ey\u00fcpsultan&#8217;da gece saatlerinde seyir halindeki Fiat Tofa\u015f otomobil kontrolden \u00e7\u0131karak yolun ortas\u0131ndaki ayd\u0131nlatma dire\u011fine \u00e7arpt\u0131. Feci kazada hurda y\u0131\u011f\u0131n\u0131na d\u00f6nen otomobilin s\u00fcr\u00fcc\u00fcs\u00fc hayat\u0131n\u0131 kaybetti. Kaza, saat 23.30 s\u0131ralar\u0131nda Ey\u00fcpsultan Top\u00e7ular Mahallesi, Adnan Menderes Bulvar\u0131&#8217;nda meydana geldi. \u0130ddiaya g\u00f6re seyir halindeyken hen\u00fcz bilinmeyen bir nedenle s\u00fcr\u00fcc\u00fcs\u00fcn\u00fcn kontrol\u00fcnden \u00e7\u0131kan 34 MFG 11 plakal\u0131 Fiat Tofa\u015f otomobil, yolun [&hellip;]\" \/>\n<meta property=\"og:url\" content=\"https:\/\/memurunsesi.net\/index.php\/2025\/07\/03\/eyupsultanda-feci-kaza-aydinlatma-diregine-carpan-tofas-otomobil-hurdaya-dondu-1-olu\/\" \/>\n<meta property=\"og:site_name\" content=\"Memurun Sesi\" \/>\n<meta property=\"article:publisher\" content=\"https:\/\/www.facebook.com\/unipersen\/?locale=tr_TR\" \/>\n<meta property=\"article:published_time\" content=\"2025-07-03T02:23:50+00:00\" \/>\n<meta property=\"og:image\" content=\"https:\/\/memurunsesi.net\/wp-content\/uploads\/2025\/07\/AW489266_01-scaled.jpg\" \/>\n\t<meta property=\"og:image:width\" content=\"2560\" \/>\n\t<meta property=\"og:image:height\" content=\"1440\" \/>\n\t<meta property=\"og:image:type\" content=\"image\/jpeg\" \/>\n<meta name=\"author\" content=\"Memurun Sesi Haber Merkezi\" \/>\n<meta name=\"twitter:card\" content=\"summary_large_image\" \/>\n<meta name=\"twitter:creator\" content=\"@unipersen\" \/>\n<meta name=\"twitter:site\" content=\"@unipersen\" \/>\n<meta name=\"twitter:label1\" content=\"Yazan:\" \/>\n\t<meta name=\"twitter:data1\" content=\"Memurun Sesi Haber Merkezi\" \/>\n\t<meta name=\"twitter:label2\" content=\"Tahmini okuma s\u00fcresi\" \/>\n\t<meta name=\"twitter:data2\" content=\"1 dakika\" \/>\n<script type=\"application\/ld+json\" class=\"yoast-schema-graph\">{\"@context\":\"https:\\\/\\\/schema.org\",\"@graph\":[{\"@type\":\"Article\",\"@id\":\"https:\\\/\\\/memurunsesi.net\\\/index.php\\\/2025\\\/07\\\/03\\\/eyupsultanda-feci-kaza-aydinlatma-diregine-carpan-tofas-otomobil-hurdaya-dondu-1-olu\\\/#article\",\"isPartOf\":{\"@id\":\"https:\\\/\\\/memurunsesi.net\\\/index.php\\\/2025\\\/07\\\/03\\\/eyupsultanda-feci-kaza-aydinlatma-diregine-carpan-tofas-otomobil-hurdaya-dondu-1-olu\\\/\"},\"author\":{\"name\":\"Memurun Sesi Haber Merkezi\",\"@id\":\"https:\\\/\\\/memurunsesi.net\\\/#\\\/schema\\\/person\\\/f21c2d73b89f6ee1d80b0a1803e38587\"},\"headline\":\"Ey\u00fcpsultan&#8217;da feci kaza&#8230; Ayd\u0131nlatma dire\u011fine \u00e7arpan Tofa\u015f otomobil hurdaya d\u00f6nd\u00fc: 1 \u00f6l\u00fc\",\"datePublished\":\"2025-07-03T02:23:50+00:00\",\"mainEntityOfPage\":{\"@id\":\"https:\\\/\\\/memurunsesi.net\\\/index.php\\\/2025\\\/07\\\/03\\\/eyupsultanda-feci-kaza-aydinlatma-diregine-carpan-tofas-otomobil-hurdaya-dondu-1-olu\\\/\"},\"wordCount\":206,\"commentCount\":0,\"publisher\":{\"@id\":\"https:\\\/\\\/memurunsesi.net\\\/#organization\"},\"image\":{\"@id\":\"https:\\\/\\\/memurunsesi.net\\\/index.php\\\/2025\\\/07\\\/03\\\/eyupsultanda-feci-kaza-aydinlatma-diregine-carpan-tofas-otomobil-hurdaya-dondu-1-olu\\\/#primaryimage\"},\"thumbnailUrl\":\"https:\\\/\\\/memurunsesi.net\\\/wp-content\\\/uploads\\\/2025\\\/07\\\/AW489266_01-scaled.jpg\",\"articleSection\":[\"G\u00fcndem\"],\"inLanguage\":\"tr\",\"potentialAction\":[{\"@type\":\"CommentAction\",\"name\":\"Comment\",\"target\":[\"https:\\\/\\\/memurunsesi.net\\\/index.php\\\/2025\\\/07\\\/03\\\/eyupsultanda-feci-kaza-aydinlatma-diregine-carpan-tofas-otomobil-hurdaya-dondu-1-olu\\\/#respond\"]}]},{\"@type\":\"WebPage\",\"@id\":\"https:\\\/\\\/memurunsesi.net\\\/index.php\\\/2025\\\/07\\\/03\\\/eyupsultanda-feci-kaza-aydinlatma-diregine-carpan-tofas-otomobil-hurdaya-dondu-1-olu\\\/\",\"url\":\"https:\\\/\\\/memurunsesi.net\\\/index.php\\\/2025\\\/07\\\/03\\\/eyupsultanda-feci-kaza-aydinlatma-diregine-carpan-tofas-otomobil-hurdaya-dondu-1-olu\\\/\",\"name\":\"Ey\u00fcpsultan'da feci kaza... Ayd\u0131nlatma dire\u011fine \u00e7arpan Tofa\u015f otomobil hurdaya d\u00f6nd\u00fc: 1 \u00f6l\u00fc - Memurun Sesi\",\"isPartOf\":{\"@id\":\"https:\\\/\\\/memurunsesi.net\\\/#website\"},\"primaryImageOfPage\":{\"@id\":\"https:\\\/\\\/memurunsesi.net\\\/index.php\\\/2025\\\/07\\\/03\\\/eyupsultanda-feci-kaza-aydinlatma-diregine-carpan-tofas-otomobil-hurdaya-dondu-1-olu\\\/#primaryimage\"},\"image\":{\"@id\":\"https:\\\/\\\/memurunsesi.net\\\/index.php\\\/2025\\\/07\\\/03\\\/eyupsultanda-feci-kaza-aydinlatma-diregine-carpan-tofas-otomobil-hurdaya-dondu-1-olu\\\/#primaryimage\"},\"thumbnailUrl\":\"https:\\\/\\\/memurunsesi.net\\\/wp-content\\\/uploads\\\/2025\\\/07\\\/AW489266_01-scaled.jpg\",\"datePublished\":\"2025-07-03T02:23:50+00:00\",\"breadcrumb\":{\"@id\":\"https:\\\/\\\/memurunsesi.net\\\/index.php\\\/2025\\\/07\\\/03\\\/eyupsultanda-feci-kaza-aydinlatma-diregine-carpan-tofas-otomobil-hurdaya-dondu-1-olu\\\/#breadcrumb\"},\"inLanguage\":\"tr\",\"potentialAction\":[{\"@type\":\"ReadAction\",\"target\":[\"https:\\\/\\\/memurunsesi.net\\\/index.php\\\/2025\\\/07\\\/03\\\/eyupsultanda-feci-kaza-aydinlatma-diregine-carpan-tofas-otomobil-hurdaya-dondu-1-olu\\\/\"]}]},{\"@type\":\"ImageObject\",\"inLanguage\":\"tr\",\"@id\":\"https:\\\/\\\/memurunsesi.net\\\/index.php\\\/2025\\\/07\\\/03\\\/eyupsultanda-feci-kaza-aydinlatma-diregine-carpan-tofas-otomobil-hurdaya-dondu-1-olu\\\/#primaryimage\",\"url\":\"https:\\\/\\\/memurunsesi.net\\\/wp-content\\\/uploads\\\/2025\\\/07\\\/AW489266_01-scaled.jpg\",\"contentUrl\":\"https:\\\/\\\/memurunsesi.net\\\/wp-content\\\/uploads\\\/2025\\\/07\\\/AW489266_01-scaled.jpg\",\"width\":2560,\"height\":1440,\"caption\":\"KAZA YER\u0130 G\u00d6R\u00dcNT\u00dcS\u00dc (AHMET UZUN - BATUHAN TOPRAK\\\/\u0130STANBUL-\u0130HA) Ey\u00fcpsultan'da gece saatlerinde seyir halindeki Fiat Tofa\u015f otomobil kontrolden \u00e7\u0131karak yolun ortas\u0131ndaki ayd\u0131nlatma dire\u011fine \u00e7arpt\u0131. Feci kazada hurda y\u0131\u011f\u0131n\u0131na d\u00f6nen otomobilin s\u00fcr\u00fcc\u00fcs\u00fc hayat\u0131n\u0131 kaybetti.\"},{\"@type\":\"BreadcrumbList\",\"@id\":\"https:\\\/\\\/memurunsesi.net\\\/index.php\\\/2025\\\/07\\\/03\\\/eyupsultanda-feci-kaza-aydinlatma-diregine-carpan-tofas-otomobil-hurdaya-dondu-1-olu\\\/#breadcrumb\",\"itemListElement\":[{\"@type\":\"ListItem\",\"position\":1,\"name\":\"Anasayfa\",\"item\":\"https:\\\/\\\/memurunsesi.net\\\/\"},{\"@type\":\"ListItem\",\"position\":2,\"name\":\"Ey\u00fcpsultan&#8217;da feci kaza&#8230; Ayd\u0131nlatma dire\u011fine \u00e7arpan Tofa\u015f otomobil hurdaya d\u00f6nd\u00fc: 1 \u00f6l\u00fc\"}]},{\"@type\":\"WebSite\",\"@id\":\"https:\\\/\\\/memurunsesi.net\\\/#website\",\"url\":\"https:\\\/\\\/memurunsesi.net\\\/\",\"name\":\"Memurun Sesi\",\"description\":\"G\u00fcncel ve Do\u011fru Haber\",\"publisher\":{\"@id\":\"https:\\\/\\\/memurunsesi.net\\\/#organization\"},\"potentialAction\":[{\"@type\":\"SearchAction\",\"target\":{\"@type\":\"EntryPoint\",\"urlTemplate\":\"https:\\\/\\\/memurunsesi.net\\\/?s={search_term_string}\"},\"query-input\":{\"@type\":\"PropertyValueSpecification\",\"valueRequired\":true,\"valueName\":\"search_term_string\"}}],\"inLanguage\":\"tr\"},{\"@type\":\"Organization\",\"@id\":\"https:\\\/\\\/memurunsesi.net\\\/#organization\",\"name\":\"Memurun Sesi\",\"url\":\"https:\\\/\\\/memurunsesi.net\\\/\",\"logo\":{\"@type\":\"ImageObject\",\"inLanguage\":\"tr\",\"@id\":\"https:\\\/\\\/memurunsesi.net\\\/#\\\/schema\\\/logo\\\/image\\\/\",\"url\":\"https:\\\/\\\/memurunsesi.net\\\/wp-content\\\/uploads\\\/2025\\\/11\\\/cropped-MEMURUN-SESI.png\",\"contentUrl\":\"https:\\\/\\\/memurunsesi.net\\\/wp-content\\\/uploads\\\/2025\\\/11\\\/cropped-MEMURUN-SESI.png\",\"width\":238,\"height\":57,\"caption\":\"Memurun Sesi\"},\"image\":{\"@id\":\"https:\\\/\\\/memurunsesi.net\\\/#\\\/schema\\\/logo\\\/image\\\/\"},\"sameAs\":[\"https:\\\/\\\/www.facebook.com\\\/unipersen\\\/?locale=tr_TR\",\"https:\\\/\\\/x.com\\\/unipersen\"]},{\"@type\":\"Person\",\"@id\":\"https:\\\/\\\/memurunsesi.net\\\/#\\\/schema\\\/person\\\/f21c2d73b89f6ee1d80b0a1803e38587\",\"name\":\"Memurun Sesi Haber Merkezi\",\"image\":{\"@type\":\"ImageObject\",\"inLanguage\":\"tr\",\"@id\":\"https:\\\/\\\/secure.gravatar.com\\\/avatar\\\/6cf0505f452ee753f485014986fab09a434671d2b919ee76fc541025c5876a70?s=96&d=mm&r=g\",\"url\":\"https:\\\/\\\/secure.gravatar.com\\\/avatar\\\/6cf0505f452ee753f485014986fab09a434671d2b919ee76fc541025c5876a70?s=96&d=mm&r=g\",\"contentUrl\":\"https:\\\/\\\/secure.gravatar.com\\\/avatar\\\/6cf0505f452ee753f485014986fab09a434671d2b919ee76fc541025c5876a70?s=96&d=mm&r=g\",\"caption\":\"Memurun Sesi Haber Merkezi\"},\"sameAs\":[\"https:\\\/\\\/memurunsesi.net\"],\"url\":\"https:\\\/\\\/memurunsesi.net\\\/index.php\\\/author\\\/uniper\\\/\"}]}<\/script>\n<!-- \/ Yoast SEO plugin. -->","yoast_head_json":{"title":"Ey\u00fcpsultan'da feci kaza... Ayd\u0131nlatma dire\u011fine \u00e7arpan Tofa\u015f otomobil hurdaya d\u00f6nd\u00fc: 1 \u00f6l\u00fc - Memurun Sesi","robots":{"index":"index","follow":"follow","max-snippet":"max-snippet:-1","max-image-preview":"max-image-preview:large","max-video-preview":"max-video-preview:-1"},"canonical":"https:\/\/memurunsesi.net\/index.php\/2025\/07\/03\/eyupsultanda-feci-kaza-aydinlatma-diregine-carpan-tofas-otomobil-hurdaya-dondu-1-olu\/","og_locale":"tr_TR","og_type":"article","og_title":"Ey\u00fcpsultan'da feci kaza... Ayd\u0131nlatma dire\u011fine \u00e7arpan Tofa\u015f otomobil hurdaya d\u00f6nd\u00fc: 1 \u00f6l\u00fc - Memurun Sesi","og_description":"Ey\u00fcpsultan&#8217;da gece saatlerinde seyir halindeki Fiat Tofa\u015f otomobil kontrolden \u00e7\u0131karak yolun ortas\u0131ndaki ayd\u0131nlatma dire\u011fine \u00e7arpt\u0131. Feci kazada hurda y\u0131\u011f\u0131n\u0131na d\u00f6nen otomobilin s\u00fcr\u00fcc\u00fcs\u00fc hayat\u0131n\u0131 kaybetti. Kaza, saat 23.30 s\u0131ralar\u0131nda Ey\u00fcpsultan Top\u00e7ular Mahallesi, Adnan Menderes Bulvar\u0131&#8217;nda meydana geldi. \u0130ddiaya g\u00f6re seyir halindeyken hen\u00fcz bilinmeyen bir nedenle s\u00fcr\u00fcc\u00fcs\u00fcn\u00fcn kontrol\u00fcnden \u00e7\u0131kan 34 MFG 11 plakal\u0131 Fiat Tofa\u015f otomobil, yolun [&hellip;]","og_url":"https:\/\/memurunsesi.net\/index.php\/2025\/07\/03\/eyupsultanda-feci-kaza-aydinlatma-diregine-carpan-tofas-otomobil-hurdaya-dondu-1-olu\/","og_site_name":"Memurun Sesi","article_publisher":"https:\/\/www.facebook.com\/unipersen\/?locale=tr_TR","article_published_time":"2025-07-03T02:23:50+00:00","og_image":[{"width":2560,"height":1440,"url":"https:\/\/memurunsesi.net\/wp-content\/uploads\/2025\/07\/AW489266_01-scaled.jpg","type":"image\/jpeg"}],"author":"Memurun Sesi Haber Merkezi","twitter_card":"summary_large_image","twitter_creator":"@unipersen","twitter_site":"@unipersen","twitter_misc":{"Yazan:":"Memurun Sesi Haber Merkezi","Tahmini okuma s\u00fcresi":"1 dakika"},"schema":{"@context":"https:\/\/schema.org","@graph":[{"@type":"Article","@id":"https:\/\/memurunsesi.net\/index.php\/2025\/07\/03\/eyupsultanda-feci-kaza-aydinlatma-diregine-carpan-tofas-otomobil-hurdaya-dondu-1-olu\/#article","isPartOf":{"@id":"https:\/\/memurunsesi.net\/index.php\/2025\/07\/03\/eyupsultanda-feci-kaza-aydinlatma-diregine-carpan-tofas-otomobil-hurdaya-dondu-1-olu\/"},"author":{"name":"Memurun Sesi Haber Merkezi","@id":"https:\/\/memurunsesi.net\/#\/schema\/person\/f21c2d73b89f6ee1d80b0a1803e38587"},"headline":"Ey\u00fcpsultan&#8217;da feci kaza&#8230; Ayd\u0131nlatma dire\u011fine \u00e7arpan Tofa\u015f otomobil hurdaya d\u00f6nd\u00fc: 1 \u00f6l\u00fc","datePublished":"2025-07-03T02:23:50+00:00","mainEntityOfPage":{"@id":"https:\/\/memurunsesi.net\/index.php\/2025\/07\/03\/eyupsultanda-feci-kaza-aydinlatma-diregine-carpan-tofas-otomobil-hurdaya-dondu-1-olu\/"},"wordCount":206,"commentCount":0,"publisher":{"@id":"https:\/\/memurunsesi.net\/#organization"},"image":{"@id":"https:\/\/memurunsesi.net\/index.php\/2025\/07\/03\/eyupsultanda-feci-kaza-aydinlatma-diregine-carpan-tofas-otomobil-hurdaya-dondu-1-olu\/#primaryimage"},"thumbnailUrl":"https:\/\/memurunsesi.net\/wp-content\/uploads\/2025\/07\/AW489266_01-scaled.jpg","articleSection":["G\u00fcndem"],"inLanguage":"tr","potentialAction":[{"@type":"CommentAction","name":"Comment","target":["https:\/\/memurunsesi.net\/index.php\/2025\/07\/03\/eyupsultanda-feci-kaza-aydinlatma-diregine-carpan-tofas-otomobil-hurdaya-dondu-1-olu\/#respond"]}]},{"@type":"WebPage","@id":"https:\/\/memurunsesi.net\/index.php\/2025\/07\/03\/eyupsultanda-feci-kaza-aydinlatma-diregine-carpan-tofas-otomobil-hurdaya-dondu-1-olu\/","url":"https:\/\/memurunsesi.net\/index.php\/2025\/07\/03\/eyupsultanda-feci-kaza-aydinlatma-diregine-carpan-tofas-otomobil-hurdaya-dondu-1-olu\/","name":"Ey\u00fcpsultan'da feci kaza... Ayd\u0131nlatma dire\u011fine \u00e7arpan Tofa\u015f otomobil hurdaya d\u00f6nd\u00fc: 1 \u00f6l\u00fc - Memurun Sesi","isPartOf":{"@id":"https:\/\/memurunsesi.net\/#website"},"primaryImageOfPage":{"@id":"https:\/\/memurunsesi.net\/index.php\/2025\/07\/03\/eyupsultanda-feci-kaza-aydinlatma-diregine-carpan-tofas-otomobil-hurdaya-dondu-1-olu\/#primaryimage"},"image":{"@id":"https:\/\/memurunsesi.net\/index.php\/2025\/07\/03\/eyupsultanda-feci-kaza-aydinlatma-diregine-carpan-tofas-otomobil-hurdaya-dondu-1-olu\/#primaryimage"},"thumbnailUrl":"https:\/\/memurunsesi.net\/wp-content\/uploads\/2025\/07\/AW489266_01-scaled.jpg","datePublished":"2025-07-03T02:23:50+00:00","breadcrumb":{"@id":"https:\/\/memurunsesi.net\/index.php\/2025\/07\/03\/eyupsultanda-feci-kaza-aydinlatma-diregine-carpan-tofas-otomobil-hurdaya-dondu-1-olu\/#breadcrumb"},"inLanguage":"tr","potentialAction":[{"@type":"ReadAction","target":["https:\/\/memurunsesi.net\/index.php\/2025\/07\/03\/eyupsultanda-feci-kaza-aydinlatma-diregine-carpan-tofas-otomobil-hurdaya-dondu-1-olu\/"]}]},{"@type":"ImageObject","inLanguage":"tr","@id":"https:\/\/memurunsesi.net\/index.php\/2025\/07\/03\/eyupsultanda-feci-kaza-aydinlatma-diregine-carpan-tofas-otomobil-hurdaya-dondu-1-olu\/#primaryimage","url":"https:\/\/memurunsesi.net\/wp-content\/uploads\/2025\/07\/AW489266_01-scaled.jpg","contentUrl":"https:\/\/memurunsesi.net\/wp-content\/uploads\/2025\/07\/AW489266_01-scaled.jpg","width":2560,"height":1440,"caption":"KAZA YER\u0130 G\u00d6R\u00dcNT\u00dcS\u00dc (AHMET UZUN - BATUHAN TOPRAK\/\u0130STANBUL-\u0130HA) Ey\u00fcpsultan'da gece saatlerinde seyir halindeki Fiat Tofa\u015f otomobil kontrolden \u00e7\u0131karak yolun ortas\u0131ndaki ayd\u0131nlatma dire\u011fine \u00e7arpt\u0131. Feci kazada hurda y\u0131\u011f\u0131n\u0131na d\u00f6nen otomobilin s\u00fcr\u00fcc\u00fcs\u00fc hayat\u0131n\u0131 kaybetti."},{"@type":"BreadcrumbList","@id":"https:\/\/memurunsesi.net\/index.php\/2025\/07\/03\/eyupsultanda-feci-kaza-aydinlatma-diregine-carpan-tofas-otomobil-hurdaya-dondu-1-olu\/#breadcrumb","itemListElement":[{"@type":"ListItem","position":1,"name":"Anasayfa","item":"https:\/\/memurunsesi.net\/"},{"@type":"ListItem","position":2,"name":"Ey\u00fcpsultan&#8217;da feci kaza&#8230; Ayd\u0131nlatma dire\u011fine \u00e7arpan Tofa\u015f otomobil hurdaya d\u00f6nd\u00fc: 1 \u00f6l\u00fc"}]},{"@type":"WebSite","@id":"https:\/\/memurunsesi.net\/#website","url":"https:\/\/memurunsesi.net\/","name":"Memurun Sesi","description":"G\u00fcncel ve Do\u011fru Haber","publisher":{"@id":"https:\/\/memurunsesi.net\/#organization"},"potentialAction":[{"@type":"SearchAction","target":{"@type":"EntryPoint","urlTemplate":"https:\/\/memurunsesi.net\/?s={search_term_string}"},"query-input":{"@type":"PropertyValueSpecification","valueRequired":true,"valueName":"search_term_string"}}],"inLanguage":"tr"},{"@type":"Organization","@id":"https:\/\/memurunsesi.net\/#organization","name":"Memurun Sesi","url":"https:\/\/memurunsesi.net\/","logo":{"@type":"ImageObject","inLanguage":"tr","@id":"https:\/\/memurunsesi.net\/#\/schema\/logo\/image\/","url":"https:\/\/memurunsesi.net\/wp-content\/uploads\/2025\/11\/cropped-MEMURUN-SESI.png","contentUrl":"https:\/\/memurunsesi.net\/wp-content\/uploads\/2025\/11\/cropped-MEMURUN-SESI.png","width":238,"height":57,"caption":"Memurun Sesi"},"image":{"@id":"https:\/\/memurunsesi.net\/#\/schema\/logo\/image\/"},"sameAs":["https:\/\/www.facebook.com\/unipersen\/?locale=tr_TR","https:\/\/x.com\/unipersen"]},{"@type":"Person","@id":"https:\/\/memurunsesi.net\/#\/schema\/person\/f21c2d73b89f6ee1d80b0a1803e38587","name":"Memurun Sesi Haber Merkezi","image":{"@type":"ImageObject","inLanguage":"tr","@id":"https:\/\/secure.gravatar.com\/avatar\/6cf0505f452ee753f485014986fab09a434671d2b919ee76fc541025c5876a70?s=96&d=mm&r=g","url":"https:\/\/secure.gravatar.com\/avatar\/6cf0505f452ee753f485014986fab09a434671d2b919ee76fc541025c5876a70?s=96&d=mm&r=g","contentUrl":"https:\/\/secure.gravatar.com\/avatar\/6cf0505f452ee753f485014986fab09a434671d2b919ee76fc541025c5876a70?s=96&d=mm&r=g","caption":"Memurun Sesi Haber Merkezi"},"sameAs":["https:\/\/memurunsesi.net"],"url":"https:\/\/memurunsesi.net\/index.php\/author\/uniper\/"}]}},"_links":{"self":[{"href":"https:\/\/memurunsesi.net\/index.php\/wp-json\/wp\/v2\/posts\/8893","targetHints":{"allow":["GET"]}}],"collection":[{"href":"https:\/\/memurunsesi.net\/index.php\/wp-json\/wp\/v2\/posts"}],"about":[{"href":"https:\/\/memurunsesi.net\/index.php\/wp-json\/wp\/v2\/types\/post"}],"author":[{"embeddable":true,"href":"https:\/\/memurunsesi.net\/index.php\/wp-json\/wp\/v2\/users\/1"}],"replies":[{"embeddable":true,"href":"https:\/\/memurunsesi.net\/index.php\/wp-json\/wp\/v2\/comments?post=8893"}],"version-history":[{"count":1,"href":"https:\/\/memurunsesi.net\/index.php\/wp-json\/wp\/v2\/posts\/8893\/revisions"}],"predecessor-version":[{"id":8895,"href":"https:\/\/memurunsesi.net\/index.php\/wp-json\/wp\/v2\/posts\/8893\/revisions\/8895"}],"wp:featuredmedia":[{"embeddable":true,"href":"https:\/\/memurunsesi.net\/index.php\/wp-json\/wp\/v2\/media\/8894"}],"wp:attachment":[{"href":"https:\/\/memurunsesi.net\/index.php\/wp-json\/wp\/v2\/media?parent=8893"}],"wp:term":[{"taxonomy":"category","embeddable":true,"href":"https:\/\/memurunsesi.net\/index.php\/wp-json\/wp\/v2\/categories?post=8893"},{"taxonomy":"post_tag","embeddable":true,"href":"https:\/\/memurunsesi.net\/index.php\/wp-json\/wp\/v2\/tags?post=8893"}],"curies":[{"name":"wp","href":"https:\/\/api.w.org\/{rel}","templated":true}]}}