{"id":8896,"date":"2025-07-03T05:25:10","date_gmt":"2025-07-03T02:25:10","guid":{"rendered":"https:\/\/memurunsesi.net\/?p=8896"},"modified":"2025-07-03T05:25:10","modified_gmt":"2025-07-03T02:25:10","slug":"sanliurfada-betonun-altinda-mahsur-kalan-2-kedi-kurtarildi","status":"publish","type":"post","link":"https:\/\/memurunsesi.net\/index.php\/2025\/07\/03\/sanliurfada-betonun-altinda-mahsur-kalan-2-kedi-kurtarildi\/","title":{"rendered":"\u015eanl\u0131urfa\u2019da betonun alt\u0131nda mahsur kalan 2 kedi kurtar\u0131ld\u0131"},"content":{"rendered":"<p>  \u015eanl\u0131urfa\u2019n\u0131n Harran il\u00e7esinde betonun alt\u0131nda mahsur kalan 2 yavru kedi, itfaiye ekiplerinin operasyonuyla kurtar\u0131ld\u0131.<br \/>\nEdinilen bilgiye g\u00f6re olay, Harran il\u00e7esine ba\u011fl\u0131 Yukar\u0131yak\u0131nyol Mahallesi\u2019nde meydana geldi. Bir in\u015faat alan\u0131nda \u00e7al\u0131\u015fan vatanda\u015flar, betonun alt\u0131ndan gelen kedi seslerini fark edince durumu hemen 112 Acil \u00c7a\u011fr\u0131 Merkezi\u2019ne bildirdi. \u0130hbar\u0131n ard\u0131ndan b\u00f6lgeye giden itfaiye ekipleri, kedi yavrular\u0131na zarar vermemek i\u00e7in dikkatli ve teknik bir \u00e7al\u0131\u015fma y\u00fcr\u00fctt\u00fc. Betonun dikkatlice delinmesinin ard\u0131ndan, iki yavru kedi sa\u011fl\u0131kl\u0131 \u015fekilde kurtar\u0131ld\u0131.<br \/>\n  Vatanda\u015flar, kedi yavrular\u0131n\u0131 kurtaran itfaiye ekiplerine te\u015fekk\u00fcr etti. <\/p>\n<p>3.07.2025                                  <\/p>\n","protected":false},"excerpt":{"rendered":"<p>\u015eanl\u0131urfa\u2019n\u0131n Harran il\u00e7esinde betonun alt\u0131nda mahsur kalan 2 yavru kedi, itfaiye ekiplerinin operasyonuyla kurtar\u0131ld\u0131. Edinilen bilgiye g\u00f6re olay, Harran il\u00e7esine ba\u011fl\u0131 Yukar\u0131yak\u0131nyol Mahallesi\u2019nde meydana geldi. Bir in\u015faat alan\u0131nda \u00e7al\u0131\u015fan vatanda\u015flar, betonun alt\u0131ndan gelen kedi seslerini fark edince durumu hemen 112 Acil \u00c7a\u011fr\u0131 Merkezi\u2019ne bildirdi. \u0130hbar\u0131n ard\u0131ndan b\u00f6lgeye giden itfaiye ekipleri, kedi yavrular\u0131na zarar vermemek i\u00e7in [&hellip;]<\/p>\n","protected":false},"author":1,"featured_media":8897,"comment_status":"open","ping_status":"open","sticky":false,"template":"","format":"standard","meta":{"footnotes":""},"categories":[50],"tags":[],"class_list":["post-8896","post","type-post","status-publish","format-standard","has-post-thumbnail","hentry","category-tum-haberler"],"yoast_head":"<!-- This site is optimized with the Yoast SEO plugin v27.4 - https:\/\/yoast.com\/product\/yoast-seo-wordpress\/ -->\n<title>\u015eanl\u0131urfa\u2019da betonun alt\u0131nda mahsur kalan 2 kedi kurtar\u0131ld\u0131 - Memurun Sesi<\/title>\n<meta name=\"robots\" content=\"index, follow, max-snippet:-1, max-image-preview:large, max-video-preview:-1\" \/>\n<link rel=\"canonical\" href=\"https:\/\/memurunsesi.net\/index.php\/2025\/07\/03\/sanliurfada-betonun-altinda-mahsur-kalan-2-kedi-kurtarildi\/\" \/>\n<meta property=\"og:locale\" content=\"tr_TR\" \/>\n<meta property=\"og:type\" content=\"article\" \/>\n<meta property=\"og:title\" content=\"\u015eanl\u0131urfa\u2019da betonun alt\u0131nda mahsur kalan 2 kedi kurtar\u0131ld\u0131 - Memurun Sesi\" \/>\n<meta property=\"og:description\" content=\"\u015eanl\u0131urfa\u2019n\u0131n Harran il\u00e7esinde betonun alt\u0131nda mahsur kalan 2 yavru kedi, itfaiye ekiplerinin operasyonuyla kurtar\u0131ld\u0131. Edinilen bilgiye g\u00f6re olay, Harran il\u00e7esine ba\u011fl\u0131 Yukar\u0131yak\u0131nyol Mahallesi\u2019nde meydana geldi. Bir in\u015faat alan\u0131nda \u00e7al\u0131\u015fan vatanda\u015flar, betonun alt\u0131ndan gelen kedi seslerini fark edince durumu hemen 112 Acil \u00c7a\u011fr\u0131 Merkezi\u2019ne bildirdi. \u0130hbar\u0131n ard\u0131ndan b\u00f6lgeye giden itfaiye ekipleri, kedi yavrular\u0131na zarar vermemek i\u00e7in [&hellip;]\" \/>\n<meta property=\"og:url\" content=\"https:\/\/memurunsesi.net\/index.php\/2025\/07\/03\/sanliurfada-betonun-altinda-mahsur-kalan-2-kedi-kurtarildi\/\" \/>\n<meta property=\"og:site_name\" content=\"Memurun Sesi\" \/>\n<meta property=\"article:publisher\" content=\"https:\/\/www.facebook.com\/unipersen\/?locale=tr_TR\" \/>\n<meta property=\"article:published_time\" content=\"2025-07-03T02:25:10+00:00\" \/>\n<meta property=\"og:image\" content=\"https:\/\/memurunsesi.net\/wp-content\/uploads\/2025\/07\/AW489265_01.jpg\" \/>\n\t<meta property=\"og:image:width\" content=\"1599\" \/>\n\t<meta property=\"og:image:height\" content=\"908\" \/>\n\t<meta property=\"og:image:type\" content=\"image\/jpeg\" \/>\n<meta name=\"author\" content=\"Memurun Sesi Haber Merkezi\" \/>\n<meta name=\"twitter:card\" content=\"summary_large_image\" \/>\n<meta name=\"twitter:creator\" content=\"@unipersen\" \/>\n<meta name=\"twitter:site\" content=\"@unipersen\" \/>\n<meta name=\"twitter:label1\" content=\"Yazan:\" \/>\n\t<meta name=\"twitter:data1\" content=\"Memurun Sesi Haber Merkezi\" \/>\n\t<meta name=\"twitter:label2\" content=\"Tahmini okuma s\u00fcresi\" \/>\n\t<meta name=\"twitter:data2\" content=\"1 dakika\" \/>\n<script type=\"application\/ld+json\" class=\"yoast-schema-graph\">{\"@context\":\"https:\\\/\\\/schema.org\",\"@graph\":[{\"@type\":\"Article\",\"@id\":\"https:\\\/\\\/memurunsesi.net\\\/index.php\\\/2025\\\/07\\\/03\\\/sanliurfada-betonun-altinda-mahsur-kalan-2-kedi-kurtarildi\\\/#article\",\"isPartOf\":{\"@id\":\"https:\\\/\\\/memurunsesi.net\\\/index.php\\\/2025\\\/07\\\/03\\\/sanliurfada-betonun-altinda-mahsur-kalan-2-kedi-kurtarildi\\\/\"},\"author\":{\"name\":\"Memurun Sesi Haber Merkezi\",\"@id\":\"https:\\\/\\\/memurunsesi.net\\\/#\\\/schema\\\/person\\\/f21c2d73b89f6ee1d80b0a1803e38587\"},\"headline\":\"\u015eanl\u0131urfa\u2019da betonun alt\u0131nda mahsur kalan 2 kedi kurtar\u0131ld\u0131\",\"datePublished\":\"2025-07-03T02:25:10+00:00\",\"mainEntityOfPage\":{\"@id\":\"https:\\\/\\\/memurunsesi.net\\\/index.php\\\/2025\\\/07\\\/03\\\/sanliurfada-betonun-altinda-mahsur-kalan-2-kedi-kurtarildi\\\/\"},\"wordCount\":123,\"commentCount\":0,\"publisher\":{\"@id\":\"https:\\\/\\\/memurunsesi.net\\\/#organization\"},\"image\":{\"@id\":\"https:\\\/\\\/memurunsesi.net\\\/index.php\\\/2025\\\/07\\\/03\\\/sanliurfada-betonun-altinda-mahsur-kalan-2-kedi-kurtarildi\\\/#primaryimage\"},\"thumbnailUrl\":\"https:\\\/\\\/memurunsesi.net\\\/wp-content\\\/uploads\\\/2025\\\/07\\\/AW489265_01.jpg\",\"articleSection\":[\"T\u00fcm Haberler\"],\"inLanguage\":\"tr\",\"potentialAction\":[{\"@type\":\"CommentAction\",\"name\":\"Comment\",\"target\":[\"https:\\\/\\\/memurunsesi.net\\\/index.php\\\/2025\\\/07\\\/03\\\/sanliurfada-betonun-altinda-mahsur-kalan-2-kedi-kurtarildi\\\/#respond\"]}]},{\"@type\":\"WebPage\",\"@id\":\"https:\\\/\\\/memurunsesi.net\\\/index.php\\\/2025\\\/07\\\/03\\\/sanliurfada-betonun-altinda-mahsur-kalan-2-kedi-kurtarildi\\\/\",\"url\":\"https:\\\/\\\/memurunsesi.net\\\/index.php\\\/2025\\\/07\\\/03\\\/sanliurfada-betonun-altinda-mahsur-kalan-2-kedi-kurtarildi\\\/\",\"name\":\"\u015eanl\u0131urfa\u2019da betonun alt\u0131nda mahsur kalan 2 kedi kurtar\u0131ld\u0131 - Memurun Sesi\",\"isPartOf\":{\"@id\":\"https:\\\/\\\/memurunsesi.net\\\/#website\"},\"primaryImageOfPage\":{\"@id\":\"https:\\\/\\\/memurunsesi.net\\\/index.php\\\/2025\\\/07\\\/03\\\/sanliurfada-betonun-altinda-mahsur-kalan-2-kedi-kurtarildi\\\/#primaryimage\"},\"image\":{\"@id\":\"https:\\\/\\\/memurunsesi.net\\\/index.php\\\/2025\\\/07\\\/03\\\/sanliurfada-betonun-altinda-mahsur-kalan-2-kedi-kurtarildi\\\/#primaryimage\"},\"thumbnailUrl\":\"https:\\\/\\\/memurunsesi.net\\\/wp-content\\\/uploads\\\/2025\\\/07\\\/AW489265_01.jpg\",\"datePublished\":\"2025-07-03T02:25:10+00:00\",\"breadcrumb\":{\"@id\":\"https:\\\/\\\/memurunsesi.net\\\/index.php\\\/2025\\\/07\\\/03\\\/sanliurfada-betonun-altinda-mahsur-kalan-2-kedi-kurtarildi\\\/#breadcrumb\"},\"inLanguage\":\"tr\",\"potentialAction\":[{\"@type\":\"ReadAction\",\"target\":[\"https:\\\/\\\/memurunsesi.net\\\/index.php\\\/2025\\\/07\\\/03\\\/sanliurfada-betonun-altinda-mahsur-kalan-2-kedi-kurtarildi\\\/\"]}]},{\"@type\":\"ImageObject\",\"inLanguage\":\"tr\",\"@id\":\"https:\\\/\\\/memurunsesi.net\\\/index.php\\\/2025\\\/07\\\/03\\\/sanliurfada-betonun-altinda-mahsur-kalan-2-kedi-kurtarildi\\\/#primaryimage\",\"url\":\"https:\\\/\\\/memurunsesi.net\\\/wp-content\\\/uploads\\\/2025\\\/07\\\/AW489265_01.jpg\",\"contentUrl\":\"https:\\\/\\\/memurunsesi.net\\\/wp-content\\\/uploads\\\/2025\\\/07\\\/AW489265_01.jpg\",\"width\":1599,\"height\":908,\"caption\":\"\u015eANLIURFA'DA BETONUN ALTINDA MAHSUR KALAN 2 KED\u0130 KURTARILDI (BEK\u0130R \u015eEYHANLI\\\/\u015eANLIURFA-\u0130HA) \u015eanl\u0131urfa'n\u0131n Harran il\u00e7esinde betonun alt\u0131nda mahsur kalan 2 yavru kedi, itfaiye ekiplerinin operasyonuyla kurtar\u0131ld\u0131.\"},{\"@type\":\"BreadcrumbList\",\"@id\":\"https:\\\/\\\/memurunsesi.net\\\/index.php\\\/2025\\\/07\\\/03\\\/sanliurfada-betonun-altinda-mahsur-kalan-2-kedi-kurtarildi\\\/#breadcrumb\",\"itemListElement\":[{\"@type\":\"ListItem\",\"position\":1,\"name\":\"Anasayfa\",\"item\":\"https:\\\/\\\/memurunsesi.net\\\/\"},{\"@type\":\"ListItem\",\"position\":2,\"name\":\"\u015eanl\u0131urfa\u2019da betonun alt\u0131nda mahsur kalan 2 kedi kurtar\u0131ld\u0131\"}]},{\"@type\":\"WebSite\",\"@id\":\"https:\\\/\\\/memurunsesi.net\\\/#website\",\"url\":\"https:\\\/\\\/memurunsesi.net\\\/\",\"name\":\"Memurun Sesi\",\"description\":\"G\u00fcncel ve Do\u011fru Haber\",\"publisher\":{\"@id\":\"https:\\\/\\\/memurunsesi.net\\\/#organization\"},\"potentialAction\":[{\"@type\":\"SearchAction\",\"target\":{\"@type\":\"EntryPoint\",\"urlTemplate\":\"https:\\\/\\\/memurunsesi.net\\\/?s={search_term_string}\"},\"query-input\":{\"@type\":\"PropertyValueSpecification\",\"valueRequired\":true,\"valueName\":\"search_term_string\"}}],\"inLanguage\":\"tr\"},{\"@type\":\"Organization\",\"@id\":\"https:\\\/\\\/memurunsesi.net\\\/#organization\",\"name\":\"Memurun Sesi\",\"url\":\"https:\\\/\\\/memurunsesi.net\\\/\",\"logo\":{\"@type\":\"ImageObject\",\"inLanguage\":\"tr\",\"@id\":\"https:\\\/\\\/memurunsesi.net\\\/#\\\/schema\\\/logo\\\/image\\\/\",\"url\":\"https:\\\/\\\/memurunsesi.net\\\/wp-content\\\/uploads\\\/2025\\\/11\\\/cropped-MEMURUN-SESI.png\",\"contentUrl\":\"https:\\\/\\\/memurunsesi.net\\\/wp-content\\\/uploads\\\/2025\\\/11\\\/cropped-MEMURUN-SESI.png\",\"width\":238,\"height\":57,\"caption\":\"Memurun Sesi\"},\"image\":{\"@id\":\"https:\\\/\\\/memurunsesi.net\\\/#\\\/schema\\\/logo\\\/image\\\/\"},\"sameAs\":[\"https:\\\/\\\/www.facebook.com\\\/unipersen\\\/?locale=tr_TR\",\"https:\\\/\\\/x.com\\\/unipersen\"]},{\"@type\":\"Person\",\"@id\":\"https:\\\/\\\/memurunsesi.net\\\/#\\\/schema\\\/person\\\/f21c2d73b89f6ee1d80b0a1803e38587\",\"name\":\"Memurun Sesi Haber Merkezi\",\"image\":{\"@type\":\"ImageObject\",\"inLanguage\":\"tr\",\"@id\":\"https:\\\/\\\/secure.gravatar.com\\\/avatar\\\/6cf0505f452ee753f485014986fab09a434671d2b919ee76fc541025c5876a70?s=96&d=mm&r=g\",\"url\":\"https:\\\/\\\/secure.gravatar.com\\\/avatar\\\/6cf0505f452ee753f485014986fab09a434671d2b919ee76fc541025c5876a70?s=96&d=mm&r=g\",\"contentUrl\":\"https:\\\/\\\/secure.gravatar.com\\\/avatar\\\/6cf0505f452ee753f485014986fab09a434671d2b919ee76fc541025c5876a70?s=96&d=mm&r=g\",\"caption\":\"Memurun Sesi Haber Merkezi\"},\"sameAs\":[\"https:\\\/\\\/memurunsesi.net\"],\"url\":\"https:\\\/\\\/memurunsesi.net\\\/index.php\\\/author\\\/uniper\\\/\"}]}<\/script>\n<!-- \/ Yoast SEO plugin. -->","yoast_head_json":{"title":"\u015eanl\u0131urfa\u2019da betonun alt\u0131nda mahsur kalan 2 kedi kurtar\u0131ld\u0131 - Memurun Sesi","robots":{"index":"index","follow":"follow","max-snippet":"max-snippet:-1","max-image-preview":"max-image-preview:large","max-video-preview":"max-video-preview:-1"},"canonical":"https:\/\/memurunsesi.net\/index.php\/2025\/07\/03\/sanliurfada-betonun-altinda-mahsur-kalan-2-kedi-kurtarildi\/","og_locale":"tr_TR","og_type":"article","og_title":"\u015eanl\u0131urfa\u2019da betonun alt\u0131nda mahsur kalan 2 kedi kurtar\u0131ld\u0131 - Memurun Sesi","og_description":"\u015eanl\u0131urfa\u2019n\u0131n Harran il\u00e7esinde betonun alt\u0131nda mahsur kalan 2 yavru kedi, itfaiye ekiplerinin operasyonuyla kurtar\u0131ld\u0131. Edinilen bilgiye g\u00f6re olay, Harran il\u00e7esine ba\u011fl\u0131 Yukar\u0131yak\u0131nyol Mahallesi\u2019nde meydana geldi. Bir in\u015faat alan\u0131nda \u00e7al\u0131\u015fan vatanda\u015flar, betonun alt\u0131ndan gelen kedi seslerini fark edince durumu hemen 112 Acil \u00c7a\u011fr\u0131 Merkezi\u2019ne bildirdi. \u0130hbar\u0131n ard\u0131ndan b\u00f6lgeye giden itfaiye ekipleri, kedi yavrular\u0131na zarar vermemek i\u00e7in [&hellip;]","og_url":"https:\/\/memurunsesi.net\/index.php\/2025\/07\/03\/sanliurfada-betonun-altinda-mahsur-kalan-2-kedi-kurtarildi\/","og_site_name":"Memurun Sesi","article_publisher":"https:\/\/www.facebook.com\/unipersen\/?locale=tr_TR","article_published_time":"2025-07-03T02:25:10+00:00","og_image":[{"width":1599,"height":908,"url":"https:\/\/memurunsesi.net\/wp-content\/uploads\/2025\/07\/AW489265_01.jpg","type":"image\/jpeg"}],"author":"Memurun Sesi Haber Merkezi","twitter_card":"summary_large_image","twitter_creator":"@unipersen","twitter_site":"@unipersen","twitter_misc":{"Yazan:":"Memurun Sesi Haber Merkezi","Tahmini okuma s\u00fcresi":"1 dakika"},"schema":{"@context":"https:\/\/schema.org","@graph":[{"@type":"Article","@id":"https:\/\/memurunsesi.net\/index.php\/2025\/07\/03\/sanliurfada-betonun-altinda-mahsur-kalan-2-kedi-kurtarildi\/#article","isPartOf":{"@id":"https:\/\/memurunsesi.net\/index.php\/2025\/07\/03\/sanliurfada-betonun-altinda-mahsur-kalan-2-kedi-kurtarildi\/"},"author":{"name":"Memurun Sesi Haber Merkezi","@id":"https:\/\/memurunsesi.net\/#\/schema\/person\/f21c2d73b89f6ee1d80b0a1803e38587"},"headline":"\u015eanl\u0131urfa\u2019da betonun alt\u0131nda mahsur kalan 2 kedi kurtar\u0131ld\u0131","datePublished":"2025-07-03T02:25:10+00:00","mainEntityOfPage":{"@id":"https:\/\/memurunsesi.net\/index.php\/2025\/07\/03\/sanliurfada-betonun-altinda-mahsur-kalan-2-kedi-kurtarildi\/"},"wordCount":123,"commentCount":0,"publisher":{"@id":"https:\/\/memurunsesi.net\/#organization"},"image":{"@id":"https:\/\/memurunsesi.net\/index.php\/2025\/07\/03\/sanliurfada-betonun-altinda-mahsur-kalan-2-kedi-kurtarildi\/#primaryimage"},"thumbnailUrl":"https:\/\/memurunsesi.net\/wp-content\/uploads\/2025\/07\/AW489265_01.jpg","articleSection":["T\u00fcm Haberler"],"inLanguage":"tr","potentialAction":[{"@type":"CommentAction","name":"Comment","target":["https:\/\/memurunsesi.net\/index.php\/2025\/07\/03\/sanliurfada-betonun-altinda-mahsur-kalan-2-kedi-kurtarildi\/#respond"]}]},{"@type":"WebPage","@id":"https:\/\/memurunsesi.net\/index.php\/2025\/07\/03\/sanliurfada-betonun-altinda-mahsur-kalan-2-kedi-kurtarildi\/","url":"https:\/\/memurunsesi.net\/index.php\/2025\/07\/03\/sanliurfada-betonun-altinda-mahsur-kalan-2-kedi-kurtarildi\/","name":"\u015eanl\u0131urfa\u2019da betonun alt\u0131nda mahsur kalan 2 kedi kurtar\u0131ld\u0131 - Memurun Sesi","isPartOf":{"@id":"https:\/\/memurunsesi.net\/#website"},"primaryImageOfPage":{"@id":"https:\/\/memurunsesi.net\/index.php\/2025\/07\/03\/sanliurfada-betonun-altinda-mahsur-kalan-2-kedi-kurtarildi\/#primaryimage"},"image":{"@id":"https:\/\/memurunsesi.net\/index.php\/2025\/07\/03\/sanliurfada-betonun-altinda-mahsur-kalan-2-kedi-kurtarildi\/#primaryimage"},"thumbnailUrl":"https:\/\/memurunsesi.net\/wp-content\/uploads\/2025\/07\/AW489265_01.jpg","datePublished":"2025-07-03T02:25:10+00:00","breadcrumb":{"@id":"https:\/\/memurunsesi.net\/index.php\/2025\/07\/03\/sanliurfada-betonun-altinda-mahsur-kalan-2-kedi-kurtarildi\/#breadcrumb"},"inLanguage":"tr","potentialAction":[{"@type":"ReadAction","target":["https:\/\/memurunsesi.net\/index.php\/2025\/07\/03\/sanliurfada-betonun-altinda-mahsur-kalan-2-kedi-kurtarildi\/"]}]},{"@type":"ImageObject","inLanguage":"tr","@id":"https:\/\/memurunsesi.net\/index.php\/2025\/07\/03\/sanliurfada-betonun-altinda-mahsur-kalan-2-kedi-kurtarildi\/#primaryimage","url":"https:\/\/memurunsesi.net\/wp-content\/uploads\/2025\/07\/AW489265_01.jpg","contentUrl":"https:\/\/memurunsesi.net\/wp-content\/uploads\/2025\/07\/AW489265_01.jpg","width":1599,"height":908,"caption":"\u015eANLIURFA'DA BETONUN ALTINDA MAHSUR KALAN 2 KED\u0130 KURTARILDI (BEK\u0130R \u015eEYHANLI\/\u015eANLIURFA-\u0130HA) \u015eanl\u0131urfa'n\u0131n Harran il\u00e7esinde betonun alt\u0131nda mahsur kalan 2 yavru kedi, itfaiye ekiplerinin operasyonuyla kurtar\u0131ld\u0131."},{"@type":"BreadcrumbList","@id":"https:\/\/memurunsesi.net\/index.php\/2025\/07\/03\/sanliurfada-betonun-altinda-mahsur-kalan-2-kedi-kurtarildi\/#breadcrumb","itemListElement":[{"@type":"ListItem","position":1,"name":"Anasayfa","item":"https:\/\/memurunsesi.net\/"},{"@type":"ListItem","position":2,"name":"\u015eanl\u0131urfa\u2019da betonun alt\u0131nda mahsur kalan 2 kedi kurtar\u0131ld\u0131"}]},{"@type":"WebSite","@id":"https:\/\/memurunsesi.net\/#website","url":"https:\/\/memurunsesi.net\/","name":"Memurun Sesi","description":"G\u00fcncel ve Do\u011fru Haber","publisher":{"@id":"https:\/\/memurunsesi.net\/#organization"},"potentialAction":[{"@type":"SearchAction","target":{"@type":"EntryPoint","urlTemplate":"https:\/\/memurunsesi.net\/?s={search_term_string}"},"query-input":{"@type":"PropertyValueSpecification","valueRequired":true,"valueName":"search_term_string"}}],"inLanguage":"tr"},{"@type":"Organization","@id":"https:\/\/memurunsesi.net\/#organization","name":"Memurun Sesi","url":"https:\/\/memurunsesi.net\/","logo":{"@type":"ImageObject","inLanguage":"tr","@id":"https:\/\/memurunsesi.net\/#\/schema\/logo\/image\/","url":"https:\/\/memurunsesi.net\/wp-content\/uploads\/2025\/11\/cropped-MEMURUN-SESI.png","contentUrl":"https:\/\/memurunsesi.net\/wp-content\/uploads\/2025\/11\/cropped-MEMURUN-SESI.png","width":238,"height":57,"caption":"Memurun Sesi"},"image":{"@id":"https:\/\/memurunsesi.net\/#\/schema\/logo\/image\/"},"sameAs":["https:\/\/www.facebook.com\/unipersen\/?locale=tr_TR","https:\/\/x.com\/unipersen"]},{"@type":"Person","@id":"https:\/\/memurunsesi.net\/#\/schema\/person\/f21c2d73b89f6ee1d80b0a1803e38587","name":"Memurun Sesi Haber Merkezi","image":{"@type":"ImageObject","inLanguage":"tr","@id":"https:\/\/secure.gravatar.com\/avatar\/6cf0505f452ee753f485014986fab09a434671d2b919ee76fc541025c5876a70?s=96&d=mm&r=g","url":"https:\/\/secure.gravatar.com\/avatar\/6cf0505f452ee753f485014986fab09a434671d2b919ee76fc541025c5876a70?s=96&d=mm&r=g","contentUrl":"https:\/\/secure.gravatar.com\/avatar\/6cf0505f452ee753f485014986fab09a434671d2b919ee76fc541025c5876a70?s=96&d=mm&r=g","caption":"Memurun Sesi Haber Merkezi"},"sameAs":["https:\/\/memurunsesi.net"],"url":"https:\/\/memurunsesi.net\/index.php\/author\/uniper\/"}]}},"_links":{"self":[{"href":"https:\/\/memurunsesi.net\/index.php\/wp-json\/wp\/v2\/posts\/8896","targetHints":{"allow":["GET"]}}],"collection":[{"href":"https:\/\/memurunsesi.net\/index.php\/wp-json\/wp\/v2\/posts"}],"about":[{"href":"https:\/\/memurunsesi.net\/index.php\/wp-json\/wp\/v2\/types\/post"}],"author":[{"embeddable":true,"href":"https:\/\/memurunsesi.net\/index.php\/wp-json\/wp\/v2\/users\/1"}],"replies":[{"embeddable":true,"href":"https:\/\/memurunsesi.net\/index.php\/wp-json\/wp\/v2\/comments?post=8896"}],"version-history":[{"count":1,"href":"https:\/\/memurunsesi.net\/index.php\/wp-json\/wp\/v2\/posts\/8896\/revisions"}],"predecessor-version":[{"id":8898,"href":"https:\/\/memurunsesi.net\/index.php\/wp-json\/wp\/v2\/posts\/8896\/revisions\/8898"}],"wp:featuredmedia":[{"embeddable":true,"href":"https:\/\/memurunsesi.net\/index.php\/wp-json\/wp\/v2\/media\/8897"}],"wp:attachment":[{"href":"https:\/\/memurunsesi.net\/index.php\/wp-json\/wp\/v2\/media?parent=8896"}],"wp:term":[{"taxonomy":"category","embeddable":true,"href":"https:\/\/memurunsesi.net\/index.php\/wp-json\/wp\/v2\/categories?post=8896"},{"taxonomy":"post_tag","embeddable":true,"href":"https:\/\/memurunsesi.net\/index.php\/wp-json\/wp\/v2\/tags?post=8896"}],"curies":[{"name":"wp","href":"https:\/\/api.w.org\/{rel}","templated":true}]}}