{"id":8902,"date":"2025-07-03T05:28:00","date_gmt":"2025-07-03T02:28:00","guid":{"rendered":"https:\/\/memurunsesi.net\/?p=8902"},"modified":"2025-07-03T05:28:00","modified_gmt":"2025-07-03T02:28:00","slug":"gonen-sarikoy-yolundaki-kazada-2-kisi-hayatini-kaybetti-7-kisi-yaralandi","status":"publish","type":"post","link":"https:\/\/memurunsesi.net\/index.php\/2025\/07\/03\/gonen-sarikoy-yolundaki-kazada-2-kisi-hayatini-kaybetti-7-kisi-yaralandi\/","title":{"rendered":"G\u00f6nen-Sar\u0131k\u00f6y yolundaki kazada 2 ki\u015fi hayat\u0131n\u0131 kaybetti, 7 ki\u015fi yaraland\u0131"},"content":{"rendered":"<p>  Bal\u0131kesir\u2019in G\u00f6nen il\u00e7esi Sar\u0131k\u00f6y yolu \u00fczerinde meydana gelen ve 3 arac\u0131n kar\u0131\u015ft\u0131\u011f\u0131 kazada 2 ki\u015fi hayat\u0131n\u0131 kaybetti, 7 ki\u015fi yaraland\u0131.<br \/>\nEdinilen bilgiye g\u00f6re, 3 arac\u0131n kar\u0131\u015fmas\u0131yla meydana gelen kazada A.K. ve A.K. isimli iki ki\u015fi hayat\u0131n\u0131 kaybetti. Kazada yaralanan 7 ki\u015fiden Y.E., Band\u0131rma E\u011fitim ve Ara\u015ft\u0131rma Hastanesi\u2019ne sevk edilirken, J.A., A.A., E.A. (\u00e7ocuk) ve \u00d6.P.A. (\u00e7ocuk) isimli yaral\u0131lar\u0131n sa\u011fl\u0131k durumlar\u0131n\u0131n iyi oldu\u011fu \u00f6\u011frenildi. S.K. ve S.E. isimli yaral\u0131lar\u0131n ise hastanedeki tedavileri s\u00fcr\u00fcyor.<br \/>\n  Kaza sonras\u0131 olay yerine sevk edilen ekiplerin m\u00fcdahalesiyle yaral\u0131lar \u00e7evredeki hastanelere kald\u0131r\u0131lm\u0131\u015f, kazaya kar\u0131\u015fan ara\u00e7lar\u0131n kald\u0131r\u0131lmas\u0131n\u0131n ard\u0131ndan yol yeniden trafi\u011fe a\u00e7\u0131lm\u0131\u015ft\u0131. Olayla ilgili ba\u015flat\u0131lan soru\u015fturma s\u00fcr\u00fcyor. <\/p>\n<p>3.07.2025                             <\/p>\n","protected":false},"excerpt":{"rendered":"<p>Bal\u0131kesir\u2019in G\u00f6nen il\u00e7esi Sar\u0131k\u00f6y yolu \u00fczerinde meydana gelen ve 3 arac\u0131n kar\u0131\u015ft\u0131\u011f\u0131 kazada 2 ki\u015fi hayat\u0131n\u0131 kaybetti, 7 ki\u015fi yaraland\u0131. Edinilen bilgiye g\u00f6re, 3 arac\u0131n kar\u0131\u015fmas\u0131yla meydana gelen kazada A.K. ve A.K. isimli iki ki\u015fi hayat\u0131n\u0131 kaybetti. Kazada yaralanan 7 ki\u015fiden Y.E., Band\u0131rma E\u011fitim ve Ara\u015ft\u0131rma Hastanesi\u2019ne sevk edilirken, J.A., A.A., E.A. (\u00e7ocuk) ve \u00d6.P.A. [&hellip;]<\/p>\n","protected":false},"author":1,"featured_media":8904,"comment_status":"open","ping_status":"open","sticky":false,"template":"","format":"standard","meta":{"footnotes":""},"categories":[1],"tags":[],"class_list":["post-8902","post","type-post","status-publish","format-standard","has-post-thumbnail","hentry","category-genel"],"yoast_head":"<!-- This site is optimized with the Yoast SEO plugin v27.4 - https:\/\/yoast.com\/product\/yoast-seo-wordpress\/ -->\n<title>G\u00f6nen-Sar\u0131k\u00f6y yolundaki kazada 2 ki\u015fi hayat\u0131n\u0131 kaybetti, 7 ki\u015fi yaraland\u0131 - Memurun Sesi<\/title>\n<meta name=\"robots\" content=\"index, follow, max-snippet:-1, max-image-preview:large, max-video-preview:-1\" \/>\n<link rel=\"canonical\" href=\"https:\/\/memurunsesi.net\/index.php\/2025\/07\/03\/gonen-sarikoy-yolundaki-kazada-2-kisi-hayatini-kaybetti-7-kisi-yaralandi\/\" \/>\n<meta property=\"og:locale\" content=\"tr_TR\" \/>\n<meta property=\"og:type\" content=\"article\" \/>\n<meta property=\"og:title\" content=\"G\u00f6nen-Sar\u0131k\u00f6y yolundaki kazada 2 ki\u015fi hayat\u0131n\u0131 kaybetti, 7 ki\u015fi yaraland\u0131 - Memurun Sesi\" \/>\n<meta property=\"og:description\" content=\"Bal\u0131kesir\u2019in G\u00f6nen il\u00e7esi Sar\u0131k\u00f6y yolu \u00fczerinde meydana gelen ve 3 arac\u0131n kar\u0131\u015ft\u0131\u011f\u0131 kazada 2 ki\u015fi hayat\u0131n\u0131 kaybetti, 7 ki\u015fi yaraland\u0131. Edinilen bilgiye g\u00f6re, 3 arac\u0131n kar\u0131\u015fmas\u0131yla meydana gelen kazada A.K. ve A.K. isimli iki ki\u015fi hayat\u0131n\u0131 kaybetti. Kazada yaralanan 7 ki\u015fiden Y.E., Band\u0131rma E\u011fitim ve Ara\u015ft\u0131rma Hastanesi\u2019ne sevk edilirken, J.A., A.A., E.A. (\u00e7ocuk) ve \u00d6.P.A. [&hellip;]\" \/>\n<meta property=\"og:url\" content=\"https:\/\/memurunsesi.net\/index.php\/2025\/07\/03\/gonen-sarikoy-yolundaki-kazada-2-kisi-hayatini-kaybetti-7-kisi-yaralandi\/\" \/>\n<meta property=\"og:site_name\" content=\"Memurun Sesi\" \/>\n<meta property=\"article:publisher\" content=\"https:\/\/www.facebook.com\/unipersen\/?locale=tr_TR\" \/>\n<meta property=\"article:published_time\" content=\"2025-07-03T02:28:00+00:00\" \/>\n<meta property=\"og:image\" content=\"https:\/\/memurunsesi.net\/wp-content\/uploads\/2025\/07\/AW489257_01.jpg\" \/>\n\t<meta property=\"og:image:width\" content=\"1179\" \/>\n\t<meta property=\"og:image:height\" content=\"614\" \/>\n\t<meta property=\"og:image:type\" content=\"image\/jpeg\" \/>\n<meta name=\"author\" content=\"Memurun Sesi Haber Merkezi\" \/>\n<meta name=\"twitter:card\" content=\"summary_large_image\" \/>\n<meta name=\"twitter:creator\" content=\"@unipersen\" \/>\n<meta name=\"twitter:site\" content=\"@unipersen\" \/>\n<meta name=\"twitter:label1\" content=\"Yazan:\" \/>\n\t<meta name=\"twitter:data1\" content=\"Memurun Sesi Haber Merkezi\" \/>\n\t<meta name=\"twitter:label2\" content=\"Tahmini okuma s\u00fcresi\" \/>\n\t<meta name=\"twitter:data2\" content=\"1 dakika\" \/>\n<script type=\"application\/ld+json\" class=\"yoast-schema-graph\">{\"@context\":\"https:\\\/\\\/schema.org\",\"@graph\":[{\"@type\":\"Article\",\"@id\":\"https:\\\/\\\/memurunsesi.net\\\/index.php\\\/2025\\\/07\\\/03\\\/gonen-sarikoy-yolundaki-kazada-2-kisi-hayatini-kaybetti-7-kisi-yaralandi\\\/#article\",\"isPartOf\":{\"@id\":\"https:\\\/\\\/memurunsesi.net\\\/index.php\\\/2025\\\/07\\\/03\\\/gonen-sarikoy-yolundaki-kazada-2-kisi-hayatini-kaybetti-7-kisi-yaralandi\\\/\"},\"author\":{\"name\":\"Memurun Sesi Haber Merkezi\",\"@id\":\"https:\\\/\\\/memurunsesi.net\\\/#\\\/schema\\\/person\\\/f21c2d73b89f6ee1d80b0a1803e38587\"},\"headline\":\"G\u00f6nen-Sar\u0131k\u00f6y yolundaki kazada 2 ki\u015fi hayat\u0131n\u0131 kaybetti, 7 ki\u015fi yaraland\u0131\",\"datePublished\":\"2025-07-03T02:28:00+00:00\",\"mainEntityOfPage\":{\"@id\":\"https:\\\/\\\/memurunsesi.net\\\/index.php\\\/2025\\\/07\\\/03\\\/gonen-sarikoy-yolundaki-kazada-2-kisi-hayatini-kaybetti-7-kisi-yaralandi\\\/\"},\"wordCount\":170,\"commentCount\":0,\"publisher\":{\"@id\":\"https:\\\/\\\/memurunsesi.net\\\/#organization\"},\"image\":{\"@id\":\"https:\\\/\\\/memurunsesi.net\\\/index.php\\\/2025\\\/07\\\/03\\\/gonen-sarikoy-yolundaki-kazada-2-kisi-hayatini-kaybetti-7-kisi-yaralandi\\\/#primaryimage\"},\"thumbnailUrl\":\"https:\\\/\\\/memurunsesi.net\\\/wp-content\\\/uploads\\\/2025\\\/07\\\/AW489257_01.jpg\",\"inLanguage\":\"tr\",\"potentialAction\":[{\"@type\":\"CommentAction\",\"name\":\"Comment\",\"target\":[\"https:\\\/\\\/memurunsesi.net\\\/index.php\\\/2025\\\/07\\\/03\\\/gonen-sarikoy-yolundaki-kazada-2-kisi-hayatini-kaybetti-7-kisi-yaralandi\\\/#respond\"]}]},{\"@type\":\"WebPage\",\"@id\":\"https:\\\/\\\/memurunsesi.net\\\/index.php\\\/2025\\\/07\\\/03\\\/gonen-sarikoy-yolundaki-kazada-2-kisi-hayatini-kaybetti-7-kisi-yaralandi\\\/\",\"url\":\"https:\\\/\\\/memurunsesi.net\\\/index.php\\\/2025\\\/07\\\/03\\\/gonen-sarikoy-yolundaki-kazada-2-kisi-hayatini-kaybetti-7-kisi-yaralandi\\\/\",\"name\":\"G\u00f6nen-Sar\u0131k\u00f6y yolundaki kazada 2 ki\u015fi hayat\u0131n\u0131 kaybetti, 7 ki\u015fi yaraland\u0131 - Memurun Sesi\",\"isPartOf\":{\"@id\":\"https:\\\/\\\/memurunsesi.net\\\/#website\"},\"primaryImageOfPage\":{\"@id\":\"https:\\\/\\\/memurunsesi.net\\\/index.php\\\/2025\\\/07\\\/03\\\/gonen-sarikoy-yolundaki-kazada-2-kisi-hayatini-kaybetti-7-kisi-yaralandi\\\/#primaryimage\"},\"image\":{\"@id\":\"https:\\\/\\\/memurunsesi.net\\\/index.php\\\/2025\\\/07\\\/03\\\/gonen-sarikoy-yolundaki-kazada-2-kisi-hayatini-kaybetti-7-kisi-yaralandi\\\/#primaryimage\"},\"thumbnailUrl\":\"https:\\\/\\\/memurunsesi.net\\\/wp-content\\\/uploads\\\/2025\\\/07\\\/AW489257_01.jpg\",\"datePublished\":\"2025-07-03T02:28:00+00:00\",\"breadcrumb\":{\"@id\":\"https:\\\/\\\/memurunsesi.net\\\/index.php\\\/2025\\\/07\\\/03\\\/gonen-sarikoy-yolundaki-kazada-2-kisi-hayatini-kaybetti-7-kisi-yaralandi\\\/#breadcrumb\"},\"inLanguage\":\"tr\",\"potentialAction\":[{\"@type\":\"ReadAction\",\"target\":[\"https:\\\/\\\/memurunsesi.net\\\/index.php\\\/2025\\\/07\\\/03\\\/gonen-sarikoy-yolundaki-kazada-2-kisi-hayatini-kaybetti-7-kisi-yaralandi\\\/\"]}]},{\"@type\":\"ImageObject\",\"inLanguage\":\"tr\",\"@id\":\"https:\\\/\\\/memurunsesi.net\\\/index.php\\\/2025\\\/07\\\/03\\\/gonen-sarikoy-yolundaki-kazada-2-kisi-hayatini-kaybetti-7-kisi-yaralandi\\\/#primaryimage\",\"url\":\"https:\\\/\\\/memurunsesi.net\\\/wp-content\\\/uploads\\\/2025\\\/07\\\/AW489257_01.jpg\",\"contentUrl\":\"https:\\\/\\\/memurunsesi.net\\\/wp-content\\\/uploads\\\/2025\\\/07\\\/AW489257_01.jpg\",\"width\":1179,\"height\":614,\"caption\":\"G\u00d6NEN-SARIK\u00d6Y YOLUNDAK\u0130 KAZADA 2 K\u0130\u015e\u0130 HAYATINI KAYBETT\u0130, 7 K\u0130\u015e\u0130 YARALANDI (BERRA KARAKA\u015e - KUDRET \u015eENEL\\\/BALIKES\u0130R-\u0130HA) Bal\u0131kesir'in G\u00f6nen il\u00e7esi Sar\u0131k\u00f6y yolu \u00fczerinde meydana gelen ve 3 arac\u0131n kar\u0131\u015ft\u0131\u011f\u0131 kazada 2 ki\u015fi hayat\u0131n\u0131 kaybetti, 7 ki\u015fi yaraland\u0131.\"},{\"@type\":\"BreadcrumbList\",\"@id\":\"https:\\\/\\\/memurunsesi.net\\\/index.php\\\/2025\\\/07\\\/03\\\/gonen-sarikoy-yolundaki-kazada-2-kisi-hayatini-kaybetti-7-kisi-yaralandi\\\/#breadcrumb\",\"itemListElement\":[{\"@type\":\"ListItem\",\"position\":1,\"name\":\"Anasayfa\",\"item\":\"https:\\\/\\\/memurunsesi.net\\\/\"},{\"@type\":\"ListItem\",\"position\":2,\"name\":\"G\u00f6nen-Sar\u0131k\u00f6y yolundaki kazada 2 ki\u015fi hayat\u0131n\u0131 kaybetti, 7 ki\u015fi yaraland\u0131\"}]},{\"@type\":\"WebSite\",\"@id\":\"https:\\\/\\\/memurunsesi.net\\\/#website\",\"url\":\"https:\\\/\\\/memurunsesi.net\\\/\",\"name\":\"Memurun Sesi\",\"description\":\"G\u00fcncel ve Do\u011fru Haber\",\"publisher\":{\"@id\":\"https:\\\/\\\/memurunsesi.net\\\/#organization\"},\"potentialAction\":[{\"@type\":\"SearchAction\",\"target\":{\"@type\":\"EntryPoint\",\"urlTemplate\":\"https:\\\/\\\/memurunsesi.net\\\/?s={search_term_string}\"},\"query-input\":{\"@type\":\"PropertyValueSpecification\",\"valueRequired\":true,\"valueName\":\"search_term_string\"}}],\"inLanguage\":\"tr\"},{\"@type\":\"Organization\",\"@id\":\"https:\\\/\\\/memurunsesi.net\\\/#organization\",\"name\":\"Memurun Sesi\",\"url\":\"https:\\\/\\\/memurunsesi.net\\\/\",\"logo\":{\"@type\":\"ImageObject\",\"inLanguage\":\"tr\",\"@id\":\"https:\\\/\\\/memurunsesi.net\\\/#\\\/schema\\\/logo\\\/image\\\/\",\"url\":\"https:\\\/\\\/memurunsesi.net\\\/wp-content\\\/uploads\\\/2025\\\/11\\\/cropped-MEMURUN-SESI.png\",\"contentUrl\":\"https:\\\/\\\/memurunsesi.net\\\/wp-content\\\/uploads\\\/2025\\\/11\\\/cropped-MEMURUN-SESI.png\",\"width\":238,\"height\":57,\"caption\":\"Memurun Sesi\"},\"image\":{\"@id\":\"https:\\\/\\\/memurunsesi.net\\\/#\\\/schema\\\/logo\\\/image\\\/\"},\"sameAs\":[\"https:\\\/\\\/www.facebook.com\\\/unipersen\\\/?locale=tr_TR\",\"https:\\\/\\\/x.com\\\/unipersen\"]},{\"@type\":\"Person\",\"@id\":\"https:\\\/\\\/memurunsesi.net\\\/#\\\/schema\\\/person\\\/f21c2d73b89f6ee1d80b0a1803e38587\",\"name\":\"Memurun Sesi Haber Merkezi\",\"image\":{\"@type\":\"ImageObject\",\"inLanguage\":\"tr\",\"@id\":\"https:\\\/\\\/secure.gravatar.com\\\/avatar\\\/6cf0505f452ee753f485014986fab09a434671d2b919ee76fc541025c5876a70?s=96&d=mm&r=g\",\"url\":\"https:\\\/\\\/secure.gravatar.com\\\/avatar\\\/6cf0505f452ee753f485014986fab09a434671d2b919ee76fc541025c5876a70?s=96&d=mm&r=g\",\"contentUrl\":\"https:\\\/\\\/secure.gravatar.com\\\/avatar\\\/6cf0505f452ee753f485014986fab09a434671d2b919ee76fc541025c5876a70?s=96&d=mm&r=g\",\"caption\":\"Memurun Sesi Haber Merkezi\"},\"sameAs\":[\"https:\\\/\\\/memurunsesi.net\"],\"url\":\"https:\\\/\\\/memurunsesi.net\\\/index.php\\\/author\\\/uniper\\\/\"}]}<\/script>\n<!-- \/ Yoast SEO plugin. -->","yoast_head_json":{"title":"G\u00f6nen-Sar\u0131k\u00f6y yolundaki kazada 2 ki\u015fi hayat\u0131n\u0131 kaybetti, 7 ki\u015fi yaraland\u0131 - Memurun Sesi","robots":{"index":"index","follow":"follow","max-snippet":"max-snippet:-1","max-image-preview":"max-image-preview:large","max-video-preview":"max-video-preview:-1"},"canonical":"https:\/\/memurunsesi.net\/index.php\/2025\/07\/03\/gonen-sarikoy-yolundaki-kazada-2-kisi-hayatini-kaybetti-7-kisi-yaralandi\/","og_locale":"tr_TR","og_type":"article","og_title":"G\u00f6nen-Sar\u0131k\u00f6y yolundaki kazada 2 ki\u015fi hayat\u0131n\u0131 kaybetti, 7 ki\u015fi yaraland\u0131 - Memurun Sesi","og_description":"Bal\u0131kesir\u2019in G\u00f6nen il\u00e7esi Sar\u0131k\u00f6y yolu \u00fczerinde meydana gelen ve 3 arac\u0131n kar\u0131\u015ft\u0131\u011f\u0131 kazada 2 ki\u015fi hayat\u0131n\u0131 kaybetti, 7 ki\u015fi yaraland\u0131. Edinilen bilgiye g\u00f6re, 3 arac\u0131n kar\u0131\u015fmas\u0131yla meydana gelen kazada A.K. ve A.K. isimli iki ki\u015fi hayat\u0131n\u0131 kaybetti. Kazada yaralanan 7 ki\u015fiden Y.E., Band\u0131rma E\u011fitim ve Ara\u015ft\u0131rma Hastanesi\u2019ne sevk edilirken, J.A., A.A., E.A. (\u00e7ocuk) ve \u00d6.P.A. [&hellip;]","og_url":"https:\/\/memurunsesi.net\/index.php\/2025\/07\/03\/gonen-sarikoy-yolundaki-kazada-2-kisi-hayatini-kaybetti-7-kisi-yaralandi\/","og_site_name":"Memurun Sesi","article_publisher":"https:\/\/www.facebook.com\/unipersen\/?locale=tr_TR","article_published_time":"2025-07-03T02:28:00+00:00","og_image":[{"width":1179,"height":614,"url":"https:\/\/memurunsesi.net\/wp-content\/uploads\/2025\/07\/AW489257_01.jpg","type":"image\/jpeg"}],"author":"Memurun Sesi Haber Merkezi","twitter_card":"summary_large_image","twitter_creator":"@unipersen","twitter_site":"@unipersen","twitter_misc":{"Yazan:":"Memurun Sesi Haber Merkezi","Tahmini okuma s\u00fcresi":"1 dakika"},"schema":{"@context":"https:\/\/schema.org","@graph":[{"@type":"Article","@id":"https:\/\/memurunsesi.net\/index.php\/2025\/07\/03\/gonen-sarikoy-yolundaki-kazada-2-kisi-hayatini-kaybetti-7-kisi-yaralandi\/#article","isPartOf":{"@id":"https:\/\/memurunsesi.net\/index.php\/2025\/07\/03\/gonen-sarikoy-yolundaki-kazada-2-kisi-hayatini-kaybetti-7-kisi-yaralandi\/"},"author":{"name":"Memurun Sesi Haber Merkezi","@id":"https:\/\/memurunsesi.net\/#\/schema\/person\/f21c2d73b89f6ee1d80b0a1803e38587"},"headline":"G\u00f6nen-Sar\u0131k\u00f6y yolundaki kazada 2 ki\u015fi hayat\u0131n\u0131 kaybetti, 7 ki\u015fi yaraland\u0131","datePublished":"2025-07-03T02:28:00+00:00","mainEntityOfPage":{"@id":"https:\/\/memurunsesi.net\/index.php\/2025\/07\/03\/gonen-sarikoy-yolundaki-kazada-2-kisi-hayatini-kaybetti-7-kisi-yaralandi\/"},"wordCount":170,"commentCount":0,"publisher":{"@id":"https:\/\/memurunsesi.net\/#organization"},"image":{"@id":"https:\/\/memurunsesi.net\/index.php\/2025\/07\/03\/gonen-sarikoy-yolundaki-kazada-2-kisi-hayatini-kaybetti-7-kisi-yaralandi\/#primaryimage"},"thumbnailUrl":"https:\/\/memurunsesi.net\/wp-content\/uploads\/2025\/07\/AW489257_01.jpg","inLanguage":"tr","potentialAction":[{"@type":"CommentAction","name":"Comment","target":["https:\/\/memurunsesi.net\/index.php\/2025\/07\/03\/gonen-sarikoy-yolundaki-kazada-2-kisi-hayatini-kaybetti-7-kisi-yaralandi\/#respond"]}]},{"@type":"WebPage","@id":"https:\/\/memurunsesi.net\/index.php\/2025\/07\/03\/gonen-sarikoy-yolundaki-kazada-2-kisi-hayatini-kaybetti-7-kisi-yaralandi\/","url":"https:\/\/memurunsesi.net\/index.php\/2025\/07\/03\/gonen-sarikoy-yolundaki-kazada-2-kisi-hayatini-kaybetti-7-kisi-yaralandi\/","name":"G\u00f6nen-Sar\u0131k\u00f6y yolundaki kazada 2 ki\u015fi hayat\u0131n\u0131 kaybetti, 7 ki\u015fi yaraland\u0131 - Memurun Sesi","isPartOf":{"@id":"https:\/\/memurunsesi.net\/#website"},"primaryImageOfPage":{"@id":"https:\/\/memurunsesi.net\/index.php\/2025\/07\/03\/gonen-sarikoy-yolundaki-kazada-2-kisi-hayatini-kaybetti-7-kisi-yaralandi\/#primaryimage"},"image":{"@id":"https:\/\/memurunsesi.net\/index.php\/2025\/07\/03\/gonen-sarikoy-yolundaki-kazada-2-kisi-hayatini-kaybetti-7-kisi-yaralandi\/#primaryimage"},"thumbnailUrl":"https:\/\/memurunsesi.net\/wp-content\/uploads\/2025\/07\/AW489257_01.jpg","datePublished":"2025-07-03T02:28:00+00:00","breadcrumb":{"@id":"https:\/\/memurunsesi.net\/index.php\/2025\/07\/03\/gonen-sarikoy-yolundaki-kazada-2-kisi-hayatini-kaybetti-7-kisi-yaralandi\/#breadcrumb"},"inLanguage":"tr","potentialAction":[{"@type":"ReadAction","target":["https:\/\/memurunsesi.net\/index.php\/2025\/07\/03\/gonen-sarikoy-yolundaki-kazada-2-kisi-hayatini-kaybetti-7-kisi-yaralandi\/"]}]},{"@type":"ImageObject","inLanguage":"tr","@id":"https:\/\/memurunsesi.net\/index.php\/2025\/07\/03\/gonen-sarikoy-yolundaki-kazada-2-kisi-hayatini-kaybetti-7-kisi-yaralandi\/#primaryimage","url":"https:\/\/memurunsesi.net\/wp-content\/uploads\/2025\/07\/AW489257_01.jpg","contentUrl":"https:\/\/memurunsesi.net\/wp-content\/uploads\/2025\/07\/AW489257_01.jpg","width":1179,"height":614,"caption":"G\u00d6NEN-SARIK\u00d6Y YOLUNDAK\u0130 KAZADA 2 K\u0130\u015e\u0130 HAYATINI KAYBETT\u0130, 7 K\u0130\u015e\u0130 YARALANDI (BERRA KARAKA\u015e - KUDRET \u015eENEL\/BALIKES\u0130R-\u0130HA) Bal\u0131kesir'in G\u00f6nen il\u00e7esi Sar\u0131k\u00f6y yolu \u00fczerinde meydana gelen ve 3 arac\u0131n kar\u0131\u015ft\u0131\u011f\u0131 kazada 2 ki\u015fi hayat\u0131n\u0131 kaybetti, 7 ki\u015fi yaraland\u0131."},{"@type":"BreadcrumbList","@id":"https:\/\/memurunsesi.net\/index.php\/2025\/07\/03\/gonen-sarikoy-yolundaki-kazada-2-kisi-hayatini-kaybetti-7-kisi-yaralandi\/#breadcrumb","itemListElement":[{"@type":"ListItem","position":1,"name":"Anasayfa","item":"https:\/\/memurunsesi.net\/"},{"@type":"ListItem","position":2,"name":"G\u00f6nen-Sar\u0131k\u00f6y yolundaki kazada 2 ki\u015fi hayat\u0131n\u0131 kaybetti, 7 ki\u015fi yaraland\u0131"}]},{"@type":"WebSite","@id":"https:\/\/memurunsesi.net\/#website","url":"https:\/\/memurunsesi.net\/","name":"Memurun Sesi","description":"G\u00fcncel ve Do\u011fru Haber","publisher":{"@id":"https:\/\/memurunsesi.net\/#organization"},"potentialAction":[{"@type":"SearchAction","target":{"@type":"EntryPoint","urlTemplate":"https:\/\/memurunsesi.net\/?s={search_term_string}"},"query-input":{"@type":"PropertyValueSpecification","valueRequired":true,"valueName":"search_term_string"}}],"inLanguage":"tr"},{"@type":"Organization","@id":"https:\/\/memurunsesi.net\/#organization","name":"Memurun Sesi","url":"https:\/\/memurunsesi.net\/","logo":{"@type":"ImageObject","inLanguage":"tr","@id":"https:\/\/memurunsesi.net\/#\/schema\/logo\/image\/","url":"https:\/\/memurunsesi.net\/wp-content\/uploads\/2025\/11\/cropped-MEMURUN-SESI.png","contentUrl":"https:\/\/memurunsesi.net\/wp-content\/uploads\/2025\/11\/cropped-MEMURUN-SESI.png","width":238,"height":57,"caption":"Memurun Sesi"},"image":{"@id":"https:\/\/memurunsesi.net\/#\/schema\/logo\/image\/"},"sameAs":["https:\/\/www.facebook.com\/unipersen\/?locale=tr_TR","https:\/\/x.com\/unipersen"]},{"@type":"Person","@id":"https:\/\/memurunsesi.net\/#\/schema\/person\/f21c2d73b89f6ee1d80b0a1803e38587","name":"Memurun Sesi Haber Merkezi","image":{"@type":"ImageObject","inLanguage":"tr","@id":"https:\/\/secure.gravatar.com\/avatar\/6cf0505f452ee753f485014986fab09a434671d2b919ee76fc541025c5876a70?s=96&d=mm&r=g","url":"https:\/\/secure.gravatar.com\/avatar\/6cf0505f452ee753f485014986fab09a434671d2b919ee76fc541025c5876a70?s=96&d=mm&r=g","contentUrl":"https:\/\/secure.gravatar.com\/avatar\/6cf0505f452ee753f485014986fab09a434671d2b919ee76fc541025c5876a70?s=96&d=mm&r=g","caption":"Memurun Sesi Haber Merkezi"},"sameAs":["https:\/\/memurunsesi.net"],"url":"https:\/\/memurunsesi.net\/index.php\/author\/uniper\/"}]}},"_links":{"self":[{"href":"https:\/\/memurunsesi.net\/index.php\/wp-json\/wp\/v2\/posts\/8902","targetHints":{"allow":["GET"]}}],"collection":[{"href":"https:\/\/memurunsesi.net\/index.php\/wp-json\/wp\/v2\/posts"}],"about":[{"href":"https:\/\/memurunsesi.net\/index.php\/wp-json\/wp\/v2\/types\/post"}],"author":[{"embeddable":true,"href":"https:\/\/memurunsesi.net\/index.php\/wp-json\/wp\/v2\/users\/1"}],"replies":[{"embeddable":true,"href":"https:\/\/memurunsesi.net\/index.php\/wp-json\/wp\/v2\/comments?post=8902"}],"version-history":[{"count":1,"href":"https:\/\/memurunsesi.net\/index.php\/wp-json\/wp\/v2\/posts\/8902\/revisions"}],"predecessor-version":[{"id":8905,"href":"https:\/\/memurunsesi.net\/index.php\/wp-json\/wp\/v2\/posts\/8902\/revisions\/8905"}],"wp:featuredmedia":[{"embeddable":true,"href":"https:\/\/memurunsesi.net\/index.php\/wp-json\/wp\/v2\/media\/8904"}],"wp:attachment":[{"href":"https:\/\/memurunsesi.net\/index.php\/wp-json\/wp\/v2\/media?parent=8902"}],"wp:term":[{"taxonomy":"category","embeddable":true,"href":"https:\/\/memurunsesi.net\/index.php\/wp-json\/wp\/v2\/categories?post=8902"},{"taxonomy":"post_tag","embeddable":true,"href":"https:\/\/memurunsesi.net\/index.php\/wp-json\/wp\/v2\/tags?post=8902"}],"curies":[{"name":"wp","href":"https:\/\/api.w.org\/{rel}","templated":true}]}}