{"id":8906,"date":"2025-07-03T05:29:53","date_gmt":"2025-07-03T02:29:53","guid":{"rendered":"https:\/\/memurunsesi.net\/?p=8906"},"modified":"2025-07-03T05:29:53","modified_gmt":"2025-07-03T02:29:53","slug":"galatasarayin-25-sampiyonlugu-konyada-kutlandi","status":"publish","type":"post","link":"https:\/\/memurunsesi.net\/index.php\/2025\/07\/03\/galatasarayin-25-sampiyonlugu-konyada-kutlandi\/","title":{"rendered":"Galatasaray\u2019\u0131n 25. \u015fampiyonlu\u011fu Konya\u2019da kutland\u0131"},"content":{"rendered":"<p>  Galatasaray\u2019\u0131n Trendyol S\u00fcper Lig\u2019deki 25. \u015fampiyonlu\u011fu, Konya\u2019da kutland\u0131.<br \/>\n  Bir otelde Konya 1905 Galatasarayl\u0131lar Derne\u011fi taraf\u0131ndan d\u00fczenlenen kutlamaya 1905 GSY\u0130AD Ba\u015fkan\u0131 Murat Sancaktar, Konya Galatasarayl\u0131lar Derne\u011fi Ba\u015fkan\u0131 Zeki Cihat Po\u00e7an ve \u00e7ok say\u0131da davetli kat\u0131ld\u0131. Video mesaj yoluyla taraftarlara seslenen Galatasaray Spor Kul\u00fcb\u00fc Ba\u015fkan\u0131 Dursun \u00d6zbek, &#8220;Sar\u0131-k\u0131rm\u0131z\u0131l\u0131 renklere g\u00f6n\u00fcl veren \u00e7ok de\u011ferli Konyal\u0131 karde\u015flerim, \u0130stanbul&#8217;dan hepinize kucak dolusu selamlar g\u00f6nderiyorum. Bildi\u011finiz gibi 2024-2025 sezonunu \u015fampiyon olarak S\u00fcper Lig&#8217;de kapatt\u0131k. Ayr\u0131ca T\u00fcrkiye Kupas\u0131&#8217;n\u0131 da ald\u0131k. \u00c7ifte kupa zaferiyle onurland\u0131rd\u0131\u011f\u0131m\u0131z Galatasaray&#8217;\u0131 ta\u00e7land\u0131rd\u0131\u011f\u0131m\u0131z Galatasaray i\u00e7in art\u0131k kutlama zaman\u0131. Bu kutlamalar\u0131 Galatasaray&#8217;\u0131n de\u011ferlerine yak\u0131\u015f\u0131r \u015fekilde yapman\u0131z\u0131 istiyorum ve 2026 sezonu i\u00e7inde bize bug\u00fcne kadar g\u00f6sterdi\u011finiz deste\u011fe devam etmenizi istiyorum. Bildi\u011finiz gibi biz tek yumruk oldu\u011fumuz zaman bizim bile\u011fimizi kimse b\u00fckemez. Aynen devam. Hepinize selamlar g\u00f6nderiyorum. Hepinizin g\u00f6zlerinden \u00f6p\u00fcyorum&#8221; dedi.<br \/>\n  Kazan\u0131lan Trendyol S\u00fcper Lig ve Ziraat T\u00fcrkiye Kupas\u0131 sahneye \u00e7\u0131kar\u0131larak, \u015fampiyonluk pastas\u0131 kesildi. Programda, \u0130rem Derici de sahne ald\u0131.<br \/>\n  2.07.2025                               <\/p>\n","protected":false},"excerpt":{"rendered":"<p>Galatasaray\u2019\u0131n Trendyol S\u00fcper Lig\u2019deki 25. \u015fampiyonlu\u011fu, Konya\u2019da kutland\u0131. Bir otelde Konya 1905 Galatasarayl\u0131lar Derne\u011fi taraf\u0131ndan d\u00fczenlenen kutlamaya 1905 GSY\u0130AD Ba\u015fkan\u0131 Murat Sancaktar, Konya Galatasarayl\u0131lar Derne\u011fi Ba\u015fkan\u0131 Zeki Cihat Po\u00e7an ve \u00e7ok say\u0131da davetli kat\u0131ld\u0131. Video mesaj yoluyla taraftarlara seslenen Galatasaray Spor Kul\u00fcb\u00fc Ba\u015fkan\u0131 Dursun \u00d6zbek, &#8220;Sar\u0131-k\u0131rm\u0131z\u0131l\u0131 renklere g\u00f6n\u00fcl veren \u00e7ok de\u011ferli Konyal\u0131 karde\u015flerim, \u0130stanbul&#8217;dan hepinize [&hellip;]<\/p>\n","protected":false},"author":1,"featured_media":8907,"comment_status":"open","ping_status":"open","sticky":false,"template":"","format":"standard","meta":{"footnotes":""},"categories":[57],"tags":[],"class_list":["post-8906","post","type-post","status-publish","format-standard","has-post-thumbnail","hentry","category-spor"],"yoast_head":"<!-- This site is optimized with the Yoast SEO plugin v27.4 - https:\/\/yoast.com\/product\/yoast-seo-wordpress\/ -->\n<title>Galatasaray\u2019\u0131n 25. \u015fampiyonlu\u011fu Konya\u2019da kutland\u0131 - Memurun Sesi<\/title>\n<meta name=\"robots\" content=\"index, follow, max-snippet:-1, max-image-preview:large, max-video-preview:-1\" \/>\n<link rel=\"canonical\" href=\"https:\/\/memurunsesi.net\/index.php\/2025\/07\/03\/galatasarayin-25-sampiyonlugu-konyada-kutlandi\/\" \/>\n<meta property=\"og:locale\" content=\"tr_TR\" \/>\n<meta property=\"og:type\" content=\"article\" \/>\n<meta property=\"og:title\" content=\"Galatasaray\u2019\u0131n 25. \u015fampiyonlu\u011fu Konya\u2019da kutland\u0131 - Memurun Sesi\" \/>\n<meta property=\"og:description\" content=\"Galatasaray\u2019\u0131n Trendyol S\u00fcper Lig\u2019deki 25. \u015fampiyonlu\u011fu, Konya\u2019da kutland\u0131. Bir otelde Konya 1905 Galatasarayl\u0131lar Derne\u011fi taraf\u0131ndan d\u00fczenlenen kutlamaya 1905 GSY\u0130AD Ba\u015fkan\u0131 Murat Sancaktar, Konya Galatasarayl\u0131lar Derne\u011fi Ba\u015fkan\u0131 Zeki Cihat Po\u00e7an ve \u00e7ok say\u0131da davetli kat\u0131ld\u0131. Video mesaj yoluyla taraftarlara seslenen Galatasaray Spor Kul\u00fcb\u00fc Ba\u015fkan\u0131 Dursun \u00d6zbek, &#8220;Sar\u0131-k\u0131rm\u0131z\u0131l\u0131 renklere g\u00f6n\u00fcl veren \u00e7ok de\u011ferli Konyal\u0131 karde\u015flerim, \u0130stanbul&#8217;dan hepinize [&hellip;]\" \/>\n<meta property=\"og:url\" content=\"https:\/\/memurunsesi.net\/index.php\/2025\/07\/03\/galatasarayin-25-sampiyonlugu-konyada-kutlandi\/\" \/>\n<meta property=\"og:site_name\" content=\"Memurun Sesi\" \/>\n<meta property=\"article:publisher\" content=\"https:\/\/www.facebook.com\/unipersen\/?locale=tr_TR\" \/>\n<meta property=\"article:published_time\" content=\"2025-07-03T02:29:53+00:00\" \/>\n<meta property=\"og:image\" content=\"https:\/\/memurunsesi.net\/wp-content\/uploads\/2025\/07\/AW489246_01-scaled.jpg\" \/>\n\t<meta property=\"og:image:width\" content=\"2560\" \/>\n\t<meta property=\"og:image:height\" content=\"1920\" \/>\n\t<meta property=\"og:image:type\" content=\"image\/jpeg\" \/>\n<meta name=\"author\" content=\"Memurun Sesi Haber Merkezi\" \/>\n<meta name=\"twitter:card\" content=\"summary_large_image\" \/>\n<meta name=\"twitter:creator\" content=\"@unipersen\" \/>\n<meta name=\"twitter:site\" content=\"@unipersen\" \/>\n<meta name=\"twitter:label1\" content=\"Yazan:\" \/>\n\t<meta name=\"twitter:data1\" content=\"Memurun Sesi Haber Merkezi\" \/>\n\t<meta name=\"twitter:label2\" content=\"Tahmini okuma s\u00fcresi\" \/>\n\t<meta name=\"twitter:data2\" content=\"1 dakika\" \/>\n<script type=\"application\/ld+json\" class=\"yoast-schema-graph\">{\"@context\":\"https:\\\/\\\/schema.org\",\"@graph\":[{\"@type\":\"Article\",\"@id\":\"https:\\\/\\\/memurunsesi.net\\\/index.php\\\/2025\\\/07\\\/03\\\/galatasarayin-25-sampiyonlugu-konyada-kutlandi\\\/#article\",\"isPartOf\":{\"@id\":\"https:\\\/\\\/memurunsesi.net\\\/index.php\\\/2025\\\/07\\\/03\\\/galatasarayin-25-sampiyonlugu-konyada-kutlandi\\\/\"},\"author\":{\"name\":\"Memurun Sesi Haber Merkezi\",\"@id\":\"https:\\\/\\\/memurunsesi.net\\\/#\\\/schema\\\/person\\\/f21c2d73b89f6ee1d80b0a1803e38587\"},\"headline\":\"Galatasaray\u2019\u0131n 25. \u015fampiyonlu\u011fu Konya\u2019da kutland\u0131\",\"datePublished\":\"2025-07-03T02:29:53+00:00\",\"mainEntityOfPage\":{\"@id\":\"https:\\\/\\\/memurunsesi.net\\\/index.php\\\/2025\\\/07\\\/03\\\/galatasarayin-25-sampiyonlugu-konyada-kutlandi\\\/\"},\"wordCount\":212,\"commentCount\":0,\"publisher\":{\"@id\":\"https:\\\/\\\/memurunsesi.net\\\/#organization\"},\"image\":{\"@id\":\"https:\\\/\\\/memurunsesi.net\\\/index.php\\\/2025\\\/07\\\/03\\\/galatasarayin-25-sampiyonlugu-konyada-kutlandi\\\/#primaryimage\"},\"thumbnailUrl\":\"https:\\\/\\\/memurunsesi.net\\\/wp-content\\\/uploads\\\/2025\\\/07\\\/AW489246_01-scaled.jpg\",\"articleSection\":[\"Spor\"],\"inLanguage\":\"tr\",\"potentialAction\":[{\"@type\":\"CommentAction\",\"name\":\"Comment\",\"target\":[\"https:\\\/\\\/memurunsesi.net\\\/index.php\\\/2025\\\/07\\\/03\\\/galatasarayin-25-sampiyonlugu-konyada-kutlandi\\\/#respond\"]}]},{\"@type\":\"WebPage\",\"@id\":\"https:\\\/\\\/memurunsesi.net\\\/index.php\\\/2025\\\/07\\\/03\\\/galatasarayin-25-sampiyonlugu-konyada-kutlandi\\\/\",\"url\":\"https:\\\/\\\/memurunsesi.net\\\/index.php\\\/2025\\\/07\\\/03\\\/galatasarayin-25-sampiyonlugu-konyada-kutlandi\\\/\",\"name\":\"Galatasaray\u2019\u0131n 25. \u015fampiyonlu\u011fu Konya\u2019da kutland\u0131 - Memurun Sesi\",\"isPartOf\":{\"@id\":\"https:\\\/\\\/memurunsesi.net\\\/#website\"},\"primaryImageOfPage\":{\"@id\":\"https:\\\/\\\/memurunsesi.net\\\/index.php\\\/2025\\\/07\\\/03\\\/galatasarayin-25-sampiyonlugu-konyada-kutlandi\\\/#primaryimage\"},\"image\":{\"@id\":\"https:\\\/\\\/memurunsesi.net\\\/index.php\\\/2025\\\/07\\\/03\\\/galatasarayin-25-sampiyonlugu-konyada-kutlandi\\\/#primaryimage\"},\"thumbnailUrl\":\"https:\\\/\\\/memurunsesi.net\\\/wp-content\\\/uploads\\\/2025\\\/07\\\/AW489246_01-scaled.jpg\",\"datePublished\":\"2025-07-03T02:29:53+00:00\",\"breadcrumb\":{\"@id\":\"https:\\\/\\\/memurunsesi.net\\\/index.php\\\/2025\\\/07\\\/03\\\/galatasarayin-25-sampiyonlugu-konyada-kutlandi\\\/#breadcrumb\"},\"inLanguage\":\"tr\",\"potentialAction\":[{\"@type\":\"ReadAction\",\"target\":[\"https:\\\/\\\/memurunsesi.net\\\/index.php\\\/2025\\\/07\\\/03\\\/galatasarayin-25-sampiyonlugu-konyada-kutlandi\\\/\"]}]},{\"@type\":\"ImageObject\",\"inLanguage\":\"tr\",\"@id\":\"https:\\\/\\\/memurunsesi.net\\\/index.php\\\/2025\\\/07\\\/03\\\/galatasarayin-25-sampiyonlugu-konyada-kutlandi\\\/#primaryimage\",\"url\":\"https:\\\/\\\/memurunsesi.net\\\/wp-content\\\/uploads\\\/2025\\\/07\\\/AW489246_01-scaled.jpg\",\"contentUrl\":\"https:\\\/\\\/memurunsesi.net\\\/wp-content\\\/uploads\\\/2025\\\/07\\\/AW489246_01-scaled.jpg\",\"width\":2560,\"height\":1920,\"caption\":\"GALATASARAY'IN TRENDYOL S\u00dcPER L\u0130G'DEK\u0130 25. \u015eAMP\u0130YONLU\u011eU, KONYA'DA KUTLANDI. (HAL\u0130L \u0130BRAH\u0130M TAHA TA\u015e\\\/KONYA-\u0130HA) Galatasaray'\u0131n Trendyol S\u00fcper Lig'deki 25. \u015fampiyonlu\u011fu, Konya'da kutland\u0131.\"},{\"@type\":\"BreadcrumbList\",\"@id\":\"https:\\\/\\\/memurunsesi.net\\\/index.php\\\/2025\\\/07\\\/03\\\/galatasarayin-25-sampiyonlugu-konyada-kutlandi\\\/#breadcrumb\",\"itemListElement\":[{\"@type\":\"ListItem\",\"position\":1,\"name\":\"Anasayfa\",\"item\":\"https:\\\/\\\/memurunsesi.net\\\/\"},{\"@type\":\"ListItem\",\"position\":2,\"name\":\"Galatasaray\u2019\u0131n 25. \u015fampiyonlu\u011fu Konya\u2019da kutland\u0131\"}]},{\"@type\":\"WebSite\",\"@id\":\"https:\\\/\\\/memurunsesi.net\\\/#website\",\"url\":\"https:\\\/\\\/memurunsesi.net\\\/\",\"name\":\"Memurun Sesi\",\"description\":\"G\u00fcncel ve Do\u011fru Haber\",\"publisher\":{\"@id\":\"https:\\\/\\\/memurunsesi.net\\\/#organization\"},\"potentialAction\":[{\"@type\":\"SearchAction\",\"target\":{\"@type\":\"EntryPoint\",\"urlTemplate\":\"https:\\\/\\\/memurunsesi.net\\\/?s={search_term_string}\"},\"query-input\":{\"@type\":\"PropertyValueSpecification\",\"valueRequired\":true,\"valueName\":\"search_term_string\"}}],\"inLanguage\":\"tr\"},{\"@type\":\"Organization\",\"@id\":\"https:\\\/\\\/memurunsesi.net\\\/#organization\",\"name\":\"Memurun Sesi\",\"url\":\"https:\\\/\\\/memurunsesi.net\\\/\",\"logo\":{\"@type\":\"ImageObject\",\"inLanguage\":\"tr\",\"@id\":\"https:\\\/\\\/memurunsesi.net\\\/#\\\/schema\\\/logo\\\/image\\\/\",\"url\":\"https:\\\/\\\/memurunsesi.net\\\/wp-content\\\/uploads\\\/2025\\\/11\\\/cropped-MEMURUN-SESI.png\",\"contentUrl\":\"https:\\\/\\\/memurunsesi.net\\\/wp-content\\\/uploads\\\/2025\\\/11\\\/cropped-MEMURUN-SESI.png\",\"width\":238,\"height\":57,\"caption\":\"Memurun Sesi\"},\"image\":{\"@id\":\"https:\\\/\\\/memurunsesi.net\\\/#\\\/schema\\\/logo\\\/image\\\/\"},\"sameAs\":[\"https:\\\/\\\/www.facebook.com\\\/unipersen\\\/?locale=tr_TR\",\"https:\\\/\\\/x.com\\\/unipersen\"]},{\"@type\":\"Person\",\"@id\":\"https:\\\/\\\/memurunsesi.net\\\/#\\\/schema\\\/person\\\/f21c2d73b89f6ee1d80b0a1803e38587\",\"name\":\"Memurun Sesi Haber Merkezi\",\"image\":{\"@type\":\"ImageObject\",\"inLanguage\":\"tr\",\"@id\":\"https:\\\/\\\/secure.gravatar.com\\\/avatar\\\/6cf0505f452ee753f485014986fab09a434671d2b919ee76fc541025c5876a70?s=96&d=mm&r=g\",\"url\":\"https:\\\/\\\/secure.gravatar.com\\\/avatar\\\/6cf0505f452ee753f485014986fab09a434671d2b919ee76fc541025c5876a70?s=96&d=mm&r=g\",\"contentUrl\":\"https:\\\/\\\/secure.gravatar.com\\\/avatar\\\/6cf0505f452ee753f485014986fab09a434671d2b919ee76fc541025c5876a70?s=96&d=mm&r=g\",\"caption\":\"Memurun Sesi Haber Merkezi\"},\"sameAs\":[\"https:\\\/\\\/memurunsesi.net\"],\"url\":\"https:\\\/\\\/memurunsesi.net\\\/index.php\\\/author\\\/uniper\\\/\"}]}<\/script>\n<!-- \/ Yoast SEO plugin. -->","yoast_head_json":{"title":"Galatasaray\u2019\u0131n 25. \u015fampiyonlu\u011fu Konya\u2019da kutland\u0131 - Memurun Sesi","robots":{"index":"index","follow":"follow","max-snippet":"max-snippet:-1","max-image-preview":"max-image-preview:large","max-video-preview":"max-video-preview:-1"},"canonical":"https:\/\/memurunsesi.net\/index.php\/2025\/07\/03\/galatasarayin-25-sampiyonlugu-konyada-kutlandi\/","og_locale":"tr_TR","og_type":"article","og_title":"Galatasaray\u2019\u0131n 25. \u015fampiyonlu\u011fu Konya\u2019da kutland\u0131 - Memurun Sesi","og_description":"Galatasaray\u2019\u0131n Trendyol S\u00fcper Lig\u2019deki 25. \u015fampiyonlu\u011fu, Konya\u2019da kutland\u0131. Bir otelde Konya 1905 Galatasarayl\u0131lar Derne\u011fi taraf\u0131ndan d\u00fczenlenen kutlamaya 1905 GSY\u0130AD Ba\u015fkan\u0131 Murat Sancaktar, Konya Galatasarayl\u0131lar Derne\u011fi Ba\u015fkan\u0131 Zeki Cihat Po\u00e7an ve \u00e7ok say\u0131da davetli kat\u0131ld\u0131. Video mesaj yoluyla taraftarlara seslenen Galatasaray Spor Kul\u00fcb\u00fc Ba\u015fkan\u0131 Dursun \u00d6zbek, &#8220;Sar\u0131-k\u0131rm\u0131z\u0131l\u0131 renklere g\u00f6n\u00fcl veren \u00e7ok de\u011ferli Konyal\u0131 karde\u015flerim, \u0130stanbul&#8217;dan hepinize [&hellip;]","og_url":"https:\/\/memurunsesi.net\/index.php\/2025\/07\/03\/galatasarayin-25-sampiyonlugu-konyada-kutlandi\/","og_site_name":"Memurun Sesi","article_publisher":"https:\/\/www.facebook.com\/unipersen\/?locale=tr_TR","article_published_time":"2025-07-03T02:29:53+00:00","og_image":[{"width":2560,"height":1920,"url":"https:\/\/memurunsesi.net\/wp-content\/uploads\/2025\/07\/AW489246_01-scaled.jpg","type":"image\/jpeg"}],"author":"Memurun Sesi Haber Merkezi","twitter_card":"summary_large_image","twitter_creator":"@unipersen","twitter_site":"@unipersen","twitter_misc":{"Yazan:":"Memurun Sesi Haber Merkezi","Tahmini okuma s\u00fcresi":"1 dakika"},"schema":{"@context":"https:\/\/schema.org","@graph":[{"@type":"Article","@id":"https:\/\/memurunsesi.net\/index.php\/2025\/07\/03\/galatasarayin-25-sampiyonlugu-konyada-kutlandi\/#article","isPartOf":{"@id":"https:\/\/memurunsesi.net\/index.php\/2025\/07\/03\/galatasarayin-25-sampiyonlugu-konyada-kutlandi\/"},"author":{"name":"Memurun Sesi Haber Merkezi","@id":"https:\/\/memurunsesi.net\/#\/schema\/person\/f21c2d73b89f6ee1d80b0a1803e38587"},"headline":"Galatasaray\u2019\u0131n 25. \u015fampiyonlu\u011fu Konya\u2019da kutland\u0131","datePublished":"2025-07-03T02:29:53+00:00","mainEntityOfPage":{"@id":"https:\/\/memurunsesi.net\/index.php\/2025\/07\/03\/galatasarayin-25-sampiyonlugu-konyada-kutlandi\/"},"wordCount":212,"commentCount":0,"publisher":{"@id":"https:\/\/memurunsesi.net\/#organization"},"image":{"@id":"https:\/\/memurunsesi.net\/index.php\/2025\/07\/03\/galatasarayin-25-sampiyonlugu-konyada-kutlandi\/#primaryimage"},"thumbnailUrl":"https:\/\/memurunsesi.net\/wp-content\/uploads\/2025\/07\/AW489246_01-scaled.jpg","articleSection":["Spor"],"inLanguage":"tr","potentialAction":[{"@type":"CommentAction","name":"Comment","target":["https:\/\/memurunsesi.net\/index.php\/2025\/07\/03\/galatasarayin-25-sampiyonlugu-konyada-kutlandi\/#respond"]}]},{"@type":"WebPage","@id":"https:\/\/memurunsesi.net\/index.php\/2025\/07\/03\/galatasarayin-25-sampiyonlugu-konyada-kutlandi\/","url":"https:\/\/memurunsesi.net\/index.php\/2025\/07\/03\/galatasarayin-25-sampiyonlugu-konyada-kutlandi\/","name":"Galatasaray\u2019\u0131n 25. \u015fampiyonlu\u011fu Konya\u2019da kutland\u0131 - Memurun Sesi","isPartOf":{"@id":"https:\/\/memurunsesi.net\/#website"},"primaryImageOfPage":{"@id":"https:\/\/memurunsesi.net\/index.php\/2025\/07\/03\/galatasarayin-25-sampiyonlugu-konyada-kutlandi\/#primaryimage"},"image":{"@id":"https:\/\/memurunsesi.net\/index.php\/2025\/07\/03\/galatasarayin-25-sampiyonlugu-konyada-kutlandi\/#primaryimage"},"thumbnailUrl":"https:\/\/memurunsesi.net\/wp-content\/uploads\/2025\/07\/AW489246_01-scaled.jpg","datePublished":"2025-07-03T02:29:53+00:00","breadcrumb":{"@id":"https:\/\/memurunsesi.net\/index.php\/2025\/07\/03\/galatasarayin-25-sampiyonlugu-konyada-kutlandi\/#breadcrumb"},"inLanguage":"tr","potentialAction":[{"@type":"ReadAction","target":["https:\/\/memurunsesi.net\/index.php\/2025\/07\/03\/galatasarayin-25-sampiyonlugu-konyada-kutlandi\/"]}]},{"@type":"ImageObject","inLanguage":"tr","@id":"https:\/\/memurunsesi.net\/index.php\/2025\/07\/03\/galatasarayin-25-sampiyonlugu-konyada-kutlandi\/#primaryimage","url":"https:\/\/memurunsesi.net\/wp-content\/uploads\/2025\/07\/AW489246_01-scaled.jpg","contentUrl":"https:\/\/memurunsesi.net\/wp-content\/uploads\/2025\/07\/AW489246_01-scaled.jpg","width":2560,"height":1920,"caption":"GALATASARAY'IN TRENDYOL S\u00dcPER L\u0130G'DEK\u0130 25. \u015eAMP\u0130YONLU\u011eU, KONYA'DA KUTLANDI. (HAL\u0130L \u0130BRAH\u0130M TAHA TA\u015e\/KONYA-\u0130HA) Galatasaray'\u0131n Trendyol S\u00fcper Lig'deki 25. \u015fampiyonlu\u011fu, Konya'da kutland\u0131."},{"@type":"BreadcrumbList","@id":"https:\/\/memurunsesi.net\/index.php\/2025\/07\/03\/galatasarayin-25-sampiyonlugu-konyada-kutlandi\/#breadcrumb","itemListElement":[{"@type":"ListItem","position":1,"name":"Anasayfa","item":"https:\/\/memurunsesi.net\/"},{"@type":"ListItem","position":2,"name":"Galatasaray\u2019\u0131n 25. \u015fampiyonlu\u011fu Konya\u2019da kutland\u0131"}]},{"@type":"WebSite","@id":"https:\/\/memurunsesi.net\/#website","url":"https:\/\/memurunsesi.net\/","name":"Memurun Sesi","description":"G\u00fcncel ve Do\u011fru Haber","publisher":{"@id":"https:\/\/memurunsesi.net\/#organization"},"potentialAction":[{"@type":"SearchAction","target":{"@type":"EntryPoint","urlTemplate":"https:\/\/memurunsesi.net\/?s={search_term_string}"},"query-input":{"@type":"PropertyValueSpecification","valueRequired":true,"valueName":"search_term_string"}}],"inLanguage":"tr"},{"@type":"Organization","@id":"https:\/\/memurunsesi.net\/#organization","name":"Memurun Sesi","url":"https:\/\/memurunsesi.net\/","logo":{"@type":"ImageObject","inLanguage":"tr","@id":"https:\/\/memurunsesi.net\/#\/schema\/logo\/image\/","url":"https:\/\/memurunsesi.net\/wp-content\/uploads\/2025\/11\/cropped-MEMURUN-SESI.png","contentUrl":"https:\/\/memurunsesi.net\/wp-content\/uploads\/2025\/11\/cropped-MEMURUN-SESI.png","width":238,"height":57,"caption":"Memurun Sesi"},"image":{"@id":"https:\/\/memurunsesi.net\/#\/schema\/logo\/image\/"},"sameAs":["https:\/\/www.facebook.com\/unipersen\/?locale=tr_TR","https:\/\/x.com\/unipersen"]},{"@type":"Person","@id":"https:\/\/memurunsesi.net\/#\/schema\/person\/f21c2d73b89f6ee1d80b0a1803e38587","name":"Memurun Sesi Haber Merkezi","image":{"@type":"ImageObject","inLanguage":"tr","@id":"https:\/\/secure.gravatar.com\/avatar\/6cf0505f452ee753f485014986fab09a434671d2b919ee76fc541025c5876a70?s=96&d=mm&r=g","url":"https:\/\/secure.gravatar.com\/avatar\/6cf0505f452ee753f485014986fab09a434671d2b919ee76fc541025c5876a70?s=96&d=mm&r=g","contentUrl":"https:\/\/secure.gravatar.com\/avatar\/6cf0505f452ee753f485014986fab09a434671d2b919ee76fc541025c5876a70?s=96&d=mm&r=g","caption":"Memurun Sesi Haber Merkezi"},"sameAs":["https:\/\/memurunsesi.net"],"url":"https:\/\/memurunsesi.net\/index.php\/author\/uniper\/"}]}},"_links":{"self":[{"href":"https:\/\/memurunsesi.net\/index.php\/wp-json\/wp\/v2\/posts\/8906","targetHints":{"allow":["GET"]}}],"collection":[{"href":"https:\/\/memurunsesi.net\/index.php\/wp-json\/wp\/v2\/posts"}],"about":[{"href":"https:\/\/memurunsesi.net\/index.php\/wp-json\/wp\/v2\/types\/post"}],"author":[{"embeddable":true,"href":"https:\/\/memurunsesi.net\/index.php\/wp-json\/wp\/v2\/users\/1"}],"replies":[{"embeddable":true,"href":"https:\/\/memurunsesi.net\/index.php\/wp-json\/wp\/v2\/comments?post=8906"}],"version-history":[{"count":1,"href":"https:\/\/memurunsesi.net\/index.php\/wp-json\/wp\/v2\/posts\/8906\/revisions"}],"predecessor-version":[{"id":8908,"href":"https:\/\/memurunsesi.net\/index.php\/wp-json\/wp\/v2\/posts\/8906\/revisions\/8908"}],"wp:featuredmedia":[{"embeddable":true,"href":"https:\/\/memurunsesi.net\/index.php\/wp-json\/wp\/v2\/media\/8907"}],"wp:attachment":[{"href":"https:\/\/memurunsesi.net\/index.php\/wp-json\/wp\/v2\/media?parent=8906"}],"wp:term":[{"taxonomy":"category","embeddable":true,"href":"https:\/\/memurunsesi.net\/index.php\/wp-json\/wp\/v2\/categories?post=8906"},{"taxonomy":"post_tag","embeddable":true,"href":"https:\/\/memurunsesi.net\/index.php\/wp-json\/wp\/v2\/tags?post=8906"}],"curies":[{"name":"wp","href":"https:\/\/api.w.org\/{rel}","templated":true}]}}