{"id":8909,"date":"2025-07-03T05:31:03","date_gmt":"2025-07-03T02:31:03","guid":{"rendered":"https:\/\/memurunsesi.net\/?p=8909"},"modified":"2025-07-03T05:31:03","modified_gmt":"2025-07-03T02:31:03","slug":"apartman-dairesinden-yukselen-duman-panige-neden-oldu","status":"publish","type":"post","link":"https:\/\/memurunsesi.net\/index.php\/2025\/07\/03\/apartman-dairesinden-yukselen-duman-panige-neden-oldu\/","title":{"rendered":"Apartman dairesinden y\u00fckselen duman pani\u011fe neden oldu"},"content":{"rendered":"<p>  Zonguldak\u2019\u0131n Ere\u011fli il\u00e7esinde bir apartman dairesinden y\u00fckselen duman, mahallede k\u0131sa s\u00fcreli pani\u011fe neden oldu. Yang\u0131n, itfaiye ekiplerinin zaman\u0131nda m\u00fcdahalesiyle b\u00fcy\u00fcmeden s\u00f6nd\u00fcr\u00fcld\u00fc.<br \/>\n  Olay, Ere\u011fli il\u00e7esine ba\u011fl\u0131 S\u00fcleymanlar Mahallesi\u2019nde bulunan bir sitede meydana geldi. Edinilen bilgiye g\u00f6re, apartman sakinleri bir daireden yo\u011fun duman \u00e7\u0131kt\u0131\u011f\u0131n\u0131 fark ederek durumu 112 Acil \u00c7a\u011fr\u0131 Merkezi\u2019ne bildirdi. K\u0131sa s\u00fcrede olay yerine Karadeniz Ere\u011fli Belediyesi \u0130tfaiye M\u00fcd\u00fcrl\u00fc\u011f\u00fc\u2019ne ba\u011fl\u0131 ekipler ile sa\u011fl\u0131k ekipleri sevk edildi.<br \/>\n  Evin kap\u0131s\u0131n\u0131n kilitli olmas\u0131 nedeniyle itfaiye ekipleri daireye balkon kap\u0131s\u0131ndan giri\u015f yapt\u0131. Yap\u0131lan kontrollerde, yang\u0131n\u0131n mutfakta bulunan aspirat\u00f6r sisteminden kaynakland\u0131\u011f\u0131 tespit edildi. Ekiplerin h\u0131zl\u0131 m\u00fcdahalesiyle yang\u0131n kontrol alt\u0131na al\u0131narak s\u00f6nd\u00fcr\u00fcld\u00fc.<br \/>\n  Yang\u0131n s\u0131ras\u0131nda evde kimsenin bulunmad\u0131\u011f\u0131, olayda can kayb\u0131 ya da yaralanma ya\u015fanmad\u0131\u011f\u0131 \u00f6\u011frenildi. Dairenin mutfak b\u00f6l\u00fcm\u00fcnde ise maddi hasar olu\u015ftu. <\/p>\n<p>3.07.2025                            <\/p>\n","protected":false},"excerpt":{"rendered":"<p>Zonguldak\u2019\u0131n Ere\u011fli il\u00e7esinde bir apartman dairesinden y\u00fckselen duman, mahallede k\u0131sa s\u00fcreli pani\u011fe neden oldu. Yang\u0131n, itfaiye ekiplerinin zaman\u0131nda m\u00fcdahalesiyle b\u00fcy\u00fcmeden s\u00f6nd\u00fcr\u00fcld\u00fc. Olay, Ere\u011fli il\u00e7esine ba\u011fl\u0131 S\u00fcleymanlar Mahallesi\u2019nde bulunan bir sitede meydana geldi. Edinilen bilgiye g\u00f6re, apartman sakinleri bir daireden yo\u011fun duman \u00e7\u0131kt\u0131\u011f\u0131n\u0131 fark ederek durumu 112 Acil \u00c7a\u011fr\u0131 Merkezi\u2019ne bildirdi. K\u0131sa s\u00fcrede olay yerine Karadeniz [&hellip;]<\/p>\n","protected":false},"author":1,"featured_media":8910,"comment_status":"open","ping_status":"open","sticky":false,"template":"","format":"standard","meta":{"footnotes":""},"categories":[1],"tags":[],"class_list":["post-8909","post","type-post","status-publish","format-standard","has-post-thumbnail","hentry","category-genel"],"yoast_head":"<!-- This site is optimized with the Yoast SEO plugin v27.4 - https:\/\/yoast.com\/product\/yoast-seo-wordpress\/ -->\n<title>Apartman dairesinden y\u00fckselen duman pani\u011fe neden oldu - Memurun Sesi<\/title>\n<meta name=\"robots\" content=\"index, follow, max-snippet:-1, max-image-preview:large, max-video-preview:-1\" \/>\n<link rel=\"canonical\" href=\"https:\/\/memurunsesi.net\/index.php\/2025\/07\/03\/apartman-dairesinden-yukselen-duman-panige-neden-oldu\/\" \/>\n<meta property=\"og:locale\" content=\"tr_TR\" \/>\n<meta property=\"og:type\" content=\"article\" \/>\n<meta property=\"og:title\" content=\"Apartman dairesinden y\u00fckselen duman pani\u011fe neden oldu - Memurun Sesi\" \/>\n<meta property=\"og:description\" content=\"Zonguldak\u2019\u0131n Ere\u011fli il\u00e7esinde bir apartman dairesinden y\u00fckselen duman, mahallede k\u0131sa s\u00fcreli pani\u011fe neden oldu. Yang\u0131n, itfaiye ekiplerinin zaman\u0131nda m\u00fcdahalesiyle b\u00fcy\u00fcmeden s\u00f6nd\u00fcr\u00fcld\u00fc. Olay, Ere\u011fli il\u00e7esine ba\u011fl\u0131 S\u00fcleymanlar Mahallesi\u2019nde bulunan bir sitede meydana geldi. Edinilen bilgiye g\u00f6re, apartman sakinleri bir daireden yo\u011fun duman \u00e7\u0131kt\u0131\u011f\u0131n\u0131 fark ederek durumu 112 Acil \u00c7a\u011fr\u0131 Merkezi\u2019ne bildirdi. K\u0131sa s\u00fcrede olay yerine Karadeniz [&hellip;]\" \/>\n<meta property=\"og:url\" content=\"https:\/\/memurunsesi.net\/index.php\/2025\/07\/03\/apartman-dairesinden-yukselen-duman-panige-neden-oldu\/\" \/>\n<meta property=\"og:site_name\" content=\"Memurun Sesi\" \/>\n<meta property=\"article:publisher\" content=\"https:\/\/www.facebook.com\/unipersen\/?locale=tr_TR\" \/>\n<meta property=\"article:published_time\" content=\"2025-07-03T02:31:03+00:00\" \/>\n<meta property=\"og:image\" content=\"https:\/\/memurunsesi.net\/wp-content\/uploads\/2025\/07\/AW489270_01.jpg\" \/>\n\t<meta property=\"og:image:width\" content=\"1600\" \/>\n\t<meta property=\"og:image:height\" content=\"900\" \/>\n\t<meta property=\"og:image:type\" content=\"image\/jpeg\" \/>\n<meta name=\"author\" content=\"Memurun Sesi Haber Merkezi\" \/>\n<meta name=\"twitter:card\" content=\"summary_large_image\" \/>\n<meta name=\"twitter:creator\" content=\"@unipersen\" \/>\n<meta name=\"twitter:site\" content=\"@unipersen\" \/>\n<meta name=\"twitter:label1\" content=\"Yazan:\" \/>\n\t<meta name=\"twitter:data1\" content=\"Memurun Sesi Haber Merkezi\" \/>\n\t<meta name=\"twitter:label2\" content=\"Tahmini okuma s\u00fcresi\" \/>\n\t<meta name=\"twitter:data2\" content=\"1 dakika\" \/>\n<script type=\"application\/ld+json\" class=\"yoast-schema-graph\">{\"@context\":\"https:\\\/\\\/schema.org\",\"@graph\":[{\"@type\":\"Article\",\"@id\":\"https:\\\/\\\/memurunsesi.net\\\/index.php\\\/2025\\\/07\\\/03\\\/apartman-dairesinden-yukselen-duman-panige-neden-oldu\\\/#article\",\"isPartOf\":{\"@id\":\"https:\\\/\\\/memurunsesi.net\\\/index.php\\\/2025\\\/07\\\/03\\\/apartman-dairesinden-yukselen-duman-panige-neden-oldu\\\/\"},\"author\":{\"name\":\"Memurun Sesi Haber Merkezi\",\"@id\":\"https:\\\/\\\/memurunsesi.net\\\/#\\\/schema\\\/person\\\/f21c2d73b89f6ee1d80b0a1803e38587\"},\"headline\":\"Apartman dairesinden y\u00fckselen duman pani\u011fe neden oldu\",\"datePublished\":\"2025-07-03T02:31:03+00:00\",\"mainEntityOfPage\":{\"@id\":\"https:\\\/\\\/memurunsesi.net\\\/index.php\\\/2025\\\/07\\\/03\\\/apartman-dairesinden-yukselen-duman-panige-neden-oldu\\\/\"},\"wordCount\":183,\"commentCount\":0,\"publisher\":{\"@id\":\"https:\\\/\\\/memurunsesi.net\\\/#organization\"},\"image\":{\"@id\":\"https:\\\/\\\/memurunsesi.net\\\/index.php\\\/2025\\\/07\\\/03\\\/apartman-dairesinden-yukselen-duman-panige-neden-oldu\\\/#primaryimage\"},\"thumbnailUrl\":\"https:\\\/\\\/memurunsesi.net\\\/wp-content\\\/uploads\\\/2025\\\/07\\\/AW489270_01.jpg\",\"inLanguage\":\"tr\",\"potentialAction\":[{\"@type\":\"CommentAction\",\"name\":\"Comment\",\"target\":[\"https:\\\/\\\/memurunsesi.net\\\/index.php\\\/2025\\\/07\\\/03\\\/apartman-dairesinden-yukselen-duman-panige-neden-oldu\\\/#respond\"]}]},{\"@type\":\"WebPage\",\"@id\":\"https:\\\/\\\/memurunsesi.net\\\/index.php\\\/2025\\\/07\\\/03\\\/apartman-dairesinden-yukselen-duman-panige-neden-oldu\\\/\",\"url\":\"https:\\\/\\\/memurunsesi.net\\\/index.php\\\/2025\\\/07\\\/03\\\/apartman-dairesinden-yukselen-duman-panige-neden-oldu\\\/\",\"name\":\"Apartman dairesinden y\u00fckselen duman pani\u011fe neden oldu - Memurun Sesi\",\"isPartOf\":{\"@id\":\"https:\\\/\\\/memurunsesi.net\\\/#website\"},\"primaryImageOfPage\":{\"@id\":\"https:\\\/\\\/memurunsesi.net\\\/index.php\\\/2025\\\/07\\\/03\\\/apartman-dairesinden-yukselen-duman-panige-neden-oldu\\\/#primaryimage\"},\"image\":{\"@id\":\"https:\\\/\\\/memurunsesi.net\\\/index.php\\\/2025\\\/07\\\/03\\\/apartman-dairesinden-yukselen-duman-panige-neden-oldu\\\/#primaryimage\"},\"thumbnailUrl\":\"https:\\\/\\\/memurunsesi.net\\\/wp-content\\\/uploads\\\/2025\\\/07\\\/AW489270_01.jpg\",\"datePublished\":\"2025-07-03T02:31:03+00:00\",\"breadcrumb\":{\"@id\":\"https:\\\/\\\/memurunsesi.net\\\/index.php\\\/2025\\\/07\\\/03\\\/apartman-dairesinden-yukselen-duman-panige-neden-oldu\\\/#breadcrumb\"},\"inLanguage\":\"tr\",\"potentialAction\":[{\"@type\":\"ReadAction\",\"target\":[\"https:\\\/\\\/memurunsesi.net\\\/index.php\\\/2025\\\/07\\\/03\\\/apartman-dairesinden-yukselen-duman-panige-neden-oldu\\\/\"]}]},{\"@type\":\"ImageObject\",\"inLanguage\":\"tr\",\"@id\":\"https:\\\/\\\/memurunsesi.net\\\/index.php\\\/2025\\\/07\\\/03\\\/apartman-dairesinden-yukselen-duman-panige-neden-oldu\\\/#primaryimage\",\"url\":\"https:\\\/\\\/memurunsesi.net\\\/wp-content\\\/uploads\\\/2025\\\/07\\\/AW489270_01.jpg\",\"contentUrl\":\"https:\\\/\\\/memurunsesi.net\\\/wp-content\\\/uploads\\\/2025\\\/07\\\/AW489270_01.jpg\",\"width\":1600,\"height\":900,\"caption\":\"ZONGULDAK'IN ERE\u011eL\u0130 \u0130L\u00c7ES\u0130NDE B\u0130R APARTMAN DA\u0130RES\u0130NDEN Y\u00dcKSELEN DUMAN, MAHALLEDE KISA S\u00dcREL\u0130 PAN\u0130\u011eE NEDEN OLDU. YANGIN, \u0130TFA\u0130YE EK\u0130PLER\u0130N\u0130N ZAMANINDA M\u00dcDAHALES\u0130YLE B\u00dcY\u00dcMEDEN S\u00d6ND\u00dcR\u00dcLD\u00dc. (ZEYNEP KO\u00c7\\\/ZONGULDAK-\u0130HA) Zonguldak'\u0131n Ere\u011fli il\u00e7esinde bir apartman dairesinden y\u00fckselen duman, mahallede k\u0131sa s\u00fcreli pani\u011fe neden oldu. Yang\u0131n, itfaiye ekiplerinin zaman\u0131nda m\u00fcdahalesiyle b\u00fcy\u00fcmeden s\u00f6nd\u00fcr\u00fcld\u00fc.\"},{\"@type\":\"BreadcrumbList\",\"@id\":\"https:\\\/\\\/memurunsesi.net\\\/index.php\\\/2025\\\/07\\\/03\\\/apartman-dairesinden-yukselen-duman-panige-neden-oldu\\\/#breadcrumb\",\"itemListElement\":[{\"@type\":\"ListItem\",\"position\":1,\"name\":\"Anasayfa\",\"item\":\"https:\\\/\\\/memurunsesi.net\\\/\"},{\"@type\":\"ListItem\",\"position\":2,\"name\":\"Apartman dairesinden y\u00fckselen duman pani\u011fe neden oldu\"}]},{\"@type\":\"WebSite\",\"@id\":\"https:\\\/\\\/memurunsesi.net\\\/#website\",\"url\":\"https:\\\/\\\/memurunsesi.net\\\/\",\"name\":\"Memurun Sesi\",\"description\":\"G\u00fcncel ve Do\u011fru Haber\",\"publisher\":{\"@id\":\"https:\\\/\\\/memurunsesi.net\\\/#organization\"},\"potentialAction\":[{\"@type\":\"SearchAction\",\"target\":{\"@type\":\"EntryPoint\",\"urlTemplate\":\"https:\\\/\\\/memurunsesi.net\\\/?s={search_term_string}\"},\"query-input\":{\"@type\":\"PropertyValueSpecification\",\"valueRequired\":true,\"valueName\":\"search_term_string\"}}],\"inLanguage\":\"tr\"},{\"@type\":\"Organization\",\"@id\":\"https:\\\/\\\/memurunsesi.net\\\/#organization\",\"name\":\"Memurun Sesi\",\"url\":\"https:\\\/\\\/memurunsesi.net\\\/\",\"logo\":{\"@type\":\"ImageObject\",\"inLanguage\":\"tr\",\"@id\":\"https:\\\/\\\/memurunsesi.net\\\/#\\\/schema\\\/logo\\\/image\\\/\",\"url\":\"https:\\\/\\\/memurunsesi.net\\\/wp-content\\\/uploads\\\/2025\\\/11\\\/cropped-MEMURUN-SESI.png\",\"contentUrl\":\"https:\\\/\\\/memurunsesi.net\\\/wp-content\\\/uploads\\\/2025\\\/11\\\/cropped-MEMURUN-SESI.png\",\"width\":238,\"height\":57,\"caption\":\"Memurun Sesi\"},\"image\":{\"@id\":\"https:\\\/\\\/memurunsesi.net\\\/#\\\/schema\\\/logo\\\/image\\\/\"},\"sameAs\":[\"https:\\\/\\\/www.facebook.com\\\/unipersen\\\/?locale=tr_TR\",\"https:\\\/\\\/x.com\\\/unipersen\"]},{\"@type\":\"Person\",\"@id\":\"https:\\\/\\\/memurunsesi.net\\\/#\\\/schema\\\/person\\\/f21c2d73b89f6ee1d80b0a1803e38587\",\"name\":\"Memurun Sesi Haber Merkezi\",\"image\":{\"@type\":\"ImageObject\",\"inLanguage\":\"tr\",\"@id\":\"https:\\\/\\\/secure.gravatar.com\\\/avatar\\\/6cf0505f452ee753f485014986fab09a434671d2b919ee76fc541025c5876a70?s=96&d=mm&r=g\",\"url\":\"https:\\\/\\\/secure.gravatar.com\\\/avatar\\\/6cf0505f452ee753f485014986fab09a434671d2b919ee76fc541025c5876a70?s=96&d=mm&r=g\",\"contentUrl\":\"https:\\\/\\\/secure.gravatar.com\\\/avatar\\\/6cf0505f452ee753f485014986fab09a434671d2b919ee76fc541025c5876a70?s=96&d=mm&r=g\",\"caption\":\"Memurun Sesi Haber Merkezi\"},\"sameAs\":[\"https:\\\/\\\/memurunsesi.net\"],\"url\":\"https:\\\/\\\/memurunsesi.net\\\/index.php\\\/author\\\/uniper\\\/\"}]}<\/script>\n<!-- \/ Yoast SEO plugin. -->","yoast_head_json":{"title":"Apartman dairesinden y\u00fckselen duman pani\u011fe neden oldu - Memurun Sesi","robots":{"index":"index","follow":"follow","max-snippet":"max-snippet:-1","max-image-preview":"max-image-preview:large","max-video-preview":"max-video-preview:-1"},"canonical":"https:\/\/memurunsesi.net\/index.php\/2025\/07\/03\/apartman-dairesinden-yukselen-duman-panige-neden-oldu\/","og_locale":"tr_TR","og_type":"article","og_title":"Apartman dairesinden y\u00fckselen duman pani\u011fe neden oldu - Memurun Sesi","og_description":"Zonguldak\u2019\u0131n Ere\u011fli il\u00e7esinde bir apartman dairesinden y\u00fckselen duman, mahallede k\u0131sa s\u00fcreli pani\u011fe neden oldu. Yang\u0131n, itfaiye ekiplerinin zaman\u0131nda m\u00fcdahalesiyle b\u00fcy\u00fcmeden s\u00f6nd\u00fcr\u00fcld\u00fc. Olay, Ere\u011fli il\u00e7esine ba\u011fl\u0131 S\u00fcleymanlar Mahallesi\u2019nde bulunan bir sitede meydana geldi. Edinilen bilgiye g\u00f6re, apartman sakinleri bir daireden yo\u011fun duman \u00e7\u0131kt\u0131\u011f\u0131n\u0131 fark ederek durumu 112 Acil \u00c7a\u011fr\u0131 Merkezi\u2019ne bildirdi. K\u0131sa s\u00fcrede olay yerine Karadeniz [&hellip;]","og_url":"https:\/\/memurunsesi.net\/index.php\/2025\/07\/03\/apartman-dairesinden-yukselen-duman-panige-neden-oldu\/","og_site_name":"Memurun Sesi","article_publisher":"https:\/\/www.facebook.com\/unipersen\/?locale=tr_TR","article_published_time":"2025-07-03T02:31:03+00:00","og_image":[{"width":1600,"height":900,"url":"https:\/\/memurunsesi.net\/wp-content\/uploads\/2025\/07\/AW489270_01.jpg","type":"image\/jpeg"}],"author":"Memurun Sesi Haber Merkezi","twitter_card":"summary_large_image","twitter_creator":"@unipersen","twitter_site":"@unipersen","twitter_misc":{"Yazan:":"Memurun Sesi Haber Merkezi","Tahmini okuma s\u00fcresi":"1 dakika"},"schema":{"@context":"https:\/\/schema.org","@graph":[{"@type":"Article","@id":"https:\/\/memurunsesi.net\/index.php\/2025\/07\/03\/apartman-dairesinden-yukselen-duman-panige-neden-oldu\/#article","isPartOf":{"@id":"https:\/\/memurunsesi.net\/index.php\/2025\/07\/03\/apartman-dairesinden-yukselen-duman-panige-neden-oldu\/"},"author":{"name":"Memurun Sesi Haber Merkezi","@id":"https:\/\/memurunsesi.net\/#\/schema\/person\/f21c2d73b89f6ee1d80b0a1803e38587"},"headline":"Apartman dairesinden y\u00fckselen duman pani\u011fe neden oldu","datePublished":"2025-07-03T02:31:03+00:00","mainEntityOfPage":{"@id":"https:\/\/memurunsesi.net\/index.php\/2025\/07\/03\/apartman-dairesinden-yukselen-duman-panige-neden-oldu\/"},"wordCount":183,"commentCount":0,"publisher":{"@id":"https:\/\/memurunsesi.net\/#organization"},"image":{"@id":"https:\/\/memurunsesi.net\/index.php\/2025\/07\/03\/apartman-dairesinden-yukselen-duman-panige-neden-oldu\/#primaryimage"},"thumbnailUrl":"https:\/\/memurunsesi.net\/wp-content\/uploads\/2025\/07\/AW489270_01.jpg","inLanguage":"tr","potentialAction":[{"@type":"CommentAction","name":"Comment","target":["https:\/\/memurunsesi.net\/index.php\/2025\/07\/03\/apartman-dairesinden-yukselen-duman-panige-neden-oldu\/#respond"]}]},{"@type":"WebPage","@id":"https:\/\/memurunsesi.net\/index.php\/2025\/07\/03\/apartman-dairesinden-yukselen-duman-panige-neden-oldu\/","url":"https:\/\/memurunsesi.net\/index.php\/2025\/07\/03\/apartman-dairesinden-yukselen-duman-panige-neden-oldu\/","name":"Apartman dairesinden y\u00fckselen duman pani\u011fe neden oldu - Memurun Sesi","isPartOf":{"@id":"https:\/\/memurunsesi.net\/#website"},"primaryImageOfPage":{"@id":"https:\/\/memurunsesi.net\/index.php\/2025\/07\/03\/apartman-dairesinden-yukselen-duman-panige-neden-oldu\/#primaryimage"},"image":{"@id":"https:\/\/memurunsesi.net\/index.php\/2025\/07\/03\/apartman-dairesinden-yukselen-duman-panige-neden-oldu\/#primaryimage"},"thumbnailUrl":"https:\/\/memurunsesi.net\/wp-content\/uploads\/2025\/07\/AW489270_01.jpg","datePublished":"2025-07-03T02:31:03+00:00","breadcrumb":{"@id":"https:\/\/memurunsesi.net\/index.php\/2025\/07\/03\/apartman-dairesinden-yukselen-duman-panige-neden-oldu\/#breadcrumb"},"inLanguage":"tr","potentialAction":[{"@type":"ReadAction","target":["https:\/\/memurunsesi.net\/index.php\/2025\/07\/03\/apartman-dairesinden-yukselen-duman-panige-neden-oldu\/"]}]},{"@type":"ImageObject","inLanguage":"tr","@id":"https:\/\/memurunsesi.net\/index.php\/2025\/07\/03\/apartman-dairesinden-yukselen-duman-panige-neden-oldu\/#primaryimage","url":"https:\/\/memurunsesi.net\/wp-content\/uploads\/2025\/07\/AW489270_01.jpg","contentUrl":"https:\/\/memurunsesi.net\/wp-content\/uploads\/2025\/07\/AW489270_01.jpg","width":1600,"height":900,"caption":"ZONGULDAK'IN ERE\u011eL\u0130 \u0130L\u00c7ES\u0130NDE B\u0130R APARTMAN DA\u0130RES\u0130NDEN Y\u00dcKSELEN DUMAN, MAHALLEDE KISA S\u00dcREL\u0130 PAN\u0130\u011eE NEDEN OLDU. YANGIN, \u0130TFA\u0130YE EK\u0130PLER\u0130N\u0130N ZAMANINDA M\u00dcDAHALES\u0130YLE B\u00dcY\u00dcMEDEN S\u00d6ND\u00dcR\u00dcLD\u00dc. (ZEYNEP KO\u00c7\/ZONGULDAK-\u0130HA) Zonguldak'\u0131n Ere\u011fli il\u00e7esinde bir apartman dairesinden y\u00fckselen duman, mahallede k\u0131sa s\u00fcreli pani\u011fe neden oldu. Yang\u0131n, itfaiye ekiplerinin zaman\u0131nda m\u00fcdahalesiyle b\u00fcy\u00fcmeden s\u00f6nd\u00fcr\u00fcld\u00fc."},{"@type":"BreadcrumbList","@id":"https:\/\/memurunsesi.net\/index.php\/2025\/07\/03\/apartman-dairesinden-yukselen-duman-panige-neden-oldu\/#breadcrumb","itemListElement":[{"@type":"ListItem","position":1,"name":"Anasayfa","item":"https:\/\/memurunsesi.net\/"},{"@type":"ListItem","position":2,"name":"Apartman dairesinden y\u00fckselen duman pani\u011fe neden oldu"}]},{"@type":"WebSite","@id":"https:\/\/memurunsesi.net\/#website","url":"https:\/\/memurunsesi.net\/","name":"Memurun Sesi","description":"G\u00fcncel ve Do\u011fru Haber","publisher":{"@id":"https:\/\/memurunsesi.net\/#organization"},"potentialAction":[{"@type":"SearchAction","target":{"@type":"EntryPoint","urlTemplate":"https:\/\/memurunsesi.net\/?s={search_term_string}"},"query-input":{"@type":"PropertyValueSpecification","valueRequired":true,"valueName":"search_term_string"}}],"inLanguage":"tr"},{"@type":"Organization","@id":"https:\/\/memurunsesi.net\/#organization","name":"Memurun Sesi","url":"https:\/\/memurunsesi.net\/","logo":{"@type":"ImageObject","inLanguage":"tr","@id":"https:\/\/memurunsesi.net\/#\/schema\/logo\/image\/","url":"https:\/\/memurunsesi.net\/wp-content\/uploads\/2025\/11\/cropped-MEMURUN-SESI.png","contentUrl":"https:\/\/memurunsesi.net\/wp-content\/uploads\/2025\/11\/cropped-MEMURUN-SESI.png","width":238,"height":57,"caption":"Memurun Sesi"},"image":{"@id":"https:\/\/memurunsesi.net\/#\/schema\/logo\/image\/"},"sameAs":["https:\/\/www.facebook.com\/unipersen\/?locale=tr_TR","https:\/\/x.com\/unipersen"]},{"@type":"Person","@id":"https:\/\/memurunsesi.net\/#\/schema\/person\/f21c2d73b89f6ee1d80b0a1803e38587","name":"Memurun Sesi Haber Merkezi","image":{"@type":"ImageObject","inLanguage":"tr","@id":"https:\/\/secure.gravatar.com\/avatar\/6cf0505f452ee753f485014986fab09a434671d2b919ee76fc541025c5876a70?s=96&d=mm&r=g","url":"https:\/\/secure.gravatar.com\/avatar\/6cf0505f452ee753f485014986fab09a434671d2b919ee76fc541025c5876a70?s=96&d=mm&r=g","contentUrl":"https:\/\/secure.gravatar.com\/avatar\/6cf0505f452ee753f485014986fab09a434671d2b919ee76fc541025c5876a70?s=96&d=mm&r=g","caption":"Memurun Sesi Haber Merkezi"},"sameAs":["https:\/\/memurunsesi.net"],"url":"https:\/\/memurunsesi.net\/index.php\/author\/uniper\/"}]}},"_links":{"self":[{"href":"https:\/\/memurunsesi.net\/index.php\/wp-json\/wp\/v2\/posts\/8909","targetHints":{"allow":["GET"]}}],"collection":[{"href":"https:\/\/memurunsesi.net\/index.php\/wp-json\/wp\/v2\/posts"}],"about":[{"href":"https:\/\/memurunsesi.net\/index.php\/wp-json\/wp\/v2\/types\/post"}],"author":[{"embeddable":true,"href":"https:\/\/memurunsesi.net\/index.php\/wp-json\/wp\/v2\/users\/1"}],"replies":[{"embeddable":true,"href":"https:\/\/memurunsesi.net\/index.php\/wp-json\/wp\/v2\/comments?post=8909"}],"version-history":[{"count":1,"href":"https:\/\/memurunsesi.net\/index.php\/wp-json\/wp\/v2\/posts\/8909\/revisions"}],"predecessor-version":[{"id":8911,"href":"https:\/\/memurunsesi.net\/index.php\/wp-json\/wp\/v2\/posts\/8909\/revisions\/8911"}],"wp:featuredmedia":[{"embeddable":true,"href":"https:\/\/memurunsesi.net\/index.php\/wp-json\/wp\/v2\/media\/8910"}],"wp:attachment":[{"href":"https:\/\/memurunsesi.net\/index.php\/wp-json\/wp\/v2\/media?parent=8909"}],"wp:term":[{"taxonomy":"category","embeddable":true,"href":"https:\/\/memurunsesi.net\/index.php\/wp-json\/wp\/v2\/categories?post=8909"},{"taxonomy":"post_tag","embeddable":true,"href":"https:\/\/memurunsesi.net\/index.php\/wp-json\/wp\/v2\/tags?post=8909"}],"curies":[{"name":"wp","href":"https:\/\/api.w.org\/{rel}","templated":true}]}}