{"id":8912,"date":"2025-07-04T07:12:14","date_gmt":"2025-07-04T04:12:14","guid":{"rendered":"https:\/\/memurunsesi.net\/?p=8912"},"modified":"2025-07-04T07:12:14","modified_gmt":"2025-07-04T04:12:14","slug":"samsunda-siddetli-yagis-istinat-duvari-araclarin-uzerine-devrildi","status":"publish","type":"post","link":"https:\/\/memurunsesi.net\/index.php\/2025\/07\/04\/samsunda-siddetli-yagis-istinat-duvari-araclarin-uzerine-devrildi\/","title":{"rendered":"Samsun&#8217;da \u015fiddetli ya\u011f\u0131\u015f: \u0130stinat duvar\u0131 ara\u00e7lar\u0131n \u00fczerine devrildi"},"content":{"rendered":"<p>   Samsun&#8217;da etkili olan \u015fiddetli ya\u011fmur, istinat duvar\u0131n\u0131n park halindeki ara\u00e7lar\u0131n \u00fczerine devrilmesine yol a\u00e7t\u0131.<br \/>\nOlay, Samsun&#8217;un Atakum il\u00e7esi Alanl\u0131 Mahallesi&#8217;nde saat 02.45 s\u0131ralar\u0131nda Demircanlar Sitesi bah\u00e7esinde meydana geldi. Samsun&#8217;da sa\u011fanak ya\u011f\u0131\u015f su bask\u0131n\u0131 ve g\u00f6\u00e7\u00fc\u011fe neden oldu. Sitenin otopark\u0131nda bulunan istinat duvar\u0131, sel sular\u0131na dayanamayarak park halindeki 3 arac\u0131n \u00fczerine devrildi. Ara\u00e7lar duvar\u0131n alt\u0131nda kalarak hurdaya d\u00f6nd\u00fc. \u0130stinat duvar\u0131n\u0131n y\u0131k\u0131lmas\u0131 ile yol da \u00e7\u00f6kt\u00fc ve yol kenar\u0131nda bulunan park halindeki otomobil de yoldan a\u015fa\u011f\u0131 devrilerek b\u00fcy\u00fck zarar g\u00f6rd\u00fc. Yolun \u00e7\u00f6kmesi sonucu \u015febeke suyu da patlay\u0131p devrilen arac\u0131n \u00fczerine f\u0131\u015fk\u0131rd\u0131. Site sakinlerinden Y\u0131lmaz K\u0131z\u0131l, &#8220;Samsun&#8217;daki \u015fiddetli ya\u011f\u0131\u015ftan dolay\u0131 arabalar istinat duvar\u0131n\u0131n alt\u0131nda kald\u0131. Sese uyand\u0131k, kalkt\u0131k. \u015eu an 4 araba pert olmu\u015f durumda. Cana gelmedi ama b\u00fcy\u00fck maddi zarar var&#8221; dedi. <\/p>\n<p>4.07.2025                                <\/p>\n","protected":false},"excerpt":{"rendered":"<p>Samsun&#8217;da etkili olan \u015fiddetli ya\u011fmur, istinat duvar\u0131n\u0131n park halindeki ara\u00e7lar\u0131n \u00fczerine devrilmesine yol a\u00e7t\u0131. Olay, Samsun&#8217;un Atakum il\u00e7esi Alanl\u0131 Mahallesi&#8217;nde saat 02.45 s\u0131ralar\u0131nda Demircanlar Sitesi bah\u00e7esinde meydana geldi. Samsun&#8217;da sa\u011fanak ya\u011f\u0131\u015f su bask\u0131n\u0131 ve g\u00f6\u00e7\u00fc\u011fe neden oldu. Sitenin otopark\u0131nda bulunan istinat duvar\u0131, sel sular\u0131na dayanamayarak park halindeki 3 arac\u0131n \u00fczerine devrildi. Ara\u00e7lar duvar\u0131n alt\u0131nda kalarak [&hellip;]<\/p>\n","protected":false},"author":1,"featured_media":8913,"comment_status":"open","ping_status":"open","sticky":false,"template":"","format":"standard","meta":{"footnotes":""},"categories":[45],"tags":[],"class_list":["post-8912","post","type-post","status-publish","format-standard","has-post-thumbnail","hentry","category-gundem"],"yoast_head":"<!-- This site is optimized with the Yoast SEO plugin v27.4 - https:\/\/yoast.com\/product\/yoast-seo-wordpress\/ -->\n<title>Samsun&#039;da \u015fiddetli ya\u011f\u0131\u015f: \u0130stinat duvar\u0131 ara\u00e7lar\u0131n \u00fczerine devrildi - Memurun Sesi<\/title>\n<meta name=\"robots\" content=\"index, follow, max-snippet:-1, max-image-preview:large, max-video-preview:-1\" \/>\n<link rel=\"canonical\" href=\"https:\/\/memurunsesi.net\/index.php\/2025\/07\/04\/samsunda-siddetli-yagis-istinat-duvari-araclarin-uzerine-devrildi\/\" \/>\n<meta property=\"og:locale\" content=\"tr_TR\" \/>\n<meta property=\"og:type\" content=\"article\" \/>\n<meta property=\"og:title\" content=\"Samsun&#039;da \u015fiddetli ya\u011f\u0131\u015f: \u0130stinat duvar\u0131 ara\u00e7lar\u0131n \u00fczerine devrildi - Memurun Sesi\" \/>\n<meta property=\"og:description\" content=\"Samsun&#8217;da etkili olan \u015fiddetli ya\u011fmur, istinat duvar\u0131n\u0131n park halindeki ara\u00e7lar\u0131n \u00fczerine devrilmesine yol a\u00e7t\u0131. Olay, Samsun&#8217;un Atakum il\u00e7esi Alanl\u0131 Mahallesi&#8217;nde saat 02.45 s\u0131ralar\u0131nda Demircanlar Sitesi bah\u00e7esinde meydana geldi. Samsun&#8217;da sa\u011fanak ya\u011f\u0131\u015f su bask\u0131n\u0131 ve g\u00f6\u00e7\u00fc\u011fe neden oldu. Sitenin otopark\u0131nda bulunan istinat duvar\u0131, sel sular\u0131na dayanamayarak park halindeki 3 arac\u0131n \u00fczerine devrildi. Ara\u00e7lar duvar\u0131n alt\u0131nda kalarak [&hellip;]\" \/>\n<meta property=\"og:url\" content=\"https:\/\/memurunsesi.net\/index.php\/2025\/07\/04\/samsunda-siddetli-yagis-istinat-duvari-araclarin-uzerine-devrildi\/\" \/>\n<meta property=\"og:site_name\" content=\"Memurun Sesi\" \/>\n<meta property=\"article:publisher\" content=\"https:\/\/www.facebook.com\/unipersen\/?locale=tr_TR\" \/>\n<meta property=\"article:published_time\" content=\"2025-07-04T04:12:14+00:00\" \/>\n<meta property=\"og:image\" content=\"https:\/\/memurunsesi.net\/wp-content\/uploads\/2025\/07\/AW490029_01-scaled.jpg\" \/>\n\t<meta property=\"og:image:width\" content=\"2560\" \/>\n\t<meta property=\"og:image:height\" content=\"1442\" \/>\n\t<meta property=\"og:image:type\" content=\"image\/jpeg\" \/>\n<meta name=\"author\" content=\"Memurun Sesi Haber Merkezi\" \/>\n<meta name=\"twitter:card\" content=\"summary_large_image\" \/>\n<meta name=\"twitter:creator\" content=\"@unipersen\" \/>\n<meta name=\"twitter:site\" content=\"@unipersen\" \/>\n<meta name=\"twitter:label1\" content=\"Yazan:\" \/>\n\t<meta name=\"twitter:data1\" content=\"Memurun Sesi Haber Merkezi\" \/>\n\t<meta name=\"twitter:label2\" content=\"Tahmini okuma s\u00fcresi\" \/>\n\t<meta name=\"twitter:data2\" content=\"1 dakika\" \/>\n<script type=\"application\/ld+json\" class=\"yoast-schema-graph\">{\"@context\":\"https:\\\/\\\/schema.org\",\"@graph\":[{\"@type\":\"Article\",\"@id\":\"https:\\\/\\\/memurunsesi.net\\\/index.php\\\/2025\\\/07\\\/04\\\/samsunda-siddetli-yagis-istinat-duvari-araclarin-uzerine-devrildi\\\/#article\",\"isPartOf\":{\"@id\":\"https:\\\/\\\/memurunsesi.net\\\/index.php\\\/2025\\\/07\\\/04\\\/samsunda-siddetli-yagis-istinat-duvari-araclarin-uzerine-devrildi\\\/\"},\"author\":{\"name\":\"Memurun Sesi Haber Merkezi\",\"@id\":\"https:\\\/\\\/memurunsesi.net\\\/#\\\/schema\\\/person\\\/f21c2d73b89f6ee1d80b0a1803e38587\"},\"headline\":\"Samsun&#8217;da \u015fiddetli ya\u011f\u0131\u015f: \u0130stinat duvar\u0131 ara\u00e7lar\u0131n \u00fczerine devrildi\",\"datePublished\":\"2025-07-04T04:12:14+00:00\",\"mainEntityOfPage\":{\"@id\":\"https:\\\/\\\/memurunsesi.net\\\/index.php\\\/2025\\\/07\\\/04\\\/samsunda-siddetli-yagis-istinat-duvari-araclarin-uzerine-devrildi\\\/\"},\"wordCount\":177,\"commentCount\":0,\"publisher\":{\"@id\":\"https:\\\/\\\/memurunsesi.net\\\/#organization\"},\"image\":{\"@id\":\"https:\\\/\\\/memurunsesi.net\\\/index.php\\\/2025\\\/07\\\/04\\\/samsunda-siddetli-yagis-istinat-duvari-araclarin-uzerine-devrildi\\\/#primaryimage\"},\"thumbnailUrl\":\"https:\\\/\\\/memurunsesi.net\\\/wp-content\\\/uploads\\\/2025\\\/07\\\/AW490029_01-scaled.jpg\",\"articleSection\":[\"G\u00fcndem\"],\"inLanguage\":\"tr\",\"potentialAction\":[{\"@type\":\"CommentAction\",\"name\":\"Comment\",\"target\":[\"https:\\\/\\\/memurunsesi.net\\\/index.php\\\/2025\\\/07\\\/04\\\/samsunda-siddetli-yagis-istinat-duvari-araclarin-uzerine-devrildi\\\/#respond\"]}]},{\"@type\":\"WebPage\",\"@id\":\"https:\\\/\\\/memurunsesi.net\\\/index.php\\\/2025\\\/07\\\/04\\\/samsunda-siddetli-yagis-istinat-duvari-araclarin-uzerine-devrildi\\\/\",\"url\":\"https:\\\/\\\/memurunsesi.net\\\/index.php\\\/2025\\\/07\\\/04\\\/samsunda-siddetli-yagis-istinat-duvari-araclarin-uzerine-devrildi\\\/\",\"name\":\"Samsun'da \u015fiddetli ya\u011f\u0131\u015f: \u0130stinat duvar\u0131 ara\u00e7lar\u0131n \u00fczerine devrildi - Memurun Sesi\",\"isPartOf\":{\"@id\":\"https:\\\/\\\/memurunsesi.net\\\/#website\"},\"primaryImageOfPage\":{\"@id\":\"https:\\\/\\\/memurunsesi.net\\\/index.php\\\/2025\\\/07\\\/04\\\/samsunda-siddetli-yagis-istinat-duvari-araclarin-uzerine-devrildi\\\/#primaryimage\"},\"image\":{\"@id\":\"https:\\\/\\\/memurunsesi.net\\\/index.php\\\/2025\\\/07\\\/04\\\/samsunda-siddetli-yagis-istinat-duvari-araclarin-uzerine-devrildi\\\/#primaryimage\"},\"thumbnailUrl\":\"https:\\\/\\\/memurunsesi.net\\\/wp-content\\\/uploads\\\/2025\\\/07\\\/AW490029_01-scaled.jpg\",\"datePublished\":\"2025-07-04T04:12:14+00:00\",\"breadcrumb\":{\"@id\":\"https:\\\/\\\/memurunsesi.net\\\/index.php\\\/2025\\\/07\\\/04\\\/samsunda-siddetli-yagis-istinat-duvari-araclarin-uzerine-devrildi\\\/#breadcrumb\"},\"inLanguage\":\"tr\",\"potentialAction\":[{\"@type\":\"ReadAction\",\"target\":[\"https:\\\/\\\/memurunsesi.net\\\/index.php\\\/2025\\\/07\\\/04\\\/samsunda-siddetli-yagis-istinat-duvari-araclarin-uzerine-devrildi\\\/\"]}]},{\"@type\":\"ImageObject\",\"inLanguage\":\"tr\",\"@id\":\"https:\\\/\\\/memurunsesi.net\\\/index.php\\\/2025\\\/07\\\/04\\\/samsunda-siddetli-yagis-istinat-duvari-araclarin-uzerine-devrildi\\\/#primaryimage\",\"url\":\"https:\\\/\\\/memurunsesi.net\\\/wp-content\\\/uploads\\\/2025\\\/07\\\/AW490029_01-scaled.jpg\",\"contentUrl\":\"https:\\\/\\\/memurunsesi.net\\\/wp-content\\\/uploads\\\/2025\\\/07\\\/AW490029_01-scaled.jpg\",\"width\":2560,\"height\":1442,\"caption\":\"SAMSUN'DA ETK\u0130S\u0130N\u0130 S\u00dcRD\u00dcREN \u015e\u0130DDETL\u0130 YA\u011eMURDAN \u0130ST\u0130NAT DUVARI PARK HAL\u0130NDEK\u0130 3 ARACIN \u00dcZER\u0130NE DEVR\u0130LERKEN, YOLUN \u00c7\u00d6KMES\u0130 SONUCU 1 ARA\u00c7TA ZARAR G\u00d6RD\u00dc. (MUHAMMER AY\\\/SAMSUN-\u0130HA) Samsun'da etkisini s\u00fcrd\u00fcren \u015fiddetli ya\u011fmurdan istinat duvar\u0131 park halindeki ara\u00e7lar\u0131n \u00fczerine devrildi.\"},{\"@type\":\"BreadcrumbList\",\"@id\":\"https:\\\/\\\/memurunsesi.net\\\/index.php\\\/2025\\\/07\\\/04\\\/samsunda-siddetli-yagis-istinat-duvari-araclarin-uzerine-devrildi\\\/#breadcrumb\",\"itemListElement\":[{\"@type\":\"ListItem\",\"position\":1,\"name\":\"Anasayfa\",\"item\":\"https:\\\/\\\/memurunsesi.net\\\/\"},{\"@type\":\"ListItem\",\"position\":2,\"name\":\"Samsun&#8217;da \u015fiddetli ya\u011f\u0131\u015f: \u0130stinat duvar\u0131 ara\u00e7lar\u0131n \u00fczerine devrildi\"}]},{\"@type\":\"WebSite\",\"@id\":\"https:\\\/\\\/memurunsesi.net\\\/#website\",\"url\":\"https:\\\/\\\/memurunsesi.net\\\/\",\"name\":\"Memurun Sesi\",\"description\":\"G\u00fcncel ve Do\u011fru Haber\",\"publisher\":{\"@id\":\"https:\\\/\\\/memurunsesi.net\\\/#organization\"},\"potentialAction\":[{\"@type\":\"SearchAction\",\"target\":{\"@type\":\"EntryPoint\",\"urlTemplate\":\"https:\\\/\\\/memurunsesi.net\\\/?s={search_term_string}\"},\"query-input\":{\"@type\":\"PropertyValueSpecification\",\"valueRequired\":true,\"valueName\":\"search_term_string\"}}],\"inLanguage\":\"tr\"},{\"@type\":\"Organization\",\"@id\":\"https:\\\/\\\/memurunsesi.net\\\/#organization\",\"name\":\"Memurun Sesi\",\"url\":\"https:\\\/\\\/memurunsesi.net\\\/\",\"logo\":{\"@type\":\"ImageObject\",\"inLanguage\":\"tr\",\"@id\":\"https:\\\/\\\/memurunsesi.net\\\/#\\\/schema\\\/logo\\\/image\\\/\",\"url\":\"https:\\\/\\\/memurunsesi.net\\\/wp-content\\\/uploads\\\/2025\\\/11\\\/cropped-MEMURUN-SESI.png\",\"contentUrl\":\"https:\\\/\\\/memurunsesi.net\\\/wp-content\\\/uploads\\\/2025\\\/11\\\/cropped-MEMURUN-SESI.png\",\"width\":238,\"height\":57,\"caption\":\"Memurun Sesi\"},\"image\":{\"@id\":\"https:\\\/\\\/memurunsesi.net\\\/#\\\/schema\\\/logo\\\/image\\\/\"},\"sameAs\":[\"https:\\\/\\\/www.facebook.com\\\/unipersen\\\/?locale=tr_TR\",\"https:\\\/\\\/x.com\\\/unipersen\"]},{\"@type\":\"Person\",\"@id\":\"https:\\\/\\\/memurunsesi.net\\\/#\\\/schema\\\/person\\\/f21c2d73b89f6ee1d80b0a1803e38587\",\"name\":\"Memurun Sesi Haber Merkezi\",\"image\":{\"@type\":\"ImageObject\",\"inLanguage\":\"tr\",\"@id\":\"https:\\\/\\\/secure.gravatar.com\\\/avatar\\\/6cf0505f452ee753f485014986fab09a434671d2b919ee76fc541025c5876a70?s=96&d=mm&r=g\",\"url\":\"https:\\\/\\\/secure.gravatar.com\\\/avatar\\\/6cf0505f452ee753f485014986fab09a434671d2b919ee76fc541025c5876a70?s=96&d=mm&r=g\",\"contentUrl\":\"https:\\\/\\\/secure.gravatar.com\\\/avatar\\\/6cf0505f452ee753f485014986fab09a434671d2b919ee76fc541025c5876a70?s=96&d=mm&r=g\",\"caption\":\"Memurun Sesi Haber Merkezi\"},\"sameAs\":[\"https:\\\/\\\/memurunsesi.net\"],\"url\":\"https:\\\/\\\/memurunsesi.net\\\/index.php\\\/author\\\/uniper\\\/\"}]}<\/script>\n<!-- \/ Yoast SEO plugin. -->","yoast_head_json":{"title":"Samsun'da \u015fiddetli ya\u011f\u0131\u015f: \u0130stinat duvar\u0131 ara\u00e7lar\u0131n \u00fczerine devrildi - Memurun Sesi","robots":{"index":"index","follow":"follow","max-snippet":"max-snippet:-1","max-image-preview":"max-image-preview:large","max-video-preview":"max-video-preview:-1"},"canonical":"https:\/\/memurunsesi.net\/index.php\/2025\/07\/04\/samsunda-siddetli-yagis-istinat-duvari-araclarin-uzerine-devrildi\/","og_locale":"tr_TR","og_type":"article","og_title":"Samsun'da \u015fiddetli ya\u011f\u0131\u015f: \u0130stinat duvar\u0131 ara\u00e7lar\u0131n \u00fczerine devrildi - Memurun Sesi","og_description":"Samsun&#8217;da etkili olan \u015fiddetli ya\u011fmur, istinat duvar\u0131n\u0131n park halindeki ara\u00e7lar\u0131n \u00fczerine devrilmesine yol a\u00e7t\u0131. Olay, Samsun&#8217;un Atakum il\u00e7esi Alanl\u0131 Mahallesi&#8217;nde saat 02.45 s\u0131ralar\u0131nda Demircanlar Sitesi bah\u00e7esinde meydana geldi. Samsun&#8217;da sa\u011fanak ya\u011f\u0131\u015f su bask\u0131n\u0131 ve g\u00f6\u00e7\u00fc\u011fe neden oldu. Sitenin otopark\u0131nda bulunan istinat duvar\u0131, sel sular\u0131na dayanamayarak park halindeki 3 arac\u0131n \u00fczerine devrildi. Ara\u00e7lar duvar\u0131n alt\u0131nda kalarak [&hellip;]","og_url":"https:\/\/memurunsesi.net\/index.php\/2025\/07\/04\/samsunda-siddetli-yagis-istinat-duvari-araclarin-uzerine-devrildi\/","og_site_name":"Memurun Sesi","article_publisher":"https:\/\/www.facebook.com\/unipersen\/?locale=tr_TR","article_published_time":"2025-07-04T04:12:14+00:00","og_image":[{"width":2560,"height":1442,"url":"https:\/\/memurunsesi.net\/wp-content\/uploads\/2025\/07\/AW490029_01-scaled.jpg","type":"image\/jpeg"}],"author":"Memurun Sesi Haber Merkezi","twitter_card":"summary_large_image","twitter_creator":"@unipersen","twitter_site":"@unipersen","twitter_misc":{"Yazan:":"Memurun Sesi Haber Merkezi","Tahmini okuma s\u00fcresi":"1 dakika"},"schema":{"@context":"https:\/\/schema.org","@graph":[{"@type":"Article","@id":"https:\/\/memurunsesi.net\/index.php\/2025\/07\/04\/samsunda-siddetli-yagis-istinat-duvari-araclarin-uzerine-devrildi\/#article","isPartOf":{"@id":"https:\/\/memurunsesi.net\/index.php\/2025\/07\/04\/samsunda-siddetli-yagis-istinat-duvari-araclarin-uzerine-devrildi\/"},"author":{"name":"Memurun Sesi Haber Merkezi","@id":"https:\/\/memurunsesi.net\/#\/schema\/person\/f21c2d73b89f6ee1d80b0a1803e38587"},"headline":"Samsun&#8217;da \u015fiddetli ya\u011f\u0131\u015f: \u0130stinat duvar\u0131 ara\u00e7lar\u0131n \u00fczerine devrildi","datePublished":"2025-07-04T04:12:14+00:00","mainEntityOfPage":{"@id":"https:\/\/memurunsesi.net\/index.php\/2025\/07\/04\/samsunda-siddetli-yagis-istinat-duvari-araclarin-uzerine-devrildi\/"},"wordCount":177,"commentCount":0,"publisher":{"@id":"https:\/\/memurunsesi.net\/#organization"},"image":{"@id":"https:\/\/memurunsesi.net\/index.php\/2025\/07\/04\/samsunda-siddetli-yagis-istinat-duvari-araclarin-uzerine-devrildi\/#primaryimage"},"thumbnailUrl":"https:\/\/memurunsesi.net\/wp-content\/uploads\/2025\/07\/AW490029_01-scaled.jpg","articleSection":["G\u00fcndem"],"inLanguage":"tr","potentialAction":[{"@type":"CommentAction","name":"Comment","target":["https:\/\/memurunsesi.net\/index.php\/2025\/07\/04\/samsunda-siddetli-yagis-istinat-duvari-araclarin-uzerine-devrildi\/#respond"]}]},{"@type":"WebPage","@id":"https:\/\/memurunsesi.net\/index.php\/2025\/07\/04\/samsunda-siddetli-yagis-istinat-duvari-araclarin-uzerine-devrildi\/","url":"https:\/\/memurunsesi.net\/index.php\/2025\/07\/04\/samsunda-siddetli-yagis-istinat-duvari-araclarin-uzerine-devrildi\/","name":"Samsun'da \u015fiddetli ya\u011f\u0131\u015f: \u0130stinat duvar\u0131 ara\u00e7lar\u0131n \u00fczerine devrildi - Memurun Sesi","isPartOf":{"@id":"https:\/\/memurunsesi.net\/#website"},"primaryImageOfPage":{"@id":"https:\/\/memurunsesi.net\/index.php\/2025\/07\/04\/samsunda-siddetli-yagis-istinat-duvari-araclarin-uzerine-devrildi\/#primaryimage"},"image":{"@id":"https:\/\/memurunsesi.net\/index.php\/2025\/07\/04\/samsunda-siddetli-yagis-istinat-duvari-araclarin-uzerine-devrildi\/#primaryimage"},"thumbnailUrl":"https:\/\/memurunsesi.net\/wp-content\/uploads\/2025\/07\/AW490029_01-scaled.jpg","datePublished":"2025-07-04T04:12:14+00:00","breadcrumb":{"@id":"https:\/\/memurunsesi.net\/index.php\/2025\/07\/04\/samsunda-siddetli-yagis-istinat-duvari-araclarin-uzerine-devrildi\/#breadcrumb"},"inLanguage":"tr","potentialAction":[{"@type":"ReadAction","target":["https:\/\/memurunsesi.net\/index.php\/2025\/07\/04\/samsunda-siddetli-yagis-istinat-duvari-araclarin-uzerine-devrildi\/"]}]},{"@type":"ImageObject","inLanguage":"tr","@id":"https:\/\/memurunsesi.net\/index.php\/2025\/07\/04\/samsunda-siddetli-yagis-istinat-duvari-araclarin-uzerine-devrildi\/#primaryimage","url":"https:\/\/memurunsesi.net\/wp-content\/uploads\/2025\/07\/AW490029_01-scaled.jpg","contentUrl":"https:\/\/memurunsesi.net\/wp-content\/uploads\/2025\/07\/AW490029_01-scaled.jpg","width":2560,"height":1442,"caption":"SAMSUN'DA ETK\u0130S\u0130N\u0130 S\u00dcRD\u00dcREN \u015e\u0130DDETL\u0130 YA\u011eMURDAN \u0130ST\u0130NAT DUVARI PARK HAL\u0130NDEK\u0130 3 ARACIN \u00dcZER\u0130NE DEVR\u0130LERKEN, YOLUN \u00c7\u00d6KMES\u0130 SONUCU 1 ARA\u00c7TA ZARAR G\u00d6RD\u00dc. (MUHAMMER AY\/SAMSUN-\u0130HA) Samsun'da etkisini s\u00fcrd\u00fcren \u015fiddetli ya\u011fmurdan istinat duvar\u0131 park halindeki ara\u00e7lar\u0131n \u00fczerine devrildi."},{"@type":"BreadcrumbList","@id":"https:\/\/memurunsesi.net\/index.php\/2025\/07\/04\/samsunda-siddetli-yagis-istinat-duvari-araclarin-uzerine-devrildi\/#breadcrumb","itemListElement":[{"@type":"ListItem","position":1,"name":"Anasayfa","item":"https:\/\/memurunsesi.net\/"},{"@type":"ListItem","position":2,"name":"Samsun&#8217;da \u015fiddetli ya\u011f\u0131\u015f: \u0130stinat duvar\u0131 ara\u00e7lar\u0131n \u00fczerine devrildi"}]},{"@type":"WebSite","@id":"https:\/\/memurunsesi.net\/#website","url":"https:\/\/memurunsesi.net\/","name":"Memurun Sesi","description":"G\u00fcncel ve Do\u011fru Haber","publisher":{"@id":"https:\/\/memurunsesi.net\/#organization"},"potentialAction":[{"@type":"SearchAction","target":{"@type":"EntryPoint","urlTemplate":"https:\/\/memurunsesi.net\/?s={search_term_string}"},"query-input":{"@type":"PropertyValueSpecification","valueRequired":true,"valueName":"search_term_string"}}],"inLanguage":"tr"},{"@type":"Organization","@id":"https:\/\/memurunsesi.net\/#organization","name":"Memurun Sesi","url":"https:\/\/memurunsesi.net\/","logo":{"@type":"ImageObject","inLanguage":"tr","@id":"https:\/\/memurunsesi.net\/#\/schema\/logo\/image\/","url":"https:\/\/memurunsesi.net\/wp-content\/uploads\/2025\/11\/cropped-MEMURUN-SESI.png","contentUrl":"https:\/\/memurunsesi.net\/wp-content\/uploads\/2025\/11\/cropped-MEMURUN-SESI.png","width":238,"height":57,"caption":"Memurun Sesi"},"image":{"@id":"https:\/\/memurunsesi.net\/#\/schema\/logo\/image\/"},"sameAs":["https:\/\/www.facebook.com\/unipersen\/?locale=tr_TR","https:\/\/x.com\/unipersen"]},{"@type":"Person","@id":"https:\/\/memurunsesi.net\/#\/schema\/person\/f21c2d73b89f6ee1d80b0a1803e38587","name":"Memurun Sesi Haber Merkezi","image":{"@type":"ImageObject","inLanguage":"tr","@id":"https:\/\/secure.gravatar.com\/avatar\/6cf0505f452ee753f485014986fab09a434671d2b919ee76fc541025c5876a70?s=96&d=mm&r=g","url":"https:\/\/secure.gravatar.com\/avatar\/6cf0505f452ee753f485014986fab09a434671d2b919ee76fc541025c5876a70?s=96&d=mm&r=g","contentUrl":"https:\/\/secure.gravatar.com\/avatar\/6cf0505f452ee753f485014986fab09a434671d2b919ee76fc541025c5876a70?s=96&d=mm&r=g","caption":"Memurun Sesi Haber Merkezi"},"sameAs":["https:\/\/memurunsesi.net"],"url":"https:\/\/memurunsesi.net\/index.php\/author\/uniper\/"}]}},"_links":{"self":[{"href":"https:\/\/memurunsesi.net\/index.php\/wp-json\/wp\/v2\/posts\/8912","targetHints":{"allow":["GET"]}}],"collection":[{"href":"https:\/\/memurunsesi.net\/index.php\/wp-json\/wp\/v2\/posts"}],"about":[{"href":"https:\/\/memurunsesi.net\/index.php\/wp-json\/wp\/v2\/types\/post"}],"author":[{"embeddable":true,"href":"https:\/\/memurunsesi.net\/index.php\/wp-json\/wp\/v2\/users\/1"}],"replies":[{"embeddable":true,"href":"https:\/\/memurunsesi.net\/index.php\/wp-json\/wp\/v2\/comments?post=8912"}],"version-history":[{"count":1,"href":"https:\/\/memurunsesi.net\/index.php\/wp-json\/wp\/v2\/posts\/8912\/revisions"}],"predecessor-version":[{"id":8914,"href":"https:\/\/memurunsesi.net\/index.php\/wp-json\/wp\/v2\/posts\/8912\/revisions\/8914"}],"wp:featuredmedia":[{"embeddable":true,"href":"https:\/\/memurunsesi.net\/index.php\/wp-json\/wp\/v2\/media\/8913"}],"wp:attachment":[{"href":"https:\/\/memurunsesi.net\/index.php\/wp-json\/wp\/v2\/media?parent=8912"}],"wp:term":[{"taxonomy":"category","embeddable":true,"href":"https:\/\/memurunsesi.net\/index.php\/wp-json\/wp\/v2\/categories?post=8912"},{"taxonomy":"post_tag","embeddable":true,"href":"https:\/\/memurunsesi.net\/index.php\/wp-json\/wp\/v2\/tags?post=8912"}],"curies":[{"name":"wp","href":"https:\/\/api.w.org\/{rel}","templated":true}]}}