{"id":8915,"date":"2025-07-04T07:13:55","date_gmt":"2025-07-04T04:13:55","guid":{"rendered":"https:\/\/memurunsesi.net\/?p=8915"},"modified":"2025-07-04T07:13:55","modified_gmt":"2025-07-04T04:13:55","slug":"caldigi-otomobil-ile-polise-yakalandi","status":"publish","type":"post","link":"https:\/\/memurunsesi.net\/index.php\/2025\/07\/04\/caldigi-otomobil-ile-polise-yakalandi\/","title":{"rendered":"\u00c7ald\u0131\u011f\u0131 otomobil ile polise yakaland\u0131"},"content":{"rendered":"<p>  &#8211; \u00c7al\u0131nt\u0131 ara\u00e7tan \u00e7\u0131kan palya\u00e7o k\u0131yafetleri dikkat \u00e7ekti   <\/p>\n<p>   Sakarya\u2019n\u0131n Adapazar\u0131 il\u00e7esinden \u00e7ald\u0131\u011f\u0131 otomobil ile Akyaz\u0131\u2019ya ka\u00e7an \u015f\u00fcpheli, polis ekiplerince k\u0131sa s\u00fcrede yakaland\u0131. Polisin cadde ortas\u0131nda \u00f6n\u00fcn\u00fc kesti\u011fi \u015f\u00fcpheli k\u0131sk\u0131vrak yakalan\u0131rken, \u00e7al\u0131nt\u0131 ara\u00e7tan \u00e7\u0131kan palya\u00e7o kost\u00fcmleri ise dikkatlerden ka\u00e7mad\u0131.<br \/>\n  H\u0131rs\u0131zl\u0131k, Adapazar\u0131 il\u00e7esinde meydana geldi. R.A.\u2019ya ait 54 FM 022 otomobil, kimli\u011fi \u00d6.T. olarak belirlenen \u015fah\u0131s taraf\u0131ndan park halindeyken \u00e7al\u0131nd\u0131. Arac\u0131n \u00e7al\u0131nd\u0131\u011f\u0131n\u0131 fark eden R.A., vakit kaybetmeden polis ekiplerine ba\u015fvurdu. Harekete ge\u00e7en polis ekipleri, arac\u0131n izini s\u00fcrmeye ba\u015flad\u0131. G\u00fczergah ve plaka tan\u0131ma sistemleri \u00fczerinden yap\u0131lan takip sonucu, \u00e7al\u0131nt\u0131 arac\u0131n Akyaz\u0131\u2019ya do\u011fru ilerledi\u011fi belirlendi. Arac\u0131 \u00e7alan \u015f\u00fcpheli, \u00e7ok ka\u00e7amadan Batakk\u00f6y Mahallesi Batakk\u00f6y Caddesi \u00fczerinde polis ekiplerince k\u0131sk\u0131vrak yakaland\u0131. Arac\u0131n \u00f6n\u00fcn\u00fc kesen ekipler, \u00d6.T.\u2019yi ara\u00e7tan indirip \u00fcst aramas\u0131n\u0131 yapt\u0131ktan sonra g\u00f6zalt\u0131na ald\u0131. \u015e\u00fcpheli, ifadesi al\u0131nmak \u00fczere karakola g\u00f6t\u00fcr\u00fcl\u00fcrken, \u00e7al\u0131nt\u0131 otomobil olay yeri incelemesinin ard\u0131ndan yediemin otopark\u0131na \u00e7ekildi.<br \/>\n  \u00d6te yandan, \u00e7al\u0131nt\u0131 ara\u00e7 i\u00e7erisinden \u00e7\u0131kan palya\u00e7o k\u0131yafetleri de dikkatlerden ka\u00e7mad\u0131. Konuya ili\u015fkin inceleme ba\u015flat\u0131ld\u0131. <\/p>\n<p>4.07.2025                               <\/p>\n","protected":false},"excerpt":{"rendered":"<p>&#8211; \u00c7al\u0131nt\u0131 ara\u00e7tan \u00e7\u0131kan palya\u00e7o k\u0131yafetleri dikkat \u00e7ekti Sakarya\u2019n\u0131n Adapazar\u0131 il\u00e7esinden \u00e7ald\u0131\u011f\u0131 otomobil ile Akyaz\u0131\u2019ya ka\u00e7an \u015f\u00fcpheli, polis ekiplerince k\u0131sa s\u00fcrede yakaland\u0131. Polisin cadde ortas\u0131nda \u00f6n\u00fcn\u00fc kesti\u011fi \u015f\u00fcpheli k\u0131sk\u0131vrak yakalan\u0131rken, \u00e7al\u0131nt\u0131 ara\u00e7tan \u00e7\u0131kan palya\u00e7o kost\u00fcmleri ise dikkatlerden ka\u00e7mad\u0131. H\u0131rs\u0131zl\u0131k, Adapazar\u0131 il\u00e7esinde meydana geldi. R.A.\u2019ya ait 54 FM 022 otomobil, kimli\u011fi \u00d6.T. olarak belirlenen \u015fah\u0131s taraf\u0131ndan [&hellip;]<\/p>\n","protected":false},"author":1,"featured_media":8916,"comment_status":"open","ping_status":"open","sticky":false,"template":"","format":"standard","meta":{"footnotes":""},"categories":[50],"tags":[],"class_list":["post-8915","post","type-post","status-publish","format-standard","has-post-thumbnail","hentry","category-tum-haberler"],"yoast_head":"<!-- This site is optimized with the Yoast SEO plugin v27.4 - https:\/\/yoast.com\/product\/yoast-seo-wordpress\/ -->\n<title>\u00c7ald\u0131\u011f\u0131 otomobil ile polise yakaland\u0131 - Memurun Sesi<\/title>\n<meta name=\"robots\" content=\"index, follow, max-snippet:-1, max-image-preview:large, max-video-preview:-1\" \/>\n<link rel=\"canonical\" href=\"https:\/\/memurunsesi.net\/index.php\/2025\/07\/04\/caldigi-otomobil-ile-polise-yakalandi\/\" \/>\n<meta property=\"og:locale\" content=\"tr_TR\" \/>\n<meta property=\"og:type\" content=\"article\" \/>\n<meta property=\"og:title\" content=\"\u00c7ald\u0131\u011f\u0131 otomobil ile polise yakaland\u0131 - Memurun Sesi\" \/>\n<meta property=\"og:description\" content=\"&#8211; \u00c7al\u0131nt\u0131 ara\u00e7tan \u00e7\u0131kan palya\u00e7o k\u0131yafetleri dikkat \u00e7ekti Sakarya\u2019n\u0131n Adapazar\u0131 il\u00e7esinden \u00e7ald\u0131\u011f\u0131 otomobil ile Akyaz\u0131\u2019ya ka\u00e7an \u015f\u00fcpheli, polis ekiplerince k\u0131sa s\u00fcrede yakaland\u0131. Polisin cadde ortas\u0131nda \u00f6n\u00fcn\u00fc kesti\u011fi \u015f\u00fcpheli k\u0131sk\u0131vrak yakalan\u0131rken, \u00e7al\u0131nt\u0131 ara\u00e7tan \u00e7\u0131kan palya\u00e7o kost\u00fcmleri ise dikkatlerden ka\u00e7mad\u0131. H\u0131rs\u0131zl\u0131k, Adapazar\u0131 il\u00e7esinde meydana geldi. R.A.\u2019ya ait 54 FM 022 otomobil, kimli\u011fi \u00d6.T. olarak belirlenen \u015fah\u0131s taraf\u0131ndan [&hellip;]\" \/>\n<meta property=\"og:url\" content=\"https:\/\/memurunsesi.net\/index.php\/2025\/07\/04\/caldigi-otomobil-ile-polise-yakalandi\/\" \/>\n<meta property=\"og:site_name\" content=\"Memurun Sesi\" \/>\n<meta property=\"article:publisher\" content=\"https:\/\/www.facebook.com\/unipersen\/?locale=tr_TR\" \/>\n<meta property=\"article:published_time\" content=\"2025-07-04T04:13:55+00:00\" \/>\n<meta property=\"og:image\" content=\"https:\/\/memurunsesi.net\/wp-content\/uploads\/2025\/07\/AW490028_02-scaled.jpg\" \/>\n\t<meta property=\"og:image:width\" content=\"2560\" \/>\n\t<meta property=\"og:image:height\" content=\"1442\" \/>\n\t<meta property=\"og:image:type\" content=\"image\/jpeg\" \/>\n<meta name=\"author\" content=\"Memurun Sesi Haber Merkezi\" \/>\n<meta name=\"twitter:card\" content=\"summary_large_image\" \/>\n<meta name=\"twitter:creator\" content=\"@unipersen\" \/>\n<meta name=\"twitter:site\" content=\"@unipersen\" \/>\n<meta name=\"twitter:label1\" content=\"Yazan:\" \/>\n\t<meta name=\"twitter:data1\" content=\"Memurun Sesi Haber Merkezi\" \/>\n\t<meta name=\"twitter:label2\" content=\"Tahmini okuma s\u00fcresi\" \/>\n\t<meta name=\"twitter:data2\" content=\"1 dakika\" \/>\n<script type=\"application\/ld+json\" class=\"yoast-schema-graph\">{\"@context\":\"https:\\\/\\\/schema.org\",\"@graph\":[{\"@type\":\"Article\",\"@id\":\"https:\\\/\\\/memurunsesi.net\\\/index.php\\\/2025\\\/07\\\/04\\\/caldigi-otomobil-ile-polise-yakalandi\\\/#article\",\"isPartOf\":{\"@id\":\"https:\\\/\\\/memurunsesi.net\\\/index.php\\\/2025\\\/07\\\/04\\\/caldigi-otomobil-ile-polise-yakalandi\\\/\"},\"author\":{\"name\":\"Memurun Sesi Haber Merkezi\",\"@id\":\"https:\\\/\\\/memurunsesi.net\\\/#\\\/schema\\\/person\\\/f21c2d73b89f6ee1d80b0a1803e38587\"},\"headline\":\"\u00c7ald\u0131\u011f\u0131 otomobil ile polise yakaland\u0131\",\"datePublished\":\"2025-07-04T04:13:55+00:00\",\"mainEntityOfPage\":{\"@id\":\"https:\\\/\\\/memurunsesi.net\\\/index.php\\\/2025\\\/07\\\/04\\\/caldigi-otomobil-ile-polise-yakalandi\\\/\"},\"wordCount\":229,\"commentCount\":0,\"publisher\":{\"@id\":\"https:\\\/\\\/memurunsesi.net\\\/#organization\"},\"image\":{\"@id\":\"https:\\\/\\\/memurunsesi.net\\\/index.php\\\/2025\\\/07\\\/04\\\/caldigi-otomobil-ile-polise-yakalandi\\\/#primaryimage\"},\"thumbnailUrl\":\"https:\\\/\\\/memurunsesi.net\\\/wp-content\\\/uploads\\\/2025\\\/07\\\/AW490028_02-scaled.jpg\",\"articleSection\":[\"T\u00fcm Haberler\"],\"inLanguage\":\"tr\",\"potentialAction\":[{\"@type\":\"CommentAction\",\"name\":\"Comment\",\"target\":[\"https:\\\/\\\/memurunsesi.net\\\/index.php\\\/2025\\\/07\\\/04\\\/caldigi-otomobil-ile-polise-yakalandi\\\/#respond\"]}]},{\"@type\":\"WebPage\",\"@id\":\"https:\\\/\\\/memurunsesi.net\\\/index.php\\\/2025\\\/07\\\/04\\\/caldigi-otomobil-ile-polise-yakalandi\\\/\",\"url\":\"https:\\\/\\\/memurunsesi.net\\\/index.php\\\/2025\\\/07\\\/04\\\/caldigi-otomobil-ile-polise-yakalandi\\\/\",\"name\":\"\u00c7ald\u0131\u011f\u0131 otomobil ile polise yakaland\u0131 - Memurun Sesi\",\"isPartOf\":{\"@id\":\"https:\\\/\\\/memurunsesi.net\\\/#website\"},\"primaryImageOfPage\":{\"@id\":\"https:\\\/\\\/memurunsesi.net\\\/index.php\\\/2025\\\/07\\\/04\\\/caldigi-otomobil-ile-polise-yakalandi\\\/#primaryimage\"},\"image\":{\"@id\":\"https:\\\/\\\/memurunsesi.net\\\/index.php\\\/2025\\\/07\\\/04\\\/caldigi-otomobil-ile-polise-yakalandi\\\/#primaryimage\"},\"thumbnailUrl\":\"https:\\\/\\\/memurunsesi.net\\\/wp-content\\\/uploads\\\/2025\\\/07\\\/AW490028_02-scaled.jpg\",\"datePublished\":\"2025-07-04T04:13:55+00:00\",\"breadcrumb\":{\"@id\":\"https:\\\/\\\/memurunsesi.net\\\/index.php\\\/2025\\\/07\\\/04\\\/caldigi-otomobil-ile-polise-yakalandi\\\/#breadcrumb\"},\"inLanguage\":\"tr\",\"potentialAction\":[{\"@type\":\"ReadAction\",\"target\":[\"https:\\\/\\\/memurunsesi.net\\\/index.php\\\/2025\\\/07\\\/04\\\/caldigi-otomobil-ile-polise-yakalandi\\\/\"]}]},{\"@type\":\"ImageObject\",\"inLanguage\":\"tr\",\"@id\":\"https:\\\/\\\/memurunsesi.net\\\/index.php\\\/2025\\\/07\\\/04\\\/caldigi-otomobil-ile-polise-yakalandi\\\/#primaryimage\",\"url\":\"https:\\\/\\\/memurunsesi.net\\\/wp-content\\\/uploads\\\/2025\\\/07\\\/AW490028_02-scaled.jpg\",\"contentUrl\":\"https:\\\/\\\/memurunsesi.net\\\/wp-content\\\/uploads\\\/2025\\\/07\\\/AW490028_02-scaled.jpg\",\"width\":2560,\"height\":1442,\"caption\":\"SAKARYA'NIN ADAPAZARI \u0130L\u00c7ES\u0130NDEN \u00c7ALDI\u011eI OTOMOB\u0130L \u0130LE AKYAZI'YA KA\u00c7AN \u015e\u00dcPHEL\u0130, POL\u0130S EK\u0130PLER\u0130NCE KISA S\u00dcREDE YAKALANDI. POL\u0130S\u0130N CADDE ORTASINDA \u00d6N\u00dcN\u00dc KEST\u0130\u011e\u0130 \u015e\u00dcPHEL\u0130 KISKIVRAK YAKALANIRKEN, \u00c7ALINTI ARA\u00c7TAN \u00c7IKAN PALYA\u00c7O KOST\u00dcMLER\u0130 \u0130SE D\u0130KKATLERDEN KA\u00c7MADI. (AL\u0130 SAMET YILDIRIM\\\/SAKARYA-\u0130HA) Sakarya'n\u0131n Adapazar\u0131 il\u00e7esinden \u00e7ald\u0131\u011f\u0131 otomobil ile Akyaz\u0131'ya ka\u00e7an \u015f\u00fcpheli, polis ekiplerince k\u0131sa s\u00fcrede yakaland\u0131. Polisin cadde ortas\u0131nda \u00f6n\u00fcn\u00fc kesti\u011fi \u015f\u00fcpheli k\u0131sk\u0131vrak yakalan\u0131rken, \u00e7al\u0131nt\u0131 ara\u00e7tan \u00e7\u0131kan palya\u00e7o kost\u00fcmleri ise dikkatlerden ka\u00e7mad\u0131.\"},{\"@type\":\"BreadcrumbList\",\"@id\":\"https:\\\/\\\/memurunsesi.net\\\/index.php\\\/2025\\\/07\\\/04\\\/caldigi-otomobil-ile-polise-yakalandi\\\/#breadcrumb\",\"itemListElement\":[{\"@type\":\"ListItem\",\"position\":1,\"name\":\"Anasayfa\",\"item\":\"https:\\\/\\\/memurunsesi.net\\\/\"},{\"@type\":\"ListItem\",\"position\":2,\"name\":\"\u00c7ald\u0131\u011f\u0131 otomobil ile polise yakaland\u0131\"}]},{\"@type\":\"WebSite\",\"@id\":\"https:\\\/\\\/memurunsesi.net\\\/#website\",\"url\":\"https:\\\/\\\/memurunsesi.net\\\/\",\"name\":\"Memurun Sesi\",\"description\":\"G\u00fcncel ve Do\u011fru Haber\",\"publisher\":{\"@id\":\"https:\\\/\\\/memurunsesi.net\\\/#organization\"},\"potentialAction\":[{\"@type\":\"SearchAction\",\"target\":{\"@type\":\"EntryPoint\",\"urlTemplate\":\"https:\\\/\\\/memurunsesi.net\\\/?s={search_term_string}\"},\"query-input\":{\"@type\":\"PropertyValueSpecification\",\"valueRequired\":true,\"valueName\":\"search_term_string\"}}],\"inLanguage\":\"tr\"},{\"@type\":\"Organization\",\"@id\":\"https:\\\/\\\/memurunsesi.net\\\/#organization\",\"name\":\"Memurun Sesi\",\"url\":\"https:\\\/\\\/memurunsesi.net\\\/\",\"logo\":{\"@type\":\"ImageObject\",\"inLanguage\":\"tr\",\"@id\":\"https:\\\/\\\/memurunsesi.net\\\/#\\\/schema\\\/logo\\\/image\\\/\",\"url\":\"https:\\\/\\\/memurunsesi.net\\\/wp-content\\\/uploads\\\/2025\\\/11\\\/cropped-MEMURUN-SESI.png\",\"contentUrl\":\"https:\\\/\\\/memurunsesi.net\\\/wp-content\\\/uploads\\\/2025\\\/11\\\/cropped-MEMURUN-SESI.png\",\"width\":238,\"height\":57,\"caption\":\"Memurun Sesi\"},\"image\":{\"@id\":\"https:\\\/\\\/memurunsesi.net\\\/#\\\/schema\\\/logo\\\/image\\\/\"},\"sameAs\":[\"https:\\\/\\\/www.facebook.com\\\/unipersen\\\/?locale=tr_TR\",\"https:\\\/\\\/x.com\\\/unipersen\"]},{\"@type\":\"Person\",\"@id\":\"https:\\\/\\\/memurunsesi.net\\\/#\\\/schema\\\/person\\\/f21c2d73b89f6ee1d80b0a1803e38587\",\"name\":\"Memurun Sesi Haber Merkezi\",\"image\":{\"@type\":\"ImageObject\",\"inLanguage\":\"tr\",\"@id\":\"https:\\\/\\\/secure.gravatar.com\\\/avatar\\\/6cf0505f452ee753f485014986fab09a434671d2b919ee76fc541025c5876a70?s=96&d=mm&r=g\",\"url\":\"https:\\\/\\\/secure.gravatar.com\\\/avatar\\\/6cf0505f452ee753f485014986fab09a434671d2b919ee76fc541025c5876a70?s=96&d=mm&r=g\",\"contentUrl\":\"https:\\\/\\\/secure.gravatar.com\\\/avatar\\\/6cf0505f452ee753f485014986fab09a434671d2b919ee76fc541025c5876a70?s=96&d=mm&r=g\",\"caption\":\"Memurun Sesi Haber Merkezi\"},\"sameAs\":[\"https:\\\/\\\/memurunsesi.net\"],\"url\":\"https:\\\/\\\/memurunsesi.net\\\/index.php\\\/author\\\/uniper\\\/\"}]}<\/script>\n<!-- \/ Yoast SEO plugin. -->","yoast_head_json":{"title":"\u00c7ald\u0131\u011f\u0131 otomobil ile polise yakaland\u0131 - Memurun Sesi","robots":{"index":"index","follow":"follow","max-snippet":"max-snippet:-1","max-image-preview":"max-image-preview:large","max-video-preview":"max-video-preview:-1"},"canonical":"https:\/\/memurunsesi.net\/index.php\/2025\/07\/04\/caldigi-otomobil-ile-polise-yakalandi\/","og_locale":"tr_TR","og_type":"article","og_title":"\u00c7ald\u0131\u011f\u0131 otomobil ile polise yakaland\u0131 - Memurun Sesi","og_description":"&#8211; \u00c7al\u0131nt\u0131 ara\u00e7tan \u00e7\u0131kan palya\u00e7o k\u0131yafetleri dikkat \u00e7ekti Sakarya\u2019n\u0131n Adapazar\u0131 il\u00e7esinden \u00e7ald\u0131\u011f\u0131 otomobil ile Akyaz\u0131\u2019ya ka\u00e7an \u015f\u00fcpheli, polis ekiplerince k\u0131sa s\u00fcrede yakaland\u0131. Polisin cadde ortas\u0131nda \u00f6n\u00fcn\u00fc kesti\u011fi \u015f\u00fcpheli k\u0131sk\u0131vrak yakalan\u0131rken, \u00e7al\u0131nt\u0131 ara\u00e7tan \u00e7\u0131kan palya\u00e7o kost\u00fcmleri ise dikkatlerden ka\u00e7mad\u0131. H\u0131rs\u0131zl\u0131k, Adapazar\u0131 il\u00e7esinde meydana geldi. R.A.\u2019ya ait 54 FM 022 otomobil, kimli\u011fi \u00d6.T. olarak belirlenen \u015fah\u0131s taraf\u0131ndan [&hellip;]","og_url":"https:\/\/memurunsesi.net\/index.php\/2025\/07\/04\/caldigi-otomobil-ile-polise-yakalandi\/","og_site_name":"Memurun Sesi","article_publisher":"https:\/\/www.facebook.com\/unipersen\/?locale=tr_TR","article_published_time":"2025-07-04T04:13:55+00:00","og_image":[{"width":2560,"height":1442,"url":"https:\/\/memurunsesi.net\/wp-content\/uploads\/2025\/07\/AW490028_02-scaled.jpg","type":"image\/jpeg"}],"author":"Memurun Sesi Haber Merkezi","twitter_card":"summary_large_image","twitter_creator":"@unipersen","twitter_site":"@unipersen","twitter_misc":{"Yazan:":"Memurun Sesi Haber Merkezi","Tahmini okuma s\u00fcresi":"1 dakika"},"schema":{"@context":"https:\/\/schema.org","@graph":[{"@type":"Article","@id":"https:\/\/memurunsesi.net\/index.php\/2025\/07\/04\/caldigi-otomobil-ile-polise-yakalandi\/#article","isPartOf":{"@id":"https:\/\/memurunsesi.net\/index.php\/2025\/07\/04\/caldigi-otomobil-ile-polise-yakalandi\/"},"author":{"name":"Memurun Sesi Haber Merkezi","@id":"https:\/\/memurunsesi.net\/#\/schema\/person\/f21c2d73b89f6ee1d80b0a1803e38587"},"headline":"\u00c7ald\u0131\u011f\u0131 otomobil ile polise yakaland\u0131","datePublished":"2025-07-04T04:13:55+00:00","mainEntityOfPage":{"@id":"https:\/\/memurunsesi.net\/index.php\/2025\/07\/04\/caldigi-otomobil-ile-polise-yakalandi\/"},"wordCount":229,"commentCount":0,"publisher":{"@id":"https:\/\/memurunsesi.net\/#organization"},"image":{"@id":"https:\/\/memurunsesi.net\/index.php\/2025\/07\/04\/caldigi-otomobil-ile-polise-yakalandi\/#primaryimage"},"thumbnailUrl":"https:\/\/memurunsesi.net\/wp-content\/uploads\/2025\/07\/AW490028_02-scaled.jpg","articleSection":["T\u00fcm Haberler"],"inLanguage":"tr","potentialAction":[{"@type":"CommentAction","name":"Comment","target":["https:\/\/memurunsesi.net\/index.php\/2025\/07\/04\/caldigi-otomobil-ile-polise-yakalandi\/#respond"]}]},{"@type":"WebPage","@id":"https:\/\/memurunsesi.net\/index.php\/2025\/07\/04\/caldigi-otomobil-ile-polise-yakalandi\/","url":"https:\/\/memurunsesi.net\/index.php\/2025\/07\/04\/caldigi-otomobil-ile-polise-yakalandi\/","name":"\u00c7ald\u0131\u011f\u0131 otomobil ile polise yakaland\u0131 - Memurun Sesi","isPartOf":{"@id":"https:\/\/memurunsesi.net\/#website"},"primaryImageOfPage":{"@id":"https:\/\/memurunsesi.net\/index.php\/2025\/07\/04\/caldigi-otomobil-ile-polise-yakalandi\/#primaryimage"},"image":{"@id":"https:\/\/memurunsesi.net\/index.php\/2025\/07\/04\/caldigi-otomobil-ile-polise-yakalandi\/#primaryimage"},"thumbnailUrl":"https:\/\/memurunsesi.net\/wp-content\/uploads\/2025\/07\/AW490028_02-scaled.jpg","datePublished":"2025-07-04T04:13:55+00:00","breadcrumb":{"@id":"https:\/\/memurunsesi.net\/index.php\/2025\/07\/04\/caldigi-otomobil-ile-polise-yakalandi\/#breadcrumb"},"inLanguage":"tr","potentialAction":[{"@type":"ReadAction","target":["https:\/\/memurunsesi.net\/index.php\/2025\/07\/04\/caldigi-otomobil-ile-polise-yakalandi\/"]}]},{"@type":"ImageObject","inLanguage":"tr","@id":"https:\/\/memurunsesi.net\/index.php\/2025\/07\/04\/caldigi-otomobil-ile-polise-yakalandi\/#primaryimage","url":"https:\/\/memurunsesi.net\/wp-content\/uploads\/2025\/07\/AW490028_02-scaled.jpg","contentUrl":"https:\/\/memurunsesi.net\/wp-content\/uploads\/2025\/07\/AW490028_02-scaled.jpg","width":2560,"height":1442,"caption":"SAKARYA'NIN ADAPAZARI \u0130L\u00c7ES\u0130NDEN \u00c7ALDI\u011eI OTOMOB\u0130L \u0130LE AKYAZI'YA KA\u00c7AN \u015e\u00dcPHEL\u0130, POL\u0130S EK\u0130PLER\u0130NCE KISA S\u00dcREDE YAKALANDI. POL\u0130S\u0130N CADDE ORTASINDA \u00d6N\u00dcN\u00dc KEST\u0130\u011e\u0130 \u015e\u00dcPHEL\u0130 KISKIVRAK YAKALANIRKEN, \u00c7ALINTI ARA\u00c7TAN \u00c7IKAN PALYA\u00c7O KOST\u00dcMLER\u0130 \u0130SE D\u0130KKATLERDEN KA\u00c7MADI. (AL\u0130 SAMET YILDIRIM\/SAKARYA-\u0130HA) Sakarya'n\u0131n Adapazar\u0131 il\u00e7esinden \u00e7ald\u0131\u011f\u0131 otomobil ile Akyaz\u0131'ya ka\u00e7an \u015f\u00fcpheli, polis ekiplerince k\u0131sa s\u00fcrede yakaland\u0131. Polisin cadde ortas\u0131nda \u00f6n\u00fcn\u00fc kesti\u011fi \u015f\u00fcpheli k\u0131sk\u0131vrak yakalan\u0131rken, \u00e7al\u0131nt\u0131 ara\u00e7tan \u00e7\u0131kan palya\u00e7o kost\u00fcmleri ise dikkatlerden ka\u00e7mad\u0131."},{"@type":"BreadcrumbList","@id":"https:\/\/memurunsesi.net\/index.php\/2025\/07\/04\/caldigi-otomobil-ile-polise-yakalandi\/#breadcrumb","itemListElement":[{"@type":"ListItem","position":1,"name":"Anasayfa","item":"https:\/\/memurunsesi.net\/"},{"@type":"ListItem","position":2,"name":"\u00c7ald\u0131\u011f\u0131 otomobil ile polise yakaland\u0131"}]},{"@type":"WebSite","@id":"https:\/\/memurunsesi.net\/#website","url":"https:\/\/memurunsesi.net\/","name":"Memurun Sesi","description":"G\u00fcncel ve Do\u011fru Haber","publisher":{"@id":"https:\/\/memurunsesi.net\/#organization"},"potentialAction":[{"@type":"SearchAction","target":{"@type":"EntryPoint","urlTemplate":"https:\/\/memurunsesi.net\/?s={search_term_string}"},"query-input":{"@type":"PropertyValueSpecification","valueRequired":true,"valueName":"search_term_string"}}],"inLanguage":"tr"},{"@type":"Organization","@id":"https:\/\/memurunsesi.net\/#organization","name":"Memurun Sesi","url":"https:\/\/memurunsesi.net\/","logo":{"@type":"ImageObject","inLanguage":"tr","@id":"https:\/\/memurunsesi.net\/#\/schema\/logo\/image\/","url":"https:\/\/memurunsesi.net\/wp-content\/uploads\/2025\/11\/cropped-MEMURUN-SESI.png","contentUrl":"https:\/\/memurunsesi.net\/wp-content\/uploads\/2025\/11\/cropped-MEMURUN-SESI.png","width":238,"height":57,"caption":"Memurun Sesi"},"image":{"@id":"https:\/\/memurunsesi.net\/#\/schema\/logo\/image\/"},"sameAs":["https:\/\/www.facebook.com\/unipersen\/?locale=tr_TR","https:\/\/x.com\/unipersen"]},{"@type":"Person","@id":"https:\/\/memurunsesi.net\/#\/schema\/person\/f21c2d73b89f6ee1d80b0a1803e38587","name":"Memurun Sesi Haber Merkezi","image":{"@type":"ImageObject","inLanguage":"tr","@id":"https:\/\/secure.gravatar.com\/avatar\/6cf0505f452ee753f485014986fab09a434671d2b919ee76fc541025c5876a70?s=96&d=mm&r=g","url":"https:\/\/secure.gravatar.com\/avatar\/6cf0505f452ee753f485014986fab09a434671d2b919ee76fc541025c5876a70?s=96&d=mm&r=g","contentUrl":"https:\/\/secure.gravatar.com\/avatar\/6cf0505f452ee753f485014986fab09a434671d2b919ee76fc541025c5876a70?s=96&d=mm&r=g","caption":"Memurun Sesi Haber Merkezi"},"sameAs":["https:\/\/memurunsesi.net"],"url":"https:\/\/memurunsesi.net\/index.php\/author\/uniper\/"}]}},"_links":{"self":[{"href":"https:\/\/memurunsesi.net\/index.php\/wp-json\/wp\/v2\/posts\/8915","targetHints":{"allow":["GET"]}}],"collection":[{"href":"https:\/\/memurunsesi.net\/index.php\/wp-json\/wp\/v2\/posts"}],"about":[{"href":"https:\/\/memurunsesi.net\/index.php\/wp-json\/wp\/v2\/types\/post"}],"author":[{"embeddable":true,"href":"https:\/\/memurunsesi.net\/index.php\/wp-json\/wp\/v2\/users\/1"}],"replies":[{"embeddable":true,"href":"https:\/\/memurunsesi.net\/index.php\/wp-json\/wp\/v2\/comments?post=8915"}],"version-history":[{"count":1,"href":"https:\/\/memurunsesi.net\/index.php\/wp-json\/wp\/v2\/posts\/8915\/revisions"}],"predecessor-version":[{"id":8917,"href":"https:\/\/memurunsesi.net\/index.php\/wp-json\/wp\/v2\/posts\/8915\/revisions\/8917"}],"wp:featuredmedia":[{"embeddable":true,"href":"https:\/\/memurunsesi.net\/index.php\/wp-json\/wp\/v2\/media\/8916"}],"wp:attachment":[{"href":"https:\/\/memurunsesi.net\/index.php\/wp-json\/wp\/v2\/media?parent=8915"}],"wp:term":[{"taxonomy":"category","embeddable":true,"href":"https:\/\/memurunsesi.net\/index.php\/wp-json\/wp\/v2\/categories?post=8915"},{"taxonomy":"post_tag","embeddable":true,"href":"https:\/\/memurunsesi.net\/index.php\/wp-json\/wp\/v2\/tags?post=8915"}],"curies":[{"name":"wp","href":"https:\/\/api.w.org\/{rel}","templated":true}]}}