{"id":8921,"date":"2025-07-04T07:16:38","date_gmt":"2025-07-04T04:16:38","guid":{"rendered":"https:\/\/memurunsesi.net\/?p=8921"},"modified":"2025-07-04T07:16:38","modified_gmt":"2025-07-04T04:16:38","slug":"kontrolden-cikan-otomobil-kanala-dustu-1-yarali","status":"publish","type":"post","link":"https:\/\/memurunsesi.net\/index.php\/2025\/07\/04\/kontrolden-cikan-otomobil-kanala-dustu-1-yarali\/","title":{"rendered":"Kontrolden \u00e7\u0131kan otomobil kanala d\u00fc\u015ft\u00fc: 1 yaral\u0131"},"content":{"rendered":"<p>   Kayseri&#8217;nin Melikgazi il\u00e7esinde otomobilin su kanal\u0131na d\u00fc\u015fmesi sonucu meydana gelen kazada 1 ki\u015fi yaraland\u0131.<br \/>\nEdinilen bilgiye g\u00f6re il\u00e7eye ba\u011fl\u0131 Germir mahallesi Dr. Sami \u0130pek Caddesi \u00fczerinde A.D. idaresindeki 38 AHS 252 plakal\u0131 otomobil, s\u00fcr\u00fcc\u00fcs\u00fcn\u00fcn direksiyon hakimiyetini kaybetmesi sonucu su kanal\u0131na d\u00fc\u015ft\u00fc. Durumun bildirilmesi \u00fczerine polis, sa\u011fl\u0131k ve itfaiye ekipleri sevk edildi. \u0130tfaiye ekipleri taraf\u0131ndan s\u00fcr\u00fcc\u00fc A.D., ara\u00e7tan \u00e7\u0131kar\u0131larak sa\u011fl\u0131k ekiplerine teslim edildi. Yaralanan A.D., sa\u011fl\u0131k ekipleri taraf\u0131ndan ambulansla hastaneye kald\u0131r\u0131larak tedavi alt\u0131na al\u0131nd\u0131. Kanal i\u00e7erisinde bulunan ara\u00e7, daha sonra \u00e7ekici yard\u0131m\u0131yla kanaldan \u00e7\u0131kar\u0131ld\u0131.<br \/>\n  Kaza ile ilgili soru\u015fturma ba\u015flat\u0131ld\u0131. <\/p>\n<p>4.07.2025                                 <\/p>\n","protected":false},"excerpt":{"rendered":"<p>Kayseri&#8217;nin Melikgazi il\u00e7esinde otomobilin su kanal\u0131na d\u00fc\u015fmesi sonucu meydana gelen kazada 1 ki\u015fi yaraland\u0131. Edinilen bilgiye g\u00f6re il\u00e7eye ba\u011fl\u0131 Germir mahallesi Dr. Sami \u0130pek Caddesi \u00fczerinde A.D. idaresindeki 38 AHS 252 plakal\u0131 otomobil, s\u00fcr\u00fcc\u00fcs\u00fcn\u00fcn direksiyon hakimiyetini kaybetmesi sonucu su kanal\u0131na d\u00fc\u015ft\u00fc. Durumun bildirilmesi \u00fczerine polis, sa\u011fl\u0131k ve itfaiye ekipleri sevk edildi. \u0130tfaiye ekipleri taraf\u0131ndan s\u00fcr\u00fcc\u00fc [&hellip;]<\/p>\n","protected":false},"author":1,"featured_media":8922,"comment_status":"open","ping_status":"open","sticky":false,"template":"","format":"standard","meta":{"footnotes":""},"categories":[1],"tags":[],"class_list":["post-8921","post","type-post","status-publish","format-standard","has-post-thumbnail","hentry","category-genel"],"yoast_head":"<!-- This site is optimized with the Yoast SEO plugin v27.4 - https:\/\/yoast.com\/product\/yoast-seo-wordpress\/ -->\n<title>Kontrolden \u00e7\u0131kan otomobil kanala d\u00fc\u015ft\u00fc: 1 yaral\u0131 - Memurun Sesi<\/title>\n<meta name=\"robots\" content=\"index, follow, max-snippet:-1, max-image-preview:large, max-video-preview:-1\" \/>\n<link rel=\"canonical\" href=\"https:\/\/memurunsesi.net\/index.php\/2025\/07\/04\/kontrolden-cikan-otomobil-kanala-dustu-1-yarali\/\" \/>\n<meta property=\"og:locale\" content=\"tr_TR\" \/>\n<meta property=\"og:type\" content=\"article\" \/>\n<meta property=\"og:title\" content=\"Kontrolden \u00e7\u0131kan otomobil kanala d\u00fc\u015ft\u00fc: 1 yaral\u0131 - Memurun Sesi\" \/>\n<meta property=\"og:description\" content=\"Kayseri&#8217;nin Melikgazi il\u00e7esinde otomobilin su kanal\u0131na d\u00fc\u015fmesi sonucu meydana gelen kazada 1 ki\u015fi yaraland\u0131. Edinilen bilgiye g\u00f6re il\u00e7eye ba\u011fl\u0131 Germir mahallesi Dr. Sami \u0130pek Caddesi \u00fczerinde A.D. idaresindeki 38 AHS 252 plakal\u0131 otomobil, s\u00fcr\u00fcc\u00fcs\u00fcn\u00fcn direksiyon hakimiyetini kaybetmesi sonucu su kanal\u0131na d\u00fc\u015ft\u00fc. Durumun bildirilmesi \u00fczerine polis, sa\u011fl\u0131k ve itfaiye ekipleri sevk edildi. \u0130tfaiye ekipleri taraf\u0131ndan s\u00fcr\u00fcc\u00fc [&hellip;]\" \/>\n<meta property=\"og:url\" content=\"https:\/\/memurunsesi.net\/index.php\/2025\/07\/04\/kontrolden-cikan-otomobil-kanala-dustu-1-yarali\/\" \/>\n<meta property=\"og:site_name\" content=\"Memurun Sesi\" \/>\n<meta property=\"article:publisher\" content=\"https:\/\/www.facebook.com\/unipersen\/?locale=tr_TR\" \/>\n<meta property=\"article:published_time\" content=\"2025-07-04T04:16:38+00:00\" \/>\n<meta property=\"og:image\" content=\"https:\/\/memurunsesi.net\/wp-content\/uploads\/2025\/07\/AW490022_01-scaled.jpg\" \/>\n\t<meta property=\"og:image:width\" content=\"2560\" \/>\n\t<meta property=\"og:image:height\" content=\"1707\" \/>\n\t<meta property=\"og:image:type\" content=\"image\/jpeg\" \/>\n<meta name=\"author\" content=\"Memurun Sesi Haber Merkezi\" \/>\n<meta name=\"twitter:card\" content=\"summary_large_image\" \/>\n<meta name=\"twitter:creator\" content=\"@unipersen\" \/>\n<meta name=\"twitter:site\" content=\"@unipersen\" \/>\n<meta name=\"twitter:label1\" content=\"Yazan:\" \/>\n\t<meta name=\"twitter:data1\" content=\"Memurun Sesi Haber Merkezi\" \/>\n\t<meta name=\"twitter:label2\" content=\"Tahmini okuma s\u00fcresi\" \/>\n\t<meta name=\"twitter:data2\" content=\"1 dakika\" \/>\n<script type=\"application\/ld+json\" class=\"yoast-schema-graph\">{\"@context\":\"https:\\\/\\\/schema.org\",\"@graph\":[{\"@type\":\"Article\",\"@id\":\"https:\\\/\\\/memurunsesi.net\\\/index.php\\\/2025\\\/07\\\/04\\\/kontrolden-cikan-otomobil-kanala-dustu-1-yarali\\\/#article\",\"isPartOf\":{\"@id\":\"https:\\\/\\\/memurunsesi.net\\\/index.php\\\/2025\\\/07\\\/04\\\/kontrolden-cikan-otomobil-kanala-dustu-1-yarali\\\/\"},\"author\":{\"name\":\"Memurun Sesi Haber Merkezi\",\"@id\":\"https:\\\/\\\/memurunsesi.net\\\/#\\\/schema\\\/person\\\/f21c2d73b89f6ee1d80b0a1803e38587\"},\"headline\":\"Kontrolden \u00e7\u0131kan otomobil kanala d\u00fc\u015ft\u00fc: 1 yaral\u0131\",\"datePublished\":\"2025-07-04T04:16:38+00:00\",\"mainEntityOfPage\":{\"@id\":\"https:\\\/\\\/memurunsesi.net\\\/index.php\\\/2025\\\/07\\\/04\\\/kontrolden-cikan-otomobil-kanala-dustu-1-yarali\\\/\"},\"wordCount\":133,\"commentCount\":0,\"publisher\":{\"@id\":\"https:\\\/\\\/memurunsesi.net\\\/#organization\"},\"image\":{\"@id\":\"https:\\\/\\\/memurunsesi.net\\\/index.php\\\/2025\\\/07\\\/04\\\/kontrolden-cikan-otomobil-kanala-dustu-1-yarali\\\/#primaryimage\"},\"thumbnailUrl\":\"https:\\\/\\\/memurunsesi.net\\\/wp-content\\\/uploads\\\/2025\\\/07\\\/AW490022_01-scaled.jpg\",\"inLanguage\":\"tr\",\"potentialAction\":[{\"@type\":\"CommentAction\",\"name\":\"Comment\",\"target\":[\"https:\\\/\\\/memurunsesi.net\\\/index.php\\\/2025\\\/07\\\/04\\\/kontrolden-cikan-otomobil-kanala-dustu-1-yarali\\\/#respond\"]}]},{\"@type\":\"WebPage\",\"@id\":\"https:\\\/\\\/memurunsesi.net\\\/index.php\\\/2025\\\/07\\\/04\\\/kontrolden-cikan-otomobil-kanala-dustu-1-yarali\\\/\",\"url\":\"https:\\\/\\\/memurunsesi.net\\\/index.php\\\/2025\\\/07\\\/04\\\/kontrolden-cikan-otomobil-kanala-dustu-1-yarali\\\/\",\"name\":\"Kontrolden \u00e7\u0131kan otomobil kanala d\u00fc\u015ft\u00fc: 1 yaral\u0131 - Memurun Sesi\",\"isPartOf\":{\"@id\":\"https:\\\/\\\/memurunsesi.net\\\/#website\"},\"primaryImageOfPage\":{\"@id\":\"https:\\\/\\\/memurunsesi.net\\\/index.php\\\/2025\\\/07\\\/04\\\/kontrolden-cikan-otomobil-kanala-dustu-1-yarali\\\/#primaryimage\"},\"image\":{\"@id\":\"https:\\\/\\\/memurunsesi.net\\\/index.php\\\/2025\\\/07\\\/04\\\/kontrolden-cikan-otomobil-kanala-dustu-1-yarali\\\/#primaryimage\"},\"thumbnailUrl\":\"https:\\\/\\\/memurunsesi.net\\\/wp-content\\\/uploads\\\/2025\\\/07\\\/AW490022_01-scaled.jpg\",\"datePublished\":\"2025-07-04T04:16:38+00:00\",\"breadcrumb\":{\"@id\":\"https:\\\/\\\/memurunsesi.net\\\/index.php\\\/2025\\\/07\\\/04\\\/kontrolden-cikan-otomobil-kanala-dustu-1-yarali\\\/#breadcrumb\"},\"inLanguage\":\"tr\",\"potentialAction\":[{\"@type\":\"ReadAction\",\"target\":[\"https:\\\/\\\/memurunsesi.net\\\/index.php\\\/2025\\\/07\\\/04\\\/kontrolden-cikan-otomobil-kanala-dustu-1-yarali\\\/\"]}]},{\"@type\":\"ImageObject\",\"inLanguage\":\"tr\",\"@id\":\"https:\\\/\\\/memurunsesi.net\\\/index.php\\\/2025\\\/07\\\/04\\\/kontrolden-cikan-otomobil-kanala-dustu-1-yarali\\\/#primaryimage\",\"url\":\"https:\\\/\\\/memurunsesi.net\\\/wp-content\\\/uploads\\\/2025\\\/07\\\/AW490022_01-scaled.jpg\",\"contentUrl\":\"https:\\\/\\\/memurunsesi.net\\\/wp-content\\\/uploads\\\/2025\\\/07\\\/AW490022_01-scaled.jpg\",\"width\":2560,\"height\":1707,\"caption\":\"KAYSER\u0130'N\u0130N MEL\u0130KGAZ\u0130 \u0130L\u00c7ES\u0130NDE OTOMOB\u0130L\u0130N SU KANALINA D\u00dc\u015eMES\u0130 SONUCU MEYDANA GELEN KAZADA 1 K\u0130\u015e\u0130 YARALANDI. (TURAN BULUT\\\/KAYSER\u0130-\u0130HA) Kayseri'nin Melikgazi il\u00e7esinde otomobilin su kanal\u0131na d\u00fc\u015fmesi sonucu meydana gelen kazada 1 ki\u015fi yaraland\u0131.\"},{\"@type\":\"BreadcrumbList\",\"@id\":\"https:\\\/\\\/memurunsesi.net\\\/index.php\\\/2025\\\/07\\\/04\\\/kontrolden-cikan-otomobil-kanala-dustu-1-yarali\\\/#breadcrumb\",\"itemListElement\":[{\"@type\":\"ListItem\",\"position\":1,\"name\":\"Anasayfa\",\"item\":\"https:\\\/\\\/memurunsesi.net\\\/\"},{\"@type\":\"ListItem\",\"position\":2,\"name\":\"Kontrolden \u00e7\u0131kan otomobil kanala d\u00fc\u015ft\u00fc: 1 yaral\u0131\"}]},{\"@type\":\"WebSite\",\"@id\":\"https:\\\/\\\/memurunsesi.net\\\/#website\",\"url\":\"https:\\\/\\\/memurunsesi.net\\\/\",\"name\":\"Memurun Sesi\",\"description\":\"G\u00fcncel ve Do\u011fru Haber\",\"publisher\":{\"@id\":\"https:\\\/\\\/memurunsesi.net\\\/#organization\"},\"potentialAction\":[{\"@type\":\"SearchAction\",\"target\":{\"@type\":\"EntryPoint\",\"urlTemplate\":\"https:\\\/\\\/memurunsesi.net\\\/?s={search_term_string}\"},\"query-input\":{\"@type\":\"PropertyValueSpecification\",\"valueRequired\":true,\"valueName\":\"search_term_string\"}}],\"inLanguage\":\"tr\"},{\"@type\":\"Organization\",\"@id\":\"https:\\\/\\\/memurunsesi.net\\\/#organization\",\"name\":\"Memurun Sesi\",\"url\":\"https:\\\/\\\/memurunsesi.net\\\/\",\"logo\":{\"@type\":\"ImageObject\",\"inLanguage\":\"tr\",\"@id\":\"https:\\\/\\\/memurunsesi.net\\\/#\\\/schema\\\/logo\\\/image\\\/\",\"url\":\"https:\\\/\\\/memurunsesi.net\\\/wp-content\\\/uploads\\\/2025\\\/11\\\/cropped-MEMURUN-SESI.png\",\"contentUrl\":\"https:\\\/\\\/memurunsesi.net\\\/wp-content\\\/uploads\\\/2025\\\/11\\\/cropped-MEMURUN-SESI.png\",\"width\":238,\"height\":57,\"caption\":\"Memurun Sesi\"},\"image\":{\"@id\":\"https:\\\/\\\/memurunsesi.net\\\/#\\\/schema\\\/logo\\\/image\\\/\"},\"sameAs\":[\"https:\\\/\\\/www.facebook.com\\\/unipersen\\\/?locale=tr_TR\",\"https:\\\/\\\/x.com\\\/unipersen\"]},{\"@type\":\"Person\",\"@id\":\"https:\\\/\\\/memurunsesi.net\\\/#\\\/schema\\\/person\\\/f21c2d73b89f6ee1d80b0a1803e38587\",\"name\":\"Memurun Sesi Haber Merkezi\",\"image\":{\"@type\":\"ImageObject\",\"inLanguage\":\"tr\",\"@id\":\"https:\\\/\\\/secure.gravatar.com\\\/avatar\\\/6cf0505f452ee753f485014986fab09a434671d2b919ee76fc541025c5876a70?s=96&d=mm&r=g\",\"url\":\"https:\\\/\\\/secure.gravatar.com\\\/avatar\\\/6cf0505f452ee753f485014986fab09a434671d2b919ee76fc541025c5876a70?s=96&d=mm&r=g\",\"contentUrl\":\"https:\\\/\\\/secure.gravatar.com\\\/avatar\\\/6cf0505f452ee753f485014986fab09a434671d2b919ee76fc541025c5876a70?s=96&d=mm&r=g\",\"caption\":\"Memurun Sesi Haber Merkezi\"},\"sameAs\":[\"https:\\\/\\\/memurunsesi.net\"],\"url\":\"https:\\\/\\\/memurunsesi.net\\\/index.php\\\/author\\\/uniper\\\/\"}]}<\/script>\n<!-- \/ Yoast SEO plugin. -->","yoast_head_json":{"title":"Kontrolden \u00e7\u0131kan otomobil kanala d\u00fc\u015ft\u00fc: 1 yaral\u0131 - Memurun Sesi","robots":{"index":"index","follow":"follow","max-snippet":"max-snippet:-1","max-image-preview":"max-image-preview:large","max-video-preview":"max-video-preview:-1"},"canonical":"https:\/\/memurunsesi.net\/index.php\/2025\/07\/04\/kontrolden-cikan-otomobil-kanala-dustu-1-yarali\/","og_locale":"tr_TR","og_type":"article","og_title":"Kontrolden \u00e7\u0131kan otomobil kanala d\u00fc\u015ft\u00fc: 1 yaral\u0131 - Memurun Sesi","og_description":"Kayseri&#8217;nin Melikgazi il\u00e7esinde otomobilin su kanal\u0131na d\u00fc\u015fmesi sonucu meydana gelen kazada 1 ki\u015fi yaraland\u0131. Edinilen bilgiye g\u00f6re il\u00e7eye ba\u011fl\u0131 Germir mahallesi Dr. Sami \u0130pek Caddesi \u00fczerinde A.D. idaresindeki 38 AHS 252 plakal\u0131 otomobil, s\u00fcr\u00fcc\u00fcs\u00fcn\u00fcn direksiyon hakimiyetini kaybetmesi sonucu su kanal\u0131na d\u00fc\u015ft\u00fc. Durumun bildirilmesi \u00fczerine polis, sa\u011fl\u0131k ve itfaiye ekipleri sevk edildi. \u0130tfaiye ekipleri taraf\u0131ndan s\u00fcr\u00fcc\u00fc [&hellip;]","og_url":"https:\/\/memurunsesi.net\/index.php\/2025\/07\/04\/kontrolden-cikan-otomobil-kanala-dustu-1-yarali\/","og_site_name":"Memurun Sesi","article_publisher":"https:\/\/www.facebook.com\/unipersen\/?locale=tr_TR","article_published_time":"2025-07-04T04:16:38+00:00","og_image":[{"width":2560,"height":1707,"url":"https:\/\/memurunsesi.net\/wp-content\/uploads\/2025\/07\/AW490022_01-scaled.jpg","type":"image\/jpeg"}],"author":"Memurun Sesi Haber Merkezi","twitter_card":"summary_large_image","twitter_creator":"@unipersen","twitter_site":"@unipersen","twitter_misc":{"Yazan:":"Memurun Sesi Haber Merkezi","Tahmini okuma s\u00fcresi":"1 dakika"},"schema":{"@context":"https:\/\/schema.org","@graph":[{"@type":"Article","@id":"https:\/\/memurunsesi.net\/index.php\/2025\/07\/04\/kontrolden-cikan-otomobil-kanala-dustu-1-yarali\/#article","isPartOf":{"@id":"https:\/\/memurunsesi.net\/index.php\/2025\/07\/04\/kontrolden-cikan-otomobil-kanala-dustu-1-yarali\/"},"author":{"name":"Memurun Sesi Haber Merkezi","@id":"https:\/\/memurunsesi.net\/#\/schema\/person\/f21c2d73b89f6ee1d80b0a1803e38587"},"headline":"Kontrolden \u00e7\u0131kan otomobil kanala d\u00fc\u015ft\u00fc: 1 yaral\u0131","datePublished":"2025-07-04T04:16:38+00:00","mainEntityOfPage":{"@id":"https:\/\/memurunsesi.net\/index.php\/2025\/07\/04\/kontrolden-cikan-otomobil-kanala-dustu-1-yarali\/"},"wordCount":133,"commentCount":0,"publisher":{"@id":"https:\/\/memurunsesi.net\/#organization"},"image":{"@id":"https:\/\/memurunsesi.net\/index.php\/2025\/07\/04\/kontrolden-cikan-otomobil-kanala-dustu-1-yarali\/#primaryimage"},"thumbnailUrl":"https:\/\/memurunsesi.net\/wp-content\/uploads\/2025\/07\/AW490022_01-scaled.jpg","inLanguage":"tr","potentialAction":[{"@type":"CommentAction","name":"Comment","target":["https:\/\/memurunsesi.net\/index.php\/2025\/07\/04\/kontrolden-cikan-otomobil-kanala-dustu-1-yarali\/#respond"]}]},{"@type":"WebPage","@id":"https:\/\/memurunsesi.net\/index.php\/2025\/07\/04\/kontrolden-cikan-otomobil-kanala-dustu-1-yarali\/","url":"https:\/\/memurunsesi.net\/index.php\/2025\/07\/04\/kontrolden-cikan-otomobil-kanala-dustu-1-yarali\/","name":"Kontrolden \u00e7\u0131kan otomobil kanala d\u00fc\u015ft\u00fc: 1 yaral\u0131 - Memurun Sesi","isPartOf":{"@id":"https:\/\/memurunsesi.net\/#website"},"primaryImageOfPage":{"@id":"https:\/\/memurunsesi.net\/index.php\/2025\/07\/04\/kontrolden-cikan-otomobil-kanala-dustu-1-yarali\/#primaryimage"},"image":{"@id":"https:\/\/memurunsesi.net\/index.php\/2025\/07\/04\/kontrolden-cikan-otomobil-kanala-dustu-1-yarali\/#primaryimage"},"thumbnailUrl":"https:\/\/memurunsesi.net\/wp-content\/uploads\/2025\/07\/AW490022_01-scaled.jpg","datePublished":"2025-07-04T04:16:38+00:00","breadcrumb":{"@id":"https:\/\/memurunsesi.net\/index.php\/2025\/07\/04\/kontrolden-cikan-otomobil-kanala-dustu-1-yarali\/#breadcrumb"},"inLanguage":"tr","potentialAction":[{"@type":"ReadAction","target":["https:\/\/memurunsesi.net\/index.php\/2025\/07\/04\/kontrolden-cikan-otomobil-kanala-dustu-1-yarali\/"]}]},{"@type":"ImageObject","inLanguage":"tr","@id":"https:\/\/memurunsesi.net\/index.php\/2025\/07\/04\/kontrolden-cikan-otomobil-kanala-dustu-1-yarali\/#primaryimage","url":"https:\/\/memurunsesi.net\/wp-content\/uploads\/2025\/07\/AW490022_01-scaled.jpg","contentUrl":"https:\/\/memurunsesi.net\/wp-content\/uploads\/2025\/07\/AW490022_01-scaled.jpg","width":2560,"height":1707,"caption":"KAYSER\u0130'N\u0130N MEL\u0130KGAZ\u0130 \u0130L\u00c7ES\u0130NDE OTOMOB\u0130L\u0130N SU KANALINA D\u00dc\u015eMES\u0130 SONUCU MEYDANA GELEN KAZADA 1 K\u0130\u015e\u0130 YARALANDI. (TURAN BULUT\/KAYSER\u0130-\u0130HA) Kayseri'nin Melikgazi il\u00e7esinde otomobilin su kanal\u0131na d\u00fc\u015fmesi sonucu meydana gelen kazada 1 ki\u015fi yaraland\u0131."},{"@type":"BreadcrumbList","@id":"https:\/\/memurunsesi.net\/index.php\/2025\/07\/04\/kontrolden-cikan-otomobil-kanala-dustu-1-yarali\/#breadcrumb","itemListElement":[{"@type":"ListItem","position":1,"name":"Anasayfa","item":"https:\/\/memurunsesi.net\/"},{"@type":"ListItem","position":2,"name":"Kontrolden \u00e7\u0131kan otomobil kanala d\u00fc\u015ft\u00fc: 1 yaral\u0131"}]},{"@type":"WebSite","@id":"https:\/\/memurunsesi.net\/#website","url":"https:\/\/memurunsesi.net\/","name":"Memurun Sesi","description":"G\u00fcncel ve Do\u011fru Haber","publisher":{"@id":"https:\/\/memurunsesi.net\/#organization"},"potentialAction":[{"@type":"SearchAction","target":{"@type":"EntryPoint","urlTemplate":"https:\/\/memurunsesi.net\/?s={search_term_string}"},"query-input":{"@type":"PropertyValueSpecification","valueRequired":true,"valueName":"search_term_string"}}],"inLanguage":"tr"},{"@type":"Organization","@id":"https:\/\/memurunsesi.net\/#organization","name":"Memurun Sesi","url":"https:\/\/memurunsesi.net\/","logo":{"@type":"ImageObject","inLanguage":"tr","@id":"https:\/\/memurunsesi.net\/#\/schema\/logo\/image\/","url":"https:\/\/memurunsesi.net\/wp-content\/uploads\/2025\/11\/cropped-MEMURUN-SESI.png","contentUrl":"https:\/\/memurunsesi.net\/wp-content\/uploads\/2025\/11\/cropped-MEMURUN-SESI.png","width":238,"height":57,"caption":"Memurun Sesi"},"image":{"@id":"https:\/\/memurunsesi.net\/#\/schema\/logo\/image\/"},"sameAs":["https:\/\/www.facebook.com\/unipersen\/?locale=tr_TR","https:\/\/x.com\/unipersen"]},{"@type":"Person","@id":"https:\/\/memurunsesi.net\/#\/schema\/person\/f21c2d73b89f6ee1d80b0a1803e38587","name":"Memurun Sesi Haber Merkezi","image":{"@type":"ImageObject","inLanguage":"tr","@id":"https:\/\/secure.gravatar.com\/avatar\/6cf0505f452ee753f485014986fab09a434671d2b919ee76fc541025c5876a70?s=96&d=mm&r=g","url":"https:\/\/secure.gravatar.com\/avatar\/6cf0505f452ee753f485014986fab09a434671d2b919ee76fc541025c5876a70?s=96&d=mm&r=g","contentUrl":"https:\/\/secure.gravatar.com\/avatar\/6cf0505f452ee753f485014986fab09a434671d2b919ee76fc541025c5876a70?s=96&d=mm&r=g","caption":"Memurun Sesi Haber Merkezi"},"sameAs":["https:\/\/memurunsesi.net"],"url":"https:\/\/memurunsesi.net\/index.php\/author\/uniper\/"}]}},"_links":{"self":[{"href":"https:\/\/memurunsesi.net\/index.php\/wp-json\/wp\/v2\/posts\/8921","targetHints":{"allow":["GET"]}}],"collection":[{"href":"https:\/\/memurunsesi.net\/index.php\/wp-json\/wp\/v2\/posts"}],"about":[{"href":"https:\/\/memurunsesi.net\/index.php\/wp-json\/wp\/v2\/types\/post"}],"author":[{"embeddable":true,"href":"https:\/\/memurunsesi.net\/index.php\/wp-json\/wp\/v2\/users\/1"}],"replies":[{"embeddable":true,"href":"https:\/\/memurunsesi.net\/index.php\/wp-json\/wp\/v2\/comments?post=8921"}],"version-history":[{"count":1,"href":"https:\/\/memurunsesi.net\/index.php\/wp-json\/wp\/v2\/posts\/8921\/revisions"}],"predecessor-version":[{"id":8923,"href":"https:\/\/memurunsesi.net\/index.php\/wp-json\/wp\/v2\/posts\/8921\/revisions\/8923"}],"wp:featuredmedia":[{"embeddable":true,"href":"https:\/\/memurunsesi.net\/index.php\/wp-json\/wp\/v2\/media\/8922"}],"wp:attachment":[{"href":"https:\/\/memurunsesi.net\/index.php\/wp-json\/wp\/v2\/media?parent=8921"}],"wp:term":[{"taxonomy":"category","embeddable":true,"href":"https:\/\/memurunsesi.net\/index.php\/wp-json\/wp\/v2\/categories?post=8921"},{"taxonomy":"post_tag","embeddable":true,"href":"https:\/\/memurunsesi.net\/index.php\/wp-json\/wp\/v2\/tags?post=8921"}],"curies":[{"name":"wp","href":"https:\/\/api.w.org\/{rel}","templated":true}]}}