{"id":8942,"date":"2025-07-05T07:43:44","date_gmt":"2025-07-05T04:43:44","guid":{"rendered":"https:\/\/memurunsesi.net\/?p=8942"},"modified":"2025-07-05T07:43:44","modified_gmt":"2025-07-05T04:43:44","slug":"hatayda-orman-yanginina-havadan-mudahale-yeniden-basladi","status":"publish","type":"post","link":"https:\/\/memurunsesi.net\/index.php\/2025\/07\/05\/hatayda-orman-yanginina-havadan-mudahale-yeniden-basladi\/","title":{"rendered":"Hatay\u2019da orman yang\u0131n\u0131na havadan m\u00fcdahale yeniden ba\u015flad\u0131"},"content":{"rendered":"<p>   Hatay\u2019\u0131n D\u00f6rtyol il\u00e7esinde d\u00fcn \u00e7\u0131kan orman yang\u0131n\u0131nda g\u00fcn\u00fcn ilk \u0131\u015f\u0131\u011f\u0131yla havadan m\u00fcdahale yeniden ba\u015flad\u0131.<br \/>\nD\u00f6rtyol il\u00e7esinde K\u0131rm\u0131z\u0131 Burun ile \u015eelale piknik alan\u0131 mevki aras\u0131nda bulunan ormanl\u0131k alanda d\u00fcn yang\u0131n \u00e7\u0131kt\u0131. Hava kararana kadar yang\u0131na havadan m\u00fcdahale edildi. Havan\u0131n kararmas\u0131yla havadan m\u00fcdahale sonland\u0131r\u0131ld\u0131. Gece boyunca Hatay B\u00fcy\u00fck\u015fehir Belediyesi \u0130tfaiye Daire Ba\u015fkanl\u0131\u011f\u0131 ile Orman \u0130\u015fletme M\u00fcd\u00fcrl\u00fc\u011f\u00fc ekipleri karadan yang\u0131n\u0131n b\u00fcy\u00fcmemesi i\u00e7in yo\u011fun \u00e7al\u0131\u015fma sarf etti. Sabah\u0131n ilk saatleriyle karadan m\u00fcdahalenin yan\u0131 s\u0131ra tekrardan helikopterlerle havadan m\u00fcdahale ba\u015flad\u0131.<br \/>\n  \u00d6te yandan, polis ve jandarma orman b\u00f6lgesine giden yollar\u0131na kapatarak yo\u011fun g\u00fcvenlik \u00f6nlemi ald\u0131. <\/p>\n<p>5.07.2025                                <\/p>\n","protected":false},"excerpt":{"rendered":"<p>Hatay\u2019\u0131n D\u00f6rtyol il\u00e7esinde d\u00fcn \u00e7\u0131kan orman yang\u0131n\u0131nda g\u00fcn\u00fcn ilk \u0131\u015f\u0131\u011f\u0131yla havadan m\u00fcdahale yeniden ba\u015flad\u0131. D\u00f6rtyol il\u00e7esinde K\u0131rm\u0131z\u0131 Burun ile \u015eelale piknik alan\u0131 mevki aras\u0131nda bulunan ormanl\u0131k alanda d\u00fcn yang\u0131n \u00e7\u0131kt\u0131. Hava kararana kadar yang\u0131na havadan m\u00fcdahale edildi. Havan\u0131n kararmas\u0131yla havadan m\u00fcdahale sonland\u0131r\u0131ld\u0131. Gece boyunca Hatay B\u00fcy\u00fck\u015fehir Belediyesi \u0130tfaiye Daire Ba\u015fkanl\u0131\u011f\u0131 ile Orman \u0130\u015fletme M\u00fcd\u00fcrl\u00fc\u011f\u00fc ekipleri [&hellip;]<\/p>\n","protected":false},"author":1,"featured_media":8943,"comment_status":"open","ping_status":"open","sticky":false,"template":"","format":"standard","meta":{"footnotes":""},"categories":[45],"tags":[],"class_list":["post-8942","post","type-post","status-publish","format-standard","has-post-thumbnail","hentry","category-gundem"],"yoast_head":"<!-- This site is optimized with the Yoast SEO plugin v27.4 - https:\/\/yoast.com\/product\/yoast-seo-wordpress\/ -->\n<title>Hatay\u2019da orman yang\u0131n\u0131na havadan m\u00fcdahale yeniden ba\u015flad\u0131 - Memurun Sesi<\/title>\n<meta name=\"robots\" content=\"index, follow, max-snippet:-1, max-image-preview:large, max-video-preview:-1\" \/>\n<link rel=\"canonical\" href=\"https:\/\/memurunsesi.net\/index.php\/2025\/07\/05\/hatayda-orman-yanginina-havadan-mudahale-yeniden-basladi\/\" \/>\n<meta property=\"og:locale\" content=\"tr_TR\" \/>\n<meta property=\"og:type\" content=\"article\" \/>\n<meta property=\"og:title\" content=\"Hatay\u2019da orman yang\u0131n\u0131na havadan m\u00fcdahale yeniden ba\u015flad\u0131 - Memurun Sesi\" \/>\n<meta property=\"og:description\" content=\"Hatay\u2019\u0131n D\u00f6rtyol il\u00e7esinde d\u00fcn \u00e7\u0131kan orman yang\u0131n\u0131nda g\u00fcn\u00fcn ilk \u0131\u015f\u0131\u011f\u0131yla havadan m\u00fcdahale yeniden ba\u015flad\u0131. D\u00f6rtyol il\u00e7esinde K\u0131rm\u0131z\u0131 Burun ile \u015eelale piknik alan\u0131 mevki aras\u0131nda bulunan ormanl\u0131k alanda d\u00fcn yang\u0131n \u00e7\u0131kt\u0131. Hava kararana kadar yang\u0131na havadan m\u00fcdahale edildi. Havan\u0131n kararmas\u0131yla havadan m\u00fcdahale sonland\u0131r\u0131ld\u0131. Gece boyunca Hatay B\u00fcy\u00fck\u015fehir Belediyesi \u0130tfaiye Daire Ba\u015fkanl\u0131\u011f\u0131 ile Orman \u0130\u015fletme M\u00fcd\u00fcrl\u00fc\u011f\u00fc ekipleri [&hellip;]\" \/>\n<meta property=\"og:url\" content=\"https:\/\/memurunsesi.net\/index.php\/2025\/07\/05\/hatayda-orman-yanginina-havadan-mudahale-yeniden-basladi\/\" \/>\n<meta property=\"og:site_name\" content=\"Memurun Sesi\" \/>\n<meta property=\"article:publisher\" content=\"https:\/\/www.facebook.com\/unipersen\/?locale=tr_TR\" \/>\n<meta property=\"article:published_time\" content=\"2025-07-05T04:43:44+00:00\" \/>\n<meta property=\"og:image\" content=\"https:\/\/memurunsesi.net\/wp-content\/uploads\/2025\/07\/AW490803_01-scaled.jpg\" \/>\n\t<meta property=\"og:image:width\" content=\"2560\" \/>\n\t<meta property=\"og:image:height\" content=\"1707\" \/>\n\t<meta property=\"og:image:type\" content=\"image\/jpeg\" \/>\n<meta name=\"author\" content=\"Memurun Sesi Haber Merkezi\" \/>\n<meta name=\"twitter:card\" content=\"summary_large_image\" \/>\n<meta name=\"twitter:creator\" content=\"@unipersen\" \/>\n<meta name=\"twitter:site\" content=\"@unipersen\" \/>\n<meta name=\"twitter:label1\" content=\"Yazan:\" \/>\n\t<meta name=\"twitter:data1\" content=\"Memurun Sesi Haber Merkezi\" \/>\n\t<meta name=\"twitter:label2\" content=\"Tahmini okuma s\u00fcresi\" \/>\n\t<meta name=\"twitter:data2\" content=\"1 dakika\" \/>\n<script type=\"application\/ld+json\" class=\"yoast-schema-graph\">{\"@context\":\"https:\\\/\\\/schema.org\",\"@graph\":[{\"@type\":\"Article\",\"@id\":\"https:\\\/\\\/memurunsesi.net\\\/index.php\\\/2025\\\/07\\\/05\\\/hatayda-orman-yanginina-havadan-mudahale-yeniden-basladi\\\/#article\",\"isPartOf\":{\"@id\":\"https:\\\/\\\/memurunsesi.net\\\/index.php\\\/2025\\\/07\\\/05\\\/hatayda-orman-yanginina-havadan-mudahale-yeniden-basladi\\\/\"},\"author\":{\"name\":\"Memurun Sesi Haber Merkezi\",\"@id\":\"https:\\\/\\\/memurunsesi.net\\\/#\\\/schema\\\/person\\\/f21c2d73b89f6ee1d80b0a1803e38587\"},\"headline\":\"Hatay\u2019da orman yang\u0131n\u0131na havadan m\u00fcdahale yeniden ba\u015flad\u0131\",\"datePublished\":\"2025-07-05T04:43:44+00:00\",\"mainEntityOfPage\":{\"@id\":\"https:\\\/\\\/memurunsesi.net\\\/index.php\\\/2025\\\/07\\\/05\\\/hatayda-orman-yanginina-havadan-mudahale-yeniden-basladi\\\/\"},\"wordCount\":148,\"commentCount\":0,\"publisher\":{\"@id\":\"https:\\\/\\\/memurunsesi.net\\\/#organization\"},\"image\":{\"@id\":\"https:\\\/\\\/memurunsesi.net\\\/index.php\\\/2025\\\/07\\\/05\\\/hatayda-orman-yanginina-havadan-mudahale-yeniden-basladi\\\/#primaryimage\"},\"thumbnailUrl\":\"https:\\\/\\\/memurunsesi.net\\\/wp-content\\\/uploads\\\/2025\\\/07\\\/AW490803_01-scaled.jpg\",\"articleSection\":[\"G\u00fcndem\"],\"inLanguage\":\"tr\",\"potentialAction\":[{\"@type\":\"CommentAction\",\"name\":\"Comment\",\"target\":[\"https:\\\/\\\/memurunsesi.net\\\/index.php\\\/2025\\\/07\\\/05\\\/hatayda-orman-yanginina-havadan-mudahale-yeniden-basladi\\\/#respond\"]}]},{\"@type\":\"WebPage\",\"@id\":\"https:\\\/\\\/memurunsesi.net\\\/index.php\\\/2025\\\/07\\\/05\\\/hatayda-orman-yanginina-havadan-mudahale-yeniden-basladi\\\/\",\"url\":\"https:\\\/\\\/memurunsesi.net\\\/index.php\\\/2025\\\/07\\\/05\\\/hatayda-orman-yanginina-havadan-mudahale-yeniden-basladi\\\/\",\"name\":\"Hatay\u2019da orman yang\u0131n\u0131na havadan m\u00fcdahale yeniden ba\u015flad\u0131 - Memurun Sesi\",\"isPartOf\":{\"@id\":\"https:\\\/\\\/memurunsesi.net\\\/#website\"},\"primaryImageOfPage\":{\"@id\":\"https:\\\/\\\/memurunsesi.net\\\/index.php\\\/2025\\\/07\\\/05\\\/hatayda-orman-yanginina-havadan-mudahale-yeniden-basladi\\\/#primaryimage\"},\"image\":{\"@id\":\"https:\\\/\\\/memurunsesi.net\\\/index.php\\\/2025\\\/07\\\/05\\\/hatayda-orman-yanginina-havadan-mudahale-yeniden-basladi\\\/#primaryimage\"},\"thumbnailUrl\":\"https:\\\/\\\/memurunsesi.net\\\/wp-content\\\/uploads\\\/2025\\\/07\\\/AW490803_01-scaled.jpg\",\"datePublished\":\"2025-07-05T04:43:44+00:00\",\"breadcrumb\":{\"@id\":\"https:\\\/\\\/memurunsesi.net\\\/index.php\\\/2025\\\/07\\\/05\\\/hatayda-orman-yanginina-havadan-mudahale-yeniden-basladi\\\/#breadcrumb\"},\"inLanguage\":\"tr\",\"potentialAction\":[{\"@type\":\"ReadAction\",\"target\":[\"https:\\\/\\\/memurunsesi.net\\\/index.php\\\/2025\\\/07\\\/05\\\/hatayda-orman-yanginina-havadan-mudahale-yeniden-basladi\\\/\"]}]},{\"@type\":\"ImageObject\",\"inLanguage\":\"tr\",\"@id\":\"https:\\\/\\\/memurunsesi.net\\\/index.php\\\/2025\\\/07\\\/05\\\/hatayda-orman-yanginina-havadan-mudahale-yeniden-basladi\\\/#primaryimage\",\"url\":\"https:\\\/\\\/memurunsesi.net\\\/wp-content\\\/uploads\\\/2025\\\/07\\\/AW490803_01-scaled.jpg\",\"contentUrl\":\"https:\\\/\\\/memurunsesi.net\\\/wp-content\\\/uploads\\\/2025\\\/07\\\/AW490803_01-scaled.jpg\",\"width\":2560,\"height\":1707,\"caption\":\"HATAY'IN D\u00d6RTYOL \u0130L\u00c7ES\u0130NDE D\u00dcN \u00c7IKAN ORMAN YANGININDA SABAHIN \u0130LK SAATLER\u0130NDE HAVADAN M\u00dcDAHALE YEN\u0130DEN BA\u015eLADI. (S\u00dcLEYMAN CENK \u0130DAYE\\\/HATAY-\u0130HA) Hatay'\u0131n D\u00f6rtyol il\u00e7esinde d\u00fcn \u00e7\u0131kan orman yang\u0131n\u0131nda g\u00fcn\u00fcn ilk \u0131\u015f\u0131\u011f\u0131yla havadan m\u00fcdahale yeniden ba\u015flad\u0131.\"},{\"@type\":\"BreadcrumbList\",\"@id\":\"https:\\\/\\\/memurunsesi.net\\\/index.php\\\/2025\\\/07\\\/05\\\/hatayda-orman-yanginina-havadan-mudahale-yeniden-basladi\\\/#breadcrumb\",\"itemListElement\":[{\"@type\":\"ListItem\",\"position\":1,\"name\":\"Anasayfa\",\"item\":\"https:\\\/\\\/memurunsesi.net\\\/\"},{\"@type\":\"ListItem\",\"position\":2,\"name\":\"Hatay\u2019da orman yang\u0131n\u0131na havadan m\u00fcdahale yeniden ba\u015flad\u0131\"}]},{\"@type\":\"WebSite\",\"@id\":\"https:\\\/\\\/memurunsesi.net\\\/#website\",\"url\":\"https:\\\/\\\/memurunsesi.net\\\/\",\"name\":\"Memurun Sesi\",\"description\":\"G\u00fcncel ve Do\u011fru Haber\",\"publisher\":{\"@id\":\"https:\\\/\\\/memurunsesi.net\\\/#organization\"},\"potentialAction\":[{\"@type\":\"SearchAction\",\"target\":{\"@type\":\"EntryPoint\",\"urlTemplate\":\"https:\\\/\\\/memurunsesi.net\\\/?s={search_term_string}\"},\"query-input\":{\"@type\":\"PropertyValueSpecification\",\"valueRequired\":true,\"valueName\":\"search_term_string\"}}],\"inLanguage\":\"tr\"},{\"@type\":\"Organization\",\"@id\":\"https:\\\/\\\/memurunsesi.net\\\/#organization\",\"name\":\"Memurun Sesi\",\"url\":\"https:\\\/\\\/memurunsesi.net\\\/\",\"logo\":{\"@type\":\"ImageObject\",\"inLanguage\":\"tr\",\"@id\":\"https:\\\/\\\/memurunsesi.net\\\/#\\\/schema\\\/logo\\\/image\\\/\",\"url\":\"https:\\\/\\\/memurunsesi.net\\\/wp-content\\\/uploads\\\/2025\\\/11\\\/cropped-MEMURUN-SESI.png\",\"contentUrl\":\"https:\\\/\\\/memurunsesi.net\\\/wp-content\\\/uploads\\\/2025\\\/11\\\/cropped-MEMURUN-SESI.png\",\"width\":238,\"height\":57,\"caption\":\"Memurun Sesi\"},\"image\":{\"@id\":\"https:\\\/\\\/memurunsesi.net\\\/#\\\/schema\\\/logo\\\/image\\\/\"},\"sameAs\":[\"https:\\\/\\\/www.facebook.com\\\/unipersen\\\/?locale=tr_TR\",\"https:\\\/\\\/x.com\\\/unipersen\"]},{\"@type\":\"Person\",\"@id\":\"https:\\\/\\\/memurunsesi.net\\\/#\\\/schema\\\/person\\\/f21c2d73b89f6ee1d80b0a1803e38587\",\"name\":\"Memurun Sesi Haber Merkezi\",\"image\":{\"@type\":\"ImageObject\",\"inLanguage\":\"tr\",\"@id\":\"https:\\\/\\\/secure.gravatar.com\\\/avatar\\\/6cf0505f452ee753f485014986fab09a434671d2b919ee76fc541025c5876a70?s=96&d=mm&r=g\",\"url\":\"https:\\\/\\\/secure.gravatar.com\\\/avatar\\\/6cf0505f452ee753f485014986fab09a434671d2b919ee76fc541025c5876a70?s=96&d=mm&r=g\",\"contentUrl\":\"https:\\\/\\\/secure.gravatar.com\\\/avatar\\\/6cf0505f452ee753f485014986fab09a434671d2b919ee76fc541025c5876a70?s=96&d=mm&r=g\",\"caption\":\"Memurun Sesi Haber Merkezi\"},\"sameAs\":[\"https:\\\/\\\/memurunsesi.net\"],\"url\":\"https:\\\/\\\/memurunsesi.net\\\/index.php\\\/author\\\/uniper\\\/\"}]}<\/script>\n<!-- \/ Yoast SEO plugin. -->","yoast_head_json":{"title":"Hatay\u2019da orman yang\u0131n\u0131na havadan m\u00fcdahale yeniden ba\u015flad\u0131 - Memurun Sesi","robots":{"index":"index","follow":"follow","max-snippet":"max-snippet:-1","max-image-preview":"max-image-preview:large","max-video-preview":"max-video-preview:-1"},"canonical":"https:\/\/memurunsesi.net\/index.php\/2025\/07\/05\/hatayda-orman-yanginina-havadan-mudahale-yeniden-basladi\/","og_locale":"tr_TR","og_type":"article","og_title":"Hatay\u2019da orman yang\u0131n\u0131na havadan m\u00fcdahale yeniden ba\u015flad\u0131 - Memurun Sesi","og_description":"Hatay\u2019\u0131n D\u00f6rtyol il\u00e7esinde d\u00fcn \u00e7\u0131kan orman yang\u0131n\u0131nda g\u00fcn\u00fcn ilk \u0131\u015f\u0131\u011f\u0131yla havadan m\u00fcdahale yeniden ba\u015flad\u0131. D\u00f6rtyol il\u00e7esinde K\u0131rm\u0131z\u0131 Burun ile \u015eelale piknik alan\u0131 mevki aras\u0131nda bulunan ormanl\u0131k alanda d\u00fcn yang\u0131n \u00e7\u0131kt\u0131. Hava kararana kadar yang\u0131na havadan m\u00fcdahale edildi. Havan\u0131n kararmas\u0131yla havadan m\u00fcdahale sonland\u0131r\u0131ld\u0131. Gece boyunca Hatay B\u00fcy\u00fck\u015fehir Belediyesi \u0130tfaiye Daire Ba\u015fkanl\u0131\u011f\u0131 ile Orman \u0130\u015fletme M\u00fcd\u00fcrl\u00fc\u011f\u00fc ekipleri [&hellip;]","og_url":"https:\/\/memurunsesi.net\/index.php\/2025\/07\/05\/hatayda-orman-yanginina-havadan-mudahale-yeniden-basladi\/","og_site_name":"Memurun Sesi","article_publisher":"https:\/\/www.facebook.com\/unipersen\/?locale=tr_TR","article_published_time":"2025-07-05T04:43:44+00:00","og_image":[{"width":2560,"height":1707,"url":"https:\/\/memurunsesi.net\/wp-content\/uploads\/2025\/07\/AW490803_01-scaled.jpg","type":"image\/jpeg"}],"author":"Memurun Sesi Haber Merkezi","twitter_card":"summary_large_image","twitter_creator":"@unipersen","twitter_site":"@unipersen","twitter_misc":{"Yazan:":"Memurun Sesi Haber Merkezi","Tahmini okuma s\u00fcresi":"1 dakika"},"schema":{"@context":"https:\/\/schema.org","@graph":[{"@type":"Article","@id":"https:\/\/memurunsesi.net\/index.php\/2025\/07\/05\/hatayda-orman-yanginina-havadan-mudahale-yeniden-basladi\/#article","isPartOf":{"@id":"https:\/\/memurunsesi.net\/index.php\/2025\/07\/05\/hatayda-orman-yanginina-havadan-mudahale-yeniden-basladi\/"},"author":{"name":"Memurun Sesi Haber Merkezi","@id":"https:\/\/memurunsesi.net\/#\/schema\/person\/f21c2d73b89f6ee1d80b0a1803e38587"},"headline":"Hatay\u2019da orman yang\u0131n\u0131na havadan m\u00fcdahale yeniden ba\u015flad\u0131","datePublished":"2025-07-05T04:43:44+00:00","mainEntityOfPage":{"@id":"https:\/\/memurunsesi.net\/index.php\/2025\/07\/05\/hatayda-orman-yanginina-havadan-mudahale-yeniden-basladi\/"},"wordCount":148,"commentCount":0,"publisher":{"@id":"https:\/\/memurunsesi.net\/#organization"},"image":{"@id":"https:\/\/memurunsesi.net\/index.php\/2025\/07\/05\/hatayda-orman-yanginina-havadan-mudahale-yeniden-basladi\/#primaryimage"},"thumbnailUrl":"https:\/\/memurunsesi.net\/wp-content\/uploads\/2025\/07\/AW490803_01-scaled.jpg","articleSection":["G\u00fcndem"],"inLanguage":"tr","potentialAction":[{"@type":"CommentAction","name":"Comment","target":["https:\/\/memurunsesi.net\/index.php\/2025\/07\/05\/hatayda-orman-yanginina-havadan-mudahale-yeniden-basladi\/#respond"]}]},{"@type":"WebPage","@id":"https:\/\/memurunsesi.net\/index.php\/2025\/07\/05\/hatayda-orman-yanginina-havadan-mudahale-yeniden-basladi\/","url":"https:\/\/memurunsesi.net\/index.php\/2025\/07\/05\/hatayda-orman-yanginina-havadan-mudahale-yeniden-basladi\/","name":"Hatay\u2019da orman yang\u0131n\u0131na havadan m\u00fcdahale yeniden ba\u015flad\u0131 - Memurun Sesi","isPartOf":{"@id":"https:\/\/memurunsesi.net\/#website"},"primaryImageOfPage":{"@id":"https:\/\/memurunsesi.net\/index.php\/2025\/07\/05\/hatayda-orman-yanginina-havadan-mudahale-yeniden-basladi\/#primaryimage"},"image":{"@id":"https:\/\/memurunsesi.net\/index.php\/2025\/07\/05\/hatayda-orman-yanginina-havadan-mudahale-yeniden-basladi\/#primaryimage"},"thumbnailUrl":"https:\/\/memurunsesi.net\/wp-content\/uploads\/2025\/07\/AW490803_01-scaled.jpg","datePublished":"2025-07-05T04:43:44+00:00","breadcrumb":{"@id":"https:\/\/memurunsesi.net\/index.php\/2025\/07\/05\/hatayda-orman-yanginina-havadan-mudahale-yeniden-basladi\/#breadcrumb"},"inLanguage":"tr","potentialAction":[{"@type":"ReadAction","target":["https:\/\/memurunsesi.net\/index.php\/2025\/07\/05\/hatayda-orman-yanginina-havadan-mudahale-yeniden-basladi\/"]}]},{"@type":"ImageObject","inLanguage":"tr","@id":"https:\/\/memurunsesi.net\/index.php\/2025\/07\/05\/hatayda-orman-yanginina-havadan-mudahale-yeniden-basladi\/#primaryimage","url":"https:\/\/memurunsesi.net\/wp-content\/uploads\/2025\/07\/AW490803_01-scaled.jpg","contentUrl":"https:\/\/memurunsesi.net\/wp-content\/uploads\/2025\/07\/AW490803_01-scaled.jpg","width":2560,"height":1707,"caption":"HATAY'IN D\u00d6RTYOL \u0130L\u00c7ES\u0130NDE D\u00dcN \u00c7IKAN ORMAN YANGININDA SABAHIN \u0130LK SAATLER\u0130NDE HAVADAN M\u00dcDAHALE YEN\u0130DEN BA\u015eLADI. (S\u00dcLEYMAN CENK \u0130DAYE\/HATAY-\u0130HA) Hatay'\u0131n D\u00f6rtyol il\u00e7esinde d\u00fcn \u00e7\u0131kan orman yang\u0131n\u0131nda g\u00fcn\u00fcn ilk \u0131\u015f\u0131\u011f\u0131yla havadan m\u00fcdahale yeniden ba\u015flad\u0131."},{"@type":"BreadcrumbList","@id":"https:\/\/memurunsesi.net\/index.php\/2025\/07\/05\/hatayda-orman-yanginina-havadan-mudahale-yeniden-basladi\/#breadcrumb","itemListElement":[{"@type":"ListItem","position":1,"name":"Anasayfa","item":"https:\/\/memurunsesi.net\/"},{"@type":"ListItem","position":2,"name":"Hatay\u2019da orman yang\u0131n\u0131na havadan m\u00fcdahale yeniden ba\u015flad\u0131"}]},{"@type":"WebSite","@id":"https:\/\/memurunsesi.net\/#website","url":"https:\/\/memurunsesi.net\/","name":"Memurun Sesi","description":"G\u00fcncel ve Do\u011fru Haber","publisher":{"@id":"https:\/\/memurunsesi.net\/#organization"},"potentialAction":[{"@type":"SearchAction","target":{"@type":"EntryPoint","urlTemplate":"https:\/\/memurunsesi.net\/?s={search_term_string}"},"query-input":{"@type":"PropertyValueSpecification","valueRequired":true,"valueName":"search_term_string"}}],"inLanguage":"tr"},{"@type":"Organization","@id":"https:\/\/memurunsesi.net\/#organization","name":"Memurun Sesi","url":"https:\/\/memurunsesi.net\/","logo":{"@type":"ImageObject","inLanguage":"tr","@id":"https:\/\/memurunsesi.net\/#\/schema\/logo\/image\/","url":"https:\/\/memurunsesi.net\/wp-content\/uploads\/2025\/11\/cropped-MEMURUN-SESI.png","contentUrl":"https:\/\/memurunsesi.net\/wp-content\/uploads\/2025\/11\/cropped-MEMURUN-SESI.png","width":238,"height":57,"caption":"Memurun Sesi"},"image":{"@id":"https:\/\/memurunsesi.net\/#\/schema\/logo\/image\/"},"sameAs":["https:\/\/www.facebook.com\/unipersen\/?locale=tr_TR","https:\/\/x.com\/unipersen"]},{"@type":"Person","@id":"https:\/\/memurunsesi.net\/#\/schema\/person\/f21c2d73b89f6ee1d80b0a1803e38587","name":"Memurun Sesi Haber Merkezi","image":{"@type":"ImageObject","inLanguage":"tr","@id":"https:\/\/secure.gravatar.com\/avatar\/6cf0505f452ee753f485014986fab09a434671d2b919ee76fc541025c5876a70?s=96&d=mm&r=g","url":"https:\/\/secure.gravatar.com\/avatar\/6cf0505f452ee753f485014986fab09a434671d2b919ee76fc541025c5876a70?s=96&d=mm&r=g","contentUrl":"https:\/\/secure.gravatar.com\/avatar\/6cf0505f452ee753f485014986fab09a434671d2b919ee76fc541025c5876a70?s=96&d=mm&r=g","caption":"Memurun Sesi Haber Merkezi"},"sameAs":["https:\/\/memurunsesi.net"],"url":"https:\/\/memurunsesi.net\/index.php\/author\/uniper\/"}]}},"_links":{"self":[{"href":"https:\/\/memurunsesi.net\/index.php\/wp-json\/wp\/v2\/posts\/8942","targetHints":{"allow":["GET"]}}],"collection":[{"href":"https:\/\/memurunsesi.net\/index.php\/wp-json\/wp\/v2\/posts"}],"about":[{"href":"https:\/\/memurunsesi.net\/index.php\/wp-json\/wp\/v2\/types\/post"}],"author":[{"embeddable":true,"href":"https:\/\/memurunsesi.net\/index.php\/wp-json\/wp\/v2\/users\/1"}],"replies":[{"embeddable":true,"href":"https:\/\/memurunsesi.net\/index.php\/wp-json\/wp\/v2\/comments?post=8942"}],"version-history":[{"count":1,"href":"https:\/\/memurunsesi.net\/index.php\/wp-json\/wp\/v2\/posts\/8942\/revisions"}],"predecessor-version":[{"id":8944,"href":"https:\/\/memurunsesi.net\/index.php\/wp-json\/wp\/v2\/posts\/8942\/revisions\/8944"}],"wp:featuredmedia":[{"embeddable":true,"href":"https:\/\/memurunsesi.net\/index.php\/wp-json\/wp\/v2\/media\/8943"}],"wp:attachment":[{"href":"https:\/\/memurunsesi.net\/index.php\/wp-json\/wp\/v2\/media?parent=8942"}],"wp:term":[{"taxonomy":"category","embeddable":true,"href":"https:\/\/memurunsesi.net\/index.php\/wp-json\/wp\/v2\/categories?post=8942"},{"taxonomy":"post_tag","embeddable":true,"href":"https:\/\/memurunsesi.net\/index.php\/wp-json\/wp\/v2\/tags?post=8942"}],"curies":[{"name":"wp","href":"https:\/\/api.w.org\/{rel}","templated":true}]}}