{"id":8951,"date":"2025-07-05T07:49:34","date_gmt":"2025-07-05T04:49:34","guid":{"rendered":"https:\/\/memurunsesi.net\/?p=8951"},"modified":"2025-07-05T07:49:34","modified_gmt":"2025-07-05T04:49:34","slug":"su-dinamosunu-tamir-icin-girdigi-nehirde-elektrik-akimina-kapilan-adam-hayatini-kaybetti","status":"publish","type":"post","link":"https:\/\/memurunsesi.net\/index.php\/2025\/07\/05\/su-dinamosunu-tamir-icin-girdigi-nehirde-elektrik-akimina-kapilan-adam-hayatini-kaybetti\/","title":{"rendered":"Su dinamosunu tamir i\u00e7in girdi\u011fi nehirde elektrik ak\u0131m\u0131na kap\u0131lan adam hayat\u0131n\u0131 kaybetti"},"content":{"rendered":"<p>  \u015eanl\u0131urfa&#8217;n\u0131n Birecik il\u00e7esinde, su dinamosu tamir i\u00e7in girdi\u011fi F\u0131rat Nehri&#8217;nde, elektrik ak\u0131m\u0131na kap\u0131lan ve a\u011f\u0131r yaralanan adam hayat\u0131n\u0131 kaybetti.<br \/>\n  Edinilen bilgiye g\u00f6re olay, Birecik il\u00e7esine ba\u011fl\u0131 Surtepe Mahallesi&#8217;nde meydana geldi. Yusuf \u00c7emberlita\u015f (35), tar\u0131m sulamas\u0131nda kullan\u0131lan su dinamosunu tamir etmek i\u00e7in F\u0131rat Nehri&#8217;ne girerek ar\u0131zay\u0131 gidermeye \u00e7al\u0131\u015ft\u0131. Bu s\u0131rada elektrik \u00e7arpmas\u0131 sonucu a\u011f\u0131r yaraland\u0131. \u00c7evredekilerin ihbar\u0131 \u00fczerine olay yerine sa\u011fl\u0131k, jandarma ve itfaiye ekipleri sevk edildi. Nehirden \u00e7\u0131kar\u0131lan a\u011f\u0131r yaral\u0131 adam sedye ile ambulansa ta\u015f\u0131narak Birecik Devlet Hastanesi&#8217;ne kald\u0131r\u0131ld\u0131. \u00c7emberlita\u015f, burada doktorlar\u0131n m\u00fcdahalesine ra\u011fmen kurtar\u0131lamayarak hayat\u0131n\u0131 kaybetti. Cenaze, otopsi i\u015flemleri i\u00e7in \u015eanl\u0131urfa Adli T\u0131p Kurumu Morgu&#8217;na kald\u0131r\u0131ld\u0131.<br \/>\n  Olayla ilgili soru\u015fturma s\u00fcr\u00fcyor. <\/p>\n<p>5.07.2025                               <\/p>\n","protected":false},"excerpt":{"rendered":"<p>\u015eanl\u0131urfa&#8217;n\u0131n Birecik il\u00e7esinde, su dinamosu tamir i\u00e7in girdi\u011fi F\u0131rat Nehri&#8217;nde, elektrik ak\u0131m\u0131na kap\u0131lan ve a\u011f\u0131r yaralanan adam hayat\u0131n\u0131 kaybetti. Edinilen bilgiye g\u00f6re olay, Birecik il\u00e7esine ba\u011fl\u0131 Surtepe Mahallesi&#8217;nde meydana geldi. Yusuf \u00c7emberlita\u015f (35), tar\u0131m sulamas\u0131nda kullan\u0131lan su dinamosunu tamir etmek i\u00e7in F\u0131rat Nehri&#8217;ne girerek ar\u0131zay\u0131 gidermeye \u00e7al\u0131\u015ft\u0131. Bu s\u0131rada elektrik \u00e7arpmas\u0131 sonucu a\u011f\u0131r yaraland\u0131. \u00c7evredekilerin [&hellip;]<\/p>\n","protected":false},"author":1,"featured_media":8952,"comment_status":"open","ping_status":"open","sticky":false,"template":"","format":"standard","meta":{"footnotes":""},"categories":[1],"tags":[],"class_list":["post-8951","post","type-post","status-publish","format-standard","has-post-thumbnail","hentry","category-genel"],"yoast_head":"<!-- This site is optimized with the Yoast SEO plugin v27.4 - https:\/\/yoast.com\/product\/yoast-seo-wordpress\/ -->\n<title>Su dinamosunu tamir i\u00e7in girdi\u011fi nehirde elektrik ak\u0131m\u0131na kap\u0131lan adam hayat\u0131n\u0131 kaybetti - Memurun Sesi<\/title>\n<meta name=\"robots\" content=\"index, follow, max-snippet:-1, max-image-preview:large, max-video-preview:-1\" \/>\n<link rel=\"canonical\" href=\"https:\/\/memurunsesi.net\/index.php\/2025\/07\/05\/su-dinamosunu-tamir-icin-girdigi-nehirde-elektrik-akimina-kapilan-adam-hayatini-kaybetti\/\" \/>\n<meta property=\"og:locale\" content=\"tr_TR\" \/>\n<meta property=\"og:type\" content=\"article\" \/>\n<meta property=\"og:title\" content=\"Su dinamosunu tamir i\u00e7in girdi\u011fi nehirde elektrik ak\u0131m\u0131na kap\u0131lan adam hayat\u0131n\u0131 kaybetti - Memurun Sesi\" \/>\n<meta property=\"og:description\" content=\"\u015eanl\u0131urfa&#8217;n\u0131n Birecik il\u00e7esinde, su dinamosu tamir i\u00e7in girdi\u011fi F\u0131rat Nehri&#8217;nde, elektrik ak\u0131m\u0131na kap\u0131lan ve a\u011f\u0131r yaralanan adam hayat\u0131n\u0131 kaybetti. Edinilen bilgiye g\u00f6re olay, Birecik il\u00e7esine ba\u011fl\u0131 Surtepe Mahallesi&#8217;nde meydana geldi. Yusuf \u00c7emberlita\u015f (35), tar\u0131m sulamas\u0131nda kullan\u0131lan su dinamosunu tamir etmek i\u00e7in F\u0131rat Nehri&#8217;ne girerek ar\u0131zay\u0131 gidermeye \u00e7al\u0131\u015ft\u0131. Bu s\u0131rada elektrik \u00e7arpmas\u0131 sonucu a\u011f\u0131r yaraland\u0131. \u00c7evredekilerin [&hellip;]\" \/>\n<meta property=\"og:url\" content=\"https:\/\/memurunsesi.net\/index.php\/2025\/07\/05\/su-dinamosunu-tamir-icin-girdigi-nehirde-elektrik-akimina-kapilan-adam-hayatini-kaybetti\/\" \/>\n<meta property=\"og:site_name\" content=\"Memurun Sesi\" \/>\n<meta property=\"article:publisher\" content=\"https:\/\/www.facebook.com\/unipersen\/?locale=tr_TR\" \/>\n<meta property=\"article:published_time\" content=\"2025-07-05T04:49:34+00:00\" \/>\n<meta property=\"og:image\" content=\"https:\/\/memurunsesi.net\/wp-content\/uploads\/2025\/07\/AW490786_03.jpg\" \/>\n\t<meta property=\"og:image:width\" content=\"720\" \/>\n\t<meta property=\"og:image:height\" content=\"980\" \/>\n\t<meta property=\"og:image:type\" content=\"image\/jpeg\" \/>\n<meta name=\"author\" content=\"Memurun Sesi Haber Merkezi\" \/>\n<meta name=\"twitter:card\" content=\"summary_large_image\" \/>\n<meta name=\"twitter:creator\" content=\"@unipersen\" \/>\n<meta name=\"twitter:site\" content=\"@unipersen\" \/>\n<meta name=\"twitter:label1\" content=\"Yazan:\" \/>\n\t<meta name=\"twitter:data1\" content=\"Memurun Sesi Haber Merkezi\" \/>\n\t<meta name=\"twitter:label2\" content=\"Tahmini okuma s\u00fcresi\" \/>\n\t<meta name=\"twitter:data2\" content=\"1 dakika\" \/>\n<script type=\"application\/ld+json\" class=\"yoast-schema-graph\">{\"@context\":\"https:\\\/\\\/schema.org\",\"@graph\":[{\"@type\":\"Article\",\"@id\":\"https:\\\/\\\/memurunsesi.net\\\/index.php\\\/2025\\\/07\\\/05\\\/su-dinamosunu-tamir-icin-girdigi-nehirde-elektrik-akimina-kapilan-adam-hayatini-kaybetti\\\/#article\",\"isPartOf\":{\"@id\":\"https:\\\/\\\/memurunsesi.net\\\/index.php\\\/2025\\\/07\\\/05\\\/su-dinamosunu-tamir-icin-girdigi-nehirde-elektrik-akimina-kapilan-adam-hayatini-kaybetti\\\/\"},\"author\":{\"name\":\"Memurun Sesi Haber Merkezi\",\"@id\":\"https:\\\/\\\/memurunsesi.net\\\/#\\\/schema\\\/person\\\/f21c2d73b89f6ee1d80b0a1803e38587\"},\"headline\":\"Su dinamosunu tamir i\u00e7in girdi\u011fi nehirde elektrik ak\u0131m\u0131na kap\u0131lan adam hayat\u0131n\u0131 kaybetti\",\"datePublished\":\"2025-07-05T04:49:34+00:00\",\"mainEntityOfPage\":{\"@id\":\"https:\\\/\\\/memurunsesi.net\\\/index.php\\\/2025\\\/07\\\/05\\\/su-dinamosunu-tamir-icin-girdigi-nehirde-elektrik-akimina-kapilan-adam-hayatini-kaybetti\\\/\"},\"wordCount\":168,\"commentCount\":0,\"publisher\":{\"@id\":\"https:\\\/\\\/memurunsesi.net\\\/#organization\"},\"image\":{\"@id\":\"https:\\\/\\\/memurunsesi.net\\\/index.php\\\/2025\\\/07\\\/05\\\/su-dinamosunu-tamir-icin-girdigi-nehirde-elektrik-akimina-kapilan-adam-hayatini-kaybetti\\\/#primaryimage\"},\"thumbnailUrl\":\"https:\\\/\\\/memurunsesi.net\\\/wp-content\\\/uploads\\\/2025\\\/07\\\/AW490786_03.jpg\",\"inLanguage\":\"tr\",\"potentialAction\":[{\"@type\":\"CommentAction\",\"name\":\"Comment\",\"target\":[\"https:\\\/\\\/memurunsesi.net\\\/index.php\\\/2025\\\/07\\\/05\\\/su-dinamosunu-tamir-icin-girdigi-nehirde-elektrik-akimina-kapilan-adam-hayatini-kaybetti\\\/#respond\"]}]},{\"@type\":\"WebPage\",\"@id\":\"https:\\\/\\\/memurunsesi.net\\\/index.php\\\/2025\\\/07\\\/05\\\/su-dinamosunu-tamir-icin-girdigi-nehirde-elektrik-akimina-kapilan-adam-hayatini-kaybetti\\\/\",\"url\":\"https:\\\/\\\/memurunsesi.net\\\/index.php\\\/2025\\\/07\\\/05\\\/su-dinamosunu-tamir-icin-girdigi-nehirde-elektrik-akimina-kapilan-adam-hayatini-kaybetti\\\/\",\"name\":\"Su dinamosunu tamir i\u00e7in girdi\u011fi nehirde elektrik ak\u0131m\u0131na kap\u0131lan adam hayat\u0131n\u0131 kaybetti - Memurun Sesi\",\"isPartOf\":{\"@id\":\"https:\\\/\\\/memurunsesi.net\\\/#website\"},\"primaryImageOfPage\":{\"@id\":\"https:\\\/\\\/memurunsesi.net\\\/index.php\\\/2025\\\/07\\\/05\\\/su-dinamosunu-tamir-icin-girdigi-nehirde-elektrik-akimina-kapilan-adam-hayatini-kaybetti\\\/#primaryimage\"},\"image\":{\"@id\":\"https:\\\/\\\/memurunsesi.net\\\/index.php\\\/2025\\\/07\\\/05\\\/su-dinamosunu-tamir-icin-girdigi-nehirde-elektrik-akimina-kapilan-adam-hayatini-kaybetti\\\/#primaryimage\"},\"thumbnailUrl\":\"https:\\\/\\\/memurunsesi.net\\\/wp-content\\\/uploads\\\/2025\\\/07\\\/AW490786_03.jpg\",\"datePublished\":\"2025-07-05T04:49:34+00:00\",\"breadcrumb\":{\"@id\":\"https:\\\/\\\/memurunsesi.net\\\/index.php\\\/2025\\\/07\\\/05\\\/su-dinamosunu-tamir-icin-girdigi-nehirde-elektrik-akimina-kapilan-adam-hayatini-kaybetti\\\/#breadcrumb\"},\"inLanguage\":\"tr\",\"potentialAction\":[{\"@type\":\"ReadAction\",\"target\":[\"https:\\\/\\\/memurunsesi.net\\\/index.php\\\/2025\\\/07\\\/05\\\/su-dinamosunu-tamir-icin-girdigi-nehirde-elektrik-akimina-kapilan-adam-hayatini-kaybetti\\\/\"]}]},{\"@type\":\"ImageObject\",\"inLanguage\":\"tr\",\"@id\":\"https:\\\/\\\/memurunsesi.net\\\/index.php\\\/2025\\\/07\\\/05\\\/su-dinamosunu-tamir-icin-girdigi-nehirde-elektrik-akimina-kapilan-adam-hayatini-kaybetti\\\/#primaryimage\",\"url\":\"https:\\\/\\\/memurunsesi.net\\\/wp-content\\\/uploads\\\/2025\\\/07\\\/AW490786_03.jpg\",\"contentUrl\":\"https:\\\/\\\/memurunsesi.net\\\/wp-content\\\/uploads\\\/2025\\\/07\\\/AW490786_03.jpg\",\"width\":720,\"height\":980,\"caption\":\"FIRAT NEHR\u0130NDE ELEKTR\u0130K AKIMINA KAPILAN GEN\u00c7 \u00d6LD\u00dc (H\u00dcSEY\u0130N BOZKURT\\\/\u015eANLIURFA-\u0130HA) \u015eanl\u0131urfa'n\u0131n Birecik il\u00e7esinde, su dinamosu tamir i\u00e7in girdi\u011fi F\u0131rat Nehri'nde, elektrik ak\u0131m\u0131na kap\u0131lan ve a\u011f\u0131r yaralanan adam hayat\u0131n\u0131 kaybetti.\"},{\"@type\":\"BreadcrumbList\",\"@id\":\"https:\\\/\\\/memurunsesi.net\\\/index.php\\\/2025\\\/07\\\/05\\\/su-dinamosunu-tamir-icin-girdigi-nehirde-elektrik-akimina-kapilan-adam-hayatini-kaybetti\\\/#breadcrumb\",\"itemListElement\":[{\"@type\":\"ListItem\",\"position\":1,\"name\":\"Anasayfa\",\"item\":\"https:\\\/\\\/memurunsesi.net\\\/\"},{\"@type\":\"ListItem\",\"position\":2,\"name\":\"Su dinamosunu tamir i\u00e7in girdi\u011fi nehirde elektrik ak\u0131m\u0131na kap\u0131lan adam hayat\u0131n\u0131 kaybetti\"}]},{\"@type\":\"WebSite\",\"@id\":\"https:\\\/\\\/memurunsesi.net\\\/#website\",\"url\":\"https:\\\/\\\/memurunsesi.net\\\/\",\"name\":\"Memurun Sesi\",\"description\":\"G\u00fcncel ve Do\u011fru Haber\",\"publisher\":{\"@id\":\"https:\\\/\\\/memurunsesi.net\\\/#organization\"},\"potentialAction\":[{\"@type\":\"SearchAction\",\"target\":{\"@type\":\"EntryPoint\",\"urlTemplate\":\"https:\\\/\\\/memurunsesi.net\\\/?s={search_term_string}\"},\"query-input\":{\"@type\":\"PropertyValueSpecification\",\"valueRequired\":true,\"valueName\":\"search_term_string\"}}],\"inLanguage\":\"tr\"},{\"@type\":\"Organization\",\"@id\":\"https:\\\/\\\/memurunsesi.net\\\/#organization\",\"name\":\"Memurun Sesi\",\"url\":\"https:\\\/\\\/memurunsesi.net\\\/\",\"logo\":{\"@type\":\"ImageObject\",\"inLanguage\":\"tr\",\"@id\":\"https:\\\/\\\/memurunsesi.net\\\/#\\\/schema\\\/logo\\\/image\\\/\",\"url\":\"https:\\\/\\\/memurunsesi.net\\\/wp-content\\\/uploads\\\/2025\\\/11\\\/cropped-MEMURUN-SESI.png\",\"contentUrl\":\"https:\\\/\\\/memurunsesi.net\\\/wp-content\\\/uploads\\\/2025\\\/11\\\/cropped-MEMURUN-SESI.png\",\"width\":238,\"height\":57,\"caption\":\"Memurun Sesi\"},\"image\":{\"@id\":\"https:\\\/\\\/memurunsesi.net\\\/#\\\/schema\\\/logo\\\/image\\\/\"},\"sameAs\":[\"https:\\\/\\\/www.facebook.com\\\/unipersen\\\/?locale=tr_TR\",\"https:\\\/\\\/x.com\\\/unipersen\"]},{\"@type\":\"Person\",\"@id\":\"https:\\\/\\\/memurunsesi.net\\\/#\\\/schema\\\/person\\\/f21c2d73b89f6ee1d80b0a1803e38587\",\"name\":\"Memurun Sesi Haber Merkezi\",\"image\":{\"@type\":\"ImageObject\",\"inLanguage\":\"tr\",\"@id\":\"https:\\\/\\\/secure.gravatar.com\\\/avatar\\\/6cf0505f452ee753f485014986fab09a434671d2b919ee76fc541025c5876a70?s=96&d=mm&r=g\",\"url\":\"https:\\\/\\\/secure.gravatar.com\\\/avatar\\\/6cf0505f452ee753f485014986fab09a434671d2b919ee76fc541025c5876a70?s=96&d=mm&r=g\",\"contentUrl\":\"https:\\\/\\\/secure.gravatar.com\\\/avatar\\\/6cf0505f452ee753f485014986fab09a434671d2b919ee76fc541025c5876a70?s=96&d=mm&r=g\",\"caption\":\"Memurun Sesi Haber Merkezi\"},\"sameAs\":[\"https:\\\/\\\/memurunsesi.net\"],\"url\":\"https:\\\/\\\/memurunsesi.net\\\/index.php\\\/author\\\/uniper\\\/\"}]}<\/script>\n<!-- \/ Yoast SEO plugin. -->","yoast_head_json":{"title":"Su dinamosunu tamir i\u00e7in girdi\u011fi nehirde elektrik ak\u0131m\u0131na kap\u0131lan adam hayat\u0131n\u0131 kaybetti - Memurun Sesi","robots":{"index":"index","follow":"follow","max-snippet":"max-snippet:-1","max-image-preview":"max-image-preview:large","max-video-preview":"max-video-preview:-1"},"canonical":"https:\/\/memurunsesi.net\/index.php\/2025\/07\/05\/su-dinamosunu-tamir-icin-girdigi-nehirde-elektrik-akimina-kapilan-adam-hayatini-kaybetti\/","og_locale":"tr_TR","og_type":"article","og_title":"Su dinamosunu tamir i\u00e7in girdi\u011fi nehirde elektrik ak\u0131m\u0131na kap\u0131lan adam hayat\u0131n\u0131 kaybetti - Memurun Sesi","og_description":"\u015eanl\u0131urfa&#8217;n\u0131n Birecik il\u00e7esinde, su dinamosu tamir i\u00e7in girdi\u011fi F\u0131rat Nehri&#8217;nde, elektrik ak\u0131m\u0131na kap\u0131lan ve a\u011f\u0131r yaralanan adam hayat\u0131n\u0131 kaybetti. Edinilen bilgiye g\u00f6re olay, Birecik il\u00e7esine ba\u011fl\u0131 Surtepe Mahallesi&#8217;nde meydana geldi. Yusuf \u00c7emberlita\u015f (35), tar\u0131m sulamas\u0131nda kullan\u0131lan su dinamosunu tamir etmek i\u00e7in F\u0131rat Nehri&#8217;ne girerek ar\u0131zay\u0131 gidermeye \u00e7al\u0131\u015ft\u0131. Bu s\u0131rada elektrik \u00e7arpmas\u0131 sonucu a\u011f\u0131r yaraland\u0131. \u00c7evredekilerin [&hellip;]","og_url":"https:\/\/memurunsesi.net\/index.php\/2025\/07\/05\/su-dinamosunu-tamir-icin-girdigi-nehirde-elektrik-akimina-kapilan-adam-hayatini-kaybetti\/","og_site_name":"Memurun Sesi","article_publisher":"https:\/\/www.facebook.com\/unipersen\/?locale=tr_TR","article_published_time":"2025-07-05T04:49:34+00:00","og_image":[{"width":720,"height":980,"url":"https:\/\/memurunsesi.net\/wp-content\/uploads\/2025\/07\/AW490786_03.jpg","type":"image\/jpeg"}],"author":"Memurun Sesi Haber Merkezi","twitter_card":"summary_large_image","twitter_creator":"@unipersen","twitter_site":"@unipersen","twitter_misc":{"Yazan:":"Memurun Sesi Haber Merkezi","Tahmini okuma s\u00fcresi":"1 dakika"},"schema":{"@context":"https:\/\/schema.org","@graph":[{"@type":"Article","@id":"https:\/\/memurunsesi.net\/index.php\/2025\/07\/05\/su-dinamosunu-tamir-icin-girdigi-nehirde-elektrik-akimina-kapilan-adam-hayatini-kaybetti\/#article","isPartOf":{"@id":"https:\/\/memurunsesi.net\/index.php\/2025\/07\/05\/su-dinamosunu-tamir-icin-girdigi-nehirde-elektrik-akimina-kapilan-adam-hayatini-kaybetti\/"},"author":{"name":"Memurun Sesi Haber Merkezi","@id":"https:\/\/memurunsesi.net\/#\/schema\/person\/f21c2d73b89f6ee1d80b0a1803e38587"},"headline":"Su dinamosunu tamir i\u00e7in girdi\u011fi nehirde elektrik ak\u0131m\u0131na kap\u0131lan adam hayat\u0131n\u0131 kaybetti","datePublished":"2025-07-05T04:49:34+00:00","mainEntityOfPage":{"@id":"https:\/\/memurunsesi.net\/index.php\/2025\/07\/05\/su-dinamosunu-tamir-icin-girdigi-nehirde-elektrik-akimina-kapilan-adam-hayatini-kaybetti\/"},"wordCount":168,"commentCount":0,"publisher":{"@id":"https:\/\/memurunsesi.net\/#organization"},"image":{"@id":"https:\/\/memurunsesi.net\/index.php\/2025\/07\/05\/su-dinamosunu-tamir-icin-girdigi-nehirde-elektrik-akimina-kapilan-adam-hayatini-kaybetti\/#primaryimage"},"thumbnailUrl":"https:\/\/memurunsesi.net\/wp-content\/uploads\/2025\/07\/AW490786_03.jpg","inLanguage":"tr","potentialAction":[{"@type":"CommentAction","name":"Comment","target":["https:\/\/memurunsesi.net\/index.php\/2025\/07\/05\/su-dinamosunu-tamir-icin-girdigi-nehirde-elektrik-akimina-kapilan-adam-hayatini-kaybetti\/#respond"]}]},{"@type":"WebPage","@id":"https:\/\/memurunsesi.net\/index.php\/2025\/07\/05\/su-dinamosunu-tamir-icin-girdigi-nehirde-elektrik-akimina-kapilan-adam-hayatini-kaybetti\/","url":"https:\/\/memurunsesi.net\/index.php\/2025\/07\/05\/su-dinamosunu-tamir-icin-girdigi-nehirde-elektrik-akimina-kapilan-adam-hayatini-kaybetti\/","name":"Su dinamosunu tamir i\u00e7in girdi\u011fi nehirde elektrik ak\u0131m\u0131na kap\u0131lan adam hayat\u0131n\u0131 kaybetti - Memurun Sesi","isPartOf":{"@id":"https:\/\/memurunsesi.net\/#website"},"primaryImageOfPage":{"@id":"https:\/\/memurunsesi.net\/index.php\/2025\/07\/05\/su-dinamosunu-tamir-icin-girdigi-nehirde-elektrik-akimina-kapilan-adam-hayatini-kaybetti\/#primaryimage"},"image":{"@id":"https:\/\/memurunsesi.net\/index.php\/2025\/07\/05\/su-dinamosunu-tamir-icin-girdigi-nehirde-elektrik-akimina-kapilan-adam-hayatini-kaybetti\/#primaryimage"},"thumbnailUrl":"https:\/\/memurunsesi.net\/wp-content\/uploads\/2025\/07\/AW490786_03.jpg","datePublished":"2025-07-05T04:49:34+00:00","breadcrumb":{"@id":"https:\/\/memurunsesi.net\/index.php\/2025\/07\/05\/su-dinamosunu-tamir-icin-girdigi-nehirde-elektrik-akimina-kapilan-adam-hayatini-kaybetti\/#breadcrumb"},"inLanguage":"tr","potentialAction":[{"@type":"ReadAction","target":["https:\/\/memurunsesi.net\/index.php\/2025\/07\/05\/su-dinamosunu-tamir-icin-girdigi-nehirde-elektrik-akimina-kapilan-adam-hayatini-kaybetti\/"]}]},{"@type":"ImageObject","inLanguage":"tr","@id":"https:\/\/memurunsesi.net\/index.php\/2025\/07\/05\/su-dinamosunu-tamir-icin-girdigi-nehirde-elektrik-akimina-kapilan-adam-hayatini-kaybetti\/#primaryimage","url":"https:\/\/memurunsesi.net\/wp-content\/uploads\/2025\/07\/AW490786_03.jpg","contentUrl":"https:\/\/memurunsesi.net\/wp-content\/uploads\/2025\/07\/AW490786_03.jpg","width":720,"height":980,"caption":"FIRAT NEHR\u0130NDE ELEKTR\u0130K AKIMINA KAPILAN GEN\u00c7 \u00d6LD\u00dc (H\u00dcSEY\u0130N BOZKURT\/\u015eANLIURFA-\u0130HA) \u015eanl\u0131urfa'n\u0131n Birecik il\u00e7esinde, su dinamosu tamir i\u00e7in girdi\u011fi F\u0131rat Nehri'nde, elektrik ak\u0131m\u0131na kap\u0131lan ve a\u011f\u0131r yaralanan adam hayat\u0131n\u0131 kaybetti."},{"@type":"BreadcrumbList","@id":"https:\/\/memurunsesi.net\/index.php\/2025\/07\/05\/su-dinamosunu-tamir-icin-girdigi-nehirde-elektrik-akimina-kapilan-adam-hayatini-kaybetti\/#breadcrumb","itemListElement":[{"@type":"ListItem","position":1,"name":"Anasayfa","item":"https:\/\/memurunsesi.net\/"},{"@type":"ListItem","position":2,"name":"Su dinamosunu tamir i\u00e7in girdi\u011fi nehirde elektrik ak\u0131m\u0131na kap\u0131lan adam hayat\u0131n\u0131 kaybetti"}]},{"@type":"WebSite","@id":"https:\/\/memurunsesi.net\/#website","url":"https:\/\/memurunsesi.net\/","name":"Memurun Sesi","description":"G\u00fcncel ve Do\u011fru Haber","publisher":{"@id":"https:\/\/memurunsesi.net\/#organization"},"potentialAction":[{"@type":"SearchAction","target":{"@type":"EntryPoint","urlTemplate":"https:\/\/memurunsesi.net\/?s={search_term_string}"},"query-input":{"@type":"PropertyValueSpecification","valueRequired":true,"valueName":"search_term_string"}}],"inLanguage":"tr"},{"@type":"Organization","@id":"https:\/\/memurunsesi.net\/#organization","name":"Memurun Sesi","url":"https:\/\/memurunsesi.net\/","logo":{"@type":"ImageObject","inLanguage":"tr","@id":"https:\/\/memurunsesi.net\/#\/schema\/logo\/image\/","url":"https:\/\/memurunsesi.net\/wp-content\/uploads\/2025\/11\/cropped-MEMURUN-SESI.png","contentUrl":"https:\/\/memurunsesi.net\/wp-content\/uploads\/2025\/11\/cropped-MEMURUN-SESI.png","width":238,"height":57,"caption":"Memurun Sesi"},"image":{"@id":"https:\/\/memurunsesi.net\/#\/schema\/logo\/image\/"},"sameAs":["https:\/\/www.facebook.com\/unipersen\/?locale=tr_TR","https:\/\/x.com\/unipersen"]},{"@type":"Person","@id":"https:\/\/memurunsesi.net\/#\/schema\/person\/f21c2d73b89f6ee1d80b0a1803e38587","name":"Memurun Sesi Haber Merkezi","image":{"@type":"ImageObject","inLanguage":"tr","@id":"https:\/\/secure.gravatar.com\/avatar\/6cf0505f452ee753f485014986fab09a434671d2b919ee76fc541025c5876a70?s=96&d=mm&r=g","url":"https:\/\/secure.gravatar.com\/avatar\/6cf0505f452ee753f485014986fab09a434671d2b919ee76fc541025c5876a70?s=96&d=mm&r=g","contentUrl":"https:\/\/secure.gravatar.com\/avatar\/6cf0505f452ee753f485014986fab09a434671d2b919ee76fc541025c5876a70?s=96&d=mm&r=g","caption":"Memurun Sesi Haber Merkezi"},"sameAs":["https:\/\/memurunsesi.net"],"url":"https:\/\/memurunsesi.net\/index.php\/author\/uniper\/"}]}},"_links":{"self":[{"href":"https:\/\/memurunsesi.net\/index.php\/wp-json\/wp\/v2\/posts\/8951","targetHints":{"allow":["GET"]}}],"collection":[{"href":"https:\/\/memurunsesi.net\/index.php\/wp-json\/wp\/v2\/posts"}],"about":[{"href":"https:\/\/memurunsesi.net\/index.php\/wp-json\/wp\/v2\/types\/post"}],"author":[{"embeddable":true,"href":"https:\/\/memurunsesi.net\/index.php\/wp-json\/wp\/v2\/users\/1"}],"replies":[{"embeddable":true,"href":"https:\/\/memurunsesi.net\/index.php\/wp-json\/wp\/v2\/comments?post=8951"}],"version-history":[{"count":1,"href":"https:\/\/memurunsesi.net\/index.php\/wp-json\/wp\/v2\/posts\/8951\/revisions"}],"predecessor-version":[{"id":8953,"href":"https:\/\/memurunsesi.net\/index.php\/wp-json\/wp\/v2\/posts\/8951\/revisions\/8953"}],"wp:featuredmedia":[{"embeddable":true,"href":"https:\/\/memurunsesi.net\/index.php\/wp-json\/wp\/v2\/media\/8952"}],"wp:attachment":[{"href":"https:\/\/memurunsesi.net\/index.php\/wp-json\/wp\/v2\/media?parent=8951"}],"wp:term":[{"taxonomy":"category","embeddable":true,"href":"https:\/\/memurunsesi.net\/index.php\/wp-json\/wp\/v2\/categories?post=8951"},{"taxonomy":"post_tag","embeddable":true,"href":"https:\/\/memurunsesi.net\/index.php\/wp-json\/wp\/v2\/tags?post=8951"}],"curies":[{"name":"wp","href":"https:\/\/api.w.org\/{rel}","templated":true}]}}