{"id":8966,"date":"2025-07-05T07:57:58","date_gmt":"2025-07-05T04:57:58","guid":{"rendered":"https:\/\/memurunsesi.net\/?p=8966"},"modified":"2025-07-05T07:57:58","modified_gmt":"2025-07-05T04:57:58","slug":"yalovada-tarim-isletmesinde-yangin-1-itfaiyeci-yaralandi-1i-de-dumandan-etkilendi","status":"publish","type":"post","link":"https:\/\/memurunsesi.net\/index.php\/2025\/07\/05\/yalovada-tarim-isletmesinde-yangin-1-itfaiyeci-yaralandi-1i-de-dumandan-etkilendi\/","title":{"rendered":"Yalova&#8217;da tar\u0131m i\u015fletmesinde yang\u0131n: 1 itfaiyeci yaraland\u0131, 1&#8217;i de dumandan etkilendi"},"content":{"rendered":"<p>   Yalova&#8217;n\u0131n \u00c7\u0131narc\u0131k il\u00e7esinde faaliyet g\u00f6steren tar\u0131m i\u015fletmesinin deposunda \u00e7\u0131kan otomobil ve seraya s\u0131\u00e7rayan yang\u0131n itfaiye ekipleri taraf\u0131ndan s\u00f6nd\u00fcr\u00fcld\u00fc. Yang\u0131na m\u00fcdahale eden 1 itfaiye amiri eli kesilerek yaraland\u0131. Bir itfaiye eri ise dumandan etkilendi.<br \/>\n  Al\u0131nan bilgiye g\u00f6re, \u00c7\u0131narc\u0131k il\u00e7esine ba\u011fl\u0131 Koru beldesinde bulunan bir tar\u0131m i\u015fletmesinin deposunda hen\u00fcz nedeni bilinmeyen bir \u015fekilde yang\u0131n meydana geldi. K\u0131sa s\u00fcrede b\u00fcy\u00fcye yang\u0131n daha sonra bir otomobile sonras\u0131nda ise seraya s\u0131\u00e7rad\u0131. Yang\u0131n b\u00f6lgesine k\u0131sa s\u00fcrede \u00e7ok say\u0131da itfaiye arac\u0131 sevk edildi. Yang\u0131na m\u00fcdahale eden ekipler alevleri kontrol alt\u0131na ald\u0131ktan sonra so\u011futma \u00e7al\u0131\u015fmas\u0131 ger\u00e7ekle\u015ftirdi.<br \/>\n  Yang\u0131na m\u00fcdahale eden 1 itfaiye amiri eli kesilerek yaraland\u0131. 1 itfaiye eri ise dumandan etkilendi. Yaral\u0131lara olay yerine gelen sa\u011fl\u0131k ekipleri m\u00fcdahale etti.<br \/>\n  Yang\u0131nla ilgili tahkikat s\u00fcr\u00fcyor. <\/p>\n<p> 5.07.2025                             <\/p>\n","protected":false},"excerpt":{"rendered":"<p>Yalova&#8217;n\u0131n \u00c7\u0131narc\u0131k il\u00e7esinde faaliyet g\u00f6steren tar\u0131m i\u015fletmesinin deposunda \u00e7\u0131kan otomobil ve seraya s\u0131\u00e7rayan yang\u0131n itfaiye ekipleri taraf\u0131ndan s\u00f6nd\u00fcr\u00fcld\u00fc. Yang\u0131na m\u00fcdahale eden 1 itfaiye amiri eli kesilerek yaraland\u0131. Bir itfaiye eri ise dumandan etkilendi. Al\u0131nan bilgiye g\u00f6re, \u00c7\u0131narc\u0131k il\u00e7esine ba\u011fl\u0131 Koru beldesinde bulunan bir tar\u0131m i\u015fletmesinin deposunda hen\u00fcz nedeni bilinmeyen bir \u015fekilde yang\u0131n meydana geldi. K\u0131sa [&hellip;]<\/p>\n","protected":false},"author":1,"featured_media":8967,"comment_status":"open","ping_status":"open","sticky":false,"template":"","format":"standard","meta":{"footnotes":""},"categories":[1],"tags":[],"class_list":["post-8966","post","type-post","status-publish","format-standard","has-post-thumbnail","hentry","category-genel"],"yoast_head":"<!-- This site is optimized with the Yoast SEO plugin v27.4 - https:\/\/yoast.com\/product\/yoast-seo-wordpress\/ -->\n<title>Yalova&#039;da tar\u0131m i\u015fletmesinde yang\u0131n: 1 itfaiyeci yaraland\u0131, 1&#039;i de dumandan etkilendi - Memurun Sesi<\/title>\n<meta name=\"robots\" content=\"index, follow, max-snippet:-1, max-image-preview:large, max-video-preview:-1\" \/>\n<link rel=\"canonical\" href=\"https:\/\/memurunsesi.net\/index.php\/2025\/07\/05\/yalovada-tarim-isletmesinde-yangin-1-itfaiyeci-yaralandi-1i-de-dumandan-etkilendi\/\" \/>\n<meta property=\"og:locale\" content=\"tr_TR\" \/>\n<meta property=\"og:type\" content=\"article\" \/>\n<meta property=\"og:title\" content=\"Yalova&#039;da tar\u0131m i\u015fletmesinde yang\u0131n: 1 itfaiyeci yaraland\u0131, 1&#039;i de dumandan etkilendi - Memurun Sesi\" \/>\n<meta property=\"og:description\" content=\"Yalova&#8217;n\u0131n \u00c7\u0131narc\u0131k il\u00e7esinde faaliyet g\u00f6steren tar\u0131m i\u015fletmesinin deposunda \u00e7\u0131kan otomobil ve seraya s\u0131\u00e7rayan yang\u0131n itfaiye ekipleri taraf\u0131ndan s\u00f6nd\u00fcr\u00fcld\u00fc. Yang\u0131na m\u00fcdahale eden 1 itfaiye amiri eli kesilerek yaraland\u0131. Bir itfaiye eri ise dumandan etkilendi. Al\u0131nan bilgiye g\u00f6re, \u00c7\u0131narc\u0131k il\u00e7esine ba\u011fl\u0131 Koru beldesinde bulunan bir tar\u0131m i\u015fletmesinin deposunda hen\u00fcz nedeni bilinmeyen bir \u015fekilde yang\u0131n meydana geldi. K\u0131sa [&hellip;]\" \/>\n<meta property=\"og:url\" content=\"https:\/\/memurunsesi.net\/index.php\/2025\/07\/05\/yalovada-tarim-isletmesinde-yangin-1-itfaiyeci-yaralandi-1i-de-dumandan-etkilendi\/\" \/>\n<meta property=\"og:site_name\" content=\"Memurun Sesi\" \/>\n<meta property=\"article:publisher\" content=\"https:\/\/www.facebook.com\/unipersen\/?locale=tr_TR\" \/>\n<meta property=\"article:published_time\" content=\"2025-07-05T04:57:58+00:00\" \/>\n<meta property=\"og:image\" content=\"https:\/\/memurunsesi.net\/wp-content\/uploads\/2025\/07\/AW490785_01.png\" \/>\n\t<meta property=\"og:image:width\" content=\"606\" \/>\n\t<meta property=\"og:image:height\" content=\"814\" \/>\n\t<meta property=\"og:image:type\" content=\"image\/png\" \/>\n<meta name=\"author\" content=\"Memurun Sesi Haber Merkezi\" \/>\n<meta name=\"twitter:card\" content=\"summary_large_image\" \/>\n<meta name=\"twitter:creator\" content=\"@unipersen\" \/>\n<meta name=\"twitter:site\" content=\"@unipersen\" \/>\n<meta name=\"twitter:label1\" content=\"Yazan:\" \/>\n\t<meta name=\"twitter:data1\" content=\"Memurun Sesi Haber Merkezi\" \/>\n\t<meta name=\"twitter:label2\" content=\"Tahmini okuma s\u00fcresi\" \/>\n\t<meta name=\"twitter:data2\" content=\"1 dakika\" \/>\n<script type=\"application\/ld+json\" class=\"yoast-schema-graph\">{\"@context\":\"https:\\\/\\\/schema.org\",\"@graph\":[{\"@type\":\"Article\",\"@id\":\"https:\\\/\\\/memurunsesi.net\\\/index.php\\\/2025\\\/07\\\/05\\\/yalovada-tarim-isletmesinde-yangin-1-itfaiyeci-yaralandi-1i-de-dumandan-etkilendi\\\/#article\",\"isPartOf\":{\"@id\":\"https:\\\/\\\/memurunsesi.net\\\/index.php\\\/2025\\\/07\\\/05\\\/yalovada-tarim-isletmesinde-yangin-1-itfaiyeci-yaralandi-1i-de-dumandan-etkilendi\\\/\"},\"author\":{\"name\":\"Memurun Sesi Haber Merkezi\",\"@id\":\"https:\\\/\\\/memurunsesi.net\\\/#\\\/schema\\\/person\\\/f21c2d73b89f6ee1d80b0a1803e38587\"},\"headline\":\"Yalova&#8217;da tar\u0131m i\u015fletmesinde yang\u0131n: 1 itfaiyeci yaraland\u0131, 1&#8217;i de dumandan etkilendi\",\"datePublished\":\"2025-07-05T04:57:58+00:00\",\"mainEntityOfPage\":{\"@id\":\"https:\\\/\\\/memurunsesi.net\\\/index.php\\\/2025\\\/07\\\/05\\\/yalovada-tarim-isletmesinde-yangin-1-itfaiyeci-yaralandi-1i-de-dumandan-etkilendi\\\/\"},\"wordCount\":179,\"commentCount\":0,\"publisher\":{\"@id\":\"https:\\\/\\\/memurunsesi.net\\\/#organization\"},\"image\":{\"@id\":\"https:\\\/\\\/memurunsesi.net\\\/index.php\\\/2025\\\/07\\\/05\\\/yalovada-tarim-isletmesinde-yangin-1-itfaiyeci-yaralandi-1i-de-dumandan-etkilendi\\\/#primaryimage\"},\"thumbnailUrl\":\"https:\\\/\\\/memurunsesi.net\\\/wp-content\\\/uploads\\\/2025\\\/07\\\/AW490785_01.png\",\"inLanguage\":\"tr\",\"potentialAction\":[{\"@type\":\"CommentAction\",\"name\":\"Comment\",\"target\":[\"https:\\\/\\\/memurunsesi.net\\\/index.php\\\/2025\\\/07\\\/05\\\/yalovada-tarim-isletmesinde-yangin-1-itfaiyeci-yaralandi-1i-de-dumandan-etkilendi\\\/#respond\"]}]},{\"@type\":\"WebPage\",\"@id\":\"https:\\\/\\\/memurunsesi.net\\\/index.php\\\/2025\\\/07\\\/05\\\/yalovada-tarim-isletmesinde-yangin-1-itfaiyeci-yaralandi-1i-de-dumandan-etkilendi\\\/\",\"url\":\"https:\\\/\\\/memurunsesi.net\\\/index.php\\\/2025\\\/07\\\/05\\\/yalovada-tarim-isletmesinde-yangin-1-itfaiyeci-yaralandi-1i-de-dumandan-etkilendi\\\/\",\"name\":\"Yalova'da tar\u0131m i\u015fletmesinde yang\u0131n: 1 itfaiyeci yaraland\u0131, 1'i de dumandan etkilendi - Memurun Sesi\",\"isPartOf\":{\"@id\":\"https:\\\/\\\/memurunsesi.net\\\/#website\"},\"primaryImageOfPage\":{\"@id\":\"https:\\\/\\\/memurunsesi.net\\\/index.php\\\/2025\\\/07\\\/05\\\/yalovada-tarim-isletmesinde-yangin-1-itfaiyeci-yaralandi-1i-de-dumandan-etkilendi\\\/#primaryimage\"},\"image\":{\"@id\":\"https:\\\/\\\/memurunsesi.net\\\/index.php\\\/2025\\\/07\\\/05\\\/yalovada-tarim-isletmesinde-yangin-1-itfaiyeci-yaralandi-1i-de-dumandan-etkilendi\\\/#primaryimage\"},\"thumbnailUrl\":\"https:\\\/\\\/memurunsesi.net\\\/wp-content\\\/uploads\\\/2025\\\/07\\\/AW490785_01.png\",\"datePublished\":\"2025-07-05T04:57:58+00:00\",\"breadcrumb\":{\"@id\":\"https:\\\/\\\/memurunsesi.net\\\/index.php\\\/2025\\\/07\\\/05\\\/yalovada-tarim-isletmesinde-yangin-1-itfaiyeci-yaralandi-1i-de-dumandan-etkilendi\\\/#breadcrumb\"},\"inLanguage\":\"tr\",\"potentialAction\":[{\"@type\":\"ReadAction\",\"target\":[\"https:\\\/\\\/memurunsesi.net\\\/index.php\\\/2025\\\/07\\\/05\\\/yalovada-tarim-isletmesinde-yangin-1-itfaiyeci-yaralandi-1i-de-dumandan-etkilendi\\\/\"]}]},{\"@type\":\"ImageObject\",\"inLanguage\":\"tr\",\"@id\":\"https:\\\/\\\/memurunsesi.net\\\/index.php\\\/2025\\\/07\\\/05\\\/yalovada-tarim-isletmesinde-yangin-1-itfaiyeci-yaralandi-1i-de-dumandan-etkilendi\\\/#primaryimage\",\"url\":\"https:\\\/\\\/memurunsesi.net\\\/wp-content\\\/uploads\\\/2025\\\/07\\\/AW490785_01.png\",\"contentUrl\":\"https:\\\/\\\/memurunsesi.net\\\/wp-content\\\/uploads\\\/2025\\\/07\\\/AW490785_01.png\",\"width\":606,\"height\":814},{\"@type\":\"BreadcrumbList\",\"@id\":\"https:\\\/\\\/memurunsesi.net\\\/index.php\\\/2025\\\/07\\\/05\\\/yalovada-tarim-isletmesinde-yangin-1-itfaiyeci-yaralandi-1i-de-dumandan-etkilendi\\\/#breadcrumb\",\"itemListElement\":[{\"@type\":\"ListItem\",\"position\":1,\"name\":\"Anasayfa\",\"item\":\"https:\\\/\\\/memurunsesi.net\\\/\"},{\"@type\":\"ListItem\",\"position\":2,\"name\":\"Yalova&#8217;da tar\u0131m i\u015fletmesinde yang\u0131n: 1 itfaiyeci yaraland\u0131, 1&#8217;i de dumandan etkilendi\"}]},{\"@type\":\"WebSite\",\"@id\":\"https:\\\/\\\/memurunsesi.net\\\/#website\",\"url\":\"https:\\\/\\\/memurunsesi.net\\\/\",\"name\":\"Memurun Sesi\",\"description\":\"G\u00fcncel ve Do\u011fru Haber\",\"publisher\":{\"@id\":\"https:\\\/\\\/memurunsesi.net\\\/#organization\"},\"potentialAction\":[{\"@type\":\"SearchAction\",\"target\":{\"@type\":\"EntryPoint\",\"urlTemplate\":\"https:\\\/\\\/memurunsesi.net\\\/?s={search_term_string}\"},\"query-input\":{\"@type\":\"PropertyValueSpecification\",\"valueRequired\":true,\"valueName\":\"search_term_string\"}}],\"inLanguage\":\"tr\"},{\"@type\":\"Organization\",\"@id\":\"https:\\\/\\\/memurunsesi.net\\\/#organization\",\"name\":\"Memurun Sesi\",\"url\":\"https:\\\/\\\/memurunsesi.net\\\/\",\"logo\":{\"@type\":\"ImageObject\",\"inLanguage\":\"tr\",\"@id\":\"https:\\\/\\\/memurunsesi.net\\\/#\\\/schema\\\/logo\\\/image\\\/\",\"url\":\"https:\\\/\\\/memurunsesi.net\\\/wp-content\\\/uploads\\\/2025\\\/11\\\/cropped-MEMURUN-SESI.png\",\"contentUrl\":\"https:\\\/\\\/memurunsesi.net\\\/wp-content\\\/uploads\\\/2025\\\/11\\\/cropped-MEMURUN-SESI.png\",\"width\":238,\"height\":57,\"caption\":\"Memurun Sesi\"},\"image\":{\"@id\":\"https:\\\/\\\/memurunsesi.net\\\/#\\\/schema\\\/logo\\\/image\\\/\"},\"sameAs\":[\"https:\\\/\\\/www.facebook.com\\\/unipersen\\\/?locale=tr_TR\",\"https:\\\/\\\/x.com\\\/unipersen\"]},{\"@type\":\"Person\",\"@id\":\"https:\\\/\\\/memurunsesi.net\\\/#\\\/schema\\\/person\\\/f21c2d73b89f6ee1d80b0a1803e38587\",\"name\":\"Memurun Sesi Haber Merkezi\",\"image\":{\"@type\":\"ImageObject\",\"inLanguage\":\"tr\",\"@id\":\"https:\\\/\\\/secure.gravatar.com\\\/avatar\\\/6cf0505f452ee753f485014986fab09a434671d2b919ee76fc541025c5876a70?s=96&d=mm&r=g\",\"url\":\"https:\\\/\\\/secure.gravatar.com\\\/avatar\\\/6cf0505f452ee753f485014986fab09a434671d2b919ee76fc541025c5876a70?s=96&d=mm&r=g\",\"contentUrl\":\"https:\\\/\\\/secure.gravatar.com\\\/avatar\\\/6cf0505f452ee753f485014986fab09a434671d2b919ee76fc541025c5876a70?s=96&d=mm&r=g\",\"caption\":\"Memurun Sesi Haber Merkezi\"},\"sameAs\":[\"https:\\\/\\\/memurunsesi.net\"],\"url\":\"https:\\\/\\\/memurunsesi.net\\\/index.php\\\/author\\\/uniper\\\/\"}]}<\/script>\n<!-- \/ Yoast SEO plugin. -->","yoast_head_json":{"title":"Yalova'da tar\u0131m i\u015fletmesinde yang\u0131n: 1 itfaiyeci yaraland\u0131, 1'i de dumandan etkilendi - Memurun Sesi","robots":{"index":"index","follow":"follow","max-snippet":"max-snippet:-1","max-image-preview":"max-image-preview:large","max-video-preview":"max-video-preview:-1"},"canonical":"https:\/\/memurunsesi.net\/index.php\/2025\/07\/05\/yalovada-tarim-isletmesinde-yangin-1-itfaiyeci-yaralandi-1i-de-dumandan-etkilendi\/","og_locale":"tr_TR","og_type":"article","og_title":"Yalova'da tar\u0131m i\u015fletmesinde yang\u0131n: 1 itfaiyeci yaraland\u0131, 1'i de dumandan etkilendi - Memurun Sesi","og_description":"Yalova&#8217;n\u0131n \u00c7\u0131narc\u0131k il\u00e7esinde faaliyet g\u00f6steren tar\u0131m i\u015fletmesinin deposunda \u00e7\u0131kan otomobil ve seraya s\u0131\u00e7rayan yang\u0131n itfaiye ekipleri taraf\u0131ndan s\u00f6nd\u00fcr\u00fcld\u00fc. Yang\u0131na m\u00fcdahale eden 1 itfaiye amiri eli kesilerek yaraland\u0131. Bir itfaiye eri ise dumandan etkilendi. Al\u0131nan bilgiye g\u00f6re, \u00c7\u0131narc\u0131k il\u00e7esine ba\u011fl\u0131 Koru beldesinde bulunan bir tar\u0131m i\u015fletmesinin deposunda hen\u00fcz nedeni bilinmeyen bir \u015fekilde yang\u0131n meydana geldi. K\u0131sa [&hellip;]","og_url":"https:\/\/memurunsesi.net\/index.php\/2025\/07\/05\/yalovada-tarim-isletmesinde-yangin-1-itfaiyeci-yaralandi-1i-de-dumandan-etkilendi\/","og_site_name":"Memurun Sesi","article_publisher":"https:\/\/www.facebook.com\/unipersen\/?locale=tr_TR","article_published_time":"2025-07-05T04:57:58+00:00","og_image":[{"width":606,"height":814,"url":"https:\/\/memurunsesi.net\/wp-content\/uploads\/2025\/07\/AW490785_01.png","type":"image\/png"}],"author":"Memurun Sesi Haber Merkezi","twitter_card":"summary_large_image","twitter_creator":"@unipersen","twitter_site":"@unipersen","twitter_misc":{"Yazan:":"Memurun Sesi Haber Merkezi","Tahmini okuma s\u00fcresi":"1 dakika"},"schema":{"@context":"https:\/\/schema.org","@graph":[{"@type":"Article","@id":"https:\/\/memurunsesi.net\/index.php\/2025\/07\/05\/yalovada-tarim-isletmesinde-yangin-1-itfaiyeci-yaralandi-1i-de-dumandan-etkilendi\/#article","isPartOf":{"@id":"https:\/\/memurunsesi.net\/index.php\/2025\/07\/05\/yalovada-tarim-isletmesinde-yangin-1-itfaiyeci-yaralandi-1i-de-dumandan-etkilendi\/"},"author":{"name":"Memurun Sesi Haber Merkezi","@id":"https:\/\/memurunsesi.net\/#\/schema\/person\/f21c2d73b89f6ee1d80b0a1803e38587"},"headline":"Yalova&#8217;da tar\u0131m i\u015fletmesinde yang\u0131n: 1 itfaiyeci yaraland\u0131, 1&#8217;i de dumandan etkilendi","datePublished":"2025-07-05T04:57:58+00:00","mainEntityOfPage":{"@id":"https:\/\/memurunsesi.net\/index.php\/2025\/07\/05\/yalovada-tarim-isletmesinde-yangin-1-itfaiyeci-yaralandi-1i-de-dumandan-etkilendi\/"},"wordCount":179,"commentCount":0,"publisher":{"@id":"https:\/\/memurunsesi.net\/#organization"},"image":{"@id":"https:\/\/memurunsesi.net\/index.php\/2025\/07\/05\/yalovada-tarim-isletmesinde-yangin-1-itfaiyeci-yaralandi-1i-de-dumandan-etkilendi\/#primaryimage"},"thumbnailUrl":"https:\/\/memurunsesi.net\/wp-content\/uploads\/2025\/07\/AW490785_01.png","inLanguage":"tr","potentialAction":[{"@type":"CommentAction","name":"Comment","target":["https:\/\/memurunsesi.net\/index.php\/2025\/07\/05\/yalovada-tarim-isletmesinde-yangin-1-itfaiyeci-yaralandi-1i-de-dumandan-etkilendi\/#respond"]}]},{"@type":"WebPage","@id":"https:\/\/memurunsesi.net\/index.php\/2025\/07\/05\/yalovada-tarim-isletmesinde-yangin-1-itfaiyeci-yaralandi-1i-de-dumandan-etkilendi\/","url":"https:\/\/memurunsesi.net\/index.php\/2025\/07\/05\/yalovada-tarim-isletmesinde-yangin-1-itfaiyeci-yaralandi-1i-de-dumandan-etkilendi\/","name":"Yalova'da tar\u0131m i\u015fletmesinde yang\u0131n: 1 itfaiyeci yaraland\u0131, 1'i de dumandan etkilendi - Memurun Sesi","isPartOf":{"@id":"https:\/\/memurunsesi.net\/#website"},"primaryImageOfPage":{"@id":"https:\/\/memurunsesi.net\/index.php\/2025\/07\/05\/yalovada-tarim-isletmesinde-yangin-1-itfaiyeci-yaralandi-1i-de-dumandan-etkilendi\/#primaryimage"},"image":{"@id":"https:\/\/memurunsesi.net\/index.php\/2025\/07\/05\/yalovada-tarim-isletmesinde-yangin-1-itfaiyeci-yaralandi-1i-de-dumandan-etkilendi\/#primaryimage"},"thumbnailUrl":"https:\/\/memurunsesi.net\/wp-content\/uploads\/2025\/07\/AW490785_01.png","datePublished":"2025-07-05T04:57:58+00:00","breadcrumb":{"@id":"https:\/\/memurunsesi.net\/index.php\/2025\/07\/05\/yalovada-tarim-isletmesinde-yangin-1-itfaiyeci-yaralandi-1i-de-dumandan-etkilendi\/#breadcrumb"},"inLanguage":"tr","potentialAction":[{"@type":"ReadAction","target":["https:\/\/memurunsesi.net\/index.php\/2025\/07\/05\/yalovada-tarim-isletmesinde-yangin-1-itfaiyeci-yaralandi-1i-de-dumandan-etkilendi\/"]}]},{"@type":"ImageObject","inLanguage":"tr","@id":"https:\/\/memurunsesi.net\/index.php\/2025\/07\/05\/yalovada-tarim-isletmesinde-yangin-1-itfaiyeci-yaralandi-1i-de-dumandan-etkilendi\/#primaryimage","url":"https:\/\/memurunsesi.net\/wp-content\/uploads\/2025\/07\/AW490785_01.png","contentUrl":"https:\/\/memurunsesi.net\/wp-content\/uploads\/2025\/07\/AW490785_01.png","width":606,"height":814},{"@type":"BreadcrumbList","@id":"https:\/\/memurunsesi.net\/index.php\/2025\/07\/05\/yalovada-tarim-isletmesinde-yangin-1-itfaiyeci-yaralandi-1i-de-dumandan-etkilendi\/#breadcrumb","itemListElement":[{"@type":"ListItem","position":1,"name":"Anasayfa","item":"https:\/\/memurunsesi.net\/"},{"@type":"ListItem","position":2,"name":"Yalova&#8217;da tar\u0131m i\u015fletmesinde yang\u0131n: 1 itfaiyeci yaraland\u0131, 1&#8217;i de dumandan etkilendi"}]},{"@type":"WebSite","@id":"https:\/\/memurunsesi.net\/#website","url":"https:\/\/memurunsesi.net\/","name":"Memurun Sesi","description":"G\u00fcncel ve Do\u011fru Haber","publisher":{"@id":"https:\/\/memurunsesi.net\/#organization"},"potentialAction":[{"@type":"SearchAction","target":{"@type":"EntryPoint","urlTemplate":"https:\/\/memurunsesi.net\/?s={search_term_string}"},"query-input":{"@type":"PropertyValueSpecification","valueRequired":true,"valueName":"search_term_string"}}],"inLanguage":"tr"},{"@type":"Organization","@id":"https:\/\/memurunsesi.net\/#organization","name":"Memurun Sesi","url":"https:\/\/memurunsesi.net\/","logo":{"@type":"ImageObject","inLanguage":"tr","@id":"https:\/\/memurunsesi.net\/#\/schema\/logo\/image\/","url":"https:\/\/memurunsesi.net\/wp-content\/uploads\/2025\/11\/cropped-MEMURUN-SESI.png","contentUrl":"https:\/\/memurunsesi.net\/wp-content\/uploads\/2025\/11\/cropped-MEMURUN-SESI.png","width":238,"height":57,"caption":"Memurun Sesi"},"image":{"@id":"https:\/\/memurunsesi.net\/#\/schema\/logo\/image\/"},"sameAs":["https:\/\/www.facebook.com\/unipersen\/?locale=tr_TR","https:\/\/x.com\/unipersen"]},{"@type":"Person","@id":"https:\/\/memurunsesi.net\/#\/schema\/person\/f21c2d73b89f6ee1d80b0a1803e38587","name":"Memurun Sesi Haber Merkezi","image":{"@type":"ImageObject","inLanguage":"tr","@id":"https:\/\/secure.gravatar.com\/avatar\/6cf0505f452ee753f485014986fab09a434671d2b919ee76fc541025c5876a70?s=96&d=mm&r=g","url":"https:\/\/secure.gravatar.com\/avatar\/6cf0505f452ee753f485014986fab09a434671d2b919ee76fc541025c5876a70?s=96&d=mm&r=g","contentUrl":"https:\/\/secure.gravatar.com\/avatar\/6cf0505f452ee753f485014986fab09a434671d2b919ee76fc541025c5876a70?s=96&d=mm&r=g","caption":"Memurun Sesi Haber Merkezi"},"sameAs":["https:\/\/memurunsesi.net"],"url":"https:\/\/memurunsesi.net\/index.php\/author\/uniper\/"}]}},"_links":{"self":[{"href":"https:\/\/memurunsesi.net\/index.php\/wp-json\/wp\/v2\/posts\/8966","targetHints":{"allow":["GET"]}}],"collection":[{"href":"https:\/\/memurunsesi.net\/index.php\/wp-json\/wp\/v2\/posts"}],"about":[{"href":"https:\/\/memurunsesi.net\/index.php\/wp-json\/wp\/v2\/types\/post"}],"author":[{"embeddable":true,"href":"https:\/\/memurunsesi.net\/index.php\/wp-json\/wp\/v2\/users\/1"}],"replies":[{"embeddable":true,"href":"https:\/\/memurunsesi.net\/index.php\/wp-json\/wp\/v2\/comments?post=8966"}],"version-history":[{"count":1,"href":"https:\/\/memurunsesi.net\/index.php\/wp-json\/wp\/v2\/posts\/8966\/revisions"}],"predecessor-version":[{"id":8968,"href":"https:\/\/memurunsesi.net\/index.php\/wp-json\/wp\/v2\/posts\/8966\/revisions\/8968"}],"wp:featuredmedia":[{"embeddable":true,"href":"https:\/\/memurunsesi.net\/index.php\/wp-json\/wp\/v2\/media\/8967"}],"wp:attachment":[{"href":"https:\/\/memurunsesi.net\/index.php\/wp-json\/wp\/v2\/media?parent=8966"}],"wp:term":[{"taxonomy":"category","embeddable":true,"href":"https:\/\/memurunsesi.net\/index.php\/wp-json\/wp\/v2\/categories?post=8966"},{"taxonomy":"post_tag","embeddable":true,"href":"https:\/\/memurunsesi.net\/index.php\/wp-json\/wp\/v2\/tags?post=8966"}],"curies":[{"name":"wp","href":"https:\/\/api.w.org\/{rel}","templated":true}]}}