{"id":8982,"date":"2025-07-05T08:06:53","date_gmt":"2025-07-05T05:06:53","guid":{"rendered":"https:\/\/memurunsesi.net\/?p=8982"},"modified":"2025-07-05T08:06:53","modified_gmt":"2025-07-05T05:06:53","slug":"gemlikte-hakim-ve-savcilar-icin-veda-yemegi-duzenlendi","status":"publish","type":"post","link":"https:\/\/memurunsesi.net\/index.php\/2025\/07\/05\/gemlikte-hakim-ve-savcilar-icin-veda-yemegi-duzenlendi\/","title":{"rendered":"Gemlik&#8217;te hakim ve savc\u0131lar i\u00e7in veda yeme\u011fi d\u00fczenlendi"},"content":{"rendered":"<p>   Bursa&#8217;n\u0131n Gemlik il\u00e7esinde g\u00f6rev s\u00fcresi sona eren hakim, savc\u0131 ve daire m\u00fcd\u00fcrleri i\u00e7in veda yeme\u011fi d\u00fczenlendi.<br \/>\nGemlik Cumhuriyet Ba\u015fsavc\u0131s\u0131 Sercan Kocabey&#8217;in ev sahipli\u011finde d\u00fczenlenen programa, \u00e7evre adliyelerden ba\u015fsavc\u0131lar, adliye personeli ve \u00e7ok say\u0131da davetli kat\u0131ld\u0131. Tayinleri \u00e7\u0131kan savc\u0131lar Ahmet Faruk Temizkol, Sedat Demir, Mustafa Fatih Okumu\u015f, Eb\u00fcbekir K\u00fc\u00e7\u00fckkaya, Fatma Y\u0131ld\u0131z ve Alperen Arslan ile hakimler Buse Elitez Demir, F\u0131rat Arpak ve Enes Ka\u015fka&#8217;ya plaket takdim edildi. Plaket t\u00f6reninin ard\u0131ndan hakim ve savc\u0131lar k\u0131sa veda konu\u015fmalar\u0131 yapt\u0131.<br \/>\n  Veda gecesine Gemlik Kaymakam\u0131 Osman Aslan Canbaba, Gemlik Belediye Ba\u015fkan\u0131 \u015e\u00fckr\u00fc Deviren, Armutlu Belediye Ba\u015fkan\u0131 Cengiz Arslan, kurum m\u00fcd\u00fcrleri ve \u00e7ok say\u0131da adliye \u00e7al\u0131\u015fan\u0131 kat\u0131l\u0131m sa\u011flad\u0131.<br \/>\n  Program sonunda toplu hat\u0131ra foto\u011fraf\u0131 \u00e7ektirildi. <\/p>\n<p>5.07.2025                                  <\/p>\n","protected":false},"excerpt":{"rendered":"<p>Bursa&#8217;n\u0131n Gemlik il\u00e7esinde g\u00f6rev s\u00fcresi sona eren hakim, savc\u0131 ve daire m\u00fcd\u00fcrleri i\u00e7in veda yeme\u011fi d\u00fczenlendi. Gemlik Cumhuriyet Ba\u015fsavc\u0131s\u0131 Sercan Kocabey&#8217;in ev sahipli\u011finde d\u00fczenlenen programa, \u00e7evre adliyelerden ba\u015fsavc\u0131lar, adliye personeli ve \u00e7ok say\u0131da davetli kat\u0131ld\u0131. Tayinleri \u00e7\u0131kan savc\u0131lar Ahmet Faruk Temizkol, Sedat Demir, Mustafa Fatih Okumu\u015f, Eb\u00fcbekir K\u00fc\u00e7\u00fckkaya, Fatma Y\u0131ld\u0131z ve Alperen Arslan ile hakimler [&hellip;]<\/p>\n","protected":false},"author":1,"featured_media":8983,"comment_status":"open","ping_status":"open","sticky":false,"template":"","format":"standard","meta":{"footnotes":""},"categories":[1],"tags":[],"class_list":["post-8982","post","type-post","status-publish","format-standard","has-post-thumbnail","hentry","category-genel"],"yoast_head":"<!-- This site is optimized with the Yoast SEO plugin v27.4 - https:\/\/yoast.com\/product\/yoast-seo-wordpress\/ -->\n<title>Gemlik&#039;te hakim ve savc\u0131lar i\u00e7in veda yeme\u011fi d\u00fczenlendi - Memurun Sesi<\/title>\n<meta name=\"robots\" content=\"index, follow, max-snippet:-1, max-image-preview:large, max-video-preview:-1\" \/>\n<link rel=\"canonical\" href=\"https:\/\/memurunsesi.net\/index.php\/2025\/07\/05\/gemlikte-hakim-ve-savcilar-icin-veda-yemegi-duzenlendi\/\" \/>\n<meta property=\"og:locale\" content=\"tr_TR\" \/>\n<meta property=\"og:type\" content=\"article\" \/>\n<meta property=\"og:title\" content=\"Gemlik&#039;te hakim ve savc\u0131lar i\u00e7in veda yeme\u011fi d\u00fczenlendi - Memurun Sesi\" \/>\n<meta property=\"og:description\" content=\"Bursa&#8217;n\u0131n Gemlik il\u00e7esinde g\u00f6rev s\u00fcresi sona eren hakim, savc\u0131 ve daire m\u00fcd\u00fcrleri i\u00e7in veda yeme\u011fi d\u00fczenlendi. Gemlik Cumhuriyet Ba\u015fsavc\u0131s\u0131 Sercan Kocabey&#8217;in ev sahipli\u011finde d\u00fczenlenen programa, \u00e7evre adliyelerden ba\u015fsavc\u0131lar, adliye personeli ve \u00e7ok say\u0131da davetli kat\u0131ld\u0131. Tayinleri \u00e7\u0131kan savc\u0131lar Ahmet Faruk Temizkol, Sedat Demir, Mustafa Fatih Okumu\u015f, Eb\u00fcbekir K\u00fc\u00e7\u00fckkaya, Fatma Y\u0131ld\u0131z ve Alperen Arslan ile hakimler [&hellip;]\" \/>\n<meta property=\"og:url\" content=\"https:\/\/memurunsesi.net\/index.php\/2025\/07\/05\/gemlikte-hakim-ve-savcilar-icin-veda-yemegi-duzenlendi\/\" \/>\n<meta property=\"og:site_name\" content=\"Memurun Sesi\" \/>\n<meta property=\"article:publisher\" content=\"https:\/\/www.facebook.com\/unipersen\/?locale=tr_TR\" \/>\n<meta property=\"article:published_time\" content=\"2025-07-05T05:06:53+00:00\" \/>\n<meta property=\"og:image\" content=\"https:\/\/memurunsesi.net\/wp-content\/uploads\/2025\/07\/AW490793_03.jpg\" \/>\n\t<meta property=\"og:image:width\" content=\"1536\" \/>\n\t<meta property=\"og:image:height\" content=\"2048\" \/>\n\t<meta property=\"og:image:type\" content=\"image\/jpeg\" \/>\n<meta name=\"author\" content=\"Memurun Sesi Haber Merkezi\" \/>\n<meta name=\"twitter:card\" content=\"summary_large_image\" \/>\n<meta name=\"twitter:creator\" content=\"@unipersen\" \/>\n<meta name=\"twitter:site\" content=\"@unipersen\" \/>\n<meta name=\"twitter:label1\" content=\"Yazan:\" \/>\n\t<meta name=\"twitter:data1\" content=\"Memurun Sesi Haber Merkezi\" \/>\n\t<meta name=\"twitter:label2\" content=\"Tahmini okuma s\u00fcresi\" \/>\n\t<meta name=\"twitter:data2\" content=\"1 dakika\" \/>\n<script type=\"application\/ld+json\" class=\"yoast-schema-graph\">{\"@context\":\"https:\\\/\\\/schema.org\",\"@graph\":[{\"@type\":\"Article\",\"@id\":\"https:\\\/\\\/memurunsesi.net\\\/index.php\\\/2025\\\/07\\\/05\\\/gemlikte-hakim-ve-savcilar-icin-veda-yemegi-duzenlendi\\\/#article\",\"isPartOf\":{\"@id\":\"https:\\\/\\\/memurunsesi.net\\\/index.php\\\/2025\\\/07\\\/05\\\/gemlikte-hakim-ve-savcilar-icin-veda-yemegi-duzenlendi\\\/\"},\"author\":{\"name\":\"Memurun Sesi Haber Merkezi\",\"@id\":\"https:\\\/\\\/memurunsesi.net\\\/#\\\/schema\\\/person\\\/f21c2d73b89f6ee1d80b0a1803e38587\"},\"headline\":\"Gemlik&#8217;te hakim ve savc\u0131lar i\u00e7in veda yeme\u011fi d\u00fczenlendi\",\"datePublished\":\"2025-07-05T05:06:53+00:00\",\"mainEntityOfPage\":{\"@id\":\"https:\\\/\\\/memurunsesi.net\\\/index.php\\\/2025\\\/07\\\/05\\\/gemlikte-hakim-ve-savcilar-icin-veda-yemegi-duzenlendi\\\/\"},\"wordCount\":164,\"commentCount\":0,\"publisher\":{\"@id\":\"https:\\\/\\\/memurunsesi.net\\\/#organization\"},\"image\":{\"@id\":\"https:\\\/\\\/memurunsesi.net\\\/index.php\\\/2025\\\/07\\\/05\\\/gemlikte-hakim-ve-savcilar-icin-veda-yemegi-duzenlendi\\\/#primaryimage\"},\"thumbnailUrl\":\"https:\\\/\\\/memurunsesi.net\\\/wp-content\\\/uploads\\\/2025\\\/07\\\/AW490793_03.jpg\",\"inLanguage\":\"tr\",\"potentialAction\":[{\"@type\":\"CommentAction\",\"name\":\"Comment\",\"target\":[\"https:\\\/\\\/memurunsesi.net\\\/index.php\\\/2025\\\/07\\\/05\\\/gemlikte-hakim-ve-savcilar-icin-veda-yemegi-duzenlendi\\\/#respond\"]}]},{\"@type\":\"WebPage\",\"@id\":\"https:\\\/\\\/memurunsesi.net\\\/index.php\\\/2025\\\/07\\\/05\\\/gemlikte-hakim-ve-savcilar-icin-veda-yemegi-duzenlendi\\\/\",\"url\":\"https:\\\/\\\/memurunsesi.net\\\/index.php\\\/2025\\\/07\\\/05\\\/gemlikte-hakim-ve-savcilar-icin-veda-yemegi-duzenlendi\\\/\",\"name\":\"Gemlik'te hakim ve savc\u0131lar i\u00e7in veda yeme\u011fi d\u00fczenlendi - Memurun Sesi\",\"isPartOf\":{\"@id\":\"https:\\\/\\\/memurunsesi.net\\\/#website\"},\"primaryImageOfPage\":{\"@id\":\"https:\\\/\\\/memurunsesi.net\\\/index.php\\\/2025\\\/07\\\/05\\\/gemlikte-hakim-ve-savcilar-icin-veda-yemegi-duzenlendi\\\/#primaryimage\"},\"image\":{\"@id\":\"https:\\\/\\\/memurunsesi.net\\\/index.php\\\/2025\\\/07\\\/05\\\/gemlikte-hakim-ve-savcilar-icin-veda-yemegi-duzenlendi\\\/#primaryimage\"},\"thumbnailUrl\":\"https:\\\/\\\/memurunsesi.net\\\/wp-content\\\/uploads\\\/2025\\\/07\\\/AW490793_03.jpg\",\"datePublished\":\"2025-07-05T05:06:53+00:00\",\"breadcrumb\":{\"@id\":\"https:\\\/\\\/memurunsesi.net\\\/index.php\\\/2025\\\/07\\\/05\\\/gemlikte-hakim-ve-savcilar-icin-veda-yemegi-duzenlendi\\\/#breadcrumb\"},\"inLanguage\":\"tr\",\"potentialAction\":[{\"@type\":\"ReadAction\",\"target\":[\"https:\\\/\\\/memurunsesi.net\\\/index.php\\\/2025\\\/07\\\/05\\\/gemlikte-hakim-ve-savcilar-icin-veda-yemegi-duzenlendi\\\/\"]}]},{\"@type\":\"ImageObject\",\"inLanguage\":\"tr\",\"@id\":\"https:\\\/\\\/memurunsesi.net\\\/index.php\\\/2025\\\/07\\\/05\\\/gemlikte-hakim-ve-savcilar-icin-veda-yemegi-duzenlendi\\\/#primaryimage\",\"url\":\"https:\\\/\\\/memurunsesi.net\\\/wp-content\\\/uploads\\\/2025\\\/07\\\/AW490793_03.jpg\",\"contentUrl\":\"https:\\\/\\\/memurunsesi.net\\\/wp-content\\\/uploads\\\/2025\\\/07\\\/AW490793_03.jpg\",\"width\":1536,\"height\":2048,\"caption\":\"GEML\u0130K'TE H\u00c2K\u0130M VE SAVCILAR \u0130\u00c7\u0130N VEDA YEME\u011e\u0130 D\u00dcZENLEND\u0130 (HUR\u015e\u0130T TOPAL\\\/BURSA-\u0130HA) Bursa'n\u0131n Gemlik il\u00e7esinde g\u00f6rev s\u00fcresi sona eren hakim, savc\u0131 ve daire m\u00fcd\u00fcrleri i\u00e7in veda yeme\u011fi d\u00fczenlendi.\"},{\"@type\":\"BreadcrumbList\",\"@id\":\"https:\\\/\\\/memurunsesi.net\\\/index.php\\\/2025\\\/07\\\/05\\\/gemlikte-hakim-ve-savcilar-icin-veda-yemegi-duzenlendi\\\/#breadcrumb\",\"itemListElement\":[{\"@type\":\"ListItem\",\"position\":1,\"name\":\"Anasayfa\",\"item\":\"https:\\\/\\\/memurunsesi.net\\\/\"},{\"@type\":\"ListItem\",\"position\":2,\"name\":\"Gemlik&#8217;te hakim ve savc\u0131lar i\u00e7in veda yeme\u011fi d\u00fczenlendi\"}]},{\"@type\":\"WebSite\",\"@id\":\"https:\\\/\\\/memurunsesi.net\\\/#website\",\"url\":\"https:\\\/\\\/memurunsesi.net\\\/\",\"name\":\"Memurun Sesi\",\"description\":\"G\u00fcncel ve Do\u011fru Haber\",\"publisher\":{\"@id\":\"https:\\\/\\\/memurunsesi.net\\\/#organization\"},\"potentialAction\":[{\"@type\":\"SearchAction\",\"target\":{\"@type\":\"EntryPoint\",\"urlTemplate\":\"https:\\\/\\\/memurunsesi.net\\\/?s={search_term_string}\"},\"query-input\":{\"@type\":\"PropertyValueSpecification\",\"valueRequired\":true,\"valueName\":\"search_term_string\"}}],\"inLanguage\":\"tr\"},{\"@type\":\"Organization\",\"@id\":\"https:\\\/\\\/memurunsesi.net\\\/#organization\",\"name\":\"Memurun Sesi\",\"url\":\"https:\\\/\\\/memurunsesi.net\\\/\",\"logo\":{\"@type\":\"ImageObject\",\"inLanguage\":\"tr\",\"@id\":\"https:\\\/\\\/memurunsesi.net\\\/#\\\/schema\\\/logo\\\/image\\\/\",\"url\":\"https:\\\/\\\/memurunsesi.net\\\/wp-content\\\/uploads\\\/2025\\\/11\\\/cropped-MEMURUN-SESI.png\",\"contentUrl\":\"https:\\\/\\\/memurunsesi.net\\\/wp-content\\\/uploads\\\/2025\\\/11\\\/cropped-MEMURUN-SESI.png\",\"width\":238,\"height\":57,\"caption\":\"Memurun Sesi\"},\"image\":{\"@id\":\"https:\\\/\\\/memurunsesi.net\\\/#\\\/schema\\\/logo\\\/image\\\/\"},\"sameAs\":[\"https:\\\/\\\/www.facebook.com\\\/unipersen\\\/?locale=tr_TR\",\"https:\\\/\\\/x.com\\\/unipersen\"]},{\"@type\":\"Person\",\"@id\":\"https:\\\/\\\/memurunsesi.net\\\/#\\\/schema\\\/person\\\/f21c2d73b89f6ee1d80b0a1803e38587\",\"name\":\"Memurun Sesi Haber Merkezi\",\"image\":{\"@type\":\"ImageObject\",\"inLanguage\":\"tr\",\"@id\":\"https:\\\/\\\/secure.gravatar.com\\\/avatar\\\/6cf0505f452ee753f485014986fab09a434671d2b919ee76fc541025c5876a70?s=96&d=mm&r=g\",\"url\":\"https:\\\/\\\/secure.gravatar.com\\\/avatar\\\/6cf0505f452ee753f485014986fab09a434671d2b919ee76fc541025c5876a70?s=96&d=mm&r=g\",\"contentUrl\":\"https:\\\/\\\/secure.gravatar.com\\\/avatar\\\/6cf0505f452ee753f485014986fab09a434671d2b919ee76fc541025c5876a70?s=96&d=mm&r=g\",\"caption\":\"Memurun Sesi Haber Merkezi\"},\"sameAs\":[\"https:\\\/\\\/memurunsesi.net\"],\"url\":\"https:\\\/\\\/memurunsesi.net\\\/index.php\\\/author\\\/uniper\\\/\"}]}<\/script>\n<!-- \/ Yoast SEO plugin. -->","yoast_head_json":{"title":"Gemlik'te hakim ve savc\u0131lar i\u00e7in veda yeme\u011fi d\u00fczenlendi - Memurun Sesi","robots":{"index":"index","follow":"follow","max-snippet":"max-snippet:-1","max-image-preview":"max-image-preview:large","max-video-preview":"max-video-preview:-1"},"canonical":"https:\/\/memurunsesi.net\/index.php\/2025\/07\/05\/gemlikte-hakim-ve-savcilar-icin-veda-yemegi-duzenlendi\/","og_locale":"tr_TR","og_type":"article","og_title":"Gemlik'te hakim ve savc\u0131lar i\u00e7in veda yeme\u011fi d\u00fczenlendi - Memurun Sesi","og_description":"Bursa&#8217;n\u0131n Gemlik il\u00e7esinde g\u00f6rev s\u00fcresi sona eren hakim, savc\u0131 ve daire m\u00fcd\u00fcrleri i\u00e7in veda yeme\u011fi d\u00fczenlendi. Gemlik Cumhuriyet Ba\u015fsavc\u0131s\u0131 Sercan Kocabey&#8217;in ev sahipli\u011finde d\u00fczenlenen programa, \u00e7evre adliyelerden ba\u015fsavc\u0131lar, adliye personeli ve \u00e7ok say\u0131da davetli kat\u0131ld\u0131. Tayinleri \u00e7\u0131kan savc\u0131lar Ahmet Faruk Temizkol, Sedat Demir, Mustafa Fatih Okumu\u015f, Eb\u00fcbekir K\u00fc\u00e7\u00fckkaya, Fatma Y\u0131ld\u0131z ve Alperen Arslan ile hakimler [&hellip;]","og_url":"https:\/\/memurunsesi.net\/index.php\/2025\/07\/05\/gemlikte-hakim-ve-savcilar-icin-veda-yemegi-duzenlendi\/","og_site_name":"Memurun Sesi","article_publisher":"https:\/\/www.facebook.com\/unipersen\/?locale=tr_TR","article_published_time":"2025-07-05T05:06:53+00:00","og_image":[{"width":1536,"height":2048,"url":"https:\/\/memurunsesi.net\/wp-content\/uploads\/2025\/07\/AW490793_03.jpg","type":"image\/jpeg"}],"author":"Memurun Sesi Haber Merkezi","twitter_card":"summary_large_image","twitter_creator":"@unipersen","twitter_site":"@unipersen","twitter_misc":{"Yazan:":"Memurun Sesi Haber Merkezi","Tahmini okuma s\u00fcresi":"1 dakika"},"schema":{"@context":"https:\/\/schema.org","@graph":[{"@type":"Article","@id":"https:\/\/memurunsesi.net\/index.php\/2025\/07\/05\/gemlikte-hakim-ve-savcilar-icin-veda-yemegi-duzenlendi\/#article","isPartOf":{"@id":"https:\/\/memurunsesi.net\/index.php\/2025\/07\/05\/gemlikte-hakim-ve-savcilar-icin-veda-yemegi-duzenlendi\/"},"author":{"name":"Memurun Sesi Haber Merkezi","@id":"https:\/\/memurunsesi.net\/#\/schema\/person\/f21c2d73b89f6ee1d80b0a1803e38587"},"headline":"Gemlik&#8217;te hakim ve savc\u0131lar i\u00e7in veda yeme\u011fi d\u00fczenlendi","datePublished":"2025-07-05T05:06:53+00:00","mainEntityOfPage":{"@id":"https:\/\/memurunsesi.net\/index.php\/2025\/07\/05\/gemlikte-hakim-ve-savcilar-icin-veda-yemegi-duzenlendi\/"},"wordCount":164,"commentCount":0,"publisher":{"@id":"https:\/\/memurunsesi.net\/#organization"},"image":{"@id":"https:\/\/memurunsesi.net\/index.php\/2025\/07\/05\/gemlikte-hakim-ve-savcilar-icin-veda-yemegi-duzenlendi\/#primaryimage"},"thumbnailUrl":"https:\/\/memurunsesi.net\/wp-content\/uploads\/2025\/07\/AW490793_03.jpg","inLanguage":"tr","potentialAction":[{"@type":"CommentAction","name":"Comment","target":["https:\/\/memurunsesi.net\/index.php\/2025\/07\/05\/gemlikte-hakim-ve-savcilar-icin-veda-yemegi-duzenlendi\/#respond"]}]},{"@type":"WebPage","@id":"https:\/\/memurunsesi.net\/index.php\/2025\/07\/05\/gemlikte-hakim-ve-savcilar-icin-veda-yemegi-duzenlendi\/","url":"https:\/\/memurunsesi.net\/index.php\/2025\/07\/05\/gemlikte-hakim-ve-savcilar-icin-veda-yemegi-duzenlendi\/","name":"Gemlik'te hakim ve savc\u0131lar i\u00e7in veda yeme\u011fi d\u00fczenlendi - Memurun Sesi","isPartOf":{"@id":"https:\/\/memurunsesi.net\/#website"},"primaryImageOfPage":{"@id":"https:\/\/memurunsesi.net\/index.php\/2025\/07\/05\/gemlikte-hakim-ve-savcilar-icin-veda-yemegi-duzenlendi\/#primaryimage"},"image":{"@id":"https:\/\/memurunsesi.net\/index.php\/2025\/07\/05\/gemlikte-hakim-ve-savcilar-icin-veda-yemegi-duzenlendi\/#primaryimage"},"thumbnailUrl":"https:\/\/memurunsesi.net\/wp-content\/uploads\/2025\/07\/AW490793_03.jpg","datePublished":"2025-07-05T05:06:53+00:00","breadcrumb":{"@id":"https:\/\/memurunsesi.net\/index.php\/2025\/07\/05\/gemlikte-hakim-ve-savcilar-icin-veda-yemegi-duzenlendi\/#breadcrumb"},"inLanguage":"tr","potentialAction":[{"@type":"ReadAction","target":["https:\/\/memurunsesi.net\/index.php\/2025\/07\/05\/gemlikte-hakim-ve-savcilar-icin-veda-yemegi-duzenlendi\/"]}]},{"@type":"ImageObject","inLanguage":"tr","@id":"https:\/\/memurunsesi.net\/index.php\/2025\/07\/05\/gemlikte-hakim-ve-savcilar-icin-veda-yemegi-duzenlendi\/#primaryimage","url":"https:\/\/memurunsesi.net\/wp-content\/uploads\/2025\/07\/AW490793_03.jpg","contentUrl":"https:\/\/memurunsesi.net\/wp-content\/uploads\/2025\/07\/AW490793_03.jpg","width":1536,"height":2048,"caption":"GEML\u0130K'TE H\u00c2K\u0130M VE SAVCILAR \u0130\u00c7\u0130N VEDA YEME\u011e\u0130 D\u00dcZENLEND\u0130 (HUR\u015e\u0130T TOPAL\/BURSA-\u0130HA) Bursa'n\u0131n Gemlik il\u00e7esinde g\u00f6rev s\u00fcresi sona eren hakim, savc\u0131 ve daire m\u00fcd\u00fcrleri i\u00e7in veda yeme\u011fi d\u00fczenlendi."},{"@type":"BreadcrumbList","@id":"https:\/\/memurunsesi.net\/index.php\/2025\/07\/05\/gemlikte-hakim-ve-savcilar-icin-veda-yemegi-duzenlendi\/#breadcrumb","itemListElement":[{"@type":"ListItem","position":1,"name":"Anasayfa","item":"https:\/\/memurunsesi.net\/"},{"@type":"ListItem","position":2,"name":"Gemlik&#8217;te hakim ve savc\u0131lar i\u00e7in veda yeme\u011fi d\u00fczenlendi"}]},{"@type":"WebSite","@id":"https:\/\/memurunsesi.net\/#website","url":"https:\/\/memurunsesi.net\/","name":"Memurun Sesi","description":"G\u00fcncel ve Do\u011fru Haber","publisher":{"@id":"https:\/\/memurunsesi.net\/#organization"},"potentialAction":[{"@type":"SearchAction","target":{"@type":"EntryPoint","urlTemplate":"https:\/\/memurunsesi.net\/?s={search_term_string}"},"query-input":{"@type":"PropertyValueSpecification","valueRequired":true,"valueName":"search_term_string"}}],"inLanguage":"tr"},{"@type":"Organization","@id":"https:\/\/memurunsesi.net\/#organization","name":"Memurun Sesi","url":"https:\/\/memurunsesi.net\/","logo":{"@type":"ImageObject","inLanguage":"tr","@id":"https:\/\/memurunsesi.net\/#\/schema\/logo\/image\/","url":"https:\/\/memurunsesi.net\/wp-content\/uploads\/2025\/11\/cropped-MEMURUN-SESI.png","contentUrl":"https:\/\/memurunsesi.net\/wp-content\/uploads\/2025\/11\/cropped-MEMURUN-SESI.png","width":238,"height":57,"caption":"Memurun Sesi"},"image":{"@id":"https:\/\/memurunsesi.net\/#\/schema\/logo\/image\/"},"sameAs":["https:\/\/www.facebook.com\/unipersen\/?locale=tr_TR","https:\/\/x.com\/unipersen"]},{"@type":"Person","@id":"https:\/\/memurunsesi.net\/#\/schema\/person\/f21c2d73b89f6ee1d80b0a1803e38587","name":"Memurun Sesi Haber Merkezi","image":{"@type":"ImageObject","inLanguage":"tr","@id":"https:\/\/secure.gravatar.com\/avatar\/6cf0505f452ee753f485014986fab09a434671d2b919ee76fc541025c5876a70?s=96&d=mm&r=g","url":"https:\/\/secure.gravatar.com\/avatar\/6cf0505f452ee753f485014986fab09a434671d2b919ee76fc541025c5876a70?s=96&d=mm&r=g","contentUrl":"https:\/\/secure.gravatar.com\/avatar\/6cf0505f452ee753f485014986fab09a434671d2b919ee76fc541025c5876a70?s=96&d=mm&r=g","caption":"Memurun Sesi Haber Merkezi"},"sameAs":["https:\/\/memurunsesi.net"],"url":"https:\/\/memurunsesi.net\/index.php\/author\/uniper\/"}]}},"_links":{"self":[{"href":"https:\/\/memurunsesi.net\/index.php\/wp-json\/wp\/v2\/posts\/8982","targetHints":{"allow":["GET"]}}],"collection":[{"href":"https:\/\/memurunsesi.net\/index.php\/wp-json\/wp\/v2\/posts"}],"about":[{"href":"https:\/\/memurunsesi.net\/index.php\/wp-json\/wp\/v2\/types\/post"}],"author":[{"embeddable":true,"href":"https:\/\/memurunsesi.net\/index.php\/wp-json\/wp\/v2\/users\/1"}],"replies":[{"embeddable":true,"href":"https:\/\/memurunsesi.net\/index.php\/wp-json\/wp\/v2\/comments?post=8982"}],"version-history":[{"count":1,"href":"https:\/\/memurunsesi.net\/index.php\/wp-json\/wp\/v2\/posts\/8982\/revisions"}],"predecessor-version":[{"id":8984,"href":"https:\/\/memurunsesi.net\/index.php\/wp-json\/wp\/v2\/posts\/8982\/revisions\/8984"}],"wp:featuredmedia":[{"embeddable":true,"href":"https:\/\/memurunsesi.net\/index.php\/wp-json\/wp\/v2\/media\/8983"}],"wp:attachment":[{"href":"https:\/\/memurunsesi.net\/index.php\/wp-json\/wp\/v2\/media?parent=8982"}],"wp:term":[{"taxonomy":"category","embeddable":true,"href":"https:\/\/memurunsesi.net\/index.php\/wp-json\/wp\/v2\/categories?post=8982"},{"taxonomy":"post_tag","embeddable":true,"href":"https:\/\/memurunsesi.net\/index.php\/wp-json\/wp\/v2\/tags?post=8982"}],"curies":[{"name":"wp","href":"https:\/\/api.w.org\/{rel}","templated":true}]}}