{"id":8988,"date":"2025-07-05T08:10:14","date_gmt":"2025-07-05T05:10:14","guid":{"rendered":"https:\/\/memurunsesi.net\/?p=8988"},"modified":"2025-07-05T08:10:14","modified_gmt":"2025-07-05T05:10:14","slug":"kars-selim-karayolu-dolu-yagisiyla-beyaza-burundu","status":"publish","type":"post","link":"https:\/\/memurunsesi.net\/index.php\/2025\/07\/05\/kars-selim-karayolu-dolu-yagisiyla-beyaza-burundu\/","title":{"rendered":"Kars-Selim karayolu dolu ya\u011f\u0131\u015f\u0131yla beyaza b\u00fcr\u00fcnd\u00fc"},"content":{"rendered":"<p> Kars&#8217;ta etkili olan dolu ya\u011f\u0131\u015f\u0131 Kars-Selim karayolunu beyaza b\u00fcr\u00fcd\u00fc. O anlar bir s\u00fcr\u00fcc\u00fcn\u00fcn cep telefonu kameras\u0131na yans\u0131d\u0131.<br \/>\n  Meteorolojinin uyar\u0131lar\u0131n\u0131n ard\u0131ndan beklenen ya\u011f\u0131\u015flar, Kars ve \u00e7evresinde etkili olmaya ba\u015flad\u0131. \u00d6zellikle Kars-Selim karayolu \u00fczerinde yo\u011funla\u015fan dolu ya\u011f\u0131\u015f\u0131, k\u0131sa s\u00fcrede her yeri kaplad\u0131. S\u00fcr\u00fcc\u00fcler, g\u00f6r\u00fc\u015f mesafesinin d\u00fc\u015fmesi ve zeminin kayganla\u015fmas\u0131 nedeniyle ilerlemekte g\u00fc\u00e7l\u00fck \u00e7ekti. Baz\u0131 s\u00fcr\u00fcc\u00fcler ara\u00e7lar\u0131n\u0131 emniyet \u015feridine \u00e7ekerken, trafik ekipleri g\u00fczergahta kontrollerini art\u0131rd\u0131.<br \/>\n  Yakla\u015f\u0131k 10 dakika s\u00fcren dolu ya\u011f\u0131\u015f\u0131n\u0131n ard\u0131ndan karayolu, beyaz \u00f6rt\u00fcyle kapland\u0131. O anlar cep telefonu kameras\u0131yla kaydedildi. <\/p>\n<p>5.07.2025                               <\/p>\n","protected":false},"excerpt":{"rendered":"<p>Kars&#8217;ta etkili olan dolu ya\u011f\u0131\u015f\u0131 Kars-Selim karayolunu beyaza b\u00fcr\u00fcd\u00fc. O anlar bir s\u00fcr\u00fcc\u00fcn\u00fcn cep telefonu kameras\u0131na yans\u0131d\u0131. Meteorolojinin uyar\u0131lar\u0131n\u0131n ard\u0131ndan beklenen ya\u011f\u0131\u015flar, Kars ve \u00e7evresinde etkili olmaya ba\u015flad\u0131. \u00d6zellikle Kars-Selim karayolu \u00fczerinde yo\u011funla\u015fan dolu ya\u011f\u0131\u015f\u0131, k\u0131sa s\u00fcrede her yeri kaplad\u0131. S\u00fcr\u00fcc\u00fcler, g\u00f6r\u00fc\u015f mesafesinin d\u00fc\u015fmesi ve zeminin kayganla\u015fmas\u0131 nedeniyle ilerlemekte g\u00fc\u00e7l\u00fck \u00e7ekti. Baz\u0131 s\u00fcr\u00fcc\u00fcler ara\u00e7lar\u0131n\u0131 emniyet [&hellip;]<\/p>\n","protected":false},"author":1,"featured_media":8989,"comment_status":"open","ping_status":"open","sticky":false,"template":"","format":"standard","meta":{"footnotes":""},"categories":[1],"tags":[],"class_list":["post-8988","post","type-post","status-publish","format-standard","has-post-thumbnail","hentry","category-genel"],"yoast_head":"<!-- This site is optimized with the Yoast SEO plugin v27.4 - https:\/\/yoast.com\/product\/yoast-seo-wordpress\/ -->\n<title>Kars-Selim karayolu dolu ya\u011f\u0131\u015f\u0131yla beyaza b\u00fcr\u00fcnd\u00fc - Memurun Sesi<\/title>\n<meta name=\"robots\" content=\"index, follow, max-snippet:-1, max-image-preview:large, max-video-preview:-1\" \/>\n<link rel=\"canonical\" href=\"https:\/\/memurunsesi.net\/index.php\/2025\/07\/05\/kars-selim-karayolu-dolu-yagisiyla-beyaza-burundu\/\" \/>\n<meta property=\"og:locale\" content=\"tr_TR\" \/>\n<meta property=\"og:type\" content=\"article\" \/>\n<meta property=\"og:title\" content=\"Kars-Selim karayolu dolu ya\u011f\u0131\u015f\u0131yla beyaza b\u00fcr\u00fcnd\u00fc - Memurun Sesi\" \/>\n<meta property=\"og:description\" content=\"Kars&#8217;ta etkili olan dolu ya\u011f\u0131\u015f\u0131 Kars-Selim karayolunu beyaza b\u00fcr\u00fcd\u00fc. O anlar bir s\u00fcr\u00fcc\u00fcn\u00fcn cep telefonu kameras\u0131na yans\u0131d\u0131. Meteorolojinin uyar\u0131lar\u0131n\u0131n ard\u0131ndan beklenen ya\u011f\u0131\u015flar, Kars ve \u00e7evresinde etkili olmaya ba\u015flad\u0131. \u00d6zellikle Kars-Selim karayolu \u00fczerinde yo\u011funla\u015fan dolu ya\u011f\u0131\u015f\u0131, k\u0131sa s\u00fcrede her yeri kaplad\u0131. S\u00fcr\u00fcc\u00fcler, g\u00f6r\u00fc\u015f mesafesinin d\u00fc\u015fmesi ve zeminin kayganla\u015fmas\u0131 nedeniyle ilerlemekte g\u00fc\u00e7l\u00fck \u00e7ekti. Baz\u0131 s\u00fcr\u00fcc\u00fcler ara\u00e7lar\u0131n\u0131 emniyet [&hellip;]\" \/>\n<meta property=\"og:url\" content=\"https:\/\/memurunsesi.net\/index.php\/2025\/07\/05\/kars-selim-karayolu-dolu-yagisiyla-beyaza-burundu\/\" \/>\n<meta property=\"og:site_name\" content=\"Memurun Sesi\" \/>\n<meta property=\"article:publisher\" content=\"https:\/\/www.facebook.com\/unipersen\/?locale=tr_TR\" \/>\n<meta property=\"article:published_time\" content=\"2025-07-05T05:10:14+00:00\" \/>\n<meta property=\"og:image\" content=\"https:\/\/memurunsesi.net\/wp-content\/uploads\/2025\/07\/AW490759_01.jpg\" \/>\n\t<meta property=\"og:image:width\" content=\"692\" \/>\n\t<meta property=\"og:image:height\" content=\"1000\" \/>\n\t<meta property=\"og:image:type\" content=\"image\/jpeg\" \/>\n<meta name=\"author\" content=\"Memurun Sesi Haber Merkezi\" \/>\n<meta name=\"twitter:card\" content=\"summary_large_image\" \/>\n<meta name=\"twitter:creator\" content=\"@unipersen\" \/>\n<meta name=\"twitter:site\" content=\"@unipersen\" \/>\n<meta name=\"twitter:label1\" content=\"Yazan:\" \/>\n\t<meta name=\"twitter:data1\" content=\"Memurun Sesi Haber Merkezi\" \/>\n\t<meta name=\"twitter:label2\" content=\"Tahmini okuma s\u00fcresi\" \/>\n\t<meta name=\"twitter:data2\" content=\"1 dakika\" \/>\n<script type=\"application\/ld+json\" class=\"yoast-schema-graph\">{\"@context\":\"https:\\\/\\\/schema.org\",\"@graph\":[{\"@type\":\"Article\",\"@id\":\"https:\\\/\\\/memurunsesi.net\\\/index.php\\\/2025\\\/07\\\/05\\\/kars-selim-karayolu-dolu-yagisiyla-beyaza-burundu\\\/#article\",\"isPartOf\":{\"@id\":\"https:\\\/\\\/memurunsesi.net\\\/index.php\\\/2025\\\/07\\\/05\\\/kars-selim-karayolu-dolu-yagisiyla-beyaza-burundu\\\/\"},\"author\":{\"name\":\"Memurun Sesi Haber Merkezi\",\"@id\":\"https:\\\/\\\/memurunsesi.net\\\/#\\\/schema\\\/person\\\/f21c2d73b89f6ee1d80b0a1803e38587\"},\"headline\":\"Kars-Selim karayolu dolu ya\u011f\u0131\u015f\u0131yla beyaza b\u00fcr\u00fcnd\u00fc\",\"datePublished\":\"2025-07-05T05:10:14+00:00\",\"mainEntityOfPage\":{\"@id\":\"https:\\\/\\\/memurunsesi.net\\\/index.php\\\/2025\\\/07\\\/05\\\/kars-selim-karayolu-dolu-yagisiyla-beyaza-burundu\\\/\"},\"wordCount\":128,\"commentCount\":0,\"publisher\":{\"@id\":\"https:\\\/\\\/memurunsesi.net\\\/#organization\"},\"image\":{\"@id\":\"https:\\\/\\\/memurunsesi.net\\\/index.php\\\/2025\\\/07\\\/05\\\/kars-selim-karayolu-dolu-yagisiyla-beyaza-burundu\\\/#primaryimage\"},\"thumbnailUrl\":\"https:\\\/\\\/memurunsesi.net\\\/wp-content\\\/uploads\\\/2025\\\/07\\\/AW490759_01.jpg\",\"inLanguage\":\"tr\",\"potentialAction\":[{\"@type\":\"CommentAction\",\"name\":\"Comment\",\"target\":[\"https:\\\/\\\/memurunsesi.net\\\/index.php\\\/2025\\\/07\\\/05\\\/kars-selim-karayolu-dolu-yagisiyla-beyaza-burundu\\\/#respond\"]}]},{\"@type\":\"WebPage\",\"@id\":\"https:\\\/\\\/memurunsesi.net\\\/index.php\\\/2025\\\/07\\\/05\\\/kars-selim-karayolu-dolu-yagisiyla-beyaza-burundu\\\/\",\"url\":\"https:\\\/\\\/memurunsesi.net\\\/index.php\\\/2025\\\/07\\\/05\\\/kars-selim-karayolu-dolu-yagisiyla-beyaza-burundu\\\/\",\"name\":\"Kars-Selim karayolu dolu ya\u011f\u0131\u015f\u0131yla beyaza b\u00fcr\u00fcnd\u00fc - Memurun Sesi\",\"isPartOf\":{\"@id\":\"https:\\\/\\\/memurunsesi.net\\\/#website\"},\"primaryImageOfPage\":{\"@id\":\"https:\\\/\\\/memurunsesi.net\\\/index.php\\\/2025\\\/07\\\/05\\\/kars-selim-karayolu-dolu-yagisiyla-beyaza-burundu\\\/#primaryimage\"},\"image\":{\"@id\":\"https:\\\/\\\/memurunsesi.net\\\/index.php\\\/2025\\\/07\\\/05\\\/kars-selim-karayolu-dolu-yagisiyla-beyaza-burundu\\\/#primaryimage\"},\"thumbnailUrl\":\"https:\\\/\\\/memurunsesi.net\\\/wp-content\\\/uploads\\\/2025\\\/07\\\/AW490759_01.jpg\",\"datePublished\":\"2025-07-05T05:10:14+00:00\",\"breadcrumb\":{\"@id\":\"https:\\\/\\\/memurunsesi.net\\\/index.php\\\/2025\\\/07\\\/05\\\/kars-selim-karayolu-dolu-yagisiyla-beyaza-burundu\\\/#breadcrumb\"},\"inLanguage\":\"tr\",\"potentialAction\":[{\"@type\":\"ReadAction\",\"target\":[\"https:\\\/\\\/memurunsesi.net\\\/index.php\\\/2025\\\/07\\\/05\\\/kars-selim-karayolu-dolu-yagisiyla-beyaza-burundu\\\/\"]}]},{\"@type\":\"ImageObject\",\"inLanguage\":\"tr\",\"@id\":\"https:\\\/\\\/memurunsesi.net\\\/index.php\\\/2025\\\/07\\\/05\\\/kars-selim-karayolu-dolu-yagisiyla-beyaza-burundu\\\/#primaryimage\",\"url\":\"https:\\\/\\\/memurunsesi.net\\\/wp-content\\\/uploads\\\/2025\\\/07\\\/AW490759_01.jpg\",\"contentUrl\":\"https:\\\/\\\/memurunsesi.net\\\/wp-content\\\/uploads\\\/2025\\\/07\\\/AW490759_01.jpg\",\"width\":692,\"height\":1000,\"caption\":\"KARS-SEL\u0130M KARAYOLU DOLU YA\u011eI\u015eIYLA BEYAZA B\u00dcR\u00dcND\u00dc(KARS-\u0130HA) (\u0130HA\\\/KARS-\u0130HA) Kars'ta etkili olan dolu ya\u011f\u0131\u015f\u0131 Kars-Selim karayolunu beyaza b\u00fcr\u00fcd\u00fc. O anlar bir s\u00fcr\u00fcc\u00fcn\u00fcn cep telefonu kameras\u0131na yans\u0131d\u0131.\"},{\"@type\":\"BreadcrumbList\",\"@id\":\"https:\\\/\\\/memurunsesi.net\\\/index.php\\\/2025\\\/07\\\/05\\\/kars-selim-karayolu-dolu-yagisiyla-beyaza-burundu\\\/#breadcrumb\",\"itemListElement\":[{\"@type\":\"ListItem\",\"position\":1,\"name\":\"Anasayfa\",\"item\":\"https:\\\/\\\/memurunsesi.net\\\/\"},{\"@type\":\"ListItem\",\"position\":2,\"name\":\"Kars-Selim karayolu dolu ya\u011f\u0131\u015f\u0131yla beyaza b\u00fcr\u00fcnd\u00fc\"}]},{\"@type\":\"WebSite\",\"@id\":\"https:\\\/\\\/memurunsesi.net\\\/#website\",\"url\":\"https:\\\/\\\/memurunsesi.net\\\/\",\"name\":\"Memurun Sesi\",\"description\":\"G\u00fcncel ve Do\u011fru Haber\",\"publisher\":{\"@id\":\"https:\\\/\\\/memurunsesi.net\\\/#organization\"},\"potentialAction\":[{\"@type\":\"SearchAction\",\"target\":{\"@type\":\"EntryPoint\",\"urlTemplate\":\"https:\\\/\\\/memurunsesi.net\\\/?s={search_term_string}\"},\"query-input\":{\"@type\":\"PropertyValueSpecification\",\"valueRequired\":true,\"valueName\":\"search_term_string\"}}],\"inLanguage\":\"tr\"},{\"@type\":\"Organization\",\"@id\":\"https:\\\/\\\/memurunsesi.net\\\/#organization\",\"name\":\"Memurun Sesi\",\"url\":\"https:\\\/\\\/memurunsesi.net\\\/\",\"logo\":{\"@type\":\"ImageObject\",\"inLanguage\":\"tr\",\"@id\":\"https:\\\/\\\/memurunsesi.net\\\/#\\\/schema\\\/logo\\\/image\\\/\",\"url\":\"https:\\\/\\\/memurunsesi.net\\\/wp-content\\\/uploads\\\/2025\\\/11\\\/cropped-MEMURUN-SESI.png\",\"contentUrl\":\"https:\\\/\\\/memurunsesi.net\\\/wp-content\\\/uploads\\\/2025\\\/11\\\/cropped-MEMURUN-SESI.png\",\"width\":238,\"height\":57,\"caption\":\"Memurun Sesi\"},\"image\":{\"@id\":\"https:\\\/\\\/memurunsesi.net\\\/#\\\/schema\\\/logo\\\/image\\\/\"},\"sameAs\":[\"https:\\\/\\\/www.facebook.com\\\/unipersen\\\/?locale=tr_TR\",\"https:\\\/\\\/x.com\\\/unipersen\"]},{\"@type\":\"Person\",\"@id\":\"https:\\\/\\\/memurunsesi.net\\\/#\\\/schema\\\/person\\\/f21c2d73b89f6ee1d80b0a1803e38587\",\"name\":\"Memurun Sesi Haber Merkezi\",\"image\":{\"@type\":\"ImageObject\",\"inLanguage\":\"tr\",\"@id\":\"https:\\\/\\\/secure.gravatar.com\\\/avatar\\\/6cf0505f452ee753f485014986fab09a434671d2b919ee76fc541025c5876a70?s=96&d=mm&r=g\",\"url\":\"https:\\\/\\\/secure.gravatar.com\\\/avatar\\\/6cf0505f452ee753f485014986fab09a434671d2b919ee76fc541025c5876a70?s=96&d=mm&r=g\",\"contentUrl\":\"https:\\\/\\\/secure.gravatar.com\\\/avatar\\\/6cf0505f452ee753f485014986fab09a434671d2b919ee76fc541025c5876a70?s=96&d=mm&r=g\",\"caption\":\"Memurun Sesi Haber Merkezi\"},\"sameAs\":[\"https:\\\/\\\/memurunsesi.net\"],\"url\":\"https:\\\/\\\/memurunsesi.net\\\/index.php\\\/author\\\/uniper\\\/\"}]}<\/script>\n<!-- \/ Yoast SEO plugin. -->","yoast_head_json":{"title":"Kars-Selim karayolu dolu ya\u011f\u0131\u015f\u0131yla beyaza b\u00fcr\u00fcnd\u00fc - Memurun Sesi","robots":{"index":"index","follow":"follow","max-snippet":"max-snippet:-1","max-image-preview":"max-image-preview:large","max-video-preview":"max-video-preview:-1"},"canonical":"https:\/\/memurunsesi.net\/index.php\/2025\/07\/05\/kars-selim-karayolu-dolu-yagisiyla-beyaza-burundu\/","og_locale":"tr_TR","og_type":"article","og_title":"Kars-Selim karayolu dolu ya\u011f\u0131\u015f\u0131yla beyaza b\u00fcr\u00fcnd\u00fc - Memurun Sesi","og_description":"Kars&#8217;ta etkili olan dolu ya\u011f\u0131\u015f\u0131 Kars-Selim karayolunu beyaza b\u00fcr\u00fcd\u00fc. O anlar bir s\u00fcr\u00fcc\u00fcn\u00fcn cep telefonu kameras\u0131na yans\u0131d\u0131. Meteorolojinin uyar\u0131lar\u0131n\u0131n ard\u0131ndan beklenen ya\u011f\u0131\u015flar, Kars ve \u00e7evresinde etkili olmaya ba\u015flad\u0131. \u00d6zellikle Kars-Selim karayolu \u00fczerinde yo\u011funla\u015fan dolu ya\u011f\u0131\u015f\u0131, k\u0131sa s\u00fcrede her yeri kaplad\u0131. S\u00fcr\u00fcc\u00fcler, g\u00f6r\u00fc\u015f mesafesinin d\u00fc\u015fmesi ve zeminin kayganla\u015fmas\u0131 nedeniyle ilerlemekte g\u00fc\u00e7l\u00fck \u00e7ekti. Baz\u0131 s\u00fcr\u00fcc\u00fcler ara\u00e7lar\u0131n\u0131 emniyet [&hellip;]","og_url":"https:\/\/memurunsesi.net\/index.php\/2025\/07\/05\/kars-selim-karayolu-dolu-yagisiyla-beyaza-burundu\/","og_site_name":"Memurun Sesi","article_publisher":"https:\/\/www.facebook.com\/unipersen\/?locale=tr_TR","article_published_time":"2025-07-05T05:10:14+00:00","og_image":[{"width":692,"height":1000,"url":"https:\/\/memurunsesi.net\/wp-content\/uploads\/2025\/07\/AW490759_01.jpg","type":"image\/jpeg"}],"author":"Memurun Sesi Haber Merkezi","twitter_card":"summary_large_image","twitter_creator":"@unipersen","twitter_site":"@unipersen","twitter_misc":{"Yazan:":"Memurun Sesi Haber Merkezi","Tahmini okuma s\u00fcresi":"1 dakika"},"schema":{"@context":"https:\/\/schema.org","@graph":[{"@type":"Article","@id":"https:\/\/memurunsesi.net\/index.php\/2025\/07\/05\/kars-selim-karayolu-dolu-yagisiyla-beyaza-burundu\/#article","isPartOf":{"@id":"https:\/\/memurunsesi.net\/index.php\/2025\/07\/05\/kars-selim-karayolu-dolu-yagisiyla-beyaza-burundu\/"},"author":{"name":"Memurun Sesi Haber Merkezi","@id":"https:\/\/memurunsesi.net\/#\/schema\/person\/f21c2d73b89f6ee1d80b0a1803e38587"},"headline":"Kars-Selim karayolu dolu ya\u011f\u0131\u015f\u0131yla beyaza b\u00fcr\u00fcnd\u00fc","datePublished":"2025-07-05T05:10:14+00:00","mainEntityOfPage":{"@id":"https:\/\/memurunsesi.net\/index.php\/2025\/07\/05\/kars-selim-karayolu-dolu-yagisiyla-beyaza-burundu\/"},"wordCount":128,"commentCount":0,"publisher":{"@id":"https:\/\/memurunsesi.net\/#organization"},"image":{"@id":"https:\/\/memurunsesi.net\/index.php\/2025\/07\/05\/kars-selim-karayolu-dolu-yagisiyla-beyaza-burundu\/#primaryimage"},"thumbnailUrl":"https:\/\/memurunsesi.net\/wp-content\/uploads\/2025\/07\/AW490759_01.jpg","inLanguage":"tr","potentialAction":[{"@type":"CommentAction","name":"Comment","target":["https:\/\/memurunsesi.net\/index.php\/2025\/07\/05\/kars-selim-karayolu-dolu-yagisiyla-beyaza-burundu\/#respond"]}]},{"@type":"WebPage","@id":"https:\/\/memurunsesi.net\/index.php\/2025\/07\/05\/kars-selim-karayolu-dolu-yagisiyla-beyaza-burundu\/","url":"https:\/\/memurunsesi.net\/index.php\/2025\/07\/05\/kars-selim-karayolu-dolu-yagisiyla-beyaza-burundu\/","name":"Kars-Selim karayolu dolu ya\u011f\u0131\u015f\u0131yla beyaza b\u00fcr\u00fcnd\u00fc - Memurun Sesi","isPartOf":{"@id":"https:\/\/memurunsesi.net\/#website"},"primaryImageOfPage":{"@id":"https:\/\/memurunsesi.net\/index.php\/2025\/07\/05\/kars-selim-karayolu-dolu-yagisiyla-beyaza-burundu\/#primaryimage"},"image":{"@id":"https:\/\/memurunsesi.net\/index.php\/2025\/07\/05\/kars-selim-karayolu-dolu-yagisiyla-beyaza-burundu\/#primaryimage"},"thumbnailUrl":"https:\/\/memurunsesi.net\/wp-content\/uploads\/2025\/07\/AW490759_01.jpg","datePublished":"2025-07-05T05:10:14+00:00","breadcrumb":{"@id":"https:\/\/memurunsesi.net\/index.php\/2025\/07\/05\/kars-selim-karayolu-dolu-yagisiyla-beyaza-burundu\/#breadcrumb"},"inLanguage":"tr","potentialAction":[{"@type":"ReadAction","target":["https:\/\/memurunsesi.net\/index.php\/2025\/07\/05\/kars-selim-karayolu-dolu-yagisiyla-beyaza-burundu\/"]}]},{"@type":"ImageObject","inLanguage":"tr","@id":"https:\/\/memurunsesi.net\/index.php\/2025\/07\/05\/kars-selim-karayolu-dolu-yagisiyla-beyaza-burundu\/#primaryimage","url":"https:\/\/memurunsesi.net\/wp-content\/uploads\/2025\/07\/AW490759_01.jpg","contentUrl":"https:\/\/memurunsesi.net\/wp-content\/uploads\/2025\/07\/AW490759_01.jpg","width":692,"height":1000,"caption":"KARS-SEL\u0130M KARAYOLU DOLU YA\u011eI\u015eIYLA BEYAZA B\u00dcR\u00dcND\u00dc(KARS-\u0130HA) (\u0130HA\/KARS-\u0130HA) Kars'ta etkili olan dolu ya\u011f\u0131\u015f\u0131 Kars-Selim karayolunu beyaza b\u00fcr\u00fcd\u00fc. O anlar bir s\u00fcr\u00fcc\u00fcn\u00fcn cep telefonu kameras\u0131na yans\u0131d\u0131."},{"@type":"BreadcrumbList","@id":"https:\/\/memurunsesi.net\/index.php\/2025\/07\/05\/kars-selim-karayolu-dolu-yagisiyla-beyaza-burundu\/#breadcrumb","itemListElement":[{"@type":"ListItem","position":1,"name":"Anasayfa","item":"https:\/\/memurunsesi.net\/"},{"@type":"ListItem","position":2,"name":"Kars-Selim karayolu dolu ya\u011f\u0131\u015f\u0131yla beyaza b\u00fcr\u00fcnd\u00fc"}]},{"@type":"WebSite","@id":"https:\/\/memurunsesi.net\/#website","url":"https:\/\/memurunsesi.net\/","name":"Memurun Sesi","description":"G\u00fcncel ve Do\u011fru Haber","publisher":{"@id":"https:\/\/memurunsesi.net\/#organization"},"potentialAction":[{"@type":"SearchAction","target":{"@type":"EntryPoint","urlTemplate":"https:\/\/memurunsesi.net\/?s={search_term_string}"},"query-input":{"@type":"PropertyValueSpecification","valueRequired":true,"valueName":"search_term_string"}}],"inLanguage":"tr"},{"@type":"Organization","@id":"https:\/\/memurunsesi.net\/#organization","name":"Memurun Sesi","url":"https:\/\/memurunsesi.net\/","logo":{"@type":"ImageObject","inLanguage":"tr","@id":"https:\/\/memurunsesi.net\/#\/schema\/logo\/image\/","url":"https:\/\/memurunsesi.net\/wp-content\/uploads\/2025\/11\/cropped-MEMURUN-SESI.png","contentUrl":"https:\/\/memurunsesi.net\/wp-content\/uploads\/2025\/11\/cropped-MEMURUN-SESI.png","width":238,"height":57,"caption":"Memurun Sesi"},"image":{"@id":"https:\/\/memurunsesi.net\/#\/schema\/logo\/image\/"},"sameAs":["https:\/\/www.facebook.com\/unipersen\/?locale=tr_TR","https:\/\/x.com\/unipersen"]},{"@type":"Person","@id":"https:\/\/memurunsesi.net\/#\/schema\/person\/f21c2d73b89f6ee1d80b0a1803e38587","name":"Memurun Sesi Haber Merkezi","image":{"@type":"ImageObject","inLanguage":"tr","@id":"https:\/\/secure.gravatar.com\/avatar\/6cf0505f452ee753f485014986fab09a434671d2b919ee76fc541025c5876a70?s=96&d=mm&r=g","url":"https:\/\/secure.gravatar.com\/avatar\/6cf0505f452ee753f485014986fab09a434671d2b919ee76fc541025c5876a70?s=96&d=mm&r=g","contentUrl":"https:\/\/secure.gravatar.com\/avatar\/6cf0505f452ee753f485014986fab09a434671d2b919ee76fc541025c5876a70?s=96&d=mm&r=g","caption":"Memurun Sesi Haber Merkezi"},"sameAs":["https:\/\/memurunsesi.net"],"url":"https:\/\/memurunsesi.net\/index.php\/author\/uniper\/"}]}},"_links":{"self":[{"href":"https:\/\/memurunsesi.net\/index.php\/wp-json\/wp\/v2\/posts\/8988","targetHints":{"allow":["GET"]}}],"collection":[{"href":"https:\/\/memurunsesi.net\/index.php\/wp-json\/wp\/v2\/posts"}],"about":[{"href":"https:\/\/memurunsesi.net\/index.php\/wp-json\/wp\/v2\/types\/post"}],"author":[{"embeddable":true,"href":"https:\/\/memurunsesi.net\/index.php\/wp-json\/wp\/v2\/users\/1"}],"replies":[{"embeddable":true,"href":"https:\/\/memurunsesi.net\/index.php\/wp-json\/wp\/v2\/comments?post=8988"}],"version-history":[{"count":1,"href":"https:\/\/memurunsesi.net\/index.php\/wp-json\/wp\/v2\/posts\/8988\/revisions"}],"predecessor-version":[{"id":8990,"href":"https:\/\/memurunsesi.net\/index.php\/wp-json\/wp\/v2\/posts\/8988\/revisions\/8990"}],"wp:featuredmedia":[{"embeddable":true,"href":"https:\/\/memurunsesi.net\/index.php\/wp-json\/wp\/v2\/media\/8989"}],"wp:attachment":[{"href":"https:\/\/memurunsesi.net\/index.php\/wp-json\/wp\/v2\/media?parent=8988"}],"wp:term":[{"taxonomy":"category","embeddable":true,"href":"https:\/\/memurunsesi.net\/index.php\/wp-json\/wp\/v2\/categories?post=8988"},{"taxonomy":"post_tag","embeddable":true,"href":"https:\/\/memurunsesi.net\/index.php\/wp-json\/wp\/v2\/tags?post=8988"}],"curies":[{"name":"wp","href":"https:\/\/api.w.org\/{rel}","templated":true}]}}