{"id":8992,"date":"2025-07-05T17:33:01","date_gmt":"2025-07-05T14:33:01","guid":{"rendered":"https:\/\/memurunsesi.net\/?p=8992"},"modified":"2025-07-05T17:33:01","modified_gmt":"2025-07-05T14:33:01","slug":"elaziga-kis-geri-geldi-dolu-ve-saganak-etkili-oldu","status":"publish","type":"post","link":"https:\/\/memurunsesi.net\/index.php\/2025\/07\/05\/elaziga-kis-geri-geldi-dolu-ve-saganak-etkili-oldu\/","title":{"rendered":"Elaz\u0131\u011f\u2019a k\u0131\u015f geri geldi, dolu ve sa\u011fanak etkili oldu"},"content":{"rendered":"<p>  Elaz\u0131\u011f\u2019\u0131n Karako\u00e7an il\u00e7esinde temmuz ay\u0131nda dolu ve sa\u011fanak etkili oldu.<br \/>\nElaz\u0131\u011f\u2019\u0131n Karako\u00e7an il\u00e7esi Ba\u015fyurt b\u00f6lgesinde dolu ya\u011f\u0131\u015f\u0131 etkili olurken merkeze ba\u011fl\u0131 \u015eeyhhac\u0131k\u00f6y\u00fcnde ise sa\u011fanak ya\u011f\u0131\u015f etkili oldu. Dolu ve sa\u011fanak nedeniyle ekili alanlar zarar g\u00f6rd\u00fc. Vatanda\u015flar \u015fimdiye kadar b\u00f6yle bir durumla kar\u015f\u0131la\u015fmad\u0131klar\u0131n\u0131, b\u00f6lgede yaz s\u0131cakl\u0131klar\u0131n\u0131n hala etkisini g\u00f6stermedi\u011fini belirtti. <\/p>\n<p>5.07.2025                               <\/p>\n","protected":false},"excerpt":{"rendered":"<p>Elaz\u0131\u011f\u2019\u0131n Karako\u00e7an il\u00e7esinde temmuz ay\u0131nda dolu ve sa\u011fanak etkili oldu. Elaz\u0131\u011f\u2019\u0131n Karako\u00e7an il\u00e7esi Ba\u015fyurt b\u00f6lgesinde dolu ya\u011f\u0131\u015f\u0131 etkili olurken merkeze ba\u011fl\u0131 \u015eeyhhac\u0131k\u00f6y\u00fcnde ise sa\u011fanak ya\u011f\u0131\u015f etkili oldu. Dolu ve sa\u011fanak nedeniyle ekili alanlar zarar g\u00f6rd\u00fc. Vatanda\u015flar \u015fimdiye kadar b\u00f6yle bir durumla kar\u015f\u0131la\u015fmad\u0131klar\u0131n\u0131, b\u00f6lgede yaz s\u0131cakl\u0131klar\u0131n\u0131n hala etkisini g\u00f6stermedi\u011fini belirtti. 5.07.2025<\/p>\n","protected":false},"author":1,"featured_media":8993,"comment_status":"open","ping_status":"open","sticky":false,"template":"","format":"standard","meta":{"footnotes":""},"categories":[1],"tags":[],"class_list":["post-8992","post","type-post","status-publish","format-standard","has-post-thumbnail","hentry","category-genel"],"yoast_head":"<!-- This site is optimized with the Yoast SEO plugin v27.4 - https:\/\/yoast.com\/product\/yoast-seo-wordpress\/ -->\n<title>Elaz\u0131\u011f\u2019a k\u0131\u015f geri geldi, dolu ve sa\u011fanak etkili oldu - Memurun Sesi<\/title>\n<meta name=\"robots\" content=\"index, follow, max-snippet:-1, max-image-preview:large, max-video-preview:-1\" \/>\n<link rel=\"canonical\" href=\"https:\/\/memurunsesi.net\/index.php\/2025\/07\/05\/elaziga-kis-geri-geldi-dolu-ve-saganak-etkili-oldu\/\" \/>\n<meta property=\"og:locale\" content=\"tr_TR\" \/>\n<meta property=\"og:type\" content=\"article\" \/>\n<meta property=\"og:title\" content=\"Elaz\u0131\u011f\u2019a k\u0131\u015f geri geldi, dolu ve sa\u011fanak etkili oldu - Memurun Sesi\" \/>\n<meta property=\"og:description\" content=\"Elaz\u0131\u011f\u2019\u0131n Karako\u00e7an il\u00e7esinde temmuz ay\u0131nda dolu ve sa\u011fanak etkili oldu. Elaz\u0131\u011f\u2019\u0131n Karako\u00e7an il\u00e7esi Ba\u015fyurt b\u00f6lgesinde dolu ya\u011f\u0131\u015f\u0131 etkili olurken merkeze ba\u011fl\u0131 \u015eeyhhac\u0131k\u00f6y\u00fcnde ise sa\u011fanak ya\u011f\u0131\u015f etkili oldu. Dolu ve sa\u011fanak nedeniyle ekili alanlar zarar g\u00f6rd\u00fc. Vatanda\u015flar \u015fimdiye kadar b\u00f6yle bir durumla kar\u015f\u0131la\u015fmad\u0131klar\u0131n\u0131, b\u00f6lgede yaz s\u0131cakl\u0131klar\u0131n\u0131n hala etkisini g\u00f6stermedi\u011fini belirtti. 5.07.2025\" \/>\n<meta property=\"og:url\" content=\"https:\/\/memurunsesi.net\/index.php\/2025\/07\/05\/elaziga-kis-geri-geldi-dolu-ve-saganak-etkili-oldu\/\" \/>\n<meta property=\"og:site_name\" content=\"Memurun Sesi\" \/>\n<meta property=\"article:publisher\" content=\"https:\/\/www.facebook.com\/unipersen\/?locale=tr_TR\" \/>\n<meta property=\"article:published_time\" content=\"2025-07-05T14:33:01+00:00\" \/>\n<meta property=\"og:image\" content=\"https:\/\/memurunsesi.net\/wp-content\/uploads\/2025\/07\/AW491177_01.jpg\" \/>\n\t<meta property=\"og:image:width\" content=\"1284\" \/>\n\t<meta property=\"og:image:height\" content=\"1865\" \/>\n\t<meta property=\"og:image:type\" content=\"image\/jpeg\" \/>\n<meta name=\"author\" content=\"Memurun Sesi Haber Merkezi\" \/>\n<meta name=\"twitter:card\" content=\"summary_large_image\" \/>\n<meta name=\"twitter:creator\" content=\"@unipersen\" \/>\n<meta name=\"twitter:site\" content=\"@unipersen\" \/>\n<meta name=\"twitter:label1\" content=\"Yazan:\" \/>\n\t<meta name=\"twitter:data1\" content=\"Memurun Sesi Haber Merkezi\" \/>\n\t<meta name=\"twitter:label2\" content=\"Tahmini okuma s\u00fcresi\" \/>\n\t<meta name=\"twitter:data2\" content=\"1 dakika\" \/>\n<script type=\"application\/ld+json\" class=\"yoast-schema-graph\">{\"@context\":\"https:\\\/\\\/schema.org\",\"@graph\":[{\"@type\":\"Article\",\"@id\":\"https:\\\/\\\/memurunsesi.net\\\/index.php\\\/2025\\\/07\\\/05\\\/elaziga-kis-geri-geldi-dolu-ve-saganak-etkili-oldu\\\/#article\",\"isPartOf\":{\"@id\":\"https:\\\/\\\/memurunsesi.net\\\/index.php\\\/2025\\\/07\\\/05\\\/elaziga-kis-geri-geldi-dolu-ve-saganak-etkili-oldu\\\/\"},\"author\":{\"name\":\"Memurun Sesi Haber Merkezi\",\"@id\":\"https:\\\/\\\/memurunsesi.net\\\/#\\\/schema\\\/person\\\/f21c2d73b89f6ee1d80b0a1803e38587\"},\"headline\":\"Elaz\u0131\u011f\u2019a k\u0131\u015f geri geldi, dolu ve sa\u011fanak etkili oldu\",\"datePublished\":\"2025-07-05T14:33:01+00:00\",\"mainEntityOfPage\":{\"@id\":\"https:\\\/\\\/memurunsesi.net\\\/index.php\\\/2025\\\/07\\\/05\\\/elaziga-kis-geri-geldi-dolu-ve-saganak-etkili-oldu\\\/\"},\"wordCount\":90,\"commentCount\":0,\"publisher\":{\"@id\":\"https:\\\/\\\/memurunsesi.net\\\/#organization\"},\"image\":{\"@id\":\"https:\\\/\\\/memurunsesi.net\\\/index.php\\\/2025\\\/07\\\/05\\\/elaziga-kis-geri-geldi-dolu-ve-saganak-etkili-oldu\\\/#primaryimage\"},\"thumbnailUrl\":\"https:\\\/\\\/memurunsesi.net\\\/wp-content\\\/uploads\\\/2025\\\/07\\\/AW491177_01.jpg\",\"inLanguage\":\"tr\",\"potentialAction\":[{\"@type\":\"CommentAction\",\"name\":\"Comment\",\"target\":[\"https:\\\/\\\/memurunsesi.net\\\/index.php\\\/2025\\\/07\\\/05\\\/elaziga-kis-geri-geldi-dolu-ve-saganak-etkili-oldu\\\/#respond\"]}]},{\"@type\":\"WebPage\",\"@id\":\"https:\\\/\\\/memurunsesi.net\\\/index.php\\\/2025\\\/07\\\/05\\\/elaziga-kis-geri-geldi-dolu-ve-saganak-etkili-oldu\\\/\",\"url\":\"https:\\\/\\\/memurunsesi.net\\\/index.php\\\/2025\\\/07\\\/05\\\/elaziga-kis-geri-geldi-dolu-ve-saganak-etkili-oldu\\\/\",\"name\":\"Elaz\u0131\u011f\u2019a k\u0131\u015f geri geldi, dolu ve sa\u011fanak etkili oldu - Memurun Sesi\",\"isPartOf\":{\"@id\":\"https:\\\/\\\/memurunsesi.net\\\/#website\"},\"primaryImageOfPage\":{\"@id\":\"https:\\\/\\\/memurunsesi.net\\\/index.php\\\/2025\\\/07\\\/05\\\/elaziga-kis-geri-geldi-dolu-ve-saganak-etkili-oldu\\\/#primaryimage\"},\"image\":{\"@id\":\"https:\\\/\\\/memurunsesi.net\\\/index.php\\\/2025\\\/07\\\/05\\\/elaziga-kis-geri-geldi-dolu-ve-saganak-etkili-oldu\\\/#primaryimage\"},\"thumbnailUrl\":\"https:\\\/\\\/memurunsesi.net\\\/wp-content\\\/uploads\\\/2025\\\/07\\\/AW491177_01.jpg\",\"datePublished\":\"2025-07-05T14:33:01+00:00\",\"breadcrumb\":{\"@id\":\"https:\\\/\\\/memurunsesi.net\\\/index.php\\\/2025\\\/07\\\/05\\\/elaziga-kis-geri-geldi-dolu-ve-saganak-etkili-oldu\\\/#breadcrumb\"},\"inLanguage\":\"tr\",\"potentialAction\":[{\"@type\":\"ReadAction\",\"target\":[\"https:\\\/\\\/memurunsesi.net\\\/index.php\\\/2025\\\/07\\\/05\\\/elaziga-kis-geri-geldi-dolu-ve-saganak-etkili-oldu\\\/\"]}]},{\"@type\":\"ImageObject\",\"inLanguage\":\"tr\",\"@id\":\"https:\\\/\\\/memurunsesi.net\\\/index.php\\\/2025\\\/07\\\/05\\\/elaziga-kis-geri-geldi-dolu-ve-saganak-etkili-oldu\\\/#primaryimage\",\"url\":\"https:\\\/\\\/memurunsesi.net\\\/wp-content\\\/uploads\\\/2025\\\/07\\\/AW491177_01.jpg\",\"contentUrl\":\"https:\\\/\\\/memurunsesi.net\\\/wp-content\\\/uploads\\\/2025\\\/07\\\/AW491177_01.jpg\",\"width\":1284,\"height\":1865,\"caption\":\"ELAZI\u011e'IN KARAKO\u00c7AN \u0130L\u00c7ES\u0130NDE TEMMUZ AYINDA DOLU VE SA\u011eANAK ETK\u0130L\u0130 OLDU. (ERKAN BAY\\\/ELAZI\u011e-\u0130HA) Elaz\u0131\u011f'\u0131n Karako\u00e7an il\u00e7esinde temmuz ay\u0131nda dolu ve sa\u011fanak etkili oldu.\"},{\"@type\":\"BreadcrumbList\",\"@id\":\"https:\\\/\\\/memurunsesi.net\\\/index.php\\\/2025\\\/07\\\/05\\\/elaziga-kis-geri-geldi-dolu-ve-saganak-etkili-oldu\\\/#breadcrumb\",\"itemListElement\":[{\"@type\":\"ListItem\",\"position\":1,\"name\":\"Anasayfa\",\"item\":\"https:\\\/\\\/memurunsesi.net\\\/\"},{\"@type\":\"ListItem\",\"position\":2,\"name\":\"Elaz\u0131\u011f\u2019a k\u0131\u015f geri geldi, dolu ve sa\u011fanak etkili oldu\"}]},{\"@type\":\"WebSite\",\"@id\":\"https:\\\/\\\/memurunsesi.net\\\/#website\",\"url\":\"https:\\\/\\\/memurunsesi.net\\\/\",\"name\":\"Memurun Sesi\",\"description\":\"G\u00fcncel ve Do\u011fru Haber\",\"publisher\":{\"@id\":\"https:\\\/\\\/memurunsesi.net\\\/#organization\"},\"potentialAction\":[{\"@type\":\"SearchAction\",\"target\":{\"@type\":\"EntryPoint\",\"urlTemplate\":\"https:\\\/\\\/memurunsesi.net\\\/?s={search_term_string}\"},\"query-input\":{\"@type\":\"PropertyValueSpecification\",\"valueRequired\":true,\"valueName\":\"search_term_string\"}}],\"inLanguage\":\"tr\"},{\"@type\":\"Organization\",\"@id\":\"https:\\\/\\\/memurunsesi.net\\\/#organization\",\"name\":\"Memurun Sesi\",\"url\":\"https:\\\/\\\/memurunsesi.net\\\/\",\"logo\":{\"@type\":\"ImageObject\",\"inLanguage\":\"tr\",\"@id\":\"https:\\\/\\\/memurunsesi.net\\\/#\\\/schema\\\/logo\\\/image\\\/\",\"url\":\"https:\\\/\\\/memurunsesi.net\\\/wp-content\\\/uploads\\\/2025\\\/11\\\/cropped-MEMURUN-SESI.png\",\"contentUrl\":\"https:\\\/\\\/memurunsesi.net\\\/wp-content\\\/uploads\\\/2025\\\/11\\\/cropped-MEMURUN-SESI.png\",\"width\":238,\"height\":57,\"caption\":\"Memurun Sesi\"},\"image\":{\"@id\":\"https:\\\/\\\/memurunsesi.net\\\/#\\\/schema\\\/logo\\\/image\\\/\"},\"sameAs\":[\"https:\\\/\\\/www.facebook.com\\\/unipersen\\\/?locale=tr_TR\",\"https:\\\/\\\/x.com\\\/unipersen\"]},{\"@type\":\"Person\",\"@id\":\"https:\\\/\\\/memurunsesi.net\\\/#\\\/schema\\\/person\\\/f21c2d73b89f6ee1d80b0a1803e38587\",\"name\":\"Memurun Sesi Haber Merkezi\",\"image\":{\"@type\":\"ImageObject\",\"inLanguage\":\"tr\",\"@id\":\"https:\\\/\\\/secure.gravatar.com\\\/avatar\\\/6cf0505f452ee753f485014986fab09a434671d2b919ee76fc541025c5876a70?s=96&d=mm&r=g\",\"url\":\"https:\\\/\\\/secure.gravatar.com\\\/avatar\\\/6cf0505f452ee753f485014986fab09a434671d2b919ee76fc541025c5876a70?s=96&d=mm&r=g\",\"contentUrl\":\"https:\\\/\\\/secure.gravatar.com\\\/avatar\\\/6cf0505f452ee753f485014986fab09a434671d2b919ee76fc541025c5876a70?s=96&d=mm&r=g\",\"caption\":\"Memurun Sesi Haber Merkezi\"},\"sameAs\":[\"https:\\\/\\\/memurunsesi.net\"],\"url\":\"https:\\\/\\\/memurunsesi.net\\\/index.php\\\/author\\\/uniper\\\/\"}]}<\/script>\n<!-- \/ Yoast SEO plugin. -->","yoast_head_json":{"title":"Elaz\u0131\u011f\u2019a k\u0131\u015f geri geldi, dolu ve sa\u011fanak etkili oldu - Memurun Sesi","robots":{"index":"index","follow":"follow","max-snippet":"max-snippet:-1","max-image-preview":"max-image-preview:large","max-video-preview":"max-video-preview:-1"},"canonical":"https:\/\/memurunsesi.net\/index.php\/2025\/07\/05\/elaziga-kis-geri-geldi-dolu-ve-saganak-etkili-oldu\/","og_locale":"tr_TR","og_type":"article","og_title":"Elaz\u0131\u011f\u2019a k\u0131\u015f geri geldi, dolu ve sa\u011fanak etkili oldu - Memurun Sesi","og_description":"Elaz\u0131\u011f\u2019\u0131n Karako\u00e7an il\u00e7esinde temmuz ay\u0131nda dolu ve sa\u011fanak etkili oldu. Elaz\u0131\u011f\u2019\u0131n Karako\u00e7an il\u00e7esi Ba\u015fyurt b\u00f6lgesinde dolu ya\u011f\u0131\u015f\u0131 etkili olurken merkeze ba\u011fl\u0131 \u015eeyhhac\u0131k\u00f6y\u00fcnde ise sa\u011fanak ya\u011f\u0131\u015f etkili oldu. Dolu ve sa\u011fanak nedeniyle ekili alanlar zarar g\u00f6rd\u00fc. Vatanda\u015flar \u015fimdiye kadar b\u00f6yle bir durumla kar\u015f\u0131la\u015fmad\u0131klar\u0131n\u0131, b\u00f6lgede yaz s\u0131cakl\u0131klar\u0131n\u0131n hala etkisini g\u00f6stermedi\u011fini belirtti. 5.07.2025","og_url":"https:\/\/memurunsesi.net\/index.php\/2025\/07\/05\/elaziga-kis-geri-geldi-dolu-ve-saganak-etkili-oldu\/","og_site_name":"Memurun Sesi","article_publisher":"https:\/\/www.facebook.com\/unipersen\/?locale=tr_TR","article_published_time":"2025-07-05T14:33:01+00:00","og_image":[{"width":1284,"height":1865,"url":"https:\/\/memurunsesi.net\/wp-content\/uploads\/2025\/07\/AW491177_01.jpg","type":"image\/jpeg"}],"author":"Memurun Sesi Haber Merkezi","twitter_card":"summary_large_image","twitter_creator":"@unipersen","twitter_site":"@unipersen","twitter_misc":{"Yazan:":"Memurun Sesi Haber Merkezi","Tahmini okuma s\u00fcresi":"1 dakika"},"schema":{"@context":"https:\/\/schema.org","@graph":[{"@type":"Article","@id":"https:\/\/memurunsesi.net\/index.php\/2025\/07\/05\/elaziga-kis-geri-geldi-dolu-ve-saganak-etkili-oldu\/#article","isPartOf":{"@id":"https:\/\/memurunsesi.net\/index.php\/2025\/07\/05\/elaziga-kis-geri-geldi-dolu-ve-saganak-etkili-oldu\/"},"author":{"name":"Memurun Sesi Haber Merkezi","@id":"https:\/\/memurunsesi.net\/#\/schema\/person\/f21c2d73b89f6ee1d80b0a1803e38587"},"headline":"Elaz\u0131\u011f\u2019a k\u0131\u015f geri geldi, dolu ve sa\u011fanak etkili oldu","datePublished":"2025-07-05T14:33:01+00:00","mainEntityOfPage":{"@id":"https:\/\/memurunsesi.net\/index.php\/2025\/07\/05\/elaziga-kis-geri-geldi-dolu-ve-saganak-etkili-oldu\/"},"wordCount":90,"commentCount":0,"publisher":{"@id":"https:\/\/memurunsesi.net\/#organization"},"image":{"@id":"https:\/\/memurunsesi.net\/index.php\/2025\/07\/05\/elaziga-kis-geri-geldi-dolu-ve-saganak-etkili-oldu\/#primaryimage"},"thumbnailUrl":"https:\/\/memurunsesi.net\/wp-content\/uploads\/2025\/07\/AW491177_01.jpg","inLanguage":"tr","potentialAction":[{"@type":"CommentAction","name":"Comment","target":["https:\/\/memurunsesi.net\/index.php\/2025\/07\/05\/elaziga-kis-geri-geldi-dolu-ve-saganak-etkili-oldu\/#respond"]}]},{"@type":"WebPage","@id":"https:\/\/memurunsesi.net\/index.php\/2025\/07\/05\/elaziga-kis-geri-geldi-dolu-ve-saganak-etkili-oldu\/","url":"https:\/\/memurunsesi.net\/index.php\/2025\/07\/05\/elaziga-kis-geri-geldi-dolu-ve-saganak-etkili-oldu\/","name":"Elaz\u0131\u011f\u2019a k\u0131\u015f geri geldi, dolu ve sa\u011fanak etkili oldu - Memurun Sesi","isPartOf":{"@id":"https:\/\/memurunsesi.net\/#website"},"primaryImageOfPage":{"@id":"https:\/\/memurunsesi.net\/index.php\/2025\/07\/05\/elaziga-kis-geri-geldi-dolu-ve-saganak-etkili-oldu\/#primaryimage"},"image":{"@id":"https:\/\/memurunsesi.net\/index.php\/2025\/07\/05\/elaziga-kis-geri-geldi-dolu-ve-saganak-etkili-oldu\/#primaryimage"},"thumbnailUrl":"https:\/\/memurunsesi.net\/wp-content\/uploads\/2025\/07\/AW491177_01.jpg","datePublished":"2025-07-05T14:33:01+00:00","breadcrumb":{"@id":"https:\/\/memurunsesi.net\/index.php\/2025\/07\/05\/elaziga-kis-geri-geldi-dolu-ve-saganak-etkili-oldu\/#breadcrumb"},"inLanguage":"tr","potentialAction":[{"@type":"ReadAction","target":["https:\/\/memurunsesi.net\/index.php\/2025\/07\/05\/elaziga-kis-geri-geldi-dolu-ve-saganak-etkili-oldu\/"]}]},{"@type":"ImageObject","inLanguage":"tr","@id":"https:\/\/memurunsesi.net\/index.php\/2025\/07\/05\/elaziga-kis-geri-geldi-dolu-ve-saganak-etkili-oldu\/#primaryimage","url":"https:\/\/memurunsesi.net\/wp-content\/uploads\/2025\/07\/AW491177_01.jpg","contentUrl":"https:\/\/memurunsesi.net\/wp-content\/uploads\/2025\/07\/AW491177_01.jpg","width":1284,"height":1865,"caption":"ELAZI\u011e'IN KARAKO\u00c7AN \u0130L\u00c7ES\u0130NDE TEMMUZ AYINDA DOLU VE SA\u011eANAK ETK\u0130L\u0130 OLDU. (ERKAN BAY\/ELAZI\u011e-\u0130HA) Elaz\u0131\u011f'\u0131n Karako\u00e7an il\u00e7esinde temmuz ay\u0131nda dolu ve sa\u011fanak etkili oldu."},{"@type":"BreadcrumbList","@id":"https:\/\/memurunsesi.net\/index.php\/2025\/07\/05\/elaziga-kis-geri-geldi-dolu-ve-saganak-etkili-oldu\/#breadcrumb","itemListElement":[{"@type":"ListItem","position":1,"name":"Anasayfa","item":"https:\/\/memurunsesi.net\/"},{"@type":"ListItem","position":2,"name":"Elaz\u0131\u011f\u2019a k\u0131\u015f geri geldi, dolu ve sa\u011fanak etkili oldu"}]},{"@type":"WebSite","@id":"https:\/\/memurunsesi.net\/#website","url":"https:\/\/memurunsesi.net\/","name":"Memurun Sesi","description":"G\u00fcncel ve Do\u011fru Haber","publisher":{"@id":"https:\/\/memurunsesi.net\/#organization"},"potentialAction":[{"@type":"SearchAction","target":{"@type":"EntryPoint","urlTemplate":"https:\/\/memurunsesi.net\/?s={search_term_string}"},"query-input":{"@type":"PropertyValueSpecification","valueRequired":true,"valueName":"search_term_string"}}],"inLanguage":"tr"},{"@type":"Organization","@id":"https:\/\/memurunsesi.net\/#organization","name":"Memurun Sesi","url":"https:\/\/memurunsesi.net\/","logo":{"@type":"ImageObject","inLanguage":"tr","@id":"https:\/\/memurunsesi.net\/#\/schema\/logo\/image\/","url":"https:\/\/memurunsesi.net\/wp-content\/uploads\/2025\/11\/cropped-MEMURUN-SESI.png","contentUrl":"https:\/\/memurunsesi.net\/wp-content\/uploads\/2025\/11\/cropped-MEMURUN-SESI.png","width":238,"height":57,"caption":"Memurun Sesi"},"image":{"@id":"https:\/\/memurunsesi.net\/#\/schema\/logo\/image\/"},"sameAs":["https:\/\/www.facebook.com\/unipersen\/?locale=tr_TR","https:\/\/x.com\/unipersen"]},{"@type":"Person","@id":"https:\/\/memurunsesi.net\/#\/schema\/person\/f21c2d73b89f6ee1d80b0a1803e38587","name":"Memurun Sesi Haber Merkezi","image":{"@type":"ImageObject","inLanguage":"tr","@id":"https:\/\/secure.gravatar.com\/avatar\/6cf0505f452ee753f485014986fab09a434671d2b919ee76fc541025c5876a70?s=96&d=mm&r=g","url":"https:\/\/secure.gravatar.com\/avatar\/6cf0505f452ee753f485014986fab09a434671d2b919ee76fc541025c5876a70?s=96&d=mm&r=g","contentUrl":"https:\/\/secure.gravatar.com\/avatar\/6cf0505f452ee753f485014986fab09a434671d2b919ee76fc541025c5876a70?s=96&d=mm&r=g","caption":"Memurun Sesi Haber Merkezi"},"sameAs":["https:\/\/memurunsesi.net"],"url":"https:\/\/memurunsesi.net\/index.php\/author\/uniper\/"}]}},"_links":{"self":[{"href":"https:\/\/memurunsesi.net\/index.php\/wp-json\/wp\/v2\/posts\/8992","targetHints":{"allow":["GET"]}}],"collection":[{"href":"https:\/\/memurunsesi.net\/index.php\/wp-json\/wp\/v2\/posts"}],"about":[{"href":"https:\/\/memurunsesi.net\/index.php\/wp-json\/wp\/v2\/types\/post"}],"author":[{"embeddable":true,"href":"https:\/\/memurunsesi.net\/index.php\/wp-json\/wp\/v2\/users\/1"}],"replies":[{"embeddable":true,"href":"https:\/\/memurunsesi.net\/index.php\/wp-json\/wp\/v2\/comments?post=8992"}],"version-history":[{"count":1,"href":"https:\/\/memurunsesi.net\/index.php\/wp-json\/wp\/v2\/posts\/8992\/revisions"}],"predecessor-version":[{"id":8994,"href":"https:\/\/memurunsesi.net\/index.php\/wp-json\/wp\/v2\/posts\/8992\/revisions\/8994"}],"wp:featuredmedia":[{"embeddable":true,"href":"https:\/\/memurunsesi.net\/index.php\/wp-json\/wp\/v2\/media\/8993"}],"wp:attachment":[{"href":"https:\/\/memurunsesi.net\/index.php\/wp-json\/wp\/v2\/media?parent=8992"}],"wp:term":[{"taxonomy":"category","embeddable":true,"href":"https:\/\/memurunsesi.net\/index.php\/wp-json\/wp\/v2\/categories?post=8992"},{"taxonomy":"post_tag","embeddable":true,"href":"https:\/\/memurunsesi.net\/index.php\/wp-json\/wp\/v2\/tags?post=8992"}],"curies":[{"name":"wp","href":"https:\/\/api.w.org\/{rel}","templated":true}]}}