{"id":8998,"date":"2025-07-05T17:37:46","date_gmt":"2025-07-05T14:37:46","guid":{"rendered":"https:\/\/memurunsesi.net\/?p=8998"},"modified":"2025-07-05T17:37:46","modified_gmt":"2025-07-05T14:37:46","slug":"kastamonuda-motosiklet-kazasi-1-olu","status":"publish","type":"post","link":"https:\/\/memurunsesi.net\/index.php\/2025\/07\/05\/kastamonuda-motosiklet-kazasi-1-olu\/","title":{"rendered":"Kastamonu\u2019da motosiklet kazas\u0131: 1 \u00f6l\u00fc"},"content":{"rendered":"<p>  Kastamonu&#8217;da meydana gelen motosiklet kazas\u0131nda a\u011f\u0131r yaralanan anestezi teknikeri hayat\u0131n\u0131 kaybetti.<br \/>\nKaza, Karab\u00fck-Kastamonu karayolu \u0130hsangazi ilesi Da\u011fyolu k\u00f6y\u00fc mevkiinde meydana geldi. Edinilen bilgiye g\u00f6re, Kastamonu E\u011fitim ve Ara\u015ft\u0131rma Hastanesinde anestezi teknikeri olarak g\u00f6rev yapan Zehra D\u00fckel (26) idaresindeki 37 ADU 293 plakal\u0131 motosiklet, s\u00fcr\u00fcc\u00fcs\u00fcn\u00fcn direksiyon hakimiyetini kaybetmesi neticesinde yoldan \u00e7\u0131karak duvara \u00e7arpt\u0131. Kazada s\u00fcr\u00fcc\u00fc a\u011f\u0131r yaraland\u0131. Olay yerine \u00e7a\u011fr\u0131lan sa\u011fl\u0131k ekiplerince Kastamonu E\u011fitim ve Ara\u015ft\u0131rma Hastanesine kald\u0131r\u0131lan yaral\u0131, yap\u0131lan m\u00fcdahalelere ra\u011fmen kurtar\u0131lamad\u0131. <\/p>\n<p>5.07.2025                                 <\/p>\n","protected":false},"excerpt":{"rendered":"<p>Kastamonu&#8217;da meydana gelen motosiklet kazas\u0131nda a\u011f\u0131r yaralanan anestezi teknikeri hayat\u0131n\u0131 kaybetti. Kaza, Karab\u00fck-Kastamonu karayolu \u0130hsangazi ilesi Da\u011fyolu k\u00f6y\u00fc mevkiinde meydana geldi. Edinilen bilgiye g\u00f6re, Kastamonu E\u011fitim ve Ara\u015ft\u0131rma Hastanesinde anestezi teknikeri olarak g\u00f6rev yapan Zehra D\u00fckel (26) idaresindeki 37 ADU 293 plakal\u0131 motosiklet, s\u00fcr\u00fcc\u00fcs\u00fcn\u00fcn direksiyon hakimiyetini kaybetmesi neticesinde yoldan \u00e7\u0131karak duvara \u00e7arpt\u0131. Kazada s\u00fcr\u00fcc\u00fc a\u011f\u0131r [&hellip;]<\/p>\n","protected":false},"author":1,"featured_media":8999,"comment_status":"open","ping_status":"open","sticky":false,"template":"","format":"standard","meta":{"footnotes":""},"categories":[1],"tags":[],"class_list":["post-8998","post","type-post","status-publish","format-standard","has-post-thumbnail","hentry","category-genel"],"yoast_head":"<!-- This site is optimized with the Yoast SEO plugin v27.4 - https:\/\/yoast.com\/product\/yoast-seo-wordpress\/ -->\n<title>Kastamonu\u2019da motosiklet kazas\u0131: 1 \u00f6l\u00fc - Memurun Sesi<\/title>\n<meta name=\"robots\" content=\"index, follow, max-snippet:-1, max-image-preview:large, max-video-preview:-1\" \/>\n<link rel=\"canonical\" href=\"https:\/\/memurunsesi.net\/index.php\/2025\/07\/05\/kastamonuda-motosiklet-kazasi-1-olu\/\" \/>\n<meta property=\"og:locale\" content=\"tr_TR\" \/>\n<meta property=\"og:type\" content=\"article\" \/>\n<meta property=\"og:title\" content=\"Kastamonu\u2019da motosiklet kazas\u0131: 1 \u00f6l\u00fc - Memurun Sesi\" \/>\n<meta property=\"og:description\" content=\"Kastamonu&#8217;da meydana gelen motosiklet kazas\u0131nda a\u011f\u0131r yaralanan anestezi teknikeri hayat\u0131n\u0131 kaybetti. Kaza, Karab\u00fck-Kastamonu karayolu \u0130hsangazi ilesi Da\u011fyolu k\u00f6y\u00fc mevkiinde meydana geldi. Edinilen bilgiye g\u00f6re, Kastamonu E\u011fitim ve Ara\u015ft\u0131rma Hastanesinde anestezi teknikeri olarak g\u00f6rev yapan Zehra D\u00fckel (26) idaresindeki 37 ADU 293 plakal\u0131 motosiklet, s\u00fcr\u00fcc\u00fcs\u00fcn\u00fcn direksiyon hakimiyetini kaybetmesi neticesinde yoldan \u00e7\u0131karak duvara \u00e7arpt\u0131. Kazada s\u00fcr\u00fcc\u00fc a\u011f\u0131r [&hellip;]\" \/>\n<meta property=\"og:url\" content=\"https:\/\/memurunsesi.net\/index.php\/2025\/07\/05\/kastamonuda-motosiklet-kazasi-1-olu\/\" \/>\n<meta property=\"og:site_name\" content=\"Memurun Sesi\" \/>\n<meta property=\"article:publisher\" content=\"https:\/\/www.facebook.com\/unipersen\/?locale=tr_TR\" \/>\n<meta property=\"article:published_time\" content=\"2025-07-05T14:37:46+00:00\" \/>\n<meta property=\"og:image\" content=\"https:\/\/memurunsesi.net\/wp-content\/uploads\/2025\/07\/AW491168_02-scaled.jpg\" \/>\n\t<meta property=\"og:image:width\" content=\"2560\" \/>\n\t<meta property=\"og:image:height\" content=\"1920\" \/>\n\t<meta property=\"og:image:type\" content=\"image\/jpeg\" \/>\n<meta name=\"author\" content=\"Memurun Sesi Haber Merkezi\" \/>\n<meta name=\"twitter:card\" content=\"summary_large_image\" \/>\n<meta name=\"twitter:creator\" content=\"@unipersen\" \/>\n<meta name=\"twitter:site\" content=\"@unipersen\" \/>\n<meta name=\"twitter:label1\" content=\"Yazan:\" \/>\n\t<meta name=\"twitter:data1\" content=\"Memurun Sesi Haber Merkezi\" \/>\n\t<meta name=\"twitter:label2\" content=\"Tahmini okuma s\u00fcresi\" \/>\n\t<meta name=\"twitter:data2\" content=\"1 dakika\" \/>\n<script type=\"application\/ld+json\" class=\"yoast-schema-graph\">{\"@context\":\"https:\\\/\\\/schema.org\",\"@graph\":[{\"@type\":\"Article\",\"@id\":\"https:\\\/\\\/memurunsesi.net\\\/index.php\\\/2025\\\/07\\\/05\\\/kastamonuda-motosiklet-kazasi-1-olu\\\/#article\",\"isPartOf\":{\"@id\":\"https:\\\/\\\/memurunsesi.net\\\/index.php\\\/2025\\\/07\\\/05\\\/kastamonuda-motosiklet-kazasi-1-olu\\\/\"},\"author\":{\"name\":\"Memurun Sesi Haber Merkezi\",\"@id\":\"https:\\\/\\\/memurunsesi.net\\\/#\\\/schema\\\/person\\\/f21c2d73b89f6ee1d80b0a1803e38587\"},\"headline\":\"Kastamonu\u2019da motosiklet kazas\u0131: 1 \u00f6l\u00fc\",\"datePublished\":\"2025-07-05T14:37:46+00:00\",\"mainEntityOfPage\":{\"@id\":\"https:\\\/\\\/memurunsesi.net\\\/index.php\\\/2025\\\/07\\\/05\\\/kastamonuda-motosiklet-kazasi-1-olu\\\/\"},\"wordCount\":108,\"commentCount\":0,\"publisher\":{\"@id\":\"https:\\\/\\\/memurunsesi.net\\\/#organization\"},\"image\":{\"@id\":\"https:\\\/\\\/memurunsesi.net\\\/index.php\\\/2025\\\/07\\\/05\\\/kastamonuda-motosiklet-kazasi-1-olu\\\/#primaryimage\"},\"thumbnailUrl\":\"https:\\\/\\\/memurunsesi.net\\\/wp-content\\\/uploads\\\/2025\\\/07\\\/AW491168_02-scaled.jpg\",\"inLanguage\":\"tr\",\"potentialAction\":[{\"@type\":\"CommentAction\",\"name\":\"Comment\",\"target\":[\"https:\\\/\\\/memurunsesi.net\\\/index.php\\\/2025\\\/07\\\/05\\\/kastamonuda-motosiklet-kazasi-1-olu\\\/#respond\"]}]},{\"@type\":\"WebPage\",\"@id\":\"https:\\\/\\\/memurunsesi.net\\\/index.php\\\/2025\\\/07\\\/05\\\/kastamonuda-motosiklet-kazasi-1-olu\\\/\",\"url\":\"https:\\\/\\\/memurunsesi.net\\\/index.php\\\/2025\\\/07\\\/05\\\/kastamonuda-motosiklet-kazasi-1-olu\\\/\",\"name\":\"Kastamonu\u2019da motosiklet kazas\u0131: 1 \u00f6l\u00fc - Memurun Sesi\",\"isPartOf\":{\"@id\":\"https:\\\/\\\/memurunsesi.net\\\/#website\"},\"primaryImageOfPage\":{\"@id\":\"https:\\\/\\\/memurunsesi.net\\\/index.php\\\/2025\\\/07\\\/05\\\/kastamonuda-motosiklet-kazasi-1-olu\\\/#primaryimage\"},\"image\":{\"@id\":\"https:\\\/\\\/memurunsesi.net\\\/index.php\\\/2025\\\/07\\\/05\\\/kastamonuda-motosiklet-kazasi-1-olu\\\/#primaryimage\"},\"thumbnailUrl\":\"https:\\\/\\\/memurunsesi.net\\\/wp-content\\\/uploads\\\/2025\\\/07\\\/AW491168_02-scaled.jpg\",\"datePublished\":\"2025-07-05T14:37:46+00:00\",\"breadcrumb\":{\"@id\":\"https:\\\/\\\/memurunsesi.net\\\/index.php\\\/2025\\\/07\\\/05\\\/kastamonuda-motosiklet-kazasi-1-olu\\\/#breadcrumb\"},\"inLanguage\":\"tr\",\"potentialAction\":[{\"@type\":\"ReadAction\",\"target\":[\"https:\\\/\\\/memurunsesi.net\\\/index.php\\\/2025\\\/07\\\/05\\\/kastamonuda-motosiklet-kazasi-1-olu\\\/\"]}]},{\"@type\":\"ImageObject\",\"inLanguage\":\"tr\",\"@id\":\"https:\\\/\\\/memurunsesi.net\\\/index.php\\\/2025\\\/07\\\/05\\\/kastamonuda-motosiklet-kazasi-1-olu\\\/#primaryimage\",\"url\":\"https:\\\/\\\/memurunsesi.net\\\/wp-content\\\/uploads\\\/2025\\\/07\\\/AW491168_02-scaled.jpg\",\"contentUrl\":\"https:\\\/\\\/memurunsesi.net\\\/wp-content\\\/uploads\\\/2025\\\/07\\\/AW491168_02-scaled.jpg\",\"width\":2560,\"height\":1920,\"caption\":\"KARAB\u00dcK-KASTAMONU KARAYOLU KANLIG\u00d6L MEVK\u0130\u0130NDE MOTOS\u0130KLET\u0130YLE GE\u00c7\u0130RD\u0130\u011e\u0130 KAZA SONRASI ANESTEZ\u0130 TEKN\u0130KER\u0130 ZEHRA D\u00dcKEL HAYATINI KAYBETT\u0130. (VEDAT YUNUS \u0130K\u0130ZO\u011eLU\\\/KASTAMONU-\u0130HA) Kastamonu'da meydana gelen motosiklet kazas\u0131nda a\u011f\u0131r yaralanan anestezi teknikeri hayat\u0131n\u0131 kaybetti.\"},{\"@type\":\"BreadcrumbList\",\"@id\":\"https:\\\/\\\/memurunsesi.net\\\/index.php\\\/2025\\\/07\\\/05\\\/kastamonuda-motosiklet-kazasi-1-olu\\\/#breadcrumb\",\"itemListElement\":[{\"@type\":\"ListItem\",\"position\":1,\"name\":\"Anasayfa\",\"item\":\"https:\\\/\\\/memurunsesi.net\\\/\"},{\"@type\":\"ListItem\",\"position\":2,\"name\":\"Kastamonu\u2019da motosiklet kazas\u0131: 1 \u00f6l\u00fc\"}]},{\"@type\":\"WebSite\",\"@id\":\"https:\\\/\\\/memurunsesi.net\\\/#website\",\"url\":\"https:\\\/\\\/memurunsesi.net\\\/\",\"name\":\"Memurun Sesi\",\"description\":\"G\u00fcncel ve Do\u011fru Haber\",\"publisher\":{\"@id\":\"https:\\\/\\\/memurunsesi.net\\\/#organization\"},\"potentialAction\":[{\"@type\":\"SearchAction\",\"target\":{\"@type\":\"EntryPoint\",\"urlTemplate\":\"https:\\\/\\\/memurunsesi.net\\\/?s={search_term_string}\"},\"query-input\":{\"@type\":\"PropertyValueSpecification\",\"valueRequired\":true,\"valueName\":\"search_term_string\"}}],\"inLanguage\":\"tr\"},{\"@type\":\"Organization\",\"@id\":\"https:\\\/\\\/memurunsesi.net\\\/#organization\",\"name\":\"Memurun Sesi\",\"url\":\"https:\\\/\\\/memurunsesi.net\\\/\",\"logo\":{\"@type\":\"ImageObject\",\"inLanguage\":\"tr\",\"@id\":\"https:\\\/\\\/memurunsesi.net\\\/#\\\/schema\\\/logo\\\/image\\\/\",\"url\":\"https:\\\/\\\/memurunsesi.net\\\/wp-content\\\/uploads\\\/2025\\\/11\\\/cropped-MEMURUN-SESI.png\",\"contentUrl\":\"https:\\\/\\\/memurunsesi.net\\\/wp-content\\\/uploads\\\/2025\\\/11\\\/cropped-MEMURUN-SESI.png\",\"width\":238,\"height\":57,\"caption\":\"Memurun Sesi\"},\"image\":{\"@id\":\"https:\\\/\\\/memurunsesi.net\\\/#\\\/schema\\\/logo\\\/image\\\/\"},\"sameAs\":[\"https:\\\/\\\/www.facebook.com\\\/unipersen\\\/?locale=tr_TR\",\"https:\\\/\\\/x.com\\\/unipersen\"]},{\"@type\":\"Person\",\"@id\":\"https:\\\/\\\/memurunsesi.net\\\/#\\\/schema\\\/person\\\/f21c2d73b89f6ee1d80b0a1803e38587\",\"name\":\"Memurun Sesi Haber Merkezi\",\"image\":{\"@type\":\"ImageObject\",\"inLanguage\":\"tr\",\"@id\":\"https:\\\/\\\/secure.gravatar.com\\\/avatar\\\/6cf0505f452ee753f485014986fab09a434671d2b919ee76fc541025c5876a70?s=96&d=mm&r=g\",\"url\":\"https:\\\/\\\/secure.gravatar.com\\\/avatar\\\/6cf0505f452ee753f485014986fab09a434671d2b919ee76fc541025c5876a70?s=96&d=mm&r=g\",\"contentUrl\":\"https:\\\/\\\/secure.gravatar.com\\\/avatar\\\/6cf0505f452ee753f485014986fab09a434671d2b919ee76fc541025c5876a70?s=96&d=mm&r=g\",\"caption\":\"Memurun Sesi Haber Merkezi\"},\"sameAs\":[\"https:\\\/\\\/memurunsesi.net\"],\"url\":\"https:\\\/\\\/memurunsesi.net\\\/index.php\\\/author\\\/uniper\\\/\"}]}<\/script>\n<!-- \/ Yoast SEO plugin. -->","yoast_head_json":{"title":"Kastamonu\u2019da motosiklet kazas\u0131: 1 \u00f6l\u00fc - Memurun Sesi","robots":{"index":"index","follow":"follow","max-snippet":"max-snippet:-1","max-image-preview":"max-image-preview:large","max-video-preview":"max-video-preview:-1"},"canonical":"https:\/\/memurunsesi.net\/index.php\/2025\/07\/05\/kastamonuda-motosiklet-kazasi-1-olu\/","og_locale":"tr_TR","og_type":"article","og_title":"Kastamonu\u2019da motosiklet kazas\u0131: 1 \u00f6l\u00fc - Memurun Sesi","og_description":"Kastamonu&#8217;da meydana gelen motosiklet kazas\u0131nda a\u011f\u0131r yaralanan anestezi teknikeri hayat\u0131n\u0131 kaybetti. Kaza, Karab\u00fck-Kastamonu karayolu \u0130hsangazi ilesi Da\u011fyolu k\u00f6y\u00fc mevkiinde meydana geldi. Edinilen bilgiye g\u00f6re, Kastamonu E\u011fitim ve Ara\u015ft\u0131rma Hastanesinde anestezi teknikeri olarak g\u00f6rev yapan Zehra D\u00fckel (26) idaresindeki 37 ADU 293 plakal\u0131 motosiklet, s\u00fcr\u00fcc\u00fcs\u00fcn\u00fcn direksiyon hakimiyetini kaybetmesi neticesinde yoldan \u00e7\u0131karak duvara \u00e7arpt\u0131. Kazada s\u00fcr\u00fcc\u00fc a\u011f\u0131r [&hellip;]","og_url":"https:\/\/memurunsesi.net\/index.php\/2025\/07\/05\/kastamonuda-motosiklet-kazasi-1-olu\/","og_site_name":"Memurun Sesi","article_publisher":"https:\/\/www.facebook.com\/unipersen\/?locale=tr_TR","article_published_time":"2025-07-05T14:37:46+00:00","og_image":[{"width":2560,"height":1920,"url":"https:\/\/memurunsesi.net\/wp-content\/uploads\/2025\/07\/AW491168_02-scaled.jpg","type":"image\/jpeg"}],"author":"Memurun Sesi Haber Merkezi","twitter_card":"summary_large_image","twitter_creator":"@unipersen","twitter_site":"@unipersen","twitter_misc":{"Yazan:":"Memurun Sesi Haber Merkezi","Tahmini okuma s\u00fcresi":"1 dakika"},"schema":{"@context":"https:\/\/schema.org","@graph":[{"@type":"Article","@id":"https:\/\/memurunsesi.net\/index.php\/2025\/07\/05\/kastamonuda-motosiklet-kazasi-1-olu\/#article","isPartOf":{"@id":"https:\/\/memurunsesi.net\/index.php\/2025\/07\/05\/kastamonuda-motosiklet-kazasi-1-olu\/"},"author":{"name":"Memurun Sesi Haber Merkezi","@id":"https:\/\/memurunsesi.net\/#\/schema\/person\/f21c2d73b89f6ee1d80b0a1803e38587"},"headline":"Kastamonu\u2019da motosiklet kazas\u0131: 1 \u00f6l\u00fc","datePublished":"2025-07-05T14:37:46+00:00","mainEntityOfPage":{"@id":"https:\/\/memurunsesi.net\/index.php\/2025\/07\/05\/kastamonuda-motosiklet-kazasi-1-olu\/"},"wordCount":108,"commentCount":0,"publisher":{"@id":"https:\/\/memurunsesi.net\/#organization"},"image":{"@id":"https:\/\/memurunsesi.net\/index.php\/2025\/07\/05\/kastamonuda-motosiklet-kazasi-1-olu\/#primaryimage"},"thumbnailUrl":"https:\/\/memurunsesi.net\/wp-content\/uploads\/2025\/07\/AW491168_02-scaled.jpg","inLanguage":"tr","potentialAction":[{"@type":"CommentAction","name":"Comment","target":["https:\/\/memurunsesi.net\/index.php\/2025\/07\/05\/kastamonuda-motosiklet-kazasi-1-olu\/#respond"]}]},{"@type":"WebPage","@id":"https:\/\/memurunsesi.net\/index.php\/2025\/07\/05\/kastamonuda-motosiklet-kazasi-1-olu\/","url":"https:\/\/memurunsesi.net\/index.php\/2025\/07\/05\/kastamonuda-motosiklet-kazasi-1-olu\/","name":"Kastamonu\u2019da motosiklet kazas\u0131: 1 \u00f6l\u00fc - Memurun Sesi","isPartOf":{"@id":"https:\/\/memurunsesi.net\/#website"},"primaryImageOfPage":{"@id":"https:\/\/memurunsesi.net\/index.php\/2025\/07\/05\/kastamonuda-motosiklet-kazasi-1-olu\/#primaryimage"},"image":{"@id":"https:\/\/memurunsesi.net\/index.php\/2025\/07\/05\/kastamonuda-motosiklet-kazasi-1-olu\/#primaryimage"},"thumbnailUrl":"https:\/\/memurunsesi.net\/wp-content\/uploads\/2025\/07\/AW491168_02-scaled.jpg","datePublished":"2025-07-05T14:37:46+00:00","breadcrumb":{"@id":"https:\/\/memurunsesi.net\/index.php\/2025\/07\/05\/kastamonuda-motosiklet-kazasi-1-olu\/#breadcrumb"},"inLanguage":"tr","potentialAction":[{"@type":"ReadAction","target":["https:\/\/memurunsesi.net\/index.php\/2025\/07\/05\/kastamonuda-motosiklet-kazasi-1-olu\/"]}]},{"@type":"ImageObject","inLanguage":"tr","@id":"https:\/\/memurunsesi.net\/index.php\/2025\/07\/05\/kastamonuda-motosiklet-kazasi-1-olu\/#primaryimage","url":"https:\/\/memurunsesi.net\/wp-content\/uploads\/2025\/07\/AW491168_02-scaled.jpg","contentUrl":"https:\/\/memurunsesi.net\/wp-content\/uploads\/2025\/07\/AW491168_02-scaled.jpg","width":2560,"height":1920,"caption":"KARAB\u00dcK-KASTAMONU KARAYOLU KANLIG\u00d6L MEVK\u0130\u0130NDE MOTOS\u0130KLET\u0130YLE GE\u00c7\u0130RD\u0130\u011e\u0130 KAZA SONRASI ANESTEZ\u0130 TEKN\u0130KER\u0130 ZEHRA D\u00dcKEL HAYATINI KAYBETT\u0130. (VEDAT YUNUS \u0130K\u0130ZO\u011eLU\/KASTAMONU-\u0130HA) Kastamonu'da meydana gelen motosiklet kazas\u0131nda a\u011f\u0131r yaralanan anestezi teknikeri hayat\u0131n\u0131 kaybetti."},{"@type":"BreadcrumbList","@id":"https:\/\/memurunsesi.net\/index.php\/2025\/07\/05\/kastamonuda-motosiklet-kazasi-1-olu\/#breadcrumb","itemListElement":[{"@type":"ListItem","position":1,"name":"Anasayfa","item":"https:\/\/memurunsesi.net\/"},{"@type":"ListItem","position":2,"name":"Kastamonu\u2019da motosiklet kazas\u0131: 1 \u00f6l\u00fc"}]},{"@type":"WebSite","@id":"https:\/\/memurunsesi.net\/#website","url":"https:\/\/memurunsesi.net\/","name":"Memurun Sesi","description":"G\u00fcncel ve Do\u011fru Haber","publisher":{"@id":"https:\/\/memurunsesi.net\/#organization"},"potentialAction":[{"@type":"SearchAction","target":{"@type":"EntryPoint","urlTemplate":"https:\/\/memurunsesi.net\/?s={search_term_string}"},"query-input":{"@type":"PropertyValueSpecification","valueRequired":true,"valueName":"search_term_string"}}],"inLanguage":"tr"},{"@type":"Organization","@id":"https:\/\/memurunsesi.net\/#organization","name":"Memurun Sesi","url":"https:\/\/memurunsesi.net\/","logo":{"@type":"ImageObject","inLanguage":"tr","@id":"https:\/\/memurunsesi.net\/#\/schema\/logo\/image\/","url":"https:\/\/memurunsesi.net\/wp-content\/uploads\/2025\/11\/cropped-MEMURUN-SESI.png","contentUrl":"https:\/\/memurunsesi.net\/wp-content\/uploads\/2025\/11\/cropped-MEMURUN-SESI.png","width":238,"height":57,"caption":"Memurun Sesi"},"image":{"@id":"https:\/\/memurunsesi.net\/#\/schema\/logo\/image\/"},"sameAs":["https:\/\/www.facebook.com\/unipersen\/?locale=tr_TR","https:\/\/x.com\/unipersen"]},{"@type":"Person","@id":"https:\/\/memurunsesi.net\/#\/schema\/person\/f21c2d73b89f6ee1d80b0a1803e38587","name":"Memurun Sesi Haber Merkezi","image":{"@type":"ImageObject","inLanguage":"tr","@id":"https:\/\/secure.gravatar.com\/avatar\/6cf0505f452ee753f485014986fab09a434671d2b919ee76fc541025c5876a70?s=96&d=mm&r=g","url":"https:\/\/secure.gravatar.com\/avatar\/6cf0505f452ee753f485014986fab09a434671d2b919ee76fc541025c5876a70?s=96&d=mm&r=g","contentUrl":"https:\/\/secure.gravatar.com\/avatar\/6cf0505f452ee753f485014986fab09a434671d2b919ee76fc541025c5876a70?s=96&d=mm&r=g","caption":"Memurun Sesi Haber Merkezi"},"sameAs":["https:\/\/memurunsesi.net"],"url":"https:\/\/memurunsesi.net\/index.php\/author\/uniper\/"}]}},"_links":{"self":[{"href":"https:\/\/memurunsesi.net\/index.php\/wp-json\/wp\/v2\/posts\/8998","targetHints":{"allow":["GET"]}}],"collection":[{"href":"https:\/\/memurunsesi.net\/index.php\/wp-json\/wp\/v2\/posts"}],"about":[{"href":"https:\/\/memurunsesi.net\/index.php\/wp-json\/wp\/v2\/types\/post"}],"author":[{"embeddable":true,"href":"https:\/\/memurunsesi.net\/index.php\/wp-json\/wp\/v2\/users\/1"}],"replies":[{"embeddable":true,"href":"https:\/\/memurunsesi.net\/index.php\/wp-json\/wp\/v2\/comments?post=8998"}],"version-history":[{"count":1,"href":"https:\/\/memurunsesi.net\/index.php\/wp-json\/wp\/v2\/posts\/8998\/revisions"}],"predecessor-version":[{"id":9000,"href":"https:\/\/memurunsesi.net\/index.php\/wp-json\/wp\/v2\/posts\/8998\/revisions\/9000"}],"wp:featuredmedia":[{"embeddable":true,"href":"https:\/\/memurunsesi.net\/index.php\/wp-json\/wp\/v2\/media\/8999"}],"wp:attachment":[{"href":"https:\/\/memurunsesi.net\/index.php\/wp-json\/wp\/v2\/media?parent=8998"}],"wp:term":[{"taxonomy":"category","embeddable":true,"href":"https:\/\/memurunsesi.net\/index.php\/wp-json\/wp\/v2\/categories?post=8998"},{"taxonomy":"post_tag","embeddable":true,"href":"https:\/\/memurunsesi.net\/index.php\/wp-json\/wp\/v2\/tags?post=8998"}],"curies":[{"name":"wp","href":"https:\/\/api.w.org\/{rel}","templated":true}]}}