{"id":9004,"date":"2025-07-05T17:58:50","date_gmt":"2025-07-05T14:58:50","guid":{"rendered":"https:\/\/memurunsesi.net\/?p=9004"},"modified":"2025-07-05T17:58:50","modified_gmt":"2025-07-05T14:58:50","slug":"9004","status":"publish","type":"post","link":"https:\/\/memurunsesi.net\/index.php\/2025\/07\/05\/9004\/","title":{"rendered":""},"content":{"rendered":"<p>   Van&#8217;da 1976 y\u0131l\u0131nda ibadete a\u00e7\u0131lan Hazreti \u00d6mer Camii, depremlerde ald\u0131\u011f\u0131 a\u011f\u0131r hasar nedeniyle kontroll\u00fc \u015fekilde y\u0131k\u0131ld\u0131.<br \/>\n2011 y\u0131l\u0131nda meydana gelen depremlerde hasar g\u00f6rmesine ra\u011fmen g\u00fc\u00e7lendirme \u00e7al\u0131\u015fmalar\u0131yla ibadete devam edilen yar\u0131m as\u0131rl\u0131k caminin y\u0131kt\u0131r\u0131lma an\u0131 kameralara yans\u0131d\u0131. \u0130\u015f makineleriyle yap\u0131lan y\u0131k\u0131m s\u0131ras\u0131nda \u00e7\u0131kan yo\u011fun toz \u00e7evreyi kaplad\u0131. Ekipler, g\u00fcvenlik \u00f6nlemleri e\u015fli\u011finde \u00e7al\u0131\u015fmalar\u0131 s\u00fcrd\u00fcrd\u00fc.<br \/>\n  Y\u0131llard\u0131r vatanda\u015flara hizmet veren Hazreti \u00d6mer Camii ile birlikte caminin alt k\u0131sm\u0131nda bulunan i\u015f yerleri de y\u0131k\u0131m kapsam\u0131na al\u0131nd\u0131. Caminin, T\u00fcrkiye Diyanet Vakf\u0131 \u00f6nc\u00fcl\u00fc\u011f\u00fcnde, Van B\u00fcy\u00fck\u015fehir Belediyesi ve hay\u0131rseverlerin destekleriyle yeniden in\u015fa edilece\u011fi bildirildi. <\/p>\n<p>5.07.2025 <div style=\"width: 512px;\" class=\"wp-video\"><video class=\"wp-video-shortcode\" id=\"video-9004-1\" width=\"512\" height=\"288\" preload=\"metadata\" controls=\"controls\"><source type=\"video\/mp4\" src=\"https:\/\/memurunsesi.net\/wp-content\/uploads\/2025\/07\/BA4234BC-A17C-4356-861B-BE93973BDC8E.mp4?_=1\" \/><a href=\"https:\/\/memurunsesi.net\/wp-content\/uploads\/2025\/07\/BA4234BC-A17C-4356-861B-BE93973BDC8E.mp4\">https:\/\/memurunsesi.net\/wp-content\/uploads\/2025\/07\/BA4234BC-A17C-4356-861B-BE93973BDC8E.mp4<\/a><\/video><\/div>                            <\/p>\n","protected":false},"excerpt":{"rendered":"<p>Van&#8217;da 1976 y\u0131l\u0131nda ibadete a\u00e7\u0131lan Hazreti \u00d6mer Camii, depremlerde ald\u0131\u011f\u0131 a\u011f\u0131r hasar nedeniyle kontroll\u00fc \u015fekilde y\u0131k\u0131ld\u0131. 2011 y\u0131l\u0131nda meydana gelen depremlerde hasar g\u00f6rmesine ra\u011fmen g\u00fc\u00e7lendirme \u00e7al\u0131\u015fmalar\u0131yla ibadete devam edilen yar\u0131m as\u0131rl\u0131k caminin y\u0131kt\u0131r\u0131lma an\u0131 kameralara yans\u0131d\u0131. \u0130\u015f makineleriyle yap\u0131lan y\u0131k\u0131m s\u0131ras\u0131nda \u00e7\u0131kan yo\u011fun toz \u00e7evreyi kaplad\u0131. Ekipler, g\u00fcvenlik \u00f6nlemleri e\u015fli\u011finde \u00e7al\u0131\u015fmalar\u0131 s\u00fcrd\u00fcrd\u00fc. Y\u0131llard\u0131r vatanda\u015flara hizmet [&hellip;]<\/p>\n","protected":false},"author":1,"featured_media":0,"comment_status":"open","ping_status":"open","sticky":false,"template":"","format":"standard","meta":{"footnotes":""},"categories":[1],"tags":[],"class_list":["post-9004","post","type-post","status-publish","format-standard","hentry","category-genel"],"yoast_head":"<!-- This site is optimized with the Yoast SEO plugin v27.4 - https:\/\/yoast.com\/product\/yoast-seo-wordpress\/ -->\n<title>- Memurun Sesi<\/title>\n<meta name=\"robots\" content=\"index, follow, max-snippet:-1, max-image-preview:large, max-video-preview:-1\" \/>\n<link rel=\"canonical\" href=\"https:\/\/memurunsesi.net\/index.php\/2025\/07\/05\/9004\/\" \/>\n<meta property=\"og:locale\" content=\"tr_TR\" \/>\n<meta property=\"og:type\" content=\"article\" \/>\n<meta property=\"og:title\" content=\"- Memurun Sesi\" \/>\n<meta property=\"og:description\" content=\"Van&#8217;da 1976 y\u0131l\u0131nda ibadete a\u00e7\u0131lan Hazreti \u00d6mer Camii, depremlerde ald\u0131\u011f\u0131 a\u011f\u0131r hasar nedeniyle kontroll\u00fc \u015fekilde y\u0131k\u0131ld\u0131. 2011 y\u0131l\u0131nda meydana gelen depremlerde hasar g\u00f6rmesine ra\u011fmen g\u00fc\u00e7lendirme \u00e7al\u0131\u015fmalar\u0131yla ibadete devam edilen yar\u0131m as\u0131rl\u0131k caminin y\u0131kt\u0131r\u0131lma an\u0131 kameralara yans\u0131d\u0131. \u0130\u015f makineleriyle yap\u0131lan y\u0131k\u0131m s\u0131ras\u0131nda \u00e7\u0131kan yo\u011fun toz \u00e7evreyi kaplad\u0131. Ekipler, g\u00fcvenlik \u00f6nlemleri e\u015fli\u011finde \u00e7al\u0131\u015fmalar\u0131 s\u00fcrd\u00fcrd\u00fc. Y\u0131llard\u0131r vatanda\u015flara hizmet [&hellip;]\" \/>\n<meta property=\"og:url\" content=\"https:\/\/memurunsesi.net\/index.php\/2025\/07\/05\/9004\/\" \/>\n<meta property=\"og:site_name\" content=\"Memurun Sesi\" \/>\n<meta property=\"article:publisher\" content=\"https:\/\/www.facebook.com\/unipersen\/?locale=tr_TR\" \/>\n<meta property=\"article:published_time\" content=\"2025-07-05T14:58:50+00:00\" \/>\n<meta name=\"author\" content=\"Memurun Sesi Haber Merkezi\" \/>\n<meta name=\"twitter:card\" content=\"summary_large_image\" \/>\n<meta name=\"twitter:creator\" content=\"@unipersen\" \/>\n<meta name=\"twitter:site\" content=\"@unipersen\" \/>\n<meta name=\"twitter:label1\" content=\"Yazan:\" \/>\n\t<meta name=\"twitter:data1\" content=\"Memurun Sesi Haber Merkezi\" \/>\n<script type=\"application\/ld+json\" class=\"yoast-schema-graph\">{\"@context\":\"https:\\\/\\\/schema.org\",\"@graph\":[{\"@type\":\"Article\",\"@id\":\"https:\\\/\\\/memurunsesi.net\\\/index.php\\\/2025\\\/07\\\/05\\\/9004\\\/#article\",\"isPartOf\":{\"@id\":\"https:\\\/\\\/memurunsesi.net\\\/index.php\\\/2025\\\/07\\\/05\\\/9004\\\/\"},\"author\":{\"name\":\"Memurun Sesi Haber Merkezi\",\"@id\":\"https:\\\/\\\/memurunsesi.net\\\/#\\\/schema\\\/person\\\/f21c2d73b89f6ee1d80b0a1803e38587\"},\"headline\":\"Ba\u015fl\u0131k yok\",\"datePublished\":\"2025-07-05T14:58:50+00:00\",\"mainEntityOfPage\":{\"@id\":\"https:\\\/\\\/memurunsesi.net\\\/index.php\\\/2025\\\/07\\\/05\\\/9004\\\/\"},\"wordCount\":152,\"commentCount\":0,\"publisher\":{\"@id\":\"https:\\\/\\\/memurunsesi.net\\\/#organization\"},\"inLanguage\":\"tr\",\"potentialAction\":[{\"@type\":\"CommentAction\",\"name\":\"Comment\",\"target\":[\"https:\\\/\\\/memurunsesi.net\\\/index.php\\\/2025\\\/07\\\/05\\\/9004\\\/#respond\"]}]},{\"@type\":\"WebPage\",\"@id\":\"https:\\\/\\\/memurunsesi.net\\\/index.php\\\/2025\\\/07\\\/05\\\/9004\\\/\",\"url\":\"https:\\\/\\\/memurunsesi.net\\\/index.php\\\/2025\\\/07\\\/05\\\/9004\\\/\",\"name\":\"- Memurun Sesi\",\"isPartOf\":{\"@id\":\"https:\\\/\\\/memurunsesi.net\\\/#website\"},\"datePublished\":\"2025-07-05T14:58:50+00:00\",\"inLanguage\":\"tr\",\"potentialAction\":[{\"@type\":\"ReadAction\",\"target\":[\"https:\\\/\\\/memurunsesi.net\\\/index.php\\\/2025\\\/07\\\/05\\\/9004\\\/\"]}]},{\"@type\":\"WebSite\",\"@id\":\"https:\\\/\\\/memurunsesi.net\\\/#website\",\"url\":\"https:\\\/\\\/memurunsesi.net\\\/\",\"name\":\"Memurun Sesi\",\"description\":\"G\u00fcncel ve Do\u011fru Haber\",\"publisher\":{\"@id\":\"https:\\\/\\\/memurunsesi.net\\\/#organization\"},\"potentialAction\":[{\"@type\":\"SearchAction\",\"target\":{\"@type\":\"EntryPoint\",\"urlTemplate\":\"https:\\\/\\\/memurunsesi.net\\\/?s={search_term_string}\"},\"query-input\":{\"@type\":\"PropertyValueSpecification\",\"valueRequired\":true,\"valueName\":\"search_term_string\"}}],\"inLanguage\":\"tr\"},{\"@type\":\"Organization\",\"@id\":\"https:\\\/\\\/memurunsesi.net\\\/#organization\",\"name\":\"Memurun Sesi\",\"url\":\"https:\\\/\\\/memurunsesi.net\\\/\",\"logo\":{\"@type\":\"ImageObject\",\"inLanguage\":\"tr\",\"@id\":\"https:\\\/\\\/memurunsesi.net\\\/#\\\/schema\\\/logo\\\/image\\\/\",\"url\":\"https:\\\/\\\/memurunsesi.net\\\/wp-content\\\/uploads\\\/2025\\\/11\\\/cropped-MEMURUN-SESI.png\",\"contentUrl\":\"https:\\\/\\\/memurunsesi.net\\\/wp-content\\\/uploads\\\/2025\\\/11\\\/cropped-MEMURUN-SESI.png\",\"width\":238,\"height\":57,\"caption\":\"Memurun Sesi\"},\"image\":{\"@id\":\"https:\\\/\\\/memurunsesi.net\\\/#\\\/schema\\\/logo\\\/image\\\/\"},\"sameAs\":[\"https:\\\/\\\/www.facebook.com\\\/unipersen\\\/?locale=tr_TR\",\"https:\\\/\\\/x.com\\\/unipersen\"]},{\"@type\":\"Person\",\"@id\":\"https:\\\/\\\/memurunsesi.net\\\/#\\\/schema\\\/person\\\/f21c2d73b89f6ee1d80b0a1803e38587\",\"name\":\"Memurun Sesi Haber Merkezi\",\"image\":{\"@type\":\"ImageObject\",\"inLanguage\":\"tr\",\"@id\":\"https:\\\/\\\/secure.gravatar.com\\\/avatar\\\/6cf0505f452ee753f485014986fab09a434671d2b919ee76fc541025c5876a70?s=96&d=mm&r=g\",\"url\":\"https:\\\/\\\/secure.gravatar.com\\\/avatar\\\/6cf0505f452ee753f485014986fab09a434671d2b919ee76fc541025c5876a70?s=96&d=mm&r=g\",\"contentUrl\":\"https:\\\/\\\/secure.gravatar.com\\\/avatar\\\/6cf0505f452ee753f485014986fab09a434671d2b919ee76fc541025c5876a70?s=96&d=mm&r=g\",\"caption\":\"Memurun Sesi Haber Merkezi\"},\"sameAs\":[\"https:\\\/\\\/memurunsesi.net\"],\"url\":\"https:\\\/\\\/memurunsesi.net\\\/index.php\\\/author\\\/uniper\\\/\"}]}<\/script>\n<!-- \/ Yoast SEO plugin. -->","yoast_head_json":{"title":"- Memurun Sesi","robots":{"index":"index","follow":"follow","max-snippet":"max-snippet:-1","max-image-preview":"max-image-preview:large","max-video-preview":"max-video-preview:-1"},"canonical":"https:\/\/memurunsesi.net\/index.php\/2025\/07\/05\/9004\/","og_locale":"tr_TR","og_type":"article","og_title":"- Memurun Sesi","og_description":"Van&#8217;da 1976 y\u0131l\u0131nda ibadete a\u00e7\u0131lan Hazreti \u00d6mer Camii, depremlerde ald\u0131\u011f\u0131 a\u011f\u0131r hasar nedeniyle kontroll\u00fc \u015fekilde y\u0131k\u0131ld\u0131. 2011 y\u0131l\u0131nda meydana gelen depremlerde hasar g\u00f6rmesine ra\u011fmen g\u00fc\u00e7lendirme \u00e7al\u0131\u015fmalar\u0131yla ibadete devam edilen yar\u0131m as\u0131rl\u0131k caminin y\u0131kt\u0131r\u0131lma an\u0131 kameralara yans\u0131d\u0131. \u0130\u015f makineleriyle yap\u0131lan y\u0131k\u0131m s\u0131ras\u0131nda \u00e7\u0131kan yo\u011fun toz \u00e7evreyi kaplad\u0131. Ekipler, g\u00fcvenlik \u00f6nlemleri e\u015fli\u011finde \u00e7al\u0131\u015fmalar\u0131 s\u00fcrd\u00fcrd\u00fc. Y\u0131llard\u0131r vatanda\u015flara hizmet [&hellip;]","og_url":"https:\/\/memurunsesi.net\/index.php\/2025\/07\/05\/9004\/","og_site_name":"Memurun Sesi","article_publisher":"https:\/\/www.facebook.com\/unipersen\/?locale=tr_TR","article_published_time":"2025-07-05T14:58:50+00:00","author":"Memurun Sesi Haber Merkezi","twitter_card":"summary_large_image","twitter_creator":"@unipersen","twitter_site":"@unipersen","twitter_misc":{"Yazan:":"Memurun Sesi Haber Merkezi"},"schema":{"@context":"https:\/\/schema.org","@graph":[{"@type":"Article","@id":"https:\/\/memurunsesi.net\/index.php\/2025\/07\/05\/9004\/#article","isPartOf":{"@id":"https:\/\/memurunsesi.net\/index.php\/2025\/07\/05\/9004\/"},"author":{"name":"Memurun Sesi Haber Merkezi","@id":"https:\/\/memurunsesi.net\/#\/schema\/person\/f21c2d73b89f6ee1d80b0a1803e38587"},"headline":"Ba\u015fl\u0131k yok","datePublished":"2025-07-05T14:58:50+00:00","mainEntityOfPage":{"@id":"https:\/\/memurunsesi.net\/index.php\/2025\/07\/05\/9004\/"},"wordCount":152,"commentCount":0,"publisher":{"@id":"https:\/\/memurunsesi.net\/#organization"},"inLanguage":"tr","potentialAction":[{"@type":"CommentAction","name":"Comment","target":["https:\/\/memurunsesi.net\/index.php\/2025\/07\/05\/9004\/#respond"]}]},{"@type":"WebPage","@id":"https:\/\/memurunsesi.net\/index.php\/2025\/07\/05\/9004\/","url":"https:\/\/memurunsesi.net\/index.php\/2025\/07\/05\/9004\/","name":"- Memurun Sesi","isPartOf":{"@id":"https:\/\/memurunsesi.net\/#website"},"datePublished":"2025-07-05T14:58:50+00:00","inLanguage":"tr","potentialAction":[{"@type":"ReadAction","target":["https:\/\/memurunsesi.net\/index.php\/2025\/07\/05\/9004\/"]}]},{"@type":"WebSite","@id":"https:\/\/memurunsesi.net\/#website","url":"https:\/\/memurunsesi.net\/","name":"Memurun Sesi","description":"G\u00fcncel ve Do\u011fru Haber","publisher":{"@id":"https:\/\/memurunsesi.net\/#organization"},"potentialAction":[{"@type":"SearchAction","target":{"@type":"EntryPoint","urlTemplate":"https:\/\/memurunsesi.net\/?s={search_term_string}"},"query-input":{"@type":"PropertyValueSpecification","valueRequired":true,"valueName":"search_term_string"}}],"inLanguage":"tr"},{"@type":"Organization","@id":"https:\/\/memurunsesi.net\/#organization","name":"Memurun Sesi","url":"https:\/\/memurunsesi.net\/","logo":{"@type":"ImageObject","inLanguage":"tr","@id":"https:\/\/memurunsesi.net\/#\/schema\/logo\/image\/","url":"https:\/\/memurunsesi.net\/wp-content\/uploads\/2025\/11\/cropped-MEMURUN-SESI.png","contentUrl":"https:\/\/memurunsesi.net\/wp-content\/uploads\/2025\/11\/cropped-MEMURUN-SESI.png","width":238,"height":57,"caption":"Memurun Sesi"},"image":{"@id":"https:\/\/memurunsesi.net\/#\/schema\/logo\/image\/"},"sameAs":["https:\/\/www.facebook.com\/unipersen\/?locale=tr_TR","https:\/\/x.com\/unipersen"]},{"@type":"Person","@id":"https:\/\/memurunsesi.net\/#\/schema\/person\/f21c2d73b89f6ee1d80b0a1803e38587","name":"Memurun Sesi Haber Merkezi","image":{"@type":"ImageObject","inLanguage":"tr","@id":"https:\/\/secure.gravatar.com\/avatar\/6cf0505f452ee753f485014986fab09a434671d2b919ee76fc541025c5876a70?s=96&d=mm&r=g","url":"https:\/\/secure.gravatar.com\/avatar\/6cf0505f452ee753f485014986fab09a434671d2b919ee76fc541025c5876a70?s=96&d=mm&r=g","contentUrl":"https:\/\/secure.gravatar.com\/avatar\/6cf0505f452ee753f485014986fab09a434671d2b919ee76fc541025c5876a70?s=96&d=mm&r=g","caption":"Memurun Sesi Haber Merkezi"},"sameAs":["https:\/\/memurunsesi.net"],"url":"https:\/\/memurunsesi.net\/index.php\/author\/uniper\/"}]}},"_links":{"self":[{"href":"https:\/\/memurunsesi.net\/index.php\/wp-json\/wp\/v2\/posts\/9004","targetHints":{"allow":["GET"]}}],"collection":[{"href":"https:\/\/memurunsesi.net\/index.php\/wp-json\/wp\/v2\/posts"}],"about":[{"href":"https:\/\/memurunsesi.net\/index.php\/wp-json\/wp\/v2\/types\/post"}],"author":[{"embeddable":true,"href":"https:\/\/memurunsesi.net\/index.php\/wp-json\/wp\/v2\/users\/1"}],"replies":[{"embeddable":true,"href":"https:\/\/memurunsesi.net\/index.php\/wp-json\/wp\/v2\/comments?post=9004"}],"version-history":[{"count":2,"href":"https:\/\/memurunsesi.net\/index.php\/wp-json\/wp\/v2\/posts\/9004\/revisions"}],"predecessor-version":[{"id":9007,"href":"https:\/\/memurunsesi.net\/index.php\/wp-json\/wp\/v2\/posts\/9004\/revisions\/9007"}],"wp:attachment":[{"href":"https:\/\/memurunsesi.net\/index.php\/wp-json\/wp\/v2\/media?parent=9004"}],"wp:term":[{"taxonomy":"category","embeddable":true,"href":"https:\/\/memurunsesi.net\/index.php\/wp-json\/wp\/v2\/categories?post=9004"},{"taxonomy":"post_tag","embeddable":true,"href":"https:\/\/memurunsesi.net\/index.php\/wp-json\/wp\/v2\/tags?post=9004"}],"curies":[{"name":"wp","href":"https:\/\/api.w.org\/{rel}","templated":true}]}}