{"id":9013,"date":"2025-07-05T20:48:15","date_gmt":"2025-07-05T17:48:15","guid":{"rendered":"https:\/\/memurunsesi.net\/?p=9013"},"modified":"2025-07-05T20:48:15","modified_gmt":"2025-07-05T17:48:15","slug":"zeynep-sonmez-wimbledona-3-turda-veda-etti","status":"publish","type":"post","link":"https:\/\/memurunsesi.net\/index.php\/2025\/07\/05\/zeynep-sonmez-wimbledona-3-turda-veda-etti\/","title":{"rendered":"Zeynep S\u00f6nmez, Wimbledon&#8217;a 3. turda veda etti"},"content":{"rendered":"<p>    Milli tenis\u00e7i Zeynep S\u00f6nmez 2025 Wimbledon tek kad\u0131nlar \u00fc\u00e7\u00fcnc\u00fc tur ma\u00e7\u0131nda Ekaterina Alexandrova&#8217;ya 2-0 ma\u011flup olarak elendi.<br \/>\n\u0130ngiltere&#8217;nin ba\u015fkenti Londra&#8217;da ger\u00e7ekle\u015fen sezonun \u00fc\u00e7\u00fcnc\u00fc grand slam tenis turnuvas\u0131nda 75 y\u0131l sonra grand slam teklerde 3. tur oynayan ilk T\u00fcrk tenis\u00e7i olan Zeynep S\u00f6nmez, d\u00fcnya s\u0131ralamas\u0131nda 18. basamakta yer alan Rus raket Ekaterina Alexandrova ile kar\u015f\u0131 kar\u015f\u0131ya geldi. S\u00f6nmez, ilk seti 6-3 ve ikinci seti de 7-6 kaybederek rakibine 2-0 yenildi ve turnuvaya veda etti. <\/p>\n<p>5.07.2025                              <\/p>\n","protected":false},"excerpt":{"rendered":"<p>Milli tenis\u00e7i Zeynep S\u00f6nmez 2025 Wimbledon tek kad\u0131nlar \u00fc\u00e7\u00fcnc\u00fc tur ma\u00e7\u0131nda Ekaterina Alexandrova&#8217;ya 2-0 ma\u011flup olarak elendi. \u0130ngiltere&#8217;nin ba\u015fkenti Londra&#8217;da ger\u00e7ekle\u015fen sezonun \u00fc\u00e7\u00fcnc\u00fc grand slam tenis turnuvas\u0131nda 75 y\u0131l sonra grand slam teklerde 3. tur oynayan ilk T\u00fcrk tenis\u00e7i olan Zeynep S\u00f6nmez, d\u00fcnya s\u0131ralamas\u0131nda 18. basamakta yer alan Rus raket Ekaterina Alexandrova ile kar\u015f\u0131 kar\u015f\u0131ya [&hellip;]<\/p>\n","protected":false},"author":1,"featured_media":9011,"comment_status":"open","ping_status":"open","sticky":false,"template":"","format":"standard","meta":{"footnotes":""},"categories":[57],"tags":[],"class_list":["post-9013","post","type-post","status-publish","format-standard","has-post-thumbnail","hentry","category-spor"],"yoast_head":"<!-- This site is optimized with the Yoast SEO plugin v27.4 - https:\/\/yoast.com\/product\/yoast-seo-wordpress\/ -->\n<title>Zeynep S\u00f6nmez, Wimbledon&#039;a 3. turda veda etti - Memurun Sesi<\/title>\n<meta name=\"robots\" content=\"index, follow, max-snippet:-1, max-image-preview:large, max-video-preview:-1\" \/>\n<link rel=\"canonical\" href=\"https:\/\/memurunsesi.net\/index.php\/2025\/07\/05\/zeynep-sonmez-wimbledona-3-turda-veda-etti\/\" \/>\n<meta property=\"og:locale\" content=\"tr_TR\" \/>\n<meta property=\"og:type\" content=\"article\" \/>\n<meta property=\"og:title\" content=\"Zeynep S\u00f6nmez, Wimbledon&#039;a 3. turda veda etti - Memurun Sesi\" \/>\n<meta property=\"og:description\" content=\"Milli tenis\u00e7i Zeynep S\u00f6nmez 2025 Wimbledon tek kad\u0131nlar \u00fc\u00e7\u00fcnc\u00fc tur ma\u00e7\u0131nda Ekaterina Alexandrova&#8217;ya 2-0 ma\u011flup olarak elendi. \u0130ngiltere&#8217;nin ba\u015fkenti Londra&#8217;da ger\u00e7ekle\u015fen sezonun \u00fc\u00e7\u00fcnc\u00fc grand slam tenis turnuvas\u0131nda 75 y\u0131l sonra grand slam teklerde 3. tur oynayan ilk T\u00fcrk tenis\u00e7i olan Zeynep S\u00f6nmez, d\u00fcnya s\u0131ralamas\u0131nda 18. basamakta yer alan Rus raket Ekaterina Alexandrova ile kar\u015f\u0131 kar\u015f\u0131ya [&hellip;]\" \/>\n<meta property=\"og:url\" content=\"https:\/\/memurunsesi.net\/index.php\/2025\/07\/05\/zeynep-sonmez-wimbledona-3-turda-veda-etti\/\" \/>\n<meta property=\"og:site_name\" content=\"Memurun Sesi\" \/>\n<meta property=\"article:publisher\" content=\"https:\/\/www.facebook.com\/unipersen\/?locale=tr_TR\" \/>\n<meta property=\"article:published_time\" content=\"2025-07-05T17:48:15+00:00\" \/>\n<meta property=\"og:image\" content=\"https:\/\/memurunsesi.net\/wp-content\/uploads\/2025\/07\/AW491224_01-1.jpg\" \/>\n\t<meta property=\"og:image:width\" content=\"2480\" \/>\n\t<meta property=\"og:image:height\" content=\"1729\" \/>\n\t<meta property=\"og:image:type\" content=\"image\/jpeg\" \/>\n<meta name=\"author\" content=\"Memurun Sesi Haber Merkezi\" \/>\n<meta name=\"twitter:card\" content=\"summary_large_image\" \/>\n<meta name=\"twitter:creator\" content=\"@unipersen\" \/>\n<meta name=\"twitter:site\" content=\"@unipersen\" \/>\n<meta name=\"twitter:label1\" content=\"Yazan:\" \/>\n\t<meta name=\"twitter:data1\" content=\"Memurun Sesi Haber Merkezi\" \/>\n\t<meta name=\"twitter:label2\" content=\"Tahmini okuma s\u00fcresi\" \/>\n\t<meta name=\"twitter:data2\" content=\"1 dakika\" \/>\n<script type=\"application\/ld+json\" class=\"yoast-schema-graph\">{\"@context\":\"https:\\\/\\\/schema.org\",\"@graph\":[{\"@type\":\"Article\",\"@id\":\"https:\\\/\\\/memurunsesi.net\\\/index.php\\\/2025\\\/07\\\/05\\\/zeynep-sonmez-wimbledona-3-turda-veda-etti\\\/#article\",\"isPartOf\":{\"@id\":\"https:\\\/\\\/memurunsesi.net\\\/index.php\\\/2025\\\/07\\\/05\\\/zeynep-sonmez-wimbledona-3-turda-veda-etti\\\/\"},\"author\":{\"name\":\"Memurun Sesi Haber Merkezi\",\"@id\":\"https:\\\/\\\/memurunsesi.net\\\/#\\\/schema\\\/person\\\/f21c2d73b89f6ee1d80b0a1803e38587\"},\"headline\":\"Zeynep S\u00f6nmez, Wimbledon&#8217;a 3. turda veda etti\",\"datePublished\":\"2025-07-05T17:48:15+00:00\",\"mainEntityOfPage\":{\"@id\":\"https:\\\/\\\/memurunsesi.net\\\/index.php\\\/2025\\\/07\\\/05\\\/zeynep-sonmez-wimbledona-3-turda-veda-etti\\\/\"},\"wordCount\":98,\"commentCount\":0,\"publisher\":{\"@id\":\"https:\\\/\\\/memurunsesi.net\\\/#organization\"},\"image\":{\"@id\":\"https:\\\/\\\/memurunsesi.net\\\/index.php\\\/2025\\\/07\\\/05\\\/zeynep-sonmez-wimbledona-3-turda-veda-etti\\\/#primaryimage\"},\"thumbnailUrl\":\"https:\\\/\\\/memurunsesi.net\\\/wp-content\\\/uploads\\\/2025\\\/07\\\/AW491224_01-1.jpg\",\"articleSection\":[\"Spor\"],\"inLanguage\":\"tr\",\"potentialAction\":[{\"@type\":\"CommentAction\",\"name\":\"Comment\",\"target\":[\"https:\\\/\\\/memurunsesi.net\\\/index.php\\\/2025\\\/07\\\/05\\\/zeynep-sonmez-wimbledona-3-turda-veda-etti\\\/#respond\"]}]},{\"@type\":\"WebPage\",\"@id\":\"https:\\\/\\\/memurunsesi.net\\\/index.php\\\/2025\\\/07\\\/05\\\/zeynep-sonmez-wimbledona-3-turda-veda-etti\\\/\",\"url\":\"https:\\\/\\\/memurunsesi.net\\\/index.php\\\/2025\\\/07\\\/05\\\/zeynep-sonmez-wimbledona-3-turda-veda-etti\\\/\",\"name\":\"Zeynep S\u00f6nmez, Wimbledon'a 3. turda veda etti - Memurun Sesi\",\"isPartOf\":{\"@id\":\"https:\\\/\\\/memurunsesi.net\\\/#website\"},\"primaryImageOfPage\":{\"@id\":\"https:\\\/\\\/memurunsesi.net\\\/index.php\\\/2025\\\/07\\\/05\\\/zeynep-sonmez-wimbledona-3-turda-veda-etti\\\/#primaryimage\"},\"image\":{\"@id\":\"https:\\\/\\\/memurunsesi.net\\\/index.php\\\/2025\\\/07\\\/05\\\/zeynep-sonmez-wimbledona-3-turda-veda-etti\\\/#primaryimage\"},\"thumbnailUrl\":\"https:\\\/\\\/memurunsesi.net\\\/wp-content\\\/uploads\\\/2025\\\/07\\\/AW491224_01-1.jpg\",\"datePublished\":\"2025-07-05T17:48:15+00:00\",\"breadcrumb\":{\"@id\":\"https:\\\/\\\/memurunsesi.net\\\/index.php\\\/2025\\\/07\\\/05\\\/zeynep-sonmez-wimbledona-3-turda-veda-etti\\\/#breadcrumb\"},\"inLanguage\":\"tr\",\"potentialAction\":[{\"@type\":\"ReadAction\",\"target\":[\"https:\\\/\\\/memurunsesi.net\\\/index.php\\\/2025\\\/07\\\/05\\\/zeynep-sonmez-wimbledona-3-turda-veda-etti\\\/\"]}]},{\"@type\":\"ImageObject\",\"inLanguage\":\"tr\",\"@id\":\"https:\\\/\\\/memurunsesi.net\\\/index.php\\\/2025\\\/07\\\/05\\\/zeynep-sonmez-wimbledona-3-turda-veda-etti\\\/#primaryimage\",\"url\":\"https:\\\/\\\/memurunsesi.net\\\/wp-content\\\/uploads\\\/2025\\\/07\\\/AW491224_01-1.jpg\",\"contentUrl\":\"https:\\\/\\\/memurunsesi.net\\\/wp-content\\\/uploads\\\/2025\\\/07\\\/AW491224_01-1.jpg\",\"width\":2480,\"height\":1729,\"caption\":\"M\u0130LL\u0130 TEN\u0130S\u00c7\u0130 ZEYNEP S\u00d6NMEZ 2025 W\u0130MBLEDON TEK KADINLAR \u00dc\u00c7\u00dcNC\u00dc TUR MA\u00c7INDA EKATER\u0130NA ALEXANDROVA'YA 2-0 MA\u011eLUP OLARAK ELEND\u0130. (\u0130HA\\\/\u0130STANBUL-\u0130HA) Milli tenis\u00e7i Zeynep S\u00f6nmez 2025 Wimbledon tek kad\u0131nlar \u00fc\u00e7\u00fcnc\u00fc tur ma\u00e7\u0131nda Ekaterina Alexandrova'ya 2-0 ma\u011flup olarak elendi.\"},{\"@type\":\"BreadcrumbList\",\"@id\":\"https:\\\/\\\/memurunsesi.net\\\/index.php\\\/2025\\\/07\\\/05\\\/zeynep-sonmez-wimbledona-3-turda-veda-etti\\\/#breadcrumb\",\"itemListElement\":[{\"@type\":\"ListItem\",\"position\":1,\"name\":\"Anasayfa\",\"item\":\"https:\\\/\\\/memurunsesi.net\\\/\"},{\"@type\":\"ListItem\",\"position\":2,\"name\":\"Zeynep S\u00f6nmez, Wimbledon&#8217;a 3. turda veda etti\"}]},{\"@type\":\"WebSite\",\"@id\":\"https:\\\/\\\/memurunsesi.net\\\/#website\",\"url\":\"https:\\\/\\\/memurunsesi.net\\\/\",\"name\":\"Memurun Sesi\",\"description\":\"G\u00fcncel ve Do\u011fru Haber\",\"publisher\":{\"@id\":\"https:\\\/\\\/memurunsesi.net\\\/#organization\"},\"potentialAction\":[{\"@type\":\"SearchAction\",\"target\":{\"@type\":\"EntryPoint\",\"urlTemplate\":\"https:\\\/\\\/memurunsesi.net\\\/?s={search_term_string}\"},\"query-input\":{\"@type\":\"PropertyValueSpecification\",\"valueRequired\":true,\"valueName\":\"search_term_string\"}}],\"inLanguage\":\"tr\"},{\"@type\":\"Organization\",\"@id\":\"https:\\\/\\\/memurunsesi.net\\\/#organization\",\"name\":\"Memurun Sesi\",\"url\":\"https:\\\/\\\/memurunsesi.net\\\/\",\"logo\":{\"@type\":\"ImageObject\",\"inLanguage\":\"tr\",\"@id\":\"https:\\\/\\\/memurunsesi.net\\\/#\\\/schema\\\/logo\\\/image\\\/\",\"url\":\"https:\\\/\\\/memurunsesi.net\\\/wp-content\\\/uploads\\\/2025\\\/11\\\/cropped-MEMURUN-SESI.png\",\"contentUrl\":\"https:\\\/\\\/memurunsesi.net\\\/wp-content\\\/uploads\\\/2025\\\/11\\\/cropped-MEMURUN-SESI.png\",\"width\":238,\"height\":57,\"caption\":\"Memurun Sesi\"},\"image\":{\"@id\":\"https:\\\/\\\/memurunsesi.net\\\/#\\\/schema\\\/logo\\\/image\\\/\"},\"sameAs\":[\"https:\\\/\\\/www.facebook.com\\\/unipersen\\\/?locale=tr_TR\",\"https:\\\/\\\/x.com\\\/unipersen\"]},{\"@type\":\"Person\",\"@id\":\"https:\\\/\\\/memurunsesi.net\\\/#\\\/schema\\\/person\\\/f21c2d73b89f6ee1d80b0a1803e38587\",\"name\":\"Memurun Sesi Haber Merkezi\",\"image\":{\"@type\":\"ImageObject\",\"inLanguage\":\"tr\",\"@id\":\"https:\\\/\\\/secure.gravatar.com\\\/avatar\\\/6cf0505f452ee753f485014986fab09a434671d2b919ee76fc541025c5876a70?s=96&d=mm&r=g\",\"url\":\"https:\\\/\\\/secure.gravatar.com\\\/avatar\\\/6cf0505f452ee753f485014986fab09a434671d2b919ee76fc541025c5876a70?s=96&d=mm&r=g\",\"contentUrl\":\"https:\\\/\\\/secure.gravatar.com\\\/avatar\\\/6cf0505f452ee753f485014986fab09a434671d2b919ee76fc541025c5876a70?s=96&d=mm&r=g\",\"caption\":\"Memurun Sesi Haber Merkezi\"},\"sameAs\":[\"https:\\\/\\\/memurunsesi.net\"],\"url\":\"https:\\\/\\\/memurunsesi.net\\\/index.php\\\/author\\\/uniper\\\/\"}]}<\/script>\n<!-- \/ Yoast SEO plugin. -->","yoast_head_json":{"title":"Zeynep S\u00f6nmez, Wimbledon'a 3. turda veda etti - Memurun Sesi","robots":{"index":"index","follow":"follow","max-snippet":"max-snippet:-1","max-image-preview":"max-image-preview:large","max-video-preview":"max-video-preview:-1"},"canonical":"https:\/\/memurunsesi.net\/index.php\/2025\/07\/05\/zeynep-sonmez-wimbledona-3-turda-veda-etti\/","og_locale":"tr_TR","og_type":"article","og_title":"Zeynep S\u00f6nmez, Wimbledon'a 3. turda veda etti - Memurun Sesi","og_description":"Milli tenis\u00e7i Zeynep S\u00f6nmez 2025 Wimbledon tek kad\u0131nlar \u00fc\u00e7\u00fcnc\u00fc tur ma\u00e7\u0131nda Ekaterina Alexandrova&#8217;ya 2-0 ma\u011flup olarak elendi. \u0130ngiltere&#8217;nin ba\u015fkenti Londra&#8217;da ger\u00e7ekle\u015fen sezonun \u00fc\u00e7\u00fcnc\u00fc grand slam tenis turnuvas\u0131nda 75 y\u0131l sonra grand slam teklerde 3. tur oynayan ilk T\u00fcrk tenis\u00e7i olan Zeynep S\u00f6nmez, d\u00fcnya s\u0131ralamas\u0131nda 18. basamakta yer alan Rus raket Ekaterina Alexandrova ile kar\u015f\u0131 kar\u015f\u0131ya [&hellip;]","og_url":"https:\/\/memurunsesi.net\/index.php\/2025\/07\/05\/zeynep-sonmez-wimbledona-3-turda-veda-etti\/","og_site_name":"Memurun Sesi","article_publisher":"https:\/\/www.facebook.com\/unipersen\/?locale=tr_TR","article_published_time":"2025-07-05T17:48:15+00:00","og_image":[{"width":2480,"height":1729,"url":"https:\/\/memurunsesi.net\/wp-content\/uploads\/2025\/07\/AW491224_01-1.jpg","type":"image\/jpeg"}],"author":"Memurun Sesi Haber Merkezi","twitter_card":"summary_large_image","twitter_creator":"@unipersen","twitter_site":"@unipersen","twitter_misc":{"Yazan:":"Memurun Sesi Haber Merkezi","Tahmini okuma s\u00fcresi":"1 dakika"},"schema":{"@context":"https:\/\/schema.org","@graph":[{"@type":"Article","@id":"https:\/\/memurunsesi.net\/index.php\/2025\/07\/05\/zeynep-sonmez-wimbledona-3-turda-veda-etti\/#article","isPartOf":{"@id":"https:\/\/memurunsesi.net\/index.php\/2025\/07\/05\/zeynep-sonmez-wimbledona-3-turda-veda-etti\/"},"author":{"name":"Memurun Sesi Haber Merkezi","@id":"https:\/\/memurunsesi.net\/#\/schema\/person\/f21c2d73b89f6ee1d80b0a1803e38587"},"headline":"Zeynep S\u00f6nmez, Wimbledon&#8217;a 3. turda veda etti","datePublished":"2025-07-05T17:48:15+00:00","mainEntityOfPage":{"@id":"https:\/\/memurunsesi.net\/index.php\/2025\/07\/05\/zeynep-sonmez-wimbledona-3-turda-veda-etti\/"},"wordCount":98,"commentCount":0,"publisher":{"@id":"https:\/\/memurunsesi.net\/#organization"},"image":{"@id":"https:\/\/memurunsesi.net\/index.php\/2025\/07\/05\/zeynep-sonmez-wimbledona-3-turda-veda-etti\/#primaryimage"},"thumbnailUrl":"https:\/\/memurunsesi.net\/wp-content\/uploads\/2025\/07\/AW491224_01-1.jpg","articleSection":["Spor"],"inLanguage":"tr","potentialAction":[{"@type":"CommentAction","name":"Comment","target":["https:\/\/memurunsesi.net\/index.php\/2025\/07\/05\/zeynep-sonmez-wimbledona-3-turda-veda-etti\/#respond"]}]},{"@type":"WebPage","@id":"https:\/\/memurunsesi.net\/index.php\/2025\/07\/05\/zeynep-sonmez-wimbledona-3-turda-veda-etti\/","url":"https:\/\/memurunsesi.net\/index.php\/2025\/07\/05\/zeynep-sonmez-wimbledona-3-turda-veda-etti\/","name":"Zeynep S\u00f6nmez, Wimbledon'a 3. turda veda etti - Memurun Sesi","isPartOf":{"@id":"https:\/\/memurunsesi.net\/#website"},"primaryImageOfPage":{"@id":"https:\/\/memurunsesi.net\/index.php\/2025\/07\/05\/zeynep-sonmez-wimbledona-3-turda-veda-etti\/#primaryimage"},"image":{"@id":"https:\/\/memurunsesi.net\/index.php\/2025\/07\/05\/zeynep-sonmez-wimbledona-3-turda-veda-etti\/#primaryimage"},"thumbnailUrl":"https:\/\/memurunsesi.net\/wp-content\/uploads\/2025\/07\/AW491224_01-1.jpg","datePublished":"2025-07-05T17:48:15+00:00","breadcrumb":{"@id":"https:\/\/memurunsesi.net\/index.php\/2025\/07\/05\/zeynep-sonmez-wimbledona-3-turda-veda-etti\/#breadcrumb"},"inLanguage":"tr","potentialAction":[{"@type":"ReadAction","target":["https:\/\/memurunsesi.net\/index.php\/2025\/07\/05\/zeynep-sonmez-wimbledona-3-turda-veda-etti\/"]}]},{"@type":"ImageObject","inLanguage":"tr","@id":"https:\/\/memurunsesi.net\/index.php\/2025\/07\/05\/zeynep-sonmez-wimbledona-3-turda-veda-etti\/#primaryimage","url":"https:\/\/memurunsesi.net\/wp-content\/uploads\/2025\/07\/AW491224_01-1.jpg","contentUrl":"https:\/\/memurunsesi.net\/wp-content\/uploads\/2025\/07\/AW491224_01-1.jpg","width":2480,"height":1729,"caption":"M\u0130LL\u0130 TEN\u0130S\u00c7\u0130 ZEYNEP S\u00d6NMEZ 2025 W\u0130MBLEDON TEK KADINLAR \u00dc\u00c7\u00dcNC\u00dc TUR MA\u00c7INDA EKATER\u0130NA ALEXANDROVA'YA 2-0 MA\u011eLUP OLARAK ELEND\u0130. (\u0130HA\/\u0130STANBUL-\u0130HA) Milli tenis\u00e7i Zeynep S\u00f6nmez 2025 Wimbledon tek kad\u0131nlar \u00fc\u00e7\u00fcnc\u00fc tur ma\u00e7\u0131nda Ekaterina Alexandrova'ya 2-0 ma\u011flup olarak elendi."},{"@type":"BreadcrumbList","@id":"https:\/\/memurunsesi.net\/index.php\/2025\/07\/05\/zeynep-sonmez-wimbledona-3-turda-veda-etti\/#breadcrumb","itemListElement":[{"@type":"ListItem","position":1,"name":"Anasayfa","item":"https:\/\/memurunsesi.net\/"},{"@type":"ListItem","position":2,"name":"Zeynep S\u00f6nmez, Wimbledon&#8217;a 3. turda veda etti"}]},{"@type":"WebSite","@id":"https:\/\/memurunsesi.net\/#website","url":"https:\/\/memurunsesi.net\/","name":"Memurun Sesi","description":"G\u00fcncel ve Do\u011fru Haber","publisher":{"@id":"https:\/\/memurunsesi.net\/#organization"},"potentialAction":[{"@type":"SearchAction","target":{"@type":"EntryPoint","urlTemplate":"https:\/\/memurunsesi.net\/?s={search_term_string}"},"query-input":{"@type":"PropertyValueSpecification","valueRequired":true,"valueName":"search_term_string"}}],"inLanguage":"tr"},{"@type":"Organization","@id":"https:\/\/memurunsesi.net\/#organization","name":"Memurun Sesi","url":"https:\/\/memurunsesi.net\/","logo":{"@type":"ImageObject","inLanguage":"tr","@id":"https:\/\/memurunsesi.net\/#\/schema\/logo\/image\/","url":"https:\/\/memurunsesi.net\/wp-content\/uploads\/2025\/11\/cropped-MEMURUN-SESI.png","contentUrl":"https:\/\/memurunsesi.net\/wp-content\/uploads\/2025\/11\/cropped-MEMURUN-SESI.png","width":238,"height":57,"caption":"Memurun Sesi"},"image":{"@id":"https:\/\/memurunsesi.net\/#\/schema\/logo\/image\/"},"sameAs":["https:\/\/www.facebook.com\/unipersen\/?locale=tr_TR","https:\/\/x.com\/unipersen"]},{"@type":"Person","@id":"https:\/\/memurunsesi.net\/#\/schema\/person\/f21c2d73b89f6ee1d80b0a1803e38587","name":"Memurun Sesi Haber Merkezi","image":{"@type":"ImageObject","inLanguage":"tr","@id":"https:\/\/secure.gravatar.com\/avatar\/6cf0505f452ee753f485014986fab09a434671d2b919ee76fc541025c5876a70?s=96&d=mm&r=g","url":"https:\/\/secure.gravatar.com\/avatar\/6cf0505f452ee753f485014986fab09a434671d2b919ee76fc541025c5876a70?s=96&d=mm&r=g","contentUrl":"https:\/\/secure.gravatar.com\/avatar\/6cf0505f452ee753f485014986fab09a434671d2b919ee76fc541025c5876a70?s=96&d=mm&r=g","caption":"Memurun Sesi Haber Merkezi"},"sameAs":["https:\/\/memurunsesi.net"],"url":"https:\/\/memurunsesi.net\/index.php\/author\/uniper\/"}]}},"_links":{"self":[{"href":"https:\/\/memurunsesi.net\/index.php\/wp-json\/wp\/v2\/posts\/9013","targetHints":{"allow":["GET"]}}],"collection":[{"href":"https:\/\/memurunsesi.net\/index.php\/wp-json\/wp\/v2\/posts"}],"about":[{"href":"https:\/\/memurunsesi.net\/index.php\/wp-json\/wp\/v2\/types\/post"}],"author":[{"embeddable":true,"href":"https:\/\/memurunsesi.net\/index.php\/wp-json\/wp\/v2\/users\/1"}],"replies":[{"embeddable":true,"href":"https:\/\/memurunsesi.net\/index.php\/wp-json\/wp\/v2\/comments?post=9013"}],"version-history":[{"count":1,"href":"https:\/\/memurunsesi.net\/index.php\/wp-json\/wp\/v2\/posts\/9013\/revisions"}],"predecessor-version":[{"id":9015,"href":"https:\/\/memurunsesi.net\/index.php\/wp-json\/wp\/v2\/posts\/9013\/revisions\/9015"}],"wp:featuredmedia":[{"embeddable":true,"href":"https:\/\/memurunsesi.net\/index.php\/wp-json\/wp\/v2\/media\/9011"}],"wp:attachment":[{"href":"https:\/\/memurunsesi.net\/index.php\/wp-json\/wp\/v2\/media?parent=9013"}],"wp:term":[{"taxonomy":"category","embeddable":true,"href":"https:\/\/memurunsesi.net\/index.php\/wp-json\/wp\/v2\/categories?post=9013"},{"taxonomy":"post_tag","embeddable":true,"href":"https:\/\/memurunsesi.net\/index.php\/wp-json\/wp\/v2\/tags?post=9013"}],"curies":[{"name":"wp","href":"https:\/\/api.w.org\/{rel}","templated":true}]}}