{"id":9016,"date":"2025-07-05T20:50:13","date_gmt":"2025-07-05T17:50:13","guid":{"rendered":"https:\/\/memurunsesi.net\/?p=9016"},"modified":"2025-07-05T20:50:13","modified_gmt":"2025-07-05T17:50:13","slug":"batmanda-uyusturucu-kullanan-gencler-sokak-ortasinda-baygin-halde-goruntulendi","status":"publish","type":"post","link":"https:\/\/memurunsesi.net\/index.php\/2025\/07\/05\/batmanda-uyusturucu-kullanan-gencler-sokak-ortasinda-baygin-halde-goruntulendi\/","title":{"rendered":"Batman&#8217;da uyu\u015fturucu kullanan gen\u00e7ler sokak ortas\u0131nda bayg\u0131n halde g\u00f6r\u00fcnt\u00fclendi"},"content":{"rendered":"<p>   Batman&#8217;\u0131n Seyitler Mahallesi Z\u00fcbeyde Han\u0131m Caddesi&#8217;nde, uyu\u015fturucu madde etkisinde oldu\u011fu iddia edilen gen\u00e7ler sokak ortas\u0131nda bayg\u0131n halde bulundu.<br \/>\n  \u0130ddiaya g\u00f6re, baz\u0131 gen\u00e7ler motosiklet \u00fczerinde hareketsiz halde dururken, baz\u0131lar\u0131 ise yol kenar\u0131nda kendinden ge\u00e7mi\u015f \u015fekilde g\u00f6r\u00fcld\u00fc. Uyu\u015fturucu madde etkisinde olduklar\u0131 \u00f6ne s\u00fcr\u00fclen gen\u00e7lerden birinin, motosiklet kullan\u0131yormu\u015f gibi hayal d\u00fcnyas\u0131nda davrand\u0131\u011f\u0131 ifade edildi. Bir gen\u00e7 k\u0131z\u0131n ise yol kenar\u0131nda bilinci kapal\u0131 \u015fekilde kendini kaybetti\u011fi anlar kameralara yans\u0131d\u0131.<br \/>\n  Seyitler Mahallesi sakinleri, mahallelerinde artan madde kullan\u0131m\u0131 nedeniyle hem kendi \u00e7ocuklar\u0131 hem de \u00e7evre g\u00fcvenli\u011fi a\u00e7\u0131s\u0131ndan endi\u015feli olduklar\u0131n\u0131 belirtti. Mahalleli, yetkililere \u00e7a\u011fr\u0131da bulunarak b\u00f6lgede denetimlerin art\u0131r\u0131lmas\u0131n\u0131 ve uyu\u015fturucuyla m\u00fccadelede daha kararl\u0131 ad\u0131mlar at\u0131lmas\u0131n\u0131 istedi.<br \/>\n  Z\u00fcbeyde Han\u0131m Caddesi \u00fczerinde benzer olaylar\u0131n s\u0131k s\u0131k ya\u015fand\u0131\u011f\u0131n\u0131 dile getiren vatanda\u015flar, &#8220;Aileler soka\u011fa \u00e7ocuklar\u0131n\u0131 \u00e7\u0131karamaz hale geldi&#8221; diyerek \u015fikayetlerini dile getirdi. <\/p>\n<p>5.07.2025                             <\/p>\n","protected":false},"excerpt":{"rendered":"<p>Batman&#8217;\u0131n Seyitler Mahallesi Z\u00fcbeyde Han\u0131m Caddesi&#8217;nde, uyu\u015fturucu madde etkisinde oldu\u011fu iddia edilen gen\u00e7ler sokak ortas\u0131nda bayg\u0131n halde bulundu. \u0130ddiaya g\u00f6re, baz\u0131 gen\u00e7ler motosiklet \u00fczerinde hareketsiz halde dururken, baz\u0131lar\u0131 ise yol kenar\u0131nda kendinden ge\u00e7mi\u015f \u015fekilde g\u00f6r\u00fcld\u00fc. Uyu\u015fturucu madde etkisinde olduklar\u0131 \u00f6ne s\u00fcr\u00fclen gen\u00e7lerden birinin, motosiklet kullan\u0131yormu\u015f gibi hayal d\u00fcnyas\u0131nda davrand\u0131\u011f\u0131 ifade edildi. Bir gen\u00e7 k\u0131z\u0131n ise [&hellip;]<\/p>\n","protected":false},"author":1,"featured_media":9017,"comment_status":"open","ping_status":"open","sticky":false,"template":"","format":"standard","meta":{"footnotes":""},"categories":[1],"tags":[],"class_list":["post-9016","post","type-post","status-publish","format-standard","has-post-thumbnail","hentry","category-genel"],"yoast_head":"<!-- This site is optimized with the Yoast SEO plugin v27.4 - https:\/\/yoast.com\/product\/yoast-seo-wordpress\/ -->\n<title>Batman&#039;da uyu\u015fturucu kullanan gen\u00e7ler sokak ortas\u0131nda bayg\u0131n halde g\u00f6r\u00fcnt\u00fclendi - Memurun Sesi<\/title>\n<meta name=\"robots\" content=\"index, follow, max-snippet:-1, max-image-preview:large, max-video-preview:-1\" \/>\n<link rel=\"canonical\" href=\"https:\/\/memurunsesi.net\/index.php\/2025\/07\/05\/batmanda-uyusturucu-kullanan-gencler-sokak-ortasinda-baygin-halde-goruntulendi\/\" \/>\n<meta property=\"og:locale\" content=\"tr_TR\" \/>\n<meta property=\"og:type\" content=\"article\" \/>\n<meta property=\"og:title\" content=\"Batman&#039;da uyu\u015fturucu kullanan gen\u00e7ler sokak ortas\u0131nda bayg\u0131n halde g\u00f6r\u00fcnt\u00fclendi - Memurun Sesi\" \/>\n<meta property=\"og:description\" content=\"Batman&#8217;\u0131n Seyitler Mahallesi Z\u00fcbeyde Han\u0131m Caddesi&#8217;nde, uyu\u015fturucu madde etkisinde oldu\u011fu iddia edilen gen\u00e7ler sokak ortas\u0131nda bayg\u0131n halde bulundu. \u0130ddiaya g\u00f6re, baz\u0131 gen\u00e7ler motosiklet \u00fczerinde hareketsiz halde dururken, baz\u0131lar\u0131 ise yol kenar\u0131nda kendinden ge\u00e7mi\u015f \u015fekilde g\u00f6r\u00fcld\u00fc. Uyu\u015fturucu madde etkisinde olduklar\u0131 \u00f6ne s\u00fcr\u00fclen gen\u00e7lerden birinin, motosiklet kullan\u0131yormu\u015f gibi hayal d\u00fcnyas\u0131nda davrand\u0131\u011f\u0131 ifade edildi. Bir gen\u00e7 k\u0131z\u0131n ise [&hellip;]\" \/>\n<meta property=\"og:url\" content=\"https:\/\/memurunsesi.net\/index.php\/2025\/07\/05\/batmanda-uyusturucu-kullanan-gencler-sokak-ortasinda-baygin-halde-goruntulendi\/\" \/>\n<meta property=\"og:site_name\" content=\"Memurun Sesi\" \/>\n<meta property=\"article:publisher\" content=\"https:\/\/www.facebook.com\/unipersen\/?locale=tr_TR\" \/>\n<meta property=\"article:published_time\" content=\"2025-07-05T17:50:13+00:00\" \/>\n<meta property=\"og:image\" content=\"https:\/\/memurunsesi.net\/wp-content\/uploads\/2025\/07\/AW491242_04-1.jpg\" \/>\n\t<meta property=\"og:image:width\" content=\"1125\" \/>\n\t<meta property=\"og:image:height\" content=\"877\" \/>\n\t<meta property=\"og:image:type\" content=\"image\/jpeg\" \/>\n<meta name=\"author\" content=\"Memurun Sesi Haber Merkezi\" \/>\n<meta name=\"twitter:card\" content=\"summary_large_image\" \/>\n<meta name=\"twitter:creator\" content=\"@unipersen\" \/>\n<meta name=\"twitter:site\" content=\"@unipersen\" \/>\n<meta name=\"twitter:label1\" content=\"Yazan:\" \/>\n\t<meta name=\"twitter:data1\" content=\"Memurun Sesi Haber Merkezi\" \/>\n\t<meta name=\"twitter:label2\" content=\"Tahmini okuma s\u00fcresi\" \/>\n\t<meta name=\"twitter:data2\" content=\"1 dakika\" \/>\n<script type=\"application\/ld+json\" class=\"yoast-schema-graph\">{\"@context\":\"https:\\\/\\\/schema.org\",\"@graph\":[{\"@type\":\"Article\",\"@id\":\"https:\\\/\\\/memurunsesi.net\\\/index.php\\\/2025\\\/07\\\/05\\\/batmanda-uyusturucu-kullanan-gencler-sokak-ortasinda-baygin-halde-goruntulendi\\\/#article\",\"isPartOf\":{\"@id\":\"https:\\\/\\\/memurunsesi.net\\\/index.php\\\/2025\\\/07\\\/05\\\/batmanda-uyusturucu-kullanan-gencler-sokak-ortasinda-baygin-halde-goruntulendi\\\/\"},\"author\":{\"name\":\"Memurun Sesi Haber Merkezi\",\"@id\":\"https:\\\/\\\/memurunsesi.net\\\/#\\\/schema\\\/person\\\/f21c2d73b89f6ee1d80b0a1803e38587\"},\"headline\":\"Batman&#8217;da uyu\u015fturucu kullanan gen\u00e7ler sokak ortas\u0131nda bayg\u0131n halde g\u00f6r\u00fcnt\u00fclendi\",\"datePublished\":\"2025-07-05T17:50:13+00:00\",\"mainEntityOfPage\":{\"@id\":\"https:\\\/\\\/memurunsesi.net\\\/index.php\\\/2025\\\/07\\\/05\\\/batmanda-uyusturucu-kullanan-gencler-sokak-ortasinda-baygin-halde-goruntulendi\\\/\"},\"wordCount\":194,\"commentCount\":0,\"publisher\":{\"@id\":\"https:\\\/\\\/memurunsesi.net\\\/#organization\"},\"image\":{\"@id\":\"https:\\\/\\\/memurunsesi.net\\\/index.php\\\/2025\\\/07\\\/05\\\/batmanda-uyusturucu-kullanan-gencler-sokak-ortasinda-baygin-halde-goruntulendi\\\/#primaryimage\"},\"thumbnailUrl\":\"https:\\\/\\\/memurunsesi.net\\\/wp-content\\\/uploads\\\/2025\\\/07\\\/AW491242_04-1.jpg\",\"inLanguage\":\"tr\",\"potentialAction\":[{\"@type\":\"CommentAction\",\"name\":\"Comment\",\"target\":[\"https:\\\/\\\/memurunsesi.net\\\/index.php\\\/2025\\\/07\\\/05\\\/batmanda-uyusturucu-kullanan-gencler-sokak-ortasinda-baygin-halde-goruntulendi\\\/#respond\"]}]},{\"@type\":\"WebPage\",\"@id\":\"https:\\\/\\\/memurunsesi.net\\\/index.php\\\/2025\\\/07\\\/05\\\/batmanda-uyusturucu-kullanan-gencler-sokak-ortasinda-baygin-halde-goruntulendi\\\/\",\"url\":\"https:\\\/\\\/memurunsesi.net\\\/index.php\\\/2025\\\/07\\\/05\\\/batmanda-uyusturucu-kullanan-gencler-sokak-ortasinda-baygin-halde-goruntulendi\\\/\",\"name\":\"Batman'da uyu\u015fturucu kullanan gen\u00e7ler sokak ortas\u0131nda bayg\u0131n halde g\u00f6r\u00fcnt\u00fclendi - Memurun Sesi\",\"isPartOf\":{\"@id\":\"https:\\\/\\\/memurunsesi.net\\\/#website\"},\"primaryImageOfPage\":{\"@id\":\"https:\\\/\\\/memurunsesi.net\\\/index.php\\\/2025\\\/07\\\/05\\\/batmanda-uyusturucu-kullanan-gencler-sokak-ortasinda-baygin-halde-goruntulendi\\\/#primaryimage\"},\"image\":{\"@id\":\"https:\\\/\\\/memurunsesi.net\\\/index.php\\\/2025\\\/07\\\/05\\\/batmanda-uyusturucu-kullanan-gencler-sokak-ortasinda-baygin-halde-goruntulendi\\\/#primaryimage\"},\"thumbnailUrl\":\"https:\\\/\\\/memurunsesi.net\\\/wp-content\\\/uploads\\\/2025\\\/07\\\/AW491242_04-1.jpg\",\"datePublished\":\"2025-07-05T17:50:13+00:00\",\"breadcrumb\":{\"@id\":\"https:\\\/\\\/memurunsesi.net\\\/index.php\\\/2025\\\/07\\\/05\\\/batmanda-uyusturucu-kullanan-gencler-sokak-ortasinda-baygin-halde-goruntulendi\\\/#breadcrumb\"},\"inLanguage\":\"tr\",\"potentialAction\":[{\"@type\":\"ReadAction\",\"target\":[\"https:\\\/\\\/memurunsesi.net\\\/index.php\\\/2025\\\/07\\\/05\\\/batmanda-uyusturucu-kullanan-gencler-sokak-ortasinda-baygin-halde-goruntulendi\\\/\"]}]},{\"@type\":\"ImageObject\",\"inLanguage\":\"tr\",\"@id\":\"https:\\\/\\\/memurunsesi.net\\\/index.php\\\/2025\\\/07\\\/05\\\/batmanda-uyusturucu-kullanan-gencler-sokak-ortasinda-baygin-halde-goruntulendi\\\/#primaryimage\",\"url\":\"https:\\\/\\\/memurunsesi.net\\\/wp-content\\\/uploads\\\/2025\\\/07\\\/AW491242_04-1.jpg\",\"contentUrl\":\"https:\\\/\\\/memurunsesi.net\\\/wp-content\\\/uploads\\\/2025\\\/07\\\/AW491242_04-1.jpg\",\"width\":1125,\"height\":877,\"caption\":\"BATMAN'IN SEY\u0130TLER MAHALLES\u0130 Z\u00dcBEYDE HANIM CADDES\u0130'NDE, UYU\u015eTURUCU MADDE ETK\u0130S\u0130NDE OLDU\u011eU \u0130DD\u0130A ED\u0130LEN GEN\u00c7LER SOKAK ORTASINDA BAYGIN HALDE BULUNDU. VATANDA\u015eLARIN CEP TELEFONU KAMERASINA YANSIYAN G\u00d6R\u00dcNT\u00dcLER MAHALLEDE B\u00dcY\u00dcK TED\u0130RG\u0130NL\u0130K YARATTI. (OSMAN ARSLAN\\\/BATMAN-\u0130HA) Batman'\u0131n Seyitler Mahallesi Z\u00fcbeyde Han\u0131m Caddesi'nde, uyu\u015fturucu madde etkisinde oldu\u011fu iddia edilen gen\u00e7ler sokak ortas\u0131nda bayg\u0131n halde bulundu.\"},{\"@type\":\"BreadcrumbList\",\"@id\":\"https:\\\/\\\/memurunsesi.net\\\/index.php\\\/2025\\\/07\\\/05\\\/batmanda-uyusturucu-kullanan-gencler-sokak-ortasinda-baygin-halde-goruntulendi\\\/#breadcrumb\",\"itemListElement\":[{\"@type\":\"ListItem\",\"position\":1,\"name\":\"Anasayfa\",\"item\":\"https:\\\/\\\/memurunsesi.net\\\/\"},{\"@type\":\"ListItem\",\"position\":2,\"name\":\"Batman&#8217;da uyu\u015fturucu kullanan gen\u00e7ler sokak ortas\u0131nda bayg\u0131n halde g\u00f6r\u00fcnt\u00fclendi\"}]},{\"@type\":\"WebSite\",\"@id\":\"https:\\\/\\\/memurunsesi.net\\\/#website\",\"url\":\"https:\\\/\\\/memurunsesi.net\\\/\",\"name\":\"Memurun Sesi\",\"description\":\"G\u00fcncel ve Do\u011fru Haber\",\"publisher\":{\"@id\":\"https:\\\/\\\/memurunsesi.net\\\/#organization\"},\"potentialAction\":[{\"@type\":\"SearchAction\",\"target\":{\"@type\":\"EntryPoint\",\"urlTemplate\":\"https:\\\/\\\/memurunsesi.net\\\/?s={search_term_string}\"},\"query-input\":{\"@type\":\"PropertyValueSpecification\",\"valueRequired\":true,\"valueName\":\"search_term_string\"}}],\"inLanguage\":\"tr\"},{\"@type\":\"Organization\",\"@id\":\"https:\\\/\\\/memurunsesi.net\\\/#organization\",\"name\":\"Memurun Sesi\",\"url\":\"https:\\\/\\\/memurunsesi.net\\\/\",\"logo\":{\"@type\":\"ImageObject\",\"inLanguage\":\"tr\",\"@id\":\"https:\\\/\\\/memurunsesi.net\\\/#\\\/schema\\\/logo\\\/image\\\/\",\"url\":\"https:\\\/\\\/memurunsesi.net\\\/wp-content\\\/uploads\\\/2025\\\/11\\\/cropped-MEMURUN-SESI.png\",\"contentUrl\":\"https:\\\/\\\/memurunsesi.net\\\/wp-content\\\/uploads\\\/2025\\\/11\\\/cropped-MEMURUN-SESI.png\",\"width\":238,\"height\":57,\"caption\":\"Memurun Sesi\"},\"image\":{\"@id\":\"https:\\\/\\\/memurunsesi.net\\\/#\\\/schema\\\/logo\\\/image\\\/\"},\"sameAs\":[\"https:\\\/\\\/www.facebook.com\\\/unipersen\\\/?locale=tr_TR\",\"https:\\\/\\\/x.com\\\/unipersen\"]},{\"@type\":\"Person\",\"@id\":\"https:\\\/\\\/memurunsesi.net\\\/#\\\/schema\\\/person\\\/f21c2d73b89f6ee1d80b0a1803e38587\",\"name\":\"Memurun Sesi Haber Merkezi\",\"image\":{\"@type\":\"ImageObject\",\"inLanguage\":\"tr\",\"@id\":\"https:\\\/\\\/secure.gravatar.com\\\/avatar\\\/6cf0505f452ee753f485014986fab09a434671d2b919ee76fc541025c5876a70?s=96&d=mm&r=g\",\"url\":\"https:\\\/\\\/secure.gravatar.com\\\/avatar\\\/6cf0505f452ee753f485014986fab09a434671d2b919ee76fc541025c5876a70?s=96&d=mm&r=g\",\"contentUrl\":\"https:\\\/\\\/secure.gravatar.com\\\/avatar\\\/6cf0505f452ee753f485014986fab09a434671d2b919ee76fc541025c5876a70?s=96&d=mm&r=g\",\"caption\":\"Memurun Sesi Haber Merkezi\"},\"sameAs\":[\"https:\\\/\\\/memurunsesi.net\"],\"url\":\"https:\\\/\\\/memurunsesi.net\\\/index.php\\\/author\\\/uniper\\\/\"}]}<\/script>\n<!-- \/ Yoast SEO plugin. -->","yoast_head_json":{"title":"Batman'da uyu\u015fturucu kullanan gen\u00e7ler sokak ortas\u0131nda bayg\u0131n halde g\u00f6r\u00fcnt\u00fclendi - Memurun Sesi","robots":{"index":"index","follow":"follow","max-snippet":"max-snippet:-1","max-image-preview":"max-image-preview:large","max-video-preview":"max-video-preview:-1"},"canonical":"https:\/\/memurunsesi.net\/index.php\/2025\/07\/05\/batmanda-uyusturucu-kullanan-gencler-sokak-ortasinda-baygin-halde-goruntulendi\/","og_locale":"tr_TR","og_type":"article","og_title":"Batman'da uyu\u015fturucu kullanan gen\u00e7ler sokak ortas\u0131nda bayg\u0131n halde g\u00f6r\u00fcnt\u00fclendi - Memurun Sesi","og_description":"Batman&#8217;\u0131n Seyitler Mahallesi Z\u00fcbeyde Han\u0131m Caddesi&#8217;nde, uyu\u015fturucu madde etkisinde oldu\u011fu iddia edilen gen\u00e7ler sokak ortas\u0131nda bayg\u0131n halde bulundu. \u0130ddiaya g\u00f6re, baz\u0131 gen\u00e7ler motosiklet \u00fczerinde hareketsiz halde dururken, baz\u0131lar\u0131 ise yol kenar\u0131nda kendinden ge\u00e7mi\u015f \u015fekilde g\u00f6r\u00fcld\u00fc. Uyu\u015fturucu madde etkisinde olduklar\u0131 \u00f6ne s\u00fcr\u00fclen gen\u00e7lerden birinin, motosiklet kullan\u0131yormu\u015f gibi hayal d\u00fcnyas\u0131nda davrand\u0131\u011f\u0131 ifade edildi. Bir gen\u00e7 k\u0131z\u0131n ise [&hellip;]","og_url":"https:\/\/memurunsesi.net\/index.php\/2025\/07\/05\/batmanda-uyusturucu-kullanan-gencler-sokak-ortasinda-baygin-halde-goruntulendi\/","og_site_name":"Memurun Sesi","article_publisher":"https:\/\/www.facebook.com\/unipersen\/?locale=tr_TR","article_published_time":"2025-07-05T17:50:13+00:00","og_image":[{"width":1125,"height":877,"url":"https:\/\/memurunsesi.net\/wp-content\/uploads\/2025\/07\/AW491242_04-1.jpg","type":"image\/jpeg"}],"author":"Memurun Sesi Haber Merkezi","twitter_card":"summary_large_image","twitter_creator":"@unipersen","twitter_site":"@unipersen","twitter_misc":{"Yazan:":"Memurun Sesi Haber Merkezi","Tahmini okuma s\u00fcresi":"1 dakika"},"schema":{"@context":"https:\/\/schema.org","@graph":[{"@type":"Article","@id":"https:\/\/memurunsesi.net\/index.php\/2025\/07\/05\/batmanda-uyusturucu-kullanan-gencler-sokak-ortasinda-baygin-halde-goruntulendi\/#article","isPartOf":{"@id":"https:\/\/memurunsesi.net\/index.php\/2025\/07\/05\/batmanda-uyusturucu-kullanan-gencler-sokak-ortasinda-baygin-halde-goruntulendi\/"},"author":{"name":"Memurun Sesi Haber Merkezi","@id":"https:\/\/memurunsesi.net\/#\/schema\/person\/f21c2d73b89f6ee1d80b0a1803e38587"},"headline":"Batman&#8217;da uyu\u015fturucu kullanan gen\u00e7ler sokak ortas\u0131nda bayg\u0131n halde g\u00f6r\u00fcnt\u00fclendi","datePublished":"2025-07-05T17:50:13+00:00","mainEntityOfPage":{"@id":"https:\/\/memurunsesi.net\/index.php\/2025\/07\/05\/batmanda-uyusturucu-kullanan-gencler-sokak-ortasinda-baygin-halde-goruntulendi\/"},"wordCount":194,"commentCount":0,"publisher":{"@id":"https:\/\/memurunsesi.net\/#organization"},"image":{"@id":"https:\/\/memurunsesi.net\/index.php\/2025\/07\/05\/batmanda-uyusturucu-kullanan-gencler-sokak-ortasinda-baygin-halde-goruntulendi\/#primaryimage"},"thumbnailUrl":"https:\/\/memurunsesi.net\/wp-content\/uploads\/2025\/07\/AW491242_04-1.jpg","inLanguage":"tr","potentialAction":[{"@type":"CommentAction","name":"Comment","target":["https:\/\/memurunsesi.net\/index.php\/2025\/07\/05\/batmanda-uyusturucu-kullanan-gencler-sokak-ortasinda-baygin-halde-goruntulendi\/#respond"]}]},{"@type":"WebPage","@id":"https:\/\/memurunsesi.net\/index.php\/2025\/07\/05\/batmanda-uyusturucu-kullanan-gencler-sokak-ortasinda-baygin-halde-goruntulendi\/","url":"https:\/\/memurunsesi.net\/index.php\/2025\/07\/05\/batmanda-uyusturucu-kullanan-gencler-sokak-ortasinda-baygin-halde-goruntulendi\/","name":"Batman'da uyu\u015fturucu kullanan gen\u00e7ler sokak ortas\u0131nda bayg\u0131n halde g\u00f6r\u00fcnt\u00fclendi - Memurun Sesi","isPartOf":{"@id":"https:\/\/memurunsesi.net\/#website"},"primaryImageOfPage":{"@id":"https:\/\/memurunsesi.net\/index.php\/2025\/07\/05\/batmanda-uyusturucu-kullanan-gencler-sokak-ortasinda-baygin-halde-goruntulendi\/#primaryimage"},"image":{"@id":"https:\/\/memurunsesi.net\/index.php\/2025\/07\/05\/batmanda-uyusturucu-kullanan-gencler-sokak-ortasinda-baygin-halde-goruntulendi\/#primaryimage"},"thumbnailUrl":"https:\/\/memurunsesi.net\/wp-content\/uploads\/2025\/07\/AW491242_04-1.jpg","datePublished":"2025-07-05T17:50:13+00:00","breadcrumb":{"@id":"https:\/\/memurunsesi.net\/index.php\/2025\/07\/05\/batmanda-uyusturucu-kullanan-gencler-sokak-ortasinda-baygin-halde-goruntulendi\/#breadcrumb"},"inLanguage":"tr","potentialAction":[{"@type":"ReadAction","target":["https:\/\/memurunsesi.net\/index.php\/2025\/07\/05\/batmanda-uyusturucu-kullanan-gencler-sokak-ortasinda-baygin-halde-goruntulendi\/"]}]},{"@type":"ImageObject","inLanguage":"tr","@id":"https:\/\/memurunsesi.net\/index.php\/2025\/07\/05\/batmanda-uyusturucu-kullanan-gencler-sokak-ortasinda-baygin-halde-goruntulendi\/#primaryimage","url":"https:\/\/memurunsesi.net\/wp-content\/uploads\/2025\/07\/AW491242_04-1.jpg","contentUrl":"https:\/\/memurunsesi.net\/wp-content\/uploads\/2025\/07\/AW491242_04-1.jpg","width":1125,"height":877,"caption":"BATMAN'IN SEY\u0130TLER MAHALLES\u0130 Z\u00dcBEYDE HANIM CADDES\u0130'NDE, UYU\u015eTURUCU MADDE ETK\u0130S\u0130NDE OLDU\u011eU \u0130DD\u0130A ED\u0130LEN GEN\u00c7LER SOKAK ORTASINDA BAYGIN HALDE BULUNDU. VATANDA\u015eLARIN CEP TELEFONU KAMERASINA YANSIYAN G\u00d6R\u00dcNT\u00dcLER MAHALLEDE B\u00dcY\u00dcK TED\u0130RG\u0130NL\u0130K YARATTI. (OSMAN ARSLAN\/BATMAN-\u0130HA) Batman'\u0131n Seyitler Mahallesi Z\u00fcbeyde Han\u0131m Caddesi'nde, uyu\u015fturucu madde etkisinde oldu\u011fu iddia edilen gen\u00e7ler sokak ortas\u0131nda bayg\u0131n halde bulundu."},{"@type":"BreadcrumbList","@id":"https:\/\/memurunsesi.net\/index.php\/2025\/07\/05\/batmanda-uyusturucu-kullanan-gencler-sokak-ortasinda-baygin-halde-goruntulendi\/#breadcrumb","itemListElement":[{"@type":"ListItem","position":1,"name":"Anasayfa","item":"https:\/\/memurunsesi.net\/"},{"@type":"ListItem","position":2,"name":"Batman&#8217;da uyu\u015fturucu kullanan gen\u00e7ler sokak ortas\u0131nda bayg\u0131n halde g\u00f6r\u00fcnt\u00fclendi"}]},{"@type":"WebSite","@id":"https:\/\/memurunsesi.net\/#website","url":"https:\/\/memurunsesi.net\/","name":"Memurun Sesi","description":"G\u00fcncel ve Do\u011fru Haber","publisher":{"@id":"https:\/\/memurunsesi.net\/#organization"},"potentialAction":[{"@type":"SearchAction","target":{"@type":"EntryPoint","urlTemplate":"https:\/\/memurunsesi.net\/?s={search_term_string}"},"query-input":{"@type":"PropertyValueSpecification","valueRequired":true,"valueName":"search_term_string"}}],"inLanguage":"tr"},{"@type":"Organization","@id":"https:\/\/memurunsesi.net\/#organization","name":"Memurun Sesi","url":"https:\/\/memurunsesi.net\/","logo":{"@type":"ImageObject","inLanguage":"tr","@id":"https:\/\/memurunsesi.net\/#\/schema\/logo\/image\/","url":"https:\/\/memurunsesi.net\/wp-content\/uploads\/2025\/11\/cropped-MEMURUN-SESI.png","contentUrl":"https:\/\/memurunsesi.net\/wp-content\/uploads\/2025\/11\/cropped-MEMURUN-SESI.png","width":238,"height":57,"caption":"Memurun Sesi"},"image":{"@id":"https:\/\/memurunsesi.net\/#\/schema\/logo\/image\/"},"sameAs":["https:\/\/www.facebook.com\/unipersen\/?locale=tr_TR","https:\/\/x.com\/unipersen"]},{"@type":"Person","@id":"https:\/\/memurunsesi.net\/#\/schema\/person\/f21c2d73b89f6ee1d80b0a1803e38587","name":"Memurun Sesi Haber Merkezi","image":{"@type":"ImageObject","inLanguage":"tr","@id":"https:\/\/secure.gravatar.com\/avatar\/6cf0505f452ee753f485014986fab09a434671d2b919ee76fc541025c5876a70?s=96&d=mm&r=g","url":"https:\/\/secure.gravatar.com\/avatar\/6cf0505f452ee753f485014986fab09a434671d2b919ee76fc541025c5876a70?s=96&d=mm&r=g","contentUrl":"https:\/\/secure.gravatar.com\/avatar\/6cf0505f452ee753f485014986fab09a434671d2b919ee76fc541025c5876a70?s=96&d=mm&r=g","caption":"Memurun Sesi Haber Merkezi"},"sameAs":["https:\/\/memurunsesi.net"],"url":"https:\/\/memurunsesi.net\/index.php\/author\/uniper\/"}]}},"_links":{"self":[{"href":"https:\/\/memurunsesi.net\/index.php\/wp-json\/wp\/v2\/posts\/9016","targetHints":{"allow":["GET"]}}],"collection":[{"href":"https:\/\/memurunsesi.net\/index.php\/wp-json\/wp\/v2\/posts"}],"about":[{"href":"https:\/\/memurunsesi.net\/index.php\/wp-json\/wp\/v2\/types\/post"}],"author":[{"embeddable":true,"href":"https:\/\/memurunsesi.net\/index.php\/wp-json\/wp\/v2\/users\/1"}],"replies":[{"embeddable":true,"href":"https:\/\/memurunsesi.net\/index.php\/wp-json\/wp\/v2\/comments?post=9016"}],"version-history":[{"count":1,"href":"https:\/\/memurunsesi.net\/index.php\/wp-json\/wp\/v2\/posts\/9016\/revisions"}],"predecessor-version":[{"id":9018,"href":"https:\/\/memurunsesi.net\/index.php\/wp-json\/wp\/v2\/posts\/9016\/revisions\/9018"}],"wp:featuredmedia":[{"embeddable":true,"href":"https:\/\/memurunsesi.net\/index.php\/wp-json\/wp\/v2\/media\/9017"}],"wp:attachment":[{"href":"https:\/\/memurunsesi.net\/index.php\/wp-json\/wp\/v2\/media?parent=9016"}],"wp:term":[{"taxonomy":"category","embeddable":true,"href":"https:\/\/memurunsesi.net\/index.php\/wp-json\/wp\/v2\/categories?post=9016"},{"taxonomy":"post_tag","embeddable":true,"href":"https:\/\/memurunsesi.net\/index.php\/wp-json\/wp\/v2\/tags?post=9016"}],"curies":[{"name":"wp","href":"https:\/\/api.w.org\/{rel}","templated":true}]}}