{"id":9022,"date":"2025-07-05T20:57:39","date_gmt":"2025-07-05T17:57:39","guid":{"rendered":"https:\/\/memurunsesi.net\/?p=9022"},"modified":"2025-07-05T20:57:39","modified_gmt":"2025-07-05T17:57:39","slug":"caycumada-cop-yangini-ormana-sicradi-2-donum-arazi-zarar-gordu","status":"publish","type":"post","link":"https:\/\/memurunsesi.net\/index.php\/2025\/07\/05\/caycumada-cop-yangini-ormana-sicradi-2-donum-arazi-zarar-gordu\/","title":{"rendered":"\u00c7aycuma&#8217;da \u00e7\u00f6p yang\u0131n\u0131 ormana s\u0131\u00e7rad\u0131, 2 d\u00f6n\u00fcm arazi zarar g\u00f6rd\u00fc"},"content":{"rendered":"<p>  Zonguldak&#8217;\u0131n \u00c7aycuma il\u00e7esinde \u00e7\u00f6plerin kimli\u011fi belirsiz ki\u015filer taraf\u0131ndan yak\u0131lmas\u0131 sonucu \u00e7\u0131kan yang\u0131n, ormanl\u0131k alana s\u0131\u00e7rad\u0131. \u0130tfaiye ekiplerinin m\u00fcdahalesiyle s\u00f6nd\u00fcr\u00fclen yang\u0131nda yakla\u015f\u0131k 2 d\u00f6n\u00fcm alan zarar g\u00f6rd\u00fc.<br \/>\n  Edinilen bilgiye g\u00f6re, Serdaro\u011flu k\u00f6y\u00fcnde kimli\u011fi hen\u00fcz bilinmeyen ki\u015fi veya ki\u015filerce \u00e7\u00f6plerin yak\u0131lmas\u0131 sonucunda alevler ormanl\u0131k alana s\u0131\u00e7rad\u0131. Yang\u0131n\u0131 fark edenler durumu Karap\u0131nar Belediyesi&#8217;ne bildirdi. \u0130hbar \u00fczerine olay yerine itfaiye ekipleri ile jandarma sevk edildi. \u0130tfaiye ekipleri alevlere k\u0131sa s\u00fcrede kontrol alt\u0131na alarak yang\u0131n\u0131 s\u00f6nd\u00fcrd\u00fc ve sonras\u0131nda ise so\u011futma \u00e7al\u0131\u015fmalar\u0131 ba\u015flat\u0131ld\u0131. Yang\u0131nda yakla\u015f\u0131k 2 d\u00f6n\u00fcm alan zarar g\u00f6rd\u00fc.<br \/>\n  \u00d6te yandan, \u00e7\u0131kan yang\u0131nla ilgili olarak soru\u015fturma ba\u015flat\u0131ld\u0131. <\/p>\n<p>5.07.2025                                        <\/p>\n","protected":false},"excerpt":{"rendered":"<p>Zonguldak&#8217;\u0131n \u00c7aycuma il\u00e7esinde \u00e7\u00f6plerin kimli\u011fi belirsiz ki\u015filer taraf\u0131ndan yak\u0131lmas\u0131 sonucu \u00e7\u0131kan yang\u0131n, ormanl\u0131k alana s\u0131\u00e7rad\u0131. \u0130tfaiye ekiplerinin m\u00fcdahalesiyle s\u00f6nd\u00fcr\u00fclen yang\u0131nda yakla\u015f\u0131k 2 d\u00f6n\u00fcm alan zarar g\u00f6rd\u00fc. Edinilen bilgiye g\u00f6re, Serdaro\u011flu k\u00f6y\u00fcnde kimli\u011fi hen\u00fcz bilinmeyen ki\u015fi veya ki\u015filerce \u00e7\u00f6plerin yak\u0131lmas\u0131 sonucunda alevler ormanl\u0131k alana s\u0131\u00e7rad\u0131. Yang\u0131n\u0131 fark edenler durumu Karap\u0131nar Belediyesi&#8217;ne bildirdi. \u0130hbar \u00fczerine olay yerine [&hellip;]<\/p>\n","protected":false},"author":1,"featured_media":9023,"comment_status":"open","ping_status":"open","sticky":false,"template":"","format":"standard","meta":{"footnotes":""},"categories":[1],"tags":[],"class_list":["post-9022","post","type-post","status-publish","format-standard","has-post-thumbnail","hentry","category-genel"],"yoast_head":"<!-- This site is optimized with the Yoast SEO plugin v27.4 - https:\/\/yoast.com\/product\/yoast-seo-wordpress\/ -->\n<title>\u00c7aycuma&#039;da \u00e7\u00f6p yang\u0131n\u0131 ormana s\u0131\u00e7rad\u0131, 2 d\u00f6n\u00fcm arazi zarar g\u00f6rd\u00fc - Memurun Sesi<\/title>\n<meta name=\"robots\" content=\"index, follow, max-snippet:-1, max-image-preview:large, max-video-preview:-1\" \/>\n<link rel=\"canonical\" href=\"https:\/\/memurunsesi.net\/index.php\/2025\/07\/05\/caycumada-cop-yangini-ormana-sicradi-2-donum-arazi-zarar-gordu\/\" \/>\n<meta property=\"og:locale\" content=\"tr_TR\" \/>\n<meta property=\"og:type\" content=\"article\" \/>\n<meta property=\"og:title\" content=\"\u00c7aycuma&#039;da \u00e7\u00f6p yang\u0131n\u0131 ormana s\u0131\u00e7rad\u0131, 2 d\u00f6n\u00fcm arazi zarar g\u00f6rd\u00fc - Memurun Sesi\" \/>\n<meta property=\"og:description\" content=\"Zonguldak&#8217;\u0131n \u00c7aycuma il\u00e7esinde \u00e7\u00f6plerin kimli\u011fi belirsiz ki\u015filer taraf\u0131ndan yak\u0131lmas\u0131 sonucu \u00e7\u0131kan yang\u0131n, ormanl\u0131k alana s\u0131\u00e7rad\u0131. \u0130tfaiye ekiplerinin m\u00fcdahalesiyle s\u00f6nd\u00fcr\u00fclen yang\u0131nda yakla\u015f\u0131k 2 d\u00f6n\u00fcm alan zarar g\u00f6rd\u00fc. Edinilen bilgiye g\u00f6re, Serdaro\u011flu k\u00f6y\u00fcnde kimli\u011fi hen\u00fcz bilinmeyen ki\u015fi veya ki\u015filerce \u00e7\u00f6plerin yak\u0131lmas\u0131 sonucunda alevler ormanl\u0131k alana s\u0131\u00e7rad\u0131. Yang\u0131n\u0131 fark edenler durumu Karap\u0131nar Belediyesi&#8217;ne bildirdi. \u0130hbar \u00fczerine olay yerine [&hellip;]\" \/>\n<meta property=\"og:url\" content=\"https:\/\/memurunsesi.net\/index.php\/2025\/07\/05\/caycumada-cop-yangini-ormana-sicradi-2-donum-arazi-zarar-gordu\/\" \/>\n<meta property=\"og:site_name\" content=\"Memurun Sesi\" \/>\n<meta property=\"article:publisher\" content=\"https:\/\/www.facebook.com\/unipersen\/?locale=tr_TR\" \/>\n<meta property=\"article:published_time\" content=\"2025-07-05T17:57:39+00:00\" \/>\n<meta property=\"og:image\" content=\"https:\/\/memurunsesi.net\/wp-content\/uploads\/2025\/07\/AW491241_02.jpg\" \/>\n\t<meta property=\"og:image:width\" content=\"945\" \/>\n\t<meta property=\"og:image:height\" content=\"1534\" \/>\n\t<meta property=\"og:image:type\" content=\"image\/jpeg\" \/>\n<meta name=\"author\" content=\"Memurun Sesi Haber Merkezi\" \/>\n<meta name=\"twitter:card\" content=\"summary_large_image\" \/>\n<meta name=\"twitter:creator\" content=\"@unipersen\" \/>\n<meta name=\"twitter:site\" content=\"@unipersen\" \/>\n<meta name=\"twitter:label1\" content=\"Yazan:\" \/>\n\t<meta name=\"twitter:data1\" content=\"Memurun Sesi Haber Merkezi\" \/>\n\t<meta name=\"twitter:label2\" content=\"Tahmini okuma s\u00fcresi\" \/>\n\t<meta name=\"twitter:data2\" content=\"1 dakika\" \/>\n<script type=\"application\/ld+json\" class=\"yoast-schema-graph\">{\"@context\":\"https:\\\/\\\/schema.org\",\"@graph\":[{\"@type\":\"Article\",\"@id\":\"https:\\\/\\\/memurunsesi.net\\\/index.php\\\/2025\\\/07\\\/05\\\/caycumada-cop-yangini-ormana-sicradi-2-donum-arazi-zarar-gordu\\\/#article\",\"isPartOf\":{\"@id\":\"https:\\\/\\\/memurunsesi.net\\\/index.php\\\/2025\\\/07\\\/05\\\/caycumada-cop-yangini-ormana-sicradi-2-donum-arazi-zarar-gordu\\\/\"},\"author\":{\"name\":\"Memurun Sesi Haber Merkezi\",\"@id\":\"https:\\\/\\\/memurunsesi.net\\\/#\\\/schema\\\/person\\\/f21c2d73b89f6ee1d80b0a1803e38587\"},\"headline\":\"\u00c7aycuma&#8217;da \u00e7\u00f6p yang\u0131n\u0131 ormana s\u0131\u00e7rad\u0131, 2 d\u00f6n\u00fcm arazi zarar g\u00f6rd\u00fc\",\"datePublished\":\"2025-07-05T17:57:39+00:00\",\"mainEntityOfPage\":{\"@id\":\"https:\\\/\\\/memurunsesi.net\\\/index.php\\\/2025\\\/07\\\/05\\\/caycumada-cop-yangini-ormana-sicradi-2-donum-arazi-zarar-gordu\\\/\"},\"wordCount\":157,\"commentCount\":0,\"publisher\":{\"@id\":\"https:\\\/\\\/memurunsesi.net\\\/#organization\"},\"image\":{\"@id\":\"https:\\\/\\\/memurunsesi.net\\\/index.php\\\/2025\\\/07\\\/05\\\/caycumada-cop-yangini-ormana-sicradi-2-donum-arazi-zarar-gordu\\\/#primaryimage\"},\"thumbnailUrl\":\"https:\\\/\\\/memurunsesi.net\\\/wp-content\\\/uploads\\\/2025\\\/07\\\/AW491241_02.jpg\",\"inLanguage\":\"tr\",\"potentialAction\":[{\"@type\":\"CommentAction\",\"name\":\"Comment\",\"target\":[\"https:\\\/\\\/memurunsesi.net\\\/index.php\\\/2025\\\/07\\\/05\\\/caycumada-cop-yangini-ormana-sicradi-2-donum-arazi-zarar-gordu\\\/#respond\"]}]},{\"@type\":\"WebPage\",\"@id\":\"https:\\\/\\\/memurunsesi.net\\\/index.php\\\/2025\\\/07\\\/05\\\/caycumada-cop-yangini-ormana-sicradi-2-donum-arazi-zarar-gordu\\\/\",\"url\":\"https:\\\/\\\/memurunsesi.net\\\/index.php\\\/2025\\\/07\\\/05\\\/caycumada-cop-yangini-ormana-sicradi-2-donum-arazi-zarar-gordu\\\/\",\"name\":\"\u00c7aycuma'da \u00e7\u00f6p yang\u0131n\u0131 ormana s\u0131\u00e7rad\u0131, 2 d\u00f6n\u00fcm arazi zarar g\u00f6rd\u00fc - Memurun Sesi\",\"isPartOf\":{\"@id\":\"https:\\\/\\\/memurunsesi.net\\\/#website\"},\"primaryImageOfPage\":{\"@id\":\"https:\\\/\\\/memurunsesi.net\\\/index.php\\\/2025\\\/07\\\/05\\\/caycumada-cop-yangini-ormana-sicradi-2-donum-arazi-zarar-gordu\\\/#primaryimage\"},\"image\":{\"@id\":\"https:\\\/\\\/memurunsesi.net\\\/index.php\\\/2025\\\/07\\\/05\\\/caycumada-cop-yangini-ormana-sicradi-2-donum-arazi-zarar-gordu\\\/#primaryimage\"},\"thumbnailUrl\":\"https:\\\/\\\/memurunsesi.net\\\/wp-content\\\/uploads\\\/2025\\\/07\\\/AW491241_02.jpg\",\"datePublished\":\"2025-07-05T17:57:39+00:00\",\"breadcrumb\":{\"@id\":\"https:\\\/\\\/memurunsesi.net\\\/index.php\\\/2025\\\/07\\\/05\\\/caycumada-cop-yangini-ormana-sicradi-2-donum-arazi-zarar-gordu\\\/#breadcrumb\"},\"inLanguage\":\"tr\",\"potentialAction\":[{\"@type\":\"ReadAction\",\"target\":[\"https:\\\/\\\/memurunsesi.net\\\/index.php\\\/2025\\\/07\\\/05\\\/caycumada-cop-yangini-ormana-sicradi-2-donum-arazi-zarar-gordu\\\/\"]}]},{\"@type\":\"ImageObject\",\"inLanguage\":\"tr\",\"@id\":\"https:\\\/\\\/memurunsesi.net\\\/index.php\\\/2025\\\/07\\\/05\\\/caycumada-cop-yangini-ormana-sicradi-2-donum-arazi-zarar-gordu\\\/#primaryimage\",\"url\":\"https:\\\/\\\/memurunsesi.net\\\/wp-content\\\/uploads\\\/2025\\\/07\\\/AW491241_02.jpg\",\"contentUrl\":\"https:\\\/\\\/memurunsesi.net\\\/wp-content\\\/uploads\\\/2025\\\/07\\\/AW491241_02.jpg\",\"width\":945,\"height\":1534,\"caption\":\"ZONGULDAK'IN \u00c7AYCUMA \u0130L\u00c7ES\u0130NDE MEYDANA GELEN OLAYDA, K\u0130ML\u0130\u011e\u0130 BEL\u0130RS\u0130Z K\u0130\u015e\u0130 VEYA K\u0130\u015e\u0130LER TARAFINDAN YAKILDI\u011eI \u00d6\u011eREN\u0130LEN \u00c7\u00d6PLER, R\u00dcZG\u00c2RINDA ETK\u0130S\u0130YLE ORMANLIK ALANA SI\u00c7RADI. YANGIN, KARAPINAR BELED\u0130YES\u0130'NE A\u0130T \u0130TFA\u0130YE EK\u0130PLER\u0130NCE KONTROL ALTINA ALINARAK S\u00d6ND\u00dcR\u00dcLD\u00dc. YAKLA\u015eIK 2 D\u00d6N\u00dcM ALAN YANGINDA ZARAR G\u00d6RD\u00dc. (\u00d6ZLEM KELEZO\u011eLU\\\/ZONGULDAK-\u0130HA) Zonguldak'\u0131n \u00c7aycuma il\u00e7esinde \u00e7\u00f6plerin kimli\u011fi belirsiz ki\u015filer taraf\u0131ndan yak\u0131lmas\u0131 sonucu \u00e7\u0131kan yang\u0131n, ormanl\u0131k alana s\u0131\u00e7rad\u0131. \u0130tfaiye ekiplerinin m\u00fcdahalesiyle s\u00f6nd\u00fcr\u00fclen yang\u0131nda yakla\u015f\u0131k 2 d\u00f6n\u00fcm alan zarar g\u00f6rd\u00fc.\"},{\"@type\":\"BreadcrumbList\",\"@id\":\"https:\\\/\\\/memurunsesi.net\\\/index.php\\\/2025\\\/07\\\/05\\\/caycumada-cop-yangini-ormana-sicradi-2-donum-arazi-zarar-gordu\\\/#breadcrumb\",\"itemListElement\":[{\"@type\":\"ListItem\",\"position\":1,\"name\":\"Anasayfa\",\"item\":\"https:\\\/\\\/memurunsesi.net\\\/\"},{\"@type\":\"ListItem\",\"position\":2,\"name\":\"\u00c7aycuma&#8217;da \u00e7\u00f6p yang\u0131n\u0131 ormana s\u0131\u00e7rad\u0131, 2 d\u00f6n\u00fcm arazi zarar g\u00f6rd\u00fc\"}]},{\"@type\":\"WebSite\",\"@id\":\"https:\\\/\\\/memurunsesi.net\\\/#website\",\"url\":\"https:\\\/\\\/memurunsesi.net\\\/\",\"name\":\"Memurun Sesi\",\"description\":\"G\u00fcncel ve Do\u011fru Haber\",\"publisher\":{\"@id\":\"https:\\\/\\\/memurunsesi.net\\\/#organization\"},\"potentialAction\":[{\"@type\":\"SearchAction\",\"target\":{\"@type\":\"EntryPoint\",\"urlTemplate\":\"https:\\\/\\\/memurunsesi.net\\\/?s={search_term_string}\"},\"query-input\":{\"@type\":\"PropertyValueSpecification\",\"valueRequired\":true,\"valueName\":\"search_term_string\"}}],\"inLanguage\":\"tr\"},{\"@type\":\"Organization\",\"@id\":\"https:\\\/\\\/memurunsesi.net\\\/#organization\",\"name\":\"Memurun Sesi\",\"url\":\"https:\\\/\\\/memurunsesi.net\\\/\",\"logo\":{\"@type\":\"ImageObject\",\"inLanguage\":\"tr\",\"@id\":\"https:\\\/\\\/memurunsesi.net\\\/#\\\/schema\\\/logo\\\/image\\\/\",\"url\":\"https:\\\/\\\/memurunsesi.net\\\/wp-content\\\/uploads\\\/2025\\\/11\\\/cropped-MEMURUN-SESI.png\",\"contentUrl\":\"https:\\\/\\\/memurunsesi.net\\\/wp-content\\\/uploads\\\/2025\\\/11\\\/cropped-MEMURUN-SESI.png\",\"width\":238,\"height\":57,\"caption\":\"Memurun Sesi\"},\"image\":{\"@id\":\"https:\\\/\\\/memurunsesi.net\\\/#\\\/schema\\\/logo\\\/image\\\/\"},\"sameAs\":[\"https:\\\/\\\/www.facebook.com\\\/unipersen\\\/?locale=tr_TR\",\"https:\\\/\\\/x.com\\\/unipersen\"]},{\"@type\":\"Person\",\"@id\":\"https:\\\/\\\/memurunsesi.net\\\/#\\\/schema\\\/person\\\/f21c2d73b89f6ee1d80b0a1803e38587\",\"name\":\"Memurun Sesi Haber Merkezi\",\"image\":{\"@type\":\"ImageObject\",\"inLanguage\":\"tr\",\"@id\":\"https:\\\/\\\/secure.gravatar.com\\\/avatar\\\/6cf0505f452ee753f485014986fab09a434671d2b919ee76fc541025c5876a70?s=96&d=mm&r=g\",\"url\":\"https:\\\/\\\/secure.gravatar.com\\\/avatar\\\/6cf0505f452ee753f485014986fab09a434671d2b919ee76fc541025c5876a70?s=96&d=mm&r=g\",\"contentUrl\":\"https:\\\/\\\/secure.gravatar.com\\\/avatar\\\/6cf0505f452ee753f485014986fab09a434671d2b919ee76fc541025c5876a70?s=96&d=mm&r=g\",\"caption\":\"Memurun Sesi Haber Merkezi\"},\"sameAs\":[\"https:\\\/\\\/memurunsesi.net\"],\"url\":\"https:\\\/\\\/memurunsesi.net\\\/index.php\\\/author\\\/uniper\\\/\"}]}<\/script>\n<!-- \/ Yoast SEO plugin. -->","yoast_head_json":{"title":"\u00c7aycuma'da \u00e7\u00f6p yang\u0131n\u0131 ormana s\u0131\u00e7rad\u0131, 2 d\u00f6n\u00fcm arazi zarar g\u00f6rd\u00fc - Memurun Sesi","robots":{"index":"index","follow":"follow","max-snippet":"max-snippet:-1","max-image-preview":"max-image-preview:large","max-video-preview":"max-video-preview:-1"},"canonical":"https:\/\/memurunsesi.net\/index.php\/2025\/07\/05\/caycumada-cop-yangini-ormana-sicradi-2-donum-arazi-zarar-gordu\/","og_locale":"tr_TR","og_type":"article","og_title":"\u00c7aycuma'da \u00e7\u00f6p yang\u0131n\u0131 ormana s\u0131\u00e7rad\u0131, 2 d\u00f6n\u00fcm arazi zarar g\u00f6rd\u00fc - Memurun Sesi","og_description":"Zonguldak&#8217;\u0131n \u00c7aycuma il\u00e7esinde \u00e7\u00f6plerin kimli\u011fi belirsiz ki\u015filer taraf\u0131ndan yak\u0131lmas\u0131 sonucu \u00e7\u0131kan yang\u0131n, ormanl\u0131k alana s\u0131\u00e7rad\u0131. \u0130tfaiye ekiplerinin m\u00fcdahalesiyle s\u00f6nd\u00fcr\u00fclen yang\u0131nda yakla\u015f\u0131k 2 d\u00f6n\u00fcm alan zarar g\u00f6rd\u00fc. Edinilen bilgiye g\u00f6re, Serdaro\u011flu k\u00f6y\u00fcnde kimli\u011fi hen\u00fcz bilinmeyen ki\u015fi veya ki\u015filerce \u00e7\u00f6plerin yak\u0131lmas\u0131 sonucunda alevler ormanl\u0131k alana s\u0131\u00e7rad\u0131. Yang\u0131n\u0131 fark edenler durumu Karap\u0131nar Belediyesi&#8217;ne bildirdi. \u0130hbar \u00fczerine olay yerine [&hellip;]","og_url":"https:\/\/memurunsesi.net\/index.php\/2025\/07\/05\/caycumada-cop-yangini-ormana-sicradi-2-donum-arazi-zarar-gordu\/","og_site_name":"Memurun Sesi","article_publisher":"https:\/\/www.facebook.com\/unipersen\/?locale=tr_TR","article_published_time":"2025-07-05T17:57:39+00:00","og_image":[{"width":945,"height":1534,"url":"https:\/\/memurunsesi.net\/wp-content\/uploads\/2025\/07\/AW491241_02.jpg","type":"image\/jpeg"}],"author":"Memurun Sesi Haber Merkezi","twitter_card":"summary_large_image","twitter_creator":"@unipersen","twitter_site":"@unipersen","twitter_misc":{"Yazan:":"Memurun Sesi Haber Merkezi","Tahmini okuma s\u00fcresi":"1 dakika"},"schema":{"@context":"https:\/\/schema.org","@graph":[{"@type":"Article","@id":"https:\/\/memurunsesi.net\/index.php\/2025\/07\/05\/caycumada-cop-yangini-ormana-sicradi-2-donum-arazi-zarar-gordu\/#article","isPartOf":{"@id":"https:\/\/memurunsesi.net\/index.php\/2025\/07\/05\/caycumada-cop-yangini-ormana-sicradi-2-donum-arazi-zarar-gordu\/"},"author":{"name":"Memurun Sesi Haber Merkezi","@id":"https:\/\/memurunsesi.net\/#\/schema\/person\/f21c2d73b89f6ee1d80b0a1803e38587"},"headline":"\u00c7aycuma&#8217;da \u00e7\u00f6p yang\u0131n\u0131 ormana s\u0131\u00e7rad\u0131, 2 d\u00f6n\u00fcm arazi zarar g\u00f6rd\u00fc","datePublished":"2025-07-05T17:57:39+00:00","mainEntityOfPage":{"@id":"https:\/\/memurunsesi.net\/index.php\/2025\/07\/05\/caycumada-cop-yangini-ormana-sicradi-2-donum-arazi-zarar-gordu\/"},"wordCount":157,"commentCount":0,"publisher":{"@id":"https:\/\/memurunsesi.net\/#organization"},"image":{"@id":"https:\/\/memurunsesi.net\/index.php\/2025\/07\/05\/caycumada-cop-yangini-ormana-sicradi-2-donum-arazi-zarar-gordu\/#primaryimage"},"thumbnailUrl":"https:\/\/memurunsesi.net\/wp-content\/uploads\/2025\/07\/AW491241_02.jpg","inLanguage":"tr","potentialAction":[{"@type":"CommentAction","name":"Comment","target":["https:\/\/memurunsesi.net\/index.php\/2025\/07\/05\/caycumada-cop-yangini-ormana-sicradi-2-donum-arazi-zarar-gordu\/#respond"]}]},{"@type":"WebPage","@id":"https:\/\/memurunsesi.net\/index.php\/2025\/07\/05\/caycumada-cop-yangini-ormana-sicradi-2-donum-arazi-zarar-gordu\/","url":"https:\/\/memurunsesi.net\/index.php\/2025\/07\/05\/caycumada-cop-yangini-ormana-sicradi-2-donum-arazi-zarar-gordu\/","name":"\u00c7aycuma'da \u00e7\u00f6p yang\u0131n\u0131 ormana s\u0131\u00e7rad\u0131, 2 d\u00f6n\u00fcm arazi zarar g\u00f6rd\u00fc - Memurun Sesi","isPartOf":{"@id":"https:\/\/memurunsesi.net\/#website"},"primaryImageOfPage":{"@id":"https:\/\/memurunsesi.net\/index.php\/2025\/07\/05\/caycumada-cop-yangini-ormana-sicradi-2-donum-arazi-zarar-gordu\/#primaryimage"},"image":{"@id":"https:\/\/memurunsesi.net\/index.php\/2025\/07\/05\/caycumada-cop-yangini-ormana-sicradi-2-donum-arazi-zarar-gordu\/#primaryimage"},"thumbnailUrl":"https:\/\/memurunsesi.net\/wp-content\/uploads\/2025\/07\/AW491241_02.jpg","datePublished":"2025-07-05T17:57:39+00:00","breadcrumb":{"@id":"https:\/\/memurunsesi.net\/index.php\/2025\/07\/05\/caycumada-cop-yangini-ormana-sicradi-2-donum-arazi-zarar-gordu\/#breadcrumb"},"inLanguage":"tr","potentialAction":[{"@type":"ReadAction","target":["https:\/\/memurunsesi.net\/index.php\/2025\/07\/05\/caycumada-cop-yangini-ormana-sicradi-2-donum-arazi-zarar-gordu\/"]}]},{"@type":"ImageObject","inLanguage":"tr","@id":"https:\/\/memurunsesi.net\/index.php\/2025\/07\/05\/caycumada-cop-yangini-ormana-sicradi-2-donum-arazi-zarar-gordu\/#primaryimage","url":"https:\/\/memurunsesi.net\/wp-content\/uploads\/2025\/07\/AW491241_02.jpg","contentUrl":"https:\/\/memurunsesi.net\/wp-content\/uploads\/2025\/07\/AW491241_02.jpg","width":945,"height":1534,"caption":"ZONGULDAK'IN \u00c7AYCUMA \u0130L\u00c7ES\u0130NDE MEYDANA GELEN OLAYDA, K\u0130ML\u0130\u011e\u0130 BEL\u0130RS\u0130Z K\u0130\u015e\u0130 VEYA K\u0130\u015e\u0130LER TARAFINDAN YAKILDI\u011eI \u00d6\u011eREN\u0130LEN \u00c7\u00d6PLER, R\u00dcZG\u00c2RINDA ETK\u0130S\u0130YLE ORMANLIK ALANA SI\u00c7RADI. YANGIN, KARAPINAR BELED\u0130YES\u0130'NE A\u0130T \u0130TFA\u0130YE EK\u0130PLER\u0130NCE KONTROL ALTINA ALINARAK S\u00d6ND\u00dcR\u00dcLD\u00dc. YAKLA\u015eIK 2 D\u00d6N\u00dcM ALAN YANGINDA ZARAR G\u00d6RD\u00dc. (\u00d6ZLEM KELEZO\u011eLU\/ZONGULDAK-\u0130HA) Zonguldak'\u0131n \u00c7aycuma il\u00e7esinde \u00e7\u00f6plerin kimli\u011fi belirsiz ki\u015filer taraf\u0131ndan yak\u0131lmas\u0131 sonucu \u00e7\u0131kan yang\u0131n, ormanl\u0131k alana s\u0131\u00e7rad\u0131. \u0130tfaiye ekiplerinin m\u00fcdahalesiyle s\u00f6nd\u00fcr\u00fclen yang\u0131nda yakla\u015f\u0131k 2 d\u00f6n\u00fcm alan zarar g\u00f6rd\u00fc."},{"@type":"BreadcrumbList","@id":"https:\/\/memurunsesi.net\/index.php\/2025\/07\/05\/caycumada-cop-yangini-ormana-sicradi-2-donum-arazi-zarar-gordu\/#breadcrumb","itemListElement":[{"@type":"ListItem","position":1,"name":"Anasayfa","item":"https:\/\/memurunsesi.net\/"},{"@type":"ListItem","position":2,"name":"\u00c7aycuma&#8217;da \u00e7\u00f6p yang\u0131n\u0131 ormana s\u0131\u00e7rad\u0131, 2 d\u00f6n\u00fcm arazi zarar g\u00f6rd\u00fc"}]},{"@type":"WebSite","@id":"https:\/\/memurunsesi.net\/#website","url":"https:\/\/memurunsesi.net\/","name":"Memurun Sesi","description":"G\u00fcncel ve Do\u011fru Haber","publisher":{"@id":"https:\/\/memurunsesi.net\/#organization"},"potentialAction":[{"@type":"SearchAction","target":{"@type":"EntryPoint","urlTemplate":"https:\/\/memurunsesi.net\/?s={search_term_string}"},"query-input":{"@type":"PropertyValueSpecification","valueRequired":true,"valueName":"search_term_string"}}],"inLanguage":"tr"},{"@type":"Organization","@id":"https:\/\/memurunsesi.net\/#organization","name":"Memurun Sesi","url":"https:\/\/memurunsesi.net\/","logo":{"@type":"ImageObject","inLanguage":"tr","@id":"https:\/\/memurunsesi.net\/#\/schema\/logo\/image\/","url":"https:\/\/memurunsesi.net\/wp-content\/uploads\/2025\/11\/cropped-MEMURUN-SESI.png","contentUrl":"https:\/\/memurunsesi.net\/wp-content\/uploads\/2025\/11\/cropped-MEMURUN-SESI.png","width":238,"height":57,"caption":"Memurun Sesi"},"image":{"@id":"https:\/\/memurunsesi.net\/#\/schema\/logo\/image\/"},"sameAs":["https:\/\/www.facebook.com\/unipersen\/?locale=tr_TR","https:\/\/x.com\/unipersen"]},{"@type":"Person","@id":"https:\/\/memurunsesi.net\/#\/schema\/person\/f21c2d73b89f6ee1d80b0a1803e38587","name":"Memurun Sesi Haber Merkezi","image":{"@type":"ImageObject","inLanguage":"tr","@id":"https:\/\/secure.gravatar.com\/avatar\/6cf0505f452ee753f485014986fab09a434671d2b919ee76fc541025c5876a70?s=96&d=mm&r=g","url":"https:\/\/secure.gravatar.com\/avatar\/6cf0505f452ee753f485014986fab09a434671d2b919ee76fc541025c5876a70?s=96&d=mm&r=g","contentUrl":"https:\/\/secure.gravatar.com\/avatar\/6cf0505f452ee753f485014986fab09a434671d2b919ee76fc541025c5876a70?s=96&d=mm&r=g","caption":"Memurun Sesi Haber Merkezi"},"sameAs":["https:\/\/memurunsesi.net"],"url":"https:\/\/memurunsesi.net\/index.php\/author\/uniper\/"}]}},"_links":{"self":[{"href":"https:\/\/memurunsesi.net\/index.php\/wp-json\/wp\/v2\/posts\/9022","targetHints":{"allow":["GET"]}}],"collection":[{"href":"https:\/\/memurunsesi.net\/index.php\/wp-json\/wp\/v2\/posts"}],"about":[{"href":"https:\/\/memurunsesi.net\/index.php\/wp-json\/wp\/v2\/types\/post"}],"author":[{"embeddable":true,"href":"https:\/\/memurunsesi.net\/index.php\/wp-json\/wp\/v2\/users\/1"}],"replies":[{"embeddable":true,"href":"https:\/\/memurunsesi.net\/index.php\/wp-json\/wp\/v2\/comments?post=9022"}],"version-history":[{"count":1,"href":"https:\/\/memurunsesi.net\/index.php\/wp-json\/wp\/v2\/posts\/9022\/revisions"}],"predecessor-version":[{"id":9024,"href":"https:\/\/memurunsesi.net\/index.php\/wp-json\/wp\/v2\/posts\/9022\/revisions\/9024"}],"wp:featuredmedia":[{"embeddable":true,"href":"https:\/\/memurunsesi.net\/index.php\/wp-json\/wp\/v2\/media\/9023"}],"wp:attachment":[{"href":"https:\/\/memurunsesi.net\/index.php\/wp-json\/wp\/v2\/media?parent=9022"}],"wp:term":[{"taxonomy":"category","embeddable":true,"href":"https:\/\/memurunsesi.net\/index.php\/wp-json\/wp\/v2\/categories?post=9022"},{"taxonomy":"post_tag","embeddable":true,"href":"https:\/\/memurunsesi.net\/index.php\/wp-json\/wp\/v2\/tags?post=9022"}],"curies":[{"name":"wp","href":"https:\/\/api.w.org\/{rel}","templated":true}]}}