{"id":9033,"date":"2025-07-06T19:59:50","date_gmt":"2025-07-06T16:59:50","guid":{"rendered":"https:\/\/memurunsesi.net\/?p=9033"},"modified":"2025-07-06T20:00:11","modified_gmt":"2025-07-06T17:00:11","slug":"9033","status":"publish","type":"post","link":"https:\/\/memurunsesi.net\/index.php\/2025\/07\/06\/9033\/","title":{"rendered":"Don geciktirdi ama \u00fcretim d\u00fc\u015fmedi, yaprakta hedef 2 milyar liral\u0131k gelir"},"content":{"rendered":"<p>   Tokat&#8217;\u0131n Erbaa il\u00e7esinde Narince ba\u011f yapra\u011f\u0131ndan bu sezon 2 milyar liral\u0131k gelir bekleniyor.<br \/>\nKendine has aromas\u0131, ince ve narin yap\u0131s\u0131yla dikkat \u00e7eken Erbaa yapra\u011f\u0131nda hasat devam ediyor. May\u0131s ay\u0131nda ba\u015flamas\u0131 gerekirken ya\u015fanan don sebebiyle 1 ay gecikmeli \u015fekilde ba\u015flayan hasatta bu sezon yakla\u015f\u0131k 2 milyar liral\u0131k gelir bekleniyor. Avrupa dahil \u00e7ok say\u0131da \u00fclkeye ihra\u00e7 edilen yaprakta don sebebiyle ciddi bir \u00fcretim d\u00fc\u015f\u00fc\u015f\u00fc meydana gelmese de \u00fcz\u00fcm \u00fcretiminde yakla\u015f\u0131k y\u00fczde 50&#8217;lik kay\u0131p ya\u015fanmas\u0131 bekleniyor. <\/p>\n<p>  &#8220;Dondan y\u00fczde 50 etkilenme s\u00f6z konusu&#8221;<br \/>\n  Yaprak hasat\u0131n\u0131n yakla\u015f\u0131k 1 ayl\u0131k gecikme ile ba\u015flamas\u0131na ra\u011fmen \u00fcretimde ciddi bir d\u00fc\u015f\u00fc\u015f olmad\u0131\u011f\u0131n\u0131 ifade eden Erbaa Belediye Ba\u015fkan\u0131 Ertu\u011frul Karag\u00f6l, &#8220;B\u00f6lgemizde ve \u00f6zellikle Erbaa&#8217;da \u00e7ift\u00e7imizin en \u00f6nemli ge\u00e7im kayna\u011f\u0131ndan birisi Erbaa Narince ba\u011f yapra\u011f\u0131 ve bizim co\u011frafi i\u015faretli \u00fcr\u00fcn\u00fcm\u00fcz. Dondan kaynakl\u0131 bir gecikme ya\u015fand\u0131 bu sene. \u00d6zellikle yaprak hasad\u0131nda bir d\u00fc\u015f\u00fc\u015f olabilir d\u00fc\u015f\u00fcncesi ger\u00e7ekle\u015fmi\u015fti ama g\u00f6rd\u00fc\u011f\u00fcm\u00fcz kadar\u0131yla ve \u00e7ift\u00e7ilerden ald\u0131\u011f\u0131m\u0131z bilgilerle yaprak hasad\u0131nda \u00e7ok ciddi bir d\u00fc\u015f\u00fc\u015f yok. \u0130n\u015fallah yine 2 milyar lira civar\u0131nda b\u00f6lgemize bir katk\u0131 sa\u011flayaca\u011f\u0131n\u0131 \u00f6ng\u00f6r\u00fcyoruz. Bunun yan\u0131 s\u0131ra narince ba\u011f yapra\u011f\u0131 ile beraber \u00fcz\u00fcm de \u00f6nemliydi. \u00dcz\u00fcmde birazc\u0131k d\u00fc\u015f\u00fc\u015f var bu sene. Yakla\u015f\u0131k y\u00fczde 50 civar\u0131nda dondan kaynakl\u0131 bir etkilenme s\u00f6z konusu. \u0130n\u015fallah tad\u0131 tescillenmi\u015f, co\u011frafi i\u015fareti al\u0131nm\u0131\u015f bu \u00fcr\u00fcn\u00fcm\u00fcz\u00fcn yine b\u00f6lgemize, Erbaa&#8217;m\u0131za 2 milyar\u0131n \u00fczerinde bir girdi sa\u011flayaca\u011f\u0131n\u0131 d\u00fc\u015f\u00fcn\u00fcyoruz. T\u00fcrkiye&#8217;nin her b\u00f6lgesine, d\u00fcnyan\u0131n en \u00fccra k\u00f6\u015fesine, \u00f6zellikle Avrupa&#8217;ya yapra\u011f\u0131m\u0131z\u0131 biz ihra\u00e7 edece\u011fiz. \u00c7ift\u00e7ilerimizi de uyarmak istiyoruz. \u00d6zellikle yurt d\u0131\u015f\u0131na giden \u00fcr\u00fcnlerde kal\u0131nt\u0131 \u00e7\u0131kmamas\u0131n\u0131 istiyorsak zaman\u0131nda ve beklenmesi gereken s\u00fcreyi de g\u00f6z \u00f6n\u00fcne alarak \u00fcr\u00fcn\u00fcm\u00fcz\u00fcn katma de\u011ferini artt\u0131rmaya y\u00f6nelik \u00e7al\u0131\u015fmalar\u0131m\u0131za dikkat edelim. Buradan \u00e7ift\u00e7ilerimizi de uyarmak istiyorum. \u00c7ift\u00e7ilerimizin bereketli, bol kazan\u00e7l\u0131 bir sezon ge\u00e7irmesini diliyoruz&#8221; dedi. <\/p>\n<p>6.07.2025                                 <\/p>\n","protected":false},"excerpt":{"rendered":"<p>Tokat&#8217;\u0131n Erbaa il\u00e7esinde Narince ba\u011f yapra\u011f\u0131ndan bu sezon 2 milyar liral\u0131k gelir bekleniyor. Kendine has aromas\u0131, ince ve narin yap\u0131s\u0131yla dikkat \u00e7eken Erbaa yapra\u011f\u0131nda hasat devam ediyor. May\u0131s ay\u0131nda ba\u015flamas\u0131 gerekirken ya\u015fanan don sebebiyle 1 ay gecikmeli \u015fekilde ba\u015flayan hasatta bu sezon yakla\u015f\u0131k 2 milyar liral\u0131k gelir bekleniyor. Avrupa dahil \u00e7ok say\u0131da \u00fclkeye ihra\u00e7 edilen [&hellip;]<\/p>\n","protected":false},"author":1,"featured_media":9034,"comment_status":"open","ping_status":"open","sticky":false,"template":"","format":"standard","meta":{"footnotes":""},"categories":[50],"tags":[],"class_list":["post-9033","post","type-post","status-publish","format-standard","has-post-thumbnail","hentry","category-tum-haberler"],"yoast_head":"<!-- This site is optimized with the Yoast SEO plugin v27.4 - https:\/\/yoast.com\/product\/yoast-seo-wordpress\/ -->\n<title>Don geciktirdi ama \u00fcretim d\u00fc\u015fmedi, yaprakta hedef 2 milyar liral\u0131k gelir - Memurun Sesi<\/title>\n<meta name=\"robots\" content=\"index, follow, max-snippet:-1, max-image-preview:large, max-video-preview:-1\" \/>\n<link rel=\"canonical\" href=\"https:\/\/memurunsesi.net\/index.php\/2025\/07\/06\/9033\/\" \/>\n<meta property=\"og:locale\" content=\"tr_TR\" \/>\n<meta property=\"og:type\" content=\"article\" \/>\n<meta property=\"og:title\" content=\"Don geciktirdi ama \u00fcretim d\u00fc\u015fmedi, yaprakta hedef 2 milyar liral\u0131k gelir - Memurun Sesi\" \/>\n<meta property=\"og:description\" content=\"Tokat&#8217;\u0131n Erbaa il\u00e7esinde Narince ba\u011f yapra\u011f\u0131ndan bu sezon 2 milyar liral\u0131k gelir bekleniyor. Kendine has aromas\u0131, ince ve narin yap\u0131s\u0131yla dikkat \u00e7eken Erbaa yapra\u011f\u0131nda hasat devam ediyor. May\u0131s ay\u0131nda ba\u015flamas\u0131 gerekirken ya\u015fanan don sebebiyle 1 ay gecikmeli \u015fekilde ba\u015flayan hasatta bu sezon yakla\u015f\u0131k 2 milyar liral\u0131k gelir bekleniyor. Avrupa dahil \u00e7ok say\u0131da \u00fclkeye ihra\u00e7 edilen [&hellip;]\" \/>\n<meta property=\"og:url\" content=\"https:\/\/memurunsesi.net\/index.php\/2025\/07\/06\/9033\/\" \/>\n<meta property=\"og:site_name\" content=\"Memurun Sesi\" \/>\n<meta property=\"article:publisher\" content=\"https:\/\/www.facebook.com\/unipersen\/?locale=tr_TR\" \/>\n<meta property=\"article:published_time\" content=\"2025-07-06T16:59:50+00:00\" \/>\n<meta property=\"article:modified_time\" content=\"2025-07-06T17:00:11+00:00\" \/>\n<meta property=\"og:image\" content=\"https:\/\/memurunsesi.net\/wp-content\/uploads\/2025\/07\/AW491511_01-scaled.jpg\" \/>\n\t<meta property=\"og:image:width\" content=\"2560\" \/>\n\t<meta property=\"og:image:height\" content=\"1707\" \/>\n\t<meta property=\"og:image:type\" content=\"image\/jpeg\" \/>\n<meta name=\"author\" content=\"Memurun Sesi Haber Merkezi\" \/>\n<meta name=\"twitter:card\" content=\"summary_large_image\" \/>\n<meta name=\"twitter:creator\" content=\"@unipersen\" \/>\n<meta name=\"twitter:site\" content=\"@unipersen\" \/>\n<meta name=\"twitter:label1\" content=\"Yazan:\" \/>\n\t<meta name=\"twitter:data1\" content=\"Memurun Sesi Haber Merkezi\" \/>\n\t<meta name=\"twitter:label2\" content=\"Tahmini okuma s\u00fcresi\" \/>\n\t<meta name=\"twitter:data2\" content=\"2 dakika\" \/>\n<script type=\"application\/ld+json\" class=\"yoast-schema-graph\">{\"@context\":\"https:\\\/\\\/schema.org\",\"@graph\":[{\"@type\":\"Article\",\"@id\":\"https:\\\/\\\/memurunsesi.net\\\/index.php\\\/2025\\\/07\\\/06\\\/9033\\\/#article\",\"isPartOf\":{\"@id\":\"https:\\\/\\\/memurunsesi.net\\\/index.php\\\/2025\\\/07\\\/06\\\/9033\\\/\"},\"author\":{\"name\":\"Memurun Sesi Haber Merkezi\",\"@id\":\"https:\\\/\\\/memurunsesi.net\\\/#\\\/schema\\\/person\\\/f21c2d73b89f6ee1d80b0a1803e38587\"},\"headline\":\"Don geciktirdi ama \u00fcretim d\u00fc\u015fmedi, yaprakta hedef 2 milyar liral\u0131k gelir\",\"datePublished\":\"2025-07-06T16:59:50+00:00\",\"dateModified\":\"2025-07-06T17:00:11+00:00\",\"mainEntityOfPage\":{\"@id\":\"https:\\\/\\\/memurunsesi.net\\\/index.php\\\/2025\\\/07\\\/06\\\/9033\\\/\"},\"wordCount\":385,\"commentCount\":0,\"publisher\":{\"@id\":\"https:\\\/\\\/memurunsesi.net\\\/#organization\"},\"image\":{\"@id\":\"https:\\\/\\\/memurunsesi.net\\\/index.php\\\/2025\\\/07\\\/06\\\/9033\\\/#primaryimage\"},\"thumbnailUrl\":\"https:\\\/\\\/memurunsesi.net\\\/wp-content\\\/uploads\\\/2025\\\/07\\\/AW491511_01-scaled.jpg\",\"articleSection\":[\"T\u00fcm Haberler\"],\"inLanguage\":\"tr\",\"potentialAction\":[{\"@type\":\"CommentAction\",\"name\":\"Comment\",\"target\":[\"https:\\\/\\\/memurunsesi.net\\\/index.php\\\/2025\\\/07\\\/06\\\/9033\\\/#respond\"]}]},{\"@type\":\"WebPage\",\"@id\":\"https:\\\/\\\/memurunsesi.net\\\/index.php\\\/2025\\\/07\\\/06\\\/9033\\\/\",\"url\":\"https:\\\/\\\/memurunsesi.net\\\/index.php\\\/2025\\\/07\\\/06\\\/9033\\\/\",\"name\":\"Don geciktirdi ama \u00fcretim d\u00fc\u015fmedi, yaprakta hedef 2 milyar liral\u0131k gelir - Memurun Sesi\",\"isPartOf\":{\"@id\":\"https:\\\/\\\/memurunsesi.net\\\/#website\"},\"primaryImageOfPage\":{\"@id\":\"https:\\\/\\\/memurunsesi.net\\\/index.php\\\/2025\\\/07\\\/06\\\/9033\\\/#primaryimage\"},\"image\":{\"@id\":\"https:\\\/\\\/memurunsesi.net\\\/index.php\\\/2025\\\/07\\\/06\\\/9033\\\/#primaryimage\"},\"thumbnailUrl\":\"https:\\\/\\\/memurunsesi.net\\\/wp-content\\\/uploads\\\/2025\\\/07\\\/AW491511_01-scaled.jpg\",\"datePublished\":\"2025-07-06T16:59:50+00:00\",\"dateModified\":\"2025-07-06T17:00:11+00:00\",\"breadcrumb\":{\"@id\":\"https:\\\/\\\/memurunsesi.net\\\/index.php\\\/2025\\\/07\\\/06\\\/9033\\\/#breadcrumb\"},\"inLanguage\":\"tr\",\"potentialAction\":[{\"@type\":\"ReadAction\",\"target\":[\"https:\\\/\\\/memurunsesi.net\\\/index.php\\\/2025\\\/07\\\/06\\\/9033\\\/\"]}]},{\"@type\":\"ImageObject\",\"inLanguage\":\"tr\",\"@id\":\"https:\\\/\\\/memurunsesi.net\\\/index.php\\\/2025\\\/07\\\/06\\\/9033\\\/#primaryimage\",\"url\":\"https:\\\/\\\/memurunsesi.net\\\/wp-content\\\/uploads\\\/2025\\\/07\\\/AW491511_01-scaled.jpg\",\"contentUrl\":\"https:\\\/\\\/memurunsesi.net\\\/wp-content\\\/uploads\\\/2025\\\/07\\\/AW491511_01-scaled.jpg\",\"width\":2560,\"height\":1707,\"caption\":\"ERBAA BELED\u0130YE BA\u015eKANI ERTU\u011eRUL KARAG\u00d6L (YAS\u0130N KIRAS\\\/TOKAT-\u0130HA) Tokat'\u0131n Erbaa il\u00e7esinde Narince ba\u011f yapra\u011f\u0131ndan bu sezon 2 milyar liral\u0131k gelir bekleniyor.\"},{\"@type\":\"BreadcrumbList\",\"@id\":\"https:\\\/\\\/memurunsesi.net\\\/index.php\\\/2025\\\/07\\\/06\\\/9033\\\/#breadcrumb\",\"itemListElement\":[{\"@type\":\"ListItem\",\"position\":1,\"name\":\"Anasayfa\",\"item\":\"https:\\\/\\\/memurunsesi.net\\\/\"},{\"@type\":\"ListItem\",\"position\":2,\"name\":\"Don geciktirdi ama \u00fcretim d\u00fc\u015fmedi, yaprakta hedef 2 milyar liral\u0131k gelir\"}]},{\"@type\":\"WebSite\",\"@id\":\"https:\\\/\\\/memurunsesi.net\\\/#website\",\"url\":\"https:\\\/\\\/memurunsesi.net\\\/\",\"name\":\"Memurun Sesi\",\"description\":\"G\u00fcncel ve Do\u011fru Haber\",\"publisher\":{\"@id\":\"https:\\\/\\\/memurunsesi.net\\\/#organization\"},\"potentialAction\":[{\"@type\":\"SearchAction\",\"target\":{\"@type\":\"EntryPoint\",\"urlTemplate\":\"https:\\\/\\\/memurunsesi.net\\\/?s={search_term_string}\"},\"query-input\":{\"@type\":\"PropertyValueSpecification\",\"valueRequired\":true,\"valueName\":\"search_term_string\"}}],\"inLanguage\":\"tr\"},{\"@type\":\"Organization\",\"@id\":\"https:\\\/\\\/memurunsesi.net\\\/#organization\",\"name\":\"Memurun Sesi\",\"url\":\"https:\\\/\\\/memurunsesi.net\\\/\",\"logo\":{\"@type\":\"ImageObject\",\"inLanguage\":\"tr\",\"@id\":\"https:\\\/\\\/memurunsesi.net\\\/#\\\/schema\\\/logo\\\/image\\\/\",\"url\":\"https:\\\/\\\/memurunsesi.net\\\/wp-content\\\/uploads\\\/2025\\\/11\\\/cropped-MEMURUN-SESI.png\",\"contentUrl\":\"https:\\\/\\\/memurunsesi.net\\\/wp-content\\\/uploads\\\/2025\\\/11\\\/cropped-MEMURUN-SESI.png\",\"width\":238,\"height\":57,\"caption\":\"Memurun Sesi\"},\"image\":{\"@id\":\"https:\\\/\\\/memurunsesi.net\\\/#\\\/schema\\\/logo\\\/image\\\/\"},\"sameAs\":[\"https:\\\/\\\/www.facebook.com\\\/unipersen\\\/?locale=tr_TR\",\"https:\\\/\\\/x.com\\\/unipersen\"]},{\"@type\":\"Person\",\"@id\":\"https:\\\/\\\/memurunsesi.net\\\/#\\\/schema\\\/person\\\/f21c2d73b89f6ee1d80b0a1803e38587\",\"name\":\"Memurun Sesi Haber Merkezi\",\"image\":{\"@type\":\"ImageObject\",\"inLanguage\":\"tr\",\"@id\":\"https:\\\/\\\/secure.gravatar.com\\\/avatar\\\/6cf0505f452ee753f485014986fab09a434671d2b919ee76fc541025c5876a70?s=96&d=mm&r=g\",\"url\":\"https:\\\/\\\/secure.gravatar.com\\\/avatar\\\/6cf0505f452ee753f485014986fab09a434671d2b919ee76fc541025c5876a70?s=96&d=mm&r=g\",\"contentUrl\":\"https:\\\/\\\/secure.gravatar.com\\\/avatar\\\/6cf0505f452ee753f485014986fab09a434671d2b919ee76fc541025c5876a70?s=96&d=mm&r=g\",\"caption\":\"Memurun Sesi Haber Merkezi\"},\"sameAs\":[\"https:\\\/\\\/memurunsesi.net\"],\"url\":\"https:\\\/\\\/memurunsesi.net\\\/index.php\\\/author\\\/uniper\\\/\"}]}<\/script>\n<!-- \/ Yoast SEO plugin. -->","yoast_head_json":{"title":"Don geciktirdi ama \u00fcretim d\u00fc\u015fmedi, yaprakta hedef 2 milyar liral\u0131k gelir - Memurun Sesi","robots":{"index":"index","follow":"follow","max-snippet":"max-snippet:-1","max-image-preview":"max-image-preview:large","max-video-preview":"max-video-preview:-1"},"canonical":"https:\/\/memurunsesi.net\/index.php\/2025\/07\/06\/9033\/","og_locale":"tr_TR","og_type":"article","og_title":"Don geciktirdi ama \u00fcretim d\u00fc\u015fmedi, yaprakta hedef 2 milyar liral\u0131k gelir - Memurun Sesi","og_description":"Tokat&#8217;\u0131n Erbaa il\u00e7esinde Narince ba\u011f yapra\u011f\u0131ndan bu sezon 2 milyar liral\u0131k gelir bekleniyor. Kendine has aromas\u0131, ince ve narin yap\u0131s\u0131yla dikkat \u00e7eken Erbaa yapra\u011f\u0131nda hasat devam ediyor. May\u0131s ay\u0131nda ba\u015flamas\u0131 gerekirken ya\u015fanan don sebebiyle 1 ay gecikmeli \u015fekilde ba\u015flayan hasatta bu sezon yakla\u015f\u0131k 2 milyar liral\u0131k gelir bekleniyor. Avrupa dahil \u00e7ok say\u0131da \u00fclkeye ihra\u00e7 edilen [&hellip;]","og_url":"https:\/\/memurunsesi.net\/index.php\/2025\/07\/06\/9033\/","og_site_name":"Memurun Sesi","article_publisher":"https:\/\/www.facebook.com\/unipersen\/?locale=tr_TR","article_published_time":"2025-07-06T16:59:50+00:00","article_modified_time":"2025-07-06T17:00:11+00:00","og_image":[{"width":2560,"height":1707,"url":"https:\/\/memurunsesi.net\/wp-content\/uploads\/2025\/07\/AW491511_01-scaled.jpg","type":"image\/jpeg"}],"author":"Memurun Sesi Haber Merkezi","twitter_card":"summary_large_image","twitter_creator":"@unipersen","twitter_site":"@unipersen","twitter_misc":{"Yazan:":"Memurun Sesi Haber Merkezi","Tahmini okuma s\u00fcresi":"2 dakika"},"schema":{"@context":"https:\/\/schema.org","@graph":[{"@type":"Article","@id":"https:\/\/memurunsesi.net\/index.php\/2025\/07\/06\/9033\/#article","isPartOf":{"@id":"https:\/\/memurunsesi.net\/index.php\/2025\/07\/06\/9033\/"},"author":{"name":"Memurun Sesi Haber Merkezi","@id":"https:\/\/memurunsesi.net\/#\/schema\/person\/f21c2d73b89f6ee1d80b0a1803e38587"},"headline":"Don geciktirdi ama \u00fcretim d\u00fc\u015fmedi, yaprakta hedef 2 milyar liral\u0131k gelir","datePublished":"2025-07-06T16:59:50+00:00","dateModified":"2025-07-06T17:00:11+00:00","mainEntityOfPage":{"@id":"https:\/\/memurunsesi.net\/index.php\/2025\/07\/06\/9033\/"},"wordCount":385,"commentCount":0,"publisher":{"@id":"https:\/\/memurunsesi.net\/#organization"},"image":{"@id":"https:\/\/memurunsesi.net\/index.php\/2025\/07\/06\/9033\/#primaryimage"},"thumbnailUrl":"https:\/\/memurunsesi.net\/wp-content\/uploads\/2025\/07\/AW491511_01-scaled.jpg","articleSection":["T\u00fcm Haberler"],"inLanguage":"tr","potentialAction":[{"@type":"CommentAction","name":"Comment","target":["https:\/\/memurunsesi.net\/index.php\/2025\/07\/06\/9033\/#respond"]}]},{"@type":"WebPage","@id":"https:\/\/memurunsesi.net\/index.php\/2025\/07\/06\/9033\/","url":"https:\/\/memurunsesi.net\/index.php\/2025\/07\/06\/9033\/","name":"Don geciktirdi ama \u00fcretim d\u00fc\u015fmedi, yaprakta hedef 2 milyar liral\u0131k gelir - Memurun Sesi","isPartOf":{"@id":"https:\/\/memurunsesi.net\/#website"},"primaryImageOfPage":{"@id":"https:\/\/memurunsesi.net\/index.php\/2025\/07\/06\/9033\/#primaryimage"},"image":{"@id":"https:\/\/memurunsesi.net\/index.php\/2025\/07\/06\/9033\/#primaryimage"},"thumbnailUrl":"https:\/\/memurunsesi.net\/wp-content\/uploads\/2025\/07\/AW491511_01-scaled.jpg","datePublished":"2025-07-06T16:59:50+00:00","dateModified":"2025-07-06T17:00:11+00:00","breadcrumb":{"@id":"https:\/\/memurunsesi.net\/index.php\/2025\/07\/06\/9033\/#breadcrumb"},"inLanguage":"tr","potentialAction":[{"@type":"ReadAction","target":["https:\/\/memurunsesi.net\/index.php\/2025\/07\/06\/9033\/"]}]},{"@type":"ImageObject","inLanguage":"tr","@id":"https:\/\/memurunsesi.net\/index.php\/2025\/07\/06\/9033\/#primaryimage","url":"https:\/\/memurunsesi.net\/wp-content\/uploads\/2025\/07\/AW491511_01-scaled.jpg","contentUrl":"https:\/\/memurunsesi.net\/wp-content\/uploads\/2025\/07\/AW491511_01-scaled.jpg","width":2560,"height":1707,"caption":"ERBAA BELED\u0130YE BA\u015eKANI ERTU\u011eRUL KARAG\u00d6L (YAS\u0130N KIRAS\/TOKAT-\u0130HA) Tokat'\u0131n Erbaa il\u00e7esinde Narince ba\u011f yapra\u011f\u0131ndan bu sezon 2 milyar liral\u0131k gelir bekleniyor."},{"@type":"BreadcrumbList","@id":"https:\/\/memurunsesi.net\/index.php\/2025\/07\/06\/9033\/#breadcrumb","itemListElement":[{"@type":"ListItem","position":1,"name":"Anasayfa","item":"https:\/\/memurunsesi.net\/"},{"@type":"ListItem","position":2,"name":"Don geciktirdi ama \u00fcretim d\u00fc\u015fmedi, yaprakta hedef 2 milyar liral\u0131k gelir"}]},{"@type":"WebSite","@id":"https:\/\/memurunsesi.net\/#website","url":"https:\/\/memurunsesi.net\/","name":"Memurun Sesi","description":"G\u00fcncel ve Do\u011fru Haber","publisher":{"@id":"https:\/\/memurunsesi.net\/#organization"},"potentialAction":[{"@type":"SearchAction","target":{"@type":"EntryPoint","urlTemplate":"https:\/\/memurunsesi.net\/?s={search_term_string}"},"query-input":{"@type":"PropertyValueSpecification","valueRequired":true,"valueName":"search_term_string"}}],"inLanguage":"tr"},{"@type":"Organization","@id":"https:\/\/memurunsesi.net\/#organization","name":"Memurun Sesi","url":"https:\/\/memurunsesi.net\/","logo":{"@type":"ImageObject","inLanguage":"tr","@id":"https:\/\/memurunsesi.net\/#\/schema\/logo\/image\/","url":"https:\/\/memurunsesi.net\/wp-content\/uploads\/2025\/11\/cropped-MEMURUN-SESI.png","contentUrl":"https:\/\/memurunsesi.net\/wp-content\/uploads\/2025\/11\/cropped-MEMURUN-SESI.png","width":238,"height":57,"caption":"Memurun Sesi"},"image":{"@id":"https:\/\/memurunsesi.net\/#\/schema\/logo\/image\/"},"sameAs":["https:\/\/www.facebook.com\/unipersen\/?locale=tr_TR","https:\/\/x.com\/unipersen"]},{"@type":"Person","@id":"https:\/\/memurunsesi.net\/#\/schema\/person\/f21c2d73b89f6ee1d80b0a1803e38587","name":"Memurun Sesi Haber Merkezi","image":{"@type":"ImageObject","inLanguage":"tr","@id":"https:\/\/secure.gravatar.com\/avatar\/6cf0505f452ee753f485014986fab09a434671d2b919ee76fc541025c5876a70?s=96&d=mm&r=g","url":"https:\/\/secure.gravatar.com\/avatar\/6cf0505f452ee753f485014986fab09a434671d2b919ee76fc541025c5876a70?s=96&d=mm&r=g","contentUrl":"https:\/\/secure.gravatar.com\/avatar\/6cf0505f452ee753f485014986fab09a434671d2b919ee76fc541025c5876a70?s=96&d=mm&r=g","caption":"Memurun Sesi Haber Merkezi"},"sameAs":["https:\/\/memurunsesi.net"],"url":"https:\/\/memurunsesi.net\/index.php\/author\/uniper\/"}]}},"_links":{"self":[{"href":"https:\/\/memurunsesi.net\/index.php\/wp-json\/wp\/v2\/posts\/9033","targetHints":{"allow":["GET"]}}],"collection":[{"href":"https:\/\/memurunsesi.net\/index.php\/wp-json\/wp\/v2\/posts"}],"about":[{"href":"https:\/\/memurunsesi.net\/index.php\/wp-json\/wp\/v2\/types\/post"}],"author":[{"embeddable":true,"href":"https:\/\/memurunsesi.net\/index.php\/wp-json\/wp\/v2\/users\/1"}],"replies":[{"embeddable":true,"href":"https:\/\/memurunsesi.net\/index.php\/wp-json\/wp\/v2\/comments?post=9033"}],"version-history":[{"count":2,"href":"https:\/\/memurunsesi.net\/index.php\/wp-json\/wp\/v2\/posts\/9033\/revisions"}],"predecessor-version":[{"id":9036,"href":"https:\/\/memurunsesi.net\/index.php\/wp-json\/wp\/v2\/posts\/9033\/revisions\/9036"}],"wp:featuredmedia":[{"embeddable":true,"href":"https:\/\/memurunsesi.net\/index.php\/wp-json\/wp\/v2\/media\/9034"}],"wp:attachment":[{"href":"https:\/\/memurunsesi.net\/index.php\/wp-json\/wp\/v2\/media?parent=9033"}],"wp:term":[{"taxonomy":"category","embeddable":true,"href":"https:\/\/memurunsesi.net\/index.php\/wp-json\/wp\/v2\/categories?post=9033"},{"taxonomy":"post_tag","embeddable":true,"href":"https:\/\/memurunsesi.net\/index.php\/wp-json\/wp\/v2\/tags?post=9033"}],"curies":[{"name":"wp","href":"https:\/\/api.w.org\/{rel}","templated":true}]}}